{"id":4807,"date":"2016-01-25T00:00:00","date_gmt":"2016-01-24T23:00:00","guid":{"rendered":"https:\/\/lightweb.dev\/l\/svm-temp\/res-och-vandra-till-camino-santiago-8-till-15-april\/"},"modified":"2016-01-25T00:00:00","modified_gmt":"2016-01-24T23:00:00","slug":"res-och-vandra-till-camino-santiago-8-till-15-april","status":"publish","type":"post","link":"https:\/\/lightweb.dev\/l\/svm-temp\/artiklar\/res-och-vandra-till-camino-santiago-8-till-15-april\/","title":{"rendered":"Res och vandra till Camino Santiago 8 till 15 april"},"content":{"rendered":"<p> De popul\u00e4ra vandringarna forts\u00e4tter i \u00e5r med den franska leden som b\u00f6rjar i Roncesvalles i Pyren\u00e9erna (80 mil fr\u00e5n Santiago de Compostela). F\u00f6r m\u00e5nga k\u00e4nns vandringen som en utmaning och ett stort \u00e4ventyr och m\u00f6ten med andra m\u00e4nniskor och kulturer. Text och program och med p\u00e5 resan: Siv B. Ling<\/p>\n<p>P\u00e5 pilgrimsv\u00e4garna blev det uppf\u00f6rt ett stort antal vackra byggnader i romansk stil, kyrkor, kloster, h\u00e4rb\u00e4rgen och sjukhus som hj\u00e4lp till de m\u00e5nga pilgrimer under deras l\u00e5nga och besv\u00e4rliga v\u00e4g till aposteln Jakobs grav.<br \/>\nKristenhetens tre fr\u00e4msta pilgrimsm\u00e5l \u00e4r Sankt Jakobs grav, det Heliga Landet och Rom. Under medeltiden var pilgrimsf\u00e4rden till Sankt Jakobs grav Europas viktigaste kulturella resv\u00e4g. Den \u00e4r som den enda resv\u00e4gen i v\u00e4rlden upptagen p\u00e5 Unescos lista \u00f6ver monument och platser av s\u00e4rskild kulturell betydelse.<br \/>\nTill aposteln Jakobs grav vallf\u00e4rdade helige Franciskus av Assissi, heliga Birgitta fr\u00e5n Sverige, hennes make Ulf Gudmarsson och hennes far, lagmannen Birger Persson.<br \/>\nP\u00e5 v\u00e5r pilgrimsresa \u00e5ker vi bekv\u00e4mt vissa str\u00e4ckor i buss. Bagaget ligger kvar d\u00e5 vi vandrar. Om n\u00e5gon blir tr\u00f6tt under vandringen finns det m\u00f6jlighet att forts\u00e4tta med bussen. Vi \u00f6vernattar p\u00e5 hotell d\u00e4r vi har frukost och middag. Denna resa kan b\u00f6rja i M\u00e1laga eller Madrid.<\/p>\n<p>Dag 1, fredag 8 april, M\u00e1laga-Madrid-Roncesvalles<br \/>\nSamling vid utg\u00e5ngen till t\u00e5gen p\u00e5 M\u00e1lagas t\u00e5gstation Maria Zambrano klockan 7 f\u00f6r att \u00e5ka med AVE-t\u00e5get till Madrid som g\u00e5r klockan 8. Vid framkomsten till Madrid \u00e5ker vi vidare med buss till Roncesvalles d\u00e4r vi kan n\u00e4rvara p\u00e5 Pilgrimsm\u00e4ssan klockan 18. Middag och \u00f6vernattning.<\/p>\n<p>Dag 2, l\u00f6rdag 9 april, Roncesvalles-Pamplona (47 km)<br \/>\nEfter frukost vandrar vi fr\u00e5n Roncesvalles till Espinal 6,8 km, d\u00e4refter \u00e5ker vi buss till Alto de Erro f\u00f6r att vandra ytterligare 3,5 km till Zubiri. H\u00e4r g\u00f6r vi g\u00f6r uppeh\u00e5ll f\u00f6r lunch (ej inklud). Efter lunchen forts\u00e4tter vi med buss till Pamplona d\u00e4r vi har tid att g\u00f6ra en promenad i centrum utmed gator d\u00e4r de tjurrusningarna h\u00e5lls under San Fermin i juli. Middag och \u00f6vernattning p\u00e5 centralt bel\u00e4gna hotell Maisonnave 3***<\/p>\n<p>Dag 3, s\u00f6ndag 10 april, Pamplona-Estella-Burgos (211 km)<br \/>\nEfter frukost p\u00e5 hotellet \u00e5ker vi buss till Alto Perdon d\u00e4r vi beundrar den fantastiska utsikten innan vi forts\u00e4tter med bussen till Yrtega d\u00e4r vi b\u00f6rjar dagens vandring och g\u00e5r 2,8 km till Muruzabal, vidare 1,8 km till Obanos och ytterligare 2,3 km innan vi kommer fram till Puente de la Reina. Sammanlagt har vi d\u00e5 g\u00e5tt 6,9 km. I Puente de la Reina g\u00f6r vi en kort paus innan vi forts\u00e4tter vandringen till Ma\u00f1ero, 4,9 km. D\u00e4r v\u00e4ntar bussen och vi \u00e5ker till Estella d\u00e4r vi g\u00f6r uppeh\u00e5ll f\u00f6r lunch (ej inkl). Efter lunch \u00e5ker vi buss till Burgos. Middag och \u00f6vernattning p\u00e5 centralt bel\u00e4gna hotell Almirante Bonifaz  4**** i Burgos.<\/p>\n<p>Dag 4, m\u00e5ndag 11 april, Burgos-Astorga (222 km)<br \/>\nEfter frukost p\u00e5 hotellet \u00e5ker vi buss till Fromista. H\u00e4r b\u00f6rjar vi vandringen mot Poblaci\u00f3n de Campos 3,8 km. D\u00e4rifr\u00e5n forts\u00e4tter vi vandringen till Revenga de Campos 3,7 km, Villamentero de Campos 2 km, Villac\u00e1zar de Sirga 4 km, totalt 13,5 km. Vandringen kan avkortas f\u00f6r dem som vill stiga upp i bussen p\u00e5 n\u00e5gon av de n\u00e4mnda platserna. Fr\u00e5n Villac\u00e1zar de Sirga \u00e5ker vi buss till Carri\u00f3n de los Condes, h\u00e4r g\u00f6r vi uppeh\u00e5ll f\u00f6r lunch (ej inklud) p\u00e5 en av de restauranger som har pilgrimsmenyer.<br \/>\nEfter lunch forts\u00e4tter vi med buss till Le\u00f3n d\u00e4r vi har fri tid att bes\u00f6ka den vackra katedralen som \u00e4r ett under i fransk gotik innan vi forts\u00e4tter till Astorga som ligger vid den gamla romarv\u00e4gen som f\u00f6rband Andalusien med nordv\u00e4stra Spanien. Pilgrimsv\u00e4gen till Santiago de Compostela kom senare att g\u00e5 h\u00e4r. Middag och \u00f6vernattning p\u00e5 hotell Via de la Plata 4****  i Astorga.<\/p>\n<p>Dag 5, tisdag 12 april, Astorga-Sarria (178 km)<br \/>\nVi \u00e4ter frukost p\u00e5 hotellet och beundrar katedralen som b\u00f6rjade byggas p\u00e5 1400-talet och det vackra Palacio Episcopal som ligger mitt emot kyrkan innan vi \u00e5ker buss till Foncelabon d\u00e4r vi b\u00f6rjar vandringen 1,9 km till La Cruz de Hierro som \u00e4r den h\u00f6gsta punkten under v\u00e4gen, 1.483 meter, och kanske ocks\u00e5 den vackraste str\u00e4ckan. Vi g\u00e5r 15 km till Molina Seca d\u00e4r vi g\u00f6r uppeh\u00e5ll f\u00f6r lunch (ej inklud). Efter lunch \u00e5ker vi buss till Sarria.<br \/>\nMiddag och \u00f6vernattning p\u00e5 hotell Oca Villa Sarria 2**<br \/>\n  Dag 6, onsdag 13 april, Sarria.Monte do Gozo-Santiago (144)<br \/>\nEfter frukost p\u00e5 hotellet \u00e5ker vi buss till Melide d\u00e4r vi startar vandringen till Boente 5,6 km, vidare till Casta\u00f1eda 2,2 km och till Ribadiso Da Baixo 3,1 km. D\u00e4rifr\u00e5n \u00e5ker vi buss till Monte do Gozo d\u00e4r vi kan vi se Santiago de Compostela som ligger 4,5 km d\u00e4rifr\u00e5n. Nu kan man v\u00e4lja om man vill vandra de 4,5 km till hotellet eller \u00e5ka med bussen.<br \/>\nMiddag p\u00e5 restaurang (ing\u00e5r) och \u00f6vernattning p\u00e5 hotell Gelmirez 3 ***<\/p>\n<p>Dag 7, torsdag 14 april, Santiago-Finisterre-Santiago<br \/>\nEfter frukost p\u00e5 hotellet \u00e5ker vi med bussen till Finisterre med en vandring p\u00e5 4 km till fyren, Cabo Fisterra \u201dd\u00e4r landet slutar\u201d. Vandring eller buss 4 km tillbaka till Finisterre d\u00e4r vi kan \u00e4ta Mariscada (skaldjur) lunch, (ing\u00e5r ej). Efter lunchen \u00e5ker vi tillbaka till Santiago. Middag p\u00e5 egen hand, \u00f6vernattning p\u00e5 hotell Gelmirez 3 ***<\/p>\n<p>Dag 8, fredag 15 april, Santiago-Benavente-Madrid-M\u00e1laga<br \/>\nEfter frukost p\u00e5 hotellet l\u00e4mnar vi Santiago och \u00e5ker mot Madrid, under v\u00e4gen g\u00f6r vi uppeh\u00e5ll i Benavente f\u00f6r lunch (ing\u00e5r). Vi tar AVE-t\u00e5get kl 18.30 till M\u00e1laga d\u00e4r vi anl\u00e4nder till t\u00e5gstationen Maria Zambrano kl 20.55.<\/p>\n<p>Reseinformation:<br \/>\nPris per person i dubbelrum fr\u00e5n Malaga: 1.100 euro<br \/>\nPris per person i dubbelrum fr\u00e5n Madrid: 1.025 euro<br \/>\nEnkelrumstill\u00e4gg: 225 euro<br \/>\nI priset ing\u00e5r: Airkontionbuss, fem n\u00e4tter p\u00e5 hotell med halvpension, tv\u00e5 n\u00e4tter p\u00e5 hotell med frukost, tv\u00e5 luncher (dag 1 och dag 8), en middag p\u00e5 restaurang (dag 6), guide Siv Ling.<br \/>\nAnm\u00e4lan kan g\u00f6ras till Siv Ling, e-mail: siv.ling@telefonica.net el guidesiv@gmail.com  tel: +34 609 577 162<\/p>\n","protected":false},"excerpt":{"rendered":"<p>De popul\u00e4ra vandringarna forts\u00e4tter i \u00e5r med den franska leden som b\u00f6rjar i Roncesvalles i Pyren\u00e9erna (80 mil fr\u00e5n Santiago de Compostela). F\u00f6r m\u00e5nga k\u00e4nns vandringen som en utmaning och ett stort \u00e4ventyr och m\u00f6ten med andra m\u00e4nniskor och kulturer. Text och program och med p\u00e5 resan: Siv B. Ling P\u00e5 pilgrimsv\u00e4garna blev det uppf\u00f6rt [&hellip;]<\/p>\n","protected":false},"author":8,"featured_media":4808,"comment_status":"open","ping_status":"open","sticky":false,"template":"","format":"standard","meta":{"_et_pb_use_builder":"","_et_pb_old_content":"","_et_gb_content_width":"","footnotes":""},"categories":[396,4],"tags":[],"class_list":["post-4807","post","type-post","status-publish","format-standard","has-post-thumbnail","hentry","category-arkiv-artiklar","category-artiklar"],"yoast_head":"<!-- This site is optimized with the Yoast SEO Premium plugin v26.2 (Yoast SEO v27.4) - https:\/\/yoast.com\/product\/yoast-seo-premium-wordpress\/ -->\n<title>Res och vandra till Camino Santiago 8 till 15 april - Svenska Magasinet<\/title>\n<meta name=\"robots\" content=\"noindex, follow, max-snippet:-1, max-image-preview:large, max-video-preview:-1\" \/>\n<meta property=\"og:locale\" content=\"sv_SE\" \/>\n<meta property=\"og:type\" content=\"article\" \/>\n<meta property=\"og:title\" content=\"Res och vandra till Camino Santiago 8 till 15 april\" \/>\n<meta property=\"og:description\" content=\"De popul\u00e4ra vandringarna forts\u00e4tter i \u00e5r med den franska leden som b\u00f6rjar i Roncesvalles i Pyren\u00e9erna (80 mil fr\u00e5n Santiago de Compostela). F\u00f6r m\u00e5nga k\u00e4nns vandringen som en utmaning och ett stort \u00e4ventyr och m\u00f6ten med andra m\u00e4nniskor och kulturer. Text och program och med p\u00e5 resan: Siv B. Ling P\u00e5 pilgrimsv\u00e4garna blev det uppf\u00f6rt [&hellip;]\" \/>\n<meta property=\"og:url\" content=\"https:\/\/lightweb.dev\/l\/svm-temp\/artiklar\/res-och-vandra-till-camino-santiago-8-till-15-april\/\" \/>\n<meta property=\"og:site_name\" content=\"Svenska Magasinet\" \/>\n<meta property=\"article:publisher\" content=\"https:\/\/www.facebook.com\/svenskamagasinet\" \/>\n<meta property=\"article:published_time\" content=\"2016-01-24T23:00:00+00:00\" \/>\n<meta property=\"og:image\" content=\"https:\/\/lightweb.dev\/l\/svm-temp\/wp-content\/uploads\/2022\/04\/res-och-vandra-till-camino-santiago-8-till-15-april.png\" \/>\n\t<meta property=\"og:image:width\" content=\"299\" \/>\n\t<meta property=\"og:image:height\" content=\"200\" \/>\n\t<meta property=\"og:image:type\" content=\"image\/png\" \/>\n<meta name=\"author\" content=\"Redaktionen SvM\" \/>\n<meta name=\"twitter:card\" content=\"summary_large_image\" \/>\n<meta name=\"twitter:creator\" content=\"@SvenskaMagasine\" \/>\n<meta name=\"twitter:site\" content=\"@SvenskaMagasine\" \/>\n<script type=\"application\/ld+json\" class=\"yoast-schema-graph\">{\"@context\":\"https:\\\/\\\/schema.org\",\"@graph\":[{\"@type\":\"Article\",\"@id\":\"https:\\\/\\\/lightweb.dev\\\/l\\\/svm-temp\\\/artiklar\\\/res-och-vandra-till-camino-santiago-8-till-15-april\\\/#article\",\"isPartOf\":{\"@id\":\"https:\\\/\\\/lightweb.dev\\\/l\\\/svm-temp\\\/artiklar\\\/res-och-vandra-till-camino-santiago-8-till-15-april\\\/\"},\"author\":{\"name\":\"Redaktionen SvM\",\"@id\":\"https:\\\/\\\/lightweb.dev\\\/l\\\/svm-temp\\\/#\\\/schema\\\/person\\\/206a3bda5b607b0c25e1749191e4d837\"},\"headline\":\"Res och vandra till Camino Santiago 8 till 15 april\",\"datePublished\":\"2016-01-24T23:00:00+00:00\",\"mainEntityOfPage\":{\"@id\":\"https:\\\/\\\/lightweb.dev\\\/l\\\/svm-temp\\\/artiklar\\\/res-och-vandra-till-camino-santiago-8-till-15-april\\\/\"},\"wordCount\":1065,\"commentCount\":0,\"publisher\":{\"@id\":\"https:\\\/\\\/lightweb.dev\\\/l\\\/svm-temp\\\/#organization\"},\"image\":{\"@id\":\"https:\\\/\\\/lightweb.dev\\\/l\\\/svm-temp\\\/artiklar\\\/res-och-vandra-till-camino-santiago-8-till-15-april\\\/#primaryimage\"},\"thumbnailUrl\":\"https:\\\/\\\/lightweb.dev\\\/l\\\/svm-temp\\\/wp-content\\\/uploads\\\/2022\\\/04\\\/res-och-vandra-till-camino-santiago-8-till-15-april.png\",\"articleSection\":[\"Arkiv\",\"Artiklar\"],\"inLanguage\":\"sv-SE\"},{\"@type\":\"WebPage\",\"@id\":\"https:\\\/\\\/lightweb.dev\\\/l\\\/svm-temp\\\/artiklar\\\/res-och-vandra-till-camino-santiago-8-till-15-april\\\/\",\"url\":\"https:\\\/\\\/lightweb.dev\\\/l\\\/svm-temp\\\/artiklar\\\/res-och-vandra-till-camino-santiago-8-till-15-april\\\/\",\"name\":\"Res och vandra till Camino Santiago 8 till 15 april - Svenska Magasinet\",\"isPartOf\":{\"@id\":\"https:\\\/\\\/lightweb.dev\\\/l\\\/svm-temp\\\/#website\"},\"primaryImageOfPage\":{\"@id\":\"https:\\\/\\\/lightweb.dev\\\/l\\\/svm-temp\\\/artiklar\\\/res-och-vandra-till-camino-santiago-8-till-15-april\\\/#primaryimage\"},\"image\":{\"@id\":\"https:\\\/\\\/lightweb.dev\\\/l\\\/svm-temp\\\/artiklar\\\/res-och-vandra-till-camino-santiago-8-till-15-april\\\/#primaryimage\"},\"thumbnailUrl\":\"https:\\\/\\\/lightweb.dev\\\/l\\\/svm-temp\\\/wp-content\\\/uploads\\\/2022\\\/04\\\/res-och-vandra-till-camino-santiago-8-till-15-april.png\",\"datePublished\":\"2016-01-24T23:00:00+00:00\",\"breadcrumb\":{\"@id\":\"https:\\\/\\\/lightweb.dev\\\/l\\\/svm-temp\\\/artiklar\\\/res-och-vandra-till-camino-santiago-8-till-15-april\\\/#breadcrumb\"},\"inLanguage\":\"sv-SE\",\"potentialAction\":[{\"@type\":\"ReadAction\",\"target\":[\"https:\\\/\\\/lightweb.dev\\\/l\\\/svm-temp\\\/artiklar\\\/res-och-vandra-till-camino-santiago-8-till-15-april\\\/\"]}]},{\"@type\":\"ImageObject\",\"inLanguage\":\"sv-SE\",\"@id\":\"https:\\\/\\\/lightweb.dev\\\/l\\\/svm-temp\\\/artiklar\\\/res-och-vandra-till-camino-santiago-8-till-15-april\\\/#primaryimage\",\"url\":\"https:\\\/\\\/lightweb.dev\\\/l\\\/svm-temp\\\/wp-content\\\/uploads\\\/2022\\\/04\\\/res-och-vandra-till-camino-santiago-8-till-15-april.png\",\"contentUrl\":\"https:\\\/\\\/lightweb.dev\\\/l\\\/svm-temp\\\/wp-content\\\/uploads\\\/2022\\\/04\\\/res-och-vandra-till-camino-santiago-8-till-15-april.png\",\"width\":299,\"height\":200},{\"@type\":\"BreadcrumbList\",\"@id\":\"https:\\\/\\\/lightweb.dev\\\/l\\\/svm-temp\\\/artiklar\\\/res-och-vandra-till-camino-santiago-8-till-15-april\\\/#breadcrumb\",\"itemListElement\":[{\"@type\":\"ListItem\",\"position\":1,\"name\":\"Hem\",\"item\":\"https:\\\/\\\/lightweb.dev\\\/l\\\/svm-temp\\\/\"},{\"@type\":\"ListItem\",\"position\":2,\"name\":\"Res och vandra till Camino Santiago 8 till 15 april\"}]},{\"@type\":\"WebSite\",\"@id\":\"https:\\\/\\\/lightweb.dev\\\/l\\\/svm-temp\\\/#website\",\"url\":\"https:\\\/\\\/lightweb.dev\\\/l\\\/svm-temp\\\/\",\"name\":\"Svenska Magasinet\",\"description\":\"Dina Spanska nyheter p&aring; Svenska\",\"publisher\":{\"@id\":\"https:\\\/\\\/lightweb.dev\\\/l\\\/svm-temp\\\/#organization\"},\"potentialAction\":[{\"@type\":\"SearchAction\",\"target\":{\"@type\":\"EntryPoint\",\"urlTemplate\":\"https:\\\/\\\/lightweb.dev\\\/l\\\/svm-temp\\\/?s={search_term_string}\"},\"query-input\":{\"@type\":\"PropertyValueSpecification\",\"valueRequired\":true,\"valueName\":\"search_term_string\"}}],\"inLanguage\":\"sv-SE\"},{\"@type\":\"Organization\",\"@id\":\"https:\\\/\\\/lightweb.dev\\\/l\\\/svm-temp\\\/#organization\",\"name\":\"Melkerson y Nott SL\",\"alternateName\":\"Svenska Magasinet\",\"url\":\"https:\\\/\\\/lightweb.dev\\\/l\\\/svm-temp\\\/\",\"logo\":{\"@type\":\"ImageObject\",\"inLanguage\":\"sv-SE\",\"@id\":\"https:\\\/\\\/lightweb.dev\\\/l\\\/svm-temp\\\/#\\\/schema\\\/logo\\\/image\\\/\",\"url\":\"https:\\\/\\\/lightweb.dev\\\/l\\\/svm-temp\\\/wp-content\\\/uploads\\\/2025\\\/02\\\/SvM-logo-Xtra-Centrerad-SVART.png\",\"contentUrl\":\"https:\\\/\\\/lightweb.dev\\\/l\\\/svm-temp\\\/wp-content\\\/uploads\\\/2025\\\/02\\\/SvM-logo-Xtra-Centrerad-SVART.png\",\"width\":300,\"height\":99,\"caption\":\"Melkerson y Nott SL\"},\"image\":{\"@id\":\"https:\\\/\\\/lightweb.dev\\\/l\\\/svm-temp\\\/#\\\/schema\\\/logo\\\/image\\\/\"},\"sameAs\":[\"https:\\\/\\\/www.facebook.com\\\/svenskamagasinet\",\"https:\\\/\\\/x.com\\\/SvenskaMagasine\"]},{\"@type\":\"Person\",\"@id\":\"https:\\\/\\\/lightweb.dev\\\/l\\\/svm-temp\\\/#\\\/schema\\\/person\\\/206a3bda5b607b0c25e1749191e4d837\",\"name\":\"Redaktionen SvM\",\"description\":\"Redaktionen\",\"sameAs\":[\"https:\\\/\\\/lightweb.dev\\\/l\\\/svm-temp\"],\"url\":\"https:\\\/\\\/lightweb.dev\\\/l\\\/svm-temp\\\/reporter\\\/redaktionen\\\/\"}]}<\/script>\n<!-- \/ Yoast SEO Premium plugin. -->","yoast_head_json":{"title":"Res och vandra till Camino Santiago 8 till 15 april - Svenska Magasinet","robots":{"index":"noindex","follow":"follow","max-snippet":"max-snippet:-1","max-image-preview":"max-image-preview:large","max-video-preview":"max-video-preview:-1"},"og_locale":"sv_SE","og_type":"article","og_title":"Res och vandra till Camino Santiago 8 till 15 april","og_description":"De popul\u00e4ra vandringarna forts\u00e4tter i \u00e5r med den franska leden som b\u00f6rjar i Roncesvalles i Pyren\u00e9erna (80 mil fr\u00e5n Santiago de Compostela). F\u00f6r m\u00e5nga k\u00e4nns vandringen som en utmaning och ett stort \u00e4ventyr och m\u00f6ten med andra m\u00e4nniskor och kulturer. Text och program och med p\u00e5 resan: Siv B. Ling P\u00e5 pilgrimsv\u00e4garna blev det uppf\u00f6rt [&hellip;]","og_url":"https:\/\/lightweb.dev\/l\/svm-temp\/artiklar\/res-och-vandra-till-camino-santiago-8-till-15-april\/","og_site_name":"Svenska Magasinet","article_publisher":"https:\/\/www.facebook.com\/svenskamagasinet","article_published_time":"2016-01-24T23:00:00+00:00","og_image":[{"width":299,"height":200,"url":"https:\/\/lightweb.dev\/l\/svm-temp\/wp-content\/uploads\/2022\/04\/res-och-vandra-till-camino-santiago-8-till-15-april.png","type":"image\/png"}],"author":"Redaktionen SvM","twitter_card":"summary_large_image","twitter_creator":"@SvenskaMagasine","twitter_site":"@SvenskaMagasine","schema":{"@context":"https:\/\/schema.org","@graph":[{"@type":"Article","@id":"https:\/\/lightweb.dev\/l\/svm-temp\/artiklar\/res-och-vandra-till-camino-santiago-8-till-15-april\/#article","isPartOf":{"@id":"https:\/\/lightweb.dev\/l\/svm-temp\/artiklar\/res-och-vandra-till-camino-santiago-8-till-15-april\/"},"author":{"name":"Redaktionen SvM","@id":"https:\/\/lightweb.dev\/l\/svm-temp\/#\/schema\/person\/206a3bda5b607b0c25e1749191e4d837"},"headline":"Res och vandra till Camino Santiago 8 till 15 april","datePublished":"2016-01-24T23:00:00+00:00","mainEntityOfPage":{"@id":"https:\/\/lightweb.dev\/l\/svm-temp\/artiklar\/res-och-vandra-till-camino-santiago-8-till-15-april\/"},"wordCount":1065,"commentCount":0,"publisher":{"@id":"https:\/\/lightweb.dev\/l\/svm-temp\/#organization"},"image":{"@id":"https:\/\/lightweb.dev\/l\/svm-temp\/artiklar\/res-och-vandra-till-camino-santiago-8-till-15-april\/#primaryimage"},"thumbnailUrl":"https:\/\/lightweb.dev\/l\/svm-temp\/wp-content\/uploads\/2022\/04\/res-och-vandra-till-camino-santiago-8-till-15-april.png","articleSection":["Arkiv","Artiklar"],"inLanguage":"sv-SE"},{"@type":"WebPage","@id":"https:\/\/lightweb.dev\/l\/svm-temp\/artiklar\/res-och-vandra-till-camino-santiago-8-till-15-april\/","url":"https:\/\/lightweb.dev\/l\/svm-temp\/artiklar\/res-och-vandra-till-camino-santiago-8-till-15-april\/","name":"Res och vandra till Camino Santiago 8 till 15 april - Svenska Magasinet","isPartOf":{"@id":"https:\/\/lightweb.dev\/l\/svm-temp\/#website"},"primaryImageOfPage":{"@id":"https:\/\/lightweb.dev\/l\/svm-temp\/artiklar\/res-och-vandra-till-camino-santiago-8-till-15-april\/#primaryimage"},"image":{"@id":"https:\/\/lightweb.dev\/l\/svm-temp\/artiklar\/res-och-vandra-till-camino-santiago-8-till-15-april\/#primaryimage"},"thumbnailUrl":"https:\/\/lightweb.dev\/l\/svm-temp\/wp-content\/uploads\/2022\/04\/res-och-vandra-till-camino-santiago-8-till-15-april.png","datePublished":"2016-01-24T23:00:00+00:00","breadcrumb":{"@id":"https:\/\/lightweb.dev\/l\/svm-temp\/artiklar\/res-och-vandra-till-camino-santiago-8-till-15-april\/#breadcrumb"},"inLanguage":"sv-SE","potentialAction":[{"@type":"ReadAction","target":["https:\/\/lightweb.dev\/l\/svm-temp\/artiklar\/res-och-vandra-till-camino-santiago-8-till-15-april\/"]}]},{"@type":"ImageObject","inLanguage":"sv-SE","@id":"https:\/\/lightweb.dev\/l\/svm-temp\/artiklar\/res-och-vandra-till-camino-santiago-8-till-15-april\/#primaryimage","url":"https:\/\/lightweb.dev\/l\/svm-temp\/wp-content\/uploads\/2022\/04\/res-och-vandra-till-camino-santiago-8-till-15-april.png","contentUrl":"https:\/\/lightweb.dev\/l\/svm-temp\/wp-content\/uploads\/2022\/04\/res-och-vandra-till-camino-santiago-8-till-15-april.png","width":299,"height":200},{"@type":"BreadcrumbList","@id":"https:\/\/lightweb.dev\/l\/svm-temp\/artiklar\/res-och-vandra-till-camino-santiago-8-till-15-april\/#breadcrumb","itemListElement":[{"@type":"ListItem","position":1,"name":"Hem","item":"https:\/\/lightweb.dev\/l\/svm-temp\/"},{"@type":"ListItem","position":2,"name":"Res och vandra till Camino Santiago 8 till 15 april"}]},{"@type":"WebSite","@id":"https:\/\/lightweb.dev\/l\/svm-temp\/#website","url":"https:\/\/lightweb.dev\/l\/svm-temp\/","name":"Svenska Magasinet","description":"Dina Spanska nyheter p&aring; Svenska","publisher":{"@id":"https:\/\/lightweb.dev\/l\/svm-temp\/#organization"},"potentialAction":[{"@type":"SearchAction","target":{"@type":"EntryPoint","urlTemplate":"https:\/\/lightweb.dev\/l\/svm-temp\/?s={search_term_string}"},"query-input":{"@type":"PropertyValueSpecification","valueRequired":true,"valueName":"search_term_string"}}],"inLanguage":"sv-SE"},{"@type":"Organization","@id":"https:\/\/lightweb.dev\/l\/svm-temp\/#organization","name":"Melkerson y Nott SL","alternateName":"Svenska Magasinet","url":"https:\/\/lightweb.dev\/l\/svm-temp\/","logo":{"@type":"ImageObject","inLanguage":"sv-SE","@id":"https:\/\/lightweb.dev\/l\/svm-temp\/#\/schema\/logo\/image\/","url":"https:\/\/lightweb.dev\/l\/svm-temp\/wp-content\/uploads\/2025\/02\/SvM-logo-Xtra-Centrerad-SVART.png","contentUrl":"https:\/\/lightweb.dev\/l\/svm-temp\/wp-content\/uploads\/2025\/02\/SvM-logo-Xtra-Centrerad-SVART.png","width":300,"height":99,"caption":"Melkerson y Nott SL"},"image":{"@id":"https:\/\/lightweb.dev\/l\/svm-temp\/#\/schema\/logo\/image\/"},"sameAs":["https:\/\/www.facebook.com\/svenskamagasinet","https:\/\/x.com\/SvenskaMagasine"]},{"@type":"Person","@id":"https:\/\/lightweb.dev\/l\/svm-temp\/#\/schema\/person\/206a3bda5b607b0c25e1749191e4d837","name":"Redaktionen SvM","description":"Redaktionen","sameAs":["https:\/\/lightweb.dev\/l\/svm-temp"],"url":"https:\/\/lightweb.dev\/l\/svm-temp\/reporter\/redaktionen\/"}]}},"_links":{"self":[{"href":"https:\/\/lightweb.dev\/l\/svm-temp\/wp-json\/wp\/v2\/posts\/4807","targetHints":{"allow":["GET"]}}],"collection":[{"href":"https:\/\/lightweb.dev\/l\/svm-temp\/wp-json\/wp\/v2\/posts"}],"about":[{"href":"https:\/\/lightweb.dev\/l\/svm-temp\/wp-json\/wp\/v2\/types\/post"}],"author":[{"embeddable":true,"href":"https:\/\/lightweb.dev\/l\/svm-temp\/wp-json\/wp\/v2\/users\/8"}],"replies":[{"embeddable":true,"href":"https:\/\/lightweb.dev\/l\/svm-temp\/wp-json\/wp\/v2\/comments?post=4807"}],"version-history":[{"count":0,"href":"https:\/\/lightweb.dev\/l\/svm-temp\/wp-json\/wp\/v2\/posts\/4807\/revisions"}],"wp:featuredmedia":[{"embeddable":true,"href":"https:\/\/lightweb.dev\/l\/svm-temp\/wp-json\/wp\/v2\/media\/4808"}],"wp:attachment":[{"href":"https:\/\/lightweb.dev\/l\/svm-temp\/wp-json\/wp\/v2\/media?parent=4807"}],"wp:term":[{"taxonomy":"category","embeddable":true,"href":"https:\/\/lightweb.dev\/l\/svm-temp\/wp-json\/wp\/v2\/categories?post=4807"},{"taxonomy":"post_tag","embeddable":true,"href":"https:\/\/lightweb.dev\/l\/svm-temp\/wp-json\/wp\/v2\/tags?post=4807"}],"curies":[{"name":"wp","href":"https:\/\/api.w.org\/{rel}","templated":true}]}}