{"id":4809,"date":"2016-01-12T00:00:00","date_gmt":"2016-01-11T23:00:00","guid":{"rendered":"https:\/\/lightweb.dev\/l\/svm-temp\/salong-la-vida-med-toppservice-i-avslappnad-miljo\/"},"modified":"2016-01-12T00:00:00","modified_gmt":"2016-01-11T23:00:00","slug":"salong-la-vida-med-toppservice-i-avslappnad-miljo","status":"publish","type":"post","link":"https:\/\/lightweb.dev\/l\/svm-temp\/artiklar\/salong-la-vida-med-toppservice-i-avslappnad-miljo\/","title":{"rendered":"Salong La Vida med toppservice i avslappnad milj\u00f6"},"content":{"rendered":"<p> Salong La Vida \u00f6ppnades av finska Vera i Aloha Pueblo f\u00f6r drygt ett<br \/>\n\u00e5r sedan och tillsammans med professionella medarbetare, erbjuder<br \/>\nde h\u00e4r topp service i en h\u00e4rligt avslappnad milj\u00f6.  Teamet arbetar med m\u00e5nga olika h\u00e5rprodukter f\u00f6r att kunna ta hand om just ditt h\u00e5r vare sig det \u00e4r rakt, lockigt, risigt eller tunt. F\u00f6r m\u00e5nga \u00e4r det en livsstil att f\u00e4rga h\u00e5ret och f\u00f6r er kan vi nu ber\u00e4tta om en ny revolutionerande produkt.<\/p>\n<p>Olaplex heter produkten som underh\u00e5ller h\u00e5rets egenskaper, g\u00f6r det starkare och reparerar h\u00e5ret mellan bes\u00f6ken i salongen. Olaplex arbetar fr\u00e5n insidan ist\u00e4llet f\u00f6r vanliga inpackningar vilka ligger som en tempor\u00e4r yta utanp\u00e5 h\u00e5ret. Olaplex reparerar skadat h\u00e5r inifr\u00e5n och ut med fantastiskt bra resultat och kan mixas in med din f\u00e4rg eller anv\u00e4ndas som en separat behandling.<\/p>\n<p>F\u00f6r alla som har tunt, fint h\u00e5r och \u00f6nskar sig lite mer volym, extra l\u00e4ngd, fylligare h\u00e5r eller kanske lite mera f\u00e4rg, s\u00e5 kan h\u00e5rf\u00f6rl\u00e4ngning ge er det ni s\u00f6ker. H\u00e5rf\u00f6rl\u00e4ngning finns numer i m\u00e5nga olika varianter och f\u00f6r alla typer av h\u00e5r.<\/p>\n<p>Salong La Vida anv\u00e4nder marknadsledande &#8221;Great Lengths&#8221; med enbart \u00e4kta l\u00f6sh\u00e5r av b\u00e4sta kvalit\u00e9, det ger i\u00f6gonfallande resultat. Vi rekommenderar ett m\u00f6te med v\u00e5r expert f\u00f6r att g\u00e5 igenom vad som b\u00e4st passar dig. Allt handlar dock inte om h\u00e5r p\u00e5 salongen och teamet har nyligen ut\u00f6kats med duktiga nagelteknologen Dali, som har goda meriter efter m\u00e5nga \u00e5rs arbete p\u00e5 Solkusten.<\/p>\n<p>Hon g\u00f6r allt fr\u00e5n lyxig manikyr till pedikyr och \u00e4ven gele\/akryl naglar. B\u00e5de damer och herrar \u00e4r v\u00e4lkomna till salongen, kom till oss, sl\u00e5 dig ner och slappna av medans vi g\u00f6r jobbet! Bokar en tid g\u00f6r ni p\u00e5 tel 952 929 106.<\/p>\n","protected":false},"excerpt":{"rendered":"<p>Salong La Vida \u00f6ppnades av finska Vera i Aloha Pueblo f\u00f6r drygt ett \u00e5r sedan och tillsammans med professionella medarbetare, erbjuder de h\u00e4r topp service i en h\u00e4rligt avslappnad milj\u00f6. Teamet arbetar med m\u00e5nga olika h\u00e5rprodukter f\u00f6r att kunna ta hand om just ditt h\u00e5r vare sig det \u00e4r rakt, lockigt, risigt eller tunt. F\u00f6r [&hellip;]<\/p>\n","protected":false},"author":8,"featured_media":4810,"comment_status":"open","ping_status":"open","sticky":false,"template":"","format":"standard","meta":{"_et_pb_use_builder":"","_et_pb_old_content":"","_et_gb_content_width":"","footnotes":""},"categories":[396,4],"tags":[],"class_list":["post-4809","post","type-post","status-publish","format-standard","has-post-thumbnail","hentry","category-arkiv-artiklar","category-artiklar"],"yoast_head":"<!-- This site is optimized with the Yoast SEO Premium plugin v26.2 (Yoast SEO v27.4) - https:\/\/yoast.com\/product\/yoast-seo-premium-wordpress\/ -->\n<title>Salong La Vida med toppservice i avslappnad milj\u00f6 - Svenska Magasinet<\/title>\n<meta name=\"robots\" content=\"noindex, follow, max-snippet:-1, max-image-preview:large, max-video-preview:-1\" \/>\n<meta property=\"og:locale\" content=\"sv_SE\" \/>\n<meta property=\"og:type\" content=\"article\" \/>\n<meta property=\"og:title\" content=\"Salong La Vida med toppservice i avslappnad milj\u00f6\" \/>\n<meta property=\"og:description\" content=\"Salong La Vida \u00f6ppnades av finska Vera i Aloha Pueblo f\u00f6r drygt ett \u00e5r sedan och tillsammans med professionella medarbetare, erbjuder de h\u00e4r topp service i en h\u00e4rligt avslappnad milj\u00f6. Teamet arbetar med m\u00e5nga olika h\u00e5rprodukter f\u00f6r att kunna ta hand om just ditt h\u00e5r vare sig det \u00e4r rakt, lockigt, risigt eller tunt. F\u00f6r [&hellip;]\" \/>\n<meta property=\"og:url\" content=\"https:\/\/lightweb.dev\/l\/svm-temp\/artiklar\/salong-la-vida-med-toppservice-i-avslappnad-miljo\/\" \/>\n<meta property=\"og:site_name\" content=\"Svenska Magasinet\" \/>\n<meta property=\"article:publisher\" content=\"https:\/\/www.facebook.com\/svenskamagasinet\" \/>\n<meta property=\"article:published_time\" content=\"2016-01-11T23:00:00+00:00\" \/>\n<meta property=\"og:image\" content=\"https:\/\/lightweb.dev\/l\/svm-temp\/wp-content\/uploads\/2022\/04\/salong-la-vida-med-toppservice-i-avslappnad-milj.png\" \/>\n\t<meta property=\"og:image:width\" content=\"300\" \/>\n\t<meta property=\"og:image:height\" content=\"200\" \/>\n\t<meta property=\"og:image:type\" content=\"image\/png\" \/>\n<meta name=\"author\" content=\"Redaktionen SvM\" \/>\n<meta name=\"twitter:card\" content=\"summary_large_image\" \/>\n<meta name=\"twitter:creator\" content=\"@SvenskaMagasine\" \/>\n<meta name=\"twitter:site\" content=\"@SvenskaMagasine\" \/>\n<script type=\"application\/ld+json\" class=\"yoast-schema-graph\">{\"@context\":\"https:\\\/\\\/schema.org\",\"@graph\":[{\"@type\":\"Article\",\"@id\":\"https:\\\/\\\/lightweb.dev\\\/l\\\/svm-temp\\\/artiklar\\\/salong-la-vida-med-toppservice-i-avslappnad-miljo\\\/#article\",\"isPartOf\":{\"@id\":\"https:\\\/\\\/lightweb.dev\\\/l\\\/svm-temp\\\/artiklar\\\/salong-la-vida-med-toppservice-i-avslappnad-miljo\\\/\"},\"author\":{\"name\":\"Redaktionen SvM\",\"@id\":\"https:\\\/\\\/lightweb.dev\\\/l\\\/svm-temp\\\/#\\\/schema\\\/person\\\/206a3bda5b607b0c25e1749191e4d837\"},\"headline\":\"Salong La Vida med toppservice i avslappnad milj\u00f6\",\"datePublished\":\"2016-01-11T23:00:00+00:00\",\"mainEntityOfPage\":{\"@id\":\"https:\\\/\\\/lightweb.dev\\\/l\\\/svm-temp\\\/artiklar\\\/salong-la-vida-med-toppservice-i-avslappnad-miljo\\\/\"},\"wordCount\":345,\"commentCount\":0,\"publisher\":{\"@id\":\"https:\\\/\\\/lightweb.dev\\\/l\\\/svm-temp\\\/#organization\"},\"image\":{\"@id\":\"https:\\\/\\\/lightweb.dev\\\/l\\\/svm-temp\\\/artiklar\\\/salong-la-vida-med-toppservice-i-avslappnad-miljo\\\/#primaryimage\"},\"thumbnailUrl\":\"https:\\\/\\\/lightweb.dev\\\/l\\\/svm-temp\\\/wp-content\\\/uploads\\\/2022\\\/04\\\/salong-la-vida-med-toppservice-i-avslappnad-milj.png\",\"articleSection\":[\"Arkiv\",\"Artiklar\"],\"inLanguage\":\"sv-SE\"},{\"@type\":\"WebPage\",\"@id\":\"https:\\\/\\\/lightweb.dev\\\/l\\\/svm-temp\\\/artiklar\\\/salong-la-vida-med-toppservice-i-avslappnad-miljo\\\/\",\"url\":\"https:\\\/\\\/lightweb.dev\\\/l\\\/svm-temp\\\/artiklar\\\/salong-la-vida-med-toppservice-i-avslappnad-miljo\\\/\",\"name\":\"Salong La Vida med toppservice i avslappnad milj\u00f6 - Svenska Magasinet\",\"isPartOf\":{\"@id\":\"https:\\\/\\\/lightweb.dev\\\/l\\\/svm-temp\\\/#website\"},\"primaryImageOfPage\":{\"@id\":\"https:\\\/\\\/lightweb.dev\\\/l\\\/svm-temp\\\/artiklar\\\/salong-la-vida-med-toppservice-i-avslappnad-miljo\\\/#primaryimage\"},\"image\":{\"@id\":\"https:\\\/\\\/lightweb.dev\\\/l\\\/svm-temp\\\/artiklar\\\/salong-la-vida-med-toppservice-i-avslappnad-miljo\\\/#primaryimage\"},\"thumbnailUrl\":\"https:\\\/\\\/lightweb.dev\\\/l\\\/svm-temp\\\/wp-content\\\/uploads\\\/2022\\\/04\\\/salong-la-vida-med-toppservice-i-avslappnad-milj.png\",\"datePublished\":\"2016-01-11T23:00:00+00:00\",\"breadcrumb\":{\"@id\":\"https:\\\/\\\/lightweb.dev\\\/l\\\/svm-temp\\\/artiklar\\\/salong-la-vida-med-toppservice-i-avslappnad-miljo\\\/#breadcrumb\"},\"inLanguage\":\"sv-SE\",\"potentialAction\":[{\"@type\":\"ReadAction\",\"target\":[\"https:\\\/\\\/lightweb.dev\\\/l\\\/svm-temp\\\/artiklar\\\/salong-la-vida-med-toppservice-i-avslappnad-miljo\\\/\"]}]},{\"@type\":\"ImageObject\",\"inLanguage\":\"sv-SE\",\"@id\":\"https:\\\/\\\/lightweb.dev\\\/l\\\/svm-temp\\\/artiklar\\\/salong-la-vida-med-toppservice-i-avslappnad-miljo\\\/#primaryimage\",\"url\":\"https:\\\/\\\/lightweb.dev\\\/l\\\/svm-temp\\\/wp-content\\\/uploads\\\/2022\\\/04\\\/salong-la-vida-med-toppservice-i-avslappnad-milj.png\",\"contentUrl\":\"https:\\\/\\\/lightweb.dev\\\/l\\\/svm-temp\\\/wp-content\\\/uploads\\\/2022\\\/04\\\/salong-la-vida-med-toppservice-i-avslappnad-milj.png\",\"width\":300,\"height\":200},{\"@type\":\"BreadcrumbList\",\"@id\":\"https:\\\/\\\/lightweb.dev\\\/l\\\/svm-temp\\\/artiklar\\\/salong-la-vida-med-toppservice-i-avslappnad-miljo\\\/#breadcrumb\",\"itemListElement\":[{\"@type\":\"ListItem\",\"position\":1,\"name\":\"Hem\",\"item\":\"https:\\\/\\\/lightweb.dev\\\/l\\\/svm-temp\\\/\"},{\"@type\":\"ListItem\",\"position\":2,\"name\":\"Salong La Vida med toppservice i avslappnad milj\u00f6\"}]},{\"@type\":\"WebSite\",\"@id\":\"https:\\\/\\\/lightweb.dev\\\/l\\\/svm-temp\\\/#website\",\"url\":\"https:\\\/\\\/lightweb.dev\\\/l\\\/svm-temp\\\/\",\"name\":\"Svenska Magasinet\",\"description\":\"Dina Spanska nyheter p&aring; Svenska\",\"publisher\":{\"@id\":\"https:\\\/\\\/lightweb.dev\\\/l\\\/svm-temp\\\/#organization\"},\"potentialAction\":[{\"@type\":\"SearchAction\",\"target\":{\"@type\":\"EntryPoint\",\"urlTemplate\":\"https:\\\/\\\/lightweb.dev\\\/l\\\/svm-temp\\\/?s={search_term_string}\"},\"query-input\":{\"@type\":\"PropertyValueSpecification\",\"valueRequired\":true,\"valueName\":\"search_term_string\"}}],\"inLanguage\":\"sv-SE\"},{\"@type\":\"Organization\",\"@id\":\"https:\\\/\\\/lightweb.dev\\\/l\\\/svm-temp\\\/#organization\",\"name\":\"Melkerson y Nott SL\",\"alternateName\":\"Svenska Magasinet\",\"url\":\"https:\\\/\\\/lightweb.dev\\\/l\\\/svm-temp\\\/\",\"logo\":{\"@type\":\"ImageObject\",\"inLanguage\":\"sv-SE\",\"@id\":\"https:\\\/\\\/lightweb.dev\\\/l\\\/svm-temp\\\/#\\\/schema\\\/logo\\\/image\\\/\",\"url\":\"https:\\\/\\\/lightweb.dev\\\/l\\\/svm-temp\\\/wp-content\\\/uploads\\\/2025\\\/02\\\/SvM-logo-Xtra-Centrerad-SVART.png\",\"contentUrl\":\"https:\\\/\\\/lightweb.dev\\\/l\\\/svm-temp\\\/wp-content\\\/uploads\\\/2025\\\/02\\\/SvM-logo-Xtra-Centrerad-SVART.png\",\"width\":300,\"height\":99,\"caption\":\"Melkerson y Nott SL\"},\"image\":{\"@id\":\"https:\\\/\\\/lightweb.dev\\\/l\\\/svm-temp\\\/#\\\/schema\\\/logo\\\/image\\\/\"},\"sameAs\":[\"https:\\\/\\\/www.facebook.com\\\/svenskamagasinet\",\"https:\\\/\\\/x.com\\\/SvenskaMagasine\"]},{\"@type\":\"Person\",\"@id\":\"https:\\\/\\\/lightweb.dev\\\/l\\\/svm-temp\\\/#\\\/schema\\\/person\\\/206a3bda5b607b0c25e1749191e4d837\",\"name\":\"Redaktionen SvM\",\"description\":\"Redaktionen\",\"sameAs\":[\"https:\\\/\\\/lightweb.dev\\\/l\\\/svm-temp\"],\"url\":\"https:\\\/\\\/lightweb.dev\\\/l\\\/svm-temp\\\/reporter\\\/redaktionen\\\/\"}]}<\/script>\n<!-- \/ Yoast SEO Premium plugin. -->","yoast_head_json":{"title":"Salong La Vida med toppservice i avslappnad milj\u00f6 - Svenska Magasinet","robots":{"index":"noindex","follow":"follow","max-snippet":"max-snippet:-1","max-image-preview":"max-image-preview:large","max-video-preview":"max-video-preview:-1"},"og_locale":"sv_SE","og_type":"article","og_title":"Salong La Vida med toppservice i avslappnad milj\u00f6","og_description":"Salong La Vida \u00f6ppnades av finska Vera i Aloha Pueblo f\u00f6r drygt ett \u00e5r sedan och tillsammans med professionella medarbetare, erbjuder de h\u00e4r topp service i en h\u00e4rligt avslappnad milj\u00f6. Teamet arbetar med m\u00e5nga olika h\u00e5rprodukter f\u00f6r att kunna ta hand om just ditt h\u00e5r vare sig det \u00e4r rakt, lockigt, risigt eller tunt. F\u00f6r [&hellip;]","og_url":"https:\/\/lightweb.dev\/l\/svm-temp\/artiklar\/salong-la-vida-med-toppservice-i-avslappnad-miljo\/","og_site_name":"Svenska Magasinet","article_publisher":"https:\/\/www.facebook.com\/svenskamagasinet","article_published_time":"2016-01-11T23:00:00+00:00","og_image":[{"width":300,"height":200,"url":"https:\/\/lightweb.dev\/l\/svm-temp\/wp-content\/uploads\/2022\/04\/salong-la-vida-med-toppservice-i-avslappnad-milj.png","type":"image\/png"}],"author":"Redaktionen SvM","twitter_card":"summary_large_image","twitter_creator":"@SvenskaMagasine","twitter_site":"@SvenskaMagasine","schema":{"@context":"https:\/\/schema.org","@graph":[{"@type":"Article","@id":"https:\/\/lightweb.dev\/l\/svm-temp\/artiklar\/salong-la-vida-med-toppservice-i-avslappnad-miljo\/#article","isPartOf":{"@id":"https:\/\/lightweb.dev\/l\/svm-temp\/artiklar\/salong-la-vida-med-toppservice-i-avslappnad-miljo\/"},"author":{"name":"Redaktionen SvM","@id":"https:\/\/lightweb.dev\/l\/svm-temp\/#\/schema\/person\/206a3bda5b607b0c25e1749191e4d837"},"headline":"Salong La Vida med toppservice i avslappnad milj\u00f6","datePublished":"2016-01-11T23:00:00+00:00","mainEntityOfPage":{"@id":"https:\/\/lightweb.dev\/l\/svm-temp\/artiklar\/salong-la-vida-med-toppservice-i-avslappnad-miljo\/"},"wordCount":345,"commentCount":0,"publisher":{"@id":"https:\/\/lightweb.dev\/l\/svm-temp\/#organization"},"image":{"@id":"https:\/\/lightweb.dev\/l\/svm-temp\/artiklar\/salong-la-vida-med-toppservice-i-avslappnad-miljo\/#primaryimage"},"thumbnailUrl":"https:\/\/lightweb.dev\/l\/svm-temp\/wp-content\/uploads\/2022\/04\/salong-la-vida-med-toppservice-i-avslappnad-milj.png","articleSection":["Arkiv","Artiklar"],"inLanguage":"sv-SE"},{"@type":"WebPage","@id":"https:\/\/lightweb.dev\/l\/svm-temp\/artiklar\/salong-la-vida-med-toppservice-i-avslappnad-miljo\/","url":"https:\/\/lightweb.dev\/l\/svm-temp\/artiklar\/salong-la-vida-med-toppservice-i-avslappnad-miljo\/","name":"Salong La Vida med toppservice i avslappnad milj\u00f6 - Svenska Magasinet","isPartOf":{"@id":"https:\/\/lightweb.dev\/l\/svm-temp\/#website"},"primaryImageOfPage":{"@id":"https:\/\/lightweb.dev\/l\/svm-temp\/artiklar\/salong-la-vida-med-toppservice-i-avslappnad-miljo\/#primaryimage"},"image":{"@id":"https:\/\/lightweb.dev\/l\/svm-temp\/artiklar\/salong-la-vida-med-toppservice-i-avslappnad-miljo\/#primaryimage"},"thumbnailUrl":"https:\/\/lightweb.dev\/l\/svm-temp\/wp-content\/uploads\/2022\/04\/salong-la-vida-med-toppservice-i-avslappnad-milj.png","datePublished":"2016-01-11T23:00:00+00:00","breadcrumb":{"@id":"https:\/\/lightweb.dev\/l\/svm-temp\/artiklar\/salong-la-vida-med-toppservice-i-avslappnad-miljo\/#breadcrumb"},"inLanguage":"sv-SE","potentialAction":[{"@type":"ReadAction","target":["https:\/\/lightweb.dev\/l\/svm-temp\/artiklar\/salong-la-vida-med-toppservice-i-avslappnad-miljo\/"]}]},{"@type":"ImageObject","inLanguage":"sv-SE","@id":"https:\/\/lightweb.dev\/l\/svm-temp\/artiklar\/salong-la-vida-med-toppservice-i-avslappnad-miljo\/#primaryimage","url":"https:\/\/lightweb.dev\/l\/svm-temp\/wp-content\/uploads\/2022\/04\/salong-la-vida-med-toppservice-i-avslappnad-milj.png","contentUrl":"https:\/\/lightweb.dev\/l\/svm-temp\/wp-content\/uploads\/2022\/04\/salong-la-vida-med-toppservice-i-avslappnad-milj.png","width":300,"height":200},{"@type":"BreadcrumbList","@id":"https:\/\/lightweb.dev\/l\/svm-temp\/artiklar\/salong-la-vida-med-toppservice-i-avslappnad-miljo\/#breadcrumb","itemListElement":[{"@type":"ListItem","position":1,"name":"Hem","item":"https:\/\/lightweb.dev\/l\/svm-temp\/"},{"@type":"ListItem","position":2,"name":"Salong La Vida med toppservice i avslappnad milj\u00f6"}]},{"@type":"WebSite","@id":"https:\/\/lightweb.dev\/l\/svm-temp\/#website","url":"https:\/\/lightweb.dev\/l\/svm-temp\/","name":"Svenska Magasinet","description":"Dina Spanska nyheter p&aring; Svenska","publisher":{"@id":"https:\/\/lightweb.dev\/l\/svm-temp\/#organization"},"potentialAction":[{"@type":"SearchAction","target":{"@type":"EntryPoint","urlTemplate":"https:\/\/lightweb.dev\/l\/svm-temp\/?s={search_term_string}"},"query-input":{"@type":"PropertyValueSpecification","valueRequired":true,"valueName":"search_term_string"}}],"inLanguage":"sv-SE"},{"@type":"Organization","@id":"https:\/\/lightweb.dev\/l\/svm-temp\/#organization","name":"Melkerson y Nott SL","alternateName":"Svenska Magasinet","url":"https:\/\/lightweb.dev\/l\/svm-temp\/","logo":{"@type":"ImageObject","inLanguage":"sv-SE","@id":"https:\/\/lightweb.dev\/l\/svm-temp\/#\/schema\/logo\/image\/","url":"https:\/\/lightweb.dev\/l\/svm-temp\/wp-content\/uploads\/2025\/02\/SvM-logo-Xtra-Centrerad-SVART.png","contentUrl":"https:\/\/lightweb.dev\/l\/svm-temp\/wp-content\/uploads\/2025\/02\/SvM-logo-Xtra-Centrerad-SVART.png","width":300,"height":99,"caption":"Melkerson y Nott SL"},"image":{"@id":"https:\/\/lightweb.dev\/l\/svm-temp\/#\/schema\/logo\/image\/"},"sameAs":["https:\/\/www.facebook.com\/svenskamagasinet","https:\/\/x.com\/SvenskaMagasine"]},{"@type":"Person","@id":"https:\/\/lightweb.dev\/l\/svm-temp\/#\/schema\/person\/206a3bda5b607b0c25e1749191e4d837","name":"Redaktionen SvM","description":"Redaktionen","sameAs":["https:\/\/lightweb.dev\/l\/svm-temp"],"url":"https:\/\/lightweb.dev\/l\/svm-temp\/reporter\/redaktionen\/"}]}},"_links":{"self":[{"href":"https:\/\/lightweb.dev\/l\/svm-temp\/wp-json\/wp\/v2\/posts\/4809","targetHints":{"allow":["GET"]}}],"collection":[{"href":"https:\/\/lightweb.dev\/l\/svm-temp\/wp-json\/wp\/v2\/posts"}],"about":[{"href":"https:\/\/lightweb.dev\/l\/svm-temp\/wp-json\/wp\/v2\/types\/post"}],"author":[{"embeddable":true,"href":"https:\/\/lightweb.dev\/l\/svm-temp\/wp-json\/wp\/v2\/users\/8"}],"replies":[{"embeddable":true,"href":"https:\/\/lightweb.dev\/l\/svm-temp\/wp-json\/wp\/v2\/comments?post=4809"}],"version-history":[{"count":0,"href":"https:\/\/lightweb.dev\/l\/svm-temp\/wp-json\/wp\/v2\/posts\/4809\/revisions"}],"wp:featuredmedia":[{"embeddable":true,"href":"https:\/\/lightweb.dev\/l\/svm-temp\/wp-json\/wp\/v2\/media\/4810"}],"wp:attachment":[{"href":"https:\/\/lightweb.dev\/l\/svm-temp\/wp-json\/wp\/v2\/media?parent=4809"}],"wp:term":[{"taxonomy":"category","embeddable":true,"href":"https:\/\/lightweb.dev\/l\/svm-temp\/wp-json\/wp\/v2\/categories?post=4809"},{"taxonomy":"post_tag","embeddable":true,"href":"https:\/\/lightweb.dev\/l\/svm-temp\/wp-json\/wp\/v2\/tags?post=4809"}],"curies":[{"name":"wp","href":"https:\/\/api.w.org\/{rel}","templated":true}]}}