{"id":4811,"date":"2016-01-12T00:00:00","date_gmt":"2016-01-11T23:00:00","guid":{"rendered":"https:\/\/lightweb.dev\/l\/svm-temp\/vad-kravs-av-ett-bra-personlarm\/"},"modified":"2016-01-12T00:00:00","modified_gmt":"2016-01-11T23:00:00","slug":"vad-kravs-av-ett-bra-personlarm","status":"publish","type":"post","link":"https:\/\/lightweb.dev\/l\/svm-temp\/artiklar\/vad-kravs-av-ett-bra-personlarm\/","title":{"rendered":"Vad kr\u00e4vs av ett bra personlarm?"},"content":{"rendered":"<p> Trygghet \u00e4r en av v\u00e5ra mest fundamentala behov. Man beh\u00f6ver inte l\u00e4sa Psykologen Maslows teorier om v\u00e5ra fundamentala behov f\u00f6r att inse detta.  Vi f\u00f6rknippar f\u00f6r det mesta trygghet med personlig trygghet, men ofta h\u00f6r jag i resonemang om trygghet och s\u00e4kerhet ocks\u00e5 att man i f\u00f6rsta hand m\u00e5nar om trygghet f\u00f6r sina anh\u00f6riga och f\u00f6rst i andra hand t\u00e4nker man p\u00e5 sin egen trygghet. Av Per Dahl<\/p>\n<p>Idag finns det hundratals olika trygghets Appar och Larmdosor som utlovar skydd f\u00f6r Personlig trygghet och det kan d\u00e4rf\u00f6r vara sv\u00e5rt f\u00f6r en icke fackman att reda ut dels vilka funktioner f\u00f6r trygghet och s\u00e4kerhet som man kan beh\u00f6ver och b\u00f6r kr\u00e4va av en ev. leverant\u00f6r f\u00f6r sin och familjens trygghet samt vad man kanske inte beh\u00f6ver.<\/p>\n<p>Det viktigaste med n\u00e5gon form av Larm f\u00f6r Personlig trygghet \u00e4r att det \u00e4r enkelt att f\u00f6rst\u00e5 och anv\u00e4nda samt att det \u00e4r v\u00e4l bepr\u00f6vat och testat, samt att man f\u00f6rst\u00e5r spr\u00e5ket. I en tid n\u00e4r engelska \u00e4r standardspr\u00e5ket inom IT \u00e4r det viktigt att p\u00e5peka att alla inte ser engelska som sitt prim\u00e4ra spr\u00e5k. Jag vet fr\u00e5n mina egna f\u00f6r\u00e4ldrar att engelska definitivt inte \u00e4r sj\u00e4lvklart f\u00f6r alla \u00f6ver 80 \u00e5r. Larmet m\u00e5ste, om det inte \u00e4r Svenskutvecklat, enkelt kunna st\u00e4llas in s\u00e5 att all text \u00e4r p\u00e5 mitt eget modersm\u00e5l.<\/p>\n<p>Det m\u00e5ste vara enkelt att best\u00e4mma vem eller vilka i ditt sociala n\u00e4tverk som skall f\u00e5 ditt larm. I denna text menar vi med ditt sociala n\u00e4tverk helt enkelt dina n\u00e4ra och k\u00e4ra, dvs. familj, sl\u00e4kt och v\u00e4nner. Personer som du har telefonnumret till i din mobiltelefon, k\u00e4nner v\u00e4l och litar p\u00e5.<\/p>\n<p>Det m\u00e5ste ocks\u00e5 vara enkelt f\u00f6r dig att vid behov utl\u00f6sa Larmet. Det m\u00e5ste ocks\u00e5 vara med dig, eller n\u00e4ra dig, helst alltid. Larmet kan vara aldrig s\u00e5 bra, men har du det inte naturligt med dig, s\u00e5 \u00e4r det l\u00e4tt att det blir liggande hemma och\/eller inte laddas.<\/p>\n<p>I en situation n\u00e4r du har m\u00e5st utl\u00f6sa ditt Larm, vill du nu veta inte bara om n\u00e5got tog emot ditt Larm, men vem eller vilka som tog emot ditt Larm och var den eller de befinner sig. \u00c4r de n\u00e4ra mig?<\/p>\n<p>Det \u00e4r ju d\u00e5 ocks\u00e5 en f\u00f6rdel om de som tog emot ditt Larm inte bara ser var du befinner dig, utan ocks\u00e5 var de andra som fick ditt larm befinner sig. P\u00e5 det s\u00e4ttet kan ni alla ha samma information. Du som Larmat se vilka som tagit emot ditt Larm och de i ditt sociala n\u00e4tverk som tagit emot ditt Larm vet vilka som ocks\u00e5 tagit emot Larmet.<\/p>\n<p>Om alla som tagit emot ditt Larm ser samma information p\u00e5 en karta i sina mobiltelefoner, \u00e4r det nu enkelt f\u00f6r den eller som \u00e4r n\u00e4rmast Dig att f\u00f6rst ringa dig f\u00f6r att st\u00e4mma av situationen. R\u00e5kade du utl\u00f6sa Larmet av misstag, eller var det skarpt? Vid konstaterat behov av hj\u00e4lp kan de nu snabbt unds\u00e4tta dig, kalla p\u00e5 ambulans etc.<\/p>\n<p>Mina erfarenheter efter att ha jobbar med detta i stort sett dag och natt i 15 \u00e5r \u00e4r att vem som helst, n\u00e4r som helst beh\u00f6va snabb hj\u00e4lp fr\u00e5n sin familj samt v\u00e4nner. Det \u00e4r bra om m\u00e5nga, dvs. 5 \u2013 15 personer i ditt sociala n\u00e4tverk kan ta emot ditt larm.<\/p>\n<p>Denna typ av Larm m\u00e5ste ocks\u00e5 fungera internationellt. Det kan ju h\u00e4nda att man \u00e4r sj\u00e4lv p\u00e5 Costa del Sol men har barn eller sl\u00e4ktingar hemma i Sverige som vid behov kan vidta \u00e5tg\u00e4rder. Det \u00e4r ocks\u00e5 bra att i f\u00f6rv\u00e4g ha diskuterat och funderat p\u00e5 hur man b\u00e4st skall hantera en s\u00e5dan situation.<\/p>\n<p>SoftAlarms mobila tj\u00e4nst f\u00f6r Personlarm uppfyller dessa krav samt mer d\u00e4rtill.<\/p>\n","protected":false},"excerpt":{"rendered":"<p>Trygghet \u00e4r en av v\u00e5ra mest fundamentala behov. Man beh\u00f6ver inte l\u00e4sa Psykologen Maslows teorier om v\u00e5ra fundamentala behov f\u00f6r att inse detta. Vi f\u00f6rknippar f\u00f6r det mesta trygghet med personlig trygghet, men ofta h\u00f6r jag i resonemang om trygghet och s\u00e4kerhet ocks\u00e5 att man i f\u00f6rsta hand m\u00e5nar om trygghet f\u00f6r sina anh\u00f6riga och [&hellip;]<\/p>\n","protected":false},"author":8,"featured_media":0,"comment_status":"open","ping_status":"open","sticky":false,"template":"","format":"standard","meta":{"_et_pb_use_builder":"","_et_pb_old_content":"","_et_gb_content_width":"","footnotes":""},"categories":[396,4],"tags":[],"class_list":["post-4811","post","type-post","status-publish","format-standard","hentry","category-arkiv-artiklar","category-artiklar"],"yoast_head":"<!-- This site is optimized with the Yoast SEO Premium plugin v26.2 (Yoast SEO v27.4) - https:\/\/yoast.com\/product\/yoast-seo-premium-wordpress\/ -->\n<title>Vad kr\u00e4vs av ett bra personlarm? - Svenska Magasinet<\/title>\n<meta name=\"robots\" content=\"noindex, follow, max-snippet:-1, max-image-preview:large, max-video-preview:-1\" \/>\n<meta property=\"og:locale\" content=\"sv_SE\" \/>\n<meta property=\"og:type\" content=\"article\" \/>\n<meta property=\"og:title\" content=\"Vad kr\u00e4vs av ett bra personlarm?\" \/>\n<meta property=\"og:description\" content=\"Trygghet \u00e4r en av v\u00e5ra mest fundamentala behov. Man beh\u00f6ver inte l\u00e4sa Psykologen Maslows teorier om v\u00e5ra fundamentala behov f\u00f6r att inse detta. Vi f\u00f6rknippar f\u00f6r det mesta trygghet med personlig trygghet, men ofta h\u00f6r jag i resonemang om trygghet och s\u00e4kerhet ocks\u00e5 att man i f\u00f6rsta hand m\u00e5nar om trygghet f\u00f6r sina anh\u00f6riga och [&hellip;]\" \/>\n<meta property=\"og:url\" content=\"https:\/\/lightweb.dev\/l\/svm-temp\/artiklar\/vad-kravs-av-ett-bra-personlarm\/\" \/>\n<meta property=\"og:site_name\" content=\"Svenska Magasinet\" \/>\n<meta property=\"article:publisher\" content=\"https:\/\/www.facebook.com\/svenskamagasinet\" \/>\n<meta property=\"article:published_time\" content=\"2016-01-11T23:00:00+00:00\" \/>\n<meta name=\"author\" content=\"Redaktionen SvM\" \/>\n<meta name=\"twitter:card\" content=\"summary_large_image\" \/>\n<meta name=\"twitter:creator\" content=\"@SvenskaMagasine\" \/>\n<meta name=\"twitter:site\" content=\"@SvenskaMagasine\" \/>\n<script type=\"application\/ld+json\" class=\"yoast-schema-graph\">{\"@context\":\"https:\\\/\\\/schema.org\",\"@graph\":[{\"@type\":\"Article\",\"@id\":\"https:\\\/\\\/lightweb.dev\\\/l\\\/svm-temp\\\/artiklar\\\/vad-kravs-av-ett-bra-personlarm\\\/#article\",\"isPartOf\":{\"@id\":\"https:\\\/\\\/lightweb.dev\\\/l\\\/svm-temp\\\/artiklar\\\/vad-kravs-av-ett-bra-personlarm\\\/\"},\"author\":{\"name\":\"Redaktionen SvM\",\"@id\":\"https:\\\/\\\/lightweb.dev\\\/l\\\/svm-temp\\\/#\\\/schema\\\/person\\\/206a3bda5b607b0c25e1749191e4d837\"},\"headline\":\"Vad kr\u00e4vs av ett bra personlarm?\",\"datePublished\":\"2016-01-11T23:00:00+00:00\",\"mainEntityOfPage\":{\"@id\":\"https:\\\/\\\/lightweb.dev\\\/l\\\/svm-temp\\\/artiklar\\\/vad-kravs-av-ett-bra-personlarm\\\/\"},\"wordCount\":712,\"commentCount\":0,\"publisher\":{\"@id\":\"https:\\\/\\\/lightweb.dev\\\/l\\\/svm-temp\\\/#organization\"},\"articleSection\":[\"Arkiv\",\"Artiklar\"],\"inLanguage\":\"sv-SE\"},{\"@type\":\"WebPage\",\"@id\":\"https:\\\/\\\/lightweb.dev\\\/l\\\/svm-temp\\\/artiklar\\\/vad-kravs-av-ett-bra-personlarm\\\/\",\"url\":\"https:\\\/\\\/lightweb.dev\\\/l\\\/svm-temp\\\/artiklar\\\/vad-kravs-av-ett-bra-personlarm\\\/\",\"name\":\"Vad kr\u00e4vs av ett bra personlarm? - Svenska Magasinet\",\"isPartOf\":{\"@id\":\"https:\\\/\\\/lightweb.dev\\\/l\\\/svm-temp\\\/#website\"},\"datePublished\":\"2016-01-11T23:00:00+00:00\",\"breadcrumb\":{\"@id\":\"https:\\\/\\\/lightweb.dev\\\/l\\\/svm-temp\\\/artiklar\\\/vad-kravs-av-ett-bra-personlarm\\\/#breadcrumb\"},\"inLanguage\":\"sv-SE\",\"potentialAction\":[{\"@type\":\"ReadAction\",\"target\":[\"https:\\\/\\\/lightweb.dev\\\/l\\\/svm-temp\\\/artiklar\\\/vad-kravs-av-ett-bra-personlarm\\\/\"]}]},{\"@type\":\"BreadcrumbList\",\"@id\":\"https:\\\/\\\/lightweb.dev\\\/l\\\/svm-temp\\\/artiklar\\\/vad-kravs-av-ett-bra-personlarm\\\/#breadcrumb\",\"itemListElement\":[{\"@type\":\"ListItem\",\"position\":1,\"name\":\"Hem\",\"item\":\"https:\\\/\\\/lightweb.dev\\\/l\\\/svm-temp\\\/\"},{\"@type\":\"ListItem\",\"position\":2,\"name\":\"Vad kr\u00e4vs av ett bra personlarm?\"}]},{\"@type\":\"WebSite\",\"@id\":\"https:\\\/\\\/lightweb.dev\\\/l\\\/svm-temp\\\/#website\",\"url\":\"https:\\\/\\\/lightweb.dev\\\/l\\\/svm-temp\\\/\",\"name\":\"Svenska Magasinet\",\"description\":\"Dina Spanska nyheter p&aring; Svenska\",\"publisher\":{\"@id\":\"https:\\\/\\\/lightweb.dev\\\/l\\\/svm-temp\\\/#organization\"},\"potentialAction\":[{\"@type\":\"SearchAction\",\"target\":{\"@type\":\"EntryPoint\",\"urlTemplate\":\"https:\\\/\\\/lightweb.dev\\\/l\\\/svm-temp\\\/?s={search_term_string}\"},\"query-input\":{\"@type\":\"PropertyValueSpecification\",\"valueRequired\":true,\"valueName\":\"search_term_string\"}}],\"inLanguage\":\"sv-SE\"},{\"@type\":\"Organization\",\"@id\":\"https:\\\/\\\/lightweb.dev\\\/l\\\/svm-temp\\\/#organization\",\"name\":\"Melkerson y Nott SL\",\"alternateName\":\"Svenska Magasinet\",\"url\":\"https:\\\/\\\/lightweb.dev\\\/l\\\/svm-temp\\\/\",\"logo\":{\"@type\":\"ImageObject\",\"inLanguage\":\"sv-SE\",\"@id\":\"https:\\\/\\\/lightweb.dev\\\/l\\\/svm-temp\\\/#\\\/schema\\\/logo\\\/image\\\/\",\"url\":\"https:\\\/\\\/lightweb.dev\\\/l\\\/svm-temp\\\/wp-content\\\/uploads\\\/2025\\\/02\\\/SvM-logo-Xtra-Centrerad-SVART.png\",\"contentUrl\":\"https:\\\/\\\/lightweb.dev\\\/l\\\/svm-temp\\\/wp-content\\\/uploads\\\/2025\\\/02\\\/SvM-logo-Xtra-Centrerad-SVART.png\",\"width\":300,\"height\":99,\"caption\":\"Melkerson y Nott SL\"},\"image\":{\"@id\":\"https:\\\/\\\/lightweb.dev\\\/l\\\/svm-temp\\\/#\\\/schema\\\/logo\\\/image\\\/\"},\"sameAs\":[\"https:\\\/\\\/www.facebook.com\\\/svenskamagasinet\",\"https:\\\/\\\/x.com\\\/SvenskaMagasine\"]},{\"@type\":\"Person\",\"@id\":\"https:\\\/\\\/lightweb.dev\\\/l\\\/svm-temp\\\/#\\\/schema\\\/person\\\/206a3bda5b607b0c25e1749191e4d837\",\"name\":\"Redaktionen SvM\",\"description\":\"Redaktionen\",\"sameAs\":[\"https:\\\/\\\/lightweb.dev\\\/l\\\/svm-temp\"],\"url\":\"https:\\\/\\\/lightweb.dev\\\/l\\\/svm-temp\\\/reporter\\\/redaktionen\\\/\"}]}<\/script>\n<!-- \/ Yoast SEO Premium plugin. -->","yoast_head_json":{"title":"Vad kr\u00e4vs av ett bra personlarm? - Svenska Magasinet","robots":{"index":"noindex","follow":"follow","max-snippet":"max-snippet:-1","max-image-preview":"max-image-preview:large","max-video-preview":"max-video-preview:-1"},"og_locale":"sv_SE","og_type":"article","og_title":"Vad kr\u00e4vs av ett bra personlarm?","og_description":"Trygghet \u00e4r en av v\u00e5ra mest fundamentala behov. Man beh\u00f6ver inte l\u00e4sa Psykologen Maslows teorier om v\u00e5ra fundamentala behov f\u00f6r att inse detta. Vi f\u00f6rknippar f\u00f6r det mesta trygghet med personlig trygghet, men ofta h\u00f6r jag i resonemang om trygghet och s\u00e4kerhet ocks\u00e5 att man i f\u00f6rsta hand m\u00e5nar om trygghet f\u00f6r sina anh\u00f6riga och [&hellip;]","og_url":"https:\/\/lightweb.dev\/l\/svm-temp\/artiklar\/vad-kravs-av-ett-bra-personlarm\/","og_site_name":"Svenska Magasinet","article_publisher":"https:\/\/www.facebook.com\/svenskamagasinet","article_published_time":"2016-01-11T23:00:00+00:00","author":"Redaktionen SvM","twitter_card":"summary_large_image","twitter_creator":"@SvenskaMagasine","twitter_site":"@SvenskaMagasine","schema":{"@context":"https:\/\/schema.org","@graph":[{"@type":"Article","@id":"https:\/\/lightweb.dev\/l\/svm-temp\/artiklar\/vad-kravs-av-ett-bra-personlarm\/#article","isPartOf":{"@id":"https:\/\/lightweb.dev\/l\/svm-temp\/artiklar\/vad-kravs-av-ett-bra-personlarm\/"},"author":{"name":"Redaktionen SvM","@id":"https:\/\/lightweb.dev\/l\/svm-temp\/#\/schema\/person\/206a3bda5b607b0c25e1749191e4d837"},"headline":"Vad kr\u00e4vs av ett bra personlarm?","datePublished":"2016-01-11T23:00:00+00:00","mainEntityOfPage":{"@id":"https:\/\/lightweb.dev\/l\/svm-temp\/artiklar\/vad-kravs-av-ett-bra-personlarm\/"},"wordCount":712,"commentCount":0,"publisher":{"@id":"https:\/\/lightweb.dev\/l\/svm-temp\/#organization"},"articleSection":["Arkiv","Artiklar"],"inLanguage":"sv-SE"},{"@type":"WebPage","@id":"https:\/\/lightweb.dev\/l\/svm-temp\/artiklar\/vad-kravs-av-ett-bra-personlarm\/","url":"https:\/\/lightweb.dev\/l\/svm-temp\/artiklar\/vad-kravs-av-ett-bra-personlarm\/","name":"Vad kr\u00e4vs av ett bra personlarm? - Svenska Magasinet","isPartOf":{"@id":"https:\/\/lightweb.dev\/l\/svm-temp\/#website"},"datePublished":"2016-01-11T23:00:00+00:00","breadcrumb":{"@id":"https:\/\/lightweb.dev\/l\/svm-temp\/artiklar\/vad-kravs-av-ett-bra-personlarm\/#breadcrumb"},"inLanguage":"sv-SE","potentialAction":[{"@type":"ReadAction","target":["https:\/\/lightweb.dev\/l\/svm-temp\/artiklar\/vad-kravs-av-ett-bra-personlarm\/"]}]},{"@type":"BreadcrumbList","@id":"https:\/\/lightweb.dev\/l\/svm-temp\/artiklar\/vad-kravs-av-ett-bra-personlarm\/#breadcrumb","itemListElement":[{"@type":"ListItem","position":1,"name":"Hem","item":"https:\/\/lightweb.dev\/l\/svm-temp\/"},{"@type":"ListItem","position":2,"name":"Vad kr\u00e4vs av ett bra personlarm?"}]},{"@type":"WebSite","@id":"https:\/\/lightweb.dev\/l\/svm-temp\/#website","url":"https:\/\/lightweb.dev\/l\/svm-temp\/","name":"Svenska Magasinet","description":"Dina Spanska nyheter p&aring; Svenska","publisher":{"@id":"https:\/\/lightweb.dev\/l\/svm-temp\/#organization"},"potentialAction":[{"@type":"SearchAction","target":{"@type":"EntryPoint","urlTemplate":"https:\/\/lightweb.dev\/l\/svm-temp\/?s={search_term_string}"},"query-input":{"@type":"PropertyValueSpecification","valueRequired":true,"valueName":"search_term_string"}}],"inLanguage":"sv-SE"},{"@type":"Organization","@id":"https:\/\/lightweb.dev\/l\/svm-temp\/#organization","name":"Melkerson y Nott SL","alternateName":"Svenska Magasinet","url":"https:\/\/lightweb.dev\/l\/svm-temp\/","logo":{"@type":"ImageObject","inLanguage":"sv-SE","@id":"https:\/\/lightweb.dev\/l\/svm-temp\/#\/schema\/logo\/image\/","url":"https:\/\/lightweb.dev\/l\/svm-temp\/wp-content\/uploads\/2025\/02\/SvM-logo-Xtra-Centrerad-SVART.png","contentUrl":"https:\/\/lightweb.dev\/l\/svm-temp\/wp-content\/uploads\/2025\/02\/SvM-logo-Xtra-Centrerad-SVART.png","width":300,"height":99,"caption":"Melkerson y Nott SL"},"image":{"@id":"https:\/\/lightweb.dev\/l\/svm-temp\/#\/schema\/logo\/image\/"},"sameAs":["https:\/\/www.facebook.com\/svenskamagasinet","https:\/\/x.com\/SvenskaMagasine"]},{"@type":"Person","@id":"https:\/\/lightweb.dev\/l\/svm-temp\/#\/schema\/person\/206a3bda5b607b0c25e1749191e4d837","name":"Redaktionen SvM","description":"Redaktionen","sameAs":["https:\/\/lightweb.dev\/l\/svm-temp"],"url":"https:\/\/lightweb.dev\/l\/svm-temp\/reporter\/redaktionen\/"}]}},"_links":{"self":[{"href":"https:\/\/lightweb.dev\/l\/svm-temp\/wp-json\/wp\/v2\/posts\/4811","targetHints":{"allow":["GET"]}}],"collection":[{"href":"https:\/\/lightweb.dev\/l\/svm-temp\/wp-json\/wp\/v2\/posts"}],"about":[{"href":"https:\/\/lightweb.dev\/l\/svm-temp\/wp-json\/wp\/v2\/types\/post"}],"author":[{"embeddable":true,"href":"https:\/\/lightweb.dev\/l\/svm-temp\/wp-json\/wp\/v2\/users\/8"}],"replies":[{"embeddable":true,"href":"https:\/\/lightweb.dev\/l\/svm-temp\/wp-json\/wp\/v2\/comments?post=4811"}],"version-history":[{"count":0,"href":"https:\/\/lightweb.dev\/l\/svm-temp\/wp-json\/wp\/v2\/posts\/4811\/revisions"}],"wp:attachment":[{"href":"https:\/\/lightweb.dev\/l\/svm-temp\/wp-json\/wp\/v2\/media?parent=4811"}],"wp:term":[{"taxonomy":"category","embeddable":true,"href":"https:\/\/lightweb.dev\/l\/svm-temp\/wp-json\/wp\/v2\/categories?post=4811"},{"taxonomy":"post_tag","embeddable":true,"href":"https:\/\/lightweb.dev\/l\/svm-temp\/wp-json\/wp\/v2\/tags?post=4811"}],"curies":[{"name":"wp","href":"https:\/\/api.w.org\/{rel}","templated":true}]}}