{"id":4834,"date":"2016-01-11T00:00:00","date_gmt":"2016-01-10T23:00:00","guid":{"rendered":"https:\/\/lightweb.dev\/l\/svm-temp\/kommunikation-da-och-nu-del-2\/"},"modified":"2016-01-11T00:00:00","modified_gmt":"2016-01-10T23:00:00","slug":"kommunikation-da-och-nu-del-2","status":"publish","type":"post","link":"https:\/\/lightweb.dev\/l\/svm-temp\/artiklar\/kommunikation-da-och-nu-del-2\/","title":{"rendered":"Kommunikation d\u00e5 och nu. Del 2"},"content":{"rendered":"<p> \u00c4r den &#8221;smarta&#8221; tekniken ett bidrag till v\u00e5r f\u00f6rm\u00e5ga att kommunicera, eller i vissa fall en f\u00e4lla f\u00f6r den? Kanske finns en risk att n\u00e5got g\u00e5r f\u00f6rlorat i kontakten med andra n\u00e4r vi allt oftare kommunicerar genom en sk\u00e4rm. Av Hanna Willix, Leg. Psykolog<br \/>\ne-post: hannawillix@gmail.com<br \/>\nLinkedIn: Hanna Willix<br \/>\n+46 70 356 86 15<br \/>\n+34 684 363 922<\/p>\n<p>Vilka f\u00f6rdelar finns med att g\u00e5 i psykologisk behandling via Skype? Och framf\u00f6rallt &#8211; hur f\u00e5r vi ut det mesta och det b\u00e4sta av tekniken, utan att sj\u00e4lva drunkna i informationsfl\u00f6det?<\/p>\n<p>N\u00e4r det g\u00e4ller kommunikation med hj\u00e4lp av modern teknik \u00e4r det som diskuteras kanske inte kommunikationen i sig; utan f\u00f6r\u00e4ndringen som sker i v\u00e5rt s\u00e4tt att kommunicera med varandra, och de medel vi allt oftare anv\u00e4nder. Vissa uttrycker oro f\u00f6r att surfplattor och \u201dsmarta telefoner\u201d ska ta \u00f6ver och ers\u00e4tta annan kommunikation mellan m\u00e4nniskor.<\/p>\n<p>Farh\u00e5gor kring att annan interaktion skulle ers\u00e4ttas av den digitala, det vill s\u00e4ga att vi skulle sluta prata med varandra ansikte mot ansikte och ist\u00e4llet \u00f6verg\u00e5 till att allt oftare skicka sms, chatta, maila och \u201dumg\u00e5s\u201d i den virtuella v\u00e4rlden. Men fr\u00e5gan \u00e4r om det verkligen beh\u00f6ver handla om antingen eller, eller om man snarare b\u00f6r se de olika s\u00e4tten att kommunicera som komplement till varandra?<\/p>\n<p>Det finns ocks\u00e5 m\u00e5nga som upplever kommunikation och umg\u00e4nge via internet som en r\u00e4ddning. Har man till exempel sv\u00e5rt med direkta sociala relationer av olika anledningar, kan utbytet och gemenskapen med andra i ett chattforum fungera som en fristad. Att kunna uttrycka sina \u00e5sikter, diskutera och fundera tillsammans med andra, utan att beh\u00f6va genomlida till exempel direkt \u00f6gonkontakt eller riskera pinsamma, tysta pauser, lockar m\u00e5nga.<\/p>\n<p>F\u00f6r vissa kan en tillg\u00e5ng som denna m\u00f6jligg\u00f6ra kontakter och relationer som man annars inte hade skaffat sig. P\u00e5 samma s\u00e4tt kan kontakt med en psykolog via n\u00e4tet fungera som en inledning f\u00f6r vissa, en kontakt man kanske annars inte hade tagit eller en kontakt som m\u00f6jligg\u00f6rs trots stora avst\u00e5nd.<\/p>\n<p>Vad \u00e4r syftet med kommunikation? Kommunikation \u00e4r m\u00e4nniskans fr\u00e4msta redskap f\u00f6r att t\u00e4nka, f\u00f6rst\u00e5 och l\u00e4ra. Genom kommunikation utvecklar vi v\u00e5r identitet, uttrycker k\u00e4nslor och tankar, och inte minst kan vi genom kommunikation ocks\u00e5 f\u00f6rst\u00e5 hur andra k\u00e4nner och t\u00e4nker. Kommunikation bidrar till f\u00f6ruts\u00e4ttningarna f\u00f6r oss att vara delaktiga i samh\u00e4llet. Man brukar dock s\u00e4ga att den st\u00f6rsta delen av vad vi f\u00f6rmedlar och kommunicerar inte kommer ur just orden vi anv\u00e4nder, utan av andra signaler; exempelvis kroppsspr\u00e5k.<\/p>\n<p>Vilka signaler skickar en person med en mobiltelefon i handen? Kanske n\u00e5got i stil med: \u201djag \u00e4r upptagen med n\u00e5gonting annat just nu\u201d. Ber man personen i fr\u00e5ga att l\u00e4gga ifr\u00e5n sig telefonen, uppst\u00e5r pl\u00f6tsligt andra f\u00f6rv\u00e4ntningar p\u00e5 samtalet; hade man verkligen n\u00e5got viktigt att s\u00e4ga? Hur ska man kunna konkurrera med vad som finns i telefonen; hela v\u00e4rlden?<\/p>\n<p>N\u00e5got intressant att komma tillbaka till \u00e4r fr\u00e5gan om hur vi m\u00e4nniskor p\u00e5verkas mentalt av att ha hela v\u00e4rlden i v\u00e5ra h\u00e4nder, tjugofyra timmar om dygnet. Hur kan vi f\u00f6rh\u00e5lla oss? \u00c4r v\u00e5ra hj\u00e4rnor rustade f\u00f6r att hantera all den information vi f\u00e5r till oss, eller har tekniken utvecklats s\u00e5 snabbt att vi \u00e4nnu inte hunnit anpassa oss?<\/p>\n<p>Med en enkel knapptryckning kan vi f\u00e5 del av b\u00e5de vad grannen \u00e4ter till middag och samtidigt f\u00e5 rapporter om vad som h\u00e4nder med utsatta flyktingar i krigsomr\u00e5den, bilder fr\u00e5n terroristd\u00e5d, sjukdomsepidemier, demonstrationer och v\u00e4ldigt mycket annat. Vad fokuserar vi p\u00e5 i detta fl\u00f6de av information och kunskap; v\u00e4rlden som presenteras i apparaten i v\u00e5ra h\u00e4nder, eller den mindre v\u00e4rlden som finns och sker omedelbart runt omkring oss?<br \/>\nKanske finns egentligen inte n\u00e5gon mening med att g\u00f6ra skillnad mellan dessa tv\u00e5. Det \u00e4r ju samma v\u00e4rld, resonemanget g\u00e4ller snarare hur mycket vi \u00e4r kapabla att ta in; t\u00e4nka p\u00e5, k\u00e4nna med, p\u00e5 en och samma g\u00e5ng.<\/p>\n<p>Vi kan s\u00e4kert vara \u00f6verens om att tillg\u00e5ngen till nya s\u00e4tt att kommunicera och h\u00e5lla kontakten, informera oss om omv\u00e4rlden, \u00e4r bra. Men kanske \u00e4r det n\u00e5gonstans h\u00e4r vi befinner oss \u2013 vi har tillg\u00e5ng till allt detta, oftast gillar vi det och vi f\u00e5r bekr\u00e4ftelse av att anv\u00e4nda det, men m\u00f6jligen har det g\u00e5tt s\u00e5 fort fram\u00e5t att vi beh\u00f6ver \u00f6va oss i hur vi f\u00f6rh\u00e5ller oss till det. Hitta n\u00e5gon slags balans i anv\u00e4ndandet.<\/p>\n<p>Alla har vi n\u00e5gon g\u00e5ng fallit i samma (mobila) f\u00e4lla \u2013 men n\u00e4sta g\u00e5ng du \u00e4r tillsammans med din b\u00e4sta v\u00e4n, testa mobil-\/teknikfritt en stund och se vad som h\u00e4nder!<\/p>\n","protected":false},"excerpt":{"rendered":"<p>\u00c4r den &#8221;smarta&#8221; tekniken ett bidrag till v\u00e5r f\u00f6rm\u00e5ga att kommunicera, eller i vissa fall en f\u00e4lla f\u00f6r den? Kanske finns en risk att n\u00e5got g\u00e5r f\u00f6rlorat i kontakten med andra n\u00e4r vi allt oftare kommunicerar genom en sk\u00e4rm. Av Hanna Willix, Leg. Psykolog e-post: hannawillix@gmail.com LinkedIn: Hanna Willix +46 70 356 86 15 +34 [&hellip;]<\/p>\n","protected":false},"author":8,"featured_media":4835,"comment_status":"open","ping_status":"open","sticky":false,"template":"","format":"standard","meta":{"_et_pb_use_builder":"","_et_pb_old_content":"","_et_gb_content_width":"","footnotes":""},"categories":[396,4],"tags":[],"class_list":["post-4834","post","type-post","status-publish","format-standard","has-post-thumbnail","hentry","category-arkiv-artiklar","category-artiklar"],"yoast_head":"<!-- This site is optimized with the Yoast SEO Premium plugin v26.2 (Yoast SEO v27.4) - https:\/\/yoast.com\/product\/yoast-seo-premium-wordpress\/ -->\n<title>Kommunikation d\u00e5 och nu. Del 2 - Svenska Magasinet<\/title>\n<meta name=\"robots\" content=\"noindex, follow, max-snippet:-1, max-image-preview:large, max-video-preview:-1\" \/>\n<meta property=\"og:locale\" content=\"sv_SE\" \/>\n<meta property=\"og:type\" content=\"article\" \/>\n<meta property=\"og:title\" content=\"Kommunikation d\u00e5 och nu. Del 2\" \/>\n<meta property=\"og:description\" content=\"\u00c4r den &#8221;smarta&#8221; tekniken ett bidrag till v\u00e5r f\u00f6rm\u00e5ga att kommunicera, eller i vissa fall en f\u00e4lla f\u00f6r den? Kanske finns en risk att n\u00e5got g\u00e5r f\u00f6rlorat i kontakten med andra n\u00e4r vi allt oftare kommunicerar genom en sk\u00e4rm. Av Hanna Willix, Leg. Psykolog e-post: hannawillix@gmail.com LinkedIn: Hanna Willix +46 70 356 86 15 +34 [&hellip;]\" \/>\n<meta property=\"og:url\" content=\"https:\/\/lightweb.dev\/l\/svm-temp\/artiklar\/kommunikation-da-och-nu-del-2\/\" \/>\n<meta property=\"og:site_name\" content=\"Svenska Magasinet\" \/>\n<meta property=\"article:publisher\" content=\"https:\/\/www.facebook.com\/svenskamagasinet\" \/>\n<meta property=\"article:published_time\" content=\"2016-01-10T23:00:00+00:00\" \/>\n<meta property=\"og:image\" content=\"https:\/\/lightweb.dev\/l\/svm-temp\/wp-content\/uploads\/2022\/04\/kommunikation-d-och-nu-del-2.png\" \/>\n\t<meta property=\"og:image:width\" content=\"280\" \/>\n\t<meta property=\"og:image:height\" content=\"210\" \/>\n\t<meta property=\"og:image:type\" content=\"image\/png\" \/>\n<meta name=\"author\" content=\"Redaktionen SvM\" \/>\n<meta name=\"twitter:card\" content=\"summary_large_image\" \/>\n<meta name=\"twitter:creator\" content=\"@SvenskaMagasine\" \/>\n<meta name=\"twitter:site\" content=\"@SvenskaMagasine\" \/>\n<script type=\"application\/ld+json\" class=\"yoast-schema-graph\">{\"@context\":\"https:\\\/\\\/schema.org\",\"@graph\":[{\"@type\":\"Article\",\"@id\":\"https:\\\/\\\/lightweb.dev\\\/l\\\/svm-temp\\\/artiklar\\\/kommunikation-da-och-nu-del-2\\\/#article\",\"isPartOf\":{\"@id\":\"https:\\\/\\\/lightweb.dev\\\/l\\\/svm-temp\\\/artiklar\\\/kommunikation-da-och-nu-del-2\\\/\"},\"author\":{\"name\":\"Redaktionen SvM\",\"@id\":\"https:\\\/\\\/lightweb.dev\\\/l\\\/svm-temp\\\/#\\\/schema\\\/person\\\/206a3bda5b607b0c25e1749191e4d837\"},\"headline\":\"Kommunikation d\u00e5 och nu. Del 2\",\"datePublished\":\"2016-01-10T23:00:00+00:00\",\"mainEntityOfPage\":{\"@id\":\"https:\\\/\\\/lightweb.dev\\\/l\\\/svm-temp\\\/artiklar\\\/kommunikation-da-och-nu-del-2\\\/\"},\"wordCount\":871,\"commentCount\":0,\"publisher\":{\"@id\":\"https:\\\/\\\/lightweb.dev\\\/l\\\/svm-temp\\\/#organization\"},\"image\":{\"@id\":\"https:\\\/\\\/lightweb.dev\\\/l\\\/svm-temp\\\/artiklar\\\/kommunikation-da-och-nu-del-2\\\/#primaryimage\"},\"thumbnailUrl\":\"https:\\\/\\\/lightweb.dev\\\/l\\\/svm-temp\\\/wp-content\\\/uploads\\\/2022\\\/04\\\/kommunikation-d-och-nu-del-2.png\",\"articleSection\":[\"Arkiv\",\"Artiklar\"],\"inLanguage\":\"sv-SE\"},{\"@type\":\"WebPage\",\"@id\":\"https:\\\/\\\/lightweb.dev\\\/l\\\/svm-temp\\\/artiklar\\\/kommunikation-da-och-nu-del-2\\\/\",\"url\":\"https:\\\/\\\/lightweb.dev\\\/l\\\/svm-temp\\\/artiklar\\\/kommunikation-da-och-nu-del-2\\\/\",\"name\":\"Kommunikation d\u00e5 och nu. Del 2 - Svenska Magasinet\",\"isPartOf\":{\"@id\":\"https:\\\/\\\/lightweb.dev\\\/l\\\/svm-temp\\\/#website\"},\"primaryImageOfPage\":{\"@id\":\"https:\\\/\\\/lightweb.dev\\\/l\\\/svm-temp\\\/artiklar\\\/kommunikation-da-och-nu-del-2\\\/#primaryimage\"},\"image\":{\"@id\":\"https:\\\/\\\/lightweb.dev\\\/l\\\/svm-temp\\\/artiklar\\\/kommunikation-da-och-nu-del-2\\\/#primaryimage\"},\"thumbnailUrl\":\"https:\\\/\\\/lightweb.dev\\\/l\\\/svm-temp\\\/wp-content\\\/uploads\\\/2022\\\/04\\\/kommunikation-d-och-nu-del-2.png\",\"datePublished\":\"2016-01-10T23:00:00+00:00\",\"breadcrumb\":{\"@id\":\"https:\\\/\\\/lightweb.dev\\\/l\\\/svm-temp\\\/artiklar\\\/kommunikation-da-och-nu-del-2\\\/#breadcrumb\"},\"inLanguage\":\"sv-SE\",\"potentialAction\":[{\"@type\":\"ReadAction\",\"target\":[\"https:\\\/\\\/lightweb.dev\\\/l\\\/svm-temp\\\/artiklar\\\/kommunikation-da-och-nu-del-2\\\/\"]}]},{\"@type\":\"ImageObject\",\"inLanguage\":\"sv-SE\",\"@id\":\"https:\\\/\\\/lightweb.dev\\\/l\\\/svm-temp\\\/artiklar\\\/kommunikation-da-och-nu-del-2\\\/#primaryimage\",\"url\":\"https:\\\/\\\/lightweb.dev\\\/l\\\/svm-temp\\\/wp-content\\\/uploads\\\/2022\\\/04\\\/kommunikation-d-och-nu-del-2.png\",\"contentUrl\":\"https:\\\/\\\/lightweb.dev\\\/l\\\/svm-temp\\\/wp-content\\\/uploads\\\/2022\\\/04\\\/kommunikation-d-och-nu-del-2.png\",\"width\":280,\"height\":210},{\"@type\":\"BreadcrumbList\",\"@id\":\"https:\\\/\\\/lightweb.dev\\\/l\\\/svm-temp\\\/artiklar\\\/kommunikation-da-och-nu-del-2\\\/#breadcrumb\",\"itemListElement\":[{\"@type\":\"ListItem\",\"position\":1,\"name\":\"Hem\",\"item\":\"https:\\\/\\\/lightweb.dev\\\/l\\\/svm-temp\\\/\"},{\"@type\":\"ListItem\",\"position\":2,\"name\":\"Kommunikation d\u00e5 och nu. Del 2\"}]},{\"@type\":\"WebSite\",\"@id\":\"https:\\\/\\\/lightweb.dev\\\/l\\\/svm-temp\\\/#website\",\"url\":\"https:\\\/\\\/lightweb.dev\\\/l\\\/svm-temp\\\/\",\"name\":\"Svenska Magasinet\",\"description\":\"Dina Spanska nyheter p&aring; Svenska\",\"publisher\":{\"@id\":\"https:\\\/\\\/lightweb.dev\\\/l\\\/svm-temp\\\/#organization\"},\"potentialAction\":[{\"@type\":\"SearchAction\",\"target\":{\"@type\":\"EntryPoint\",\"urlTemplate\":\"https:\\\/\\\/lightweb.dev\\\/l\\\/svm-temp\\\/?s={search_term_string}\"},\"query-input\":{\"@type\":\"PropertyValueSpecification\",\"valueRequired\":true,\"valueName\":\"search_term_string\"}}],\"inLanguage\":\"sv-SE\"},{\"@type\":\"Organization\",\"@id\":\"https:\\\/\\\/lightweb.dev\\\/l\\\/svm-temp\\\/#organization\",\"name\":\"Melkerson y Nott SL\",\"alternateName\":\"Svenska Magasinet\",\"url\":\"https:\\\/\\\/lightweb.dev\\\/l\\\/svm-temp\\\/\",\"logo\":{\"@type\":\"ImageObject\",\"inLanguage\":\"sv-SE\",\"@id\":\"https:\\\/\\\/lightweb.dev\\\/l\\\/svm-temp\\\/#\\\/schema\\\/logo\\\/image\\\/\",\"url\":\"https:\\\/\\\/lightweb.dev\\\/l\\\/svm-temp\\\/wp-content\\\/uploads\\\/2025\\\/02\\\/SvM-logo-Xtra-Centrerad-SVART.png\",\"contentUrl\":\"https:\\\/\\\/lightweb.dev\\\/l\\\/svm-temp\\\/wp-content\\\/uploads\\\/2025\\\/02\\\/SvM-logo-Xtra-Centrerad-SVART.png\",\"width\":300,\"height\":99,\"caption\":\"Melkerson y Nott SL\"},\"image\":{\"@id\":\"https:\\\/\\\/lightweb.dev\\\/l\\\/svm-temp\\\/#\\\/schema\\\/logo\\\/image\\\/\"},\"sameAs\":[\"https:\\\/\\\/www.facebook.com\\\/svenskamagasinet\",\"https:\\\/\\\/x.com\\\/SvenskaMagasine\"]},{\"@type\":\"Person\",\"@id\":\"https:\\\/\\\/lightweb.dev\\\/l\\\/svm-temp\\\/#\\\/schema\\\/person\\\/206a3bda5b607b0c25e1749191e4d837\",\"name\":\"Redaktionen SvM\",\"description\":\"Redaktionen\",\"sameAs\":[\"https:\\\/\\\/lightweb.dev\\\/l\\\/svm-temp\"],\"url\":\"https:\\\/\\\/lightweb.dev\\\/l\\\/svm-temp\\\/reporter\\\/redaktionen\\\/\"}]}<\/script>\n<!-- \/ Yoast SEO Premium plugin. -->","yoast_head_json":{"title":"Kommunikation d\u00e5 och nu. Del 2 - Svenska Magasinet","robots":{"index":"noindex","follow":"follow","max-snippet":"max-snippet:-1","max-image-preview":"max-image-preview:large","max-video-preview":"max-video-preview:-1"},"og_locale":"sv_SE","og_type":"article","og_title":"Kommunikation d\u00e5 och nu. Del 2","og_description":"\u00c4r den &#8221;smarta&#8221; tekniken ett bidrag till v\u00e5r f\u00f6rm\u00e5ga att kommunicera, eller i vissa fall en f\u00e4lla f\u00f6r den? Kanske finns en risk att n\u00e5got g\u00e5r f\u00f6rlorat i kontakten med andra n\u00e4r vi allt oftare kommunicerar genom en sk\u00e4rm. Av Hanna Willix, Leg. Psykolog e-post: hannawillix@gmail.com LinkedIn: Hanna Willix +46 70 356 86 15 +34 [&hellip;]","og_url":"https:\/\/lightweb.dev\/l\/svm-temp\/artiklar\/kommunikation-da-och-nu-del-2\/","og_site_name":"Svenska Magasinet","article_publisher":"https:\/\/www.facebook.com\/svenskamagasinet","article_published_time":"2016-01-10T23:00:00+00:00","og_image":[{"width":280,"height":210,"url":"https:\/\/lightweb.dev\/l\/svm-temp\/wp-content\/uploads\/2022\/04\/kommunikation-d-och-nu-del-2.png","type":"image\/png"}],"author":"Redaktionen SvM","twitter_card":"summary_large_image","twitter_creator":"@SvenskaMagasine","twitter_site":"@SvenskaMagasine","schema":{"@context":"https:\/\/schema.org","@graph":[{"@type":"Article","@id":"https:\/\/lightweb.dev\/l\/svm-temp\/artiklar\/kommunikation-da-och-nu-del-2\/#article","isPartOf":{"@id":"https:\/\/lightweb.dev\/l\/svm-temp\/artiklar\/kommunikation-da-och-nu-del-2\/"},"author":{"name":"Redaktionen SvM","@id":"https:\/\/lightweb.dev\/l\/svm-temp\/#\/schema\/person\/206a3bda5b607b0c25e1749191e4d837"},"headline":"Kommunikation d\u00e5 och nu. Del 2","datePublished":"2016-01-10T23:00:00+00:00","mainEntityOfPage":{"@id":"https:\/\/lightweb.dev\/l\/svm-temp\/artiklar\/kommunikation-da-och-nu-del-2\/"},"wordCount":871,"commentCount":0,"publisher":{"@id":"https:\/\/lightweb.dev\/l\/svm-temp\/#organization"},"image":{"@id":"https:\/\/lightweb.dev\/l\/svm-temp\/artiklar\/kommunikation-da-och-nu-del-2\/#primaryimage"},"thumbnailUrl":"https:\/\/lightweb.dev\/l\/svm-temp\/wp-content\/uploads\/2022\/04\/kommunikation-d-och-nu-del-2.png","articleSection":["Arkiv","Artiklar"],"inLanguage":"sv-SE"},{"@type":"WebPage","@id":"https:\/\/lightweb.dev\/l\/svm-temp\/artiklar\/kommunikation-da-och-nu-del-2\/","url":"https:\/\/lightweb.dev\/l\/svm-temp\/artiklar\/kommunikation-da-och-nu-del-2\/","name":"Kommunikation d\u00e5 och nu. Del 2 - Svenska Magasinet","isPartOf":{"@id":"https:\/\/lightweb.dev\/l\/svm-temp\/#website"},"primaryImageOfPage":{"@id":"https:\/\/lightweb.dev\/l\/svm-temp\/artiklar\/kommunikation-da-och-nu-del-2\/#primaryimage"},"image":{"@id":"https:\/\/lightweb.dev\/l\/svm-temp\/artiklar\/kommunikation-da-och-nu-del-2\/#primaryimage"},"thumbnailUrl":"https:\/\/lightweb.dev\/l\/svm-temp\/wp-content\/uploads\/2022\/04\/kommunikation-d-och-nu-del-2.png","datePublished":"2016-01-10T23:00:00+00:00","breadcrumb":{"@id":"https:\/\/lightweb.dev\/l\/svm-temp\/artiklar\/kommunikation-da-och-nu-del-2\/#breadcrumb"},"inLanguage":"sv-SE","potentialAction":[{"@type":"ReadAction","target":["https:\/\/lightweb.dev\/l\/svm-temp\/artiklar\/kommunikation-da-och-nu-del-2\/"]}]},{"@type":"ImageObject","inLanguage":"sv-SE","@id":"https:\/\/lightweb.dev\/l\/svm-temp\/artiklar\/kommunikation-da-och-nu-del-2\/#primaryimage","url":"https:\/\/lightweb.dev\/l\/svm-temp\/wp-content\/uploads\/2022\/04\/kommunikation-d-och-nu-del-2.png","contentUrl":"https:\/\/lightweb.dev\/l\/svm-temp\/wp-content\/uploads\/2022\/04\/kommunikation-d-och-nu-del-2.png","width":280,"height":210},{"@type":"BreadcrumbList","@id":"https:\/\/lightweb.dev\/l\/svm-temp\/artiklar\/kommunikation-da-och-nu-del-2\/#breadcrumb","itemListElement":[{"@type":"ListItem","position":1,"name":"Hem","item":"https:\/\/lightweb.dev\/l\/svm-temp\/"},{"@type":"ListItem","position":2,"name":"Kommunikation d\u00e5 och nu. Del 2"}]},{"@type":"WebSite","@id":"https:\/\/lightweb.dev\/l\/svm-temp\/#website","url":"https:\/\/lightweb.dev\/l\/svm-temp\/","name":"Svenska Magasinet","description":"Dina Spanska nyheter p&aring; Svenska","publisher":{"@id":"https:\/\/lightweb.dev\/l\/svm-temp\/#organization"},"potentialAction":[{"@type":"SearchAction","target":{"@type":"EntryPoint","urlTemplate":"https:\/\/lightweb.dev\/l\/svm-temp\/?s={search_term_string}"},"query-input":{"@type":"PropertyValueSpecification","valueRequired":true,"valueName":"search_term_string"}}],"inLanguage":"sv-SE"},{"@type":"Organization","@id":"https:\/\/lightweb.dev\/l\/svm-temp\/#organization","name":"Melkerson y Nott SL","alternateName":"Svenska Magasinet","url":"https:\/\/lightweb.dev\/l\/svm-temp\/","logo":{"@type":"ImageObject","inLanguage":"sv-SE","@id":"https:\/\/lightweb.dev\/l\/svm-temp\/#\/schema\/logo\/image\/","url":"https:\/\/lightweb.dev\/l\/svm-temp\/wp-content\/uploads\/2025\/02\/SvM-logo-Xtra-Centrerad-SVART.png","contentUrl":"https:\/\/lightweb.dev\/l\/svm-temp\/wp-content\/uploads\/2025\/02\/SvM-logo-Xtra-Centrerad-SVART.png","width":300,"height":99,"caption":"Melkerson y Nott SL"},"image":{"@id":"https:\/\/lightweb.dev\/l\/svm-temp\/#\/schema\/logo\/image\/"},"sameAs":["https:\/\/www.facebook.com\/svenskamagasinet","https:\/\/x.com\/SvenskaMagasine"]},{"@type":"Person","@id":"https:\/\/lightweb.dev\/l\/svm-temp\/#\/schema\/person\/206a3bda5b607b0c25e1749191e4d837","name":"Redaktionen SvM","description":"Redaktionen","sameAs":["https:\/\/lightweb.dev\/l\/svm-temp"],"url":"https:\/\/lightweb.dev\/l\/svm-temp\/reporter\/redaktionen\/"}]}},"_links":{"self":[{"href":"https:\/\/lightweb.dev\/l\/svm-temp\/wp-json\/wp\/v2\/posts\/4834","targetHints":{"allow":["GET"]}}],"collection":[{"href":"https:\/\/lightweb.dev\/l\/svm-temp\/wp-json\/wp\/v2\/posts"}],"about":[{"href":"https:\/\/lightweb.dev\/l\/svm-temp\/wp-json\/wp\/v2\/types\/post"}],"author":[{"embeddable":true,"href":"https:\/\/lightweb.dev\/l\/svm-temp\/wp-json\/wp\/v2\/users\/8"}],"replies":[{"embeddable":true,"href":"https:\/\/lightweb.dev\/l\/svm-temp\/wp-json\/wp\/v2\/comments?post=4834"}],"version-history":[{"count":0,"href":"https:\/\/lightweb.dev\/l\/svm-temp\/wp-json\/wp\/v2\/posts\/4834\/revisions"}],"wp:featuredmedia":[{"embeddable":true,"href":"https:\/\/lightweb.dev\/l\/svm-temp\/wp-json\/wp\/v2\/media\/4835"}],"wp:attachment":[{"href":"https:\/\/lightweb.dev\/l\/svm-temp\/wp-json\/wp\/v2\/media?parent=4834"}],"wp:term":[{"taxonomy":"category","embeddable":true,"href":"https:\/\/lightweb.dev\/l\/svm-temp\/wp-json\/wp\/v2\/categories?post=4834"},{"taxonomy":"post_tag","embeddable":true,"href":"https:\/\/lightweb.dev\/l\/svm-temp\/wp-json\/wp\/v2\/tags?post=4834"}],"curies":[{"name":"wp","href":"https:\/\/api.w.org\/{rel}","templated":true}]}}