{"id":4848,"date":"2015-12-10T00:00:00","date_gmt":"2015-12-09T23:00:00","guid":{"rendered":"https:\/\/lightweb.dev\/l\/svm-temp\/underifran-neandertal\/"},"modified":"2015-12-10T00:00:00","modified_gmt":"2015-12-09T23:00:00","slug":"underifran-neandertal","status":"publish","type":"post","link":"https:\/\/lightweb.dev\/l\/svm-temp\/artiklar\/underifran-neandertal\/","title":{"rendered":"Underifr\u00e5n: Neandertal"},"content":{"rendered":"<p> F\u00f6r ett tag sedan l\u00e4ste jag en artikel som var f\u00f6r intressant f\u00f6r att jag skulle kunna h\u00e5lla den f\u00f6r mig sj\u00e4lv. Det visar sig n\u00e4mligen att neanderthal-m\u00e4nniskan inte \u00e4r utd\u00f6d som man alltid trott. Av Hans G<br \/>\ne-post: hansgmijas@gmail.com<\/p>\n<p>Denna primitiva f\u00f6reg\u00e5ngare till oss alla dog, enligt all tidigare forskning, ut f\u00f6r s\u00e5 d\u00e4r 40.000 \u00e5r sedan. Men det \u00e4r faktiskt inte sant, hen knallar fortfarande runt bland oss och st\u00e4ller till det. Saken \u00e4r n\u00e4mligen den att vi  i genomsnitt har f\u00e5tt cirka 1,3 procent av v\u00e5ra gener fr\u00e5n de h\u00e4r kamraterna. Men det blir v\u00e4rre.<\/p>\n<p>Forskarna har ocks\u00e5 konstaterat att bland vissa folkgrupper som lever isolerat och utan st\u00f6rre kontakt med omv\u00e4rlden s\u00e5 kan \u00e4nda upp till 20 procent av deras gener vara arv fr\u00e5n Neandertalarna. Det \u00e4r ju ganska fantastiskt. Ett primitivt g\u00e4ng som vi trodde var utd\u00f6da sedan 40.000 \u00e5r s\u00e4tter fortfarande sin pr\u00e4gel p\u00e5 vissa m\u00e4nniskor. Det skulle ju ocks\u00e5 i sin tur kunna vara en sorts f\u00f6rklaring till varf\u00f6r mycket ser ut som det g\u00f6r och vissa t\u00e4nker som dom t\u00e4nker.<\/p>\n<p>Sk\u00e4let att dom f\u00f6rsvann  och bara l\u00e4mnade DNA efter sig var givetvis i f\u00f6rsta hand inavel. Neandertalarna blandade sig inte med andra, fattas bara, utan h\u00f6ll sig strikt till den egna rasen och det b\u00e4ddade f\u00f6r att de inte lyckades med att klamra sig kvar. Men, och nu blir det riktigt intressant, inavel var inte enda orsaken. Det berodde ocks\u00e5 p\u00e5 att de isolerade sig fr\u00e5n omv\u00e4rlden och d\u00e4rf\u00f6r inte fick n\u00e5gra nya, friska gener. F\u00f6r enligt forskarna \u00e4r genetiskt utbyte detsamma som friskt blod. Sk\u00f6ldpaddorna p\u00e5 Galapagos-\u00f6arna blir som dom blir d\u00e4rf\u00f6r att dom bor d\u00e4r dom bor. Som det var en g\u00e5ng i tiden p\u00e5 en liten \u00f6 i Bohusl\u00e4n d\u00e4r i stort sett alla hade samma efternamn. Men s\u00e5 d\u00f6k det upp sommarg\u00e4ster som sedan blev \u00e5ret-om boende och s\u00e5 r\u00e4ttade saker och ting s\u00e5 sakteliga till sig. Lite likt det som h\u00e4nde i Bergslagen i mitten av 1600-talet.<\/p>\n<p>Gustaf den andre Adolf beh\u00f6vde mer kanoner och kanonkulor f\u00f6r sina krig mot katolikerna och tyckte att det gick f\u00f6r l\u00e5ngsamt uppe i skogarna s\u00e5 han beordrade Louis de Geer att importera ett hundratal valloner f\u00f6r att f\u00e5 fr\u00e4s p\u00e5 saker och ting. Och fr\u00e4s blev det, b\u00e5de p\u00e5 krigen och p\u00e5 Bergslagen. Det \u00e4r lustigt att lite annorlunda visioner kan g\u00f6ra s\u00e5 mycket.<\/p>\n<p>N\u00e5v\u00e4l, nog om detta f\u00f6r nu st\u00e5r hjulen, julen menar jag, f\u00f6r d\u00f6rren och tomten har inte g\u00e5tt i pension \u00e4nnu s\u00e5 det blir full rulle som vanligt. Sj\u00e4lv \u00f6nskar jag mig en ny flanellpyjamas, om det nu \u00e4r n\u00e5gon trevlig l\u00e4sare som \u00e4r stadd vid kassa. (Paketet kan l\u00e4mnas in till Kustradions kontor.) Sj\u00e4lv skall jag ocks\u00e5 p\u00e5 s\u00e4tt och vis agera jultomte, fast utan luva. Juan, som \u00e4ger v\u00e4rldens b\u00e4sta bar, El Ni\u00f1o i Mijas Pueblo, arrangerar n\u00e4mligen julklapps-insamling varje \u00e5r. Det \u00e4r till alla barn i byn vars f\u00f6r\u00e4ldrar inte har r\u00e5d med n\u00e5gra extravaganser och dom \u00e4r ganska m\u00e5nga. S\u00e5 har ni v\u00e4garna f\u00f6rbi \u00e4r ett bidrag v\u00e4lkommet, det beh\u00f6ver inte vara n\u00e5got dyrt, det \u00e4r tanken som r\u00e4knas.<\/p>\n<p>Innan vi h\u00f6rs igen i januari s\u00e5 har det varit val h\u00e4r i Spanien och det l\u00e4r jag f\u00e5 sk\u00e4l att \u00e5terkomma till men redan nu kan man ju ha en from f\u00f6rhoppning om att det inte g\u00e5r s\u00e4rskilt bra f\u00f6r Mariano \u201dahoj med r framf\u00f6r\u201d s\u00e5 att vi bland annat kan bli av med \u201dmunkavlelagen\u201d. Och honom.<\/p>\n<p>S\u00e5 en God Jul och ett Gott Nytt \u00c5r p\u00e5 er alla tappra l\u00e4sare.<br \/>\nSaludos amigas\/os<br \/>\nM\u00e5 v\u00e4 och ta hand om er<\/p>\n","protected":false},"excerpt":{"rendered":"<p>F\u00f6r ett tag sedan l\u00e4ste jag en artikel som var f\u00f6r intressant f\u00f6r att jag skulle kunna h\u00e5lla den f\u00f6r mig sj\u00e4lv. Det visar sig n\u00e4mligen att neanderthal-m\u00e4nniskan inte \u00e4r utd\u00f6d som man alltid trott. Av Hans G e-post: hansgmijas@gmail.com Denna primitiva f\u00f6reg\u00e5ngare till oss alla dog, enligt all tidigare forskning, ut f\u00f6r s\u00e5 d\u00e4r [&hellip;]<\/p>\n","protected":false},"author":8,"featured_media":4849,"comment_status":"open","ping_status":"open","sticky":false,"template":"","format":"standard","meta":{"_et_pb_use_builder":"","_et_pb_old_content":"","_et_gb_content_width":"","footnotes":""},"categories":[396,4],"tags":[],"class_list":["post-4848","post","type-post","status-publish","format-standard","has-post-thumbnail","hentry","category-arkiv-artiklar","category-artiklar"],"yoast_head":"<!-- This site is optimized with the Yoast SEO Premium plugin v26.2 (Yoast SEO v27.5) - https:\/\/yoast.com\/product\/yoast-seo-premium-wordpress\/ -->\n<title>Underifr\u00e5n: Neandertal - Svenska Magasinet<\/title>\n<meta name=\"robots\" content=\"noindex, follow, max-snippet:-1, max-image-preview:large, max-video-preview:-1\" \/>\n<meta property=\"og:locale\" content=\"sv_SE\" \/>\n<meta property=\"og:type\" content=\"article\" \/>\n<meta property=\"og:title\" content=\"Underifr\u00e5n: Neandertal\" \/>\n<meta property=\"og:description\" content=\"F\u00f6r ett tag sedan l\u00e4ste jag en artikel som var f\u00f6r intressant f\u00f6r att jag skulle kunna h\u00e5lla den f\u00f6r mig sj\u00e4lv. Det visar sig n\u00e4mligen att neanderthal-m\u00e4nniskan inte \u00e4r utd\u00f6d som man alltid trott. Av Hans G e-post: hansgmijas@gmail.com Denna primitiva f\u00f6reg\u00e5ngare till oss alla dog, enligt all tidigare forskning, ut f\u00f6r s\u00e5 d\u00e4r [&hellip;]\" \/>\n<meta property=\"og:url\" content=\"https:\/\/lightweb.dev\/l\/svm-temp\/artiklar\/underifran-neandertal\/\" \/>\n<meta property=\"og:site_name\" content=\"Svenska Magasinet\" \/>\n<meta property=\"article:publisher\" content=\"https:\/\/www.facebook.com\/svenskamagasinet\" \/>\n<meta property=\"article:published_time\" content=\"2015-12-09T23:00:00+00:00\" \/>\n<meta property=\"og:image\" content=\"https:\/\/lightweb.dev\/l\/svm-temp\/wp-content\/uploads\/2022\/04\/underifrn-neandertal.png\" \/>\n\t<meta property=\"og:image:width\" content=\"280\" \/>\n\t<meta property=\"og:image:height\" content=\"498\" \/>\n\t<meta property=\"og:image:type\" content=\"image\/png\" \/>\n<meta name=\"author\" content=\"Redaktionen SvM\" \/>\n<meta name=\"twitter:card\" content=\"summary_large_image\" \/>\n<meta name=\"twitter:creator\" content=\"@SvenskaMagasine\" \/>\n<meta name=\"twitter:site\" content=\"@SvenskaMagasine\" \/>\n<script type=\"application\/ld+json\" class=\"yoast-schema-graph\">{\"@context\":\"https:\\\/\\\/schema.org\",\"@graph\":[{\"@type\":\"Article\",\"@id\":\"https:\\\/\\\/lightweb.dev\\\/l\\\/svm-temp\\\/artiklar\\\/underifran-neandertal\\\/#article\",\"isPartOf\":{\"@id\":\"https:\\\/\\\/lightweb.dev\\\/l\\\/svm-temp\\\/artiklar\\\/underifran-neandertal\\\/\"},\"author\":{\"name\":\"Redaktionen SvM\",\"@id\":\"https:\\\/\\\/lightweb.dev\\\/l\\\/svm-temp\\\/#\\\/schema\\\/person\\\/206a3bda5b607b0c25e1749191e4d837\"},\"headline\":\"Underifr\u00e5n: Neandertal\",\"datePublished\":\"2015-12-09T23:00:00+00:00\",\"mainEntityOfPage\":{\"@id\":\"https:\\\/\\\/lightweb.dev\\\/l\\\/svm-temp\\\/artiklar\\\/underifran-neandertal\\\/\"},\"wordCount\":705,\"commentCount\":0,\"publisher\":{\"@id\":\"https:\\\/\\\/lightweb.dev\\\/l\\\/svm-temp\\\/#organization\"},\"image\":{\"@id\":\"https:\\\/\\\/lightweb.dev\\\/l\\\/svm-temp\\\/artiklar\\\/underifran-neandertal\\\/#primaryimage\"},\"thumbnailUrl\":\"https:\\\/\\\/lightweb.dev\\\/l\\\/svm-temp\\\/wp-content\\\/uploads\\\/2022\\\/04\\\/underifrn-neandertal.png\",\"articleSection\":[\"Arkiv\",\"Artiklar\"],\"inLanguage\":\"sv-SE\"},{\"@type\":\"WebPage\",\"@id\":\"https:\\\/\\\/lightweb.dev\\\/l\\\/svm-temp\\\/artiklar\\\/underifran-neandertal\\\/\",\"url\":\"https:\\\/\\\/lightweb.dev\\\/l\\\/svm-temp\\\/artiklar\\\/underifran-neandertal\\\/\",\"name\":\"Underifr\u00e5n: Neandertal - Svenska Magasinet\",\"isPartOf\":{\"@id\":\"https:\\\/\\\/lightweb.dev\\\/l\\\/svm-temp\\\/#website\"},\"primaryImageOfPage\":{\"@id\":\"https:\\\/\\\/lightweb.dev\\\/l\\\/svm-temp\\\/artiklar\\\/underifran-neandertal\\\/#primaryimage\"},\"image\":{\"@id\":\"https:\\\/\\\/lightweb.dev\\\/l\\\/svm-temp\\\/artiklar\\\/underifran-neandertal\\\/#primaryimage\"},\"thumbnailUrl\":\"https:\\\/\\\/lightweb.dev\\\/l\\\/svm-temp\\\/wp-content\\\/uploads\\\/2022\\\/04\\\/underifrn-neandertal.png\",\"datePublished\":\"2015-12-09T23:00:00+00:00\",\"breadcrumb\":{\"@id\":\"https:\\\/\\\/lightweb.dev\\\/l\\\/svm-temp\\\/artiklar\\\/underifran-neandertal\\\/#breadcrumb\"},\"inLanguage\":\"sv-SE\",\"potentialAction\":[{\"@type\":\"ReadAction\",\"target\":[\"https:\\\/\\\/lightweb.dev\\\/l\\\/svm-temp\\\/artiklar\\\/underifran-neandertal\\\/\"]}]},{\"@type\":\"ImageObject\",\"inLanguage\":\"sv-SE\",\"@id\":\"https:\\\/\\\/lightweb.dev\\\/l\\\/svm-temp\\\/artiklar\\\/underifran-neandertal\\\/#primaryimage\",\"url\":\"https:\\\/\\\/lightweb.dev\\\/l\\\/svm-temp\\\/wp-content\\\/uploads\\\/2022\\\/04\\\/underifrn-neandertal.png\",\"contentUrl\":\"https:\\\/\\\/lightweb.dev\\\/l\\\/svm-temp\\\/wp-content\\\/uploads\\\/2022\\\/04\\\/underifrn-neandertal.png\",\"width\":280,\"height\":498},{\"@type\":\"BreadcrumbList\",\"@id\":\"https:\\\/\\\/lightweb.dev\\\/l\\\/svm-temp\\\/artiklar\\\/underifran-neandertal\\\/#breadcrumb\",\"itemListElement\":[{\"@type\":\"ListItem\",\"position\":1,\"name\":\"Hem\",\"item\":\"https:\\\/\\\/lightweb.dev\\\/l\\\/svm-temp\\\/\"},{\"@type\":\"ListItem\",\"position\":2,\"name\":\"Underifr\u00e5n: Neandertal\"}]},{\"@type\":\"WebSite\",\"@id\":\"https:\\\/\\\/lightweb.dev\\\/l\\\/svm-temp\\\/#website\",\"url\":\"https:\\\/\\\/lightweb.dev\\\/l\\\/svm-temp\\\/\",\"name\":\"Svenska Magasinet\",\"description\":\"Dina Spanska nyheter p&aring; Svenska\",\"publisher\":{\"@id\":\"https:\\\/\\\/lightweb.dev\\\/l\\\/svm-temp\\\/#organization\"},\"potentialAction\":[{\"@type\":\"SearchAction\",\"target\":{\"@type\":\"EntryPoint\",\"urlTemplate\":\"https:\\\/\\\/lightweb.dev\\\/l\\\/svm-temp\\\/?s={search_term_string}\"},\"query-input\":{\"@type\":\"PropertyValueSpecification\",\"valueRequired\":true,\"valueName\":\"search_term_string\"}}],\"inLanguage\":\"sv-SE\"},{\"@type\":\"Organization\",\"@id\":\"https:\\\/\\\/lightweb.dev\\\/l\\\/svm-temp\\\/#organization\",\"name\":\"Melkerson y Nott SL\",\"alternateName\":\"Svenska Magasinet\",\"url\":\"https:\\\/\\\/lightweb.dev\\\/l\\\/svm-temp\\\/\",\"logo\":{\"@type\":\"ImageObject\",\"inLanguage\":\"sv-SE\",\"@id\":\"https:\\\/\\\/lightweb.dev\\\/l\\\/svm-temp\\\/#\\\/schema\\\/logo\\\/image\\\/\",\"url\":\"https:\\\/\\\/lightweb.dev\\\/l\\\/svm-temp\\\/wp-content\\\/uploads\\\/2025\\\/02\\\/SvM-logo-Xtra-Centrerad-SVART.png\",\"contentUrl\":\"https:\\\/\\\/lightweb.dev\\\/l\\\/svm-temp\\\/wp-content\\\/uploads\\\/2025\\\/02\\\/SvM-logo-Xtra-Centrerad-SVART.png\",\"width\":300,\"height\":99,\"caption\":\"Melkerson y Nott SL\"},\"image\":{\"@id\":\"https:\\\/\\\/lightweb.dev\\\/l\\\/svm-temp\\\/#\\\/schema\\\/logo\\\/image\\\/\"},\"sameAs\":[\"https:\\\/\\\/www.facebook.com\\\/svenskamagasinet\",\"https:\\\/\\\/x.com\\\/SvenskaMagasine\"]},{\"@type\":\"Person\",\"@id\":\"https:\\\/\\\/lightweb.dev\\\/l\\\/svm-temp\\\/#\\\/schema\\\/person\\\/206a3bda5b607b0c25e1749191e4d837\",\"name\":\"Redaktionen SvM\",\"description\":\"Redaktionen\",\"sameAs\":[\"https:\\\/\\\/lightweb.dev\\\/l\\\/svm-temp\"],\"url\":\"https:\\\/\\\/lightweb.dev\\\/l\\\/svm-temp\\\/reporter\\\/redaktionen\\\/\"}]}<\/script>\n<!-- \/ Yoast SEO Premium plugin. -->","yoast_head_json":{"title":"Underifr\u00e5n: Neandertal - Svenska Magasinet","robots":{"index":"noindex","follow":"follow","max-snippet":"max-snippet:-1","max-image-preview":"max-image-preview:large","max-video-preview":"max-video-preview:-1"},"og_locale":"sv_SE","og_type":"article","og_title":"Underifr\u00e5n: Neandertal","og_description":"F\u00f6r ett tag sedan l\u00e4ste jag en artikel som var f\u00f6r intressant f\u00f6r att jag skulle kunna h\u00e5lla den f\u00f6r mig sj\u00e4lv. Det visar sig n\u00e4mligen att neanderthal-m\u00e4nniskan inte \u00e4r utd\u00f6d som man alltid trott. Av Hans G e-post: hansgmijas@gmail.com Denna primitiva f\u00f6reg\u00e5ngare till oss alla dog, enligt all tidigare forskning, ut f\u00f6r s\u00e5 d\u00e4r [&hellip;]","og_url":"https:\/\/lightweb.dev\/l\/svm-temp\/artiklar\/underifran-neandertal\/","og_site_name":"Svenska Magasinet","article_publisher":"https:\/\/www.facebook.com\/svenskamagasinet","article_published_time":"2015-12-09T23:00:00+00:00","og_image":[{"width":280,"height":498,"url":"https:\/\/lightweb.dev\/l\/svm-temp\/wp-content\/uploads\/2022\/04\/underifrn-neandertal.png","type":"image\/png"}],"author":"Redaktionen SvM","twitter_card":"summary_large_image","twitter_creator":"@SvenskaMagasine","twitter_site":"@SvenskaMagasine","schema":{"@context":"https:\/\/schema.org","@graph":[{"@type":"Article","@id":"https:\/\/lightweb.dev\/l\/svm-temp\/artiklar\/underifran-neandertal\/#article","isPartOf":{"@id":"https:\/\/lightweb.dev\/l\/svm-temp\/artiklar\/underifran-neandertal\/"},"author":{"name":"Redaktionen SvM","@id":"https:\/\/lightweb.dev\/l\/svm-temp\/#\/schema\/person\/206a3bda5b607b0c25e1749191e4d837"},"headline":"Underifr\u00e5n: Neandertal","datePublished":"2015-12-09T23:00:00+00:00","mainEntityOfPage":{"@id":"https:\/\/lightweb.dev\/l\/svm-temp\/artiklar\/underifran-neandertal\/"},"wordCount":705,"commentCount":0,"publisher":{"@id":"https:\/\/lightweb.dev\/l\/svm-temp\/#organization"},"image":{"@id":"https:\/\/lightweb.dev\/l\/svm-temp\/artiklar\/underifran-neandertal\/#primaryimage"},"thumbnailUrl":"https:\/\/lightweb.dev\/l\/svm-temp\/wp-content\/uploads\/2022\/04\/underifrn-neandertal.png","articleSection":["Arkiv","Artiklar"],"inLanguage":"sv-SE"},{"@type":"WebPage","@id":"https:\/\/lightweb.dev\/l\/svm-temp\/artiklar\/underifran-neandertal\/","url":"https:\/\/lightweb.dev\/l\/svm-temp\/artiklar\/underifran-neandertal\/","name":"Underifr\u00e5n: Neandertal - Svenska Magasinet","isPartOf":{"@id":"https:\/\/lightweb.dev\/l\/svm-temp\/#website"},"primaryImageOfPage":{"@id":"https:\/\/lightweb.dev\/l\/svm-temp\/artiklar\/underifran-neandertal\/#primaryimage"},"image":{"@id":"https:\/\/lightweb.dev\/l\/svm-temp\/artiklar\/underifran-neandertal\/#primaryimage"},"thumbnailUrl":"https:\/\/lightweb.dev\/l\/svm-temp\/wp-content\/uploads\/2022\/04\/underifrn-neandertal.png","datePublished":"2015-12-09T23:00:00+00:00","breadcrumb":{"@id":"https:\/\/lightweb.dev\/l\/svm-temp\/artiklar\/underifran-neandertal\/#breadcrumb"},"inLanguage":"sv-SE","potentialAction":[{"@type":"ReadAction","target":["https:\/\/lightweb.dev\/l\/svm-temp\/artiklar\/underifran-neandertal\/"]}]},{"@type":"ImageObject","inLanguage":"sv-SE","@id":"https:\/\/lightweb.dev\/l\/svm-temp\/artiklar\/underifran-neandertal\/#primaryimage","url":"https:\/\/lightweb.dev\/l\/svm-temp\/wp-content\/uploads\/2022\/04\/underifrn-neandertal.png","contentUrl":"https:\/\/lightweb.dev\/l\/svm-temp\/wp-content\/uploads\/2022\/04\/underifrn-neandertal.png","width":280,"height":498},{"@type":"BreadcrumbList","@id":"https:\/\/lightweb.dev\/l\/svm-temp\/artiklar\/underifran-neandertal\/#breadcrumb","itemListElement":[{"@type":"ListItem","position":1,"name":"Hem","item":"https:\/\/lightweb.dev\/l\/svm-temp\/"},{"@type":"ListItem","position":2,"name":"Underifr\u00e5n: Neandertal"}]},{"@type":"WebSite","@id":"https:\/\/lightweb.dev\/l\/svm-temp\/#website","url":"https:\/\/lightweb.dev\/l\/svm-temp\/","name":"Svenska Magasinet","description":"Dina Spanska nyheter p&aring; Svenska","publisher":{"@id":"https:\/\/lightweb.dev\/l\/svm-temp\/#organization"},"potentialAction":[{"@type":"SearchAction","target":{"@type":"EntryPoint","urlTemplate":"https:\/\/lightweb.dev\/l\/svm-temp\/?s={search_term_string}"},"query-input":{"@type":"PropertyValueSpecification","valueRequired":true,"valueName":"search_term_string"}}],"inLanguage":"sv-SE"},{"@type":"Organization","@id":"https:\/\/lightweb.dev\/l\/svm-temp\/#organization","name":"Melkerson y Nott SL","alternateName":"Svenska Magasinet","url":"https:\/\/lightweb.dev\/l\/svm-temp\/","logo":{"@type":"ImageObject","inLanguage":"sv-SE","@id":"https:\/\/lightweb.dev\/l\/svm-temp\/#\/schema\/logo\/image\/","url":"https:\/\/lightweb.dev\/l\/svm-temp\/wp-content\/uploads\/2025\/02\/SvM-logo-Xtra-Centrerad-SVART.png","contentUrl":"https:\/\/lightweb.dev\/l\/svm-temp\/wp-content\/uploads\/2025\/02\/SvM-logo-Xtra-Centrerad-SVART.png","width":300,"height":99,"caption":"Melkerson y Nott SL"},"image":{"@id":"https:\/\/lightweb.dev\/l\/svm-temp\/#\/schema\/logo\/image\/"},"sameAs":["https:\/\/www.facebook.com\/svenskamagasinet","https:\/\/x.com\/SvenskaMagasine"]},{"@type":"Person","@id":"https:\/\/lightweb.dev\/l\/svm-temp\/#\/schema\/person\/206a3bda5b607b0c25e1749191e4d837","name":"Redaktionen SvM","description":"Redaktionen","sameAs":["https:\/\/lightweb.dev\/l\/svm-temp"],"url":"https:\/\/lightweb.dev\/l\/svm-temp\/reporter\/redaktionen\/"}]}},"_links":{"self":[{"href":"https:\/\/lightweb.dev\/l\/svm-temp\/wp-json\/wp\/v2\/posts\/4848","targetHints":{"allow":["GET"]}}],"collection":[{"href":"https:\/\/lightweb.dev\/l\/svm-temp\/wp-json\/wp\/v2\/posts"}],"about":[{"href":"https:\/\/lightweb.dev\/l\/svm-temp\/wp-json\/wp\/v2\/types\/post"}],"author":[{"embeddable":true,"href":"https:\/\/lightweb.dev\/l\/svm-temp\/wp-json\/wp\/v2\/users\/8"}],"replies":[{"embeddable":true,"href":"https:\/\/lightweb.dev\/l\/svm-temp\/wp-json\/wp\/v2\/comments?post=4848"}],"version-history":[{"count":0,"href":"https:\/\/lightweb.dev\/l\/svm-temp\/wp-json\/wp\/v2\/posts\/4848\/revisions"}],"wp:featuredmedia":[{"embeddable":true,"href":"https:\/\/lightweb.dev\/l\/svm-temp\/wp-json\/wp\/v2\/media\/4849"}],"wp:attachment":[{"href":"https:\/\/lightweb.dev\/l\/svm-temp\/wp-json\/wp\/v2\/media?parent=4848"}],"wp:term":[{"taxonomy":"category","embeddable":true,"href":"https:\/\/lightweb.dev\/l\/svm-temp\/wp-json\/wp\/v2\/categories?post=4848"},{"taxonomy":"post_tag","embeddable":true,"href":"https:\/\/lightweb.dev\/l\/svm-temp\/wp-json\/wp\/v2\/tags?post=4848"}],"curies":[{"name":"wp","href":"https:\/\/api.w.org\/{rel}","templated":true}]}}