{"id":4850,"date":"2015-12-10T00:00:00","date_gmt":"2015-12-09T23:00:00","guid":{"rendered":"https:\/\/lightweb.dev\/l\/svm-temp\/tandvardsradsla\/"},"modified":"2015-12-10T00:00:00","modified_gmt":"2015-12-09T23:00:00","slug":"tandvardsradsla","status":"publish","type":"post","link":"https:\/\/lightweb.dev\/l\/svm-temp\/artiklar\/tandvardsradsla\/","title":{"rendered":"Tandv\u00e5rdsr\u00e4dsla"},"content":{"rendered":"<p> M\u00e5nga lider av tandv\u00e5rdsr\u00e4dsla, men idag kan vi inom tandv\u00e5rden erbjuda mycket hj\u00e4lp och lindring f\u00f6r dig som k\u00e4nner oro. Tandv\u00e5rdsr\u00e4dsla kan bero p\u00e5 tidigare d\u00e5liga erfarenheter av tandv\u00e5rd, men kan allm\u00e4n \u00e5ngest uppst\u00e5 inf\u00f6r tandl\u00e4karbes\u00f6ket. Det sv\u00e5raste f\u00f6r dig som \u00e4r tandv\u00e5rdsr\u00e4dd \u00e4r m\u00e5nga g\u00e5nger att ta kontakt med en tandl\u00e4kare. Det kan vara bra att veta att m\u00e5nga tandv\u00e5rdsteam har som inriktning att hj\u00e4lpa inf\u00f6r stor oro och \u00e5ngest.  Det viktigaste \u00e4r f\u00f6rst och fr\u00e4mst att du som patient trivs och k\u00e4nner dig trygg med din tandl\u00e4kare.<\/p>\n<p>Extrem tandv\u00e5rsr\u00e4dsla<br \/>\nIbland \u00e4r tandv\u00e5rdsr\u00e4dslan s\u00e5 stark att den g\u00f6r att man inte f\u00e5r den tandv\u00e5rd man beh\u00f6ver eller r\u00e4dslan g\u00f6r att man inte fungerar p\u00e5 ett bra s\u00e4tt i andra situationer i livet. Man talar d\u00e5 om tandv\u00e5rdsfobi.<br \/>\nEn stor faktor f\u00f6r att utveckla tandv\u00e5rdsfobi \u00e4r k\u00e4nlsan av total brist p\u00e5 kontroll i tandl\u00e4karstolen. Personer med stark tandv\u00e5rdsr\u00e4dsla som undvikit tandv\u00e5rd under l\u00e5ng tid hamnar ofta i en ond cirkel. R\u00e4dslan och \u00e5ngesten g\u00f6r det om\u00f6jligt att g\u00e5 till tandl\u00e4karen och t\u00e4nderna blir allt s\u00e4mre. Man k\u00e4nner sig pressad socialt och tycker att det syns att man inte varit hos tandl\u00e4karen p\u00e5 l\u00e4nge. Sj\u00e4lvf\u00f6rtroendet sviktar och tandv\u00e5rdsr\u00e4dslan p\u00e5verkar livet i stort och skapar sv\u00e5righeter i umg\u00e4nget med andra.<\/p>\n<p>Sm\u00e4rta och obehag<br \/>\nSm\u00e4rta \u00e4r ett komplicerat sinnesintryck och den p\u00e5verkas starkt av r\u00e4dsla. Det inneb\u00e4r att en r\u00e4dd person kan uppleva sm\u00e4rta trots att en fullgod bed\u00f6vning har lagts. Men det inneb\u00e4r ocks\u00e5 att om kan minska r\u00e4dslan s\u00e5 fungerar bed\u00f6vning mycket b\u00e4ttre. M\u00e5nga behandlingar inneb\u00e4r \u00e4ven obehag, t.ex. vibrationer vid borrning, tryckk\u00e4nsla d\u00e5 t\u00e4nder tas bort och skrapljud d\u00e5 man skrapar tandsten. Intrycken kan bli en skr\u00e4mmande upplevelse och \u00e4r r\u00e4dslan stark kan obehaget vara sv\u00e5r att skilja fr\u00e5n sm\u00e4rta. Har man varit med om behandlingar som varit sm\u00e4rtsamma, \u00e4ven enstaka s\u00e5dana, s\u00e5 pr\u00e4glas man av upplevelsen. Det kr\u00e4vs f\u00e5 d\u00e5liga erfarenheter f\u00f6r att den negativa k\u00e4nslan skall uppkomma medan det kr\u00e4vs m\u00e5nga positiva erfarenheter f\u00f6r att r\u00e4dslan skall f\u00f6rsvinna. Hj\u00e4lpmedel inf\u00f6r bed\u00f6vning finns att f\u00e5, ytbed\u00f6vning (kr\u00e4m), premedicinering (lugnande tablett) eller lustgas.<\/p>\n<p>Tandv\u00e5rdsr\u00e4dsla hos barn<br \/>\nDet \u00e4r vanligt att barn \u00e4r r\u00e4dda f\u00f6r att g\u00e5 till tandl\u00e4karen. Ett tandl\u00e4karbes\u00f6k inneb\u00e4r mycket som kan k\u00e4nnas fr\u00e4mmande. Tandv\u00e5rdsr\u00e4dsla kan bero p\u00e5 m\u00e5nga saker. Ofta har barnet tidigare d\u00e5liga erfarenheter fr\u00e5n tandbehandling, till exempel att det har gjort ont eller att barnet har k\u00e4nt sig kr\u00e4nkt. Barnet kan ocks\u00e5 ha p\u00e5verkats av en vuxen i sin n\u00e4rhet. Ungef\u00e4r vart tionde barn k\u00e4nner r\u00e4dsla inf\u00f6r ett tandl\u00e4karbes\u00f6k, och det \u00e4r vanligast hos yngre barn. Vissa barn tycker att det \u00e4r s\u00e5 obehagligt att de v\u00e4grar, eller uppvisar olika stressymtom.<\/p>\n<p>Vad kan man g\u00f6ra sj\u00e4lv?<br \/>\nOm man g\u00e5r regelbundet till tandv\u00e5rden bidrar det till att barnet k\u00e4nner sig tryggt p\u00e5 tandkliniken. Av tandv\u00e5rdspersonalen f\u00e5r man ocks\u00e5 hj\u00e4lp med r\u00e5d och f\u00f6rebyggande behandlingar mot h\u00e5l i t\u00e4nderna (karies). Det \u00e4r viktigt att man g\u00f6r bes\u00f6ket s\u00e5 naturligt som m\u00f6jligt utan att det f\u00f6rstoras upp. Det \u00e4r ocks\u00e5 bra om man har gott om tid vid bes\u00f6ken s\u00e5 att man kanske kan sitta ner och l\u00e4sa eller leka en stund i v\u00e4ntrummet innan man ropas upp. Om man j\u00e4ktar till tandl\u00e4karen \u00e4r det risk att barnet \u00e4r f\u00f6r mycket uppe i varv och d\u00e5 har sv\u00e5rare att k\u00e4nna sig v\u00e4l tillr\u00e4tta vid bes\u00f6ket. Naturligtvis ska man aldrig hota med tandl\u00e4karen n\u00e4r ett barn till exempel inte vill borsta t\u00e4nderna. Hemma kan man f\u00f6rebygga tandsjukdomar genom att l\u00e4ra barnet sk\u00f6ta om sina t\u00e4nder. Barn beh\u00f6ver hj\u00e4lp med tandborstning. Vad och hur ofta barnet \u00e4ter har ocks\u00e5 betydelse f\u00f6r t\u00e4nderna. Det \u00e4r l\u00e4ttare f\u00f6r barn att klara tandbehandlingar ju \u00e4ldre de blir, eftersom de d\u00e5 b\u00e4ttre f\u00f6rst\u00e5r vad som h\u00e4nder och d\u00e4rmed k\u00e4nner sig trygga i situationen.<\/p>\n<p>Hj\u00e4lp finns att f\u00e5!<br \/>\nDet \u00e4r viktigt att du f\u00e5r diskutera igenom dina alternativ. Vi p\u00e5 Nordic Dental Centre \u00e4r specialiserade p\u00e5 tandv\u00e5rdsr\u00e4dsla. All behandling sker i ditt eget tempo, du ahr alltid m\u00f6jlighet att pausa och sitta upp en stund. Vi kan erbjuda dig premedicinering, lustgas eller i fall vid tandv\u00e5rdsfobi \u00e4ven IV-sedering (en n\u00e5l med lugnande medel i armen). Det viktigaste \u00e4r f\u00f6rst och fr\u00e4mst att du som patient trivs och k\u00e4nner dig trygg hos din tandl\u00e4kare.<\/p>\n","protected":false},"excerpt":{"rendered":"<p>M\u00e5nga lider av tandv\u00e5rdsr\u00e4dsla, men idag kan vi inom tandv\u00e5rden erbjuda mycket hj\u00e4lp och lindring f\u00f6r dig som k\u00e4nner oro. Tandv\u00e5rdsr\u00e4dsla kan bero p\u00e5 tidigare d\u00e5liga erfarenheter av tandv\u00e5rd, men kan allm\u00e4n \u00e5ngest uppst\u00e5 inf\u00f6r tandl\u00e4karbes\u00f6ket. Det sv\u00e5raste f\u00f6r dig som \u00e4r tandv\u00e5rdsr\u00e4dd \u00e4r m\u00e5nga g\u00e5nger att ta kontakt med en tandl\u00e4kare. Det kan vara [&hellip;]<\/p>\n","protected":false},"author":8,"featured_media":0,"comment_status":"open","ping_status":"open","sticky":false,"template":"","format":"standard","meta":{"_et_pb_use_builder":"","_et_pb_old_content":"","_et_gb_content_width":"","footnotes":""},"categories":[396,4],"tags":[],"class_list":["post-4850","post","type-post","status-publish","format-standard","hentry","category-arkiv-artiklar","category-artiklar"],"yoast_head":"<!-- This site is optimized with the Yoast SEO Premium plugin v26.2 (Yoast SEO v27.4) - https:\/\/yoast.com\/product\/yoast-seo-premium-wordpress\/ -->\n<title>Tandv\u00e5rdsr\u00e4dsla - Svenska Magasinet<\/title>\n<meta name=\"robots\" content=\"noindex, follow, max-snippet:-1, max-image-preview:large, max-video-preview:-1\" \/>\n<meta property=\"og:locale\" content=\"sv_SE\" \/>\n<meta property=\"og:type\" content=\"article\" \/>\n<meta property=\"og:title\" content=\"Tandv\u00e5rdsr\u00e4dsla\" \/>\n<meta property=\"og:description\" content=\"M\u00e5nga lider av tandv\u00e5rdsr\u00e4dsla, men idag kan vi inom tandv\u00e5rden erbjuda mycket hj\u00e4lp och lindring f\u00f6r dig som k\u00e4nner oro. Tandv\u00e5rdsr\u00e4dsla kan bero p\u00e5 tidigare d\u00e5liga erfarenheter av tandv\u00e5rd, men kan allm\u00e4n \u00e5ngest uppst\u00e5 inf\u00f6r tandl\u00e4karbes\u00f6ket. Det sv\u00e5raste f\u00f6r dig som \u00e4r tandv\u00e5rdsr\u00e4dd \u00e4r m\u00e5nga g\u00e5nger att ta kontakt med en tandl\u00e4kare. Det kan vara [&hellip;]\" \/>\n<meta property=\"og:url\" content=\"https:\/\/lightweb.dev\/l\/svm-temp\/artiklar\/tandvardsradsla\/\" \/>\n<meta property=\"og:site_name\" content=\"Svenska Magasinet\" \/>\n<meta property=\"article:publisher\" content=\"https:\/\/www.facebook.com\/svenskamagasinet\" \/>\n<meta property=\"article:published_time\" content=\"2015-12-09T23:00:00+00:00\" \/>\n<meta name=\"author\" content=\"Redaktionen SvM\" \/>\n<meta name=\"twitter:card\" content=\"summary_large_image\" \/>\n<meta name=\"twitter:creator\" content=\"@SvenskaMagasine\" \/>\n<meta name=\"twitter:site\" content=\"@SvenskaMagasine\" \/>\n<script type=\"application\/ld+json\" class=\"yoast-schema-graph\">{\"@context\":\"https:\\\/\\\/schema.org\",\"@graph\":[{\"@type\":\"Article\",\"@id\":\"https:\\\/\\\/lightweb.dev\\\/l\\\/svm-temp\\\/artiklar\\\/tandvardsradsla\\\/#article\",\"isPartOf\":{\"@id\":\"https:\\\/\\\/lightweb.dev\\\/l\\\/svm-temp\\\/artiklar\\\/tandvardsradsla\\\/\"},\"author\":{\"name\":\"Redaktionen SvM\",\"@id\":\"https:\\\/\\\/lightweb.dev\\\/l\\\/svm-temp\\\/#\\\/schema\\\/person\\\/206a3bda5b607b0c25e1749191e4d837\"},\"headline\":\"Tandv\u00e5rdsr\u00e4dsla\",\"datePublished\":\"2015-12-09T23:00:00+00:00\",\"mainEntityOfPage\":{\"@id\":\"https:\\\/\\\/lightweb.dev\\\/l\\\/svm-temp\\\/artiklar\\\/tandvardsradsla\\\/\"},\"wordCount\":889,\"commentCount\":0,\"publisher\":{\"@id\":\"https:\\\/\\\/lightweb.dev\\\/l\\\/svm-temp\\\/#organization\"},\"articleSection\":[\"Arkiv\",\"Artiklar\"],\"inLanguage\":\"sv-SE\"},{\"@type\":\"WebPage\",\"@id\":\"https:\\\/\\\/lightweb.dev\\\/l\\\/svm-temp\\\/artiklar\\\/tandvardsradsla\\\/\",\"url\":\"https:\\\/\\\/lightweb.dev\\\/l\\\/svm-temp\\\/artiklar\\\/tandvardsradsla\\\/\",\"name\":\"Tandv\u00e5rdsr\u00e4dsla - Svenska Magasinet\",\"isPartOf\":{\"@id\":\"https:\\\/\\\/lightweb.dev\\\/l\\\/svm-temp\\\/#website\"},\"datePublished\":\"2015-12-09T23:00:00+00:00\",\"breadcrumb\":{\"@id\":\"https:\\\/\\\/lightweb.dev\\\/l\\\/svm-temp\\\/artiklar\\\/tandvardsradsla\\\/#breadcrumb\"},\"inLanguage\":\"sv-SE\",\"potentialAction\":[{\"@type\":\"ReadAction\",\"target\":[\"https:\\\/\\\/lightweb.dev\\\/l\\\/svm-temp\\\/artiklar\\\/tandvardsradsla\\\/\"]}]},{\"@type\":\"BreadcrumbList\",\"@id\":\"https:\\\/\\\/lightweb.dev\\\/l\\\/svm-temp\\\/artiklar\\\/tandvardsradsla\\\/#breadcrumb\",\"itemListElement\":[{\"@type\":\"ListItem\",\"position\":1,\"name\":\"Hem\",\"item\":\"https:\\\/\\\/lightweb.dev\\\/l\\\/svm-temp\\\/\"},{\"@type\":\"ListItem\",\"position\":2,\"name\":\"Tandv\u00e5rdsr\u00e4dsla\"}]},{\"@type\":\"WebSite\",\"@id\":\"https:\\\/\\\/lightweb.dev\\\/l\\\/svm-temp\\\/#website\",\"url\":\"https:\\\/\\\/lightweb.dev\\\/l\\\/svm-temp\\\/\",\"name\":\"Svenska Magasinet\",\"description\":\"Dina Spanska nyheter p&aring; Svenska\",\"publisher\":{\"@id\":\"https:\\\/\\\/lightweb.dev\\\/l\\\/svm-temp\\\/#organization\"},\"potentialAction\":[{\"@type\":\"SearchAction\",\"target\":{\"@type\":\"EntryPoint\",\"urlTemplate\":\"https:\\\/\\\/lightweb.dev\\\/l\\\/svm-temp\\\/?s={search_term_string}\"},\"query-input\":{\"@type\":\"PropertyValueSpecification\",\"valueRequired\":true,\"valueName\":\"search_term_string\"}}],\"inLanguage\":\"sv-SE\"},{\"@type\":\"Organization\",\"@id\":\"https:\\\/\\\/lightweb.dev\\\/l\\\/svm-temp\\\/#organization\",\"name\":\"Melkerson y Nott SL\",\"alternateName\":\"Svenska Magasinet\",\"url\":\"https:\\\/\\\/lightweb.dev\\\/l\\\/svm-temp\\\/\",\"logo\":{\"@type\":\"ImageObject\",\"inLanguage\":\"sv-SE\",\"@id\":\"https:\\\/\\\/lightweb.dev\\\/l\\\/svm-temp\\\/#\\\/schema\\\/logo\\\/image\\\/\",\"url\":\"https:\\\/\\\/lightweb.dev\\\/l\\\/svm-temp\\\/wp-content\\\/uploads\\\/2025\\\/02\\\/SvM-logo-Xtra-Centrerad-SVART.png\",\"contentUrl\":\"https:\\\/\\\/lightweb.dev\\\/l\\\/svm-temp\\\/wp-content\\\/uploads\\\/2025\\\/02\\\/SvM-logo-Xtra-Centrerad-SVART.png\",\"width\":300,\"height\":99,\"caption\":\"Melkerson y Nott SL\"},\"image\":{\"@id\":\"https:\\\/\\\/lightweb.dev\\\/l\\\/svm-temp\\\/#\\\/schema\\\/logo\\\/image\\\/\"},\"sameAs\":[\"https:\\\/\\\/www.facebook.com\\\/svenskamagasinet\",\"https:\\\/\\\/x.com\\\/SvenskaMagasine\"]},{\"@type\":\"Person\",\"@id\":\"https:\\\/\\\/lightweb.dev\\\/l\\\/svm-temp\\\/#\\\/schema\\\/person\\\/206a3bda5b607b0c25e1749191e4d837\",\"name\":\"Redaktionen SvM\",\"description\":\"Redaktionen\",\"sameAs\":[\"https:\\\/\\\/lightweb.dev\\\/l\\\/svm-temp\"],\"url\":\"https:\\\/\\\/lightweb.dev\\\/l\\\/svm-temp\\\/reporter\\\/redaktionen\\\/\"}]}<\/script>\n<!-- \/ Yoast SEO Premium plugin. -->","yoast_head_json":{"title":"Tandv\u00e5rdsr\u00e4dsla - Svenska Magasinet","robots":{"index":"noindex","follow":"follow","max-snippet":"max-snippet:-1","max-image-preview":"max-image-preview:large","max-video-preview":"max-video-preview:-1"},"og_locale":"sv_SE","og_type":"article","og_title":"Tandv\u00e5rdsr\u00e4dsla","og_description":"M\u00e5nga lider av tandv\u00e5rdsr\u00e4dsla, men idag kan vi inom tandv\u00e5rden erbjuda mycket hj\u00e4lp och lindring f\u00f6r dig som k\u00e4nner oro. Tandv\u00e5rdsr\u00e4dsla kan bero p\u00e5 tidigare d\u00e5liga erfarenheter av tandv\u00e5rd, men kan allm\u00e4n \u00e5ngest uppst\u00e5 inf\u00f6r tandl\u00e4karbes\u00f6ket. Det sv\u00e5raste f\u00f6r dig som \u00e4r tandv\u00e5rdsr\u00e4dd \u00e4r m\u00e5nga g\u00e5nger att ta kontakt med en tandl\u00e4kare. Det kan vara [&hellip;]","og_url":"https:\/\/lightweb.dev\/l\/svm-temp\/artiklar\/tandvardsradsla\/","og_site_name":"Svenska Magasinet","article_publisher":"https:\/\/www.facebook.com\/svenskamagasinet","article_published_time":"2015-12-09T23:00:00+00:00","author":"Redaktionen SvM","twitter_card":"summary_large_image","twitter_creator":"@SvenskaMagasine","twitter_site":"@SvenskaMagasine","schema":{"@context":"https:\/\/schema.org","@graph":[{"@type":"Article","@id":"https:\/\/lightweb.dev\/l\/svm-temp\/artiklar\/tandvardsradsla\/#article","isPartOf":{"@id":"https:\/\/lightweb.dev\/l\/svm-temp\/artiklar\/tandvardsradsla\/"},"author":{"name":"Redaktionen SvM","@id":"https:\/\/lightweb.dev\/l\/svm-temp\/#\/schema\/person\/206a3bda5b607b0c25e1749191e4d837"},"headline":"Tandv\u00e5rdsr\u00e4dsla","datePublished":"2015-12-09T23:00:00+00:00","mainEntityOfPage":{"@id":"https:\/\/lightweb.dev\/l\/svm-temp\/artiklar\/tandvardsradsla\/"},"wordCount":889,"commentCount":0,"publisher":{"@id":"https:\/\/lightweb.dev\/l\/svm-temp\/#organization"},"articleSection":["Arkiv","Artiklar"],"inLanguage":"sv-SE"},{"@type":"WebPage","@id":"https:\/\/lightweb.dev\/l\/svm-temp\/artiklar\/tandvardsradsla\/","url":"https:\/\/lightweb.dev\/l\/svm-temp\/artiklar\/tandvardsradsla\/","name":"Tandv\u00e5rdsr\u00e4dsla - Svenska Magasinet","isPartOf":{"@id":"https:\/\/lightweb.dev\/l\/svm-temp\/#website"},"datePublished":"2015-12-09T23:00:00+00:00","breadcrumb":{"@id":"https:\/\/lightweb.dev\/l\/svm-temp\/artiklar\/tandvardsradsla\/#breadcrumb"},"inLanguage":"sv-SE","potentialAction":[{"@type":"ReadAction","target":["https:\/\/lightweb.dev\/l\/svm-temp\/artiklar\/tandvardsradsla\/"]}]},{"@type":"BreadcrumbList","@id":"https:\/\/lightweb.dev\/l\/svm-temp\/artiklar\/tandvardsradsla\/#breadcrumb","itemListElement":[{"@type":"ListItem","position":1,"name":"Hem","item":"https:\/\/lightweb.dev\/l\/svm-temp\/"},{"@type":"ListItem","position":2,"name":"Tandv\u00e5rdsr\u00e4dsla"}]},{"@type":"WebSite","@id":"https:\/\/lightweb.dev\/l\/svm-temp\/#website","url":"https:\/\/lightweb.dev\/l\/svm-temp\/","name":"Svenska Magasinet","description":"Dina Spanska nyheter p&aring; Svenska","publisher":{"@id":"https:\/\/lightweb.dev\/l\/svm-temp\/#organization"},"potentialAction":[{"@type":"SearchAction","target":{"@type":"EntryPoint","urlTemplate":"https:\/\/lightweb.dev\/l\/svm-temp\/?s={search_term_string}"},"query-input":{"@type":"PropertyValueSpecification","valueRequired":true,"valueName":"search_term_string"}}],"inLanguage":"sv-SE"},{"@type":"Organization","@id":"https:\/\/lightweb.dev\/l\/svm-temp\/#organization","name":"Melkerson y Nott SL","alternateName":"Svenska Magasinet","url":"https:\/\/lightweb.dev\/l\/svm-temp\/","logo":{"@type":"ImageObject","inLanguage":"sv-SE","@id":"https:\/\/lightweb.dev\/l\/svm-temp\/#\/schema\/logo\/image\/","url":"https:\/\/lightweb.dev\/l\/svm-temp\/wp-content\/uploads\/2025\/02\/SvM-logo-Xtra-Centrerad-SVART.png","contentUrl":"https:\/\/lightweb.dev\/l\/svm-temp\/wp-content\/uploads\/2025\/02\/SvM-logo-Xtra-Centrerad-SVART.png","width":300,"height":99,"caption":"Melkerson y Nott SL"},"image":{"@id":"https:\/\/lightweb.dev\/l\/svm-temp\/#\/schema\/logo\/image\/"},"sameAs":["https:\/\/www.facebook.com\/svenskamagasinet","https:\/\/x.com\/SvenskaMagasine"]},{"@type":"Person","@id":"https:\/\/lightweb.dev\/l\/svm-temp\/#\/schema\/person\/206a3bda5b607b0c25e1749191e4d837","name":"Redaktionen SvM","description":"Redaktionen","sameAs":["https:\/\/lightweb.dev\/l\/svm-temp"],"url":"https:\/\/lightweb.dev\/l\/svm-temp\/reporter\/redaktionen\/"}]}},"_links":{"self":[{"href":"https:\/\/lightweb.dev\/l\/svm-temp\/wp-json\/wp\/v2\/posts\/4850","targetHints":{"allow":["GET"]}}],"collection":[{"href":"https:\/\/lightweb.dev\/l\/svm-temp\/wp-json\/wp\/v2\/posts"}],"about":[{"href":"https:\/\/lightweb.dev\/l\/svm-temp\/wp-json\/wp\/v2\/types\/post"}],"author":[{"embeddable":true,"href":"https:\/\/lightweb.dev\/l\/svm-temp\/wp-json\/wp\/v2\/users\/8"}],"replies":[{"embeddable":true,"href":"https:\/\/lightweb.dev\/l\/svm-temp\/wp-json\/wp\/v2\/comments?post=4850"}],"version-history":[{"count":0,"href":"https:\/\/lightweb.dev\/l\/svm-temp\/wp-json\/wp\/v2\/posts\/4850\/revisions"}],"wp:attachment":[{"href":"https:\/\/lightweb.dev\/l\/svm-temp\/wp-json\/wp\/v2\/media?parent=4850"}],"wp:term":[{"taxonomy":"category","embeddable":true,"href":"https:\/\/lightweb.dev\/l\/svm-temp\/wp-json\/wp\/v2\/categories?post=4850"},{"taxonomy":"post_tag","embeddable":true,"href":"https:\/\/lightweb.dev\/l\/svm-temp\/wp-json\/wp\/v2\/tags?post=4850"}],"curies":[{"name":"wp","href":"https:\/\/api.w.org\/{rel}","templated":true}]}}