{"id":4865,"date":"2015-12-09T00:00:00","date_gmt":"2015-12-08T23:00:00","guid":{"rendered":"https:\/\/lightweb.dev\/l\/svm-temp\/sa-har-hyllar-federico-garcia-lorca-granatapplet\/"},"modified":"2015-12-09T00:00:00","modified_gmt":"2015-12-08T23:00:00","slug":"sa-har-hyllar-federico-garcia-lorca-granatapplet","status":"publish","type":"post","link":"https:\/\/lightweb.dev\/l\/svm-temp\/artiklar\/sa-har-hyllar-federico-garcia-lorca-granatapplet\/","title":{"rendered":"S\u00e5 h\u00e4r hyllar Federico Garcia Lorca granat\u00e4pplet"},"content":{"rendered":"<p> Det h\u00e4r blir min sista flora och jag avslutar med en gammal f\u00f6rn\u00e4mlig bekant som ni m\u00f6tt flera g\u00e5nger. Granat\u00e4pple (Punica granatum).<br \/>\n Text\/Foto: Lennart Ekman<br \/>\ne-post: lennartekman@hotmail.com<\/p>\n<p>S\u00e5 h\u00e4r hyllar Federico Garcia Lorca frukten.<br \/>\nEs la granada olorosa &#8211; Det doftande granat\u00e4pplet<br \/>\nun cielo cristalizado &#8211; \u00e4r himlen kristalliserad<br \/>\ncada grano is una estrella &#8211; varje fr\u00f6 \u00e4r en stj\u00e4rna<br \/>\ncada velo es un ocaso. &#8211; varje sl\u00f6ja \u00e4r en solnedg\u00e5ng.<\/p>\n<p>P\u00e5 de ber\u00f6mda Ebers papyrer skrivna 1500 f Kr finner man en l\u00e5ng lista p\u00e5 hur stor nytta man kan ha av granat\u00e4pplen. 1000 \u00e5r tidigare m\u00e5lade egyptierna dem i sina gravar.<br \/>\nIslam placerar granat\u00e4pplet som ett tr\u00e4d i paradiset och i Bibeln m\u00f6ter man frukten i H\u00f6ga visan. I tidiga bilder av Jesusbarnet har han ett granat\u00e4pple i handen, en symbol f\u00f6r fruktsamhet och rikedom.<\/p>\n<p>I den grekiska\/romerska mytologin m\u00f6ter man ett drama d\u00e4r Persefone, Zeus dotter, \u00e4tit en granatk\u00e4rna som Hades gett henne och d\u00e4rmed ans\u00e5gs de gifta. Men hon slapp vara i underjorden hos Hades mer \u00e4n halva \u00e5ret (vintern) f\u00f6r Zeus best\u00e4mde att Persefone fick vara hos m\u00e4nniskorna den andra halvan (dvs sommaren).<\/p>\n<p>Vi m\u00f6ter granat\u00e4pplet i handen p\u00e5 Paris p\u00e5 berget Ida d\u00e4r han best\u00e4mmer sig f\u00f6r att ge det till Helena, den vackraste av gracerna.<\/p>\n<p>Fenicierna eller punerna som de ocks\u00e5 kallades, odlade busken, och d\u00e4rf\u00f6r kallade romarna den f\u00f6r det puniska \u00e4pplet. B\u00e5de araberna och romarna odlade sedan granat\u00e4pplen i Spanien. Man uppskattade f\u00f6rst\u00e5s b\u00e5de m\u00f6jligheten till att s\u00e4tta piff p\u00e5 sallader, att anv\u00e4nda till dryck och till att bota sjukdomar.<br \/>\nDrycken kallades grenadin och utvecklades senare till Campari. Numera framst\u00e4lls drycken med andra medel. Man kunde ocks\u00e5 f\u00e4rga ylle med k\u00e4rnorna.<\/p>\n<p>I Japan \u00e4r det popul\u00e4rt att skapa miniatyrtr\u00e4d, bonsai. Granat\u00e4ppelbusken har visat sig vara en utm\u00e4rkt utg\u00e5ngspunkt.<br \/>\nI Kina gav man l\u00e4nge nygifta ett granat\u00e4pple med hopp om fruktsamhet. Efter ettbarnsreformen bytte man till en persika!<\/p>\n<p>Numera ser vi ofta granat\u00e4pplet som symbol p\u00e5 porslin fr\u00e5n Granada. Det \u00e4r lite omtvistat om det verkligen \u00e4r busken som gett namn till staden. Man p\u00e5minns ju ocks\u00e5 av handgranater och d\u00e4r \u00e4r det v\u00e4l ganska klart att frukten f\u00e5tt ge namn till projektilen. Likheten \u00e4r ju sl\u00e5ende.<br \/>\nEtt s\u00e4kert st\u00e4lle att se bilden av ett granat\u00e4pple \u00e4r p\u00e5 Spaniens stadsvapen. Allra l\u00e4ngst ner mellan pelarna ser man en liten kvist.<\/p>\n<p>Rent praktiskt kan det ju vara sv\u00e5rt att plocka ut k\u00e4rnorna. D\u00e5 finns det hj\u00e4lp p\u00e5 YouTube: Como sacar las semillas a la granada eller Como abrir una granada, t ex.<\/p>\n","protected":false},"excerpt":{"rendered":"<p>Det h\u00e4r blir min sista flora och jag avslutar med en gammal f\u00f6rn\u00e4mlig bekant som ni m\u00f6tt flera g\u00e5nger. Granat\u00e4pple (Punica granatum). Text\/Foto: Lennart Ekman e-post: lennartekman@hotmail.com S\u00e5 h\u00e4r hyllar Federico Garcia Lorca frukten. Es la granada olorosa &#8211; Det doftande granat\u00e4pplet un cielo cristalizado &#8211; \u00e4r himlen kristalliserad cada grano is una estrella &#8211; [&hellip;]<\/p>\n","protected":false},"author":8,"featured_media":4866,"comment_status":"open","ping_status":"open","sticky":false,"template":"","format":"standard","meta":{"_et_pb_use_builder":"","_et_pb_old_content":"","_et_gb_content_width":"","footnotes":""},"categories":[4,37],"tags":[],"class_list":["post-4865","post","type-post","status-publish","format-standard","has-post-thumbnail","hentry","category-artiklar","category-hem-bostad"],"yoast_head":"<!-- This site is optimized with the Yoast SEO Premium plugin v26.2 (Yoast SEO v27.4) - https:\/\/yoast.com\/product\/yoast-seo-premium-wordpress\/ -->\n<title>S\u00e5 h\u00e4r hyllar Federico Garcia Lorca granat\u00e4pplet - Svenska Magasinet<\/title>\n<meta name=\"robots\" content=\"noindex, follow, max-snippet:-1, max-image-preview:large, max-video-preview:-1\" \/>\n<meta property=\"og:locale\" content=\"sv_SE\" \/>\n<meta property=\"og:type\" content=\"article\" \/>\n<meta property=\"og:title\" content=\"S\u00e5 h\u00e4r hyllar Federico Garcia Lorca granat\u00e4pplet\" \/>\n<meta property=\"og:description\" content=\"Det h\u00e4r blir min sista flora och jag avslutar med en gammal f\u00f6rn\u00e4mlig bekant som ni m\u00f6tt flera g\u00e5nger. Granat\u00e4pple (Punica granatum). Text\/Foto: Lennart Ekman e-post: lennartekman@hotmail.com S\u00e5 h\u00e4r hyllar Federico Garcia Lorca frukten. Es la granada olorosa &#8211; Det doftande granat\u00e4pplet un cielo cristalizado &#8211; \u00e4r himlen kristalliserad cada grano is una estrella &#8211; [&hellip;]\" \/>\n<meta property=\"og:url\" content=\"https:\/\/lightweb.dev\/l\/svm-temp\/artiklar\/sa-har-hyllar-federico-garcia-lorca-granatapplet\/\" \/>\n<meta property=\"og:site_name\" content=\"Svenska Magasinet\" \/>\n<meta property=\"article:publisher\" content=\"https:\/\/www.facebook.com\/svenskamagasinet\" \/>\n<meta property=\"article:published_time\" content=\"2015-12-08T23:00:00+00:00\" \/>\n<meta property=\"og:image\" content=\"https:\/\/lightweb.dev\/l\/svm-temp\/wp-content\/uploads\/2022\/04\/s-hr-hyllar-federico-garcia-lorca-granatpplet.png\" \/>\n\t<meta property=\"og:image:width\" content=\"280\" \/>\n\t<meta property=\"og:image:height\" content=\"210\" \/>\n\t<meta property=\"og:image:type\" content=\"image\/png\" \/>\n<meta name=\"author\" content=\"Redaktionen SvM\" \/>\n<meta name=\"twitter:card\" content=\"summary_large_image\" \/>\n<meta name=\"twitter:creator\" content=\"@SvenskaMagasine\" \/>\n<meta name=\"twitter:site\" content=\"@SvenskaMagasine\" \/>\n<script type=\"application\/ld+json\" class=\"yoast-schema-graph\">{\"@context\":\"https:\\\/\\\/schema.org\",\"@graph\":[{\"@type\":\"Article\",\"@id\":\"https:\\\/\\\/lightweb.dev\\\/l\\\/svm-temp\\\/artiklar\\\/sa-har-hyllar-federico-garcia-lorca-granatapplet\\\/#article\",\"isPartOf\":{\"@id\":\"https:\\\/\\\/lightweb.dev\\\/l\\\/svm-temp\\\/artiklar\\\/sa-har-hyllar-federico-garcia-lorca-granatapplet\\\/\"},\"author\":{\"name\":\"Redaktionen SvM\",\"@id\":\"https:\\\/\\\/lightweb.dev\\\/l\\\/svm-temp\\\/#\\\/schema\\\/person\\\/206a3bda5b607b0c25e1749191e4d837\"},\"headline\":\"S\u00e5 h\u00e4r hyllar Federico Garcia Lorca granat\u00e4pplet\",\"datePublished\":\"2015-12-08T23:00:00+00:00\",\"mainEntityOfPage\":{\"@id\":\"https:\\\/\\\/lightweb.dev\\\/l\\\/svm-temp\\\/artiklar\\\/sa-har-hyllar-federico-garcia-lorca-granatapplet\\\/\"},\"wordCount\":499,\"commentCount\":0,\"publisher\":{\"@id\":\"https:\\\/\\\/lightweb.dev\\\/l\\\/svm-temp\\\/#organization\"},\"image\":{\"@id\":\"https:\\\/\\\/lightweb.dev\\\/l\\\/svm-temp\\\/artiklar\\\/sa-har-hyllar-federico-garcia-lorca-granatapplet\\\/#primaryimage\"},\"thumbnailUrl\":\"https:\\\/\\\/lightweb.dev\\\/l\\\/svm-temp\\\/wp-content\\\/uploads\\\/2022\\\/04\\\/s-hr-hyllar-federico-garcia-lorca-granatpplet.png\",\"articleSection\":[\"Artiklar\",\"Hem &amp; bostad\"],\"inLanguage\":\"sv-SE\"},{\"@type\":\"WebPage\",\"@id\":\"https:\\\/\\\/lightweb.dev\\\/l\\\/svm-temp\\\/artiklar\\\/sa-har-hyllar-federico-garcia-lorca-granatapplet\\\/\",\"url\":\"https:\\\/\\\/lightweb.dev\\\/l\\\/svm-temp\\\/artiklar\\\/sa-har-hyllar-federico-garcia-lorca-granatapplet\\\/\",\"name\":\"S\u00e5 h\u00e4r hyllar Federico Garcia Lorca granat\u00e4pplet - Svenska Magasinet\",\"isPartOf\":{\"@id\":\"https:\\\/\\\/lightweb.dev\\\/l\\\/svm-temp\\\/#website\"},\"primaryImageOfPage\":{\"@id\":\"https:\\\/\\\/lightweb.dev\\\/l\\\/svm-temp\\\/artiklar\\\/sa-har-hyllar-federico-garcia-lorca-granatapplet\\\/#primaryimage\"},\"image\":{\"@id\":\"https:\\\/\\\/lightweb.dev\\\/l\\\/svm-temp\\\/artiklar\\\/sa-har-hyllar-federico-garcia-lorca-granatapplet\\\/#primaryimage\"},\"thumbnailUrl\":\"https:\\\/\\\/lightweb.dev\\\/l\\\/svm-temp\\\/wp-content\\\/uploads\\\/2022\\\/04\\\/s-hr-hyllar-federico-garcia-lorca-granatpplet.png\",\"datePublished\":\"2015-12-08T23:00:00+00:00\",\"breadcrumb\":{\"@id\":\"https:\\\/\\\/lightweb.dev\\\/l\\\/svm-temp\\\/artiklar\\\/sa-har-hyllar-federico-garcia-lorca-granatapplet\\\/#breadcrumb\"},\"inLanguage\":\"sv-SE\",\"potentialAction\":[{\"@type\":\"ReadAction\",\"target\":[\"https:\\\/\\\/lightweb.dev\\\/l\\\/svm-temp\\\/artiklar\\\/sa-har-hyllar-federico-garcia-lorca-granatapplet\\\/\"]}]},{\"@type\":\"ImageObject\",\"inLanguage\":\"sv-SE\",\"@id\":\"https:\\\/\\\/lightweb.dev\\\/l\\\/svm-temp\\\/artiklar\\\/sa-har-hyllar-federico-garcia-lorca-granatapplet\\\/#primaryimage\",\"url\":\"https:\\\/\\\/lightweb.dev\\\/l\\\/svm-temp\\\/wp-content\\\/uploads\\\/2022\\\/04\\\/s-hr-hyllar-federico-garcia-lorca-granatpplet.png\",\"contentUrl\":\"https:\\\/\\\/lightweb.dev\\\/l\\\/svm-temp\\\/wp-content\\\/uploads\\\/2022\\\/04\\\/s-hr-hyllar-federico-garcia-lorca-granatpplet.png\",\"width\":280,\"height\":210},{\"@type\":\"BreadcrumbList\",\"@id\":\"https:\\\/\\\/lightweb.dev\\\/l\\\/svm-temp\\\/artiklar\\\/sa-har-hyllar-federico-garcia-lorca-granatapplet\\\/#breadcrumb\",\"itemListElement\":[{\"@type\":\"ListItem\",\"position\":1,\"name\":\"Hem\",\"item\":\"https:\\\/\\\/lightweb.dev\\\/l\\\/svm-temp\\\/\"},{\"@type\":\"ListItem\",\"position\":2,\"name\":\"S\u00e5 h\u00e4r hyllar Federico Garcia Lorca granat\u00e4pplet\"}]},{\"@type\":\"WebSite\",\"@id\":\"https:\\\/\\\/lightweb.dev\\\/l\\\/svm-temp\\\/#website\",\"url\":\"https:\\\/\\\/lightweb.dev\\\/l\\\/svm-temp\\\/\",\"name\":\"Svenska Magasinet\",\"description\":\"Dina Spanska nyheter p&aring; Svenska\",\"publisher\":{\"@id\":\"https:\\\/\\\/lightweb.dev\\\/l\\\/svm-temp\\\/#organization\"},\"potentialAction\":[{\"@type\":\"SearchAction\",\"target\":{\"@type\":\"EntryPoint\",\"urlTemplate\":\"https:\\\/\\\/lightweb.dev\\\/l\\\/svm-temp\\\/?s={search_term_string}\"},\"query-input\":{\"@type\":\"PropertyValueSpecification\",\"valueRequired\":true,\"valueName\":\"search_term_string\"}}],\"inLanguage\":\"sv-SE\"},{\"@type\":\"Organization\",\"@id\":\"https:\\\/\\\/lightweb.dev\\\/l\\\/svm-temp\\\/#organization\",\"name\":\"Melkerson y Nott SL\",\"alternateName\":\"Svenska Magasinet\",\"url\":\"https:\\\/\\\/lightweb.dev\\\/l\\\/svm-temp\\\/\",\"logo\":{\"@type\":\"ImageObject\",\"inLanguage\":\"sv-SE\",\"@id\":\"https:\\\/\\\/lightweb.dev\\\/l\\\/svm-temp\\\/#\\\/schema\\\/logo\\\/image\\\/\",\"url\":\"https:\\\/\\\/lightweb.dev\\\/l\\\/svm-temp\\\/wp-content\\\/uploads\\\/2025\\\/02\\\/SvM-logo-Xtra-Centrerad-SVART.png\",\"contentUrl\":\"https:\\\/\\\/lightweb.dev\\\/l\\\/svm-temp\\\/wp-content\\\/uploads\\\/2025\\\/02\\\/SvM-logo-Xtra-Centrerad-SVART.png\",\"width\":300,\"height\":99,\"caption\":\"Melkerson y Nott SL\"},\"image\":{\"@id\":\"https:\\\/\\\/lightweb.dev\\\/l\\\/svm-temp\\\/#\\\/schema\\\/logo\\\/image\\\/\"},\"sameAs\":[\"https:\\\/\\\/www.facebook.com\\\/svenskamagasinet\",\"https:\\\/\\\/x.com\\\/SvenskaMagasine\"]},{\"@type\":\"Person\",\"@id\":\"https:\\\/\\\/lightweb.dev\\\/l\\\/svm-temp\\\/#\\\/schema\\\/person\\\/206a3bda5b607b0c25e1749191e4d837\",\"name\":\"Redaktionen SvM\",\"description\":\"Redaktionen\",\"sameAs\":[\"https:\\\/\\\/lightweb.dev\\\/l\\\/svm-temp\"],\"url\":\"https:\\\/\\\/lightweb.dev\\\/l\\\/svm-temp\\\/reporter\\\/redaktionen\\\/\"}]}<\/script>\n<!-- \/ Yoast SEO Premium plugin. -->","yoast_head_json":{"title":"S\u00e5 h\u00e4r hyllar Federico Garcia Lorca granat\u00e4pplet - Svenska Magasinet","robots":{"index":"noindex","follow":"follow","max-snippet":"max-snippet:-1","max-image-preview":"max-image-preview:large","max-video-preview":"max-video-preview:-1"},"og_locale":"sv_SE","og_type":"article","og_title":"S\u00e5 h\u00e4r hyllar Federico Garcia Lorca granat\u00e4pplet","og_description":"Det h\u00e4r blir min sista flora och jag avslutar med en gammal f\u00f6rn\u00e4mlig bekant som ni m\u00f6tt flera g\u00e5nger. Granat\u00e4pple (Punica granatum). Text\/Foto: Lennart Ekman e-post: lennartekman@hotmail.com S\u00e5 h\u00e4r hyllar Federico Garcia Lorca frukten. Es la granada olorosa &#8211; Det doftande granat\u00e4pplet un cielo cristalizado &#8211; \u00e4r himlen kristalliserad cada grano is una estrella &#8211; [&hellip;]","og_url":"https:\/\/lightweb.dev\/l\/svm-temp\/artiklar\/sa-har-hyllar-federico-garcia-lorca-granatapplet\/","og_site_name":"Svenska Magasinet","article_publisher":"https:\/\/www.facebook.com\/svenskamagasinet","article_published_time":"2015-12-08T23:00:00+00:00","og_image":[{"width":280,"height":210,"url":"https:\/\/lightweb.dev\/l\/svm-temp\/wp-content\/uploads\/2022\/04\/s-hr-hyllar-federico-garcia-lorca-granatpplet.png","type":"image\/png"}],"author":"Redaktionen SvM","twitter_card":"summary_large_image","twitter_creator":"@SvenskaMagasine","twitter_site":"@SvenskaMagasine","schema":{"@context":"https:\/\/schema.org","@graph":[{"@type":"Article","@id":"https:\/\/lightweb.dev\/l\/svm-temp\/artiklar\/sa-har-hyllar-federico-garcia-lorca-granatapplet\/#article","isPartOf":{"@id":"https:\/\/lightweb.dev\/l\/svm-temp\/artiklar\/sa-har-hyllar-federico-garcia-lorca-granatapplet\/"},"author":{"name":"Redaktionen SvM","@id":"https:\/\/lightweb.dev\/l\/svm-temp\/#\/schema\/person\/206a3bda5b607b0c25e1749191e4d837"},"headline":"S\u00e5 h\u00e4r hyllar Federico Garcia Lorca granat\u00e4pplet","datePublished":"2015-12-08T23:00:00+00:00","mainEntityOfPage":{"@id":"https:\/\/lightweb.dev\/l\/svm-temp\/artiklar\/sa-har-hyllar-federico-garcia-lorca-granatapplet\/"},"wordCount":499,"commentCount":0,"publisher":{"@id":"https:\/\/lightweb.dev\/l\/svm-temp\/#organization"},"image":{"@id":"https:\/\/lightweb.dev\/l\/svm-temp\/artiklar\/sa-har-hyllar-federico-garcia-lorca-granatapplet\/#primaryimage"},"thumbnailUrl":"https:\/\/lightweb.dev\/l\/svm-temp\/wp-content\/uploads\/2022\/04\/s-hr-hyllar-federico-garcia-lorca-granatpplet.png","articleSection":["Artiklar","Hem &amp; bostad"],"inLanguage":"sv-SE"},{"@type":"WebPage","@id":"https:\/\/lightweb.dev\/l\/svm-temp\/artiklar\/sa-har-hyllar-federico-garcia-lorca-granatapplet\/","url":"https:\/\/lightweb.dev\/l\/svm-temp\/artiklar\/sa-har-hyllar-federico-garcia-lorca-granatapplet\/","name":"S\u00e5 h\u00e4r hyllar Federico Garcia Lorca granat\u00e4pplet - Svenska Magasinet","isPartOf":{"@id":"https:\/\/lightweb.dev\/l\/svm-temp\/#website"},"primaryImageOfPage":{"@id":"https:\/\/lightweb.dev\/l\/svm-temp\/artiklar\/sa-har-hyllar-federico-garcia-lorca-granatapplet\/#primaryimage"},"image":{"@id":"https:\/\/lightweb.dev\/l\/svm-temp\/artiklar\/sa-har-hyllar-federico-garcia-lorca-granatapplet\/#primaryimage"},"thumbnailUrl":"https:\/\/lightweb.dev\/l\/svm-temp\/wp-content\/uploads\/2022\/04\/s-hr-hyllar-federico-garcia-lorca-granatpplet.png","datePublished":"2015-12-08T23:00:00+00:00","breadcrumb":{"@id":"https:\/\/lightweb.dev\/l\/svm-temp\/artiklar\/sa-har-hyllar-federico-garcia-lorca-granatapplet\/#breadcrumb"},"inLanguage":"sv-SE","potentialAction":[{"@type":"ReadAction","target":["https:\/\/lightweb.dev\/l\/svm-temp\/artiklar\/sa-har-hyllar-federico-garcia-lorca-granatapplet\/"]}]},{"@type":"ImageObject","inLanguage":"sv-SE","@id":"https:\/\/lightweb.dev\/l\/svm-temp\/artiklar\/sa-har-hyllar-federico-garcia-lorca-granatapplet\/#primaryimage","url":"https:\/\/lightweb.dev\/l\/svm-temp\/wp-content\/uploads\/2022\/04\/s-hr-hyllar-federico-garcia-lorca-granatpplet.png","contentUrl":"https:\/\/lightweb.dev\/l\/svm-temp\/wp-content\/uploads\/2022\/04\/s-hr-hyllar-federico-garcia-lorca-granatpplet.png","width":280,"height":210},{"@type":"BreadcrumbList","@id":"https:\/\/lightweb.dev\/l\/svm-temp\/artiklar\/sa-har-hyllar-federico-garcia-lorca-granatapplet\/#breadcrumb","itemListElement":[{"@type":"ListItem","position":1,"name":"Hem","item":"https:\/\/lightweb.dev\/l\/svm-temp\/"},{"@type":"ListItem","position":2,"name":"S\u00e5 h\u00e4r hyllar Federico Garcia Lorca granat\u00e4pplet"}]},{"@type":"WebSite","@id":"https:\/\/lightweb.dev\/l\/svm-temp\/#website","url":"https:\/\/lightweb.dev\/l\/svm-temp\/","name":"Svenska Magasinet","description":"Dina Spanska nyheter p&aring; Svenska","publisher":{"@id":"https:\/\/lightweb.dev\/l\/svm-temp\/#organization"},"potentialAction":[{"@type":"SearchAction","target":{"@type":"EntryPoint","urlTemplate":"https:\/\/lightweb.dev\/l\/svm-temp\/?s={search_term_string}"},"query-input":{"@type":"PropertyValueSpecification","valueRequired":true,"valueName":"search_term_string"}}],"inLanguage":"sv-SE"},{"@type":"Organization","@id":"https:\/\/lightweb.dev\/l\/svm-temp\/#organization","name":"Melkerson y Nott SL","alternateName":"Svenska Magasinet","url":"https:\/\/lightweb.dev\/l\/svm-temp\/","logo":{"@type":"ImageObject","inLanguage":"sv-SE","@id":"https:\/\/lightweb.dev\/l\/svm-temp\/#\/schema\/logo\/image\/","url":"https:\/\/lightweb.dev\/l\/svm-temp\/wp-content\/uploads\/2025\/02\/SvM-logo-Xtra-Centrerad-SVART.png","contentUrl":"https:\/\/lightweb.dev\/l\/svm-temp\/wp-content\/uploads\/2025\/02\/SvM-logo-Xtra-Centrerad-SVART.png","width":300,"height":99,"caption":"Melkerson y Nott SL"},"image":{"@id":"https:\/\/lightweb.dev\/l\/svm-temp\/#\/schema\/logo\/image\/"},"sameAs":["https:\/\/www.facebook.com\/svenskamagasinet","https:\/\/x.com\/SvenskaMagasine"]},{"@type":"Person","@id":"https:\/\/lightweb.dev\/l\/svm-temp\/#\/schema\/person\/206a3bda5b607b0c25e1749191e4d837","name":"Redaktionen SvM","description":"Redaktionen","sameAs":["https:\/\/lightweb.dev\/l\/svm-temp"],"url":"https:\/\/lightweb.dev\/l\/svm-temp\/reporter\/redaktionen\/"}]}},"_links":{"self":[{"href":"https:\/\/lightweb.dev\/l\/svm-temp\/wp-json\/wp\/v2\/posts\/4865","targetHints":{"allow":["GET"]}}],"collection":[{"href":"https:\/\/lightweb.dev\/l\/svm-temp\/wp-json\/wp\/v2\/posts"}],"about":[{"href":"https:\/\/lightweb.dev\/l\/svm-temp\/wp-json\/wp\/v2\/types\/post"}],"author":[{"embeddable":true,"href":"https:\/\/lightweb.dev\/l\/svm-temp\/wp-json\/wp\/v2\/users\/8"}],"replies":[{"embeddable":true,"href":"https:\/\/lightweb.dev\/l\/svm-temp\/wp-json\/wp\/v2\/comments?post=4865"}],"version-history":[{"count":0,"href":"https:\/\/lightweb.dev\/l\/svm-temp\/wp-json\/wp\/v2\/posts\/4865\/revisions"}],"wp:featuredmedia":[{"embeddable":true,"href":"https:\/\/lightweb.dev\/l\/svm-temp\/wp-json\/wp\/v2\/media\/4866"}],"wp:attachment":[{"href":"https:\/\/lightweb.dev\/l\/svm-temp\/wp-json\/wp\/v2\/media?parent=4865"}],"wp:term":[{"taxonomy":"category","embeddable":true,"href":"https:\/\/lightweb.dev\/l\/svm-temp\/wp-json\/wp\/v2\/categories?post=4865"},{"taxonomy":"post_tag","embeddable":true,"href":"https:\/\/lightweb.dev\/l\/svm-temp\/wp-json\/wp\/v2\/tags?post=4865"}],"curies":[{"name":"wp","href":"https:\/\/api.w.org\/{rel}","templated":true}]}}