{"id":4871,"date":"2015-12-09T00:00:00","date_gmt":"2015-12-08T23:00:00","guid":{"rendered":"https:\/\/lightweb.dev\/l\/svm-temp\/spanien-just-nu-var-tids-kalla-krig\/"},"modified":"2015-12-09T00:00:00","modified_gmt":"2015-12-08T23:00:00","slug":"spanien-just-nu-var-tids-kalla-krig","status":"publish","type":"post","link":"https:\/\/lightweb.dev\/l\/svm-temp\/artiklar\/spanien-just-nu-var-tids-kalla-krig\/","title":{"rendered":"Spanien just nu \u2013 v\u00e5r tids kalla krig"},"content":{"rendered":"<p> Under de senaste 18 m\u00e5naderna har radikaliseringsprocessen av jihadister accelererat utan motstycke. Om det tidigare var m\u00e4n och invandrare lockas nu andra generationens invandrare, kvinnor och spanska medborgare som konverterat till islam. De \u00e4r residenta i Spanien och kan r\u00f6ra sig fritt i Europa. Av Ola Josefsson<br \/>\nTwitter: @JosefssonOla<\/p>\n<p>Radikaliserade jihadister i Europa har en slogan: \u201dHay que irse ya\u201d, Vi m\u00e5ste g\u00e5 nu. De \u00e4r mellan 18 och 35 \u00e5r, har anslutit sig till Daesh eller Islamiska staten IS. En ny f\u00e4rsk studie avsl\u00f6jar vilka som lockas av denna sm\u00f6rja.<\/p>\n<p>N\u00e4stan h\u00e4lften eller 47,3 procent av de jihadister och radikala islamister som gripits i Spanien sedan 2013 \u00e4r spanska medborgare. En f\u00f6r\u00e4ndrad profilbild j\u00e4mf\u00f6rt med perioden 1996 till 2012 d\u00e5 endast 15,5 procent var spanska medborgare enligt en studie fr\u00e5n Real Instituto Elcano. Eller 42,6 procent av de gripna \u00e4r f\u00f6dda i Spanien. Det kan j\u00e4mf\u00f6ras med 1996 till 2012 d\u00e5 endast 4,8 procent var f\u00f6dda i Spanien av de som greps mellan de \u00e5ren.<br \/>\nDet \u00e4r andra generationens invandrare som inte har integrerat sig i landet. Studien avsl\u00f6jar ocks\u00e5 att 14,5 procent av de som gripits \u00e4r personer som konverterat till islam. H\u00e4r talar vi om individer med krossade dr\u00f6mmar, personliga kriser d\u00e4r konvertering till islam har blivit startpunkten mot fortsatt radikalisering.<\/p>\n<p>Det \u00e4r forskaren Fernando Reinares vid institutet Real Instituto Elcano som tillsammans med Carola Garc\u00eda-Calvo ligger bakom studien \u00f6ver terroristn\u00e4tverken, rekryteringen och hur de mobiliserar sig globalt.<\/p>\n<p>Jihadistr\u00f6relsen har allts\u00e5 tagit sig en ny skepnad och f\u00f6r myndigheterna \u00e4r det en stor utmaning. Under de senaste tv\u00e5 \u00e5ren har 120 personer gripits f\u00f6r inblandning eller p\u00e5st\u00e5dd inblandning i terroristverksamhet. N\u00e4r man analyserar profilbilden \u00f6ver gripna 2013 till november 2015 har den allts\u00e5 f\u00f6r\u00e4ndrats j\u00e4mf\u00f6rt med tidigare.<br \/>\nVi ser en klar \u00f6kning av jihadister f\u00f6dda i Spanien eller som har spanskt medborgarskap och som kan r\u00f6ra sig fritt inom Europa. Uppkomsten av jihadism i Spanien \u00e4r kopplad i huvudsak till enklaverna i Nordafrika; Ceuta och Melilla. 75,8 procent av de gripna \u00e4r f\u00f6dda p\u00e5 dessa platser. St\u00f6rre spanska st\u00e4der som f\u00f6ljer \u00e4r Barcelona med endast fem procent. D\u00e4remot \u00e4r Barcelona den plats d\u00e4r de flest gripanden har gjorts, 29,9 procent.<\/p>\n<p>N\u00e4r det g\u00e4ller Ceuta och Melilla tillh\u00f6r de gripna den andra generationens invandrare av muslimer. H\u00e4r finns en identitetskris. Extremisterna erbjuder gemenskap och kamratskap vilket genomsyrar gruppen.<\/p>\n<p>Men vad som verkligen skiljer sig j\u00e4mf\u00f6rt med tidigare \u00e4r att kvinnor lockas till jihadist-n\u00e4tverken. Av de gripna de senaste \u00e5ren \u00e4r 15,8 procent kvinnor. Bland d\u00f6mda och gripna 1996 till 2012 var antalet kvinnor noll. Under de senaste \u00e5ren har den Islamiska staten IS tagit en s\u00e4rskild inriktning med specifika kampanjer f\u00f6r att rekrytera ogifta kvinnor. Den sj\u00e4lvutropade ledaren Abu Bakr al Bagdadi har som m\u00e5l att skapa en stat genom reproduktion.<\/p>\n<p>Den globala jihadismen inleddes i global skala p\u00e5 1980-talet. Fr\u00e5n att v\u00e4xt till under 1990-talet kan vi nu tala om en jihadistr\u00f6relse utan motstycke som st\u00e5r f\u00f6r v\u00e5r tids kalla krig. Utanf\u00f6rskap, arbetsl\u00f6shet, radikaliserade, hj\u00e4rntv\u00e4tt, kriminellt belastade med droghandel \u2013 ja listan p\u00e5 orsaker till att en person aktivt st\u00f6der eller sympatiserar med Islamiska staten IS kan g\u00f6ras l\u00e5ng.<\/p>\n<p>Fr\u00e5gan som vissa undviker \u00e4r hur stor del religionen har i detta. Ganska stor skulle jag vilja p\u00e5st\u00e5. Sj\u00e4lvmordsbombare och jihadister dr\u00f6mmer om martyrskap, f\u00e5 delta i heligt krig och f\u00e5 den himmelska bel\u00f6ningen. I k\u00e4llarmosk\u00e9er studerar man manualer och erbjuder snabbskolor med tio lektioner och allt du b\u00f6r veta om islam. Sedan \u00e4r det dags att storma offentliga platser, ropa \u201dAllah akbar\u201d (Gud \u00e4r st\u00f6rst) och detonera bomber och avfyra automatvapen mot f\u00f6rsvarsl\u00f6sa m\u00e4nniskor.<\/p>\n<p>L\u00e4ste en intervju med Monserrat Abumalham, specialist p\u00e5 arabiska studier vid Complutense universitet i Madrid. Han menar att det \u00e4r en religi\u00f6s tro som utvecklat sig till en politisk ideologi. P\u00e5 n\u00e4tet erbjuds manualer och guider till att \u201df\u00f6rst\u00e5\u201d Islam p\u00e5 olika spr\u00e5k f\u00f6r mellan 12 och 23 euro.<\/p>\n<p>Den franske statsvetaren och orientalisten Gilles Kepel varnade tidigt i boken \u201dLa revancha de Dios\u201d att framtiden f\u00f6r islam stod p\u00e5 spel i europeiska f\u00f6rorter som Paris d\u00e4r ungdomar utan framtid tar till v\u00e5ld. Det verkar uppenbart att integrationen har misslyckats.<\/p>\n<p>I rekryteringen av jihadister finns det d\u00e5 en religi\u00f6s best\u00e5ndsdel? Abumalham menar att anv\u00e4ndningen av ett religi\u00f6st spr\u00e5k ger legitimitet. Det handlar om ett religi\u00f6st-politiskt-ideologiskt-spr\u00e5k som skiljer sig j\u00e4mf\u00f6rt med andra \u201dismer\u201d som socialism, kommunism och liberalism som \u00e4r ideologier som har misslyckats i de flesta arabl\u00e4nder, som kommer utifr\u00e5n och p\u00e5minner f\u00f6r mycket om kolonialmakterna.<\/p>\n<p>Alla religioner kan bidra till fanatism. Det kan r\u00e4cka med att n\u00e5gon id\u00e9 uttrycks i ett sekul\u00e4rt spr\u00e5k eller religi\u00f6st spr\u00e5k s\u00e5 kan det utvecklas till fanatism om ambitionen \u00e4r totalit\u00e4r, kolonial eller imperialistisk. Valet av spr\u00e5k \u00e4r en strategi. Att Islamiska statens anh\u00e4ngare kallar alla andra f\u00f6r otrogna kommer d\u00e4rf\u00f6r inte som n\u00e5gon direkt \u00f6verraskning.<\/p>\n","protected":false},"excerpt":{"rendered":"<p>Under de senaste 18 m\u00e5naderna har radikaliseringsprocessen av jihadister accelererat utan motstycke. Om det tidigare var m\u00e4n och invandrare lockas nu andra generationens invandrare, kvinnor och spanska medborgare som konverterat till islam. De \u00e4r residenta i Spanien och kan r\u00f6ra sig fritt i Europa. Av Ola Josefsson Twitter: @JosefssonOla Radikaliserade jihadister i Europa har en [&hellip;]<\/p>\n","protected":false},"author":8,"featured_media":4872,"comment_status":"open","ping_status":"open","sticky":false,"template":"","format":"standard","meta":{"_et_pb_use_builder":"","_et_pb_old_content":"","_et_gb_content_width":"","footnotes":""},"categories":[4,36],"tags":[],"class_list":["post-4871","post","type-post","status-publish","format-standard","has-post-thumbnail","hentry","category-artiklar","category-spanien-just-nu"],"yoast_head":"<!-- This site is optimized with the Yoast SEO Premium plugin v26.2 (Yoast SEO v27.5) - https:\/\/yoast.com\/product\/yoast-seo-premium-wordpress\/ -->\n<title>Spanien just nu \u2013 v\u00e5r tids kalla krig - Svenska Magasinet<\/title>\n<meta name=\"robots\" content=\"noindex, follow, max-snippet:-1, max-image-preview:large, max-video-preview:-1\" \/>\n<meta property=\"og:locale\" content=\"sv_SE\" \/>\n<meta property=\"og:type\" content=\"article\" \/>\n<meta property=\"og:title\" content=\"Spanien just nu \u2013 v\u00e5r tids kalla krig\" \/>\n<meta property=\"og:description\" content=\"Under de senaste 18 m\u00e5naderna har radikaliseringsprocessen av jihadister accelererat utan motstycke. Om det tidigare var m\u00e4n och invandrare lockas nu andra generationens invandrare, kvinnor och spanska medborgare som konverterat till islam. De \u00e4r residenta i Spanien och kan r\u00f6ra sig fritt i Europa. Av Ola Josefsson Twitter: @JosefssonOla Radikaliserade jihadister i Europa har en [&hellip;]\" \/>\n<meta property=\"og:url\" content=\"https:\/\/lightweb.dev\/l\/svm-temp\/artiklar\/spanien-just-nu-var-tids-kalla-krig\/\" \/>\n<meta property=\"og:site_name\" content=\"Svenska Magasinet\" \/>\n<meta property=\"article:publisher\" content=\"https:\/\/www.facebook.com\/svenskamagasinet\" \/>\n<meta property=\"article:published_time\" content=\"2015-12-08T23:00:00+00:00\" \/>\n<meta property=\"og:image\" content=\"https:\/\/lightweb.dev\/l\/svm-temp\/wp-content\/uploads\/2022\/04\/spanien-just-nu-vr-tids-kalla-krig.png\" \/>\n\t<meta property=\"og:image:width\" content=\"280\" \/>\n\t<meta property=\"og:image:height\" content=\"419\" \/>\n\t<meta property=\"og:image:type\" content=\"image\/png\" \/>\n<meta name=\"author\" content=\"Redaktionen SvM\" \/>\n<meta name=\"twitter:card\" content=\"summary_large_image\" \/>\n<meta name=\"twitter:creator\" content=\"@SvenskaMagasine\" \/>\n<meta name=\"twitter:site\" content=\"@SvenskaMagasine\" \/>\n<script type=\"application\/ld+json\" class=\"yoast-schema-graph\">{\"@context\":\"https:\\\/\\\/schema.org\",\"@graph\":[{\"@type\":\"Article\",\"@id\":\"https:\\\/\\\/lightweb.dev\\\/l\\\/svm-temp\\\/artiklar\\\/spanien-just-nu-var-tids-kalla-krig\\\/#article\",\"isPartOf\":{\"@id\":\"https:\\\/\\\/lightweb.dev\\\/l\\\/svm-temp\\\/artiklar\\\/spanien-just-nu-var-tids-kalla-krig\\\/\"},\"author\":{\"name\":\"Redaktionen SvM\",\"@id\":\"https:\\\/\\\/lightweb.dev\\\/l\\\/svm-temp\\\/#\\\/schema\\\/person\\\/206a3bda5b607b0c25e1749191e4d837\"},\"headline\":\"Spanien just nu \u2013 v\u00e5r tids kalla krig\",\"datePublished\":\"2015-12-08T23:00:00+00:00\",\"mainEntityOfPage\":{\"@id\":\"https:\\\/\\\/lightweb.dev\\\/l\\\/svm-temp\\\/artiklar\\\/spanien-just-nu-var-tids-kalla-krig\\\/\"},\"wordCount\":898,\"commentCount\":0,\"publisher\":{\"@id\":\"https:\\\/\\\/lightweb.dev\\\/l\\\/svm-temp\\\/#organization\"},\"image\":{\"@id\":\"https:\\\/\\\/lightweb.dev\\\/l\\\/svm-temp\\\/artiklar\\\/spanien-just-nu-var-tids-kalla-krig\\\/#primaryimage\"},\"thumbnailUrl\":\"https:\\\/\\\/lightweb.dev\\\/l\\\/svm-temp\\\/wp-content\\\/uploads\\\/2022\\\/04\\\/spanien-just-nu-vr-tids-kalla-krig.png\",\"articleSection\":[\"Artiklar\",\"Spanien just nu\"],\"inLanguage\":\"sv-SE\"},{\"@type\":\"WebPage\",\"@id\":\"https:\\\/\\\/lightweb.dev\\\/l\\\/svm-temp\\\/artiklar\\\/spanien-just-nu-var-tids-kalla-krig\\\/\",\"url\":\"https:\\\/\\\/lightweb.dev\\\/l\\\/svm-temp\\\/artiklar\\\/spanien-just-nu-var-tids-kalla-krig\\\/\",\"name\":\"Spanien just nu \u2013 v\u00e5r tids kalla krig - Svenska Magasinet\",\"isPartOf\":{\"@id\":\"https:\\\/\\\/lightweb.dev\\\/l\\\/svm-temp\\\/#website\"},\"primaryImageOfPage\":{\"@id\":\"https:\\\/\\\/lightweb.dev\\\/l\\\/svm-temp\\\/artiklar\\\/spanien-just-nu-var-tids-kalla-krig\\\/#primaryimage\"},\"image\":{\"@id\":\"https:\\\/\\\/lightweb.dev\\\/l\\\/svm-temp\\\/artiklar\\\/spanien-just-nu-var-tids-kalla-krig\\\/#primaryimage\"},\"thumbnailUrl\":\"https:\\\/\\\/lightweb.dev\\\/l\\\/svm-temp\\\/wp-content\\\/uploads\\\/2022\\\/04\\\/spanien-just-nu-vr-tids-kalla-krig.png\",\"datePublished\":\"2015-12-08T23:00:00+00:00\",\"breadcrumb\":{\"@id\":\"https:\\\/\\\/lightweb.dev\\\/l\\\/svm-temp\\\/artiklar\\\/spanien-just-nu-var-tids-kalla-krig\\\/#breadcrumb\"},\"inLanguage\":\"sv-SE\",\"potentialAction\":[{\"@type\":\"ReadAction\",\"target\":[\"https:\\\/\\\/lightweb.dev\\\/l\\\/svm-temp\\\/artiklar\\\/spanien-just-nu-var-tids-kalla-krig\\\/\"]}]},{\"@type\":\"ImageObject\",\"inLanguage\":\"sv-SE\",\"@id\":\"https:\\\/\\\/lightweb.dev\\\/l\\\/svm-temp\\\/artiklar\\\/spanien-just-nu-var-tids-kalla-krig\\\/#primaryimage\",\"url\":\"https:\\\/\\\/lightweb.dev\\\/l\\\/svm-temp\\\/wp-content\\\/uploads\\\/2022\\\/04\\\/spanien-just-nu-vr-tids-kalla-krig.png\",\"contentUrl\":\"https:\\\/\\\/lightweb.dev\\\/l\\\/svm-temp\\\/wp-content\\\/uploads\\\/2022\\\/04\\\/spanien-just-nu-vr-tids-kalla-krig.png\",\"width\":280,\"height\":419},{\"@type\":\"BreadcrumbList\",\"@id\":\"https:\\\/\\\/lightweb.dev\\\/l\\\/svm-temp\\\/artiklar\\\/spanien-just-nu-var-tids-kalla-krig\\\/#breadcrumb\",\"itemListElement\":[{\"@type\":\"ListItem\",\"position\":1,\"name\":\"Hem\",\"item\":\"https:\\\/\\\/lightweb.dev\\\/l\\\/svm-temp\\\/\"},{\"@type\":\"ListItem\",\"position\":2,\"name\":\"Spanien just nu \u2013 v\u00e5r tids kalla krig\"}]},{\"@type\":\"WebSite\",\"@id\":\"https:\\\/\\\/lightweb.dev\\\/l\\\/svm-temp\\\/#website\",\"url\":\"https:\\\/\\\/lightweb.dev\\\/l\\\/svm-temp\\\/\",\"name\":\"Svenska Magasinet\",\"description\":\"Dina Spanska nyheter p&aring; Svenska\",\"publisher\":{\"@id\":\"https:\\\/\\\/lightweb.dev\\\/l\\\/svm-temp\\\/#organization\"},\"potentialAction\":[{\"@type\":\"SearchAction\",\"target\":{\"@type\":\"EntryPoint\",\"urlTemplate\":\"https:\\\/\\\/lightweb.dev\\\/l\\\/svm-temp\\\/?s={search_term_string}\"},\"query-input\":{\"@type\":\"PropertyValueSpecification\",\"valueRequired\":true,\"valueName\":\"search_term_string\"}}],\"inLanguage\":\"sv-SE\"},{\"@type\":\"Organization\",\"@id\":\"https:\\\/\\\/lightweb.dev\\\/l\\\/svm-temp\\\/#organization\",\"name\":\"Melkerson y Nott SL\",\"alternateName\":\"Svenska Magasinet\",\"url\":\"https:\\\/\\\/lightweb.dev\\\/l\\\/svm-temp\\\/\",\"logo\":{\"@type\":\"ImageObject\",\"inLanguage\":\"sv-SE\",\"@id\":\"https:\\\/\\\/lightweb.dev\\\/l\\\/svm-temp\\\/#\\\/schema\\\/logo\\\/image\\\/\",\"url\":\"https:\\\/\\\/lightweb.dev\\\/l\\\/svm-temp\\\/wp-content\\\/uploads\\\/2025\\\/02\\\/SvM-logo-Xtra-Centrerad-SVART.png\",\"contentUrl\":\"https:\\\/\\\/lightweb.dev\\\/l\\\/svm-temp\\\/wp-content\\\/uploads\\\/2025\\\/02\\\/SvM-logo-Xtra-Centrerad-SVART.png\",\"width\":300,\"height\":99,\"caption\":\"Melkerson y Nott SL\"},\"image\":{\"@id\":\"https:\\\/\\\/lightweb.dev\\\/l\\\/svm-temp\\\/#\\\/schema\\\/logo\\\/image\\\/\"},\"sameAs\":[\"https:\\\/\\\/www.facebook.com\\\/svenskamagasinet\",\"https:\\\/\\\/x.com\\\/SvenskaMagasine\"]},{\"@type\":\"Person\",\"@id\":\"https:\\\/\\\/lightweb.dev\\\/l\\\/svm-temp\\\/#\\\/schema\\\/person\\\/206a3bda5b607b0c25e1749191e4d837\",\"name\":\"Redaktionen SvM\",\"description\":\"Redaktionen\",\"sameAs\":[\"https:\\\/\\\/lightweb.dev\\\/l\\\/svm-temp\"],\"url\":\"https:\\\/\\\/lightweb.dev\\\/l\\\/svm-temp\\\/reporter\\\/redaktionen\\\/\"}]}<\/script>\n<!-- \/ Yoast SEO Premium plugin. -->","yoast_head_json":{"title":"Spanien just nu \u2013 v\u00e5r tids kalla krig - Svenska Magasinet","robots":{"index":"noindex","follow":"follow","max-snippet":"max-snippet:-1","max-image-preview":"max-image-preview:large","max-video-preview":"max-video-preview:-1"},"og_locale":"sv_SE","og_type":"article","og_title":"Spanien just nu \u2013 v\u00e5r tids kalla krig","og_description":"Under de senaste 18 m\u00e5naderna har radikaliseringsprocessen av jihadister accelererat utan motstycke. Om det tidigare var m\u00e4n och invandrare lockas nu andra generationens invandrare, kvinnor och spanska medborgare som konverterat till islam. De \u00e4r residenta i Spanien och kan r\u00f6ra sig fritt i Europa. Av Ola Josefsson Twitter: @JosefssonOla Radikaliserade jihadister i Europa har en [&hellip;]","og_url":"https:\/\/lightweb.dev\/l\/svm-temp\/artiklar\/spanien-just-nu-var-tids-kalla-krig\/","og_site_name":"Svenska Magasinet","article_publisher":"https:\/\/www.facebook.com\/svenskamagasinet","article_published_time":"2015-12-08T23:00:00+00:00","og_image":[{"width":280,"height":419,"url":"https:\/\/lightweb.dev\/l\/svm-temp\/wp-content\/uploads\/2022\/04\/spanien-just-nu-vr-tids-kalla-krig.png","type":"image\/png"}],"author":"Redaktionen SvM","twitter_card":"summary_large_image","twitter_creator":"@SvenskaMagasine","twitter_site":"@SvenskaMagasine","schema":{"@context":"https:\/\/schema.org","@graph":[{"@type":"Article","@id":"https:\/\/lightweb.dev\/l\/svm-temp\/artiklar\/spanien-just-nu-var-tids-kalla-krig\/#article","isPartOf":{"@id":"https:\/\/lightweb.dev\/l\/svm-temp\/artiklar\/spanien-just-nu-var-tids-kalla-krig\/"},"author":{"name":"Redaktionen SvM","@id":"https:\/\/lightweb.dev\/l\/svm-temp\/#\/schema\/person\/206a3bda5b607b0c25e1749191e4d837"},"headline":"Spanien just nu \u2013 v\u00e5r tids kalla krig","datePublished":"2015-12-08T23:00:00+00:00","mainEntityOfPage":{"@id":"https:\/\/lightweb.dev\/l\/svm-temp\/artiklar\/spanien-just-nu-var-tids-kalla-krig\/"},"wordCount":898,"commentCount":0,"publisher":{"@id":"https:\/\/lightweb.dev\/l\/svm-temp\/#organization"},"image":{"@id":"https:\/\/lightweb.dev\/l\/svm-temp\/artiklar\/spanien-just-nu-var-tids-kalla-krig\/#primaryimage"},"thumbnailUrl":"https:\/\/lightweb.dev\/l\/svm-temp\/wp-content\/uploads\/2022\/04\/spanien-just-nu-vr-tids-kalla-krig.png","articleSection":["Artiklar","Spanien just nu"],"inLanguage":"sv-SE"},{"@type":"WebPage","@id":"https:\/\/lightweb.dev\/l\/svm-temp\/artiklar\/spanien-just-nu-var-tids-kalla-krig\/","url":"https:\/\/lightweb.dev\/l\/svm-temp\/artiklar\/spanien-just-nu-var-tids-kalla-krig\/","name":"Spanien just nu \u2013 v\u00e5r tids kalla krig - Svenska Magasinet","isPartOf":{"@id":"https:\/\/lightweb.dev\/l\/svm-temp\/#website"},"primaryImageOfPage":{"@id":"https:\/\/lightweb.dev\/l\/svm-temp\/artiklar\/spanien-just-nu-var-tids-kalla-krig\/#primaryimage"},"image":{"@id":"https:\/\/lightweb.dev\/l\/svm-temp\/artiklar\/spanien-just-nu-var-tids-kalla-krig\/#primaryimage"},"thumbnailUrl":"https:\/\/lightweb.dev\/l\/svm-temp\/wp-content\/uploads\/2022\/04\/spanien-just-nu-vr-tids-kalla-krig.png","datePublished":"2015-12-08T23:00:00+00:00","breadcrumb":{"@id":"https:\/\/lightweb.dev\/l\/svm-temp\/artiklar\/spanien-just-nu-var-tids-kalla-krig\/#breadcrumb"},"inLanguage":"sv-SE","potentialAction":[{"@type":"ReadAction","target":["https:\/\/lightweb.dev\/l\/svm-temp\/artiklar\/spanien-just-nu-var-tids-kalla-krig\/"]}]},{"@type":"ImageObject","inLanguage":"sv-SE","@id":"https:\/\/lightweb.dev\/l\/svm-temp\/artiklar\/spanien-just-nu-var-tids-kalla-krig\/#primaryimage","url":"https:\/\/lightweb.dev\/l\/svm-temp\/wp-content\/uploads\/2022\/04\/spanien-just-nu-vr-tids-kalla-krig.png","contentUrl":"https:\/\/lightweb.dev\/l\/svm-temp\/wp-content\/uploads\/2022\/04\/spanien-just-nu-vr-tids-kalla-krig.png","width":280,"height":419},{"@type":"BreadcrumbList","@id":"https:\/\/lightweb.dev\/l\/svm-temp\/artiklar\/spanien-just-nu-var-tids-kalla-krig\/#breadcrumb","itemListElement":[{"@type":"ListItem","position":1,"name":"Hem","item":"https:\/\/lightweb.dev\/l\/svm-temp\/"},{"@type":"ListItem","position":2,"name":"Spanien just nu \u2013 v\u00e5r tids kalla krig"}]},{"@type":"WebSite","@id":"https:\/\/lightweb.dev\/l\/svm-temp\/#website","url":"https:\/\/lightweb.dev\/l\/svm-temp\/","name":"Svenska Magasinet","description":"Dina Spanska nyheter p&aring; Svenska","publisher":{"@id":"https:\/\/lightweb.dev\/l\/svm-temp\/#organization"},"potentialAction":[{"@type":"SearchAction","target":{"@type":"EntryPoint","urlTemplate":"https:\/\/lightweb.dev\/l\/svm-temp\/?s={search_term_string}"},"query-input":{"@type":"PropertyValueSpecification","valueRequired":true,"valueName":"search_term_string"}}],"inLanguage":"sv-SE"},{"@type":"Organization","@id":"https:\/\/lightweb.dev\/l\/svm-temp\/#organization","name":"Melkerson y Nott SL","alternateName":"Svenska Magasinet","url":"https:\/\/lightweb.dev\/l\/svm-temp\/","logo":{"@type":"ImageObject","inLanguage":"sv-SE","@id":"https:\/\/lightweb.dev\/l\/svm-temp\/#\/schema\/logo\/image\/","url":"https:\/\/lightweb.dev\/l\/svm-temp\/wp-content\/uploads\/2025\/02\/SvM-logo-Xtra-Centrerad-SVART.png","contentUrl":"https:\/\/lightweb.dev\/l\/svm-temp\/wp-content\/uploads\/2025\/02\/SvM-logo-Xtra-Centrerad-SVART.png","width":300,"height":99,"caption":"Melkerson y Nott SL"},"image":{"@id":"https:\/\/lightweb.dev\/l\/svm-temp\/#\/schema\/logo\/image\/"},"sameAs":["https:\/\/www.facebook.com\/svenskamagasinet","https:\/\/x.com\/SvenskaMagasine"]},{"@type":"Person","@id":"https:\/\/lightweb.dev\/l\/svm-temp\/#\/schema\/person\/206a3bda5b607b0c25e1749191e4d837","name":"Redaktionen SvM","description":"Redaktionen","sameAs":["https:\/\/lightweb.dev\/l\/svm-temp"],"url":"https:\/\/lightweb.dev\/l\/svm-temp\/reporter\/redaktionen\/"}]}},"_links":{"self":[{"href":"https:\/\/lightweb.dev\/l\/svm-temp\/wp-json\/wp\/v2\/posts\/4871","targetHints":{"allow":["GET"]}}],"collection":[{"href":"https:\/\/lightweb.dev\/l\/svm-temp\/wp-json\/wp\/v2\/posts"}],"about":[{"href":"https:\/\/lightweb.dev\/l\/svm-temp\/wp-json\/wp\/v2\/types\/post"}],"author":[{"embeddable":true,"href":"https:\/\/lightweb.dev\/l\/svm-temp\/wp-json\/wp\/v2\/users\/8"}],"replies":[{"embeddable":true,"href":"https:\/\/lightweb.dev\/l\/svm-temp\/wp-json\/wp\/v2\/comments?post=4871"}],"version-history":[{"count":0,"href":"https:\/\/lightweb.dev\/l\/svm-temp\/wp-json\/wp\/v2\/posts\/4871\/revisions"}],"wp:featuredmedia":[{"embeddable":true,"href":"https:\/\/lightweb.dev\/l\/svm-temp\/wp-json\/wp\/v2\/media\/4872"}],"wp:attachment":[{"href":"https:\/\/lightweb.dev\/l\/svm-temp\/wp-json\/wp\/v2\/media?parent=4871"}],"wp:term":[{"taxonomy":"category","embeddable":true,"href":"https:\/\/lightweb.dev\/l\/svm-temp\/wp-json\/wp\/v2\/categories?post=4871"},{"taxonomy":"post_tag","embeddable":true,"href":"https:\/\/lightweb.dev\/l\/svm-temp\/wp-json\/wp\/v2\/tags?post=4871"}],"curies":[{"name":"wp","href":"https:\/\/api.w.org\/{rel}","templated":true}]}}