{"id":4915,"date":"2015-11-10T00:00:00","date_gmt":"2015-11-09T23:00:00","guid":{"rendered":"https:\/\/lightweb.dev\/l\/svm-temp\/lar-kanna-ditt-marbella-fem-platser-att-upptacka\/"},"modified":"2015-11-10T00:00:00","modified_gmt":"2015-11-09T23:00:00","slug":"lar-kanna-ditt-marbella-fem-platser-att-upptacka","status":"publish","type":"post","link":"https:\/\/lightweb.dev\/l\/svm-temp\/artiklar\/lar-kanna-ditt-marbella-fem-platser-att-upptacka\/","title":{"rendered":"L\u00e4r k\u00e4nna ditt Marbella &#8211; fem platser att uppt\u00e4cka"},"content":{"rendered":"<p> Marbella \u00e4r inte bara sol, strand, golfbanor och fritidshamnen Puerto Ban\u00fas. Det finns s\u00e5 mycket fint och vackert. En del oaser \u00e4r kanske inte s\u00e5 k\u00e4nda f\u00f6r de flesta. Trots turistboom och exploatering har platsen beh\u00e5llit sin historia. Av Ola Josefsson<br \/>\nTwitter: @JosefssonOla<\/p>\n<p>\u00c4r du ny i Marbella-omr\u00e5det? Har du haft m\u00f6jlighet att utforska Marbellas alla h\u00f6rn? S\u00e4kert inte. Vi har tagit fasta p\u00e5 fem platser om du vill g\u00f6ra n\u00e5got annat \u00e4n shoppa, bada eller golfa. H\u00e4r finns en av kustens vackraste urbanisationer, en oas, utformad som en andalusisk liten by. I en stor pinjeskog ligger Andalusiens st\u00f6rsta hundpark. H\u00e4r finns en f\u00f6rkristen basilika och gamla romerska utgr\u00e4vningar. Och inte minst de gamla jordbrukarnas El Barrio.<br \/>\nS\u00e4kert finns det fler intressanta h\u00f6rn i ditt \u00e4lskade Marbella. H\u00f6r g\u00e4rna av dig till redaktionen s\u00e5 ska vi forts\u00e4tta att ber\u00e4tta.<\/p>\n<p>Urbanizaci\u00f3n La Virginia<br \/>\nEn pueblo eller by mitt i storstan. Det beskrivs som ett av de vackraste och mest ok\u00e4nda h\u00f6rnen av Marbella. N\u00e4r drottning do\u00f1a Sofia, en g\u00e5ng drottning alltid drottning i Spanien, nyligen bes\u00f6kte Marbella var hon p\u00e5 middag i La Virginia hos ett par v\u00e4nner.<br \/>\nLa Virginia byggdes p\u00e5 1960-talet av Juan Manuel Figueras och Freddy Wildman och \u00e4r k\u00e4nt f\u00f6r sina smala gator, kullerstenar och gr\u00f6nska.<br \/>\nArkitekterna ville skydda omr\u00e5det n\u00e4r resten av Marbella pl\u00e5gades av exploatering. Det blev en hemlig plats med ett sj\u00e4lvst\u00e4ndigt liv.<br \/>\n&#8211; Det \u00e4r en fantastiskt vacker plats \u00e4ven om motorv\u00e4gen ligger strax intill. N\u00e4r den blev klar innebar det en del ljud f\u00f6r de som bor n\u00e4rmast, s\u00e4ger en svensk kvinna som jag m\u00f6ter.<br \/>\nH\u00e4r finns restaurang, bar och en kyrka (som alltid \u00e4r st\u00e4ngd, enligt de jag m\u00f6ter). Det \u00e4r lugn och ro som avbryts endast tv\u00e5 g\u00e5nger om \u00e5ret, vid jul och p\u00e5 sommaren, d\u00e5 gatorna fylls av marknadsst\u00e5nd.<br \/>\nUrbanizaci\u00f3n La Virginia hittar du utmed avenida Don Jaime de Mora som g\u00e5r fr\u00e5n kopparrondellen i Marbella centrum och norrut. Strax innan motorv\u00e4gen ligger universitetet p\u00e5 \u00f6stra sidan av v\u00e4gen. Motsatta sidan g\u00e5r en mindre v\u00e4g v\u00e4sterut som g\u00e5r parallellt med motorv\u00e4gen. K\u00f6r in p\u00e5 den och efter 200 meter hittar du en parkering till La Virginia. Vandra stillsamt genom omr\u00e5det. T\u00e4nk p\u00e5 att folk bor d\u00e4r.<\/p>\n<p>Pinar de Nag\u00fceles<br \/>\nVarf\u00f6r inte en picknick i vacker natur medan barnen f\u00e5r springa av sig? I den fina Nag\u00fceles-parken finns motionsredskap, picknickbord och 13 grillplatser. Den fina pinjeskogen ligger n\u00e4ra bostadsomr\u00e5det Sierra Blanca och det \u00e4r l\u00e4tt att ta sig hit med bil, fyra kilometer fr\u00e5n centrala Marbella. H\u00e4r finns \u00e4ven Johannesbr\u00f6dtr\u00e4d och olivtr\u00e4d.<br \/>\nSedan ifjol finns h\u00e4r \u00e4ven Andalusiens st\u00f6rsta hundpark eller rastg\u00e5rd p\u00e5 12.000 kvadratmeter. Med lekredskap f\u00f6r b\u00e5da sm\u00e5 och stora hundar.<br \/>\nNag\u00fceles-parken hittar du via avenida Don Jaime de Mora, forts\u00e4tt \u00f6ver motorv\u00e4gen och sv\u00e4ng v\u00e4nster inp\u00e5 avenida Buchinger. Efter n\u00e5gra kilometer ser du parken.<br \/>\n  Bas\u00edlica Paleocristiana de Vega del Mar<br \/>\nOm du ska l\u00e4ra k\u00e4nna ditt Marbella b\u00f6r en vandring i historien ing\u00e5 i vardagslivet. F\u00f6r den historiet\u00f6rstande kan ett bes\u00f6k vid den f\u00f6rkristna basilikan rekommenderas. Det \u00e4r ett av de mest k\u00e4nda monumenten i Spanien fr\u00e5n perioden med V\u00e4stgoterna som hade en bos\u00e4ttning i omr\u00e5det p\u00e5 500-talet.<br \/>\nDen som \u00e4r uppm\u00e4rksam ser strukturen av basilikan och en imponerande dopfunt.<br \/>\nH\u00e4r finns ocks\u00e5 cirka 180 gravar fr\u00e5n 200-talet till 700-talet. Efter omfattande restaureringar samordnade av f\u00f6reningen Asociaci\u00f3n Bas\u00edlica Vega del Mar \u00f6ppnade platsen f\u00f6r allm\u00e4nheten 2012. Marbella kommun organiserar gratis guidade turer p\u00e5 fredagar mellan klockan 11 och 13. Ett bra utflyktm\u00e5l vid historielektioner f\u00f6r elever vid Svenska skolan i Marbella. Vid bes\u00f6k av grupper kan tid bokas p\u00e5 952 825 035.<br \/>\nBas\u00edlica Paleocristiana de Vega del Mar hittar du mellan stranden och bostadsomr\u00e5det Linda Vista i San Pedro Alc\u00e1ntara. Platsen ligger utmed en gammal romersk v\u00e4g som f\u00f6rband C\u00e1diz med Cartagena .<\/p>\n<p>Villa Romana de R\u00edo Verde<br \/>\nEn gammal romersk bos\u00e4ttning p\u00e5 698 kvadratmeter som uppt\u00e4cktes 1961 av Fernando Alcal\u00e1 och Carlos Posac. Bed\u00f6ms vara en av de b\u00e4st bevarade utmed Andalusiens kust. Platsen \u00f6ppnade f\u00f6r allm\u00e4nheten 2013 efter att ha restaurerats.<br \/>\nH\u00e4r finns dyrbar mosaik fr\u00e5n det f\u00f6rsta \u00e5rhundradet. Marbella kommun arrangerar gratis guidade turer varje torsdag mellan klockan 11 till 13. Ocks\u00e5 ett bra utflyktm\u00e5l f\u00f6r skolklasser som vill g\u00f6ra historien verklig. Bes\u00f6k f\u00f6r grupper kan g\u00f6ras p\u00e5 tlf 952 825 035.<br \/>\nVilla Romana de R\u00edo Verde ligger \u00f6ster om flodmynningen av R\u00edo Verde, mitt emot den numera nedlagda svenska anl\u00e4ggningen Centro Forestal Sueco. K\u00f6r in p\u00e5 calle Juan Chinchilla och ta sedan tredje v\u00e4gen till h\u00f6ger, calle Carlos Posac Mon och du hittar Villa Romana de R\u00edo Verde p\u00e5 v\u00e4nster hand.<\/p>\n<p>El Barrio<br \/>\nDen som inte bes\u00f6kt El Barrio Nuevo har inte bes\u00f6kt Marbella. De flesta k\u00e4nner till Gamla stan eller Casco Antiguo som best\u00e5r av ett n\u00e4tverk av smala g\u00e5gator och gr\u00e4nder. El Barrio \u00e4r den del som ligger strax intill och har blivit mycket attraktivt tack vare underh\u00e5ll och dekoration med blomf\u00f6rsedda d\u00f6rrar och balkonger.<br \/>\nEn promenad l\u00e4ngs de smala g\u00e5gatorna Luna, San Crist\u00f3bal, Lucero, Sol, San Ram\u00f3n och den branta Aduar kan rekommenderas. P\u00e5 1700-talet var detta en liten egen by som kl\u00e4ngde fast utmed den lilla ravinen Arroyo de la Represa. H\u00e4r bodde bland annat de som drev jordbruk strax utanf\u00f6r byk\u00e4rnan. Idag \u00e4r det ett mycket vackert h\u00f6rn av Marbella.<br \/>\nEl Barrio ligger mellan avenida Severo Ochoa och calle M\u00e1laga \u00f6ster om Marbellas stadspark Alameda. En \u00f6versiktskarta \u00f6ver El Barrio Nuevo hittar du vid calle R\u00edo\/avenida Severo Ochoa.<\/p>\n","protected":false},"excerpt":{"rendered":"<p>Marbella \u00e4r inte bara sol, strand, golfbanor och fritidshamnen Puerto Ban\u00fas. Det finns s\u00e5 mycket fint och vackert. En del oaser \u00e4r kanske inte s\u00e5 k\u00e4nda f\u00f6r de flesta. Trots turistboom och exploatering har platsen beh\u00e5llit sin historia. Av Ola Josefsson Twitter: @JosefssonOla \u00c4r du ny i Marbella-omr\u00e5det? Har du haft m\u00f6jlighet att utforska Marbellas [&hellip;]<\/p>\n","protected":false},"author":8,"featured_media":4916,"comment_status":"open","ping_status":"open","sticky":false,"template":"","format":"standard","meta":{"_et_pb_use_builder":"","_et_pb_old_content":"","_et_gb_content_width":"","footnotes":""},"categories":[396,4],"tags":[],"class_list":["post-4915","post","type-post","status-publish","format-standard","has-post-thumbnail","hentry","category-arkiv-artiklar","category-artiklar"],"yoast_head":"<!-- This site is optimized with the Yoast SEO Premium plugin v26.2 (Yoast SEO v27.4) - https:\/\/yoast.com\/product\/yoast-seo-premium-wordpress\/ -->\n<title>L\u00e4r k\u00e4nna ditt Marbella - fem platser att uppt\u00e4cka - Svenska Magasinet<\/title>\n<meta name=\"robots\" content=\"noindex, follow, max-snippet:-1, max-image-preview:large, max-video-preview:-1\" \/>\n<meta property=\"og:locale\" content=\"sv_SE\" \/>\n<meta property=\"og:type\" content=\"article\" \/>\n<meta property=\"og:title\" content=\"L\u00e4r k\u00e4nna ditt Marbella - fem platser att uppt\u00e4cka\" \/>\n<meta property=\"og:description\" content=\"Marbella \u00e4r inte bara sol, strand, golfbanor och fritidshamnen Puerto Ban\u00fas. Det finns s\u00e5 mycket fint och vackert. En del oaser \u00e4r kanske inte s\u00e5 k\u00e4nda f\u00f6r de flesta. Trots turistboom och exploatering har platsen beh\u00e5llit sin historia. Av Ola Josefsson Twitter: @JosefssonOla \u00c4r du ny i Marbella-omr\u00e5det? Har du haft m\u00f6jlighet att utforska Marbellas [&hellip;]\" \/>\n<meta property=\"og:url\" content=\"https:\/\/lightweb.dev\/l\/svm-temp\/artiklar\/lar-kanna-ditt-marbella-fem-platser-att-upptacka\/\" \/>\n<meta property=\"og:site_name\" content=\"Svenska Magasinet\" \/>\n<meta property=\"article:publisher\" content=\"https:\/\/www.facebook.com\/svenskamagasinet\" \/>\n<meta property=\"article:published_time\" content=\"2015-11-09T23:00:00+00:00\" \/>\n<meta property=\"og:image\" content=\"https:\/\/lightweb.dev\/l\/svm-temp\/wp-content\/uploads\/2022\/04\/lr-knna-ditt-marbella-fem-platser-att-upptcka.png\" \/>\n\t<meta property=\"og:image:width\" content=\"299\" \/>\n\t<meta property=\"og:image:height\" content=\"200\" \/>\n\t<meta property=\"og:image:type\" content=\"image\/png\" \/>\n<meta name=\"author\" content=\"Redaktionen SvM\" \/>\n<meta name=\"twitter:card\" content=\"summary_large_image\" \/>\n<meta name=\"twitter:creator\" content=\"@SvenskaMagasine\" \/>\n<meta name=\"twitter:site\" content=\"@SvenskaMagasine\" \/>\n<script type=\"application\/ld+json\" class=\"yoast-schema-graph\">{\"@context\":\"https:\\\/\\\/schema.org\",\"@graph\":[{\"@type\":\"Article\",\"@id\":\"https:\\\/\\\/lightweb.dev\\\/l\\\/svm-temp\\\/artiklar\\\/lar-kanna-ditt-marbella-fem-platser-att-upptacka\\\/#article\",\"isPartOf\":{\"@id\":\"https:\\\/\\\/lightweb.dev\\\/l\\\/svm-temp\\\/artiklar\\\/lar-kanna-ditt-marbella-fem-platser-att-upptacka\\\/\"},\"author\":{\"name\":\"Redaktionen SvM\",\"@id\":\"https:\\\/\\\/lightweb.dev\\\/l\\\/svm-temp\\\/#\\\/schema\\\/person\\\/206a3bda5b607b0c25e1749191e4d837\"},\"headline\":\"L\u00e4r k\u00e4nna ditt Marbella &#8211; fem platser att uppt\u00e4cka\",\"datePublished\":\"2015-11-09T23:00:00+00:00\",\"mainEntityOfPage\":{\"@id\":\"https:\\\/\\\/lightweb.dev\\\/l\\\/svm-temp\\\/artiklar\\\/lar-kanna-ditt-marbella-fem-platser-att-upptacka\\\/\"},\"wordCount\":1054,\"commentCount\":0,\"publisher\":{\"@id\":\"https:\\\/\\\/lightweb.dev\\\/l\\\/svm-temp\\\/#organization\"},\"image\":{\"@id\":\"https:\\\/\\\/lightweb.dev\\\/l\\\/svm-temp\\\/artiklar\\\/lar-kanna-ditt-marbella-fem-platser-att-upptacka\\\/#primaryimage\"},\"thumbnailUrl\":\"https:\\\/\\\/lightweb.dev\\\/l\\\/svm-temp\\\/wp-content\\\/uploads\\\/2022\\\/04\\\/lr-knna-ditt-marbella-fem-platser-att-upptcka.png\",\"articleSection\":[\"Arkiv\",\"Artiklar\"],\"inLanguage\":\"sv-SE\"},{\"@type\":\"WebPage\",\"@id\":\"https:\\\/\\\/lightweb.dev\\\/l\\\/svm-temp\\\/artiklar\\\/lar-kanna-ditt-marbella-fem-platser-att-upptacka\\\/\",\"url\":\"https:\\\/\\\/lightweb.dev\\\/l\\\/svm-temp\\\/artiklar\\\/lar-kanna-ditt-marbella-fem-platser-att-upptacka\\\/\",\"name\":\"L\u00e4r k\u00e4nna ditt Marbella - fem platser att uppt\u00e4cka - Svenska Magasinet\",\"isPartOf\":{\"@id\":\"https:\\\/\\\/lightweb.dev\\\/l\\\/svm-temp\\\/#website\"},\"primaryImageOfPage\":{\"@id\":\"https:\\\/\\\/lightweb.dev\\\/l\\\/svm-temp\\\/artiklar\\\/lar-kanna-ditt-marbella-fem-platser-att-upptacka\\\/#primaryimage\"},\"image\":{\"@id\":\"https:\\\/\\\/lightweb.dev\\\/l\\\/svm-temp\\\/artiklar\\\/lar-kanna-ditt-marbella-fem-platser-att-upptacka\\\/#primaryimage\"},\"thumbnailUrl\":\"https:\\\/\\\/lightweb.dev\\\/l\\\/svm-temp\\\/wp-content\\\/uploads\\\/2022\\\/04\\\/lr-knna-ditt-marbella-fem-platser-att-upptcka.png\",\"datePublished\":\"2015-11-09T23:00:00+00:00\",\"breadcrumb\":{\"@id\":\"https:\\\/\\\/lightweb.dev\\\/l\\\/svm-temp\\\/artiklar\\\/lar-kanna-ditt-marbella-fem-platser-att-upptacka\\\/#breadcrumb\"},\"inLanguage\":\"sv-SE\",\"potentialAction\":[{\"@type\":\"ReadAction\",\"target\":[\"https:\\\/\\\/lightweb.dev\\\/l\\\/svm-temp\\\/artiklar\\\/lar-kanna-ditt-marbella-fem-platser-att-upptacka\\\/\"]}]},{\"@type\":\"ImageObject\",\"inLanguage\":\"sv-SE\",\"@id\":\"https:\\\/\\\/lightweb.dev\\\/l\\\/svm-temp\\\/artiklar\\\/lar-kanna-ditt-marbella-fem-platser-att-upptacka\\\/#primaryimage\",\"url\":\"https:\\\/\\\/lightweb.dev\\\/l\\\/svm-temp\\\/wp-content\\\/uploads\\\/2022\\\/04\\\/lr-knna-ditt-marbella-fem-platser-att-upptcka.png\",\"contentUrl\":\"https:\\\/\\\/lightweb.dev\\\/l\\\/svm-temp\\\/wp-content\\\/uploads\\\/2022\\\/04\\\/lr-knna-ditt-marbella-fem-platser-att-upptcka.png\",\"width\":299,\"height\":200},{\"@type\":\"BreadcrumbList\",\"@id\":\"https:\\\/\\\/lightweb.dev\\\/l\\\/svm-temp\\\/artiklar\\\/lar-kanna-ditt-marbella-fem-platser-att-upptacka\\\/#breadcrumb\",\"itemListElement\":[{\"@type\":\"ListItem\",\"position\":1,\"name\":\"Hem\",\"item\":\"https:\\\/\\\/lightweb.dev\\\/l\\\/svm-temp\\\/\"},{\"@type\":\"ListItem\",\"position\":2,\"name\":\"L\u00e4r k\u00e4nna ditt Marbella &#8211; fem platser att uppt\u00e4cka\"}]},{\"@type\":\"WebSite\",\"@id\":\"https:\\\/\\\/lightweb.dev\\\/l\\\/svm-temp\\\/#website\",\"url\":\"https:\\\/\\\/lightweb.dev\\\/l\\\/svm-temp\\\/\",\"name\":\"Svenska Magasinet\",\"description\":\"Dina Spanska nyheter p&aring; Svenska\",\"publisher\":{\"@id\":\"https:\\\/\\\/lightweb.dev\\\/l\\\/svm-temp\\\/#organization\"},\"potentialAction\":[{\"@type\":\"SearchAction\",\"target\":{\"@type\":\"EntryPoint\",\"urlTemplate\":\"https:\\\/\\\/lightweb.dev\\\/l\\\/svm-temp\\\/?s={search_term_string}\"},\"query-input\":{\"@type\":\"PropertyValueSpecification\",\"valueRequired\":true,\"valueName\":\"search_term_string\"}}],\"inLanguage\":\"sv-SE\"},{\"@type\":\"Organization\",\"@id\":\"https:\\\/\\\/lightweb.dev\\\/l\\\/svm-temp\\\/#organization\",\"name\":\"Melkerson y Nott SL\",\"alternateName\":\"Svenska Magasinet\",\"url\":\"https:\\\/\\\/lightweb.dev\\\/l\\\/svm-temp\\\/\",\"logo\":{\"@type\":\"ImageObject\",\"inLanguage\":\"sv-SE\",\"@id\":\"https:\\\/\\\/lightweb.dev\\\/l\\\/svm-temp\\\/#\\\/schema\\\/logo\\\/image\\\/\",\"url\":\"https:\\\/\\\/lightweb.dev\\\/l\\\/svm-temp\\\/wp-content\\\/uploads\\\/2025\\\/02\\\/SvM-logo-Xtra-Centrerad-SVART.png\",\"contentUrl\":\"https:\\\/\\\/lightweb.dev\\\/l\\\/svm-temp\\\/wp-content\\\/uploads\\\/2025\\\/02\\\/SvM-logo-Xtra-Centrerad-SVART.png\",\"width\":300,\"height\":99,\"caption\":\"Melkerson y Nott SL\"},\"image\":{\"@id\":\"https:\\\/\\\/lightweb.dev\\\/l\\\/svm-temp\\\/#\\\/schema\\\/logo\\\/image\\\/\"},\"sameAs\":[\"https:\\\/\\\/www.facebook.com\\\/svenskamagasinet\",\"https:\\\/\\\/x.com\\\/SvenskaMagasine\"]},{\"@type\":\"Person\",\"@id\":\"https:\\\/\\\/lightweb.dev\\\/l\\\/svm-temp\\\/#\\\/schema\\\/person\\\/206a3bda5b607b0c25e1749191e4d837\",\"name\":\"Redaktionen SvM\",\"description\":\"Redaktionen\",\"sameAs\":[\"https:\\\/\\\/lightweb.dev\\\/l\\\/svm-temp\"],\"url\":\"https:\\\/\\\/lightweb.dev\\\/l\\\/svm-temp\\\/reporter\\\/redaktionen\\\/\"}]}<\/script>\n<!-- \/ Yoast SEO Premium plugin. -->","yoast_head_json":{"title":"L\u00e4r k\u00e4nna ditt Marbella - fem platser att uppt\u00e4cka - Svenska Magasinet","robots":{"index":"noindex","follow":"follow","max-snippet":"max-snippet:-1","max-image-preview":"max-image-preview:large","max-video-preview":"max-video-preview:-1"},"og_locale":"sv_SE","og_type":"article","og_title":"L\u00e4r k\u00e4nna ditt Marbella - fem platser att uppt\u00e4cka","og_description":"Marbella \u00e4r inte bara sol, strand, golfbanor och fritidshamnen Puerto Ban\u00fas. Det finns s\u00e5 mycket fint och vackert. En del oaser \u00e4r kanske inte s\u00e5 k\u00e4nda f\u00f6r de flesta. Trots turistboom och exploatering har platsen beh\u00e5llit sin historia. Av Ola Josefsson Twitter: @JosefssonOla \u00c4r du ny i Marbella-omr\u00e5det? Har du haft m\u00f6jlighet att utforska Marbellas [&hellip;]","og_url":"https:\/\/lightweb.dev\/l\/svm-temp\/artiklar\/lar-kanna-ditt-marbella-fem-platser-att-upptacka\/","og_site_name":"Svenska Magasinet","article_publisher":"https:\/\/www.facebook.com\/svenskamagasinet","article_published_time":"2015-11-09T23:00:00+00:00","og_image":[{"width":299,"height":200,"url":"https:\/\/lightweb.dev\/l\/svm-temp\/wp-content\/uploads\/2022\/04\/lr-knna-ditt-marbella-fem-platser-att-upptcka.png","type":"image\/png"}],"author":"Redaktionen SvM","twitter_card":"summary_large_image","twitter_creator":"@SvenskaMagasine","twitter_site":"@SvenskaMagasine","schema":{"@context":"https:\/\/schema.org","@graph":[{"@type":"Article","@id":"https:\/\/lightweb.dev\/l\/svm-temp\/artiklar\/lar-kanna-ditt-marbella-fem-platser-att-upptacka\/#article","isPartOf":{"@id":"https:\/\/lightweb.dev\/l\/svm-temp\/artiklar\/lar-kanna-ditt-marbella-fem-platser-att-upptacka\/"},"author":{"name":"Redaktionen SvM","@id":"https:\/\/lightweb.dev\/l\/svm-temp\/#\/schema\/person\/206a3bda5b607b0c25e1749191e4d837"},"headline":"L\u00e4r k\u00e4nna ditt Marbella &#8211; fem platser att uppt\u00e4cka","datePublished":"2015-11-09T23:00:00+00:00","mainEntityOfPage":{"@id":"https:\/\/lightweb.dev\/l\/svm-temp\/artiklar\/lar-kanna-ditt-marbella-fem-platser-att-upptacka\/"},"wordCount":1054,"commentCount":0,"publisher":{"@id":"https:\/\/lightweb.dev\/l\/svm-temp\/#organization"},"image":{"@id":"https:\/\/lightweb.dev\/l\/svm-temp\/artiklar\/lar-kanna-ditt-marbella-fem-platser-att-upptacka\/#primaryimage"},"thumbnailUrl":"https:\/\/lightweb.dev\/l\/svm-temp\/wp-content\/uploads\/2022\/04\/lr-knna-ditt-marbella-fem-platser-att-upptcka.png","articleSection":["Arkiv","Artiklar"],"inLanguage":"sv-SE"},{"@type":"WebPage","@id":"https:\/\/lightweb.dev\/l\/svm-temp\/artiklar\/lar-kanna-ditt-marbella-fem-platser-att-upptacka\/","url":"https:\/\/lightweb.dev\/l\/svm-temp\/artiklar\/lar-kanna-ditt-marbella-fem-platser-att-upptacka\/","name":"L\u00e4r k\u00e4nna ditt Marbella - fem platser att uppt\u00e4cka - Svenska Magasinet","isPartOf":{"@id":"https:\/\/lightweb.dev\/l\/svm-temp\/#website"},"primaryImageOfPage":{"@id":"https:\/\/lightweb.dev\/l\/svm-temp\/artiklar\/lar-kanna-ditt-marbella-fem-platser-att-upptacka\/#primaryimage"},"image":{"@id":"https:\/\/lightweb.dev\/l\/svm-temp\/artiklar\/lar-kanna-ditt-marbella-fem-platser-att-upptacka\/#primaryimage"},"thumbnailUrl":"https:\/\/lightweb.dev\/l\/svm-temp\/wp-content\/uploads\/2022\/04\/lr-knna-ditt-marbella-fem-platser-att-upptcka.png","datePublished":"2015-11-09T23:00:00+00:00","breadcrumb":{"@id":"https:\/\/lightweb.dev\/l\/svm-temp\/artiklar\/lar-kanna-ditt-marbella-fem-platser-att-upptacka\/#breadcrumb"},"inLanguage":"sv-SE","potentialAction":[{"@type":"ReadAction","target":["https:\/\/lightweb.dev\/l\/svm-temp\/artiklar\/lar-kanna-ditt-marbella-fem-platser-att-upptacka\/"]}]},{"@type":"ImageObject","inLanguage":"sv-SE","@id":"https:\/\/lightweb.dev\/l\/svm-temp\/artiklar\/lar-kanna-ditt-marbella-fem-platser-att-upptacka\/#primaryimage","url":"https:\/\/lightweb.dev\/l\/svm-temp\/wp-content\/uploads\/2022\/04\/lr-knna-ditt-marbella-fem-platser-att-upptcka.png","contentUrl":"https:\/\/lightweb.dev\/l\/svm-temp\/wp-content\/uploads\/2022\/04\/lr-knna-ditt-marbella-fem-platser-att-upptcka.png","width":299,"height":200},{"@type":"BreadcrumbList","@id":"https:\/\/lightweb.dev\/l\/svm-temp\/artiklar\/lar-kanna-ditt-marbella-fem-platser-att-upptacka\/#breadcrumb","itemListElement":[{"@type":"ListItem","position":1,"name":"Hem","item":"https:\/\/lightweb.dev\/l\/svm-temp\/"},{"@type":"ListItem","position":2,"name":"L\u00e4r k\u00e4nna ditt Marbella &#8211; fem platser att uppt\u00e4cka"}]},{"@type":"WebSite","@id":"https:\/\/lightweb.dev\/l\/svm-temp\/#website","url":"https:\/\/lightweb.dev\/l\/svm-temp\/","name":"Svenska Magasinet","description":"Dina Spanska nyheter p&aring; Svenska","publisher":{"@id":"https:\/\/lightweb.dev\/l\/svm-temp\/#organization"},"potentialAction":[{"@type":"SearchAction","target":{"@type":"EntryPoint","urlTemplate":"https:\/\/lightweb.dev\/l\/svm-temp\/?s={search_term_string}"},"query-input":{"@type":"PropertyValueSpecification","valueRequired":true,"valueName":"search_term_string"}}],"inLanguage":"sv-SE"},{"@type":"Organization","@id":"https:\/\/lightweb.dev\/l\/svm-temp\/#organization","name":"Melkerson y Nott SL","alternateName":"Svenska Magasinet","url":"https:\/\/lightweb.dev\/l\/svm-temp\/","logo":{"@type":"ImageObject","inLanguage":"sv-SE","@id":"https:\/\/lightweb.dev\/l\/svm-temp\/#\/schema\/logo\/image\/","url":"https:\/\/lightweb.dev\/l\/svm-temp\/wp-content\/uploads\/2025\/02\/SvM-logo-Xtra-Centrerad-SVART.png","contentUrl":"https:\/\/lightweb.dev\/l\/svm-temp\/wp-content\/uploads\/2025\/02\/SvM-logo-Xtra-Centrerad-SVART.png","width":300,"height":99,"caption":"Melkerson y Nott SL"},"image":{"@id":"https:\/\/lightweb.dev\/l\/svm-temp\/#\/schema\/logo\/image\/"},"sameAs":["https:\/\/www.facebook.com\/svenskamagasinet","https:\/\/x.com\/SvenskaMagasine"]},{"@type":"Person","@id":"https:\/\/lightweb.dev\/l\/svm-temp\/#\/schema\/person\/206a3bda5b607b0c25e1749191e4d837","name":"Redaktionen SvM","description":"Redaktionen","sameAs":["https:\/\/lightweb.dev\/l\/svm-temp"],"url":"https:\/\/lightweb.dev\/l\/svm-temp\/reporter\/redaktionen\/"}]}},"_links":{"self":[{"href":"https:\/\/lightweb.dev\/l\/svm-temp\/wp-json\/wp\/v2\/posts\/4915","targetHints":{"allow":["GET"]}}],"collection":[{"href":"https:\/\/lightweb.dev\/l\/svm-temp\/wp-json\/wp\/v2\/posts"}],"about":[{"href":"https:\/\/lightweb.dev\/l\/svm-temp\/wp-json\/wp\/v2\/types\/post"}],"author":[{"embeddable":true,"href":"https:\/\/lightweb.dev\/l\/svm-temp\/wp-json\/wp\/v2\/users\/8"}],"replies":[{"embeddable":true,"href":"https:\/\/lightweb.dev\/l\/svm-temp\/wp-json\/wp\/v2\/comments?post=4915"}],"version-history":[{"count":0,"href":"https:\/\/lightweb.dev\/l\/svm-temp\/wp-json\/wp\/v2\/posts\/4915\/revisions"}],"wp:featuredmedia":[{"embeddable":true,"href":"https:\/\/lightweb.dev\/l\/svm-temp\/wp-json\/wp\/v2\/media\/4916"}],"wp:attachment":[{"href":"https:\/\/lightweb.dev\/l\/svm-temp\/wp-json\/wp\/v2\/media?parent=4915"}],"wp:term":[{"taxonomy":"category","embeddable":true,"href":"https:\/\/lightweb.dev\/l\/svm-temp\/wp-json\/wp\/v2\/categories?post=4915"},{"taxonomy":"post_tag","embeddable":true,"href":"https:\/\/lightweb.dev\/l\/svm-temp\/wp-json\/wp\/v2\/tags?post=4915"}],"curies":[{"name":"wp","href":"https:\/\/api.w.org\/{rel}","templated":true}]}}