{"id":4917,"date":"2015-11-10T00:00:00","date_gmt":"2015-11-09T23:00:00","guid":{"rendered":"https:\/\/lightweb.dev\/l\/svm-temp\/spanien-just-nu-vem-dansar-med-vem\/"},"modified":"2015-11-10T00:00:00","modified_gmt":"2015-11-09T23:00:00","slug":"spanien-just-nu-vem-dansar-med-vem","status":"publish","type":"post","link":"https:\/\/lightweb.dev\/l\/svm-temp\/artiklar\/spanien-just-nu-vem-dansar-med-vem\/","title":{"rendered":"Spanien just nu \u2013 vem dansar med vem?"},"content":{"rendered":"<p> Den 20 november \u00e4r det 40 \u00e5r sedan Franco avled. Precis en m\u00e5nad senare kommer landet att h\u00e5lla sitt tolfte allm\u00e4nna val sedan \u00f6verg\u00e5ngen till demokrati och det f\u00f6rsta allm\u00e4nna valet sedan Felipe VI blev kung. Av Ola Josefsson<br \/>\nTwitter: @JosefssonOla<\/p>\n<p>Spanien, euro-omr\u00e5dets fj\u00e4rde st\u00f6rsta ekonomi, h\u00e5ller allm\u00e4nna val den 20 december. Spaniens BNP \u00e4r dubbelt s\u00e5 stor som Nederl\u00e4nderna som ligger p\u00e5 femte plats. Tillv\u00e4xten i Spanien ligger p\u00e5 3,1 procent vilket \u00e4r tre g\u00e5nger mer \u00e4n i Frankrike och Italien. Bland europeiska politiker beskrivs Spanien som \u201dm\u00f6nsterelev\u201d eller \u201df\u00f6rebild\u201d. P\u00e5 hemmaplan \u00e4r tong\u00e5ngarna betydligt svalare.<\/p>\n<p>Regeringar under\/efter ekonomiska kriser \u00e4r i regel inte popul\u00e4ra p\u00e5 hemmaplan och blir ofta bortr\u00f6stade. H\u00e5rda \u00e5tstramningar, reformer och besparingskrav g\u00f6r att st\u00f6det hos opinionen viker. Rajoy-regeringen fick absolut majoritet n\u00e4r spanska folket r\u00f6stade bort Zapatero\/Rubalcaba och PSOE 2011. Den nya regeringen fick ta \u00f6ver ekonomisk kris och skenande arbetsl\u00f6shet som 2013 passerade 6.200.000 personer.<br \/>\nDet fortsatte med korruptionsfallen G\u00fcrtel, B\u00e1rcenas, P\u00fanica och Rato &#8211; och katalansk separatism. Vi har f\u00e5tt se tv\u00e5 ministrar kasta in handduken; Ana Mato, efter G\u00fcrtel-h\u00e4rvan och Alberto Ruiz Gallard\u00f3n, i samband med en ny abortreform.<\/p>\n<p>Det har g\u00e5tt fem \u00e5r sedan som fruktade m\u00e4n i svarta kostym fr\u00e5n Europakommissionen, Europeiska centralbanken och Internationella valutafonden t\u00e5gade in i euro-omr\u00e5dets krisl\u00e4nder, och med \u201dyxan\u201d skulle bringa ordning i de offentliga finanserna som hade l\u00f6pt okontrollerat. F\u00f6r Spanien handlade det om nedsk\u00e4rningar\/skatteh\u00f6jningar p\u00e5 totalt 8.900 miljoner euro.<\/p>\n<p>Bryssel befarar att valresultaten i de l\u00e4nder som tidigare f\u00e5tt ekonomisk hj\u00e4lp kan undergr\u00e4va en fortsatt \u00e5terh\u00e4mtning. Det talas om os\u00e4kert politiskt l\u00e4ge. Inte bara i Grekland (val 20 september), Portugal (4 oktober) utan \u00e4ven i Spanien (20 december) och Irland (2016). Valkarusellen snurrar i de tidigare krisl\u00e4nderna PIGS.<\/p>\n<p>N\u00e4r Spanien h\u00e5ller allm\u00e4nna val den 20 december s\u00e5 \u00e4r det ett nationellt val men det f\u00f6ljs av en hel union inte minst i Bryssel som \u00e4r livr\u00e4dda f\u00f6r att landet f\u00e5r en regering som kastar de senaste \u00e5rens reformer \u00f6verbord och i st\u00e4llet l\u00e5ter ekonomin l\u00f6pa okontrollerat.<br \/>\nDet \u00e4r m\u00e5nga \u00f6verlag som k\u00e4nner oro, \u00e4ngslan, tvivel, os\u00e4kerhet och ovisshet. Vid ett os\u00e4kert politiskt l\u00e4ge \u00e4r Spanien ett tillr\u00e4ckligt stort land f\u00f6r att skaka om den br\u00e4ckliga ekonomiska \u00e5terh\u00e4mtningen i Europa.<\/p>\n<p>Vid de tre senaste valen, Europaparlamentet, regionalt och lokalt, har Spaniens dominerande tv\u00e5partisystem skakats. Ett troligt scenarie vid det allm\u00e4nna valet i december blir att det st\u00f6rsta partiet inte kommer \u00f6ver 30 procent i v\u00e4ljarst\u00f6d vilket skulle bli f\u00f6rsta g\u00e5ngen i landets historia. Senast det segrande partiet fick ett l\u00e5gt resultat var 1977 d\u00e5 UCD bara fick 34,4 procent av r\u00f6sterna. En opinionsunders\u00f6kning i oktober fr\u00e5n GAD3 visade att PP skulle f\u00e5 27,7 procent och PSOE 21,8 procent.<\/p>\n<p>De tv\u00e5 st\u00f6rsta partierna, Partido Popular och PSOE, ligger p\u00e5 gr\u00e4nsen till att f\u00e5 h\u00e4lften av r\u00f6sterna. Vilka allianser, \u00f6verenskommelser och pakter kan vi komma att se i Spanien? F\u00e5r vi se en center-h\u00f6ger-regering eller blir det en center-v\u00e4nster-regering?<\/p>\n<p>Konservativa Partido Popular och liberala Ciudadanos skulle tillsammans kunna f\u00e5 majoritet, en center-h\u00f6ger-regering. Men om de kan f\u00e5 till ett samarbete \u00e4r mera os\u00e4kert. Ciudadanos har sv\u00e5rt att se ett samarbete med Partido Popular s\u00e5 l\u00e4nge partiledaren heter Rajoy. Och vid tv-utfr\u00e5gningen den 26 oktober sa Rajoy att han inte t\u00e4nker l\u00e4mna posten som partiledare. Det blir f\u00f6rst aktuellt om PP f\u00f6rlorar valet och f\u00e5r l\u00e4mna regeringskansliet Moncloa.<\/p>\n<p>Sedan i somras \u00e4r Ciudadanos det enda parti med \u00f6kat opinionsst\u00f6d. Partiledaren Albert Rivera har sett st\u00f6det \u00f6ka med fem procent p\u00e5 tio m\u00e5nader f\u00f6r Ciuadadanos som startade som regionalt parti i Katalonien. St\u00f6det ligger p\u00e5 mellan 15 till 18 procent i unders\u00f6kningar. Ciudadanos vill genomf\u00f6ras en \u201dandra \u00f6verg\u00e5ng\u201d och ers\u00e4tta den \u201dgamla v\u00e4nstern\u201d (PSOE) och den \u201dgamla h\u00f6gern\u201d (PP) med den \u201dnya centern\u201d.<\/p>\n<p>P\u00e5 v\u00e4nsterkanten ser det splittrat ut. I oktober anklagade protestpartiet Podemos partiledare, Pablo Iglesias, det st\u00f6rsta oppositionspartiet, PSOE, f\u00f6r att kopiera deras partiprogram: \u201dDet \u00e4r m\u00e4rkligt, f\u00f6r ett och ett halvt \u00e5r sedan kallade de oss f\u00f6r populister. Nu kopierar de v\u00e5ra id\u00e9er\u201d sa Iglesias med adress PSOE:s partiledare Pedro S\u00e1nchez. \u201dDet \u00e4r b\u00e4ttre att r\u00f6sta p\u00e5 originalet \u00e4n att r\u00f6sta p\u00e5 kopian. Folk kommer inte att lita p\u00e5 socialdemokraterna bara f\u00f6r att S\u00e1nchez sl\u00e4nger slipsen och rulla upp \u00e4rmarna under valkampanjen&#8230;\u201d tillade Iglesias torrt.<\/p>\n<p>Att det skulle komma till ett samarbete mellan PSOE och Podemos, en center-v\u00e4nster-regering, \u00e4r h\u00f6gst os\u00e4kert. Podemos har tagit r\u00f6ster i f\u00f6rsta hand fr\u00e5n PSOE som tidigare betraktades som det statsb\u00e4rande partiet i Spanien. Men sedan dess har partiet kollapsat. Om oktober m\u00e5nads opinionsl\u00e4ge st\u00e5r sig skulle PSOE f\u00e5 84 mandat vilket kan j\u00e4mf\u00f6ras med 110 (2011) och 169 (2008) vid de senaste allm\u00e4nna valen. S\u00e5 l\u00e4nge Podemos dr\u00e4nerar PSOE p\u00e5 v\u00e4ljarst\u00f6d blir aldrig partiet st\u00f6rst igen.<br \/>\nEller blir det en allians mellan F\u00f6renade v\u00e4nstern Iquerda Unida och Podemos. Men om det r\u00e4cker till att bilda regering \u00e4r h\u00f6gst os\u00e4kert. En s\u00e5dan allians skulle ge huvudv\u00e4rk i Bryssel.<\/p>\n<p>S\u00e5 vem dansar med vem efter valet den 20 december? Ingen. Det mesta pekar p\u00e5 en minoritetsregering i Spanien med det parti i f\u00f6rars\u00e4tet som f\u00e5tt flest r\u00f6ster. Det kommer att bli den svagaste och minst handlingskraftiga regeringen p\u00e5 40 \u00e5r. <\/p>\n","protected":false},"excerpt":{"rendered":"<p>Den 20 november \u00e4r det 40 \u00e5r sedan Franco avled. Precis en m\u00e5nad senare kommer landet att h\u00e5lla sitt tolfte allm\u00e4nna val sedan \u00f6verg\u00e5ngen till demokrati och det f\u00f6rsta allm\u00e4nna valet sedan Felipe VI blev kung. Av Ola Josefsson Twitter: @JosefssonOla Spanien, euro-omr\u00e5dets fj\u00e4rde st\u00f6rsta ekonomi, h\u00e5ller allm\u00e4nna val den 20 december. Spaniens BNP \u00e4r [&hellip;]<\/p>\n","protected":false},"author":8,"featured_media":4918,"comment_status":"open","ping_status":"open","sticky":false,"template":"","format":"standard","meta":{"_et_pb_use_builder":"","_et_pb_old_content":"","_et_gb_content_width":"","footnotes":""},"categories":[4,36],"tags":[],"class_list":["post-4917","post","type-post","status-publish","format-standard","has-post-thumbnail","hentry","category-artiklar","category-spanien-just-nu"],"yoast_head":"<!-- This site is optimized with the Yoast SEO Premium plugin v26.2 (Yoast SEO v27.4) - https:\/\/yoast.com\/product\/yoast-seo-premium-wordpress\/ -->\n<title>Spanien just nu \u2013 vem dansar med vem? - Svenska Magasinet<\/title>\n<meta name=\"robots\" content=\"noindex, follow, max-snippet:-1, max-image-preview:large, max-video-preview:-1\" \/>\n<meta property=\"og:locale\" content=\"sv_SE\" \/>\n<meta property=\"og:type\" content=\"article\" \/>\n<meta property=\"og:title\" content=\"Spanien just nu \u2013 vem dansar med vem?\" \/>\n<meta property=\"og:description\" content=\"Den 20 november \u00e4r det 40 \u00e5r sedan Franco avled. Precis en m\u00e5nad senare kommer landet att h\u00e5lla sitt tolfte allm\u00e4nna val sedan \u00f6verg\u00e5ngen till demokrati och det f\u00f6rsta allm\u00e4nna valet sedan Felipe VI blev kung. Av Ola Josefsson Twitter: @JosefssonOla Spanien, euro-omr\u00e5dets fj\u00e4rde st\u00f6rsta ekonomi, h\u00e5ller allm\u00e4nna val den 20 december. Spaniens BNP \u00e4r [&hellip;]\" \/>\n<meta property=\"og:url\" content=\"https:\/\/lightweb.dev\/l\/svm-temp\/artiklar\/spanien-just-nu-vem-dansar-med-vem\/\" \/>\n<meta property=\"og:site_name\" content=\"Svenska Magasinet\" \/>\n<meta property=\"article:publisher\" content=\"https:\/\/www.facebook.com\/svenskamagasinet\" \/>\n<meta property=\"article:published_time\" content=\"2015-11-09T23:00:00+00:00\" \/>\n<meta property=\"og:image\" content=\"https:\/\/lightweb.dev\/l\/svm-temp\/wp-content\/uploads\/2022\/04\/spanien-just-nu-vem-dansar-med-vem.png\" \/>\n\t<meta property=\"og:image:width\" content=\"280\" \/>\n\t<meta property=\"og:image:height\" content=\"419\" \/>\n\t<meta property=\"og:image:type\" content=\"image\/png\" \/>\n<meta name=\"author\" content=\"Redaktionen SvM\" \/>\n<meta name=\"twitter:card\" content=\"summary_large_image\" \/>\n<meta name=\"twitter:creator\" content=\"@SvenskaMagasine\" \/>\n<meta name=\"twitter:site\" content=\"@SvenskaMagasine\" \/>\n<script type=\"application\/ld+json\" class=\"yoast-schema-graph\">{\"@context\":\"https:\\\/\\\/schema.org\",\"@graph\":[{\"@type\":\"Article\",\"@id\":\"https:\\\/\\\/lightweb.dev\\\/l\\\/svm-temp\\\/artiklar\\\/spanien-just-nu-vem-dansar-med-vem\\\/#article\",\"isPartOf\":{\"@id\":\"https:\\\/\\\/lightweb.dev\\\/l\\\/svm-temp\\\/artiklar\\\/spanien-just-nu-vem-dansar-med-vem\\\/\"},\"author\":{\"name\":\"Redaktionen SvM\",\"@id\":\"https:\\\/\\\/lightweb.dev\\\/l\\\/svm-temp\\\/#\\\/schema\\\/person\\\/206a3bda5b607b0c25e1749191e4d837\"},\"headline\":\"Spanien just nu \u2013 vem dansar med vem?\",\"datePublished\":\"2015-11-09T23:00:00+00:00\",\"mainEntityOfPage\":{\"@id\":\"https:\\\/\\\/lightweb.dev\\\/l\\\/svm-temp\\\/artiklar\\\/spanien-just-nu-vem-dansar-med-vem\\\/\"},\"wordCount\":986,\"commentCount\":0,\"publisher\":{\"@id\":\"https:\\\/\\\/lightweb.dev\\\/l\\\/svm-temp\\\/#organization\"},\"image\":{\"@id\":\"https:\\\/\\\/lightweb.dev\\\/l\\\/svm-temp\\\/artiklar\\\/spanien-just-nu-vem-dansar-med-vem\\\/#primaryimage\"},\"thumbnailUrl\":\"https:\\\/\\\/lightweb.dev\\\/l\\\/svm-temp\\\/wp-content\\\/uploads\\\/2022\\\/04\\\/spanien-just-nu-vem-dansar-med-vem.png\",\"articleSection\":[\"Artiklar\",\"Spanien just nu\"],\"inLanguage\":\"sv-SE\"},{\"@type\":\"WebPage\",\"@id\":\"https:\\\/\\\/lightweb.dev\\\/l\\\/svm-temp\\\/artiklar\\\/spanien-just-nu-vem-dansar-med-vem\\\/\",\"url\":\"https:\\\/\\\/lightweb.dev\\\/l\\\/svm-temp\\\/artiklar\\\/spanien-just-nu-vem-dansar-med-vem\\\/\",\"name\":\"Spanien just nu \u2013 vem dansar med vem? - Svenska Magasinet\",\"isPartOf\":{\"@id\":\"https:\\\/\\\/lightweb.dev\\\/l\\\/svm-temp\\\/#website\"},\"primaryImageOfPage\":{\"@id\":\"https:\\\/\\\/lightweb.dev\\\/l\\\/svm-temp\\\/artiklar\\\/spanien-just-nu-vem-dansar-med-vem\\\/#primaryimage\"},\"image\":{\"@id\":\"https:\\\/\\\/lightweb.dev\\\/l\\\/svm-temp\\\/artiklar\\\/spanien-just-nu-vem-dansar-med-vem\\\/#primaryimage\"},\"thumbnailUrl\":\"https:\\\/\\\/lightweb.dev\\\/l\\\/svm-temp\\\/wp-content\\\/uploads\\\/2022\\\/04\\\/spanien-just-nu-vem-dansar-med-vem.png\",\"datePublished\":\"2015-11-09T23:00:00+00:00\",\"breadcrumb\":{\"@id\":\"https:\\\/\\\/lightweb.dev\\\/l\\\/svm-temp\\\/artiklar\\\/spanien-just-nu-vem-dansar-med-vem\\\/#breadcrumb\"},\"inLanguage\":\"sv-SE\",\"potentialAction\":[{\"@type\":\"ReadAction\",\"target\":[\"https:\\\/\\\/lightweb.dev\\\/l\\\/svm-temp\\\/artiklar\\\/spanien-just-nu-vem-dansar-med-vem\\\/\"]}]},{\"@type\":\"ImageObject\",\"inLanguage\":\"sv-SE\",\"@id\":\"https:\\\/\\\/lightweb.dev\\\/l\\\/svm-temp\\\/artiklar\\\/spanien-just-nu-vem-dansar-med-vem\\\/#primaryimage\",\"url\":\"https:\\\/\\\/lightweb.dev\\\/l\\\/svm-temp\\\/wp-content\\\/uploads\\\/2022\\\/04\\\/spanien-just-nu-vem-dansar-med-vem.png\",\"contentUrl\":\"https:\\\/\\\/lightweb.dev\\\/l\\\/svm-temp\\\/wp-content\\\/uploads\\\/2022\\\/04\\\/spanien-just-nu-vem-dansar-med-vem.png\",\"width\":280,\"height\":419},{\"@type\":\"BreadcrumbList\",\"@id\":\"https:\\\/\\\/lightweb.dev\\\/l\\\/svm-temp\\\/artiklar\\\/spanien-just-nu-vem-dansar-med-vem\\\/#breadcrumb\",\"itemListElement\":[{\"@type\":\"ListItem\",\"position\":1,\"name\":\"Hem\",\"item\":\"https:\\\/\\\/lightweb.dev\\\/l\\\/svm-temp\\\/\"},{\"@type\":\"ListItem\",\"position\":2,\"name\":\"Spanien just nu \u2013 vem dansar med vem?\"}]},{\"@type\":\"WebSite\",\"@id\":\"https:\\\/\\\/lightweb.dev\\\/l\\\/svm-temp\\\/#website\",\"url\":\"https:\\\/\\\/lightweb.dev\\\/l\\\/svm-temp\\\/\",\"name\":\"Svenska Magasinet\",\"description\":\"Dina Spanska nyheter p&aring; Svenska\",\"publisher\":{\"@id\":\"https:\\\/\\\/lightweb.dev\\\/l\\\/svm-temp\\\/#organization\"},\"potentialAction\":[{\"@type\":\"SearchAction\",\"target\":{\"@type\":\"EntryPoint\",\"urlTemplate\":\"https:\\\/\\\/lightweb.dev\\\/l\\\/svm-temp\\\/?s={search_term_string}\"},\"query-input\":{\"@type\":\"PropertyValueSpecification\",\"valueRequired\":true,\"valueName\":\"search_term_string\"}}],\"inLanguage\":\"sv-SE\"},{\"@type\":\"Organization\",\"@id\":\"https:\\\/\\\/lightweb.dev\\\/l\\\/svm-temp\\\/#organization\",\"name\":\"Melkerson y Nott SL\",\"alternateName\":\"Svenska Magasinet\",\"url\":\"https:\\\/\\\/lightweb.dev\\\/l\\\/svm-temp\\\/\",\"logo\":{\"@type\":\"ImageObject\",\"inLanguage\":\"sv-SE\",\"@id\":\"https:\\\/\\\/lightweb.dev\\\/l\\\/svm-temp\\\/#\\\/schema\\\/logo\\\/image\\\/\",\"url\":\"https:\\\/\\\/lightweb.dev\\\/l\\\/svm-temp\\\/wp-content\\\/uploads\\\/2025\\\/02\\\/SvM-logo-Xtra-Centrerad-SVART.png\",\"contentUrl\":\"https:\\\/\\\/lightweb.dev\\\/l\\\/svm-temp\\\/wp-content\\\/uploads\\\/2025\\\/02\\\/SvM-logo-Xtra-Centrerad-SVART.png\",\"width\":300,\"height\":99,\"caption\":\"Melkerson y Nott SL\"},\"image\":{\"@id\":\"https:\\\/\\\/lightweb.dev\\\/l\\\/svm-temp\\\/#\\\/schema\\\/logo\\\/image\\\/\"},\"sameAs\":[\"https:\\\/\\\/www.facebook.com\\\/svenskamagasinet\",\"https:\\\/\\\/x.com\\\/SvenskaMagasine\"]},{\"@type\":\"Person\",\"@id\":\"https:\\\/\\\/lightweb.dev\\\/l\\\/svm-temp\\\/#\\\/schema\\\/person\\\/206a3bda5b607b0c25e1749191e4d837\",\"name\":\"Redaktionen SvM\",\"description\":\"Redaktionen\",\"sameAs\":[\"https:\\\/\\\/lightweb.dev\\\/l\\\/svm-temp\"],\"url\":\"https:\\\/\\\/lightweb.dev\\\/l\\\/svm-temp\\\/reporter\\\/redaktionen\\\/\"}]}<\/script>\n<!-- \/ Yoast SEO Premium plugin. -->","yoast_head_json":{"title":"Spanien just nu \u2013 vem dansar med vem? - Svenska Magasinet","robots":{"index":"noindex","follow":"follow","max-snippet":"max-snippet:-1","max-image-preview":"max-image-preview:large","max-video-preview":"max-video-preview:-1"},"og_locale":"sv_SE","og_type":"article","og_title":"Spanien just nu \u2013 vem dansar med vem?","og_description":"Den 20 november \u00e4r det 40 \u00e5r sedan Franco avled. Precis en m\u00e5nad senare kommer landet att h\u00e5lla sitt tolfte allm\u00e4nna val sedan \u00f6verg\u00e5ngen till demokrati och det f\u00f6rsta allm\u00e4nna valet sedan Felipe VI blev kung. Av Ola Josefsson Twitter: @JosefssonOla Spanien, euro-omr\u00e5dets fj\u00e4rde st\u00f6rsta ekonomi, h\u00e5ller allm\u00e4nna val den 20 december. Spaniens BNP \u00e4r [&hellip;]","og_url":"https:\/\/lightweb.dev\/l\/svm-temp\/artiklar\/spanien-just-nu-vem-dansar-med-vem\/","og_site_name":"Svenska Magasinet","article_publisher":"https:\/\/www.facebook.com\/svenskamagasinet","article_published_time":"2015-11-09T23:00:00+00:00","og_image":[{"width":280,"height":419,"url":"https:\/\/lightweb.dev\/l\/svm-temp\/wp-content\/uploads\/2022\/04\/spanien-just-nu-vem-dansar-med-vem.png","type":"image\/png"}],"author":"Redaktionen SvM","twitter_card":"summary_large_image","twitter_creator":"@SvenskaMagasine","twitter_site":"@SvenskaMagasine","schema":{"@context":"https:\/\/schema.org","@graph":[{"@type":"Article","@id":"https:\/\/lightweb.dev\/l\/svm-temp\/artiklar\/spanien-just-nu-vem-dansar-med-vem\/#article","isPartOf":{"@id":"https:\/\/lightweb.dev\/l\/svm-temp\/artiklar\/spanien-just-nu-vem-dansar-med-vem\/"},"author":{"name":"Redaktionen SvM","@id":"https:\/\/lightweb.dev\/l\/svm-temp\/#\/schema\/person\/206a3bda5b607b0c25e1749191e4d837"},"headline":"Spanien just nu \u2013 vem dansar med vem?","datePublished":"2015-11-09T23:00:00+00:00","mainEntityOfPage":{"@id":"https:\/\/lightweb.dev\/l\/svm-temp\/artiklar\/spanien-just-nu-vem-dansar-med-vem\/"},"wordCount":986,"commentCount":0,"publisher":{"@id":"https:\/\/lightweb.dev\/l\/svm-temp\/#organization"},"image":{"@id":"https:\/\/lightweb.dev\/l\/svm-temp\/artiklar\/spanien-just-nu-vem-dansar-med-vem\/#primaryimage"},"thumbnailUrl":"https:\/\/lightweb.dev\/l\/svm-temp\/wp-content\/uploads\/2022\/04\/spanien-just-nu-vem-dansar-med-vem.png","articleSection":["Artiklar","Spanien just nu"],"inLanguage":"sv-SE"},{"@type":"WebPage","@id":"https:\/\/lightweb.dev\/l\/svm-temp\/artiklar\/spanien-just-nu-vem-dansar-med-vem\/","url":"https:\/\/lightweb.dev\/l\/svm-temp\/artiklar\/spanien-just-nu-vem-dansar-med-vem\/","name":"Spanien just nu \u2013 vem dansar med vem? - Svenska Magasinet","isPartOf":{"@id":"https:\/\/lightweb.dev\/l\/svm-temp\/#website"},"primaryImageOfPage":{"@id":"https:\/\/lightweb.dev\/l\/svm-temp\/artiklar\/spanien-just-nu-vem-dansar-med-vem\/#primaryimage"},"image":{"@id":"https:\/\/lightweb.dev\/l\/svm-temp\/artiklar\/spanien-just-nu-vem-dansar-med-vem\/#primaryimage"},"thumbnailUrl":"https:\/\/lightweb.dev\/l\/svm-temp\/wp-content\/uploads\/2022\/04\/spanien-just-nu-vem-dansar-med-vem.png","datePublished":"2015-11-09T23:00:00+00:00","breadcrumb":{"@id":"https:\/\/lightweb.dev\/l\/svm-temp\/artiklar\/spanien-just-nu-vem-dansar-med-vem\/#breadcrumb"},"inLanguage":"sv-SE","potentialAction":[{"@type":"ReadAction","target":["https:\/\/lightweb.dev\/l\/svm-temp\/artiklar\/spanien-just-nu-vem-dansar-med-vem\/"]}]},{"@type":"ImageObject","inLanguage":"sv-SE","@id":"https:\/\/lightweb.dev\/l\/svm-temp\/artiklar\/spanien-just-nu-vem-dansar-med-vem\/#primaryimage","url":"https:\/\/lightweb.dev\/l\/svm-temp\/wp-content\/uploads\/2022\/04\/spanien-just-nu-vem-dansar-med-vem.png","contentUrl":"https:\/\/lightweb.dev\/l\/svm-temp\/wp-content\/uploads\/2022\/04\/spanien-just-nu-vem-dansar-med-vem.png","width":280,"height":419},{"@type":"BreadcrumbList","@id":"https:\/\/lightweb.dev\/l\/svm-temp\/artiklar\/spanien-just-nu-vem-dansar-med-vem\/#breadcrumb","itemListElement":[{"@type":"ListItem","position":1,"name":"Hem","item":"https:\/\/lightweb.dev\/l\/svm-temp\/"},{"@type":"ListItem","position":2,"name":"Spanien just nu \u2013 vem dansar med vem?"}]},{"@type":"WebSite","@id":"https:\/\/lightweb.dev\/l\/svm-temp\/#website","url":"https:\/\/lightweb.dev\/l\/svm-temp\/","name":"Svenska Magasinet","description":"Dina Spanska nyheter p&aring; Svenska","publisher":{"@id":"https:\/\/lightweb.dev\/l\/svm-temp\/#organization"},"potentialAction":[{"@type":"SearchAction","target":{"@type":"EntryPoint","urlTemplate":"https:\/\/lightweb.dev\/l\/svm-temp\/?s={search_term_string}"},"query-input":{"@type":"PropertyValueSpecification","valueRequired":true,"valueName":"search_term_string"}}],"inLanguage":"sv-SE"},{"@type":"Organization","@id":"https:\/\/lightweb.dev\/l\/svm-temp\/#organization","name":"Melkerson y Nott SL","alternateName":"Svenska Magasinet","url":"https:\/\/lightweb.dev\/l\/svm-temp\/","logo":{"@type":"ImageObject","inLanguage":"sv-SE","@id":"https:\/\/lightweb.dev\/l\/svm-temp\/#\/schema\/logo\/image\/","url":"https:\/\/lightweb.dev\/l\/svm-temp\/wp-content\/uploads\/2025\/02\/SvM-logo-Xtra-Centrerad-SVART.png","contentUrl":"https:\/\/lightweb.dev\/l\/svm-temp\/wp-content\/uploads\/2025\/02\/SvM-logo-Xtra-Centrerad-SVART.png","width":300,"height":99,"caption":"Melkerson y Nott SL"},"image":{"@id":"https:\/\/lightweb.dev\/l\/svm-temp\/#\/schema\/logo\/image\/"},"sameAs":["https:\/\/www.facebook.com\/svenskamagasinet","https:\/\/x.com\/SvenskaMagasine"]},{"@type":"Person","@id":"https:\/\/lightweb.dev\/l\/svm-temp\/#\/schema\/person\/206a3bda5b607b0c25e1749191e4d837","name":"Redaktionen SvM","description":"Redaktionen","sameAs":["https:\/\/lightweb.dev\/l\/svm-temp"],"url":"https:\/\/lightweb.dev\/l\/svm-temp\/reporter\/redaktionen\/"}]}},"_links":{"self":[{"href":"https:\/\/lightweb.dev\/l\/svm-temp\/wp-json\/wp\/v2\/posts\/4917","targetHints":{"allow":["GET"]}}],"collection":[{"href":"https:\/\/lightweb.dev\/l\/svm-temp\/wp-json\/wp\/v2\/posts"}],"about":[{"href":"https:\/\/lightweb.dev\/l\/svm-temp\/wp-json\/wp\/v2\/types\/post"}],"author":[{"embeddable":true,"href":"https:\/\/lightweb.dev\/l\/svm-temp\/wp-json\/wp\/v2\/users\/8"}],"replies":[{"embeddable":true,"href":"https:\/\/lightweb.dev\/l\/svm-temp\/wp-json\/wp\/v2\/comments?post=4917"}],"version-history":[{"count":0,"href":"https:\/\/lightweb.dev\/l\/svm-temp\/wp-json\/wp\/v2\/posts\/4917\/revisions"}],"wp:featuredmedia":[{"embeddable":true,"href":"https:\/\/lightweb.dev\/l\/svm-temp\/wp-json\/wp\/v2\/media\/4918"}],"wp:attachment":[{"href":"https:\/\/lightweb.dev\/l\/svm-temp\/wp-json\/wp\/v2\/media?parent=4917"}],"wp:term":[{"taxonomy":"category","embeddable":true,"href":"https:\/\/lightweb.dev\/l\/svm-temp\/wp-json\/wp\/v2\/categories?post=4917"},{"taxonomy":"post_tag","embeddable":true,"href":"https:\/\/lightweb.dev\/l\/svm-temp\/wp-json\/wp\/v2\/tags?post=4917"}],"curies":[{"name":"wp","href":"https:\/\/api.w.org\/{rel}","templated":true}]}}