{"id":4923,"date":"2015-10-14T00:00:00","date_gmt":"2015-10-13T22:00:00","guid":{"rendered":"https:\/\/lightweb.dev\/l\/svm-temp\/svenska-skolan-marbella-nu-storre-an-nagonsin\/"},"modified":"2015-10-14T00:00:00","modified_gmt":"2015-10-13T22:00:00","slug":"svenska-skolan-marbella-nu-storre-an-nagonsin","status":"publish","type":"post","link":"https:\/\/lightweb.dev\/l\/svm-temp\/artiklar\/svenska-skolan-marbella-nu-storre-an-nagonsin\/","title":{"rendered":"Svenska skolan Marbella &#8211; nu st\u00f6rre \u00e4n n\u00e5gonsin"},"content":{"rendered":"<p> Intresset f\u00f6r svenska utlandsskolor \u00e4r stort eftersom m\u00e5nga f\u00f6r\u00e4ldrar med sm\u00e5barn idag, har en typ av arbete som g\u00f6r att de kan prova p\u00e5 att bo en tid utomlands. Och d\u00e5 blir ofta en svensk utlandsskola en utomordentlig landningsplattform i det nya landet. Rektor Annika Scharnke har visningar varje vecka f\u00f6r nya familjer och hon \u00e4r str\u00e5lande glad och stolt \u00f6ver den senaste m\u00e5nadens siffror. Marbella-skolan har nu g\u00e5tt f\u00f6rbi Fuengirola-skolan n\u00e4r det g\u00e4ller elevantal f\u00f6r \u00e5ldersgruppen 3-12 \u00e5r.<\/p>\n<p>De har denna termin 54 nya elever vilket jag absolut inte m\u00e4rker det minsta av n\u00e4r jag visas runt av Annika. H\u00e4r r\u00e5der ett lugn och en harmoni \u00e4ven fast lunchtimmen p\u00e5b\u00f6rjats och barnen radar upp sig f\u00f6r att h\u00e4mta sin mat.<\/p>\n<p>Eleverna acklimatiserar sig snabbt i denna fina och trivsamma milj\u00f6 med hj\u00e4lp av de mycket duktiga och engagerade l\u00e4rare som Annika har i sitt team.<\/p>\n<p>Att skolan i Marbella v\u00e4xt s\u00e5 mycket, beror fr\u00e4mst p\u00e5 att en utbyggnad av lokalerna har gjorts och f\u00f6rskolan\/dagis har f\u00e5tt egna fr\u00e4scha utrymmen. \u00c4ven l\u00e4rarna har nu ett eget allrum, skolsk\u00f6terskan har sin lilla mottagning och ytterligare en stor lokal kommer inom kort att utrustas f\u00f6r inomhussporter och gym.<\/p>\n<p>Fritids \u00e4r en frivillig verksamhet som kompletterar l\u00e4roplanen efter den ordinaire skoldagen och faktum \u00e4r att 75 % av alla barn g\u00e5r p\u00e5 fritids. Fritids \u00e4r roligt och de kan leka med sina kompisar innan var och en g\u00e5r hem till sig. Det h\u00e4r \u00e4r j\u00e4tteviktigt f\u00f6r barnen, som bor spridda l\u00e4ngs hela kusten och kanske inte tr\u00e4ffar kompisarna p\u00e5 annat s\u00e4tt \u00e4n genom skolan.<\/p>\n<p>P\u00e5 fritids de f\u00e5r prova p\u00e5 m\u00e5nga olika aktiviteter, musik, yoga, f\u00e5 hj\u00e4lp med l\u00e4xor, olika sporter bl a parkour f\u00f6r de som v\u00e5gar! En av l\u00e4rarna \u00e4r instrukt\u00f6r i denna tr\u00e4ningsmetod som innefattar hopp, rullar och andra \u00f6vningar f\u00f6r att testa fysisk och mental styrka. <\/p>\n<p>Under den varma september m\u00e5naden har det varit mycket pool f\u00f6rst\u00e5s eftersom skolan har en alldeles egen s\u00e5dan i sin fina tr\u00e4dg\u00e5rd. Alla l\u00e4rare \u00e4r sportm\u00e4nniskor och det \u00e4r p\u00e5 flit Annika har rekryterat just dem. Hon vill att barn skall l\u00e4ra sig att r\u00f6ra mer p\u00e5 sig, de sitter stilla alldeles f\u00f6r mycket, s\u00e4ger hon. I \u00f6vrigt f\u00f6ljs den svenska l\u00e4roplanen och de direktiv som f\u00f6reskrivs d\u00e4r. Skolan har max 8 barn per vuxen f\u00f6r de allra minsta 3-5 \u00e5r, max 15 elever per vuxen fr\u00e5n f\u00f6rskola till \u00e5rskurs 3 och max 20 elever per vuxen i \u00e5rskurs 4 &#8211; 6.<\/p>\n<p>Det \u00e4r alltid lika trevligt att bes\u00f6ka Svenska Skolan i Marbella och tr\u00e4ffa h\u00e4nsynsfulla och sn\u00e4lla barn som verkligen trivs i sin skolmilj\u00f6. Vi saluterar Annika och hennes l\u00e4rarteam till ett utomordentligt fint arbete! Vill du veta mer om skolan bes\u00f6ker du www.svenskaskolanmarbella.com<\/p>\n<p>    google_ad_client = &#8221;ca-pub-4108016601726900&#8221;;<br \/>\n    google_ad_slot = &#8221;4324319218&#8221;;<br \/>\n    google_ad_width = 728;<br \/>\n    google_ad_height = 15;<\/p>\n","protected":false},"excerpt":{"rendered":"<p>Intresset f\u00f6r svenska utlandsskolor \u00e4r stort eftersom m\u00e5nga f\u00f6r\u00e4ldrar med sm\u00e5barn idag, har en typ av arbete som g\u00f6r att de kan prova p\u00e5 att bo en tid utomlands. Och d\u00e5 blir ofta en svensk utlandsskola en utomordentlig landningsplattform i det nya landet. Rektor Annika Scharnke har visningar varje vecka f\u00f6r nya familjer och hon [&hellip;]<\/p>\n","protected":false},"author":8,"featured_media":4924,"comment_status":"open","ping_status":"open","sticky":false,"template":"","format":"standard","meta":{"_et_pb_use_builder":"","_et_pb_old_content":"","_et_gb_content_width":"","footnotes":""},"categories":[396,4],"tags":[],"class_list":["post-4923","post","type-post","status-publish","format-standard","has-post-thumbnail","hentry","category-arkiv-artiklar","category-artiklar"],"yoast_head":"<!-- This site is optimized with the Yoast SEO Premium plugin v26.2 (Yoast SEO v28.2) - https:\/\/yoast.com\/product\/yoast-seo-premium-wordpress\/ -->\n<title>Svenska skolan Marbella - nu st\u00f6rre \u00e4n n\u00e5gonsin - Svenska Magasinet<\/title>\n<meta name=\"robots\" content=\"noindex, follow, max-snippet:-1, max-image-preview:large, max-video-preview:-1\" \/>\n<meta property=\"og:locale\" content=\"sv_SE\" \/>\n<meta property=\"og:type\" content=\"article\" \/>\n<meta property=\"og:title\" content=\"Svenska skolan Marbella - nu st\u00f6rre \u00e4n n\u00e5gonsin\" \/>\n<meta property=\"og:description\" content=\"Intresset f\u00f6r svenska utlandsskolor \u00e4r stort eftersom m\u00e5nga f\u00f6r\u00e4ldrar med sm\u00e5barn idag, har en typ av arbete som g\u00f6r att de kan prova p\u00e5 att bo en tid utomlands. Och d\u00e5 blir ofta en svensk utlandsskola en utomordentlig landningsplattform i det nya landet. Rektor Annika Scharnke har visningar varje vecka f\u00f6r nya familjer och hon [&hellip;]\" \/>\n<meta property=\"og:url\" content=\"https:\/\/lightweb.dev\/l\/svm-temp\/artiklar\/svenska-skolan-marbella-nu-storre-an-nagonsin\/\" \/>\n<meta property=\"og:site_name\" content=\"Svenska Magasinet\" \/>\n<meta property=\"article:publisher\" content=\"https:\/\/www.facebook.com\/svenskamagasinet\" \/>\n<meta property=\"article:published_time\" content=\"2015-10-13T22:00:00+00:00\" \/>\n<meta property=\"og:image\" content=\"https:\/\/lightweb.dev\/l\/svm-temp\/wp-content\/uploads\/2022\/04\/svenska-skolan-marbella-nu-strre-n-ngonsin.png\" \/>\n\t<meta property=\"og:image:width\" content=\"299\" \/>\n\t<meta property=\"og:image:height\" content=\"200\" \/>\n\t<meta property=\"og:image:type\" content=\"image\/png\" \/>\n<meta name=\"author\" content=\"Redaktionen SvM\" \/>\n<meta name=\"twitter:card\" content=\"summary_large_image\" \/>\n<meta name=\"twitter:creator\" content=\"@SvenskaMagasine\" \/>\n<meta name=\"twitter:site\" content=\"@SvenskaMagasine\" \/>\n<script type=\"application\/ld+json\" class=\"yoast-schema-graph\">{\"@context\":\"https:\\\/\\\/schema.org\",\"@graph\":[{\"@type\":\"Article\",\"@id\":\"https:\\\/\\\/lightweb.dev\\\/l\\\/svm-temp\\\/artiklar\\\/svenska-skolan-marbella-nu-storre-an-nagonsin\\\/#article\",\"isPartOf\":{\"@id\":\"https:\\\/\\\/lightweb.dev\\\/l\\\/svm-temp\\\/artiklar\\\/svenska-skolan-marbella-nu-storre-an-nagonsin\\\/\"},\"author\":{\"name\":\"Redaktionen SvM\",\"@id\":\"https:\\\/\\\/lightweb.dev\\\/l\\\/svm-temp\\\/#\\\/schema\\\/person\\\/206a3bda5b607b0c25e1749191e4d837\"},\"headline\":\"Svenska skolan Marbella &#8211; nu st\u00f6rre \u00e4n n\u00e5gonsin\",\"datePublished\":\"2015-10-13T22:00:00+00:00\",\"mainEntityOfPage\":{\"@id\":\"https:\\\/\\\/lightweb.dev\\\/l\\\/svm-temp\\\/artiklar\\\/svenska-skolan-marbella-nu-storre-an-nagonsin\\\/\"},\"wordCount\":545,\"commentCount\":0,\"publisher\":{\"@id\":\"https:\\\/\\\/lightweb.dev\\\/l\\\/svm-temp\\\/#organization\"},\"image\":{\"@id\":\"https:\\\/\\\/lightweb.dev\\\/l\\\/svm-temp\\\/artiklar\\\/svenska-skolan-marbella-nu-storre-an-nagonsin\\\/#primaryimage\"},\"thumbnailUrl\":\"https:\\\/\\\/lightweb.dev\\\/l\\\/svm-temp\\\/wp-content\\\/uploads\\\/2022\\\/04\\\/svenska-skolan-marbella-nu-strre-n-ngonsin.png\",\"articleSection\":[\"Arkiv\",\"Artiklar\"],\"inLanguage\":\"sv-SE\"},{\"@type\":\"WebPage\",\"@id\":\"https:\\\/\\\/lightweb.dev\\\/l\\\/svm-temp\\\/artiklar\\\/svenska-skolan-marbella-nu-storre-an-nagonsin\\\/\",\"url\":\"https:\\\/\\\/lightweb.dev\\\/l\\\/svm-temp\\\/artiklar\\\/svenska-skolan-marbella-nu-storre-an-nagonsin\\\/\",\"name\":\"Svenska skolan Marbella - nu st\u00f6rre \u00e4n n\u00e5gonsin - Svenska Magasinet\",\"isPartOf\":{\"@id\":\"https:\\\/\\\/lightweb.dev\\\/l\\\/svm-temp\\\/#website\"},\"primaryImageOfPage\":{\"@id\":\"https:\\\/\\\/lightweb.dev\\\/l\\\/svm-temp\\\/artiklar\\\/svenska-skolan-marbella-nu-storre-an-nagonsin\\\/#primaryimage\"},\"image\":{\"@id\":\"https:\\\/\\\/lightweb.dev\\\/l\\\/svm-temp\\\/artiklar\\\/svenska-skolan-marbella-nu-storre-an-nagonsin\\\/#primaryimage\"},\"thumbnailUrl\":\"https:\\\/\\\/lightweb.dev\\\/l\\\/svm-temp\\\/wp-content\\\/uploads\\\/2022\\\/04\\\/svenska-skolan-marbella-nu-strre-n-ngonsin.png\",\"datePublished\":\"2015-10-13T22:00:00+00:00\",\"breadcrumb\":{\"@id\":\"https:\\\/\\\/lightweb.dev\\\/l\\\/svm-temp\\\/artiklar\\\/svenska-skolan-marbella-nu-storre-an-nagonsin\\\/#breadcrumb\"},\"inLanguage\":\"sv-SE\",\"potentialAction\":[{\"@type\":\"ReadAction\",\"target\":[\"https:\\\/\\\/lightweb.dev\\\/l\\\/svm-temp\\\/artiklar\\\/svenska-skolan-marbella-nu-storre-an-nagonsin\\\/\"]}]},{\"@type\":\"ImageObject\",\"inLanguage\":\"sv-SE\",\"@id\":\"https:\\\/\\\/lightweb.dev\\\/l\\\/svm-temp\\\/artiklar\\\/svenska-skolan-marbella-nu-storre-an-nagonsin\\\/#primaryimage\",\"url\":\"https:\\\/\\\/lightweb.dev\\\/l\\\/svm-temp\\\/wp-content\\\/uploads\\\/2022\\\/04\\\/svenska-skolan-marbella-nu-strre-n-ngonsin.png\",\"contentUrl\":\"https:\\\/\\\/lightweb.dev\\\/l\\\/svm-temp\\\/wp-content\\\/uploads\\\/2022\\\/04\\\/svenska-skolan-marbella-nu-strre-n-ngonsin.png\",\"width\":299,\"height\":200},{\"@type\":\"BreadcrumbList\",\"@id\":\"https:\\\/\\\/lightweb.dev\\\/l\\\/svm-temp\\\/artiklar\\\/svenska-skolan-marbella-nu-storre-an-nagonsin\\\/#breadcrumb\",\"itemListElement\":[{\"@type\":\"ListItem\",\"position\":1,\"name\":\"Hem\",\"item\":\"https:\\\/\\\/lightweb.dev\\\/l\\\/svm-temp\\\/\"},{\"@type\":\"ListItem\",\"position\":2,\"name\":\"Svenska skolan Marbella &#8211; nu st\u00f6rre \u00e4n n\u00e5gonsin\"}]},{\"@type\":\"WebSite\",\"@id\":\"https:\\\/\\\/lightweb.dev\\\/l\\\/svm-temp\\\/#website\",\"url\":\"https:\\\/\\\/lightweb.dev\\\/l\\\/svm-temp\\\/\",\"name\":\"Svenska Magasinet\",\"description\":\"Dina Spanska nyheter p&aring; Svenska\",\"publisher\":{\"@id\":\"https:\\\/\\\/lightweb.dev\\\/l\\\/svm-temp\\\/#organization\"},\"potentialAction\":[{\"@type\":\"SearchAction\",\"target\":{\"@type\":\"EntryPoint\",\"urlTemplate\":\"https:\\\/\\\/lightweb.dev\\\/l\\\/svm-temp\\\/?s={search_term_string}\"},\"query-input\":{\"@type\":\"PropertyValueSpecification\",\"valueRequired\":true,\"valueName\":\"search_term_string\"}}],\"inLanguage\":\"sv-SE\"},{\"@type\":\"Organization\",\"@id\":\"https:\\\/\\\/lightweb.dev\\\/l\\\/svm-temp\\\/#organization\",\"name\":\"Melkerson y Nott SL\",\"alternateName\":\"Svenska Magasinet\",\"url\":\"https:\\\/\\\/lightweb.dev\\\/l\\\/svm-temp\\\/\",\"logo\":{\"@type\":\"ImageObject\",\"inLanguage\":\"sv-SE\",\"@id\":\"https:\\\/\\\/lightweb.dev\\\/l\\\/svm-temp\\\/#\\\/schema\\\/logo\\\/image\\\/\",\"url\":\"https:\\\/\\\/lightweb.dev\\\/l\\\/svm-temp\\\/wp-content\\\/uploads\\\/2025\\\/02\\\/SvM-logo-Xtra-Centrerad-SVART.png\",\"contentUrl\":\"https:\\\/\\\/lightweb.dev\\\/l\\\/svm-temp\\\/wp-content\\\/uploads\\\/2025\\\/02\\\/SvM-logo-Xtra-Centrerad-SVART.png\",\"width\":300,\"height\":99,\"caption\":\"Melkerson y Nott SL\"},\"image\":{\"@id\":\"https:\\\/\\\/lightweb.dev\\\/l\\\/svm-temp\\\/#\\\/schema\\\/logo\\\/image\\\/\"},\"sameAs\":[\"https:\\\/\\\/www.facebook.com\\\/svenskamagasinet\",\"https:\\\/\\\/x.com\\\/SvenskaMagasine\"]},{\"@type\":\"Person\",\"@id\":\"https:\\\/\\\/lightweb.dev\\\/l\\\/svm-temp\\\/#\\\/schema\\\/person\\\/206a3bda5b607b0c25e1749191e4d837\",\"name\":\"Redaktionen SvM\",\"description\":\"Redaktionen\",\"sameAs\":[\"https:\\\/\\\/lightweb.dev\\\/l\\\/svm-temp\"],\"url\":\"https:\\\/\\\/lightweb.dev\\\/l\\\/svm-temp\\\/reporter\\\/redaktionen\\\/\"}]}<\/script>\n<!-- \/ Yoast SEO Premium plugin. -->","yoast_head_json":{"title":"Svenska skolan Marbella - nu st\u00f6rre \u00e4n n\u00e5gonsin - Svenska Magasinet","robots":{"index":"noindex","follow":"follow","max-snippet":"max-snippet:-1","max-image-preview":"max-image-preview:large","max-video-preview":"max-video-preview:-1"},"og_locale":"sv_SE","og_type":"article","og_title":"Svenska skolan Marbella - nu st\u00f6rre \u00e4n n\u00e5gonsin","og_description":"Intresset f\u00f6r svenska utlandsskolor \u00e4r stort eftersom m\u00e5nga f\u00f6r\u00e4ldrar med sm\u00e5barn idag, har en typ av arbete som g\u00f6r att de kan prova p\u00e5 att bo en tid utomlands. Och d\u00e5 blir ofta en svensk utlandsskola en utomordentlig landningsplattform i det nya landet. Rektor Annika Scharnke har visningar varje vecka f\u00f6r nya familjer och hon [&hellip;]","og_url":"https:\/\/lightweb.dev\/l\/svm-temp\/artiklar\/svenska-skolan-marbella-nu-storre-an-nagonsin\/","og_site_name":"Svenska Magasinet","article_publisher":"https:\/\/www.facebook.com\/svenskamagasinet","article_published_time":"2015-10-13T22:00:00+00:00","og_image":[{"width":299,"height":200,"url":"https:\/\/lightweb.dev\/l\/svm-temp\/wp-content\/uploads\/2022\/04\/svenska-skolan-marbella-nu-strre-n-ngonsin.png","type":"image\/png"}],"author":"Redaktionen SvM","twitter_card":"summary_large_image","twitter_creator":"@SvenskaMagasine","twitter_site":"@SvenskaMagasine","schema":{"@context":"https:\/\/schema.org","@graph":[{"@type":"Article","@id":"https:\/\/lightweb.dev\/l\/svm-temp\/artiklar\/svenska-skolan-marbella-nu-storre-an-nagonsin\/#article","isPartOf":{"@id":"https:\/\/lightweb.dev\/l\/svm-temp\/artiklar\/svenska-skolan-marbella-nu-storre-an-nagonsin\/"},"author":{"name":"Redaktionen SvM","@id":"https:\/\/lightweb.dev\/l\/svm-temp\/#\/schema\/person\/206a3bda5b607b0c25e1749191e4d837"},"headline":"Svenska skolan Marbella &#8211; nu st\u00f6rre \u00e4n n\u00e5gonsin","datePublished":"2015-10-13T22:00:00+00:00","mainEntityOfPage":{"@id":"https:\/\/lightweb.dev\/l\/svm-temp\/artiklar\/svenska-skolan-marbella-nu-storre-an-nagonsin\/"},"wordCount":545,"commentCount":0,"publisher":{"@id":"https:\/\/lightweb.dev\/l\/svm-temp\/#organization"},"image":{"@id":"https:\/\/lightweb.dev\/l\/svm-temp\/artiklar\/svenska-skolan-marbella-nu-storre-an-nagonsin\/#primaryimage"},"thumbnailUrl":"https:\/\/lightweb.dev\/l\/svm-temp\/wp-content\/uploads\/2022\/04\/svenska-skolan-marbella-nu-strre-n-ngonsin.png","articleSection":["Arkiv","Artiklar"],"inLanguage":"sv-SE"},{"@type":"WebPage","@id":"https:\/\/lightweb.dev\/l\/svm-temp\/artiklar\/svenska-skolan-marbella-nu-storre-an-nagonsin\/","url":"https:\/\/lightweb.dev\/l\/svm-temp\/artiklar\/svenska-skolan-marbella-nu-storre-an-nagonsin\/","name":"Svenska skolan Marbella - nu st\u00f6rre \u00e4n n\u00e5gonsin - Svenska Magasinet","isPartOf":{"@id":"https:\/\/lightweb.dev\/l\/svm-temp\/#website"},"primaryImageOfPage":{"@id":"https:\/\/lightweb.dev\/l\/svm-temp\/artiklar\/svenska-skolan-marbella-nu-storre-an-nagonsin\/#primaryimage"},"image":{"@id":"https:\/\/lightweb.dev\/l\/svm-temp\/artiklar\/svenska-skolan-marbella-nu-storre-an-nagonsin\/#primaryimage"},"thumbnailUrl":"https:\/\/lightweb.dev\/l\/svm-temp\/wp-content\/uploads\/2022\/04\/svenska-skolan-marbella-nu-strre-n-ngonsin.png","datePublished":"2015-10-13T22:00:00+00:00","breadcrumb":{"@id":"https:\/\/lightweb.dev\/l\/svm-temp\/artiklar\/svenska-skolan-marbella-nu-storre-an-nagonsin\/#breadcrumb"},"inLanguage":"sv-SE","potentialAction":[{"@type":"ReadAction","target":["https:\/\/lightweb.dev\/l\/svm-temp\/artiklar\/svenska-skolan-marbella-nu-storre-an-nagonsin\/"]}]},{"@type":"ImageObject","inLanguage":"sv-SE","@id":"https:\/\/lightweb.dev\/l\/svm-temp\/artiklar\/svenska-skolan-marbella-nu-storre-an-nagonsin\/#primaryimage","url":"https:\/\/lightweb.dev\/l\/svm-temp\/wp-content\/uploads\/2022\/04\/svenska-skolan-marbella-nu-strre-n-ngonsin.png","contentUrl":"https:\/\/lightweb.dev\/l\/svm-temp\/wp-content\/uploads\/2022\/04\/svenska-skolan-marbella-nu-strre-n-ngonsin.png","width":299,"height":200},{"@type":"BreadcrumbList","@id":"https:\/\/lightweb.dev\/l\/svm-temp\/artiklar\/svenska-skolan-marbella-nu-storre-an-nagonsin\/#breadcrumb","itemListElement":[{"@type":"ListItem","position":1,"name":"Hem","item":"https:\/\/lightweb.dev\/l\/svm-temp\/"},{"@type":"ListItem","position":2,"name":"Svenska skolan Marbella &#8211; nu st\u00f6rre \u00e4n n\u00e5gonsin"}]},{"@type":"WebSite","@id":"https:\/\/lightweb.dev\/l\/svm-temp\/#website","url":"https:\/\/lightweb.dev\/l\/svm-temp\/","name":"Svenska Magasinet","description":"Dina Spanska nyheter p&aring; Svenska","publisher":{"@id":"https:\/\/lightweb.dev\/l\/svm-temp\/#organization"},"potentialAction":[{"@type":"SearchAction","target":{"@type":"EntryPoint","urlTemplate":"https:\/\/lightweb.dev\/l\/svm-temp\/?s={search_term_string}"},"query-input":{"@type":"PropertyValueSpecification","valueRequired":true,"valueName":"search_term_string"}}],"inLanguage":"sv-SE"},{"@type":"Organization","@id":"https:\/\/lightweb.dev\/l\/svm-temp\/#organization","name":"Melkerson y Nott SL","alternateName":"Svenska Magasinet","url":"https:\/\/lightweb.dev\/l\/svm-temp\/","logo":{"@type":"ImageObject","inLanguage":"sv-SE","@id":"https:\/\/lightweb.dev\/l\/svm-temp\/#\/schema\/logo\/image\/","url":"https:\/\/lightweb.dev\/l\/svm-temp\/wp-content\/uploads\/2025\/02\/SvM-logo-Xtra-Centrerad-SVART.png","contentUrl":"https:\/\/lightweb.dev\/l\/svm-temp\/wp-content\/uploads\/2025\/02\/SvM-logo-Xtra-Centrerad-SVART.png","width":300,"height":99,"caption":"Melkerson y Nott SL"},"image":{"@id":"https:\/\/lightweb.dev\/l\/svm-temp\/#\/schema\/logo\/image\/"},"sameAs":["https:\/\/www.facebook.com\/svenskamagasinet","https:\/\/x.com\/SvenskaMagasine"]},{"@type":"Person","@id":"https:\/\/lightweb.dev\/l\/svm-temp\/#\/schema\/person\/206a3bda5b607b0c25e1749191e4d837","name":"Redaktionen SvM","description":"Redaktionen","sameAs":["https:\/\/lightweb.dev\/l\/svm-temp"],"url":"https:\/\/lightweb.dev\/l\/svm-temp\/reporter\/redaktionen\/"}]}},"_links":{"self":[{"href":"https:\/\/lightweb.dev\/l\/svm-temp\/wp-json\/wp\/v2\/posts\/4923","targetHints":{"allow":["GET"]}}],"collection":[{"href":"https:\/\/lightweb.dev\/l\/svm-temp\/wp-json\/wp\/v2\/posts"}],"about":[{"href":"https:\/\/lightweb.dev\/l\/svm-temp\/wp-json\/wp\/v2\/types\/post"}],"author":[{"embeddable":true,"href":"https:\/\/lightweb.dev\/l\/svm-temp\/wp-json\/wp\/v2\/users\/8"}],"replies":[{"embeddable":true,"href":"https:\/\/lightweb.dev\/l\/svm-temp\/wp-json\/wp\/v2\/comments?post=4923"}],"version-history":[{"count":0,"href":"https:\/\/lightweb.dev\/l\/svm-temp\/wp-json\/wp\/v2\/posts\/4923\/revisions"}],"wp:featuredmedia":[{"embeddable":true,"href":"https:\/\/lightweb.dev\/l\/svm-temp\/wp-json\/wp\/v2\/media\/4924"}],"wp:attachment":[{"href":"https:\/\/lightweb.dev\/l\/svm-temp\/wp-json\/wp\/v2\/media?parent=4923"}],"wp:term":[{"taxonomy":"category","embeddable":true,"href":"https:\/\/lightweb.dev\/l\/svm-temp\/wp-json\/wp\/v2\/categories?post=4923"},{"taxonomy":"post_tag","embeddable":true,"href":"https:\/\/lightweb.dev\/l\/svm-temp\/wp-json\/wp\/v2\/tags?post=4923"}],"curies":[{"name":"wp","href":"https:\/\/api.w.org\/{rel}","templated":true}]}}