{"id":5033,"date":"2015-06-24T00:00:00","date_gmt":"2015-06-23T22:00:00","guid":{"rendered":"https:\/\/lightweb.dev\/l\/svm-temp\/la-vuelta-2015-cykelfest-pa-solkusten-nar-spanien-runt-firar-80-ar\/"},"modified":"2015-06-24T00:00:00","modified_gmt":"2015-06-23T22:00:00","slug":"la-vuelta-2015-cykelfest-pa-solkusten-nar-spanien-runt-firar-80-ar","status":"publish","type":"post","link":"https:\/\/lightweb.dev\/l\/svm-temp\/artiklar\/la-vuelta-2015-cykelfest-pa-solkusten-nar-spanien-runt-firar-80-ar\/","title":{"rendered":"La Vuelta 2015: Cykelfest p\u00e5 Solkusten n\u00e4r Spanien runt firar 80 \u00e5r"},"content":{"rendered":"<p> Den 22 augusti 2015 i Marbella. D\u00e5 presenteras ett av v\u00e4rldens tuffaste cykellopp. Totalt 3.374 kilometer ska avverkas. Fyra etapper kommer att k\u00f6ras i provinsen M\u00e1laga vilket \u00e4r rekord. Under den andra etappen ing\u00e5r Caminito de El Rey d\u00e4r m\u00e5lg\u00e5ng sker p\u00e5 h\u00f6g h\u00f6jd i Bobastro i detta natursk\u00f6na landskap. L\u00e4gg till Marbella, Alhaur\u00edn de la Torre, Mijas och Estepona &#8211; det blir mycket cykel p\u00e5 Solkusten. Av Ola Josefsson<\/p>\n<p>La Vuelta Ciclista a Espa\u00f1a, eller Spanien runt p\u00e5 cykel, fyller 80 \u00e5r och provinsen M\u00e1laga kommer att f\u00e5 en framtr\u00e4dande plats. Inte mindre \u00e4n elva kommuner kommer att f\u00e5 bes\u00f6k av cyklisterna; M\u00e1laga, Marbella, Estepona, Benahav\u00eds, Torremolinos, Mijas, Alhaur\u00edn de la Torre, Antequera, \u00c1lora, Ardales och Valle de Abdalaj\u00eds.<\/p>\n<p>T\u00e4vlingen kommer att starta den 22 augusti i Puerto Ban\u00fas med ett kort tempolopp till Marbella centrum. Sedan f\u00f6ljer ytterligare tre etapper i provinsen.<\/p>\n<p>F\u00f6r m\u00e5nga av platserna med dagsetapper betyder det klirr i kassan. Uppskattningar visar ett tillskott p\u00e5 300.000 euro. Fr\u00e5n m\u00e5ndagen den 17 augusti kommer cykelstallen att vara p\u00e5 plats vid fritidshamnen Puerto Ban\u00fas vilket betyder extra uppm\u00e4rksamhet till Marbella.<\/p>\n<p>Hela karavanen av La Vuelta best\u00e5r av 2.500 personer plus 300 journalister som bevakar t\u00e4vlingen. Javier Guill\u00e9n, generaldirekt\u00f6r f\u00f6r t\u00e4vlingen, s\u00e4ger att man la starten i Marbella medvetet d\u00e4rf\u00f6r att man \u00f6nskar fira 80-\u00e5rsjubileet p\u00e5 en omtalad plats. Vi har varit intresserade av Costa del Sol fr\u00e5n f\u00f6rsta stund, en plats som alla k\u00e4nner till\u201d.<\/p>\n<p>Under veckan innan start blir det f\u00f6rel\u00e4sningar och utst\u00e4llningar om t\u00e4vlingens historia. Den 22 augusti presenteras lagen vid en ceremoni i Benahav\u00eds.<br \/>\n  \u00c4ven bergskedjan Pyren\u00e9erna som gr\u00e4nsar till Frankrike blir en given plats f\u00f6r cyklisterna vid \u00e5rets Spanien runt.<br \/>\n\u201dVi vill f\u00f6rena tradition och innovation. Av v\u00e4rldens tre st\u00f6rsta cykellopp \u00e4r Spanien runt det som kan bjuda p\u00e5 mest variation\u201d s\u00e4ger Javier Guill\u00e9n.<\/p>\n<p>Efter starten i Andalusien forts\u00e4tter cyklisterna mot Pyren\u00e9erna via Alicante och Valencia. En etapp g\u00e5r vid Andorra, vidare till Kantabrien och Asturien innan det individuella tempoloppet, 40 km, till Burgos v\u00e4ntar fem dagar f\u00f6re m\u00e5lg\u00e5ng. \u00c5rets etapper beskrivs som mycket kr\u00e4vande, explosivt, sv\u00e5rt och komplicerat.<\/p>\n<p>M\u00e5lg\u00e5ngen sker i Madrid den 13 september.<\/p>\n<p>H\u00e5ll koll p\u00e5 r\u00f6da tr\u00f6jan!<br \/>\nDen cyklist som \u00e4r i den sammanlagda ledningen under t\u00e4vlingen, b\u00e4r en r\u00f6d tr\u00f6ja, motsvarigheten till den gula ledartr\u00f6jan i Tour de France och den rosa tr\u00f6jan i Giro d\u2019Italia.<\/p>\n<p>Fakta\/La Vuelta Ciclista a Espa\u00f1a 2015<br \/>\nSpanien runt firar 80-\u00e5rsjubileum. \u00c5rets lopp av La Vuelta \u00e4r den 70:e upplagan d\u00e5 t\u00e4vlingen under n\u00e5gra \u00e5r gick under namnet El Correo Espa\u00f1ol\/El Pueblo Vasco. N\u00e5gra av vinnarna heter Anquetil, Jan Janssen, Tony Rominger, Jan Ullrich och Alberto Contador. B\u00e4sta svenska placering har Sven-\u00c5ke Nilsson, Malm\u00f6, som tog en etappseger och kom p\u00e5 tredje plats 1982.<\/p>\n<p>Fyra av 21 etapper 2015 kommer att g\u00e5 i provinsen M\u00e1laga:<br \/>\n22 augusti: Puerto Ban\u00fas-Marbella<br \/>\nEtt kort tempolopp, 7,5 km, vid skrivande stund var det oklart om det blir enskilt eller i lag.<br \/>\n23 augusti: Alhaur\u00edn de la Torre-Caminito del Rey<br \/>\nAndra etappen startar i Alhaur\u00edn de la Torre vilket \u00e4r f\u00f6rsta g\u00e5ngen. M\u00e5lg\u00e5ng vid Caminito del Rey. Den avslutande delen blir h\u00e4ftig och med en m\u00e5lg\u00e5ng i omr\u00e5det Bobastro som ligger i ett vackert och dramatiskt landskap. Bobastro \u00e4r en historisk plats d\u00e4r Omar Ben Hafs\u00fan g\u00f6mde sig p\u00e5 800-talet i revolten mot emiren i C\u00f3rdoba.<br \/>\n24 augusti: Mijas-M\u00e1laga<br \/>\nDen tredje etappen startar i Mijas och kommer att ha m\u00e5lg\u00e5ng i M\u00e1laga som har varit med vid tv\u00e5 tidigare t\u00e4vlingar, 2000 och 2006. Det blir ocks\u00e5 en h\u00e4ftig etapp som avslutas i M\u00e1laga mitt under v\u00e4rsta turists\u00e4song. R\u00e4kna med publikfest. Trolig m\u00e5lg\u00e5ng vid Paseo del Parque.<br \/>\n25 augusti: Estepona-Vejer de la Frontera<br \/>\nStart i vackra Estepona med forts\u00e4ttning genom bergspasset Pe\u00f1as Blancas. M\u00e5lg\u00e5ng i provinsen C\u00e1diz och Vejer de la Frontera.<\/p>\n","protected":false},"excerpt":{"rendered":"<p>Den 22 augusti 2015 i Marbella. D\u00e5 presenteras ett av v\u00e4rldens tuffaste cykellopp. Totalt 3.374 kilometer ska avverkas. Fyra etapper kommer att k\u00f6ras i provinsen M\u00e1laga vilket \u00e4r rekord. Under den andra etappen ing\u00e5r Caminito de El Rey d\u00e4r m\u00e5lg\u00e5ng sker p\u00e5 h\u00f6g h\u00f6jd i Bobastro i detta natursk\u00f6na landskap. L\u00e4gg till Marbella, Alhaur\u00edn de [&hellip;]<\/p>\n","protected":false},"author":8,"featured_media":5034,"comment_status":"open","ping_status":"open","sticky":false,"template":"","format":"standard","meta":{"_et_pb_use_builder":"","_et_pb_old_content":"","_et_gb_content_width":"","footnotes":""},"categories":[4,400],"tags":[],"class_list":["post-5033","post","type-post","status-publish","format-standard","has-post-thumbnail","hentry","category-artiklar","category-sport-artiklar"],"yoast_head":"<!-- This site is optimized with the Yoast SEO Premium plugin v26.2 (Yoast SEO v27.4) - https:\/\/yoast.com\/product\/yoast-seo-premium-wordpress\/ -->\n<title>La Vuelta 2015: Cykelfest p\u00e5 Solkusten n\u00e4r Spanien runt firar 80 \u00e5r - Svenska Magasinet<\/title>\n<meta name=\"robots\" content=\"noindex, follow, max-snippet:-1, max-image-preview:large, max-video-preview:-1\" \/>\n<meta property=\"og:locale\" content=\"sv_SE\" \/>\n<meta property=\"og:type\" content=\"article\" \/>\n<meta property=\"og:title\" content=\"La Vuelta 2015: Cykelfest p\u00e5 Solkusten n\u00e4r Spanien runt firar 80 \u00e5r\" \/>\n<meta property=\"og:description\" content=\"Den 22 augusti 2015 i Marbella. D\u00e5 presenteras ett av v\u00e4rldens tuffaste cykellopp. Totalt 3.374 kilometer ska avverkas. Fyra etapper kommer att k\u00f6ras i provinsen M\u00e1laga vilket \u00e4r rekord. Under den andra etappen ing\u00e5r Caminito de El Rey d\u00e4r m\u00e5lg\u00e5ng sker p\u00e5 h\u00f6g h\u00f6jd i Bobastro i detta natursk\u00f6na landskap. L\u00e4gg till Marbella, Alhaur\u00edn de [&hellip;]\" \/>\n<meta property=\"og:url\" content=\"https:\/\/lightweb.dev\/l\/svm-temp\/artiklar\/la-vuelta-2015-cykelfest-pa-solkusten-nar-spanien-runt-firar-80-ar\/\" \/>\n<meta property=\"og:site_name\" content=\"Svenska Magasinet\" \/>\n<meta property=\"article:publisher\" content=\"https:\/\/www.facebook.com\/svenskamagasinet\" \/>\n<meta property=\"article:published_time\" content=\"2015-06-23T22:00:00+00:00\" \/>\n<meta property=\"og:image\" content=\"https:\/\/lightweb.dev\/l\/svm-temp\/wp-content\/uploads\/2022\/04\/la-vuelta-2015-cykelfest-p-solkusten-nr-spanien-runt-firar-80-r.png\" \/>\n\t<meta property=\"og:image:width\" content=\"374\" \/>\n\t<meta property=\"og:image:height\" content=\"200\" \/>\n\t<meta property=\"og:image:type\" content=\"image\/png\" \/>\n<meta name=\"author\" content=\"Redaktionen SvM\" \/>\n<meta name=\"twitter:card\" content=\"summary_large_image\" \/>\n<meta name=\"twitter:creator\" content=\"@SvenskaMagasine\" \/>\n<meta name=\"twitter:site\" content=\"@SvenskaMagasine\" \/>\n<script type=\"application\/ld+json\" class=\"yoast-schema-graph\">{\"@context\":\"https:\\\/\\\/schema.org\",\"@graph\":[{\"@type\":\"Article\",\"@id\":\"https:\\\/\\\/lightweb.dev\\\/l\\\/svm-temp\\\/artiklar\\\/la-vuelta-2015-cykelfest-pa-solkusten-nar-spanien-runt-firar-80-ar\\\/#article\",\"isPartOf\":{\"@id\":\"https:\\\/\\\/lightweb.dev\\\/l\\\/svm-temp\\\/artiklar\\\/la-vuelta-2015-cykelfest-pa-solkusten-nar-spanien-runt-firar-80-ar\\\/\"},\"author\":{\"name\":\"Redaktionen SvM\",\"@id\":\"https:\\\/\\\/lightweb.dev\\\/l\\\/svm-temp\\\/#\\\/schema\\\/person\\\/206a3bda5b607b0c25e1749191e4d837\"},\"headline\":\"La Vuelta 2015: Cykelfest p\u00e5 Solkusten n\u00e4r Spanien runt firar 80 \u00e5r\",\"datePublished\":\"2015-06-23T22:00:00+00:00\",\"mainEntityOfPage\":{\"@id\":\"https:\\\/\\\/lightweb.dev\\\/l\\\/svm-temp\\\/artiklar\\\/la-vuelta-2015-cykelfest-pa-solkusten-nar-spanien-runt-firar-80-ar\\\/\"},\"wordCount\":730,\"commentCount\":0,\"publisher\":{\"@id\":\"https:\\\/\\\/lightweb.dev\\\/l\\\/svm-temp\\\/#organization\"},\"image\":{\"@id\":\"https:\\\/\\\/lightweb.dev\\\/l\\\/svm-temp\\\/artiklar\\\/la-vuelta-2015-cykelfest-pa-solkusten-nar-spanien-runt-firar-80-ar\\\/#primaryimage\"},\"thumbnailUrl\":\"https:\\\/\\\/lightweb.dev\\\/l\\\/svm-temp\\\/wp-content\\\/uploads\\\/2022\\\/04\\\/la-vuelta-2015-cykelfest-p-solkusten-nr-spanien-runt-firar-80-r.png\",\"articleSection\":[\"Artiklar\",\"Sport\"],\"inLanguage\":\"sv-SE\"},{\"@type\":\"WebPage\",\"@id\":\"https:\\\/\\\/lightweb.dev\\\/l\\\/svm-temp\\\/artiklar\\\/la-vuelta-2015-cykelfest-pa-solkusten-nar-spanien-runt-firar-80-ar\\\/\",\"url\":\"https:\\\/\\\/lightweb.dev\\\/l\\\/svm-temp\\\/artiklar\\\/la-vuelta-2015-cykelfest-pa-solkusten-nar-spanien-runt-firar-80-ar\\\/\",\"name\":\"La Vuelta 2015: Cykelfest p\u00e5 Solkusten n\u00e4r Spanien runt firar 80 \u00e5r - Svenska Magasinet\",\"isPartOf\":{\"@id\":\"https:\\\/\\\/lightweb.dev\\\/l\\\/svm-temp\\\/#website\"},\"primaryImageOfPage\":{\"@id\":\"https:\\\/\\\/lightweb.dev\\\/l\\\/svm-temp\\\/artiklar\\\/la-vuelta-2015-cykelfest-pa-solkusten-nar-spanien-runt-firar-80-ar\\\/#primaryimage\"},\"image\":{\"@id\":\"https:\\\/\\\/lightweb.dev\\\/l\\\/svm-temp\\\/artiklar\\\/la-vuelta-2015-cykelfest-pa-solkusten-nar-spanien-runt-firar-80-ar\\\/#primaryimage\"},\"thumbnailUrl\":\"https:\\\/\\\/lightweb.dev\\\/l\\\/svm-temp\\\/wp-content\\\/uploads\\\/2022\\\/04\\\/la-vuelta-2015-cykelfest-p-solkusten-nr-spanien-runt-firar-80-r.png\",\"datePublished\":\"2015-06-23T22:00:00+00:00\",\"breadcrumb\":{\"@id\":\"https:\\\/\\\/lightweb.dev\\\/l\\\/svm-temp\\\/artiklar\\\/la-vuelta-2015-cykelfest-pa-solkusten-nar-spanien-runt-firar-80-ar\\\/#breadcrumb\"},\"inLanguage\":\"sv-SE\",\"potentialAction\":[{\"@type\":\"ReadAction\",\"target\":[\"https:\\\/\\\/lightweb.dev\\\/l\\\/svm-temp\\\/artiklar\\\/la-vuelta-2015-cykelfest-pa-solkusten-nar-spanien-runt-firar-80-ar\\\/\"]}]},{\"@type\":\"ImageObject\",\"inLanguage\":\"sv-SE\",\"@id\":\"https:\\\/\\\/lightweb.dev\\\/l\\\/svm-temp\\\/artiklar\\\/la-vuelta-2015-cykelfest-pa-solkusten-nar-spanien-runt-firar-80-ar\\\/#primaryimage\",\"url\":\"https:\\\/\\\/lightweb.dev\\\/l\\\/svm-temp\\\/wp-content\\\/uploads\\\/2022\\\/04\\\/la-vuelta-2015-cykelfest-p-solkusten-nr-spanien-runt-firar-80-r.png\",\"contentUrl\":\"https:\\\/\\\/lightweb.dev\\\/l\\\/svm-temp\\\/wp-content\\\/uploads\\\/2022\\\/04\\\/la-vuelta-2015-cykelfest-p-solkusten-nr-spanien-runt-firar-80-r.png\",\"width\":374,\"height\":200},{\"@type\":\"BreadcrumbList\",\"@id\":\"https:\\\/\\\/lightweb.dev\\\/l\\\/svm-temp\\\/artiklar\\\/la-vuelta-2015-cykelfest-pa-solkusten-nar-spanien-runt-firar-80-ar\\\/#breadcrumb\",\"itemListElement\":[{\"@type\":\"ListItem\",\"position\":1,\"name\":\"Hem\",\"item\":\"https:\\\/\\\/lightweb.dev\\\/l\\\/svm-temp\\\/\"},{\"@type\":\"ListItem\",\"position\":2,\"name\":\"La Vuelta 2015: Cykelfest p\u00e5 Solkusten n\u00e4r Spanien runt firar 80 \u00e5r\"}]},{\"@type\":\"WebSite\",\"@id\":\"https:\\\/\\\/lightweb.dev\\\/l\\\/svm-temp\\\/#website\",\"url\":\"https:\\\/\\\/lightweb.dev\\\/l\\\/svm-temp\\\/\",\"name\":\"Svenska Magasinet\",\"description\":\"Dina Spanska nyheter p&aring; Svenska\",\"publisher\":{\"@id\":\"https:\\\/\\\/lightweb.dev\\\/l\\\/svm-temp\\\/#organization\"},\"potentialAction\":[{\"@type\":\"SearchAction\",\"target\":{\"@type\":\"EntryPoint\",\"urlTemplate\":\"https:\\\/\\\/lightweb.dev\\\/l\\\/svm-temp\\\/?s={search_term_string}\"},\"query-input\":{\"@type\":\"PropertyValueSpecification\",\"valueRequired\":true,\"valueName\":\"search_term_string\"}}],\"inLanguage\":\"sv-SE\"},{\"@type\":\"Organization\",\"@id\":\"https:\\\/\\\/lightweb.dev\\\/l\\\/svm-temp\\\/#organization\",\"name\":\"Melkerson y Nott SL\",\"alternateName\":\"Svenska Magasinet\",\"url\":\"https:\\\/\\\/lightweb.dev\\\/l\\\/svm-temp\\\/\",\"logo\":{\"@type\":\"ImageObject\",\"inLanguage\":\"sv-SE\",\"@id\":\"https:\\\/\\\/lightweb.dev\\\/l\\\/svm-temp\\\/#\\\/schema\\\/logo\\\/image\\\/\",\"url\":\"https:\\\/\\\/lightweb.dev\\\/l\\\/svm-temp\\\/wp-content\\\/uploads\\\/2025\\\/02\\\/SvM-logo-Xtra-Centrerad-SVART.png\",\"contentUrl\":\"https:\\\/\\\/lightweb.dev\\\/l\\\/svm-temp\\\/wp-content\\\/uploads\\\/2025\\\/02\\\/SvM-logo-Xtra-Centrerad-SVART.png\",\"width\":300,\"height\":99,\"caption\":\"Melkerson y Nott SL\"},\"image\":{\"@id\":\"https:\\\/\\\/lightweb.dev\\\/l\\\/svm-temp\\\/#\\\/schema\\\/logo\\\/image\\\/\"},\"sameAs\":[\"https:\\\/\\\/www.facebook.com\\\/svenskamagasinet\",\"https:\\\/\\\/x.com\\\/SvenskaMagasine\"]},{\"@type\":\"Person\",\"@id\":\"https:\\\/\\\/lightweb.dev\\\/l\\\/svm-temp\\\/#\\\/schema\\\/person\\\/206a3bda5b607b0c25e1749191e4d837\",\"name\":\"Redaktionen SvM\",\"description\":\"Redaktionen\",\"sameAs\":[\"https:\\\/\\\/lightweb.dev\\\/l\\\/svm-temp\"],\"url\":\"https:\\\/\\\/lightweb.dev\\\/l\\\/svm-temp\\\/reporter\\\/redaktionen\\\/\"}]}<\/script>\n<!-- \/ Yoast SEO Premium plugin. -->","yoast_head_json":{"title":"La Vuelta 2015: Cykelfest p\u00e5 Solkusten n\u00e4r Spanien runt firar 80 \u00e5r - Svenska Magasinet","robots":{"index":"noindex","follow":"follow","max-snippet":"max-snippet:-1","max-image-preview":"max-image-preview:large","max-video-preview":"max-video-preview:-1"},"og_locale":"sv_SE","og_type":"article","og_title":"La Vuelta 2015: Cykelfest p\u00e5 Solkusten n\u00e4r Spanien runt firar 80 \u00e5r","og_description":"Den 22 augusti 2015 i Marbella. D\u00e5 presenteras ett av v\u00e4rldens tuffaste cykellopp. Totalt 3.374 kilometer ska avverkas. Fyra etapper kommer att k\u00f6ras i provinsen M\u00e1laga vilket \u00e4r rekord. Under den andra etappen ing\u00e5r Caminito de El Rey d\u00e4r m\u00e5lg\u00e5ng sker p\u00e5 h\u00f6g h\u00f6jd i Bobastro i detta natursk\u00f6na landskap. L\u00e4gg till Marbella, Alhaur\u00edn de [&hellip;]","og_url":"https:\/\/lightweb.dev\/l\/svm-temp\/artiklar\/la-vuelta-2015-cykelfest-pa-solkusten-nar-spanien-runt-firar-80-ar\/","og_site_name":"Svenska Magasinet","article_publisher":"https:\/\/www.facebook.com\/svenskamagasinet","article_published_time":"2015-06-23T22:00:00+00:00","og_image":[{"width":374,"height":200,"url":"https:\/\/lightweb.dev\/l\/svm-temp\/wp-content\/uploads\/2022\/04\/la-vuelta-2015-cykelfest-p-solkusten-nr-spanien-runt-firar-80-r.png","type":"image\/png"}],"author":"Redaktionen SvM","twitter_card":"summary_large_image","twitter_creator":"@SvenskaMagasine","twitter_site":"@SvenskaMagasine","schema":{"@context":"https:\/\/schema.org","@graph":[{"@type":"Article","@id":"https:\/\/lightweb.dev\/l\/svm-temp\/artiklar\/la-vuelta-2015-cykelfest-pa-solkusten-nar-spanien-runt-firar-80-ar\/#article","isPartOf":{"@id":"https:\/\/lightweb.dev\/l\/svm-temp\/artiklar\/la-vuelta-2015-cykelfest-pa-solkusten-nar-spanien-runt-firar-80-ar\/"},"author":{"name":"Redaktionen SvM","@id":"https:\/\/lightweb.dev\/l\/svm-temp\/#\/schema\/person\/206a3bda5b607b0c25e1749191e4d837"},"headline":"La Vuelta 2015: Cykelfest p\u00e5 Solkusten n\u00e4r Spanien runt firar 80 \u00e5r","datePublished":"2015-06-23T22:00:00+00:00","mainEntityOfPage":{"@id":"https:\/\/lightweb.dev\/l\/svm-temp\/artiklar\/la-vuelta-2015-cykelfest-pa-solkusten-nar-spanien-runt-firar-80-ar\/"},"wordCount":730,"commentCount":0,"publisher":{"@id":"https:\/\/lightweb.dev\/l\/svm-temp\/#organization"},"image":{"@id":"https:\/\/lightweb.dev\/l\/svm-temp\/artiklar\/la-vuelta-2015-cykelfest-pa-solkusten-nar-spanien-runt-firar-80-ar\/#primaryimage"},"thumbnailUrl":"https:\/\/lightweb.dev\/l\/svm-temp\/wp-content\/uploads\/2022\/04\/la-vuelta-2015-cykelfest-p-solkusten-nr-spanien-runt-firar-80-r.png","articleSection":["Artiklar","Sport"],"inLanguage":"sv-SE"},{"@type":"WebPage","@id":"https:\/\/lightweb.dev\/l\/svm-temp\/artiklar\/la-vuelta-2015-cykelfest-pa-solkusten-nar-spanien-runt-firar-80-ar\/","url":"https:\/\/lightweb.dev\/l\/svm-temp\/artiklar\/la-vuelta-2015-cykelfest-pa-solkusten-nar-spanien-runt-firar-80-ar\/","name":"La Vuelta 2015: Cykelfest p\u00e5 Solkusten n\u00e4r Spanien runt firar 80 \u00e5r - Svenska Magasinet","isPartOf":{"@id":"https:\/\/lightweb.dev\/l\/svm-temp\/#website"},"primaryImageOfPage":{"@id":"https:\/\/lightweb.dev\/l\/svm-temp\/artiklar\/la-vuelta-2015-cykelfest-pa-solkusten-nar-spanien-runt-firar-80-ar\/#primaryimage"},"image":{"@id":"https:\/\/lightweb.dev\/l\/svm-temp\/artiklar\/la-vuelta-2015-cykelfest-pa-solkusten-nar-spanien-runt-firar-80-ar\/#primaryimage"},"thumbnailUrl":"https:\/\/lightweb.dev\/l\/svm-temp\/wp-content\/uploads\/2022\/04\/la-vuelta-2015-cykelfest-p-solkusten-nr-spanien-runt-firar-80-r.png","datePublished":"2015-06-23T22:00:00+00:00","breadcrumb":{"@id":"https:\/\/lightweb.dev\/l\/svm-temp\/artiklar\/la-vuelta-2015-cykelfest-pa-solkusten-nar-spanien-runt-firar-80-ar\/#breadcrumb"},"inLanguage":"sv-SE","potentialAction":[{"@type":"ReadAction","target":["https:\/\/lightweb.dev\/l\/svm-temp\/artiklar\/la-vuelta-2015-cykelfest-pa-solkusten-nar-spanien-runt-firar-80-ar\/"]}]},{"@type":"ImageObject","inLanguage":"sv-SE","@id":"https:\/\/lightweb.dev\/l\/svm-temp\/artiklar\/la-vuelta-2015-cykelfest-pa-solkusten-nar-spanien-runt-firar-80-ar\/#primaryimage","url":"https:\/\/lightweb.dev\/l\/svm-temp\/wp-content\/uploads\/2022\/04\/la-vuelta-2015-cykelfest-p-solkusten-nr-spanien-runt-firar-80-r.png","contentUrl":"https:\/\/lightweb.dev\/l\/svm-temp\/wp-content\/uploads\/2022\/04\/la-vuelta-2015-cykelfest-p-solkusten-nr-spanien-runt-firar-80-r.png","width":374,"height":200},{"@type":"BreadcrumbList","@id":"https:\/\/lightweb.dev\/l\/svm-temp\/artiklar\/la-vuelta-2015-cykelfest-pa-solkusten-nar-spanien-runt-firar-80-ar\/#breadcrumb","itemListElement":[{"@type":"ListItem","position":1,"name":"Hem","item":"https:\/\/lightweb.dev\/l\/svm-temp\/"},{"@type":"ListItem","position":2,"name":"La Vuelta 2015: Cykelfest p\u00e5 Solkusten n\u00e4r Spanien runt firar 80 \u00e5r"}]},{"@type":"WebSite","@id":"https:\/\/lightweb.dev\/l\/svm-temp\/#website","url":"https:\/\/lightweb.dev\/l\/svm-temp\/","name":"Svenska Magasinet","description":"Dina Spanska nyheter p&aring; Svenska","publisher":{"@id":"https:\/\/lightweb.dev\/l\/svm-temp\/#organization"},"potentialAction":[{"@type":"SearchAction","target":{"@type":"EntryPoint","urlTemplate":"https:\/\/lightweb.dev\/l\/svm-temp\/?s={search_term_string}"},"query-input":{"@type":"PropertyValueSpecification","valueRequired":true,"valueName":"search_term_string"}}],"inLanguage":"sv-SE"},{"@type":"Organization","@id":"https:\/\/lightweb.dev\/l\/svm-temp\/#organization","name":"Melkerson y Nott SL","alternateName":"Svenska Magasinet","url":"https:\/\/lightweb.dev\/l\/svm-temp\/","logo":{"@type":"ImageObject","inLanguage":"sv-SE","@id":"https:\/\/lightweb.dev\/l\/svm-temp\/#\/schema\/logo\/image\/","url":"https:\/\/lightweb.dev\/l\/svm-temp\/wp-content\/uploads\/2025\/02\/SvM-logo-Xtra-Centrerad-SVART.png","contentUrl":"https:\/\/lightweb.dev\/l\/svm-temp\/wp-content\/uploads\/2025\/02\/SvM-logo-Xtra-Centrerad-SVART.png","width":300,"height":99,"caption":"Melkerson y Nott SL"},"image":{"@id":"https:\/\/lightweb.dev\/l\/svm-temp\/#\/schema\/logo\/image\/"},"sameAs":["https:\/\/www.facebook.com\/svenskamagasinet","https:\/\/x.com\/SvenskaMagasine"]},{"@type":"Person","@id":"https:\/\/lightweb.dev\/l\/svm-temp\/#\/schema\/person\/206a3bda5b607b0c25e1749191e4d837","name":"Redaktionen SvM","description":"Redaktionen","sameAs":["https:\/\/lightweb.dev\/l\/svm-temp"],"url":"https:\/\/lightweb.dev\/l\/svm-temp\/reporter\/redaktionen\/"}]}},"_links":{"self":[{"href":"https:\/\/lightweb.dev\/l\/svm-temp\/wp-json\/wp\/v2\/posts\/5033","targetHints":{"allow":["GET"]}}],"collection":[{"href":"https:\/\/lightweb.dev\/l\/svm-temp\/wp-json\/wp\/v2\/posts"}],"about":[{"href":"https:\/\/lightweb.dev\/l\/svm-temp\/wp-json\/wp\/v2\/types\/post"}],"author":[{"embeddable":true,"href":"https:\/\/lightweb.dev\/l\/svm-temp\/wp-json\/wp\/v2\/users\/8"}],"replies":[{"embeddable":true,"href":"https:\/\/lightweb.dev\/l\/svm-temp\/wp-json\/wp\/v2\/comments?post=5033"}],"version-history":[{"count":0,"href":"https:\/\/lightweb.dev\/l\/svm-temp\/wp-json\/wp\/v2\/posts\/5033\/revisions"}],"wp:featuredmedia":[{"embeddable":true,"href":"https:\/\/lightweb.dev\/l\/svm-temp\/wp-json\/wp\/v2\/media\/5034"}],"wp:attachment":[{"href":"https:\/\/lightweb.dev\/l\/svm-temp\/wp-json\/wp\/v2\/media?parent=5033"}],"wp:term":[{"taxonomy":"category","embeddable":true,"href":"https:\/\/lightweb.dev\/l\/svm-temp\/wp-json\/wp\/v2\/categories?post=5033"},{"taxonomy":"post_tag","embeddable":true,"href":"https:\/\/lightweb.dev\/l\/svm-temp\/wp-json\/wp\/v2\/tags?post=5033"}],"curies":[{"name":"wp","href":"https:\/\/api.w.org\/{rel}","templated":true}]}}