{"id":5053,"date":"2015-06-09T00:00:00","date_gmt":"2015-06-08T22:00:00","guid":{"rendered":"https:\/\/lightweb.dev\/l\/svm-temp\/djurspalten-varmeslag-hos-hund\/"},"modified":"2015-06-09T00:00:00","modified_gmt":"2015-06-08T22:00:00","slug":"djurspalten-varmeslag-hos-hund","status":"publish","type":"post","link":"https:\/\/lightweb.dev\/l\/svm-temp\/artiklar\/djurspalten-varmeslag-hos-hund\/","title":{"rendered":"Djurspalten: V\u00e4rmeslag hos hund"},"content":{"rendered":"<p> V\u00e4rmeslag \u00e4r en stor fara f\u00f6r v\u00e5ra hundar under sommaren. \u00c4ven i Sverige d\u00e4r vi \u00e4nd\u00e5 inte har tropisk hetta. V\u00e4rmeslag drabbar oftast hundar som har f\u00e5tt sitta f\u00f6r l\u00e4nge i en bil i solen. Det h\u00e4nder \u00e4ven att hundar som vistats en l\u00e4ngre tid i solsken och inte har kunnat skydda sig i skuggan blir \u00f6verhettade. Enstaka fall av hundar som badats t ex inf\u00f6r en utst\u00e4llning och sedan har f\u00f6nats under en l\u00e4ngre tid har ocks\u00e5 blivit f\u00f6r varma. Kramptillst\u00e5nd kan ocks\u00e5 leda till v\u00e4rmeslag men d\u00e5 finns det en annan sjuklig bakgrund.<\/p>\n<p>Tecken p\u00e5 v\u00e4rmeslag:<br \/>\n\u00b7  Snabb andning och sv\u00e4ljreflexer<br \/>\n\u00b7  Klarr\u00f6d tunga<br \/>\n\u00b7  R\u00f6d eller blekt tandk\u00f6tt<br \/>\n\u00b7  Tjock klistrig saliv<br \/>\n\u00b7  Depression<br \/>\n\u00b7  Svaghet<br \/>\n\u00b7  Yrsel<br \/>\n\u00b7  Kr\u00e4kningar, ibland tillsammans med blod<br \/>\n\u00b7  Diarr\u00e9<br \/>\n\u00b7   Chock<br \/>\n\u00b7   Koma<\/p>\n<p>Speciellt k\u00e4nsliga \u00e4r hundar som \u00e4r gamla, trubbnosiga, \u00f6verviktiga, uttorkade, har tjock p\u00e4ls, har hj\u00e4rt- eller andningsproblem, st\u00e5r p\u00e5 medicin som h\u00f6jer \u00e4mnesoms\u00e4ttningen (t ex hundar som st\u00e5r p\u00e5 Forthyron\/Levaxin mot sk\u00f6ldk\u00f6rtelfel), eller som har haft v\u00e4rmeslag tidigare. Det som h\u00e4nder vid v\u00e4rmeslag \u00e4r att kroppens normala f\u00f6rm\u00e5ga att reglera kroppstemperaturen s\u00e4tts ur spel pga att den omgivande temperaturen \u00e4r f\u00f6r h\u00f6g eller att en process i kroppen producerar en stor m\u00e4ngd v\u00e4rme (t ex muskelkramper).<\/p>\n<p>Detta skiljer v\u00e4rmeslag fr\u00e5n vanlig feber d\u00e4r hj\u00e4rnans temperaturreglerande organ \u00e4r med och st\u00e4ller in kroppstemperaturen p\u00e5 en h\u00f6gre niv\u00e5 pga p\u00e5verkan fr\u00e5n inflammatoriska substanser i kroppen.<\/p>\n<p>Feberneds\u00e4ttande mediciner hj\u00e4lper d\u00e4rf\u00f6r inte vid v\u00e4rmeslag. Det finns allts\u00e5 ingen gr\u00e4ns f\u00f6r hur h\u00f6g kroppstemperatur en hund med v\u00e4rmeslag kan f\u00e5. Gr\u00e4nsen f\u00f6r vad organen i kroppen klarar av \u00e4r 42,8\u00b0C. Det som h\u00e4nder om temperaturen stiger \u00f6ver det \u00e4r att cellernas yta och proteiner denatureras och cellerna d\u00f6r.<\/p>\n<p>S\u00e5 h\u00e4r g\u00f6r du!<br \/>\nDen viktigaste behandlingen \u00e4r att f\u00e5 ner kroppstemperaturen. Det g\u00f6r man l\u00e4ttast genom att spruta ner hunden med kallt vatten och sedan fl\u00e4kta hunden s\u00e5 mycket som m\u00f6jligt. Man kan ta handdukar som man bl\u00f6ter med kallt vatten och l\u00e4gger i ljumskarna och runt huvudet p\u00e5 hunden. Handdukarna m\u00e5ste bytas ofta och kylas ner igen. Man kan \u00e4ven l\u00e4gga kalla v\u00e5ta handdukar i armh\u00e5lorna och linda in trampdynorna. Om hunden har ett mycket l\u00e5gt blodtryck, vilket \u00e4r vanligt, m\u00e5ste den f\u00e5 dropp.<\/p>\n<p>Vad g\u00f6r veterin\u00e4ren<br \/>\nOm hunden \u00e4r medvetsl\u00f6s m\u00e5ste man intubera den (l\u00e4gga ner en andningsslang i luftstrupen) och ge den syrgas.<br \/>\nN\u00e4r temperaturen kommit ner till 39,5 s\u00e5 ska man sluta kyla hunden f\u00f6r att undvika f\u00f6r snabb nedkylning.<br \/>\nIsbad \u00e4r inte att rekommendera d\u00e5 dessa ger sammandragning av blodk\u00e4rl och skakningar\/kramp i musklerna vilket hindrar nedkylningen.<br \/>\n\u00c4ven om man lyckats stabilisera hundens tillst\u00e5nd sj\u00e4lv b\u00f6r man \u00e5ka till veterin\u00e4r d\u00e5 v\u00e4rmen kan ha skadat flera organ i kroppen. D\u00e4r tas ett blodprov f\u00f6r kontroll av bl a lever- och njurfunktion. L\u00e4mna d\u00e4rf\u00f6r hellre hunden hemma om du misst\u00e4nker att den beh\u00f6va sitta i bilen ett tag en varm sommardag.<\/p>\n<p>V\u00e4rmeslag kommer snabbare \u00e4n du tror!<\/p>\n<p>Av Nazli Pointer Veterinary Clinic, Tel 952 804 165 info@pointerclinic.com Du hittar kliniken vid Rio El Padron, strax \u00f6ster om Estepona och n\u00e4ra ridskolan.<br \/>\nVi pratar svenska!<\/p>\n","protected":false},"excerpt":{"rendered":"<p>V\u00e4rmeslag \u00e4r en stor fara f\u00f6r v\u00e5ra hundar under sommaren. \u00c4ven i Sverige d\u00e4r vi \u00e4nd\u00e5 inte har tropisk hetta. V\u00e4rmeslag drabbar oftast hundar som har f\u00e5tt sitta f\u00f6r l\u00e4nge i en bil i solen. Det h\u00e4nder \u00e4ven att hundar som vistats en l\u00e4ngre tid i solsken och inte har kunnat skydda sig i skuggan [&hellip;]<\/p>\n","protected":false},"author":8,"featured_media":5054,"comment_status":"open","ping_status":"open","sticky":false,"template":"","format":"standard","meta":{"_et_pb_use_builder":"","_et_pb_old_content":"","_et_gb_content_width":"","footnotes":""},"categories":[396,4],"tags":[],"class_list":["post-5053","post","type-post","status-publish","format-standard","has-post-thumbnail","hentry","category-arkiv-artiklar","category-artiklar"],"yoast_head":"<!-- This site is optimized with the Yoast SEO Premium plugin v26.2 (Yoast SEO v27.4) - https:\/\/yoast.com\/product\/yoast-seo-premium-wordpress\/ -->\n<title>Djurspalten: V\u00e4rmeslag hos hund - Svenska Magasinet<\/title>\n<meta name=\"robots\" content=\"noindex, follow, max-snippet:-1, max-image-preview:large, max-video-preview:-1\" \/>\n<meta property=\"og:locale\" content=\"sv_SE\" \/>\n<meta property=\"og:type\" content=\"article\" \/>\n<meta property=\"og:title\" content=\"Djurspalten: V\u00e4rmeslag hos hund\" \/>\n<meta property=\"og:description\" content=\"V\u00e4rmeslag \u00e4r en stor fara f\u00f6r v\u00e5ra hundar under sommaren. \u00c4ven i Sverige d\u00e4r vi \u00e4nd\u00e5 inte har tropisk hetta. V\u00e4rmeslag drabbar oftast hundar som har f\u00e5tt sitta f\u00f6r l\u00e4nge i en bil i solen. Det h\u00e4nder \u00e4ven att hundar som vistats en l\u00e4ngre tid i solsken och inte har kunnat skydda sig i skuggan [&hellip;]\" \/>\n<meta property=\"og:url\" content=\"https:\/\/lightweb.dev\/l\/svm-temp\/artiklar\/djurspalten-varmeslag-hos-hund\/\" \/>\n<meta property=\"og:site_name\" content=\"Svenska Magasinet\" \/>\n<meta property=\"article:publisher\" content=\"https:\/\/www.facebook.com\/svenskamagasinet\" \/>\n<meta property=\"article:published_time\" content=\"2015-06-08T22:00:00+00:00\" \/>\n<meta property=\"og:image\" content=\"https:\/\/lightweb.dev\/l\/svm-temp\/wp-content\/uploads\/2022\/04\/djurspalten-vrmeslag-hos-hund.png\" \/>\n\t<meta property=\"og:image:width\" content=\"286\" \/>\n\t<meta property=\"og:image:height\" content=\"200\" \/>\n\t<meta property=\"og:image:type\" content=\"image\/png\" \/>\n<meta name=\"author\" content=\"Redaktionen SvM\" \/>\n<meta name=\"twitter:card\" content=\"summary_large_image\" \/>\n<meta name=\"twitter:creator\" content=\"@SvenskaMagasine\" \/>\n<meta name=\"twitter:site\" content=\"@SvenskaMagasine\" \/>\n<script type=\"application\/ld+json\" class=\"yoast-schema-graph\">{\"@context\":\"https:\\\/\\\/schema.org\",\"@graph\":[{\"@type\":\"Article\",\"@id\":\"https:\\\/\\\/lightweb.dev\\\/l\\\/svm-temp\\\/artiklar\\\/djurspalten-varmeslag-hos-hund\\\/#article\",\"isPartOf\":{\"@id\":\"https:\\\/\\\/lightweb.dev\\\/l\\\/svm-temp\\\/artiklar\\\/djurspalten-varmeslag-hos-hund\\\/\"},\"author\":{\"name\":\"Redaktionen SvM\",\"@id\":\"https:\\\/\\\/lightweb.dev\\\/l\\\/svm-temp\\\/#\\\/schema\\\/person\\\/206a3bda5b607b0c25e1749191e4d837\"},\"headline\":\"Djurspalten: V\u00e4rmeslag hos hund\",\"datePublished\":\"2015-06-08T22:00:00+00:00\",\"mainEntityOfPage\":{\"@id\":\"https:\\\/\\\/lightweb.dev\\\/l\\\/svm-temp\\\/artiklar\\\/djurspalten-varmeslag-hos-hund\\\/\"},\"wordCount\":609,\"commentCount\":0,\"publisher\":{\"@id\":\"https:\\\/\\\/lightweb.dev\\\/l\\\/svm-temp\\\/#organization\"},\"image\":{\"@id\":\"https:\\\/\\\/lightweb.dev\\\/l\\\/svm-temp\\\/artiklar\\\/djurspalten-varmeslag-hos-hund\\\/#primaryimage\"},\"thumbnailUrl\":\"https:\\\/\\\/lightweb.dev\\\/l\\\/svm-temp\\\/wp-content\\\/uploads\\\/2022\\\/04\\\/djurspalten-vrmeslag-hos-hund.png\",\"articleSection\":[\"Arkiv\",\"Artiklar\"],\"inLanguage\":\"sv-SE\"},{\"@type\":\"WebPage\",\"@id\":\"https:\\\/\\\/lightweb.dev\\\/l\\\/svm-temp\\\/artiklar\\\/djurspalten-varmeslag-hos-hund\\\/\",\"url\":\"https:\\\/\\\/lightweb.dev\\\/l\\\/svm-temp\\\/artiklar\\\/djurspalten-varmeslag-hos-hund\\\/\",\"name\":\"Djurspalten: V\u00e4rmeslag hos hund - Svenska Magasinet\",\"isPartOf\":{\"@id\":\"https:\\\/\\\/lightweb.dev\\\/l\\\/svm-temp\\\/#website\"},\"primaryImageOfPage\":{\"@id\":\"https:\\\/\\\/lightweb.dev\\\/l\\\/svm-temp\\\/artiklar\\\/djurspalten-varmeslag-hos-hund\\\/#primaryimage\"},\"image\":{\"@id\":\"https:\\\/\\\/lightweb.dev\\\/l\\\/svm-temp\\\/artiklar\\\/djurspalten-varmeslag-hos-hund\\\/#primaryimage\"},\"thumbnailUrl\":\"https:\\\/\\\/lightweb.dev\\\/l\\\/svm-temp\\\/wp-content\\\/uploads\\\/2022\\\/04\\\/djurspalten-vrmeslag-hos-hund.png\",\"datePublished\":\"2015-06-08T22:00:00+00:00\",\"breadcrumb\":{\"@id\":\"https:\\\/\\\/lightweb.dev\\\/l\\\/svm-temp\\\/artiklar\\\/djurspalten-varmeslag-hos-hund\\\/#breadcrumb\"},\"inLanguage\":\"sv-SE\",\"potentialAction\":[{\"@type\":\"ReadAction\",\"target\":[\"https:\\\/\\\/lightweb.dev\\\/l\\\/svm-temp\\\/artiklar\\\/djurspalten-varmeslag-hos-hund\\\/\"]}]},{\"@type\":\"ImageObject\",\"inLanguage\":\"sv-SE\",\"@id\":\"https:\\\/\\\/lightweb.dev\\\/l\\\/svm-temp\\\/artiklar\\\/djurspalten-varmeslag-hos-hund\\\/#primaryimage\",\"url\":\"https:\\\/\\\/lightweb.dev\\\/l\\\/svm-temp\\\/wp-content\\\/uploads\\\/2022\\\/04\\\/djurspalten-vrmeslag-hos-hund.png\",\"contentUrl\":\"https:\\\/\\\/lightweb.dev\\\/l\\\/svm-temp\\\/wp-content\\\/uploads\\\/2022\\\/04\\\/djurspalten-vrmeslag-hos-hund.png\",\"width\":286,\"height\":200},{\"@type\":\"BreadcrumbList\",\"@id\":\"https:\\\/\\\/lightweb.dev\\\/l\\\/svm-temp\\\/artiklar\\\/djurspalten-varmeslag-hos-hund\\\/#breadcrumb\",\"itemListElement\":[{\"@type\":\"ListItem\",\"position\":1,\"name\":\"Hem\",\"item\":\"https:\\\/\\\/lightweb.dev\\\/l\\\/svm-temp\\\/\"},{\"@type\":\"ListItem\",\"position\":2,\"name\":\"Djurspalten: V\u00e4rmeslag hos hund\"}]},{\"@type\":\"WebSite\",\"@id\":\"https:\\\/\\\/lightweb.dev\\\/l\\\/svm-temp\\\/#website\",\"url\":\"https:\\\/\\\/lightweb.dev\\\/l\\\/svm-temp\\\/\",\"name\":\"Svenska Magasinet\",\"description\":\"Dina Spanska nyheter p&aring; Svenska\",\"publisher\":{\"@id\":\"https:\\\/\\\/lightweb.dev\\\/l\\\/svm-temp\\\/#organization\"},\"potentialAction\":[{\"@type\":\"SearchAction\",\"target\":{\"@type\":\"EntryPoint\",\"urlTemplate\":\"https:\\\/\\\/lightweb.dev\\\/l\\\/svm-temp\\\/?s={search_term_string}\"},\"query-input\":{\"@type\":\"PropertyValueSpecification\",\"valueRequired\":true,\"valueName\":\"search_term_string\"}}],\"inLanguage\":\"sv-SE\"},{\"@type\":\"Organization\",\"@id\":\"https:\\\/\\\/lightweb.dev\\\/l\\\/svm-temp\\\/#organization\",\"name\":\"Melkerson y Nott SL\",\"alternateName\":\"Svenska Magasinet\",\"url\":\"https:\\\/\\\/lightweb.dev\\\/l\\\/svm-temp\\\/\",\"logo\":{\"@type\":\"ImageObject\",\"inLanguage\":\"sv-SE\",\"@id\":\"https:\\\/\\\/lightweb.dev\\\/l\\\/svm-temp\\\/#\\\/schema\\\/logo\\\/image\\\/\",\"url\":\"https:\\\/\\\/lightweb.dev\\\/l\\\/svm-temp\\\/wp-content\\\/uploads\\\/2025\\\/02\\\/SvM-logo-Xtra-Centrerad-SVART.png\",\"contentUrl\":\"https:\\\/\\\/lightweb.dev\\\/l\\\/svm-temp\\\/wp-content\\\/uploads\\\/2025\\\/02\\\/SvM-logo-Xtra-Centrerad-SVART.png\",\"width\":300,\"height\":99,\"caption\":\"Melkerson y Nott SL\"},\"image\":{\"@id\":\"https:\\\/\\\/lightweb.dev\\\/l\\\/svm-temp\\\/#\\\/schema\\\/logo\\\/image\\\/\"},\"sameAs\":[\"https:\\\/\\\/www.facebook.com\\\/svenskamagasinet\",\"https:\\\/\\\/x.com\\\/SvenskaMagasine\"]},{\"@type\":\"Person\",\"@id\":\"https:\\\/\\\/lightweb.dev\\\/l\\\/svm-temp\\\/#\\\/schema\\\/person\\\/206a3bda5b607b0c25e1749191e4d837\",\"name\":\"Redaktionen SvM\",\"description\":\"Redaktionen\",\"sameAs\":[\"https:\\\/\\\/lightweb.dev\\\/l\\\/svm-temp\"],\"url\":\"https:\\\/\\\/lightweb.dev\\\/l\\\/svm-temp\\\/reporter\\\/redaktionen\\\/\"}]}<\/script>\n<!-- \/ Yoast SEO Premium plugin. -->","yoast_head_json":{"title":"Djurspalten: V\u00e4rmeslag hos hund - Svenska Magasinet","robots":{"index":"noindex","follow":"follow","max-snippet":"max-snippet:-1","max-image-preview":"max-image-preview:large","max-video-preview":"max-video-preview:-1"},"og_locale":"sv_SE","og_type":"article","og_title":"Djurspalten: V\u00e4rmeslag hos hund","og_description":"V\u00e4rmeslag \u00e4r en stor fara f\u00f6r v\u00e5ra hundar under sommaren. \u00c4ven i Sverige d\u00e4r vi \u00e4nd\u00e5 inte har tropisk hetta. V\u00e4rmeslag drabbar oftast hundar som har f\u00e5tt sitta f\u00f6r l\u00e4nge i en bil i solen. Det h\u00e4nder \u00e4ven att hundar som vistats en l\u00e4ngre tid i solsken och inte har kunnat skydda sig i skuggan [&hellip;]","og_url":"https:\/\/lightweb.dev\/l\/svm-temp\/artiklar\/djurspalten-varmeslag-hos-hund\/","og_site_name":"Svenska Magasinet","article_publisher":"https:\/\/www.facebook.com\/svenskamagasinet","article_published_time":"2015-06-08T22:00:00+00:00","og_image":[{"width":286,"height":200,"url":"https:\/\/lightweb.dev\/l\/svm-temp\/wp-content\/uploads\/2022\/04\/djurspalten-vrmeslag-hos-hund.png","type":"image\/png"}],"author":"Redaktionen SvM","twitter_card":"summary_large_image","twitter_creator":"@SvenskaMagasine","twitter_site":"@SvenskaMagasine","schema":{"@context":"https:\/\/schema.org","@graph":[{"@type":"Article","@id":"https:\/\/lightweb.dev\/l\/svm-temp\/artiklar\/djurspalten-varmeslag-hos-hund\/#article","isPartOf":{"@id":"https:\/\/lightweb.dev\/l\/svm-temp\/artiklar\/djurspalten-varmeslag-hos-hund\/"},"author":{"name":"Redaktionen SvM","@id":"https:\/\/lightweb.dev\/l\/svm-temp\/#\/schema\/person\/206a3bda5b607b0c25e1749191e4d837"},"headline":"Djurspalten: V\u00e4rmeslag hos hund","datePublished":"2015-06-08T22:00:00+00:00","mainEntityOfPage":{"@id":"https:\/\/lightweb.dev\/l\/svm-temp\/artiklar\/djurspalten-varmeslag-hos-hund\/"},"wordCount":609,"commentCount":0,"publisher":{"@id":"https:\/\/lightweb.dev\/l\/svm-temp\/#organization"},"image":{"@id":"https:\/\/lightweb.dev\/l\/svm-temp\/artiklar\/djurspalten-varmeslag-hos-hund\/#primaryimage"},"thumbnailUrl":"https:\/\/lightweb.dev\/l\/svm-temp\/wp-content\/uploads\/2022\/04\/djurspalten-vrmeslag-hos-hund.png","articleSection":["Arkiv","Artiklar"],"inLanguage":"sv-SE"},{"@type":"WebPage","@id":"https:\/\/lightweb.dev\/l\/svm-temp\/artiklar\/djurspalten-varmeslag-hos-hund\/","url":"https:\/\/lightweb.dev\/l\/svm-temp\/artiklar\/djurspalten-varmeslag-hos-hund\/","name":"Djurspalten: V\u00e4rmeslag hos hund - Svenska Magasinet","isPartOf":{"@id":"https:\/\/lightweb.dev\/l\/svm-temp\/#website"},"primaryImageOfPage":{"@id":"https:\/\/lightweb.dev\/l\/svm-temp\/artiklar\/djurspalten-varmeslag-hos-hund\/#primaryimage"},"image":{"@id":"https:\/\/lightweb.dev\/l\/svm-temp\/artiklar\/djurspalten-varmeslag-hos-hund\/#primaryimage"},"thumbnailUrl":"https:\/\/lightweb.dev\/l\/svm-temp\/wp-content\/uploads\/2022\/04\/djurspalten-vrmeslag-hos-hund.png","datePublished":"2015-06-08T22:00:00+00:00","breadcrumb":{"@id":"https:\/\/lightweb.dev\/l\/svm-temp\/artiklar\/djurspalten-varmeslag-hos-hund\/#breadcrumb"},"inLanguage":"sv-SE","potentialAction":[{"@type":"ReadAction","target":["https:\/\/lightweb.dev\/l\/svm-temp\/artiklar\/djurspalten-varmeslag-hos-hund\/"]}]},{"@type":"ImageObject","inLanguage":"sv-SE","@id":"https:\/\/lightweb.dev\/l\/svm-temp\/artiklar\/djurspalten-varmeslag-hos-hund\/#primaryimage","url":"https:\/\/lightweb.dev\/l\/svm-temp\/wp-content\/uploads\/2022\/04\/djurspalten-vrmeslag-hos-hund.png","contentUrl":"https:\/\/lightweb.dev\/l\/svm-temp\/wp-content\/uploads\/2022\/04\/djurspalten-vrmeslag-hos-hund.png","width":286,"height":200},{"@type":"BreadcrumbList","@id":"https:\/\/lightweb.dev\/l\/svm-temp\/artiklar\/djurspalten-varmeslag-hos-hund\/#breadcrumb","itemListElement":[{"@type":"ListItem","position":1,"name":"Hem","item":"https:\/\/lightweb.dev\/l\/svm-temp\/"},{"@type":"ListItem","position":2,"name":"Djurspalten: V\u00e4rmeslag hos hund"}]},{"@type":"WebSite","@id":"https:\/\/lightweb.dev\/l\/svm-temp\/#website","url":"https:\/\/lightweb.dev\/l\/svm-temp\/","name":"Svenska Magasinet","description":"Dina Spanska nyheter p&aring; Svenska","publisher":{"@id":"https:\/\/lightweb.dev\/l\/svm-temp\/#organization"},"potentialAction":[{"@type":"SearchAction","target":{"@type":"EntryPoint","urlTemplate":"https:\/\/lightweb.dev\/l\/svm-temp\/?s={search_term_string}"},"query-input":{"@type":"PropertyValueSpecification","valueRequired":true,"valueName":"search_term_string"}}],"inLanguage":"sv-SE"},{"@type":"Organization","@id":"https:\/\/lightweb.dev\/l\/svm-temp\/#organization","name":"Melkerson y Nott SL","alternateName":"Svenska Magasinet","url":"https:\/\/lightweb.dev\/l\/svm-temp\/","logo":{"@type":"ImageObject","inLanguage":"sv-SE","@id":"https:\/\/lightweb.dev\/l\/svm-temp\/#\/schema\/logo\/image\/","url":"https:\/\/lightweb.dev\/l\/svm-temp\/wp-content\/uploads\/2025\/02\/SvM-logo-Xtra-Centrerad-SVART.png","contentUrl":"https:\/\/lightweb.dev\/l\/svm-temp\/wp-content\/uploads\/2025\/02\/SvM-logo-Xtra-Centrerad-SVART.png","width":300,"height":99,"caption":"Melkerson y Nott SL"},"image":{"@id":"https:\/\/lightweb.dev\/l\/svm-temp\/#\/schema\/logo\/image\/"},"sameAs":["https:\/\/www.facebook.com\/svenskamagasinet","https:\/\/x.com\/SvenskaMagasine"]},{"@type":"Person","@id":"https:\/\/lightweb.dev\/l\/svm-temp\/#\/schema\/person\/206a3bda5b607b0c25e1749191e4d837","name":"Redaktionen SvM","description":"Redaktionen","sameAs":["https:\/\/lightweb.dev\/l\/svm-temp"],"url":"https:\/\/lightweb.dev\/l\/svm-temp\/reporter\/redaktionen\/"}]}},"_links":{"self":[{"href":"https:\/\/lightweb.dev\/l\/svm-temp\/wp-json\/wp\/v2\/posts\/5053","targetHints":{"allow":["GET"]}}],"collection":[{"href":"https:\/\/lightweb.dev\/l\/svm-temp\/wp-json\/wp\/v2\/posts"}],"about":[{"href":"https:\/\/lightweb.dev\/l\/svm-temp\/wp-json\/wp\/v2\/types\/post"}],"author":[{"embeddable":true,"href":"https:\/\/lightweb.dev\/l\/svm-temp\/wp-json\/wp\/v2\/users\/8"}],"replies":[{"embeddable":true,"href":"https:\/\/lightweb.dev\/l\/svm-temp\/wp-json\/wp\/v2\/comments?post=5053"}],"version-history":[{"count":0,"href":"https:\/\/lightweb.dev\/l\/svm-temp\/wp-json\/wp\/v2\/posts\/5053\/revisions"}],"wp:featuredmedia":[{"embeddable":true,"href":"https:\/\/lightweb.dev\/l\/svm-temp\/wp-json\/wp\/v2\/media\/5054"}],"wp:attachment":[{"href":"https:\/\/lightweb.dev\/l\/svm-temp\/wp-json\/wp\/v2\/media?parent=5053"}],"wp:term":[{"taxonomy":"category","embeddable":true,"href":"https:\/\/lightweb.dev\/l\/svm-temp\/wp-json\/wp\/v2\/categories?post=5053"},{"taxonomy":"post_tag","embeddable":true,"href":"https:\/\/lightweb.dev\/l\/svm-temp\/wp-json\/wp\/v2\/tags?post=5053"}],"curies":[{"name":"wp","href":"https:\/\/api.w.org\/{rel}","templated":true}]}}