{"id":5055,"date":"2015-06-09T00:00:00","date_gmt":"2015-06-08T22:00:00","guid":{"rendered":"https:\/\/lightweb.dev\/l\/svm-temp\/spansk-tillvaxt-fortsatter-att-overraska\/"},"modified":"2015-06-09T00:00:00","modified_gmt":"2015-06-08T22:00:00","slug":"spansk-tillvaxt-fortsatter-att-overraska","status":"publish","type":"post","link":"https:\/\/lightweb.dev\/l\/svm-temp\/artiklar\/spansk-tillvaxt-fortsatter-att-overraska\/","title":{"rendered":"Spansk tillv\u00e4xt forts\u00e4tter att \u00f6verraska"},"content":{"rendered":"<p> Fallande priser, en befolkning som krymper och en import som v\u00e4xer snabbare en export. Ur ett teoretiskt perspektiv har Spanien alla f\u00f6ruts\u00e4ttningar f\u00f6r en svag ekonomisk utveckling. Av Ruben Larsen, Haga Kapital<br \/>\ne-post: ruben@hagakapital.se, +34 616 854 498<\/p>\n<p>Trots sv\u00e5ra f\u00f6ruts\u00e4ttningar \u00e4r Spanien Eurozonens snabbast v\u00e4xande ekonomi och BNP kommer med h\u00f6g sannolikhet att v\u00e4xa med 3 % 2015. Det \u00e4r flera faktorer som f\u00f6rklarar varf\u00f6r.<\/p>\n<p>Arbetsmarknadsreformen som genomf\u00f6rdes, och som var en mycket sm\u00e4rtsam \u00f6vning f\u00f6r landet resulterade i l\u00e4gre produktionskostnader och b\u00e4ttre konkurrenskraft.<\/p>\n<p>Vidare har Hush\u00e5llens och f\u00f6retagens skulds\u00e4ttning minskat rej\u00e4lt, och som f\u00f6ljd av l\u00e4gre r\u00e4ntor har kostnaden f\u00f6r skulderna kommit ned till mycket l\u00e5ga niv\u00e5er. L\u00e4gra energipriser har ytterligare skapat \u00f6verskott i hush\u00e5llskassorna och materialiserar sig i \u00f6kad konsumtion.<\/p>\n<p>Tittar vi p\u00e5 BNP ekvationen ur ett konsumtionsperspektiv s\u00e5 \u00e4r det tydligt att investeringar laggar.<br \/>\n( Hush\u00e5llskonsumtion + statlig konsumtion + investeringar + (export \u2013 Import)) = BNP euro. Varf\u00f6r har inte investeringar h\u00e4ngt med och vad \u00e4r sannolikheten f\u00f6r en \u00e4ndrad trend?<\/p>\n<p>Investeringsviljan m\u00e4tt via olika konfidens indikatorer f\u00f6r hush\u00e5ll och f\u00f6retag har kommit tillbaks och ligger p\u00e5 f\u00f6rkrisniv\u00e5, dock har tillg\u00e5ngen p\u00e5 krediter varit problematisk.<\/p>\n<p>J\u00e4mf\u00f6r vi kreditmarknaden f\u00f6r sm\u00e5 och medelstora f\u00f6retag i Europa med USA s\u00e5 \u00e4r skillnaden stor. I Europa st\u00e5r bankerna f\u00f6r ca 80 % av kreditgivningen och i USA \u00e4r denna siffra 30 %. Ett bankmonopol f\u00f6r krediter och banker som inte vill l\u00e5na ut har bromsat investeringar trots att vilja och f\u00f6rm\u00e5ga finns hos l\u00e5ntagare.<\/p>\n<p>Gr\u00e4ver vi lite djupare s\u00e5 hittar vi en markant \u00e4ndring i kreditgivningen. Det finns 3 huvudfaktorer som styr ett kreditbeslut fr\u00e5n en bank. Tillg\u00e5ng p\u00e5 kapital, konkurrens och risk perception. Tittar vi p\u00e5 vad som \u00f6verv\u00e4gande var styrande vid kreditbeslut i 2012 s\u00e5 var det bankernas upplevelse av risk som vidare resulterade i en h\u00f6g riskpremie\/r\u00e4ntor och mycket tuffa kreditvillkor.<\/p>\n<p>I dag \u00e4r situationen helt annorlunda och enligt ECBs Bank Lending survey s\u00e5 rapporterar Spanska banker konkurrens med andra kreditgivare som tongivande i kreditbed\u00f6mningen.<\/p>\n<p>Riskpremien f\u00f6r bankernas krediter har kommit ned till mycket l\u00e5ga niv\u00e5er. I dag \u00e4r det m\u00f6jligt f\u00f6r ett hush\u00e5ll \u00e5 l\u00e5na till euribor (0,163 %) plus 1,25 % vilket ger en l\u00e5ner\u00e4nta p\u00e5 ca 1,42 % vid 80 % bel\u00e5ningsgrad.<\/p>\n<p>Investeringar uppvisar en tydlig \u00e4ndrad trend vilket b\u00e4ddar gott f\u00f6r ytterligare BNP tillv\u00e4xt, flera personer i jobb och en b\u00e4ttre framtid f\u00f6r spanska hush\u00e5ll.<\/p>\n","protected":false},"excerpt":{"rendered":"<p>Fallande priser, en befolkning som krymper och en import som v\u00e4xer snabbare en export. Ur ett teoretiskt perspektiv har Spanien alla f\u00f6ruts\u00e4ttningar f\u00f6r en svag ekonomisk utveckling. Av Ruben Larsen, Haga Kapital e-post: ruben@hagakapital.se, +34 616 854 498 Trots sv\u00e5ra f\u00f6ruts\u00e4ttningar \u00e4r Spanien Eurozonens snabbast v\u00e4xande ekonomi och BNP kommer med h\u00f6g sannolikhet att v\u00e4xa [&hellip;]<\/p>\n","protected":false},"author":8,"featured_media":5056,"comment_status":"open","ping_status":"open","sticky":false,"template":"","format":"standard","meta":{"_et_pb_use_builder":"","_et_pb_old_content":"","_et_gb_content_width":"","footnotes":""},"categories":[4,398],"tags":[],"class_list":["post-5055","post","type-post","status-publish","format-standard","has-post-thumbnail","hentry","category-artiklar","category-naringsliv"],"yoast_head":"<!-- This site is optimized with the Yoast SEO Premium plugin v26.2 (Yoast SEO v27.4) - https:\/\/yoast.com\/product\/yoast-seo-premium-wordpress\/ -->\n<title>Spansk tillv\u00e4xt forts\u00e4tter att \u00f6verraska - Svenska Magasinet<\/title>\n<meta name=\"robots\" content=\"noindex, follow, max-snippet:-1, max-image-preview:large, max-video-preview:-1\" \/>\n<meta property=\"og:locale\" content=\"sv_SE\" \/>\n<meta property=\"og:type\" content=\"article\" \/>\n<meta property=\"og:title\" content=\"Spansk tillv\u00e4xt forts\u00e4tter att \u00f6verraska\" \/>\n<meta property=\"og:description\" content=\"Fallande priser, en befolkning som krymper och en import som v\u00e4xer snabbare en export. Ur ett teoretiskt perspektiv har Spanien alla f\u00f6ruts\u00e4ttningar f\u00f6r en svag ekonomisk utveckling. Av Ruben Larsen, Haga Kapital e-post: ruben@hagakapital.se, +34 616 854 498 Trots sv\u00e5ra f\u00f6ruts\u00e4ttningar \u00e4r Spanien Eurozonens snabbast v\u00e4xande ekonomi och BNP kommer med h\u00f6g sannolikhet att v\u00e4xa [&hellip;]\" \/>\n<meta property=\"og:url\" content=\"https:\/\/lightweb.dev\/l\/svm-temp\/artiklar\/spansk-tillvaxt-fortsatter-att-overraska\/\" \/>\n<meta property=\"og:site_name\" content=\"Svenska Magasinet\" \/>\n<meta property=\"article:publisher\" content=\"https:\/\/www.facebook.com\/svenskamagasinet\" \/>\n<meta property=\"article:published_time\" content=\"2015-06-08T22:00:00+00:00\" \/>\n<meta property=\"og:image\" content=\"https:\/\/lightweb.dev\/l\/svm-temp\/wp-content\/uploads\/2022\/04\/spansk-tillvxt-fortstter-att-verraska.png\" \/>\n\t<meta property=\"og:image:width\" content=\"356\" \/>\n\t<meta property=\"og:image:height\" content=\"200\" \/>\n\t<meta property=\"og:image:type\" content=\"image\/png\" \/>\n<meta name=\"author\" content=\"Redaktionen SvM\" \/>\n<meta name=\"twitter:card\" content=\"summary_large_image\" \/>\n<meta name=\"twitter:creator\" content=\"@SvenskaMagasine\" \/>\n<meta name=\"twitter:site\" content=\"@SvenskaMagasine\" \/>\n<script type=\"application\/ld+json\" class=\"yoast-schema-graph\">{\"@context\":\"https:\\\/\\\/schema.org\",\"@graph\":[{\"@type\":\"Article\",\"@id\":\"https:\\\/\\\/lightweb.dev\\\/l\\\/svm-temp\\\/artiklar\\\/spansk-tillvaxt-fortsatter-att-overraska\\\/#article\",\"isPartOf\":{\"@id\":\"https:\\\/\\\/lightweb.dev\\\/l\\\/svm-temp\\\/artiklar\\\/spansk-tillvaxt-fortsatter-att-overraska\\\/\"},\"author\":{\"name\":\"Redaktionen SvM\",\"@id\":\"https:\\\/\\\/lightweb.dev\\\/l\\\/svm-temp\\\/#\\\/schema\\\/person\\\/206a3bda5b607b0c25e1749191e4d837\"},\"headline\":\"Spansk tillv\u00e4xt forts\u00e4tter att \u00f6verraska\",\"datePublished\":\"2015-06-08T22:00:00+00:00\",\"mainEntityOfPage\":{\"@id\":\"https:\\\/\\\/lightweb.dev\\\/l\\\/svm-temp\\\/artiklar\\\/spansk-tillvaxt-fortsatter-att-overraska\\\/\"},\"wordCount\":449,\"commentCount\":0,\"publisher\":{\"@id\":\"https:\\\/\\\/lightweb.dev\\\/l\\\/svm-temp\\\/#organization\"},\"image\":{\"@id\":\"https:\\\/\\\/lightweb.dev\\\/l\\\/svm-temp\\\/artiklar\\\/spansk-tillvaxt-fortsatter-att-overraska\\\/#primaryimage\"},\"thumbnailUrl\":\"https:\\\/\\\/lightweb.dev\\\/l\\\/svm-temp\\\/wp-content\\\/uploads\\\/2022\\\/04\\\/spansk-tillvxt-fortstter-att-verraska.png\",\"articleSection\":[\"Artiklar\",\"N\u00e4ringsliv\"],\"inLanguage\":\"sv-SE\"},{\"@type\":\"WebPage\",\"@id\":\"https:\\\/\\\/lightweb.dev\\\/l\\\/svm-temp\\\/artiklar\\\/spansk-tillvaxt-fortsatter-att-overraska\\\/\",\"url\":\"https:\\\/\\\/lightweb.dev\\\/l\\\/svm-temp\\\/artiklar\\\/spansk-tillvaxt-fortsatter-att-overraska\\\/\",\"name\":\"Spansk tillv\u00e4xt forts\u00e4tter att \u00f6verraska - Svenska Magasinet\",\"isPartOf\":{\"@id\":\"https:\\\/\\\/lightweb.dev\\\/l\\\/svm-temp\\\/#website\"},\"primaryImageOfPage\":{\"@id\":\"https:\\\/\\\/lightweb.dev\\\/l\\\/svm-temp\\\/artiklar\\\/spansk-tillvaxt-fortsatter-att-overraska\\\/#primaryimage\"},\"image\":{\"@id\":\"https:\\\/\\\/lightweb.dev\\\/l\\\/svm-temp\\\/artiklar\\\/spansk-tillvaxt-fortsatter-att-overraska\\\/#primaryimage\"},\"thumbnailUrl\":\"https:\\\/\\\/lightweb.dev\\\/l\\\/svm-temp\\\/wp-content\\\/uploads\\\/2022\\\/04\\\/spansk-tillvxt-fortstter-att-verraska.png\",\"datePublished\":\"2015-06-08T22:00:00+00:00\",\"breadcrumb\":{\"@id\":\"https:\\\/\\\/lightweb.dev\\\/l\\\/svm-temp\\\/artiklar\\\/spansk-tillvaxt-fortsatter-att-overraska\\\/#breadcrumb\"},\"inLanguage\":\"sv-SE\",\"potentialAction\":[{\"@type\":\"ReadAction\",\"target\":[\"https:\\\/\\\/lightweb.dev\\\/l\\\/svm-temp\\\/artiklar\\\/spansk-tillvaxt-fortsatter-att-overraska\\\/\"]}]},{\"@type\":\"ImageObject\",\"inLanguage\":\"sv-SE\",\"@id\":\"https:\\\/\\\/lightweb.dev\\\/l\\\/svm-temp\\\/artiklar\\\/spansk-tillvaxt-fortsatter-att-overraska\\\/#primaryimage\",\"url\":\"https:\\\/\\\/lightweb.dev\\\/l\\\/svm-temp\\\/wp-content\\\/uploads\\\/2022\\\/04\\\/spansk-tillvxt-fortstter-att-verraska.png\",\"contentUrl\":\"https:\\\/\\\/lightweb.dev\\\/l\\\/svm-temp\\\/wp-content\\\/uploads\\\/2022\\\/04\\\/spansk-tillvxt-fortstter-att-verraska.png\",\"width\":356,\"height\":200},{\"@type\":\"BreadcrumbList\",\"@id\":\"https:\\\/\\\/lightweb.dev\\\/l\\\/svm-temp\\\/artiklar\\\/spansk-tillvaxt-fortsatter-att-overraska\\\/#breadcrumb\",\"itemListElement\":[{\"@type\":\"ListItem\",\"position\":1,\"name\":\"Hem\",\"item\":\"https:\\\/\\\/lightweb.dev\\\/l\\\/svm-temp\\\/\"},{\"@type\":\"ListItem\",\"position\":2,\"name\":\"Spansk tillv\u00e4xt forts\u00e4tter att \u00f6verraska\"}]},{\"@type\":\"WebSite\",\"@id\":\"https:\\\/\\\/lightweb.dev\\\/l\\\/svm-temp\\\/#website\",\"url\":\"https:\\\/\\\/lightweb.dev\\\/l\\\/svm-temp\\\/\",\"name\":\"Svenska Magasinet\",\"description\":\"Dina Spanska nyheter p&aring; Svenska\",\"publisher\":{\"@id\":\"https:\\\/\\\/lightweb.dev\\\/l\\\/svm-temp\\\/#organization\"},\"potentialAction\":[{\"@type\":\"SearchAction\",\"target\":{\"@type\":\"EntryPoint\",\"urlTemplate\":\"https:\\\/\\\/lightweb.dev\\\/l\\\/svm-temp\\\/?s={search_term_string}\"},\"query-input\":{\"@type\":\"PropertyValueSpecification\",\"valueRequired\":true,\"valueName\":\"search_term_string\"}}],\"inLanguage\":\"sv-SE\"},{\"@type\":\"Organization\",\"@id\":\"https:\\\/\\\/lightweb.dev\\\/l\\\/svm-temp\\\/#organization\",\"name\":\"Melkerson y Nott SL\",\"alternateName\":\"Svenska Magasinet\",\"url\":\"https:\\\/\\\/lightweb.dev\\\/l\\\/svm-temp\\\/\",\"logo\":{\"@type\":\"ImageObject\",\"inLanguage\":\"sv-SE\",\"@id\":\"https:\\\/\\\/lightweb.dev\\\/l\\\/svm-temp\\\/#\\\/schema\\\/logo\\\/image\\\/\",\"url\":\"https:\\\/\\\/lightweb.dev\\\/l\\\/svm-temp\\\/wp-content\\\/uploads\\\/2025\\\/02\\\/SvM-logo-Xtra-Centrerad-SVART.png\",\"contentUrl\":\"https:\\\/\\\/lightweb.dev\\\/l\\\/svm-temp\\\/wp-content\\\/uploads\\\/2025\\\/02\\\/SvM-logo-Xtra-Centrerad-SVART.png\",\"width\":300,\"height\":99,\"caption\":\"Melkerson y Nott SL\"},\"image\":{\"@id\":\"https:\\\/\\\/lightweb.dev\\\/l\\\/svm-temp\\\/#\\\/schema\\\/logo\\\/image\\\/\"},\"sameAs\":[\"https:\\\/\\\/www.facebook.com\\\/svenskamagasinet\",\"https:\\\/\\\/x.com\\\/SvenskaMagasine\"]},{\"@type\":\"Person\",\"@id\":\"https:\\\/\\\/lightweb.dev\\\/l\\\/svm-temp\\\/#\\\/schema\\\/person\\\/206a3bda5b607b0c25e1749191e4d837\",\"name\":\"Redaktionen SvM\",\"description\":\"Redaktionen\",\"sameAs\":[\"https:\\\/\\\/lightweb.dev\\\/l\\\/svm-temp\"],\"url\":\"https:\\\/\\\/lightweb.dev\\\/l\\\/svm-temp\\\/reporter\\\/redaktionen\\\/\"}]}<\/script>\n<!-- \/ Yoast SEO Premium plugin. -->","yoast_head_json":{"title":"Spansk tillv\u00e4xt forts\u00e4tter att \u00f6verraska - Svenska Magasinet","robots":{"index":"noindex","follow":"follow","max-snippet":"max-snippet:-1","max-image-preview":"max-image-preview:large","max-video-preview":"max-video-preview:-1"},"og_locale":"sv_SE","og_type":"article","og_title":"Spansk tillv\u00e4xt forts\u00e4tter att \u00f6verraska","og_description":"Fallande priser, en befolkning som krymper och en import som v\u00e4xer snabbare en export. Ur ett teoretiskt perspektiv har Spanien alla f\u00f6ruts\u00e4ttningar f\u00f6r en svag ekonomisk utveckling. Av Ruben Larsen, Haga Kapital e-post: ruben@hagakapital.se, +34 616 854 498 Trots sv\u00e5ra f\u00f6ruts\u00e4ttningar \u00e4r Spanien Eurozonens snabbast v\u00e4xande ekonomi och BNP kommer med h\u00f6g sannolikhet att v\u00e4xa [&hellip;]","og_url":"https:\/\/lightweb.dev\/l\/svm-temp\/artiklar\/spansk-tillvaxt-fortsatter-att-overraska\/","og_site_name":"Svenska Magasinet","article_publisher":"https:\/\/www.facebook.com\/svenskamagasinet","article_published_time":"2015-06-08T22:00:00+00:00","og_image":[{"width":356,"height":200,"url":"https:\/\/lightweb.dev\/l\/svm-temp\/wp-content\/uploads\/2022\/04\/spansk-tillvxt-fortstter-att-verraska.png","type":"image\/png"}],"author":"Redaktionen SvM","twitter_card":"summary_large_image","twitter_creator":"@SvenskaMagasine","twitter_site":"@SvenskaMagasine","schema":{"@context":"https:\/\/schema.org","@graph":[{"@type":"Article","@id":"https:\/\/lightweb.dev\/l\/svm-temp\/artiklar\/spansk-tillvaxt-fortsatter-att-overraska\/#article","isPartOf":{"@id":"https:\/\/lightweb.dev\/l\/svm-temp\/artiklar\/spansk-tillvaxt-fortsatter-att-overraska\/"},"author":{"name":"Redaktionen SvM","@id":"https:\/\/lightweb.dev\/l\/svm-temp\/#\/schema\/person\/206a3bda5b607b0c25e1749191e4d837"},"headline":"Spansk tillv\u00e4xt forts\u00e4tter att \u00f6verraska","datePublished":"2015-06-08T22:00:00+00:00","mainEntityOfPage":{"@id":"https:\/\/lightweb.dev\/l\/svm-temp\/artiklar\/spansk-tillvaxt-fortsatter-att-overraska\/"},"wordCount":449,"commentCount":0,"publisher":{"@id":"https:\/\/lightweb.dev\/l\/svm-temp\/#organization"},"image":{"@id":"https:\/\/lightweb.dev\/l\/svm-temp\/artiklar\/spansk-tillvaxt-fortsatter-att-overraska\/#primaryimage"},"thumbnailUrl":"https:\/\/lightweb.dev\/l\/svm-temp\/wp-content\/uploads\/2022\/04\/spansk-tillvxt-fortstter-att-verraska.png","articleSection":["Artiklar","N\u00e4ringsliv"],"inLanguage":"sv-SE"},{"@type":"WebPage","@id":"https:\/\/lightweb.dev\/l\/svm-temp\/artiklar\/spansk-tillvaxt-fortsatter-att-overraska\/","url":"https:\/\/lightweb.dev\/l\/svm-temp\/artiklar\/spansk-tillvaxt-fortsatter-att-overraska\/","name":"Spansk tillv\u00e4xt forts\u00e4tter att \u00f6verraska - Svenska Magasinet","isPartOf":{"@id":"https:\/\/lightweb.dev\/l\/svm-temp\/#website"},"primaryImageOfPage":{"@id":"https:\/\/lightweb.dev\/l\/svm-temp\/artiklar\/spansk-tillvaxt-fortsatter-att-overraska\/#primaryimage"},"image":{"@id":"https:\/\/lightweb.dev\/l\/svm-temp\/artiklar\/spansk-tillvaxt-fortsatter-att-overraska\/#primaryimage"},"thumbnailUrl":"https:\/\/lightweb.dev\/l\/svm-temp\/wp-content\/uploads\/2022\/04\/spansk-tillvxt-fortstter-att-verraska.png","datePublished":"2015-06-08T22:00:00+00:00","breadcrumb":{"@id":"https:\/\/lightweb.dev\/l\/svm-temp\/artiklar\/spansk-tillvaxt-fortsatter-att-overraska\/#breadcrumb"},"inLanguage":"sv-SE","potentialAction":[{"@type":"ReadAction","target":["https:\/\/lightweb.dev\/l\/svm-temp\/artiklar\/spansk-tillvaxt-fortsatter-att-overraska\/"]}]},{"@type":"ImageObject","inLanguage":"sv-SE","@id":"https:\/\/lightweb.dev\/l\/svm-temp\/artiklar\/spansk-tillvaxt-fortsatter-att-overraska\/#primaryimage","url":"https:\/\/lightweb.dev\/l\/svm-temp\/wp-content\/uploads\/2022\/04\/spansk-tillvxt-fortstter-att-verraska.png","contentUrl":"https:\/\/lightweb.dev\/l\/svm-temp\/wp-content\/uploads\/2022\/04\/spansk-tillvxt-fortstter-att-verraska.png","width":356,"height":200},{"@type":"BreadcrumbList","@id":"https:\/\/lightweb.dev\/l\/svm-temp\/artiklar\/spansk-tillvaxt-fortsatter-att-overraska\/#breadcrumb","itemListElement":[{"@type":"ListItem","position":1,"name":"Hem","item":"https:\/\/lightweb.dev\/l\/svm-temp\/"},{"@type":"ListItem","position":2,"name":"Spansk tillv\u00e4xt forts\u00e4tter att \u00f6verraska"}]},{"@type":"WebSite","@id":"https:\/\/lightweb.dev\/l\/svm-temp\/#website","url":"https:\/\/lightweb.dev\/l\/svm-temp\/","name":"Svenska Magasinet","description":"Dina Spanska nyheter p&aring; Svenska","publisher":{"@id":"https:\/\/lightweb.dev\/l\/svm-temp\/#organization"},"potentialAction":[{"@type":"SearchAction","target":{"@type":"EntryPoint","urlTemplate":"https:\/\/lightweb.dev\/l\/svm-temp\/?s={search_term_string}"},"query-input":{"@type":"PropertyValueSpecification","valueRequired":true,"valueName":"search_term_string"}}],"inLanguage":"sv-SE"},{"@type":"Organization","@id":"https:\/\/lightweb.dev\/l\/svm-temp\/#organization","name":"Melkerson y Nott SL","alternateName":"Svenska Magasinet","url":"https:\/\/lightweb.dev\/l\/svm-temp\/","logo":{"@type":"ImageObject","inLanguage":"sv-SE","@id":"https:\/\/lightweb.dev\/l\/svm-temp\/#\/schema\/logo\/image\/","url":"https:\/\/lightweb.dev\/l\/svm-temp\/wp-content\/uploads\/2025\/02\/SvM-logo-Xtra-Centrerad-SVART.png","contentUrl":"https:\/\/lightweb.dev\/l\/svm-temp\/wp-content\/uploads\/2025\/02\/SvM-logo-Xtra-Centrerad-SVART.png","width":300,"height":99,"caption":"Melkerson y Nott SL"},"image":{"@id":"https:\/\/lightweb.dev\/l\/svm-temp\/#\/schema\/logo\/image\/"},"sameAs":["https:\/\/www.facebook.com\/svenskamagasinet","https:\/\/x.com\/SvenskaMagasine"]},{"@type":"Person","@id":"https:\/\/lightweb.dev\/l\/svm-temp\/#\/schema\/person\/206a3bda5b607b0c25e1749191e4d837","name":"Redaktionen SvM","description":"Redaktionen","sameAs":["https:\/\/lightweb.dev\/l\/svm-temp"],"url":"https:\/\/lightweb.dev\/l\/svm-temp\/reporter\/redaktionen\/"}]}},"_links":{"self":[{"href":"https:\/\/lightweb.dev\/l\/svm-temp\/wp-json\/wp\/v2\/posts\/5055","targetHints":{"allow":["GET"]}}],"collection":[{"href":"https:\/\/lightweb.dev\/l\/svm-temp\/wp-json\/wp\/v2\/posts"}],"about":[{"href":"https:\/\/lightweb.dev\/l\/svm-temp\/wp-json\/wp\/v2\/types\/post"}],"author":[{"embeddable":true,"href":"https:\/\/lightweb.dev\/l\/svm-temp\/wp-json\/wp\/v2\/users\/8"}],"replies":[{"embeddable":true,"href":"https:\/\/lightweb.dev\/l\/svm-temp\/wp-json\/wp\/v2\/comments?post=5055"}],"version-history":[{"count":0,"href":"https:\/\/lightweb.dev\/l\/svm-temp\/wp-json\/wp\/v2\/posts\/5055\/revisions"}],"wp:featuredmedia":[{"embeddable":true,"href":"https:\/\/lightweb.dev\/l\/svm-temp\/wp-json\/wp\/v2\/media\/5056"}],"wp:attachment":[{"href":"https:\/\/lightweb.dev\/l\/svm-temp\/wp-json\/wp\/v2\/media?parent=5055"}],"wp:term":[{"taxonomy":"category","embeddable":true,"href":"https:\/\/lightweb.dev\/l\/svm-temp\/wp-json\/wp\/v2\/categories?post=5055"},{"taxonomy":"post_tag","embeddable":true,"href":"https:\/\/lightweb.dev\/l\/svm-temp\/wp-json\/wp\/v2\/tags?post=5055"}],"curies":[{"name":"wp","href":"https:\/\/api.w.org\/{rel}","templated":true}]}}