{"id":5057,"date":"2015-06-09T00:00:00","date_gmt":"2015-06-08T22:00:00","guid":{"rendered":"https:\/\/lightweb.dev\/l\/svm-temp\/fraga-maklaren-hur-kan-jag-finansiera-mitt-kop\/"},"modified":"2015-06-09T00:00:00","modified_gmt":"2015-06-08T22:00:00","slug":"fraga-maklaren-hur-kan-jag-finansiera-mitt-kop","status":"publish","type":"post","link":"https:\/\/lightweb.dev\/l\/svm-temp\/artiklar\/fraga-maklaren-hur-kan-jag-finansiera-mitt-kop\/","title":{"rendered":"Fr\u00e5ga m\u00e4klaren: Hur kan jag finansiera mitt k\u00f6p?"},"content":{"rendered":"<p> L\u00e5t oss denna g\u00e5ng titta p\u00e5 n\u00e5gra alternativ hur du kan finansiera ditt k\u00f6p av bostad p\u00e5 Costa del Sol med hj\u00e4lp av ett bankl\u00e5n. Av Sven F. K\u00e4llstr\u00f6m, Alamo Real Estate, svarar p\u00e5 l\u00e4sarfr\u00e5gor om att s\u00e4lja eller k\u00f6pa en bostad p\u00e5 Costa del Sol.<\/p>\n<p>Bankl\u00e5n i spansk bank<br \/>\nDet \u00e4r fullt m\u00f6jligt att l\u00e5na pengar f\u00f6r fastighetsk\u00f6p i en spansk bank. B\u00e5de om du \u00e4r resident eller icke resident. F\u00f6r fast bosatta i Spanien \u00e4r det m\u00f6jligt att f\u00e5 l\u00e5na upp till max 70-80 % av bankv\u00e4rderingen medan icke fast bosatta oftast f\u00e5r l\u00e5na till max 60-70 %. Amorteringstiden \u00e4r mellan 10-25 \u00e5r beroende p\u00e5 \u00e5ldern. Spanska banken har ofta en \u00f6vre gr\u00e4ns p\u00e5 70 \u00e5r f\u00f6r l\u00e5nets \u00e5terbetalning. Detta inneb\u00e4r ofta att en person som \u00e4r 60 \u00e5r och s\u00f6ker ett bostadsl\u00e5n f\u00e5r 10 \u00e5rs amorteringstid.<\/p>\n<p>Kan man prata svenska med den spanska banken?<br \/>\nOm du inte planerar att l\u00e4ra sig tala spanska eller k\u00e4nner att du har problem med spr\u00e5ket p\u00e5 spanska banker, kanske du vill basera ditt val av bank p\u00e5 tillg\u00e5ngen till svensktalande personal. Det finns flera banker utmed Costa del Sol som har svensktalande personal. Dessa \u00e4r t ex Bankinter, Cajamar, Uni Caja, Banco Urquijo och Deautsche Bank.  N\u00e4r du v\u00e4ljer en bank \u00e4r det ocks\u00e5 en bra id\u00e9 att be v\u00e4nner och bekanta rekommendera en bank och om du efter ett tag k\u00e4nner att du inte \u00e4r n\u00f6jd med din bank kan du alltid \u00f6ppna ett konto n\u00e5gon annanstans!<\/p>\n<p>Vad beh\u00f6ver du f\u00f6r att ans\u00f6ka om ett l\u00e5n i en spansk bank?<br \/>\n&#8211; Pass<br \/>\n&#8211; Inkomstdeklaration<br \/>\n&#8211; 3 l\u00f6nespecifikationer<br \/>\n&#8211; 3 m\u00e5naders kontoutdrag<br \/>\n&#8211; UC (www.minuc.se) d\u00e4r information om fastigheter + skulder syns<\/p>\n<p>Automatisk betalning av r\u00e4kningar via ditt bankkonto<br \/>\nSpanska banker erbjuder liknande banktj\u00e4nster som du \u00e4r van vid i Sverige. Automatisk bank\u00f6verf\u00f6ring av dina r\u00e4kningar fr\u00e5n t ex telefon, elbolaget, vattenbolaget etc. Ett enkelt och praktiskt s\u00e4tt att f\u00e5 sina r\u00e4kningar betalda \u00e4r via sk. autogiro. Oftast kan din bank hj\u00e4lpa till med att arrangera detta, vad som d\u00e5 beh\u00f6vs \u00e4r en kopia av de r\u00e4kningar som du vill skall betalas automatiskt genom ditt konto.<\/p>\n<p>Finansiering via den danska banken Nykredit<br \/>\nSedan 2004 finns det ett alternativ till de spanska bankerna f\u00f6r finansiering av k\u00f6pet. Det kan vara en l\u00e4genhet, ett radhus eller en villa. Det \u00e4r en dansk bank som heter Nykredit. Det \u00e4r Danmarks st\u00f6rsta f\u00f6retag f\u00f6r bostadsl\u00e5n. Fastigheten skall vara f\u00e4rdigbygd och det spelar ingen roll om den skall anv\u00e4ndas som permanent bostad eller som fritidsbostad. Maximalt l\u00e5nebelopp \u00e4r 70% av den v\u00e4rdering som Nykredit g\u00f6r och minsta l\u00e5nebelopp \u00e4r 100.000 Euro. R\u00e4ntan kan endera vara fast r\u00e4nta i euro eller r\u00f6rlig. L\u00e5nets totala l\u00f6ptid \u00e4r 30 \u00e5r och man kan f\u00e5 10 \u00e5rs amorteringsfritt. Nykredit har ingen \u00f6vre \u00e5ldersgr\u00e4ns f\u00f6r l\u00e5ntagaren utan fokuserar helt p\u00e5 den s\u00e4kerhet som kunden l\u00e4mnar i form av pant i fastigheten. P\u00e5 Nykredits kontor i Centro Plaza i Nueva Andalucia kan du ans\u00f6ka om l\u00e5n och f\u00e5 hj\u00e4lp p\u00e5 skandinaviska.<\/p>\n","protected":false},"excerpt":{"rendered":"<p>L\u00e5t oss denna g\u00e5ng titta p\u00e5 n\u00e5gra alternativ hur du kan finansiera ditt k\u00f6p av bostad p\u00e5 Costa del Sol med hj\u00e4lp av ett bankl\u00e5n. Av Sven F. K\u00e4llstr\u00f6m, Alamo Real Estate, svarar p\u00e5 l\u00e4sarfr\u00e5gor om att s\u00e4lja eller k\u00f6pa en bostad p\u00e5 Costa del Sol. Bankl\u00e5n i spansk bank Det \u00e4r fullt m\u00f6jligt att [&hellip;]<\/p>\n","protected":false},"author":8,"featured_media":5058,"comment_status":"open","ping_status":"open","sticky":false,"template":"","format":"standard","meta":{"_et_pb_use_builder":"","_et_pb_old_content":"","_et_gb_content_width":"","footnotes":""},"categories":[4,37],"tags":[],"class_list":["post-5057","post","type-post","status-publish","format-standard","has-post-thumbnail","hentry","category-artiklar","category-hem-bostad"],"yoast_head":"<!-- This site is optimized with the Yoast SEO Premium plugin v26.2 (Yoast SEO v27.4) - https:\/\/yoast.com\/product\/yoast-seo-premium-wordpress\/ -->\n<title>Fr\u00e5ga m\u00e4klaren: Hur kan jag finansiera mitt k\u00f6p? - Svenska Magasinet<\/title>\n<meta name=\"robots\" content=\"noindex, follow, max-snippet:-1, max-image-preview:large, max-video-preview:-1\" \/>\n<meta property=\"og:locale\" content=\"sv_SE\" \/>\n<meta property=\"og:type\" content=\"article\" \/>\n<meta property=\"og:title\" content=\"Fr\u00e5ga m\u00e4klaren: Hur kan jag finansiera mitt k\u00f6p?\" \/>\n<meta property=\"og:description\" content=\"L\u00e5t oss denna g\u00e5ng titta p\u00e5 n\u00e5gra alternativ hur du kan finansiera ditt k\u00f6p av bostad p\u00e5 Costa del Sol med hj\u00e4lp av ett bankl\u00e5n. Av Sven F. K\u00e4llstr\u00f6m, Alamo Real Estate, svarar p\u00e5 l\u00e4sarfr\u00e5gor om att s\u00e4lja eller k\u00f6pa en bostad p\u00e5 Costa del Sol. Bankl\u00e5n i spansk bank Det \u00e4r fullt m\u00f6jligt att [&hellip;]\" \/>\n<meta property=\"og:url\" content=\"https:\/\/lightweb.dev\/l\/svm-temp\/artiklar\/fraga-maklaren-hur-kan-jag-finansiera-mitt-kop\/\" \/>\n<meta property=\"og:site_name\" content=\"Svenska Magasinet\" \/>\n<meta property=\"article:publisher\" content=\"https:\/\/www.facebook.com\/svenskamagasinet\" \/>\n<meta property=\"article:published_time\" content=\"2015-06-08T22:00:00+00:00\" \/>\n<meta property=\"og:image\" content=\"https:\/\/lightweb.dev\/l\/svm-temp\/wp-content\/uploads\/2022\/04\/frga-mklaren-hur-kan-jag-finansiera-mitt-kp.png\" \/>\n\t<meta property=\"og:image:width\" content=\"299\" \/>\n\t<meta property=\"og:image:height\" content=\"200\" \/>\n\t<meta property=\"og:image:type\" content=\"image\/png\" \/>\n<meta name=\"author\" content=\"Redaktionen SvM\" \/>\n<meta name=\"twitter:card\" content=\"summary_large_image\" \/>\n<meta name=\"twitter:creator\" content=\"@SvenskaMagasine\" \/>\n<meta name=\"twitter:site\" content=\"@SvenskaMagasine\" \/>\n<script type=\"application\/ld+json\" class=\"yoast-schema-graph\">{\"@context\":\"https:\\\/\\\/schema.org\",\"@graph\":[{\"@type\":\"Article\",\"@id\":\"https:\\\/\\\/lightweb.dev\\\/l\\\/svm-temp\\\/artiklar\\\/fraga-maklaren-hur-kan-jag-finansiera-mitt-kop\\\/#article\",\"isPartOf\":{\"@id\":\"https:\\\/\\\/lightweb.dev\\\/l\\\/svm-temp\\\/artiklar\\\/fraga-maklaren-hur-kan-jag-finansiera-mitt-kop\\\/\"},\"author\":{\"name\":\"Redaktionen SvM\",\"@id\":\"https:\\\/\\\/lightweb.dev\\\/l\\\/svm-temp\\\/#\\\/schema\\\/person\\\/206a3bda5b607b0c25e1749191e4d837\"},\"headline\":\"Fr\u00e5ga m\u00e4klaren: Hur kan jag finansiera mitt k\u00f6p?\",\"datePublished\":\"2015-06-08T22:00:00+00:00\",\"mainEntityOfPage\":{\"@id\":\"https:\\\/\\\/lightweb.dev\\\/l\\\/svm-temp\\\/artiklar\\\/fraga-maklaren-hur-kan-jag-finansiera-mitt-kop\\\/\"},\"wordCount\":584,\"commentCount\":0,\"publisher\":{\"@id\":\"https:\\\/\\\/lightweb.dev\\\/l\\\/svm-temp\\\/#organization\"},\"image\":{\"@id\":\"https:\\\/\\\/lightweb.dev\\\/l\\\/svm-temp\\\/artiklar\\\/fraga-maklaren-hur-kan-jag-finansiera-mitt-kop\\\/#primaryimage\"},\"thumbnailUrl\":\"https:\\\/\\\/lightweb.dev\\\/l\\\/svm-temp\\\/wp-content\\\/uploads\\\/2022\\\/04\\\/frga-mklaren-hur-kan-jag-finansiera-mitt-kp.png\",\"articleSection\":[\"Artiklar\",\"Hem &amp; bostad\"],\"inLanguage\":\"sv-SE\"},{\"@type\":\"WebPage\",\"@id\":\"https:\\\/\\\/lightweb.dev\\\/l\\\/svm-temp\\\/artiklar\\\/fraga-maklaren-hur-kan-jag-finansiera-mitt-kop\\\/\",\"url\":\"https:\\\/\\\/lightweb.dev\\\/l\\\/svm-temp\\\/artiklar\\\/fraga-maklaren-hur-kan-jag-finansiera-mitt-kop\\\/\",\"name\":\"Fr\u00e5ga m\u00e4klaren: Hur kan jag finansiera mitt k\u00f6p? - Svenska Magasinet\",\"isPartOf\":{\"@id\":\"https:\\\/\\\/lightweb.dev\\\/l\\\/svm-temp\\\/#website\"},\"primaryImageOfPage\":{\"@id\":\"https:\\\/\\\/lightweb.dev\\\/l\\\/svm-temp\\\/artiklar\\\/fraga-maklaren-hur-kan-jag-finansiera-mitt-kop\\\/#primaryimage\"},\"image\":{\"@id\":\"https:\\\/\\\/lightweb.dev\\\/l\\\/svm-temp\\\/artiklar\\\/fraga-maklaren-hur-kan-jag-finansiera-mitt-kop\\\/#primaryimage\"},\"thumbnailUrl\":\"https:\\\/\\\/lightweb.dev\\\/l\\\/svm-temp\\\/wp-content\\\/uploads\\\/2022\\\/04\\\/frga-mklaren-hur-kan-jag-finansiera-mitt-kp.png\",\"datePublished\":\"2015-06-08T22:00:00+00:00\",\"breadcrumb\":{\"@id\":\"https:\\\/\\\/lightweb.dev\\\/l\\\/svm-temp\\\/artiklar\\\/fraga-maklaren-hur-kan-jag-finansiera-mitt-kop\\\/#breadcrumb\"},\"inLanguage\":\"sv-SE\",\"potentialAction\":[{\"@type\":\"ReadAction\",\"target\":[\"https:\\\/\\\/lightweb.dev\\\/l\\\/svm-temp\\\/artiklar\\\/fraga-maklaren-hur-kan-jag-finansiera-mitt-kop\\\/\"]}]},{\"@type\":\"ImageObject\",\"inLanguage\":\"sv-SE\",\"@id\":\"https:\\\/\\\/lightweb.dev\\\/l\\\/svm-temp\\\/artiklar\\\/fraga-maklaren-hur-kan-jag-finansiera-mitt-kop\\\/#primaryimage\",\"url\":\"https:\\\/\\\/lightweb.dev\\\/l\\\/svm-temp\\\/wp-content\\\/uploads\\\/2022\\\/04\\\/frga-mklaren-hur-kan-jag-finansiera-mitt-kp.png\",\"contentUrl\":\"https:\\\/\\\/lightweb.dev\\\/l\\\/svm-temp\\\/wp-content\\\/uploads\\\/2022\\\/04\\\/frga-mklaren-hur-kan-jag-finansiera-mitt-kp.png\",\"width\":299,\"height\":200},{\"@type\":\"BreadcrumbList\",\"@id\":\"https:\\\/\\\/lightweb.dev\\\/l\\\/svm-temp\\\/artiklar\\\/fraga-maklaren-hur-kan-jag-finansiera-mitt-kop\\\/#breadcrumb\",\"itemListElement\":[{\"@type\":\"ListItem\",\"position\":1,\"name\":\"Hem\",\"item\":\"https:\\\/\\\/lightweb.dev\\\/l\\\/svm-temp\\\/\"},{\"@type\":\"ListItem\",\"position\":2,\"name\":\"Fr\u00e5ga m\u00e4klaren: Hur kan jag finansiera mitt k\u00f6p?\"}]},{\"@type\":\"WebSite\",\"@id\":\"https:\\\/\\\/lightweb.dev\\\/l\\\/svm-temp\\\/#website\",\"url\":\"https:\\\/\\\/lightweb.dev\\\/l\\\/svm-temp\\\/\",\"name\":\"Svenska Magasinet\",\"description\":\"Dina Spanska nyheter p&aring; Svenska\",\"publisher\":{\"@id\":\"https:\\\/\\\/lightweb.dev\\\/l\\\/svm-temp\\\/#organization\"},\"potentialAction\":[{\"@type\":\"SearchAction\",\"target\":{\"@type\":\"EntryPoint\",\"urlTemplate\":\"https:\\\/\\\/lightweb.dev\\\/l\\\/svm-temp\\\/?s={search_term_string}\"},\"query-input\":{\"@type\":\"PropertyValueSpecification\",\"valueRequired\":true,\"valueName\":\"search_term_string\"}}],\"inLanguage\":\"sv-SE\"},{\"@type\":\"Organization\",\"@id\":\"https:\\\/\\\/lightweb.dev\\\/l\\\/svm-temp\\\/#organization\",\"name\":\"Melkerson y Nott SL\",\"alternateName\":\"Svenska Magasinet\",\"url\":\"https:\\\/\\\/lightweb.dev\\\/l\\\/svm-temp\\\/\",\"logo\":{\"@type\":\"ImageObject\",\"inLanguage\":\"sv-SE\",\"@id\":\"https:\\\/\\\/lightweb.dev\\\/l\\\/svm-temp\\\/#\\\/schema\\\/logo\\\/image\\\/\",\"url\":\"https:\\\/\\\/lightweb.dev\\\/l\\\/svm-temp\\\/wp-content\\\/uploads\\\/2025\\\/02\\\/SvM-logo-Xtra-Centrerad-SVART.png\",\"contentUrl\":\"https:\\\/\\\/lightweb.dev\\\/l\\\/svm-temp\\\/wp-content\\\/uploads\\\/2025\\\/02\\\/SvM-logo-Xtra-Centrerad-SVART.png\",\"width\":300,\"height\":99,\"caption\":\"Melkerson y Nott SL\"},\"image\":{\"@id\":\"https:\\\/\\\/lightweb.dev\\\/l\\\/svm-temp\\\/#\\\/schema\\\/logo\\\/image\\\/\"},\"sameAs\":[\"https:\\\/\\\/www.facebook.com\\\/svenskamagasinet\",\"https:\\\/\\\/x.com\\\/SvenskaMagasine\"]},{\"@type\":\"Person\",\"@id\":\"https:\\\/\\\/lightweb.dev\\\/l\\\/svm-temp\\\/#\\\/schema\\\/person\\\/206a3bda5b607b0c25e1749191e4d837\",\"name\":\"Redaktionen SvM\",\"description\":\"Redaktionen\",\"sameAs\":[\"https:\\\/\\\/lightweb.dev\\\/l\\\/svm-temp\"],\"url\":\"https:\\\/\\\/lightweb.dev\\\/l\\\/svm-temp\\\/reporter\\\/redaktionen\\\/\"}]}<\/script>\n<!-- \/ Yoast SEO Premium plugin. -->","yoast_head_json":{"title":"Fr\u00e5ga m\u00e4klaren: Hur kan jag finansiera mitt k\u00f6p? - Svenska Magasinet","robots":{"index":"noindex","follow":"follow","max-snippet":"max-snippet:-1","max-image-preview":"max-image-preview:large","max-video-preview":"max-video-preview:-1"},"og_locale":"sv_SE","og_type":"article","og_title":"Fr\u00e5ga m\u00e4klaren: Hur kan jag finansiera mitt k\u00f6p?","og_description":"L\u00e5t oss denna g\u00e5ng titta p\u00e5 n\u00e5gra alternativ hur du kan finansiera ditt k\u00f6p av bostad p\u00e5 Costa del Sol med hj\u00e4lp av ett bankl\u00e5n. Av Sven F. K\u00e4llstr\u00f6m, Alamo Real Estate, svarar p\u00e5 l\u00e4sarfr\u00e5gor om att s\u00e4lja eller k\u00f6pa en bostad p\u00e5 Costa del Sol. Bankl\u00e5n i spansk bank Det \u00e4r fullt m\u00f6jligt att [&hellip;]","og_url":"https:\/\/lightweb.dev\/l\/svm-temp\/artiklar\/fraga-maklaren-hur-kan-jag-finansiera-mitt-kop\/","og_site_name":"Svenska Magasinet","article_publisher":"https:\/\/www.facebook.com\/svenskamagasinet","article_published_time":"2015-06-08T22:00:00+00:00","og_image":[{"width":299,"height":200,"url":"https:\/\/lightweb.dev\/l\/svm-temp\/wp-content\/uploads\/2022\/04\/frga-mklaren-hur-kan-jag-finansiera-mitt-kp.png","type":"image\/png"}],"author":"Redaktionen SvM","twitter_card":"summary_large_image","twitter_creator":"@SvenskaMagasine","twitter_site":"@SvenskaMagasine","schema":{"@context":"https:\/\/schema.org","@graph":[{"@type":"Article","@id":"https:\/\/lightweb.dev\/l\/svm-temp\/artiklar\/fraga-maklaren-hur-kan-jag-finansiera-mitt-kop\/#article","isPartOf":{"@id":"https:\/\/lightweb.dev\/l\/svm-temp\/artiklar\/fraga-maklaren-hur-kan-jag-finansiera-mitt-kop\/"},"author":{"name":"Redaktionen SvM","@id":"https:\/\/lightweb.dev\/l\/svm-temp\/#\/schema\/person\/206a3bda5b607b0c25e1749191e4d837"},"headline":"Fr\u00e5ga m\u00e4klaren: Hur kan jag finansiera mitt k\u00f6p?","datePublished":"2015-06-08T22:00:00+00:00","mainEntityOfPage":{"@id":"https:\/\/lightweb.dev\/l\/svm-temp\/artiklar\/fraga-maklaren-hur-kan-jag-finansiera-mitt-kop\/"},"wordCount":584,"commentCount":0,"publisher":{"@id":"https:\/\/lightweb.dev\/l\/svm-temp\/#organization"},"image":{"@id":"https:\/\/lightweb.dev\/l\/svm-temp\/artiklar\/fraga-maklaren-hur-kan-jag-finansiera-mitt-kop\/#primaryimage"},"thumbnailUrl":"https:\/\/lightweb.dev\/l\/svm-temp\/wp-content\/uploads\/2022\/04\/frga-mklaren-hur-kan-jag-finansiera-mitt-kp.png","articleSection":["Artiklar","Hem &amp; bostad"],"inLanguage":"sv-SE"},{"@type":"WebPage","@id":"https:\/\/lightweb.dev\/l\/svm-temp\/artiklar\/fraga-maklaren-hur-kan-jag-finansiera-mitt-kop\/","url":"https:\/\/lightweb.dev\/l\/svm-temp\/artiklar\/fraga-maklaren-hur-kan-jag-finansiera-mitt-kop\/","name":"Fr\u00e5ga m\u00e4klaren: Hur kan jag finansiera mitt k\u00f6p? - Svenska Magasinet","isPartOf":{"@id":"https:\/\/lightweb.dev\/l\/svm-temp\/#website"},"primaryImageOfPage":{"@id":"https:\/\/lightweb.dev\/l\/svm-temp\/artiklar\/fraga-maklaren-hur-kan-jag-finansiera-mitt-kop\/#primaryimage"},"image":{"@id":"https:\/\/lightweb.dev\/l\/svm-temp\/artiklar\/fraga-maklaren-hur-kan-jag-finansiera-mitt-kop\/#primaryimage"},"thumbnailUrl":"https:\/\/lightweb.dev\/l\/svm-temp\/wp-content\/uploads\/2022\/04\/frga-mklaren-hur-kan-jag-finansiera-mitt-kp.png","datePublished":"2015-06-08T22:00:00+00:00","breadcrumb":{"@id":"https:\/\/lightweb.dev\/l\/svm-temp\/artiklar\/fraga-maklaren-hur-kan-jag-finansiera-mitt-kop\/#breadcrumb"},"inLanguage":"sv-SE","potentialAction":[{"@type":"ReadAction","target":["https:\/\/lightweb.dev\/l\/svm-temp\/artiklar\/fraga-maklaren-hur-kan-jag-finansiera-mitt-kop\/"]}]},{"@type":"ImageObject","inLanguage":"sv-SE","@id":"https:\/\/lightweb.dev\/l\/svm-temp\/artiklar\/fraga-maklaren-hur-kan-jag-finansiera-mitt-kop\/#primaryimage","url":"https:\/\/lightweb.dev\/l\/svm-temp\/wp-content\/uploads\/2022\/04\/frga-mklaren-hur-kan-jag-finansiera-mitt-kp.png","contentUrl":"https:\/\/lightweb.dev\/l\/svm-temp\/wp-content\/uploads\/2022\/04\/frga-mklaren-hur-kan-jag-finansiera-mitt-kp.png","width":299,"height":200},{"@type":"BreadcrumbList","@id":"https:\/\/lightweb.dev\/l\/svm-temp\/artiklar\/fraga-maklaren-hur-kan-jag-finansiera-mitt-kop\/#breadcrumb","itemListElement":[{"@type":"ListItem","position":1,"name":"Hem","item":"https:\/\/lightweb.dev\/l\/svm-temp\/"},{"@type":"ListItem","position":2,"name":"Fr\u00e5ga m\u00e4klaren: Hur kan jag finansiera mitt k\u00f6p?"}]},{"@type":"WebSite","@id":"https:\/\/lightweb.dev\/l\/svm-temp\/#website","url":"https:\/\/lightweb.dev\/l\/svm-temp\/","name":"Svenska Magasinet","description":"Dina Spanska nyheter p&aring; Svenska","publisher":{"@id":"https:\/\/lightweb.dev\/l\/svm-temp\/#organization"},"potentialAction":[{"@type":"SearchAction","target":{"@type":"EntryPoint","urlTemplate":"https:\/\/lightweb.dev\/l\/svm-temp\/?s={search_term_string}"},"query-input":{"@type":"PropertyValueSpecification","valueRequired":true,"valueName":"search_term_string"}}],"inLanguage":"sv-SE"},{"@type":"Organization","@id":"https:\/\/lightweb.dev\/l\/svm-temp\/#organization","name":"Melkerson y Nott SL","alternateName":"Svenska Magasinet","url":"https:\/\/lightweb.dev\/l\/svm-temp\/","logo":{"@type":"ImageObject","inLanguage":"sv-SE","@id":"https:\/\/lightweb.dev\/l\/svm-temp\/#\/schema\/logo\/image\/","url":"https:\/\/lightweb.dev\/l\/svm-temp\/wp-content\/uploads\/2025\/02\/SvM-logo-Xtra-Centrerad-SVART.png","contentUrl":"https:\/\/lightweb.dev\/l\/svm-temp\/wp-content\/uploads\/2025\/02\/SvM-logo-Xtra-Centrerad-SVART.png","width":300,"height":99,"caption":"Melkerson y Nott SL"},"image":{"@id":"https:\/\/lightweb.dev\/l\/svm-temp\/#\/schema\/logo\/image\/"},"sameAs":["https:\/\/www.facebook.com\/svenskamagasinet","https:\/\/x.com\/SvenskaMagasine"]},{"@type":"Person","@id":"https:\/\/lightweb.dev\/l\/svm-temp\/#\/schema\/person\/206a3bda5b607b0c25e1749191e4d837","name":"Redaktionen SvM","description":"Redaktionen","sameAs":["https:\/\/lightweb.dev\/l\/svm-temp"],"url":"https:\/\/lightweb.dev\/l\/svm-temp\/reporter\/redaktionen\/"}]}},"_links":{"self":[{"href":"https:\/\/lightweb.dev\/l\/svm-temp\/wp-json\/wp\/v2\/posts\/5057","targetHints":{"allow":["GET"]}}],"collection":[{"href":"https:\/\/lightweb.dev\/l\/svm-temp\/wp-json\/wp\/v2\/posts"}],"about":[{"href":"https:\/\/lightweb.dev\/l\/svm-temp\/wp-json\/wp\/v2\/types\/post"}],"author":[{"embeddable":true,"href":"https:\/\/lightweb.dev\/l\/svm-temp\/wp-json\/wp\/v2\/users\/8"}],"replies":[{"embeddable":true,"href":"https:\/\/lightweb.dev\/l\/svm-temp\/wp-json\/wp\/v2\/comments?post=5057"}],"version-history":[{"count":0,"href":"https:\/\/lightweb.dev\/l\/svm-temp\/wp-json\/wp\/v2\/posts\/5057\/revisions"}],"wp:featuredmedia":[{"embeddable":true,"href":"https:\/\/lightweb.dev\/l\/svm-temp\/wp-json\/wp\/v2\/media\/5058"}],"wp:attachment":[{"href":"https:\/\/lightweb.dev\/l\/svm-temp\/wp-json\/wp\/v2\/media?parent=5057"}],"wp:term":[{"taxonomy":"category","embeddable":true,"href":"https:\/\/lightweb.dev\/l\/svm-temp\/wp-json\/wp\/v2\/categories?post=5057"},{"taxonomy":"post_tag","embeddable":true,"href":"https:\/\/lightweb.dev\/l\/svm-temp\/wp-json\/wp\/v2\/tags?post=5057"}],"curies":[{"name":"wp","href":"https:\/\/api.w.org\/{rel}","templated":true}]}}