{"id":5059,"date":"2015-06-09T00:00:00","date_gmt":"2015-06-08T22:00:00","guid":{"rendered":"https:\/\/lightweb.dev\/l\/svm-temp\/okad-livskvalite-pa-aldre-dar\/"},"modified":"2015-06-09T00:00:00","modified_gmt":"2015-06-08T22:00:00","slug":"okad-livskvalite-pa-aldre-dar","status":"publish","type":"post","link":"https:\/\/lightweb.dev\/l\/svm-temp\/artiklar\/okad-livskvalite-pa-aldre-dar\/","title":{"rendered":"\u00d6kad livskvalit\u00e9 p\u00e5 \u00e4ldre dar"},"content":{"rendered":"<p> Kiropraktisk v\u00e5rd \u00e4r l\u00e4nkat till b\u00e4ttre balans och d\u00e4rigenom nedsatt risk f\u00f6r att ramla, s\u00e4ger Dr Mark Lane p\u00e5 Marbella Chiropractic. Av Dr Mark Lane, medlem i spanska kiropraktiker f\u00f6reningen med klinik i Guadalminas k\u00f6pcenter, strax utanf\u00f6r San Pedro. www.marbellachiropratic.com<\/p>\n<p>Studier har visat att  \u00e4ldre som f\u00e5r behandling hos en kiropraktor, \u00e4r betydligt mer aktiva, \u00e4ter mindre v\u00e4rktabletter och har en klart f\u00f6rb\u00e4ttrad livskvalitet.<\/p>\n<p>Stelhet i nacken g\u00f6r att det blir sv\u00e5rare att backa bilen med bilb\u00e4ltet p\u00e5. Stelhet och sm\u00e4rta i ryggen eller i h\u00f6fterna blir allt tydligare och det blir allt jobbigare f\u00f6r varje \u00e5r att k\u00f6ra gr\u00e4sklipparen.<\/p>\n<p>Att det inte g\u00e5r att behandla \u00e5lderskr\u00e4mpor \u00e4r en gammal myt. M\u00e5nga som kommit upp i \u00e5ren g\u00e5r alldeles i on\u00f6dan med besv\u00e4r som kiropraktorn skulle kunna hj\u00e4lpa till med. Man s\u00e4ger att den och den leden \u00e4r utsliten och att man f\u00e5r l\u00e4ra sig att leva med det. Man tar det f\u00f6r givet eller en doktor s\u00e4ger att s\u00e5 \u00e4r det. Men s\u00e5 \u00e4r det inte alltid.<\/p>\n<p>En stor orsak bakom den gradvis f\u00f6rs\u00e4mrade koordinationsf\u00f6rm\u00e5gan \u00e4r nervsystemets minskade funktion. Genom regelbunden kiropraktisk v\u00e5rd, forts\u00e4tter centrala nervsystemet att skicka ut r\u00e4tt meddelande till hj\u00e4rnan s\u00e5 att m\u00e4nniskan bibeh\u00e5ller sin balansf\u00f6rm\u00e5ga och kroppsk\u00e4nsla, menar Dr Mark.<\/p>\n<p>D\u00e5lig balans \u00e4r orsak till m\u00e5nga olycksfall med benbrott och m\u00e5nga andra skador som f\u00f6ljd. N\u00e4r leder och nerver fungerar bra, f\u00f6rb\u00e4ttras \u00e4ven balansen. Bra balans \u00e4r d\u00e4rf\u00f6r oerh\u00f6rt viktigt n\u00e4r man blir \u00e4ldre. Allt fler s\u00f6ker kiropraktorn n\u00e4r de redan har f\u00e5tt ont i sin kropp. De vet att en kiropraktor kan hj\u00e4lpa till p\u00e5 ett snabbt och effektivt s\u00e4tt och utan biverkningar. F\u00f6rebyggande v\u00e5rd avl\u00e4gsnar att m\u00e5nga problem aldrig beh\u00f6ver uppst\u00e5. Det finns ingen \u00f6vre \u00e5ldersgr\u00e4ns f\u00f6r att bli hj\u00e4lpt av en kiropraktor. Bra funktion i kroppens alla leder, \u00f6kar livskvaliteten i alla \u00e5ldrar.<\/p>\n","protected":false},"excerpt":{"rendered":"<p>Kiropraktisk v\u00e5rd \u00e4r l\u00e4nkat till b\u00e4ttre balans och d\u00e4rigenom nedsatt risk f\u00f6r att ramla, s\u00e4ger Dr Mark Lane p\u00e5 Marbella Chiropractic. Av Dr Mark Lane, medlem i spanska kiropraktiker f\u00f6reningen med klinik i Guadalminas k\u00f6pcenter, strax utanf\u00f6r San Pedro. www.marbellachiropratic.com Studier har visat att \u00e4ldre som f\u00e5r behandling hos en kiropraktor, \u00e4r betydligt mer aktiva, [&hellip;]<\/p>\n","protected":false},"author":8,"featured_media":5060,"comment_status":"open","ping_status":"open","sticky":false,"template":"","format":"standard","meta":{"_et_pb_use_builder":"","_et_pb_old_content":"","_et_gb_content_width":"","footnotes":""},"categories":[396,4],"tags":[],"class_list":["post-5059","post","type-post","status-publish","format-standard","has-post-thumbnail","hentry","category-arkiv-artiklar","category-artiklar"],"yoast_head":"<!-- This site is optimized with the Yoast SEO Premium plugin v26.2 (Yoast SEO v27.4) - https:\/\/yoast.com\/product\/yoast-seo-premium-wordpress\/ -->\n<title>\u00d6kad livskvalit\u00e9 p\u00e5 \u00e4ldre dar - Svenska Magasinet<\/title>\n<meta name=\"robots\" content=\"noindex, follow, max-snippet:-1, max-image-preview:large, max-video-preview:-1\" \/>\n<meta property=\"og:locale\" content=\"sv_SE\" \/>\n<meta property=\"og:type\" content=\"article\" \/>\n<meta property=\"og:title\" content=\"\u00d6kad livskvalit\u00e9 p\u00e5 \u00e4ldre dar\" \/>\n<meta property=\"og:description\" content=\"Kiropraktisk v\u00e5rd \u00e4r l\u00e4nkat till b\u00e4ttre balans och d\u00e4rigenom nedsatt risk f\u00f6r att ramla, s\u00e4ger Dr Mark Lane p\u00e5 Marbella Chiropractic. Av Dr Mark Lane, medlem i spanska kiropraktiker f\u00f6reningen med klinik i Guadalminas k\u00f6pcenter, strax utanf\u00f6r San Pedro. www.marbellachiropratic.com Studier har visat att \u00e4ldre som f\u00e5r behandling hos en kiropraktor, \u00e4r betydligt mer aktiva, [&hellip;]\" \/>\n<meta property=\"og:url\" content=\"https:\/\/lightweb.dev\/l\/svm-temp\/artiklar\/okad-livskvalite-pa-aldre-dar\/\" \/>\n<meta property=\"og:site_name\" content=\"Svenska Magasinet\" \/>\n<meta property=\"article:publisher\" content=\"https:\/\/www.facebook.com\/svenskamagasinet\" \/>\n<meta property=\"article:published_time\" content=\"2015-06-08T22:00:00+00:00\" \/>\n<meta property=\"og:image\" content=\"https:\/\/lightweb.dev\/l\/svm-temp\/wp-content\/uploads\/2022\/04\/kad-livskvalit-p-ldre-dar.png\" \/>\n\t<meta property=\"og:image:width\" content=\"280\" \/>\n\t<meta property=\"og:image:height\" content=\"239\" \/>\n\t<meta property=\"og:image:type\" content=\"image\/png\" \/>\n<meta name=\"author\" content=\"Redaktionen SvM\" \/>\n<meta name=\"twitter:card\" content=\"summary_large_image\" \/>\n<meta name=\"twitter:creator\" content=\"@SvenskaMagasine\" \/>\n<meta name=\"twitter:site\" content=\"@SvenskaMagasine\" \/>\n<script type=\"application\/ld+json\" class=\"yoast-schema-graph\">{\"@context\":\"https:\\\/\\\/schema.org\",\"@graph\":[{\"@type\":\"Article\",\"@id\":\"https:\\\/\\\/lightweb.dev\\\/l\\\/svm-temp\\\/artiklar\\\/okad-livskvalite-pa-aldre-dar\\\/#article\",\"isPartOf\":{\"@id\":\"https:\\\/\\\/lightweb.dev\\\/l\\\/svm-temp\\\/artiklar\\\/okad-livskvalite-pa-aldre-dar\\\/\"},\"author\":{\"name\":\"Redaktionen SvM\",\"@id\":\"https:\\\/\\\/lightweb.dev\\\/l\\\/svm-temp\\\/#\\\/schema\\\/person\\\/206a3bda5b607b0c25e1749191e4d837\"},\"headline\":\"\u00d6kad livskvalit\u00e9 p\u00e5 \u00e4ldre dar\",\"datePublished\":\"2015-06-08T22:00:00+00:00\",\"mainEntityOfPage\":{\"@id\":\"https:\\\/\\\/lightweb.dev\\\/l\\\/svm-temp\\\/artiklar\\\/okad-livskvalite-pa-aldre-dar\\\/\"},\"wordCount\":378,\"commentCount\":0,\"publisher\":{\"@id\":\"https:\\\/\\\/lightweb.dev\\\/l\\\/svm-temp\\\/#organization\"},\"image\":{\"@id\":\"https:\\\/\\\/lightweb.dev\\\/l\\\/svm-temp\\\/artiklar\\\/okad-livskvalite-pa-aldre-dar\\\/#primaryimage\"},\"thumbnailUrl\":\"https:\\\/\\\/lightweb.dev\\\/l\\\/svm-temp\\\/wp-content\\\/uploads\\\/2022\\\/04\\\/kad-livskvalit-p-ldre-dar.png\",\"articleSection\":[\"Arkiv\",\"Artiklar\"],\"inLanguage\":\"sv-SE\"},{\"@type\":\"WebPage\",\"@id\":\"https:\\\/\\\/lightweb.dev\\\/l\\\/svm-temp\\\/artiklar\\\/okad-livskvalite-pa-aldre-dar\\\/\",\"url\":\"https:\\\/\\\/lightweb.dev\\\/l\\\/svm-temp\\\/artiklar\\\/okad-livskvalite-pa-aldre-dar\\\/\",\"name\":\"\u00d6kad livskvalit\u00e9 p\u00e5 \u00e4ldre dar - Svenska Magasinet\",\"isPartOf\":{\"@id\":\"https:\\\/\\\/lightweb.dev\\\/l\\\/svm-temp\\\/#website\"},\"primaryImageOfPage\":{\"@id\":\"https:\\\/\\\/lightweb.dev\\\/l\\\/svm-temp\\\/artiklar\\\/okad-livskvalite-pa-aldre-dar\\\/#primaryimage\"},\"image\":{\"@id\":\"https:\\\/\\\/lightweb.dev\\\/l\\\/svm-temp\\\/artiklar\\\/okad-livskvalite-pa-aldre-dar\\\/#primaryimage\"},\"thumbnailUrl\":\"https:\\\/\\\/lightweb.dev\\\/l\\\/svm-temp\\\/wp-content\\\/uploads\\\/2022\\\/04\\\/kad-livskvalit-p-ldre-dar.png\",\"datePublished\":\"2015-06-08T22:00:00+00:00\",\"breadcrumb\":{\"@id\":\"https:\\\/\\\/lightweb.dev\\\/l\\\/svm-temp\\\/artiklar\\\/okad-livskvalite-pa-aldre-dar\\\/#breadcrumb\"},\"inLanguage\":\"sv-SE\",\"potentialAction\":[{\"@type\":\"ReadAction\",\"target\":[\"https:\\\/\\\/lightweb.dev\\\/l\\\/svm-temp\\\/artiklar\\\/okad-livskvalite-pa-aldre-dar\\\/\"]}]},{\"@type\":\"ImageObject\",\"inLanguage\":\"sv-SE\",\"@id\":\"https:\\\/\\\/lightweb.dev\\\/l\\\/svm-temp\\\/artiklar\\\/okad-livskvalite-pa-aldre-dar\\\/#primaryimage\",\"url\":\"https:\\\/\\\/lightweb.dev\\\/l\\\/svm-temp\\\/wp-content\\\/uploads\\\/2022\\\/04\\\/kad-livskvalit-p-ldre-dar.png\",\"contentUrl\":\"https:\\\/\\\/lightweb.dev\\\/l\\\/svm-temp\\\/wp-content\\\/uploads\\\/2022\\\/04\\\/kad-livskvalit-p-ldre-dar.png\",\"width\":280,\"height\":239},{\"@type\":\"BreadcrumbList\",\"@id\":\"https:\\\/\\\/lightweb.dev\\\/l\\\/svm-temp\\\/artiklar\\\/okad-livskvalite-pa-aldre-dar\\\/#breadcrumb\",\"itemListElement\":[{\"@type\":\"ListItem\",\"position\":1,\"name\":\"Hem\",\"item\":\"https:\\\/\\\/lightweb.dev\\\/l\\\/svm-temp\\\/\"},{\"@type\":\"ListItem\",\"position\":2,\"name\":\"\u00d6kad livskvalit\u00e9 p\u00e5 \u00e4ldre dar\"}]},{\"@type\":\"WebSite\",\"@id\":\"https:\\\/\\\/lightweb.dev\\\/l\\\/svm-temp\\\/#website\",\"url\":\"https:\\\/\\\/lightweb.dev\\\/l\\\/svm-temp\\\/\",\"name\":\"Svenska Magasinet\",\"description\":\"Dina Spanska nyheter p&aring; Svenska\",\"publisher\":{\"@id\":\"https:\\\/\\\/lightweb.dev\\\/l\\\/svm-temp\\\/#organization\"},\"potentialAction\":[{\"@type\":\"SearchAction\",\"target\":{\"@type\":\"EntryPoint\",\"urlTemplate\":\"https:\\\/\\\/lightweb.dev\\\/l\\\/svm-temp\\\/?s={search_term_string}\"},\"query-input\":{\"@type\":\"PropertyValueSpecification\",\"valueRequired\":true,\"valueName\":\"search_term_string\"}}],\"inLanguage\":\"sv-SE\"},{\"@type\":\"Organization\",\"@id\":\"https:\\\/\\\/lightweb.dev\\\/l\\\/svm-temp\\\/#organization\",\"name\":\"Melkerson y Nott SL\",\"alternateName\":\"Svenska Magasinet\",\"url\":\"https:\\\/\\\/lightweb.dev\\\/l\\\/svm-temp\\\/\",\"logo\":{\"@type\":\"ImageObject\",\"inLanguage\":\"sv-SE\",\"@id\":\"https:\\\/\\\/lightweb.dev\\\/l\\\/svm-temp\\\/#\\\/schema\\\/logo\\\/image\\\/\",\"url\":\"https:\\\/\\\/lightweb.dev\\\/l\\\/svm-temp\\\/wp-content\\\/uploads\\\/2025\\\/02\\\/SvM-logo-Xtra-Centrerad-SVART.png\",\"contentUrl\":\"https:\\\/\\\/lightweb.dev\\\/l\\\/svm-temp\\\/wp-content\\\/uploads\\\/2025\\\/02\\\/SvM-logo-Xtra-Centrerad-SVART.png\",\"width\":300,\"height\":99,\"caption\":\"Melkerson y Nott SL\"},\"image\":{\"@id\":\"https:\\\/\\\/lightweb.dev\\\/l\\\/svm-temp\\\/#\\\/schema\\\/logo\\\/image\\\/\"},\"sameAs\":[\"https:\\\/\\\/www.facebook.com\\\/svenskamagasinet\",\"https:\\\/\\\/x.com\\\/SvenskaMagasine\"]},{\"@type\":\"Person\",\"@id\":\"https:\\\/\\\/lightweb.dev\\\/l\\\/svm-temp\\\/#\\\/schema\\\/person\\\/206a3bda5b607b0c25e1749191e4d837\",\"name\":\"Redaktionen SvM\",\"description\":\"Redaktionen\",\"sameAs\":[\"https:\\\/\\\/lightweb.dev\\\/l\\\/svm-temp\"],\"url\":\"https:\\\/\\\/lightweb.dev\\\/l\\\/svm-temp\\\/reporter\\\/redaktionen\\\/\"}]}<\/script>\n<!-- \/ Yoast SEO Premium plugin. -->","yoast_head_json":{"title":"\u00d6kad livskvalit\u00e9 p\u00e5 \u00e4ldre dar - Svenska Magasinet","robots":{"index":"noindex","follow":"follow","max-snippet":"max-snippet:-1","max-image-preview":"max-image-preview:large","max-video-preview":"max-video-preview:-1"},"og_locale":"sv_SE","og_type":"article","og_title":"\u00d6kad livskvalit\u00e9 p\u00e5 \u00e4ldre dar","og_description":"Kiropraktisk v\u00e5rd \u00e4r l\u00e4nkat till b\u00e4ttre balans och d\u00e4rigenom nedsatt risk f\u00f6r att ramla, s\u00e4ger Dr Mark Lane p\u00e5 Marbella Chiropractic. Av Dr Mark Lane, medlem i spanska kiropraktiker f\u00f6reningen med klinik i Guadalminas k\u00f6pcenter, strax utanf\u00f6r San Pedro. www.marbellachiropratic.com Studier har visat att \u00e4ldre som f\u00e5r behandling hos en kiropraktor, \u00e4r betydligt mer aktiva, [&hellip;]","og_url":"https:\/\/lightweb.dev\/l\/svm-temp\/artiklar\/okad-livskvalite-pa-aldre-dar\/","og_site_name":"Svenska Magasinet","article_publisher":"https:\/\/www.facebook.com\/svenskamagasinet","article_published_time":"2015-06-08T22:00:00+00:00","og_image":[{"width":280,"height":239,"url":"https:\/\/lightweb.dev\/l\/svm-temp\/wp-content\/uploads\/2022\/04\/kad-livskvalit-p-ldre-dar.png","type":"image\/png"}],"author":"Redaktionen SvM","twitter_card":"summary_large_image","twitter_creator":"@SvenskaMagasine","twitter_site":"@SvenskaMagasine","schema":{"@context":"https:\/\/schema.org","@graph":[{"@type":"Article","@id":"https:\/\/lightweb.dev\/l\/svm-temp\/artiklar\/okad-livskvalite-pa-aldre-dar\/#article","isPartOf":{"@id":"https:\/\/lightweb.dev\/l\/svm-temp\/artiklar\/okad-livskvalite-pa-aldre-dar\/"},"author":{"name":"Redaktionen SvM","@id":"https:\/\/lightweb.dev\/l\/svm-temp\/#\/schema\/person\/206a3bda5b607b0c25e1749191e4d837"},"headline":"\u00d6kad livskvalit\u00e9 p\u00e5 \u00e4ldre dar","datePublished":"2015-06-08T22:00:00+00:00","mainEntityOfPage":{"@id":"https:\/\/lightweb.dev\/l\/svm-temp\/artiklar\/okad-livskvalite-pa-aldre-dar\/"},"wordCount":378,"commentCount":0,"publisher":{"@id":"https:\/\/lightweb.dev\/l\/svm-temp\/#organization"},"image":{"@id":"https:\/\/lightweb.dev\/l\/svm-temp\/artiklar\/okad-livskvalite-pa-aldre-dar\/#primaryimage"},"thumbnailUrl":"https:\/\/lightweb.dev\/l\/svm-temp\/wp-content\/uploads\/2022\/04\/kad-livskvalit-p-ldre-dar.png","articleSection":["Arkiv","Artiklar"],"inLanguage":"sv-SE"},{"@type":"WebPage","@id":"https:\/\/lightweb.dev\/l\/svm-temp\/artiklar\/okad-livskvalite-pa-aldre-dar\/","url":"https:\/\/lightweb.dev\/l\/svm-temp\/artiklar\/okad-livskvalite-pa-aldre-dar\/","name":"\u00d6kad livskvalit\u00e9 p\u00e5 \u00e4ldre dar - Svenska Magasinet","isPartOf":{"@id":"https:\/\/lightweb.dev\/l\/svm-temp\/#website"},"primaryImageOfPage":{"@id":"https:\/\/lightweb.dev\/l\/svm-temp\/artiklar\/okad-livskvalite-pa-aldre-dar\/#primaryimage"},"image":{"@id":"https:\/\/lightweb.dev\/l\/svm-temp\/artiklar\/okad-livskvalite-pa-aldre-dar\/#primaryimage"},"thumbnailUrl":"https:\/\/lightweb.dev\/l\/svm-temp\/wp-content\/uploads\/2022\/04\/kad-livskvalit-p-ldre-dar.png","datePublished":"2015-06-08T22:00:00+00:00","breadcrumb":{"@id":"https:\/\/lightweb.dev\/l\/svm-temp\/artiklar\/okad-livskvalite-pa-aldre-dar\/#breadcrumb"},"inLanguage":"sv-SE","potentialAction":[{"@type":"ReadAction","target":["https:\/\/lightweb.dev\/l\/svm-temp\/artiklar\/okad-livskvalite-pa-aldre-dar\/"]}]},{"@type":"ImageObject","inLanguage":"sv-SE","@id":"https:\/\/lightweb.dev\/l\/svm-temp\/artiklar\/okad-livskvalite-pa-aldre-dar\/#primaryimage","url":"https:\/\/lightweb.dev\/l\/svm-temp\/wp-content\/uploads\/2022\/04\/kad-livskvalit-p-ldre-dar.png","contentUrl":"https:\/\/lightweb.dev\/l\/svm-temp\/wp-content\/uploads\/2022\/04\/kad-livskvalit-p-ldre-dar.png","width":280,"height":239},{"@type":"BreadcrumbList","@id":"https:\/\/lightweb.dev\/l\/svm-temp\/artiklar\/okad-livskvalite-pa-aldre-dar\/#breadcrumb","itemListElement":[{"@type":"ListItem","position":1,"name":"Hem","item":"https:\/\/lightweb.dev\/l\/svm-temp\/"},{"@type":"ListItem","position":2,"name":"\u00d6kad livskvalit\u00e9 p\u00e5 \u00e4ldre dar"}]},{"@type":"WebSite","@id":"https:\/\/lightweb.dev\/l\/svm-temp\/#website","url":"https:\/\/lightweb.dev\/l\/svm-temp\/","name":"Svenska Magasinet","description":"Dina Spanska nyheter p&aring; Svenska","publisher":{"@id":"https:\/\/lightweb.dev\/l\/svm-temp\/#organization"},"potentialAction":[{"@type":"SearchAction","target":{"@type":"EntryPoint","urlTemplate":"https:\/\/lightweb.dev\/l\/svm-temp\/?s={search_term_string}"},"query-input":{"@type":"PropertyValueSpecification","valueRequired":true,"valueName":"search_term_string"}}],"inLanguage":"sv-SE"},{"@type":"Organization","@id":"https:\/\/lightweb.dev\/l\/svm-temp\/#organization","name":"Melkerson y Nott SL","alternateName":"Svenska Magasinet","url":"https:\/\/lightweb.dev\/l\/svm-temp\/","logo":{"@type":"ImageObject","inLanguage":"sv-SE","@id":"https:\/\/lightweb.dev\/l\/svm-temp\/#\/schema\/logo\/image\/","url":"https:\/\/lightweb.dev\/l\/svm-temp\/wp-content\/uploads\/2025\/02\/SvM-logo-Xtra-Centrerad-SVART.png","contentUrl":"https:\/\/lightweb.dev\/l\/svm-temp\/wp-content\/uploads\/2025\/02\/SvM-logo-Xtra-Centrerad-SVART.png","width":300,"height":99,"caption":"Melkerson y Nott SL"},"image":{"@id":"https:\/\/lightweb.dev\/l\/svm-temp\/#\/schema\/logo\/image\/"},"sameAs":["https:\/\/www.facebook.com\/svenskamagasinet","https:\/\/x.com\/SvenskaMagasine"]},{"@type":"Person","@id":"https:\/\/lightweb.dev\/l\/svm-temp\/#\/schema\/person\/206a3bda5b607b0c25e1749191e4d837","name":"Redaktionen SvM","description":"Redaktionen","sameAs":["https:\/\/lightweb.dev\/l\/svm-temp"],"url":"https:\/\/lightweb.dev\/l\/svm-temp\/reporter\/redaktionen\/"}]}},"_links":{"self":[{"href":"https:\/\/lightweb.dev\/l\/svm-temp\/wp-json\/wp\/v2\/posts\/5059","targetHints":{"allow":["GET"]}}],"collection":[{"href":"https:\/\/lightweb.dev\/l\/svm-temp\/wp-json\/wp\/v2\/posts"}],"about":[{"href":"https:\/\/lightweb.dev\/l\/svm-temp\/wp-json\/wp\/v2\/types\/post"}],"author":[{"embeddable":true,"href":"https:\/\/lightweb.dev\/l\/svm-temp\/wp-json\/wp\/v2\/users\/8"}],"replies":[{"embeddable":true,"href":"https:\/\/lightweb.dev\/l\/svm-temp\/wp-json\/wp\/v2\/comments?post=5059"}],"version-history":[{"count":0,"href":"https:\/\/lightweb.dev\/l\/svm-temp\/wp-json\/wp\/v2\/posts\/5059\/revisions"}],"wp:featuredmedia":[{"embeddable":true,"href":"https:\/\/lightweb.dev\/l\/svm-temp\/wp-json\/wp\/v2\/media\/5060"}],"wp:attachment":[{"href":"https:\/\/lightweb.dev\/l\/svm-temp\/wp-json\/wp\/v2\/media?parent=5059"}],"wp:term":[{"taxonomy":"category","embeddable":true,"href":"https:\/\/lightweb.dev\/l\/svm-temp\/wp-json\/wp\/v2\/categories?post=5059"},{"taxonomy":"post_tag","embeddable":true,"href":"https:\/\/lightweb.dev\/l\/svm-temp\/wp-json\/wp\/v2\/tags?post=5059"}],"curies":[{"name":"wp","href":"https:\/\/api.w.org\/{rel}","templated":true}]}}