{"id":5065,"date":"2015-06-09T00:00:00","date_gmt":"2015-06-08T22:00:00","guid":{"rendered":"https:\/\/lightweb.dev\/l\/svm-temp\/nytt-pass-redan-pa-arlanda\/"},"modified":"2022-10-23T11:47:03","modified_gmt":"2022-10-23T09:47:03","slug":"nytt-pass-redan-pa-arlanda","status":"publish","type":"post","link":"https:\/\/lightweb.dev\/l\/svm-temp\/artiklar\/nytt-pass-redan-pa-arlanda\/","title":{"rendered":"Nytt pass redan p\u00e5 Arlanda"},"content":{"rendered":"<p>TV\u00c5 FLUGOR I EN SM\u00c4LL! Utan pass kommer man inte l\u00e5ngt den saken \u00e4r klar. Av Anders Rosell, chefredakt\u00f6r &amp; formgivare<\/p>\n<p>I b\u00f6rjan av augusti i \u00e5r \u00e4r tiden ute f\u00f6r mitt pass och av en h\u00e4ndelse stod en resa till Stockholm p\u00e5 agendan redan i maj. Varf\u00f6r inte sl\u00e5 tv\u00e5 flugor i en sm\u00e4ll och fixa nytt medan jag \u00e4nd\u00e5 var p\u00e5 plats i Svedala.<\/p>\n<p>Att beh\u00f6va ta sig till fram och tillbaka till Madrid verkade b\u00e5de dyrt och sl\u00f6seri med tid? Innan Sverige-resan togs en kontakt med Polisen om VAR i Stockholm ett nytt pass skulle kunna bli verklighet. Och svaret kom snabbt:<\/p>\n<p>\u201dDet kan du l\u00e4tt f\u00e5 ordnat medan du befinner dig p\u00e5 Arlanda. Ta bussen som stannar utanf\u00f6r n\u00e5gon av terminalerna, de heter antingen Alfa eller Beta. Bussen tar dig f\u00f6rbi Polis- och tullmyndigheten. Ta hissen upp till 4:e v\u00e5ningen och d\u00e4r hittar du passexpedtionen. Best\u00e4ll tid innan du kommer. Expeditionen \u00e4r \u00f6ppen till kl 22.00\u201d.<\/p>\n<p>Men du s\u00e5 smidigt, t\u00e4nkte jag! S\u00e5 f\u00e5r det bli \u2013 och precis s\u00e5 enkelt visade det sig vara. Kostnaden f\u00f6r att f\u00e5 passet f\u00f6rnyat kostade 350 kronor. Efter f\u00e4rdigst\u00e4llande skickades det till ambassaden i Madrid f\u00f6r vidare befordran till konsultatet i M\u00e1laga, d\u00e4r jag sedan h\u00e4mtade det! 16 Euro kostade det att l\u00f6sa ut det.<\/p>\n<p>Bra, eller hur!?<\/p>\n","protected":false},"excerpt":{"rendered":"<p>TV\u00c5 FLUGOR I EN SM\u00c4LL! Utan pass kommer man inte l\u00e5ngt den saken \u00e4r klar. Av Anders Rosell, chefredakt\u00f6r &amp; formgivare I b\u00f6rjan av augusti i \u00e5r \u00e4r tiden ute f\u00f6r mitt pass och av en h\u00e4ndelse stod en resa till Stockholm p\u00e5 agendan redan i maj. Varf\u00f6r inte sl\u00e5 tv\u00e5 flugor i en sm\u00e4ll [&hellip;]<\/p>\n","protected":false},"author":8,"featured_media":58572,"comment_status":"open","ping_status":"open","sticky":false,"template":"","format":"standard","meta":{"_et_pb_use_builder":"","_et_pb_old_content":"","_et_gb_content_width":"","footnotes":""},"categories":[4,397],"tags":[],"class_list":["post-5065","post","type-post","status-publish","format-standard","has-post-thumbnail","hentry","category-artiklar","category-ledare"],"yoast_head":"<!-- This site is optimized with the Yoast SEO Premium plugin v26.2 (Yoast SEO v27.4) - https:\/\/yoast.com\/product\/yoast-seo-premium-wordpress\/ -->\n<title>Nytt pass redan p\u00e5 Arlanda - Svenska Magasinet<\/title>\n<meta name=\"robots\" content=\"noindex, follow, max-snippet:-1, max-image-preview:large, max-video-preview:-1\" \/>\n<meta property=\"og:locale\" content=\"sv_SE\" \/>\n<meta property=\"og:type\" content=\"article\" \/>\n<meta property=\"og:title\" content=\"Nytt pass redan p\u00e5 Arlanda\" \/>\n<meta property=\"og:description\" content=\"TV\u00c5 FLUGOR I EN SM\u00c4LL! Utan pass kommer man inte l\u00e5ngt den saken \u00e4r klar. Av Anders Rosell, chefredakt\u00f6r &amp; formgivare I b\u00f6rjan av augusti i \u00e5r \u00e4r tiden ute f\u00f6r mitt pass och av en h\u00e4ndelse stod en resa till Stockholm p\u00e5 agendan redan i maj. Varf\u00f6r inte sl\u00e5 tv\u00e5 flugor i en sm\u00e4ll [&hellip;]\" \/>\n<meta property=\"og:url\" content=\"https:\/\/lightweb.dev\/l\/svm-temp\/artiklar\/nytt-pass-redan-pa-arlanda\/\" \/>\n<meta property=\"og:site_name\" content=\"Svenska Magasinet\" \/>\n<meta property=\"article:publisher\" content=\"https:\/\/www.facebook.com\/svenskamagasinet\" \/>\n<meta property=\"article:published_time\" content=\"2015-06-08T22:00:00+00:00\" \/>\n<meta property=\"article:modified_time\" content=\"2022-10-23T09:47:03+00:00\" \/>\n<meta property=\"og:image\" content=\"https:\/\/lightweb.dev\/l\/svm-temp\/wp-content\/uploads\/2021\/03\/coffee-gd09340dec_1920.jpg\" \/>\n\t<meta property=\"og:image:width\" content=\"1920\" \/>\n\t<meta property=\"og:image:height\" content=\"1280\" \/>\n\t<meta property=\"og:image:type\" content=\"image\/jpeg\" \/>\n<meta name=\"author\" content=\"Redaktionen SvM\" \/>\n<meta name=\"twitter:card\" content=\"summary_large_image\" \/>\n<meta name=\"twitter:creator\" content=\"@SvenskaMagasine\" \/>\n<meta name=\"twitter:site\" content=\"@SvenskaMagasine\" \/>\n<script type=\"application\/ld+json\" class=\"yoast-schema-graph\">{\"@context\":\"https:\\\/\\\/schema.org\",\"@graph\":[{\"@type\":\"Article\",\"@id\":\"https:\\\/\\\/lightweb.dev\\\/l\\\/svm-temp\\\/artiklar\\\/nytt-pass-redan-pa-arlanda\\\/#article\",\"isPartOf\":{\"@id\":\"https:\\\/\\\/lightweb.dev\\\/l\\\/svm-temp\\\/artiklar\\\/nytt-pass-redan-pa-arlanda\\\/\"},\"author\":{\"name\":\"Redaktionen SvM\",\"@id\":\"https:\\\/\\\/lightweb.dev\\\/l\\\/svm-temp\\\/#\\\/schema\\\/person\\\/206a3bda5b607b0c25e1749191e4d837\"},\"headline\":\"Nytt pass redan p\u00e5 Arlanda\",\"datePublished\":\"2015-06-08T22:00:00+00:00\",\"dateModified\":\"2022-10-23T09:47:03+00:00\",\"mainEntityOfPage\":{\"@id\":\"https:\\\/\\\/lightweb.dev\\\/l\\\/svm-temp\\\/artiklar\\\/nytt-pass-redan-pa-arlanda\\\/\"},\"wordCount\":249,\"commentCount\":0,\"publisher\":{\"@id\":\"https:\\\/\\\/lightweb.dev\\\/l\\\/svm-temp\\\/#organization\"},\"image\":{\"@id\":\"https:\\\/\\\/lightweb.dev\\\/l\\\/svm-temp\\\/artiklar\\\/nytt-pass-redan-pa-arlanda\\\/#primaryimage\"},\"thumbnailUrl\":\"https:\\\/\\\/lightweb.dev\\\/l\\\/svm-temp\\\/wp-content\\\/uploads\\\/2021\\\/03\\\/coffee-gd09340dec_1920.jpg\",\"articleSection\":[\"Artiklar\",\"Ledare\"],\"inLanguage\":\"sv-SE\"},{\"@type\":\"WebPage\",\"@id\":\"https:\\\/\\\/lightweb.dev\\\/l\\\/svm-temp\\\/artiklar\\\/nytt-pass-redan-pa-arlanda\\\/\",\"url\":\"https:\\\/\\\/lightweb.dev\\\/l\\\/svm-temp\\\/artiklar\\\/nytt-pass-redan-pa-arlanda\\\/\",\"name\":\"Nytt pass redan p\u00e5 Arlanda - Svenska Magasinet\",\"isPartOf\":{\"@id\":\"https:\\\/\\\/lightweb.dev\\\/l\\\/svm-temp\\\/#website\"},\"primaryImageOfPage\":{\"@id\":\"https:\\\/\\\/lightweb.dev\\\/l\\\/svm-temp\\\/artiklar\\\/nytt-pass-redan-pa-arlanda\\\/#primaryimage\"},\"image\":{\"@id\":\"https:\\\/\\\/lightweb.dev\\\/l\\\/svm-temp\\\/artiklar\\\/nytt-pass-redan-pa-arlanda\\\/#primaryimage\"},\"thumbnailUrl\":\"https:\\\/\\\/lightweb.dev\\\/l\\\/svm-temp\\\/wp-content\\\/uploads\\\/2021\\\/03\\\/coffee-gd09340dec_1920.jpg\",\"datePublished\":\"2015-06-08T22:00:00+00:00\",\"dateModified\":\"2022-10-23T09:47:03+00:00\",\"breadcrumb\":{\"@id\":\"https:\\\/\\\/lightweb.dev\\\/l\\\/svm-temp\\\/artiklar\\\/nytt-pass-redan-pa-arlanda\\\/#breadcrumb\"},\"inLanguage\":\"sv-SE\",\"potentialAction\":[{\"@type\":\"ReadAction\",\"target\":[\"https:\\\/\\\/lightweb.dev\\\/l\\\/svm-temp\\\/artiklar\\\/nytt-pass-redan-pa-arlanda\\\/\"]}]},{\"@type\":\"ImageObject\",\"inLanguage\":\"sv-SE\",\"@id\":\"https:\\\/\\\/lightweb.dev\\\/l\\\/svm-temp\\\/artiklar\\\/nytt-pass-redan-pa-arlanda\\\/#primaryimage\",\"url\":\"https:\\\/\\\/lightweb.dev\\\/l\\\/svm-temp\\\/wp-content\\\/uploads\\\/2021\\\/03\\\/coffee-gd09340dec_1920.jpg\",\"contentUrl\":\"https:\\\/\\\/lightweb.dev\\\/l\\\/svm-temp\\\/wp-content\\\/uploads\\\/2021\\\/03\\\/coffee-gd09340dec_1920.jpg\",\"width\":1920,\"height\":1280},{\"@type\":\"BreadcrumbList\",\"@id\":\"https:\\\/\\\/lightweb.dev\\\/l\\\/svm-temp\\\/artiklar\\\/nytt-pass-redan-pa-arlanda\\\/#breadcrumb\",\"itemListElement\":[{\"@type\":\"ListItem\",\"position\":1,\"name\":\"Hem\",\"item\":\"https:\\\/\\\/lightweb.dev\\\/l\\\/svm-temp\\\/\"},{\"@type\":\"ListItem\",\"position\":2,\"name\":\"Nytt pass redan p\u00e5 Arlanda\"}]},{\"@type\":\"WebSite\",\"@id\":\"https:\\\/\\\/lightweb.dev\\\/l\\\/svm-temp\\\/#website\",\"url\":\"https:\\\/\\\/lightweb.dev\\\/l\\\/svm-temp\\\/\",\"name\":\"Svenska Magasinet\",\"description\":\"Dina Spanska nyheter p&aring; Svenska\",\"publisher\":{\"@id\":\"https:\\\/\\\/lightweb.dev\\\/l\\\/svm-temp\\\/#organization\"},\"potentialAction\":[{\"@type\":\"SearchAction\",\"target\":{\"@type\":\"EntryPoint\",\"urlTemplate\":\"https:\\\/\\\/lightweb.dev\\\/l\\\/svm-temp\\\/?s={search_term_string}\"},\"query-input\":{\"@type\":\"PropertyValueSpecification\",\"valueRequired\":true,\"valueName\":\"search_term_string\"}}],\"inLanguage\":\"sv-SE\"},{\"@type\":\"Organization\",\"@id\":\"https:\\\/\\\/lightweb.dev\\\/l\\\/svm-temp\\\/#organization\",\"name\":\"Melkerson y Nott SL\",\"alternateName\":\"Svenska Magasinet\",\"url\":\"https:\\\/\\\/lightweb.dev\\\/l\\\/svm-temp\\\/\",\"logo\":{\"@type\":\"ImageObject\",\"inLanguage\":\"sv-SE\",\"@id\":\"https:\\\/\\\/lightweb.dev\\\/l\\\/svm-temp\\\/#\\\/schema\\\/logo\\\/image\\\/\",\"url\":\"https:\\\/\\\/lightweb.dev\\\/l\\\/svm-temp\\\/wp-content\\\/uploads\\\/2025\\\/02\\\/SvM-logo-Xtra-Centrerad-SVART.png\",\"contentUrl\":\"https:\\\/\\\/lightweb.dev\\\/l\\\/svm-temp\\\/wp-content\\\/uploads\\\/2025\\\/02\\\/SvM-logo-Xtra-Centrerad-SVART.png\",\"width\":300,\"height\":99,\"caption\":\"Melkerson y Nott SL\"},\"image\":{\"@id\":\"https:\\\/\\\/lightweb.dev\\\/l\\\/svm-temp\\\/#\\\/schema\\\/logo\\\/image\\\/\"},\"sameAs\":[\"https:\\\/\\\/www.facebook.com\\\/svenskamagasinet\",\"https:\\\/\\\/x.com\\\/SvenskaMagasine\"]},{\"@type\":\"Person\",\"@id\":\"https:\\\/\\\/lightweb.dev\\\/l\\\/svm-temp\\\/#\\\/schema\\\/person\\\/206a3bda5b607b0c25e1749191e4d837\",\"name\":\"Redaktionen SvM\",\"description\":\"Redaktionen\",\"sameAs\":[\"https:\\\/\\\/lightweb.dev\\\/l\\\/svm-temp\"],\"url\":\"https:\\\/\\\/lightweb.dev\\\/l\\\/svm-temp\\\/reporter\\\/redaktionen\\\/\"}]}<\/script>\n<!-- \/ Yoast SEO Premium plugin. -->","yoast_head_json":{"title":"Nytt pass redan p\u00e5 Arlanda - Svenska Magasinet","robots":{"index":"noindex","follow":"follow","max-snippet":"max-snippet:-1","max-image-preview":"max-image-preview:large","max-video-preview":"max-video-preview:-1"},"og_locale":"sv_SE","og_type":"article","og_title":"Nytt pass redan p\u00e5 Arlanda","og_description":"TV\u00c5 FLUGOR I EN SM\u00c4LL! Utan pass kommer man inte l\u00e5ngt den saken \u00e4r klar. Av Anders Rosell, chefredakt\u00f6r &amp; formgivare I b\u00f6rjan av augusti i \u00e5r \u00e4r tiden ute f\u00f6r mitt pass och av en h\u00e4ndelse stod en resa till Stockholm p\u00e5 agendan redan i maj. Varf\u00f6r inte sl\u00e5 tv\u00e5 flugor i en sm\u00e4ll [&hellip;]","og_url":"https:\/\/lightweb.dev\/l\/svm-temp\/artiklar\/nytt-pass-redan-pa-arlanda\/","og_site_name":"Svenska Magasinet","article_publisher":"https:\/\/www.facebook.com\/svenskamagasinet","article_published_time":"2015-06-08T22:00:00+00:00","article_modified_time":"2022-10-23T09:47:03+00:00","og_image":[{"width":1920,"height":1280,"url":"https:\/\/lightweb.dev\/l\/svm-temp\/wp-content\/uploads\/2021\/03\/coffee-gd09340dec_1920.jpg","type":"image\/jpeg"}],"author":"Redaktionen SvM","twitter_card":"summary_large_image","twitter_creator":"@SvenskaMagasine","twitter_site":"@SvenskaMagasine","schema":{"@context":"https:\/\/schema.org","@graph":[{"@type":"Article","@id":"https:\/\/lightweb.dev\/l\/svm-temp\/artiklar\/nytt-pass-redan-pa-arlanda\/#article","isPartOf":{"@id":"https:\/\/lightweb.dev\/l\/svm-temp\/artiklar\/nytt-pass-redan-pa-arlanda\/"},"author":{"name":"Redaktionen SvM","@id":"https:\/\/lightweb.dev\/l\/svm-temp\/#\/schema\/person\/206a3bda5b607b0c25e1749191e4d837"},"headline":"Nytt pass redan p\u00e5 Arlanda","datePublished":"2015-06-08T22:00:00+00:00","dateModified":"2022-10-23T09:47:03+00:00","mainEntityOfPage":{"@id":"https:\/\/lightweb.dev\/l\/svm-temp\/artiklar\/nytt-pass-redan-pa-arlanda\/"},"wordCount":249,"commentCount":0,"publisher":{"@id":"https:\/\/lightweb.dev\/l\/svm-temp\/#organization"},"image":{"@id":"https:\/\/lightweb.dev\/l\/svm-temp\/artiklar\/nytt-pass-redan-pa-arlanda\/#primaryimage"},"thumbnailUrl":"https:\/\/lightweb.dev\/l\/svm-temp\/wp-content\/uploads\/2021\/03\/coffee-gd09340dec_1920.jpg","articleSection":["Artiklar","Ledare"],"inLanguage":"sv-SE"},{"@type":"WebPage","@id":"https:\/\/lightweb.dev\/l\/svm-temp\/artiklar\/nytt-pass-redan-pa-arlanda\/","url":"https:\/\/lightweb.dev\/l\/svm-temp\/artiklar\/nytt-pass-redan-pa-arlanda\/","name":"Nytt pass redan p\u00e5 Arlanda - Svenska Magasinet","isPartOf":{"@id":"https:\/\/lightweb.dev\/l\/svm-temp\/#website"},"primaryImageOfPage":{"@id":"https:\/\/lightweb.dev\/l\/svm-temp\/artiklar\/nytt-pass-redan-pa-arlanda\/#primaryimage"},"image":{"@id":"https:\/\/lightweb.dev\/l\/svm-temp\/artiklar\/nytt-pass-redan-pa-arlanda\/#primaryimage"},"thumbnailUrl":"https:\/\/lightweb.dev\/l\/svm-temp\/wp-content\/uploads\/2021\/03\/coffee-gd09340dec_1920.jpg","datePublished":"2015-06-08T22:00:00+00:00","dateModified":"2022-10-23T09:47:03+00:00","breadcrumb":{"@id":"https:\/\/lightweb.dev\/l\/svm-temp\/artiklar\/nytt-pass-redan-pa-arlanda\/#breadcrumb"},"inLanguage":"sv-SE","potentialAction":[{"@type":"ReadAction","target":["https:\/\/lightweb.dev\/l\/svm-temp\/artiklar\/nytt-pass-redan-pa-arlanda\/"]}]},{"@type":"ImageObject","inLanguage":"sv-SE","@id":"https:\/\/lightweb.dev\/l\/svm-temp\/artiklar\/nytt-pass-redan-pa-arlanda\/#primaryimage","url":"https:\/\/lightweb.dev\/l\/svm-temp\/wp-content\/uploads\/2021\/03\/coffee-gd09340dec_1920.jpg","contentUrl":"https:\/\/lightweb.dev\/l\/svm-temp\/wp-content\/uploads\/2021\/03\/coffee-gd09340dec_1920.jpg","width":1920,"height":1280},{"@type":"BreadcrumbList","@id":"https:\/\/lightweb.dev\/l\/svm-temp\/artiklar\/nytt-pass-redan-pa-arlanda\/#breadcrumb","itemListElement":[{"@type":"ListItem","position":1,"name":"Hem","item":"https:\/\/lightweb.dev\/l\/svm-temp\/"},{"@type":"ListItem","position":2,"name":"Nytt pass redan p\u00e5 Arlanda"}]},{"@type":"WebSite","@id":"https:\/\/lightweb.dev\/l\/svm-temp\/#website","url":"https:\/\/lightweb.dev\/l\/svm-temp\/","name":"Svenska Magasinet","description":"Dina Spanska nyheter p&aring; Svenska","publisher":{"@id":"https:\/\/lightweb.dev\/l\/svm-temp\/#organization"},"potentialAction":[{"@type":"SearchAction","target":{"@type":"EntryPoint","urlTemplate":"https:\/\/lightweb.dev\/l\/svm-temp\/?s={search_term_string}"},"query-input":{"@type":"PropertyValueSpecification","valueRequired":true,"valueName":"search_term_string"}}],"inLanguage":"sv-SE"},{"@type":"Organization","@id":"https:\/\/lightweb.dev\/l\/svm-temp\/#organization","name":"Melkerson y Nott SL","alternateName":"Svenska Magasinet","url":"https:\/\/lightweb.dev\/l\/svm-temp\/","logo":{"@type":"ImageObject","inLanguage":"sv-SE","@id":"https:\/\/lightweb.dev\/l\/svm-temp\/#\/schema\/logo\/image\/","url":"https:\/\/lightweb.dev\/l\/svm-temp\/wp-content\/uploads\/2025\/02\/SvM-logo-Xtra-Centrerad-SVART.png","contentUrl":"https:\/\/lightweb.dev\/l\/svm-temp\/wp-content\/uploads\/2025\/02\/SvM-logo-Xtra-Centrerad-SVART.png","width":300,"height":99,"caption":"Melkerson y Nott SL"},"image":{"@id":"https:\/\/lightweb.dev\/l\/svm-temp\/#\/schema\/logo\/image\/"},"sameAs":["https:\/\/www.facebook.com\/svenskamagasinet","https:\/\/x.com\/SvenskaMagasine"]},{"@type":"Person","@id":"https:\/\/lightweb.dev\/l\/svm-temp\/#\/schema\/person\/206a3bda5b607b0c25e1749191e4d837","name":"Redaktionen SvM","description":"Redaktionen","sameAs":["https:\/\/lightweb.dev\/l\/svm-temp"],"url":"https:\/\/lightweb.dev\/l\/svm-temp\/reporter\/redaktionen\/"}]}},"_links":{"self":[{"href":"https:\/\/lightweb.dev\/l\/svm-temp\/wp-json\/wp\/v2\/posts\/5065","targetHints":{"allow":["GET"]}}],"collection":[{"href":"https:\/\/lightweb.dev\/l\/svm-temp\/wp-json\/wp\/v2\/posts"}],"about":[{"href":"https:\/\/lightweb.dev\/l\/svm-temp\/wp-json\/wp\/v2\/types\/post"}],"author":[{"embeddable":true,"href":"https:\/\/lightweb.dev\/l\/svm-temp\/wp-json\/wp\/v2\/users\/8"}],"replies":[{"embeddable":true,"href":"https:\/\/lightweb.dev\/l\/svm-temp\/wp-json\/wp\/v2\/comments?post=5065"}],"version-history":[{"count":0,"href":"https:\/\/lightweb.dev\/l\/svm-temp\/wp-json\/wp\/v2\/posts\/5065\/revisions"}],"wp:featuredmedia":[{"embeddable":true,"href":"https:\/\/lightweb.dev\/l\/svm-temp\/wp-json\/wp\/v2\/media\/58572"}],"wp:attachment":[{"href":"https:\/\/lightweb.dev\/l\/svm-temp\/wp-json\/wp\/v2\/media?parent=5065"}],"wp:term":[{"taxonomy":"category","embeddable":true,"href":"https:\/\/lightweb.dev\/l\/svm-temp\/wp-json\/wp\/v2\/categories?post=5065"},{"taxonomy":"post_tag","embeddable":true,"href":"https:\/\/lightweb.dev\/l\/svm-temp\/wp-json\/wp\/v2\/tags?post=5065"}],"curies":[{"name":"wp","href":"https:\/\/api.w.org\/{rel}","templated":true}]}}