{"id":5075,"date":"2015-06-09T00:00:00","date_gmt":"2015-06-08T22:00:00","guid":{"rendered":"https:\/\/lightweb.dev\/l\/svm-temp\/spanien-just-nu-kalifornien-eller-toscana\/"},"modified":"2015-06-09T00:00:00","modified_gmt":"2015-06-08T22:00:00","slug":"spanien-just-nu-kalifornien-eller-toscana","status":"publish","type":"post","link":"https:\/\/lightweb.dev\/l\/svm-temp\/artiklar\/spanien-just-nu-kalifornien-eller-toscana\/","title":{"rendered":"Spanien just nu \u2013 Kalifornien eller Toscana?"},"content":{"rendered":"<p> H\u00f6gs\u00e4songen f\u00f6r turistindustrin st\u00e5r f\u00f6r d\u00f6rren. Det \u00e4r inte om\u00f6jligt att Spanien kommer att s\u00e4tta nytt turistrekord d\u00e5 Spanien \u00e4r hetare \u00e4n n\u00e5gonsin. Redan under \u00e5rets fyra f\u00f6rsta m\u00e5nader hade 16 miljoner turister bes\u00f6kt landet, en uppg\u00e5ng med 4,4 procent. F\u00f6r att locka fler till Europas b\u00e4sta klimat pr\u00f6vas nya id\u00e9er. Av Ola Josefsson<\/p>\n<p>Vi har h\u00f6rt och sett det f\u00f6rut. N\u00e4r inte Spanien kan vara sig sj\u00e4lvt. I marknadsf\u00f6ringen kallas Costa del Sol f\u00f6r Europas Kalifornien. Visst kan vi hitta likheter med den st\u00e4ndiga solen och bergskedjan Sierra Nevada.<\/p>\n<p>Men det \u00e4r trist n\u00e4r det spanska varum\u00e4rket inte r\u00e4cker till och i st\u00e4llet ska vara n\u00e5got annat. Jag vet inte om det beror p\u00e5 den regionala uppdelningen som har skapat ett splittrat land. En inv\u00e5nare i landets s\u00f6dra region talar mer om Andalusien \u00e4n om Spanien. Hur st\u00e5r det till med den spanska sj\u00e4lvk\u00e4nslan? Varf\u00f6r inte s\u00e4ga som det \u00e4r? Vi befinner oss p\u00e5 Costa del Sol i Spanien, inte i Europas Kalifornien.<\/p>\n<p>Vem var f\u00f6rst med att mynta uttrycket Costa del Sol? H\u00e4rom tvistar de l\u00e4rda. Jag har h\u00f6rt att kusten tidigare gick under namnet Costa del Viento, Vindkusten, p\u00e5 grund av bl\u00e5sten. Det \u00e4ndrades till Costa del Sol, Solkusten, n\u00e4r r\u00e4tt marknadsf\u00f6ring skulle s\u00e4tta platsen p\u00e5 kartan. Om namn\u00e4ndringen st\u00e4mmer vet jag inte. Jag har inte f\u00e5tt historien bekr\u00e4ftad.<\/p>\n<p>Den f\u00f6rste som anv\u00e4nde uttrycket Costa del Sol ska vara en hotell\u00e4gare i Almer\u00eda vid namn Rodolfo Lussnigg. Hans \u00f6nskan var att marknadsf\u00f6ra kusten vid Spaniens syd\u00f6stra h\u00f6rn som Solkusten. Han myntade uttrycket den 16 februari 1928 i dagstidningen La Cr\u00f3nica Meridional inf\u00f6r v\u00e4rldsutst\u00e4llningen i Barcelona 1929.<\/p>\n<p>Fr\u00e5n \u00e5ret 1947 b\u00f6rjade termen Costa del Sol att anv\u00e4ndas i M\u00e1lagaprovinsens st\u00f6rsta dagstidning Diario SUR. Under 1960-talet anv\u00e4ndes uttrycket f\u00f6r att beskriva Medelhavskusten i s\u00f6dra Spanien. Numera heter kuststr\u00e4ckan i provinsen Granada, Costa Tropical, och \u00f6sterut, Costa de Almer\u00eda.<\/p>\n<p>P\u00e5 1980-talet sa Jaime Ortiz Pati\u00f1o att \u201dCosta del Sol det \u00e4r Europas Kalifornien\u201d. N\u00e5got motsvarande som att Kalifornien skulle vara USA:s Costa del Sol har vi inte h\u00f6rt fr\u00e5n j\u00e4nkarna. Pati\u00f1o kom fr\u00e5n Bolivia och hade gjort sig rik p\u00e5 gruvfyndigheter. Han semestrade i Sotogrande under 1960-talet. 1985 k\u00f6pte han tillsammans med sju andra v\u00e4nner Las Aves, tidigare Nuevo Sotogrande som sedan fick namnet Valderrama.<br \/>\nEnorma pengar investerades i banan som blev spelplats f\u00f6r Volvo Masters fr\u00e5n 1988 och 1997 fick Ryder Cup. Det var f\u00f6rsta g\u00e5ngen den anrika t\u00e4vlingen spelades utanf\u00f6r de brittiska \u00f6arna d\u00e5 Europa stod som v\u00e4rd. Givetvis hade Seve Ballesteros ett finger med i spelet att Spanien och \u201dCosta del Golf\u201d, se d\u00e4r, \u00e4nnu ett uttryck, fick t\u00e4vlingen.<\/p>\n<p>Diario SUR:s direkt\u00f6r Manuel Castillo ber\u00e4ttar i en ledare om f\u00f6r\u00e4ndringarna i provinsen M\u00e1laga. Om hur M\u00e1lagas tidigare borgm\u00e4stare, Celia Villalobos, en g\u00e5ng p\u00e5talade f\u00f6r arkitekten \u00c1ngel Asenjo att vart hon reste i v\u00e4rlden s\u00e5g hon stora byggnader och m\u00e4sshallar. Jag vill ha en s\u00e5dan byggnad, sa Villalobos, och s\u00e5 fick Asenjo utforma den m\u00e4sshall som vi har idag, k\u00e4nd f\u00f6r sin modernitet och arkitektur.<br \/>\nManuel Castillo skriver att det \u00e4r logiskt att stadsplanerare, arkitekter, konstn\u00e4rer, investerare och andra f\u00f6rs\u00f6ker finna likheter vid resor som m\u00f6jligg\u00f6r en grafisk presentation.<\/p>\n<p>Vinsektorn i Ronda uppges ha haft Bordeaux som modell och inspiration. Att Marbella i b\u00f6rjan hade en l\u00e5gbyggd arkitektur berodde i b\u00f6rjan p\u00e5 Alfonso de Hohenlohe som grundade Marbella Club. H\u00e4r var det bungalows som g\u00e4llde n\u00e4r anl\u00e4ggningen b\u00f6rjade byggas.<\/p>\n<p>I v\u00e5ras kom n\u00e4sta namnf\u00f6rslag d\u00e5 presidenten vid provinsstyrelsen, El\u00edas Bendodo, sa att det strategiska f\u00f6r Axarqu\u00eda-omr\u00e5det \u00f6ster om M\u00e1laga skulle vara att likna Nice i s\u00f6dra Frankrike eller Toscana i Italien. Allt f\u00f6r att s\u00e4tta v\u00e4rde p\u00e5 den fulla potential som Axarqu\u00eda har.<br \/>\nEnligt Bendodo st\u00e5r Axarqu\u00eda-omr\u00e5det inf\u00f6r enorma m\u00f6jligheter. Arkitekten Salvador Moreno Peralta hakade p\u00e5 och presenterade projektet d\u00e4r fyra grundprinciper som naturlig landskapsmilj\u00f6, jordbruksutveckling, turism-kultur samt utbildning samverkar.<\/p>\n<p>Det lantliga Axarqu\u00eda b\u00f6r satsa p\u00e5 lyx och kvalitet var beskedet. Ett starkt engagemang f\u00f6r kvalitet inom turismens stora omr\u00e5den som gastronomi, bost\u00e4der, service och kultur f\u00f6r att kunna konkurrera med andra resm\u00e5l. Samtidigt som man vill undvika risken f\u00f6r \u00f6verbel\u00e4ggning och exploatering vill man inte heller g\u00f6ra sig k\u00e4nslig f\u00f6r l\u00e5gkonjunktur.<\/p>\n<p>Ibland \u00e4r mindre b\u00e4ttre \u00e4n mycket. Speciellt om du kan erbjuda en exceptionell kvalitet. Och det t\u00e4nker Axarqu\u00eda g\u00f6ra i framtiden enligt f\u00f6respr\u00e5karna som vill bygga ett stort aff\u00e4rscentrum vid La Vi\u00f1uela-sj\u00f6n, fritidshamnar och golfbanor.<\/p>\n<p>Men att det ska vara Spaniens Provence, det gamla grevskapet mellan Nice och Toscana, l\u00e4mnar vi d\u00e4rh\u00e4n. Axarqu\u00eda kommer helt s\u00e4kert att kunna skapa sin egen profil. Samtidigt finns det en risk att j\u00e4ttesatsningar kan utmynna i okunnighet, girighet och korruption. Det har vi sett tillr\u00e4ckligt av p\u00e5 Costa del Sol.<\/p>\n<p>Kanske \u00e4r det som arkitekten Salvador Moreno Peralta s\u00e4ger: \u201dAxarqu\u00edas styrka ligger i det som inte finns\u201d. Det lantliga Axarqu\u00eda \u00e4r helt enkelt en of\u00f6rst\u00f6rd idyll.<\/p>\n","protected":false},"excerpt":{"rendered":"<p>H\u00f6gs\u00e4songen f\u00f6r turistindustrin st\u00e5r f\u00f6r d\u00f6rren. Det \u00e4r inte om\u00f6jligt att Spanien kommer att s\u00e4tta nytt turistrekord d\u00e5 Spanien \u00e4r hetare \u00e4n n\u00e5gonsin. Redan under \u00e5rets fyra f\u00f6rsta m\u00e5nader hade 16 miljoner turister bes\u00f6kt landet, en uppg\u00e5ng med 4,4 procent. F\u00f6r att locka fler till Europas b\u00e4sta klimat pr\u00f6vas nya id\u00e9er. Av Ola Josefsson Vi [&hellip;]<\/p>\n","protected":false},"author":8,"featured_media":5076,"comment_status":"open","ping_status":"open","sticky":false,"template":"","format":"standard","meta":{"_et_pb_use_builder":"","_et_pb_old_content":"","_et_gb_content_width":"","footnotes":""},"categories":[4,36],"tags":[],"class_list":["post-5075","post","type-post","status-publish","format-standard","has-post-thumbnail","hentry","category-artiklar","category-spanien-just-nu"],"yoast_head":"<!-- This site is optimized with the Yoast SEO Premium plugin v26.2 (Yoast SEO v28.2) - https:\/\/yoast.com\/product\/yoast-seo-premium-wordpress\/ -->\n<title>Spanien just nu \u2013 Kalifornien eller Toscana? - Svenska Magasinet<\/title>\n<meta name=\"robots\" content=\"noindex, follow, max-snippet:-1, max-image-preview:large, max-video-preview:-1\" \/>\n<meta property=\"og:locale\" content=\"sv_SE\" \/>\n<meta property=\"og:type\" content=\"article\" \/>\n<meta property=\"og:title\" content=\"Spanien just nu \u2013 Kalifornien eller Toscana?\" \/>\n<meta property=\"og:description\" content=\"H\u00f6gs\u00e4songen f\u00f6r turistindustrin st\u00e5r f\u00f6r d\u00f6rren. Det \u00e4r inte om\u00f6jligt att Spanien kommer att s\u00e4tta nytt turistrekord d\u00e5 Spanien \u00e4r hetare \u00e4n n\u00e5gonsin. Redan under \u00e5rets fyra f\u00f6rsta m\u00e5nader hade 16 miljoner turister bes\u00f6kt landet, en uppg\u00e5ng med 4,4 procent. F\u00f6r att locka fler till Europas b\u00e4sta klimat pr\u00f6vas nya id\u00e9er. Av Ola Josefsson Vi [&hellip;]\" \/>\n<meta property=\"og:url\" content=\"https:\/\/lightweb.dev\/l\/svm-temp\/artiklar\/spanien-just-nu-kalifornien-eller-toscana\/\" \/>\n<meta property=\"og:site_name\" content=\"Svenska Magasinet\" \/>\n<meta property=\"article:publisher\" content=\"https:\/\/www.facebook.com\/svenskamagasinet\" \/>\n<meta property=\"article:published_time\" content=\"2015-06-08T22:00:00+00:00\" \/>\n<meta property=\"og:image\" content=\"https:\/\/lightweb.dev\/l\/svm-temp\/wp-content\/uploads\/2022\/04\/spanien-just-nu-kalifornien-eller-toscana.png\" \/>\n\t<meta property=\"og:image:width\" content=\"280\" \/>\n\t<meta property=\"og:image:height\" content=\"419\" \/>\n\t<meta property=\"og:image:type\" content=\"image\/png\" \/>\n<meta name=\"author\" content=\"Redaktionen SvM\" \/>\n<meta name=\"twitter:card\" content=\"summary_large_image\" \/>\n<meta name=\"twitter:creator\" content=\"@SvenskaMagasine\" \/>\n<meta name=\"twitter:site\" content=\"@SvenskaMagasine\" \/>\n<script type=\"application\/ld+json\" class=\"yoast-schema-graph\">{\"@context\":\"https:\\\/\\\/schema.org\",\"@graph\":[{\"@type\":\"Article\",\"@id\":\"https:\\\/\\\/lightweb.dev\\\/l\\\/svm-temp\\\/artiklar\\\/spanien-just-nu-kalifornien-eller-toscana\\\/#article\",\"isPartOf\":{\"@id\":\"https:\\\/\\\/lightweb.dev\\\/l\\\/svm-temp\\\/artiklar\\\/spanien-just-nu-kalifornien-eller-toscana\\\/\"},\"author\":{\"name\":\"Redaktionen SvM\",\"@id\":\"https:\\\/\\\/lightweb.dev\\\/l\\\/svm-temp\\\/#\\\/schema\\\/person\\\/206a3bda5b607b0c25e1749191e4d837\"},\"headline\":\"Spanien just nu \u2013 Kalifornien eller Toscana?\",\"datePublished\":\"2015-06-08T22:00:00+00:00\",\"mainEntityOfPage\":{\"@id\":\"https:\\\/\\\/lightweb.dev\\\/l\\\/svm-temp\\\/artiklar\\\/spanien-just-nu-kalifornien-eller-toscana\\\/\"},\"wordCount\":966,\"commentCount\":0,\"publisher\":{\"@id\":\"https:\\\/\\\/lightweb.dev\\\/l\\\/svm-temp\\\/#organization\"},\"image\":{\"@id\":\"https:\\\/\\\/lightweb.dev\\\/l\\\/svm-temp\\\/artiklar\\\/spanien-just-nu-kalifornien-eller-toscana\\\/#primaryimage\"},\"thumbnailUrl\":\"https:\\\/\\\/lightweb.dev\\\/l\\\/svm-temp\\\/wp-content\\\/uploads\\\/2022\\\/04\\\/spanien-just-nu-kalifornien-eller-toscana.png\",\"articleSection\":[\"Artiklar\",\"Spanien just nu\"],\"inLanguage\":\"sv-SE\"},{\"@type\":\"WebPage\",\"@id\":\"https:\\\/\\\/lightweb.dev\\\/l\\\/svm-temp\\\/artiklar\\\/spanien-just-nu-kalifornien-eller-toscana\\\/\",\"url\":\"https:\\\/\\\/lightweb.dev\\\/l\\\/svm-temp\\\/artiklar\\\/spanien-just-nu-kalifornien-eller-toscana\\\/\",\"name\":\"Spanien just nu \u2013 Kalifornien eller Toscana? - Svenska Magasinet\",\"isPartOf\":{\"@id\":\"https:\\\/\\\/lightweb.dev\\\/l\\\/svm-temp\\\/#website\"},\"primaryImageOfPage\":{\"@id\":\"https:\\\/\\\/lightweb.dev\\\/l\\\/svm-temp\\\/artiklar\\\/spanien-just-nu-kalifornien-eller-toscana\\\/#primaryimage\"},\"image\":{\"@id\":\"https:\\\/\\\/lightweb.dev\\\/l\\\/svm-temp\\\/artiklar\\\/spanien-just-nu-kalifornien-eller-toscana\\\/#primaryimage\"},\"thumbnailUrl\":\"https:\\\/\\\/lightweb.dev\\\/l\\\/svm-temp\\\/wp-content\\\/uploads\\\/2022\\\/04\\\/spanien-just-nu-kalifornien-eller-toscana.png\",\"datePublished\":\"2015-06-08T22:00:00+00:00\",\"breadcrumb\":{\"@id\":\"https:\\\/\\\/lightweb.dev\\\/l\\\/svm-temp\\\/artiklar\\\/spanien-just-nu-kalifornien-eller-toscana\\\/#breadcrumb\"},\"inLanguage\":\"sv-SE\",\"potentialAction\":[{\"@type\":\"ReadAction\",\"target\":[\"https:\\\/\\\/lightweb.dev\\\/l\\\/svm-temp\\\/artiklar\\\/spanien-just-nu-kalifornien-eller-toscana\\\/\"]}]},{\"@type\":\"ImageObject\",\"inLanguage\":\"sv-SE\",\"@id\":\"https:\\\/\\\/lightweb.dev\\\/l\\\/svm-temp\\\/artiklar\\\/spanien-just-nu-kalifornien-eller-toscana\\\/#primaryimage\",\"url\":\"https:\\\/\\\/lightweb.dev\\\/l\\\/svm-temp\\\/wp-content\\\/uploads\\\/2022\\\/04\\\/spanien-just-nu-kalifornien-eller-toscana.png\",\"contentUrl\":\"https:\\\/\\\/lightweb.dev\\\/l\\\/svm-temp\\\/wp-content\\\/uploads\\\/2022\\\/04\\\/spanien-just-nu-kalifornien-eller-toscana.png\",\"width\":280,\"height\":419},{\"@type\":\"BreadcrumbList\",\"@id\":\"https:\\\/\\\/lightweb.dev\\\/l\\\/svm-temp\\\/artiklar\\\/spanien-just-nu-kalifornien-eller-toscana\\\/#breadcrumb\",\"itemListElement\":[{\"@type\":\"ListItem\",\"position\":1,\"name\":\"Hem\",\"item\":\"https:\\\/\\\/lightweb.dev\\\/l\\\/svm-temp\\\/\"},{\"@type\":\"ListItem\",\"position\":2,\"name\":\"Spanien just nu \u2013 Kalifornien eller Toscana?\"}]},{\"@type\":\"WebSite\",\"@id\":\"https:\\\/\\\/lightweb.dev\\\/l\\\/svm-temp\\\/#website\",\"url\":\"https:\\\/\\\/lightweb.dev\\\/l\\\/svm-temp\\\/\",\"name\":\"Svenska Magasinet\",\"description\":\"Dina Spanska nyheter p&aring; Svenska\",\"publisher\":{\"@id\":\"https:\\\/\\\/lightweb.dev\\\/l\\\/svm-temp\\\/#organization\"},\"potentialAction\":[{\"@type\":\"SearchAction\",\"target\":{\"@type\":\"EntryPoint\",\"urlTemplate\":\"https:\\\/\\\/lightweb.dev\\\/l\\\/svm-temp\\\/?s={search_term_string}\"},\"query-input\":{\"@type\":\"PropertyValueSpecification\",\"valueRequired\":true,\"valueName\":\"search_term_string\"}}],\"inLanguage\":\"sv-SE\"},{\"@type\":\"Organization\",\"@id\":\"https:\\\/\\\/lightweb.dev\\\/l\\\/svm-temp\\\/#organization\",\"name\":\"Melkerson y Nott SL\",\"alternateName\":\"Svenska Magasinet\",\"url\":\"https:\\\/\\\/lightweb.dev\\\/l\\\/svm-temp\\\/\",\"logo\":{\"@type\":\"ImageObject\",\"inLanguage\":\"sv-SE\",\"@id\":\"https:\\\/\\\/lightweb.dev\\\/l\\\/svm-temp\\\/#\\\/schema\\\/logo\\\/image\\\/\",\"url\":\"https:\\\/\\\/lightweb.dev\\\/l\\\/svm-temp\\\/wp-content\\\/uploads\\\/2025\\\/02\\\/SvM-logo-Xtra-Centrerad-SVART.png\",\"contentUrl\":\"https:\\\/\\\/lightweb.dev\\\/l\\\/svm-temp\\\/wp-content\\\/uploads\\\/2025\\\/02\\\/SvM-logo-Xtra-Centrerad-SVART.png\",\"width\":300,\"height\":99,\"caption\":\"Melkerson y Nott SL\"},\"image\":{\"@id\":\"https:\\\/\\\/lightweb.dev\\\/l\\\/svm-temp\\\/#\\\/schema\\\/logo\\\/image\\\/\"},\"sameAs\":[\"https:\\\/\\\/www.facebook.com\\\/svenskamagasinet\",\"https:\\\/\\\/x.com\\\/SvenskaMagasine\"]},{\"@type\":\"Person\",\"@id\":\"https:\\\/\\\/lightweb.dev\\\/l\\\/svm-temp\\\/#\\\/schema\\\/person\\\/206a3bda5b607b0c25e1749191e4d837\",\"name\":\"Redaktionen SvM\",\"description\":\"Redaktionen\",\"sameAs\":[\"https:\\\/\\\/lightweb.dev\\\/l\\\/svm-temp\"],\"url\":\"https:\\\/\\\/lightweb.dev\\\/l\\\/svm-temp\\\/reporter\\\/redaktionen\\\/\"}]}<\/script>\n<!-- \/ Yoast SEO Premium plugin. -->","yoast_head_json":{"title":"Spanien just nu \u2013 Kalifornien eller Toscana? - Svenska Magasinet","robots":{"index":"noindex","follow":"follow","max-snippet":"max-snippet:-1","max-image-preview":"max-image-preview:large","max-video-preview":"max-video-preview:-1"},"og_locale":"sv_SE","og_type":"article","og_title":"Spanien just nu \u2013 Kalifornien eller Toscana?","og_description":"H\u00f6gs\u00e4songen f\u00f6r turistindustrin st\u00e5r f\u00f6r d\u00f6rren. Det \u00e4r inte om\u00f6jligt att Spanien kommer att s\u00e4tta nytt turistrekord d\u00e5 Spanien \u00e4r hetare \u00e4n n\u00e5gonsin. Redan under \u00e5rets fyra f\u00f6rsta m\u00e5nader hade 16 miljoner turister bes\u00f6kt landet, en uppg\u00e5ng med 4,4 procent. F\u00f6r att locka fler till Europas b\u00e4sta klimat pr\u00f6vas nya id\u00e9er. Av Ola Josefsson Vi [&hellip;]","og_url":"https:\/\/lightweb.dev\/l\/svm-temp\/artiklar\/spanien-just-nu-kalifornien-eller-toscana\/","og_site_name":"Svenska Magasinet","article_publisher":"https:\/\/www.facebook.com\/svenskamagasinet","article_published_time":"2015-06-08T22:00:00+00:00","og_image":[{"width":280,"height":419,"url":"https:\/\/lightweb.dev\/l\/svm-temp\/wp-content\/uploads\/2022\/04\/spanien-just-nu-kalifornien-eller-toscana.png","type":"image\/png"}],"author":"Redaktionen SvM","twitter_card":"summary_large_image","twitter_creator":"@SvenskaMagasine","twitter_site":"@SvenskaMagasine","schema":{"@context":"https:\/\/schema.org","@graph":[{"@type":"Article","@id":"https:\/\/lightweb.dev\/l\/svm-temp\/artiklar\/spanien-just-nu-kalifornien-eller-toscana\/#article","isPartOf":{"@id":"https:\/\/lightweb.dev\/l\/svm-temp\/artiklar\/spanien-just-nu-kalifornien-eller-toscana\/"},"author":{"name":"Redaktionen SvM","@id":"https:\/\/lightweb.dev\/l\/svm-temp\/#\/schema\/person\/206a3bda5b607b0c25e1749191e4d837"},"headline":"Spanien just nu \u2013 Kalifornien eller Toscana?","datePublished":"2015-06-08T22:00:00+00:00","mainEntityOfPage":{"@id":"https:\/\/lightweb.dev\/l\/svm-temp\/artiklar\/spanien-just-nu-kalifornien-eller-toscana\/"},"wordCount":966,"commentCount":0,"publisher":{"@id":"https:\/\/lightweb.dev\/l\/svm-temp\/#organization"},"image":{"@id":"https:\/\/lightweb.dev\/l\/svm-temp\/artiklar\/spanien-just-nu-kalifornien-eller-toscana\/#primaryimage"},"thumbnailUrl":"https:\/\/lightweb.dev\/l\/svm-temp\/wp-content\/uploads\/2022\/04\/spanien-just-nu-kalifornien-eller-toscana.png","articleSection":["Artiklar","Spanien just nu"],"inLanguage":"sv-SE"},{"@type":"WebPage","@id":"https:\/\/lightweb.dev\/l\/svm-temp\/artiklar\/spanien-just-nu-kalifornien-eller-toscana\/","url":"https:\/\/lightweb.dev\/l\/svm-temp\/artiklar\/spanien-just-nu-kalifornien-eller-toscana\/","name":"Spanien just nu \u2013 Kalifornien eller Toscana? - Svenska Magasinet","isPartOf":{"@id":"https:\/\/lightweb.dev\/l\/svm-temp\/#website"},"primaryImageOfPage":{"@id":"https:\/\/lightweb.dev\/l\/svm-temp\/artiklar\/spanien-just-nu-kalifornien-eller-toscana\/#primaryimage"},"image":{"@id":"https:\/\/lightweb.dev\/l\/svm-temp\/artiklar\/spanien-just-nu-kalifornien-eller-toscana\/#primaryimage"},"thumbnailUrl":"https:\/\/lightweb.dev\/l\/svm-temp\/wp-content\/uploads\/2022\/04\/spanien-just-nu-kalifornien-eller-toscana.png","datePublished":"2015-06-08T22:00:00+00:00","breadcrumb":{"@id":"https:\/\/lightweb.dev\/l\/svm-temp\/artiklar\/spanien-just-nu-kalifornien-eller-toscana\/#breadcrumb"},"inLanguage":"sv-SE","potentialAction":[{"@type":"ReadAction","target":["https:\/\/lightweb.dev\/l\/svm-temp\/artiklar\/spanien-just-nu-kalifornien-eller-toscana\/"]}]},{"@type":"ImageObject","inLanguage":"sv-SE","@id":"https:\/\/lightweb.dev\/l\/svm-temp\/artiklar\/spanien-just-nu-kalifornien-eller-toscana\/#primaryimage","url":"https:\/\/lightweb.dev\/l\/svm-temp\/wp-content\/uploads\/2022\/04\/spanien-just-nu-kalifornien-eller-toscana.png","contentUrl":"https:\/\/lightweb.dev\/l\/svm-temp\/wp-content\/uploads\/2022\/04\/spanien-just-nu-kalifornien-eller-toscana.png","width":280,"height":419},{"@type":"BreadcrumbList","@id":"https:\/\/lightweb.dev\/l\/svm-temp\/artiklar\/spanien-just-nu-kalifornien-eller-toscana\/#breadcrumb","itemListElement":[{"@type":"ListItem","position":1,"name":"Hem","item":"https:\/\/lightweb.dev\/l\/svm-temp\/"},{"@type":"ListItem","position":2,"name":"Spanien just nu \u2013 Kalifornien eller Toscana?"}]},{"@type":"WebSite","@id":"https:\/\/lightweb.dev\/l\/svm-temp\/#website","url":"https:\/\/lightweb.dev\/l\/svm-temp\/","name":"Svenska Magasinet","description":"Dina Spanska nyheter p&aring; Svenska","publisher":{"@id":"https:\/\/lightweb.dev\/l\/svm-temp\/#organization"},"potentialAction":[{"@type":"SearchAction","target":{"@type":"EntryPoint","urlTemplate":"https:\/\/lightweb.dev\/l\/svm-temp\/?s={search_term_string}"},"query-input":{"@type":"PropertyValueSpecification","valueRequired":true,"valueName":"search_term_string"}}],"inLanguage":"sv-SE"},{"@type":"Organization","@id":"https:\/\/lightweb.dev\/l\/svm-temp\/#organization","name":"Melkerson y Nott SL","alternateName":"Svenska Magasinet","url":"https:\/\/lightweb.dev\/l\/svm-temp\/","logo":{"@type":"ImageObject","inLanguage":"sv-SE","@id":"https:\/\/lightweb.dev\/l\/svm-temp\/#\/schema\/logo\/image\/","url":"https:\/\/lightweb.dev\/l\/svm-temp\/wp-content\/uploads\/2025\/02\/SvM-logo-Xtra-Centrerad-SVART.png","contentUrl":"https:\/\/lightweb.dev\/l\/svm-temp\/wp-content\/uploads\/2025\/02\/SvM-logo-Xtra-Centrerad-SVART.png","width":300,"height":99,"caption":"Melkerson y Nott SL"},"image":{"@id":"https:\/\/lightweb.dev\/l\/svm-temp\/#\/schema\/logo\/image\/"},"sameAs":["https:\/\/www.facebook.com\/svenskamagasinet","https:\/\/x.com\/SvenskaMagasine"]},{"@type":"Person","@id":"https:\/\/lightweb.dev\/l\/svm-temp\/#\/schema\/person\/206a3bda5b607b0c25e1749191e4d837","name":"Redaktionen SvM","description":"Redaktionen","sameAs":["https:\/\/lightweb.dev\/l\/svm-temp"],"url":"https:\/\/lightweb.dev\/l\/svm-temp\/reporter\/redaktionen\/"}]}},"_links":{"self":[{"href":"https:\/\/lightweb.dev\/l\/svm-temp\/wp-json\/wp\/v2\/posts\/5075","targetHints":{"allow":["GET"]}}],"collection":[{"href":"https:\/\/lightweb.dev\/l\/svm-temp\/wp-json\/wp\/v2\/posts"}],"about":[{"href":"https:\/\/lightweb.dev\/l\/svm-temp\/wp-json\/wp\/v2\/types\/post"}],"author":[{"embeddable":true,"href":"https:\/\/lightweb.dev\/l\/svm-temp\/wp-json\/wp\/v2\/users\/8"}],"replies":[{"embeddable":true,"href":"https:\/\/lightweb.dev\/l\/svm-temp\/wp-json\/wp\/v2\/comments?post=5075"}],"version-history":[{"count":0,"href":"https:\/\/lightweb.dev\/l\/svm-temp\/wp-json\/wp\/v2\/posts\/5075\/revisions"}],"wp:featuredmedia":[{"embeddable":true,"href":"https:\/\/lightweb.dev\/l\/svm-temp\/wp-json\/wp\/v2\/media\/5076"}],"wp:attachment":[{"href":"https:\/\/lightweb.dev\/l\/svm-temp\/wp-json\/wp\/v2\/media?parent=5075"}],"wp:term":[{"taxonomy":"category","embeddable":true,"href":"https:\/\/lightweb.dev\/l\/svm-temp\/wp-json\/wp\/v2\/categories?post=5075"},{"taxonomy":"post_tag","embeddable":true,"href":"https:\/\/lightweb.dev\/l\/svm-temp\/wp-json\/wp\/v2\/tags?post=5075"}],"curies":[{"name":"wp","href":"https:\/\/api.w.org\/{rel}","templated":true}]}}