{"id":5077,"date":"2015-05-18T00:00:00","date_gmt":"2015-05-17T22:00:00","guid":{"rendered":"https:\/\/lightweb.dev\/l\/svm-temp\/fraga-maklaren-vad-ar-skillnaderna-mellan-ett-fastighetskop-i-spanien-jamfort-med-i-sverige\/"},"modified":"2015-05-18T00:00:00","modified_gmt":"2015-05-17T22:00:00","slug":"fraga-maklaren-vad-ar-skillnaderna-mellan-ett-fastighetskop-i-spanien-jamfort-med-i-sverige","status":"publish","type":"post","link":"https:\/\/lightweb.dev\/l\/svm-temp\/artiklar\/fraga-maklaren-vad-ar-skillnaderna-mellan-ett-fastighetskop-i-spanien-jamfort-med-i-sverige\/","title":{"rendered":"Fr\u00e5ga m\u00e4klaren: Vad \u00e4r skillnaderna mellan ett fastighetsk\u00f6p i Spanien j\u00e4mf\u00f6rt med i Sverige?"},"content":{"rendered":"<p> K\u00f6pprocessen i Spanien skiljer sig p\u00e5 m\u00e5nga punkter fr\u00e5n Sverige. I Sverige \u00e4r fastighetsm\u00e4klaryrket sedan 1984 ett av staten reglerat yrke och f\u00f6r att bli registrerad som fastighetsm\u00e4klare kr\u00e4vs en h\u00f6gskoleutbildning. Av Sven F. K\u00e4llstr\u00f6m, Alamo Real Estate, svarar p\u00e5 l\u00e4sarfr\u00e5gor om att s\u00e4lja eller k\u00f6pa en bostad p\u00e5 Costa del Sol.<\/p>\n<p>I Spanien d\u00e4remot kr\u00e4vs ingen auktorisering f\u00f6r att arbeta som m\u00e4klare. Vem som helst kan starta en m\u00e4klarbyr\u00e5 utan n\u00e5gon som helst kunskap. Det inneb\u00e4r att du b\u00f6r vara ytterst f\u00f6rsiktig med vem du v\u00e4ljer att kontakta f\u00f6r att k\u00f6pa en bostad p\u00e5 Costa del Sol. Kontrollera att det finns ett registrerat spanskt aktiebolag bakom m\u00e4klaren och ta g\u00e4rna in referenser fr\u00e5n advokater, banker eller kunder som redan har k\u00f6pt.<\/p>\n<p>Inte budgivning i Spanien!<br \/>\nN\u00e4r du har hittat den r\u00e4tta m\u00e4klaren och det r\u00e4tta objektet som du \u00f6nskar k\u00f6pa b\u00f6rjar en process som \u00e4r olik den vi \u00e4r vana vid i Sverige. I Spanien f\u00f6rekommer inte budgivning d\u00e4r man har en organiserad visning under en s\u00f6ndag och d\u00e4r flera k\u00f6pare konkurrerar om vem som bjuder mest f\u00f6r en fastighet. I Spanien ger du ist\u00e4llet ett bud p\u00e5 den fastighet du vill k\u00f6pa och sen, med m\u00e4klarens hj\u00e4lp, kommer ni fram till ett pris som k\u00f6pare och s\u00e4ljare kan acceptera och d\u00e5 blir det aff\u00e4r.<\/p>\n<p>Skandinavisk juridisk hj\u00e4lp<br \/>\nProceduren vid k\u00f6p av fastighet i Spanien \u00e4r inte komplicerad om man g\u00f6r det p\u00e5 r\u00e4tt s\u00e4tt. Det \u00e4r n\u00e4stan om\u00f6jligt f\u00f6r dig som privatperson fr\u00e5n Sverige och utan kunskaper i Spanska att vara helt s\u00e4ker p\u00e5 att aff\u00e4ren g\u00f6rs korrekt. Alla kontrakt g\u00f6rs p\u00e5 spanska och efter spansk lag. Jag rekommenderar att k\u00f6paren har en opartisk advokat som b\u00e5de talar spanska och svenska som f\u00f6retr\u00e4der dig som k\u00f6pare genom hela k\u00f6pprocessen. Advokaten kontrollerar om det finns brister och fel i fastighetsregistret och dessa b\u00f6r i s\u00e5 fall korrigeras innan man tar \u00f6ver fastigheten. Advokaten hj\u00e4lper ocks\u00e5 till att ans\u00f6ka om ett spanskt personnummer (NIE-nummer) och ett bankkonto i en spansk bank. Utan dessa tv\u00e5 saker kan du som utl\u00e4nning inte k\u00f6pa en bostad i Spanien.<\/p>\n<p>Reservationskontrakt (Contrato de Reserva)<br \/>\nN\u00e4r du hittat ditt dr\u00f6mobjekt och priset har best\u00e4mts s\u00e5 skriver m\u00e4klaren ett reservationsavtal och du betalar 000 euro till ett klientkonto hos m\u00e4klaren eller advokaten. S\u00e4ljaren tar d\u00e5 bort fastigheten fr\u00e5n marknaden under en reservationsperiod p\u00e5 ca 8 \u2013 14 dagar och under tiden inh\u00e4mtar advokaten dokumentation fr\u00e5n fastighetsregistret f\u00f6r att f\u00f6rs\u00e4kra sig om att uppgifterna \u00e4r korrekta samt kontrollerar fastighetens \u00e4garf\u00f6rh\u00e5llanden, fastighetsregistrering, skuldfrihet etc.  Om det finns brister eller oegentligheter och advokaten avr\u00e5der k\u00f6paren att forts\u00e4tta aff\u00e4ren s\u00e5 \u00e5terbetalas reservationsbeloppet till k\u00f6paren.<\/p>\n<p>Privat k\u00f6pekontrakt (Contrato de compraventa)<br \/>\nDetta \u00e4r ett bindande avtal som k\u00f6parens och s\u00e4ljarens advokat skriver. Vid underskrift av det privata k\u00f6pekontraktet betalas en handpenning p\u00e5 10 % av k\u00f6pesumman.<\/p>\n<p>Lagfart (Escritura Publica)<br \/>\nK\u00f6pet avslutas p\u00e5 Notariens kontor d\u00e4r b\u00e4gge parter eller deras representanter skriver under den officiella lagfarten och d\u00e5 den resterande k\u00f6pesumman betalas till s\u00e4ljaren. Nycklarna \u00f6verl\u00e4mnas och k\u00f6paren \u00e4r nu \u00e4gare till fastigheten och kan flytta in i fastigheten.<\/p>\n","protected":false},"excerpt":{"rendered":"<p>K\u00f6pprocessen i Spanien skiljer sig p\u00e5 m\u00e5nga punkter fr\u00e5n Sverige. I Sverige \u00e4r fastighetsm\u00e4klaryrket sedan 1984 ett av staten reglerat yrke och f\u00f6r att bli registrerad som fastighetsm\u00e4klare kr\u00e4vs en h\u00f6gskoleutbildning. Av Sven F. K\u00e4llstr\u00f6m, Alamo Real Estate, svarar p\u00e5 l\u00e4sarfr\u00e5gor om att s\u00e4lja eller k\u00f6pa en bostad p\u00e5 Costa del Sol. I Spanien d\u00e4remot [&hellip;]<\/p>\n","protected":false},"author":8,"featured_media":5078,"comment_status":"open","ping_status":"open","sticky":false,"template":"","format":"standard","meta":{"_et_pb_use_builder":"","_et_pb_old_content":"","_et_gb_content_width":"","footnotes":""},"categories":[4,37],"tags":[],"class_list":["post-5077","post","type-post","status-publish","format-standard","has-post-thumbnail","hentry","category-artiklar","category-hem-bostad"],"yoast_head":"<!-- This site is optimized with the Yoast SEO Premium plugin v26.2 (Yoast SEO v27.4) - https:\/\/yoast.com\/product\/yoast-seo-premium-wordpress\/ -->\n<title>Fr\u00e5ga m\u00e4klaren: Vad \u00e4r skillnaderna mellan ett fastighetsk\u00f6p i Spanien j\u00e4mf\u00f6rt med i Sverige? - Svenska Magasinet<\/title>\n<meta name=\"robots\" content=\"noindex, follow, max-snippet:-1, max-image-preview:large, max-video-preview:-1\" \/>\n<meta property=\"og:locale\" content=\"sv_SE\" \/>\n<meta property=\"og:type\" content=\"article\" \/>\n<meta property=\"og:title\" content=\"Fr\u00e5ga m\u00e4klaren: Vad \u00e4r skillnaderna mellan ett fastighetsk\u00f6p i Spanien j\u00e4mf\u00f6rt med i Sverige?\" \/>\n<meta property=\"og:description\" content=\"K\u00f6pprocessen i Spanien skiljer sig p\u00e5 m\u00e5nga punkter fr\u00e5n Sverige. I Sverige \u00e4r fastighetsm\u00e4klaryrket sedan 1984 ett av staten reglerat yrke och f\u00f6r att bli registrerad som fastighetsm\u00e4klare kr\u00e4vs en h\u00f6gskoleutbildning. Av Sven F. K\u00e4llstr\u00f6m, Alamo Real Estate, svarar p\u00e5 l\u00e4sarfr\u00e5gor om att s\u00e4lja eller k\u00f6pa en bostad p\u00e5 Costa del Sol. I Spanien d\u00e4remot [&hellip;]\" \/>\n<meta property=\"og:url\" content=\"https:\/\/lightweb.dev\/l\/svm-temp\/artiklar\/fraga-maklaren-vad-ar-skillnaderna-mellan-ett-fastighetskop-i-spanien-jamfort-med-i-sverige\/\" \/>\n<meta property=\"og:site_name\" content=\"Svenska Magasinet\" \/>\n<meta property=\"article:publisher\" content=\"https:\/\/www.facebook.com\/svenskamagasinet\" \/>\n<meta property=\"article:published_time\" content=\"2015-05-17T22:00:00+00:00\" \/>\n<meta property=\"og:image\" content=\"https:\/\/lightweb.dev\/l\/svm-temp\/wp-content\/uploads\/2022\/04\/frga-mklaren-vad-r-skillnaderna-mellan-ett-fastighetskp-i-spanien-jmfrt-med-i-sverige.png\" \/>\n\t<meta property=\"og:image:width\" content=\"299\" \/>\n\t<meta property=\"og:image:height\" content=\"200\" \/>\n\t<meta property=\"og:image:type\" content=\"image\/png\" \/>\n<meta name=\"author\" content=\"Redaktionen SvM\" \/>\n<meta name=\"twitter:card\" content=\"summary_large_image\" \/>\n<meta name=\"twitter:creator\" content=\"@SvenskaMagasine\" \/>\n<meta name=\"twitter:site\" content=\"@SvenskaMagasine\" \/>\n<script type=\"application\/ld+json\" class=\"yoast-schema-graph\">{\"@context\":\"https:\\\/\\\/schema.org\",\"@graph\":[{\"@type\":\"Article\",\"@id\":\"https:\\\/\\\/lightweb.dev\\\/l\\\/svm-temp\\\/artiklar\\\/fraga-maklaren-vad-ar-skillnaderna-mellan-ett-fastighetskop-i-spanien-jamfort-med-i-sverige\\\/#article\",\"isPartOf\":{\"@id\":\"https:\\\/\\\/lightweb.dev\\\/l\\\/svm-temp\\\/artiklar\\\/fraga-maklaren-vad-ar-skillnaderna-mellan-ett-fastighetskop-i-spanien-jamfort-med-i-sverige\\\/\"},\"author\":{\"name\":\"Redaktionen SvM\",\"@id\":\"https:\\\/\\\/lightweb.dev\\\/l\\\/svm-temp\\\/#\\\/schema\\\/person\\\/206a3bda5b607b0c25e1749191e4d837\"},\"headline\":\"Fr\u00e5ga m\u00e4klaren: Vad \u00e4r skillnaderna mellan ett fastighetsk\u00f6p i Spanien j\u00e4mf\u00f6rt med i Sverige?\",\"datePublished\":\"2015-05-17T22:00:00+00:00\",\"mainEntityOfPage\":{\"@id\":\"https:\\\/\\\/lightweb.dev\\\/l\\\/svm-temp\\\/artiklar\\\/fraga-maklaren-vad-ar-skillnaderna-mellan-ett-fastighetskop-i-spanien-jamfort-med-i-sverige\\\/\"},\"wordCount\":621,\"commentCount\":0,\"publisher\":{\"@id\":\"https:\\\/\\\/lightweb.dev\\\/l\\\/svm-temp\\\/#organization\"},\"image\":{\"@id\":\"https:\\\/\\\/lightweb.dev\\\/l\\\/svm-temp\\\/artiklar\\\/fraga-maklaren-vad-ar-skillnaderna-mellan-ett-fastighetskop-i-spanien-jamfort-med-i-sverige\\\/#primaryimage\"},\"thumbnailUrl\":\"https:\\\/\\\/lightweb.dev\\\/l\\\/svm-temp\\\/wp-content\\\/uploads\\\/2022\\\/04\\\/frga-mklaren-vad-r-skillnaderna-mellan-ett-fastighetskp-i-spanien-jmfrt-med-i-sverige.png\",\"articleSection\":[\"Artiklar\",\"Hem &amp; bostad\"],\"inLanguage\":\"sv-SE\"},{\"@type\":\"WebPage\",\"@id\":\"https:\\\/\\\/lightweb.dev\\\/l\\\/svm-temp\\\/artiklar\\\/fraga-maklaren-vad-ar-skillnaderna-mellan-ett-fastighetskop-i-spanien-jamfort-med-i-sverige\\\/\",\"url\":\"https:\\\/\\\/lightweb.dev\\\/l\\\/svm-temp\\\/artiklar\\\/fraga-maklaren-vad-ar-skillnaderna-mellan-ett-fastighetskop-i-spanien-jamfort-med-i-sverige\\\/\",\"name\":\"Fr\u00e5ga m\u00e4klaren: Vad \u00e4r skillnaderna mellan ett fastighetsk\u00f6p i Spanien j\u00e4mf\u00f6rt med i Sverige? - Svenska Magasinet\",\"isPartOf\":{\"@id\":\"https:\\\/\\\/lightweb.dev\\\/l\\\/svm-temp\\\/#website\"},\"primaryImageOfPage\":{\"@id\":\"https:\\\/\\\/lightweb.dev\\\/l\\\/svm-temp\\\/artiklar\\\/fraga-maklaren-vad-ar-skillnaderna-mellan-ett-fastighetskop-i-spanien-jamfort-med-i-sverige\\\/#primaryimage\"},\"image\":{\"@id\":\"https:\\\/\\\/lightweb.dev\\\/l\\\/svm-temp\\\/artiklar\\\/fraga-maklaren-vad-ar-skillnaderna-mellan-ett-fastighetskop-i-spanien-jamfort-med-i-sverige\\\/#primaryimage\"},\"thumbnailUrl\":\"https:\\\/\\\/lightweb.dev\\\/l\\\/svm-temp\\\/wp-content\\\/uploads\\\/2022\\\/04\\\/frga-mklaren-vad-r-skillnaderna-mellan-ett-fastighetskp-i-spanien-jmfrt-med-i-sverige.png\",\"datePublished\":\"2015-05-17T22:00:00+00:00\",\"breadcrumb\":{\"@id\":\"https:\\\/\\\/lightweb.dev\\\/l\\\/svm-temp\\\/artiklar\\\/fraga-maklaren-vad-ar-skillnaderna-mellan-ett-fastighetskop-i-spanien-jamfort-med-i-sverige\\\/#breadcrumb\"},\"inLanguage\":\"sv-SE\",\"potentialAction\":[{\"@type\":\"ReadAction\",\"target\":[\"https:\\\/\\\/lightweb.dev\\\/l\\\/svm-temp\\\/artiklar\\\/fraga-maklaren-vad-ar-skillnaderna-mellan-ett-fastighetskop-i-spanien-jamfort-med-i-sverige\\\/\"]}]},{\"@type\":\"ImageObject\",\"inLanguage\":\"sv-SE\",\"@id\":\"https:\\\/\\\/lightweb.dev\\\/l\\\/svm-temp\\\/artiklar\\\/fraga-maklaren-vad-ar-skillnaderna-mellan-ett-fastighetskop-i-spanien-jamfort-med-i-sverige\\\/#primaryimage\",\"url\":\"https:\\\/\\\/lightweb.dev\\\/l\\\/svm-temp\\\/wp-content\\\/uploads\\\/2022\\\/04\\\/frga-mklaren-vad-r-skillnaderna-mellan-ett-fastighetskp-i-spanien-jmfrt-med-i-sverige.png\",\"contentUrl\":\"https:\\\/\\\/lightweb.dev\\\/l\\\/svm-temp\\\/wp-content\\\/uploads\\\/2022\\\/04\\\/frga-mklaren-vad-r-skillnaderna-mellan-ett-fastighetskp-i-spanien-jmfrt-med-i-sverige.png\",\"width\":299,\"height\":200},{\"@type\":\"BreadcrumbList\",\"@id\":\"https:\\\/\\\/lightweb.dev\\\/l\\\/svm-temp\\\/artiklar\\\/fraga-maklaren-vad-ar-skillnaderna-mellan-ett-fastighetskop-i-spanien-jamfort-med-i-sverige\\\/#breadcrumb\",\"itemListElement\":[{\"@type\":\"ListItem\",\"position\":1,\"name\":\"Hem\",\"item\":\"https:\\\/\\\/lightweb.dev\\\/l\\\/svm-temp\\\/\"},{\"@type\":\"ListItem\",\"position\":2,\"name\":\"Fr\u00e5ga m\u00e4klaren: Vad \u00e4r skillnaderna mellan ett fastighetsk\u00f6p i Spanien j\u00e4mf\u00f6rt med i Sverige?\"}]},{\"@type\":\"WebSite\",\"@id\":\"https:\\\/\\\/lightweb.dev\\\/l\\\/svm-temp\\\/#website\",\"url\":\"https:\\\/\\\/lightweb.dev\\\/l\\\/svm-temp\\\/\",\"name\":\"Svenska Magasinet\",\"description\":\"Dina Spanska nyheter p&aring; Svenska\",\"publisher\":{\"@id\":\"https:\\\/\\\/lightweb.dev\\\/l\\\/svm-temp\\\/#organization\"},\"potentialAction\":[{\"@type\":\"SearchAction\",\"target\":{\"@type\":\"EntryPoint\",\"urlTemplate\":\"https:\\\/\\\/lightweb.dev\\\/l\\\/svm-temp\\\/?s={search_term_string}\"},\"query-input\":{\"@type\":\"PropertyValueSpecification\",\"valueRequired\":true,\"valueName\":\"search_term_string\"}}],\"inLanguage\":\"sv-SE\"},{\"@type\":\"Organization\",\"@id\":\"https:\\\/\\\/lightweb.dev\\\/l\\\/svm-temp\\\/#organization\",\"name\":\"Melkerson y Nott SL\",\"alternateName\":\"Svenska Magasinet\",\"url\":\"https:\\\/\\\/lightweb.dev\\\/l\\\/svm-temp\\\/\",\"logo\":{\"@type\":\"ImageObject\",\"inLanguage\":\"sv-SE\",\"@id\":\"https:\\\/\\\/lightweb.dev\\\/l\\\/svm-temp\\\/#\\\/schema\\\/logo\\\/image\\\/\",\"url\":\"https:\\\/\\\/lightweb.dev\\\/l\\\/svm-temp\\\/wp-content\\\/uploads\\\/2025\\\/02\\\/SvM-logo-Xtra-Centrerad-SVART.png\",\"contentUrl\":\"https:\\\/\\\/lightweb.dev\\\/l\\\/svm-temp\\\/wp-content\\\/uploads\\\/2025\\\/02\\\/SvM-logo-Xtra-Centrerad-SVART.png\",\"width\":300,\"height\":99,\"caption\":\"Melkerson y Nott SL\"},\"image\":{\"@id\":\"https:\\\/\\\/lightweb.dev\\\/l\\\/svm-temp\\\/#\\\/schema\\\/logo\\\/image\\\/\"},\"sameAs\":[\"https:\\\/\\\/www.facebook.com\\\/svenskamagasinet\",\"https:\\\/\\\/x.com\\\/SvenskaMagasine\"]},{\"@type\":\"Person\",\"@id\":\"https:\\\/\\\/lightweb.dev\\\/l\\\/svm-temp\\\/#\\\/schema\\\/person\\\/206a3bda5b607b0c25e1749191e4d837\",\"name\":\"Redaktionen SvM\",\"description\":\"Redaktionen\",\"sameAs\":[\"https:\\\/\\\/lightweb.dev\\\/l\\\/svm-temp\"],\"url\":\"https:\\\/\\\/lightweb.dev\\\/l\\\/svm-temp\\\/reporter\\\/redaktionen\\\/\"}]}<\/script>\n<!-- \/ Yoast SEO Premium plugin. -->","yoast_head_json":{"title":"Fr\u00e5ga m\u00e4klaren: Vad \u00e4r skillnaderna mellan ett fastighetsk\u00f6p i Spanien j\u00e4mf\u00f6rt med i Sverige? - Svenska Magasinet","robots":{"index":"noindex","follow":"follow","max-snippet":"max-snippet:-1","max-image-preview":"max-image-preview:large","max-video-preview":"max-video-preview:-1"},"og_locale":"sv_SE","og_type":"article","og_title":"Fr\u00e5ga m\u00e4klaren: Vad \u00e4r skillnaderna mellan ett fastighetsk\u00f6p i Spanien j\u00e4mf\u00f6rt med i Sverige?","og_description":"K\u00f6pprocessen i Spanien skiljer sig p\u00e5 m\u00e5nga punkter fr\u00e5n Sverige. I Sverige \u00e4r fastighetsm\u00e4klaryrket sedan 1984 ett av staten reglerat yrke och f\u00f6r att bli registrerad som fastighetsm\u00e4klare kr\u00e4vs en h\u00f6gskoleutbildning. Av Sven F. K\u00e4llstr\u00f6m, Alamo Real Estate, svarar p\u00e5 l\u00e4sarfr\u00e5gor om att s\u00e4lja eller k\u00f6pa en bostad p\u00e5 Costa del Sol. I Spanien d\u00e4remot [&hellip;]","og_url":"https:\/\/lightweb.dev\/l\/svm-temp\/artiklar\/fraga-maklaren-vad-ar-skillnaderna-mellan-ett-fastighetskop-i-spanien-jamfort-med-i-sverige\/","og_site_name":"Svenska Magasinet","article_publisher":"https:\/\/www.facebook.com\/svenskamagasinet","article_published_time":"2015-05-17T22:00:00+00:00","og_image":[{"width":299,"height":200,"url":"https:\/\/lightweb.dev\/l\/svm-temp\/wp-content\/uploads\/2022\/04\/frga-mklaren-vad-r-skillnaderna-mellan-ett-fastighetskp-i-spanien-jmfrt-med-i-sverige.png","type":"image\/png"}],"author":"Redaktionen SvM","twitter_card":"summary_large_image","twitter_creator":"@SvenskaMagasine","twitter_site":"@SvenskaMagasine","schema":{"@context":"https:\/\/schema.org","@graph":[{"@type":"Article","@id":"https:\/\/lightweb.dev\/l\/svm-temp\/artiklar\/fraga-maklaren-vad-ar-skillnaderna-mellan-ett-fastighetskop-i-spanien-jamfort-med-i-sverige\/#article","isPartOf":{"@id":"https:\/\/lightweb.dev\/l\/svm-temp\/artiklar\/fraga-maklaren-vad-ar-skillnaderna-mellan-ett-fastighetskop-i-spanien-jamfort-med-i-sverige\/"},"author":{"name":"Redaktionen SvM","@id":"https:\/\/lightweb.dev\/l\/svm-temp\/#\/schema\/person\/206a3bda5b607b0c25e1749191e4d837"},"headline":"Fr\u00e5ga m\u00e4klaren: Vad \u00e4r skillnaderna mellan ett fastighetsk\u00f6p i Spanien j\u00e4mf\u00f6rt med i Sverige?","datePublished":"2015-05-17T22:00:00+00:00","mainEntityOfPage":{"@id":"https:\/\/lightweb.dev\/l\/svm-temp\/artiklar\/fraga-maklaren-vad-ar-skillnaderna-mellan-ett-fastighetskop-i-spanien-jamfort-med-i-sverige\/"},"wordCount":621,"commentCount":0,"publisher":{"@id":"https:\/\/lightweb.dev\/l\/svm-temp\/#organization"},"image":{"@id":"https:\/\/lightweb.dev\/l\/svm-temp\/artiklar\/fraga-maklaren-vad-ar-skillnaderna-mellan-ett-fastighetskop-i-spanien-jamfort-med-i-sverige\/#primaryimage"},"thumbnailUrl":"https:\/\/lightweb.dev\/l\/svm-temp\/wp-content\/uploads\/2022\/04\/frga-mklaren-vad-r-skillnaderna-mellan-ett-fastighetskp-i-spanien-jmfrt-med-i-sverige.png","articleSection":["Artiklar","Hem &amp; bostad"],"inLanguage":"sv-SE"},{"@type":"WebPage","@id":"https:\/\/lightweb.dev\/l\/svm-temp\/artiklar\/fraga-maklaren-vad-ar-skillnaderna-mellan-ett-fastighetskop-i-spanien-jamfort-med-i-sverige\/","url":"https:\/\/lightweb.dev\/l\/svm-temp\/artiklar\/fraga-maklaren-vad-ar-skillnaderna-mellan-ett-fastighetskop-i-spanien-jamfort-med-i-sverige\/","name":"Fr\u00e5ga m\u00e4klaren: Vad \u00e4r skillnaderna mellan ett fastighetsk\u00f6p i Spanien j\u00e4mf\u00f6rt med i Sverige? - Svenska Magasinet","isPartOf":{"@id":"https:\/\/lightweb.dev\/l\/svm-temp\/#website"},"primaryImageOfPage":{"@id":"https:\/\/lightweb.dev\/l\/svm-temp\/artiklar\/fraga-maklaren-vad-ar-skillnaderna-mellan-ett-fastighetskop-i-spanien-jamfort-med-i-sverige\/#primaryimage"},"image":{"@id":"https:\/\/lightweb.dev\/l\/svm-temp\/artiklar\/fraga-maklaren-vad-ar-skillnaderna-mellan-ett-fastighetskop-i-spanien-jamfort-med-i-sverige\/#primaryimage"},"thumbnailUrl":"https:\/\/lightweb.dev\/l\/svm-temp\/wp-content\/uploads\/2022\/04\/frga-mklaren-vad-r-skillnaderna-mellan-ett-fastighetskp-i-spanien-jmfrt-med-i-sverige.png","datePublished":"2015-05-17T22:00:00+00:00","breadcrumb":{"@id":"https:\/\/lightweb.dev\/l\/svm-temp\/artiklar\/fraga-maklaren-vad-ar-skillnaderna-mellan-ett-fastighetskop-i-spanien-jamfort-med-i-sverige\/#breadcrumb"},"inLanguage":"sv-SE","potentialAction":[{"@type":"ReadAction","target":["https:\/\/lightweb.dev\/l\/svm-temp\/artiklar\/fraga-maklaren-vad-ar-skillnaderna-mellan-ett-fastighetskop-i-spanien-jamfort-med-i-sverige\/"]}]},{"@type":"ImageObject","inLanguage":"sv-SE","@id":"https:\/\/lightweb.dev\/l\/svm-temp\/artiklar\/fraga-maklaren-vad-ar-skillnaderna-mellan-ett-fastighetskop-i-spanien-jamfort-med-i-sverige\/#primaryimage","url":"https:\/\/lightweb.dev\/l\/svm-temp\/wp-content\/uploads\/2022\/04\/frga-mklaren-vad-r-skillnaderna-mellan-ett-fastighetskp-i-spanien-jmfrt-med-i-sverige.png","contentUrl":"https:\/\/lightweb.dev\/l\/svm-temp\/wp-content\/uploads\/2022\/04\/frga-mklaren-vad-r-skillnaderna-mellan-ett-fastighetskp-i-spanien-jmfrt-med-i-sverige.png","width":299,"height":200},{"@type":"BreadcrumbList","@id":"https:\/\/lightweb.dev\/l\/svm-temp\/artiklar\/fraga-maklaren-vad-ar-skillnaderna-mellan-ett-fastighetskop-i-spanien-jamfort-med-i-sverige\/#breadcrumb","itemListElement":[{"@type":"ListItem","position":1,"name":"Hem","item":"https:\/\/lightweb.dev\/l\/svm-temp\/"},{"@type":"ListItem","position":2,"name":"Fr\u00e5ga m\u00e4klaren: Vad \u00e4r skillnaderna mellan ett fastighetsk\u00f6p i Spanien j\u00e4mf\u00f6rt med i Sverige?"}]},{"@type":"WebSite","@id":"https:\/\/lightweb.dev\/l\/svm-temp\/#website","url":"https:\/\/lightweb.dev\/l\/svm-temp\/","name":"Svenska Magasinet","description":"Dina Spanska nyheter p&aring; Svenska","publisher":{"@id":"https:\/\/lightweb.dev\/l\/svm-temp\/#organization"},"potentialAction":[{"@type":"SearchAction","target":{"@type":"EntryPoint","urlTemplate":"https:\/\/lightweb.dev\/l\/svm-temp\/?s={search_term_string}"},"query-input":{"@type":"PropertyValueSpecification","valueRequired":true,"valueName":"search_term_string"}}],"inLanguage":"sv-SE"},{"@type":"Organization","@id":"https:\/\/lightweb.dev\/l\/svm-temp\/#organization","name":"Melkerson y Nott SL","alternateName":"Svenska Magasinet","url":"https:\/\/lightweb.dev\/l\/svm-temp\/","logo":{"@type":"ImageObject","inLanguage":"sv-SE","@id":"https:\/\/lightweb.dev\/l\/svm-temp\/#\/schema\/logo\/image\/","url":"https:\/\/lightweb.dev\/l\/svm-temp\/wp-content\/uploads\/2025\/02\/SvM-logo-Xtra-Centrerad-SVART.png","contentUrl":"https:\/\/lightweb.dev\/l\/svm-temp\/wp-content\/uploads\/2025\/02\/SvM-logo-Xtra-Centrerad-SVART.png","width":300,"height":99,"caption":"Melkerson y Nott SL"},"image":{"@id":"https:\/\/lightweb.dev\/l\/svm-temp\/#\/schema\/logo\/image\/"},"sameAs":["https:\/\/www.facebook.com\/svenskamagasinet","https:\/\/x.com\/SvenskaMagasine"]},{"@type":"Person","@id":"https:\/\/lightweb.dev\/l\/svm-temp\/#\/schema\/person\/206a3bda5b607b0c25e1749191e4d837","name":"Redaktionen SvM","description":"Redaktionen","sameAs":["https:\/\/lightweb.dev\/l\/svm-temp"],"url":"https:\/\/lightweb.dev\/l\/svm-temp\/reporter\/redaktionen\/"}]}},"_links":{"self":[{"href":"https:\/\/lightweb.dev\/l\/svm-temp\/wp-json\/wp\/v2\/posts\/5077","targetHints":{"allow":["GET"]}}],"collection":[{"href":"https:\/\/lightweb.dev\/l\/svm-temp\/wp-json\/wp\/v2\/posts"}],"about":[{"href":"https:\/\/lightweb.dev\/l\/svm-temp\/wp-json\/wp\/v2\/types\/post"}],"author":[{"embeddable":true,"href":"https:\/\/lightweb.dev\/l\/svm-temp\/wp-json\/wp\/v2\/users\/8"}],"replies":[{"embeddable":true,"href":"https:\/\/lightweb.dev\/l\/svm-temp\/wp-json\/wp\/v2\/comments?post=5077"}],"version-history":[{"count":0,"href":"https:\/\/lightweb.dev\/l\/svm-temp\/wp-json\/wp\/v2\/posts\/5077\/revisions"}],"wp:featuredmedia":[{"embeddable":true,"href":"https:\/\/lightweb.dev\/l\/svm-temp\/wp-json\/wp\/v2\/media\/5078"}],"wp:attachment":[{"href":"https:\/\/lightweb.dev\/l\/svm-temp\/wp-json\/wp\/v2\/media?parent=5077"}],"wp:term":[{"taxonomy":"category","embeddable":true,"href":"https:\/\/lightweb.dev\/l\/svm-temp\/wp-json\/wp\/v2\/categories?post=5077"},{"taxonomy":"post_tag","embeddable":true,"href":"https:\/\/lightweb.dev\/l\/svm-temp\/wp-json\/wp\/v2\/tags?post=5077"}],"curies":[{"name":"wp","href":"https:\/\/api.w.org\/{rel}","templated":true}]}}