{"id":5083,"date":"2015-05-13T00:00:00","date_gmt":"2015-05-12T22:00:00","guid":{"rendered":"https:\/\/lightweb.dev\/l\/svm-temp\/miljovanligt-hos-spray-hairsalon-i-marbellas-fritidshamn\/"},"modified":"2015-05-13T00:00:00","modified_gmt":"2015-05-12T22:00:00","slug":"miljovanligt-hos-spray-hairsalon-i-marbellas-fritidshamn","status":"publish","type":"post","link":"https:\/\/lightweb.dev\/l\/svm-temp\/artiklar\/miljovanligt-hos-spray-hairsalon-i-marbellas-fritidshamn\/","title":{"rendered":"Milj\u00f6v\u00e4nligt hos Spray Hairsalon i Marbellas fritidshamn"},"content":{"rendered":"<p> Ia Eriksson p\u00e5 Spray Hairsalon i Marbellas fritidshamn har valt att arbeta med Kevin.Murphy produkter. Hos Kevin Murphy f\u00f6rs\u00f6ker man att hitta alternativ som g\u00f6r det mer milj\u00f6v\u00e4nligt och renare att tillhandah\u00e5lla hela v\u00e4rldens fris\u00f6rer och konsumenter med sina produkter. Alla produktf\u00f6rpackningar \u00e4r \u00e5tervinningsbara och alla produkter \u00e4r paraben- och sulfatfria. Allt f\u00f6r att b\u00e5de fris\u00f6r och konsument skall k\u00e4nna sig helt trygga och s\u00e4kra n\u00e4r de anv\u00e4nder Kevin.Murphys produkter. Inga tester sker p\u00e5 djur.<\/p>\n<p>Produktserien \u00e4r framtagen med en enkel filosofi, att alltid anv\u00e4nda eteriska eller aromatiska oljor som stimulerar alla dina sinnen. Eteriska oljor verkar avslappnande och har en v\u00e5rdande effekt p\u00e5 h\u00e5rbotten.<\/p>\n<p>Produkterna inneh\u00e5ller antioxidanter och naturliga v\u00e4xtdelar av b\u00e4sta kvalit\u00e9 som \u00e5terst\u00e4ller fuktbalansen, bevarar f\u00e4rgen och ger h\u00e5ret styrka och nytt liv. De v\u00e5rdar p\u00e5 djupet \u00e4nda inifr\u00e5n h\u00e5rets hj\u00e4rta cortex, till ytskiktet. Teknologin ger h\u00e5ret exceptionell glans, skapar volym och ett full\u00e4ndat slutresultat. Till\u00e4ggas kan att  PETA, People for Ethical Treatment of Animals, v\u00e4rldens st\u00f6rsta djurr\u00e4ttsorganisation, har godk\u00e4nt Kevin.Murphy som ett &#8221;cruelty free&#8221; f\u00f6retag.<\/p>\n<p>Kom in till Ia p\u00e5 Spray Hairsalon och prata mera om Kevin.Murphy produkter. H\u00e4r kan du ocks\u00e5 k\u00f6pa Kevin.Murphy produkter. Tel 608 950 885<\/p>\n","protected":false},"excerpt":{"rendered":"<p>Ia Eriksson p\u00e5 Spray Hairsalon i Marbellas fritidshamn har valt att arbeta med Kevin.Murphy produkter. Hos Kevin Murphy f\u00f6rs\u00f6ker man att hitta alternativ som g\u00f6r det mer milj\u00f6v\u00e4nligt och renare att tillhandah\u00e5lla hela v\u00e4rldens fris\u00f6rer och konsumenter med sina produkter. Alla produktf\u00f6rpackningar \u00e4r \u00e5tervinningsbara och alla produkter \u00e4r paraben- och sulfatfria. Allt f\u00f6r att b\u00e5de [&hellip;]<\/p>\n","protected":false},"author":8,"featured_media":5084,"comment_status":"open","ping_status":"open","sticky":false,"template":"","format":"standard","meta":{"_et_pb_use_builder":"","_et_pb_old_content":"","_et_gb_content_width":"","footnotes":""},"categories":[396,4],"tags":[],"class_list":["post-5083","post","type-post","status-publish","format-standard","has-post-thumbnail","hentry","category-arkiv-artiklar","category-artiklar"],"yoast_head":"<!-- This site is optimized with the Yoast SEO Premium plugin v26.2 (Yoast SEO v27.4) - https:\/\/yoast.com\/product\/yoast-seo-premium-wordpress\/ -->\n<title>Milj\u00f6v\u00e4nligt hos Spray Hairsalon i Marbellas fritidshamn - Svenska Magasinet<\/title>\n<meta name=\"robots\" content=\"noindex, follow, max-snippet:-1, max-image-preview:large, max-video-preview:-1\" \/>\n<meta property=\"og:locale\" content=\"sv_SE\" \/>\n<meta property=\"og:type\" content=\"article\" \/>\n<meta property=\"og:title\" content=\"Milj\u00f6v\u00e4nligt hos Spray Hairsalon i Marbellas fritidshamn\" \/>\n<meta property=\"og:description\" content=\"Ia Eriksson p\u00e5 Spray Hairsalon i Marbellas fritidshamn har valt att arbeta med Kevin.Murphy produkter. Hos Kevin Murphy f\u00f6rs\u00f6ker man att hitta alternativ som g\u00f6r det mer milj\u00f6v\u00e4nligt och renare att tillhandah\u00e5lla hela v\u00e4rldens fris\u00f6rer och konsumenter med sina produkter. Alla produktf\u00f6rpackningar \u00e4r \u00e5tervinningsbara och alla produkter \u00e4r paraben- och sulfatfria. Allt f\u00f6r att b\u00e5de [&hellip;]\" \/>\n<meta property=\"og:url\" content=\"https:\/\/lightweb.dev\/l\/svm-temp\/artiklar\/miljovanligt-hos-spray-hairsalon-i-marbellas-fritidshamn\/\" \/>\n<meta property=\"og:site_name\" content=\"Svenska Magasinet\" \/>\n<meta property=\"article:publisher\" content=\"https:\/\/www.facebook.com\/svenskamagasinet\" \/>\n<meta property=\"article:published_time\" content=\"2015-05-12T22:00:00+00:00\" \/>\n<meta property=\"og:image\" content=\"https:\/\/lightweb.dev\/l\/svm-temp\/wp-content\/uploads\/2022\/04\/miljvnligt-hos-spray-hairsalon-i-marbellas-fritidshamn.png\" \/>\n\t<meta property=\"og:image:width\" content=\"299\" \/>\n\t<meta property=\"og:image:height\" content=\"200\" \/>\n\t<meta property=\"og:image:type\" content=\"image\/png\" \/>\n<meta name=\"author\" content=\"Redaktionen SvM\" \/>\n<meta name=\"twitter:card\" content=\"summary_large_image\" \/>\n<meta name=\"twitter:creator\" content=\"@SvenskaMagasine\" \/>\n<meta name=\"twitter:site\" content=\"@SvenskaMagasine\" \/>\n<script type=\"application\/ld+json\" class=\"yoast-schema-graph\">{\"@context\":\"https:\\\/\\\/schema.org\",\"@graph\":[{\"@type\":\"Article\",\"@id\":\"https:\\\/\\\/lightweb.dev\\\/l\\\/svm-temp\\\/artiklar\\\/miljovanligt-hos-spray-hairsalon-i-marbellas-fritidshamn\\\/#article\",\"isPartOf\":{\"@id\":\"https:\\\/\\\/lightweb.dev\\\/l\\\/svm-temp\\\/artiklar\\\/miljovanligt-hos-spray-hairsalon-i-marbellas-fritidshamn\\\/\"},\"author\":{\"name\":\"Redaktionen SvM\",\"@id\":\"https:\\\/\\\/lightweb.dev\\\/l\\\/svm-temp\\\/#\\\/schema\\\/person\\\/206a3bda5b607b0c25e1749191e4d837\"},\"headline\":\"Milj\u00f6v\u00e4nligt hos Spray Hairsalon i Marbellas fritidshamn\",\"datePublished\":\"2015-05-12T22:00:00+00:00\",\"mainEntityOfPage\":{\"@id\":\"https:\\\/\\\/lightweb.dev\\\/l\\\/svm-temp\\\/artiklar\\\/miljovanligt-hos-spray-hairsalon-i-marbellas-fritidshamn\\\/\"},\"wordCount\":243,\"commentCount\":0,\"publisher\":{\"@id\":\"https:\\\/\\\/lightweb.dev\\\/l\\\/svm-temp\\\/#organization\"},\"image\":{\"@id\":\"https:\\\/\\\/lightweb.dev\\\/l\\\/svm-temp\\\/artiklar\\\/miljovanligt-hos-spray-hairsalon-i-marbellas-fritidshamn\\\/#primaryimage\"},\"thumbnailUrl\":\"https:\\\/\\\/lightweb.dev\\\/l\\\/svm-temp\\\/wp-content\\\/uploads\\\/2022\\\/04\\\/miljvnligt-hos-spray-hairsalon-i-marbellas-fritidshamn.png\",\"articleSection\":[\"Arkiv\",\"Artiklar\"],\"inLanguage\":\"sv-SE\"},{\"@type\":\"WebPage\",\"@id\":\"https:\\\/\\\/lightweb.dev\\\/l\\\/svm-temp\\\/artiklar\\\/miljovanligt-hos-spray-hairsalon-i-marbellas-fritidshamn\\\/\",\"url\":\"https:\\\/\\\/lightweb.dev\\\/l\\\/svm-temp\\\/artiklar\\\/miljovanligt-hos-spray-hairsalon-i-marbellas-fritidshamn\\\/\",\"name\":\"Milj\u00f6v\u00e4nligt hos Spray Hairsalon i Marbellas fritidshamn - Svenska Magasinet\",\"isPartOf\":{\"@id\":\"https:\\\/\\\/lightweb.dev\\\/l\\\/svm-temp\\\/#website\"},\"primaryImageOfPage\":{\"@id\":\"https:\\\/\\\/lightweb.dev\\\/l\\\/svm-temp\\\/artiklar\\\/miljovanligt-hos-spray-hairsalon-i-marbellas-fritidshamn\\\/#primaryimage\"},\"image\":{\"@id\":\"https:\\\/\\\/lightweb.dev\\\/l\\\/svm-temp\\\/artiklar\\\/miljovanligt-hos-spray-hairsalon-i-marbellas-fritidshamn\\\/#primaryimage\"},\"thumbnailUrl\":\"https:\\\/\\\/lightweb.dev\\\/l\\\/svm-temp\\\/wp-content\\\/uploads\\\/2022\\\/04\\\/miljvnligt-hos-spray-hairsalon-i-marbellas-fritidshamn.png\",\"datePublished\":\"2015-05-12T22:00:00+00:00\",\"breadcrumb\":{\"@id\":\"https:\\\/\\\/lightweb.dev\\\/l\\\/svm-temp\\\/artiklar\\\/miljovanligt-hos-spray-hairsalon-i-marbellas-fritidshamn\\\/#breadcrumb\"},\"inLanguage\":\"sv-SE\",\"potentialAction\":[{\"@type\":\"ReadAction\",\"target\":[\"https:\\\/\\\/lightweb.dev\\\/l\\\/svm-temp\\\/artiklar\\\/miljovanligt-hos-spray-hairsalon-i-marbellas-fritidshamn\\\/\"]}]},{\"@type\":\"ImageObject\",\"inLanguage\":\"sv-SE\",\"@id\":\"https:\\\/\\\/lightweb.dev\\\/l\\\/svm-temp\\\/artiklar\\\/miljovanligt-hos-spray-hairsalon-i-marbellas-fritidshamn\\\/#primaryimage\",\"url\":\"https:\\\/\\\/lightweb.dev\\\/l\\\/svm-temp\\\/wp-content\\\/uploads\\\/2022\\\/04\\\/miljvnligt-hos-spray-hairsalon-i-marbellas-fritidshamn.png\",\"contentUrl\":\"https:\\\/\\\/lightweb.dev\\\/l\\\/svm-temp\\\/wp-content\\\/uploads\\\/2022\\\/04\\\/miljvnligt-hos-spray-hairsalon-i-marbellas-fritidshamn.png\",\"width\":299,\"height\":200},{\"@type\":\"BreadcrumbList\",\"@id\":\"https:\\\/\\\/lightweb.dev\\\/l\\\/svm-temp\\\/artiklar\\\/miljovanligt-hos-spray-hairsalon-i-marbellas-fritidshamn\\\/#breadcrumb\",\"itemListElement\":[{\"@type\":\"ListItem\",\"position\":1,\"name\":\"Hem\",\"item\":\"https:\\\/\\\/lightweb.dev\\\/l\\\/svm-temp\\\/\"},{\"@type\":\"ListItem\",\"position\":2,\"name\":\"Milj\u00f6v\u00e4nligt hos Spray Hairsalon i Marbellas fritidshamn\"}]},{\"@type\":\"WebSite\",\"@id\":\"https:\\\/\\\/lightweb.dev\\\/l\\\/svm-temp\\\/#website\",\"url\":\"https:\\\/\\\/lightweb.dev\\\/l\\\/svm-temp\\\/\",\"name\":\"Svenska Magasinet\",\"description\":\"Dina Spanska nyheter p&aring; Svenska\",\"publisher\":{\"@id\":\"https:\\\/\\\/lightweb.dev\\\/l\\\/svm-temp\\\/#organization\"},\"potentialAction\":[{\"@type\":\"SearchAction\",\"target\":{\"@type\":\"EntryPoint\",\"urlTemplate\":\"https:\\\/\\\/lightweb.dev\\\/l\\\/svm-temp\\\/?s={search_term_string}\"},\"query-input\":{\"@type\":\"PropertyValueSpecification\",\"valueRequired\":true,\"valueName\":\"search_term_string\"}}],\"inLanguage\":\"sv-SE\"},{\"@type\":\"Organization\",\"@id\":\"https:\\\/\\\/lightweb.dev\\\/l\\\/svm-temp\\\/#organization\",\"name\":\"Melkerson y Nott SL\",\"alternateName\":\"Svenska Magasinet\",\"url\":\"https:\\\/\\\/lightweb.dev\\\/l\\\/svm-temp\\\/\",\"logo\":{\"@type\":\"ImageObject\",\"inLanguage\":\"sv-SE\",\"@id\":\"https:\\\/\\\/lightweb.dev\\\/l\\\/svm-temp\\\/#\\\/schema\\\/logo\\\/image\\\/\",\"url\":\"https:\\\/\\\/lightweb.dev\\\/l\\\/svm-temp\\\/wp-content\\\/uploads\\\/2025\\\/02\\\/SvM-logo-Xtra-Centrerad-SVART.png\",\"contentUrl\":\"https:\\\/\\\/lightweb.dev\\\/l\\\/svm-temp\\\/wp-content\\\/uploads\\\/2025\\\/02\\\/SvM-logo-Xtra-Centrerad-SVART.png\",\"width\":300,\"height\":99,\"caption\":\"Melkerson y Nott SL\"},\"image\":{\"@id\":\"https:\\\/\\\/lightweb.dev\\\/l\\\/svm-temp\\\/#\\\/schema\\\/logo\\\/image\\\/\"},\"sameAs\":[\"https:\\\/\\\/www.facebook.com\\\/svenskamagasinet\",\"https:\\\/\\\/x.com\\\/SvenskaMagasine\"]},{\"@type\":\"Person\",\"@id\":\"https:\\\/\\\/lightweb.dev\\\/l\\\/svm-temp\\\/#\\\/schema\\\/person\\\/206a3bda5b607b0c25e1749191e4d837\",\"name\":\"Redaktionen SvM\",\"description\":\"Redaktionen\",\"sameAs\":[\"https:\\\/\\\/lightweb.dev\\\/l\\\/svm-temp\"],\"url\":\"https:\\\/\\\/lightweb.dev\\\/l\\\/svm-temp\\\/reporter\\\/redaktionen\\\/\"}]}<\/script>\n<!-- \/ Yoast SEO Premium plugin. -->","yoast_head_json":{"title":"Milj\u00f6v\u00e4nligt hos Spray Hairsalon i Marbellas fritidshamn - Svenska Magasinet","robots":{"index":"noindex","follow":"follow","max-snippet":"max-snippet:-1","max-image-preview":"max-image-preview:large","max-video-preview":"max-video-preview:-1"},"og_locale":"sv_SE","og_type":"article","og_title":"Milj\u00f6v\u00e4nligt hos Spray Hairsalon i Marbellas fritidshamn","og_description":"Ia Eriksson p\u00e5 Spray Hairsalon i Marbellas fritidshamn har valt att arbeta med Kevin.Murphy produkter. Hos Kevin Murphy f\u00f6rs\u00f6ker man att hitta alternativ som g\u00f6r det mer milj\u00f6v\u00e4nligt och renare att tillhandah\u00e5lla hela v\u00e4rldens fris\u00f6rer och konsumenter med sina produkter. Alla produktf\u00f6rpackningar \u00e4r \u00e5tervinningsbara och alla produkter \u00e4r paraben- och sulfatfria. Allt f\u00f6r att b\u00e5de [&hellip;]","og_url":"https:\/\/lightweb.dev\/l\/svm-temp\/artiklar\/miljovanligt-hos-spray-hairsalon-i-marbellas-fritidshamn\/","og_site_name":"Svenska Magasinet","article_publisher":"https:\/\/www.facebook.com\/svenskamagasinet","article_published_time":"2015-05-12T22:00:00+00:00","og_image":[{"width":299,"height":200,"url":"https:\/\/lightweb.dev\/l\/svm-temp\/wp-content\/uploads\/2022\/04\/miljvnligt-hos-spray-hairsalon-i-marbellas-fritidshamn.png","type":"image\/png"}],"author":"Redaktionen SvM","twitter_card":"summary_large_image","twitter_creator":"@SvenskaMagasine","twitter_site":"@SvenskaMagasine","schema":{"@context":"https:\/\/schema.org","@graph":[{"@type":"Article","@id":"https:\/\/lightweb.dev\/l\/svm-temp\/artiklar\/miljovanligt-hos-spray-hairsalon-i-marbellas-fritidshamn\/#article","isPartOf":{"@id":"https:\/\/lightweb.dev\/l\/svm-temp\/artiklar\/miljovanligt-hos-spray-hairsalon-i-marbellas-fritidshamn\/"},"author":{"name":"Redaktionen SvM","@id":"https:\/\/lightweb.dev\/l\/svm-temp\/#\/schema\/person\/206a3bda5b607b0c25e1749191e4d837"},"headline":"Milj\u00f6v\u00e4nligt hos Spray Hairsalon i Marbellas fritidshamn","datePublished":"2015-05-12T22:00:00+00:00","mainEntityOfPage":{"@id":"https:\/\/lightweb.dev\/l\/svm-temp\/artiklar\/miljovanligt-hos-spray-hairsalon-i-marbellas-fritidshamn\/"},"wordCount":243,"commentCount":0,"publisher":{"@id":"https:\/\/lightweb.dev\/l\/svm-temp\/#organization"},"image":{"@id":"https:\/\/lightweb.dev\/l\/svm-temp\/artiklar\/miljovanligt-hos-spray-hairsalon-i-marbellas-fritidshamn\/#primaryimage"},"thumbnailUrl":"https:\/\/lightweb.dev\/l\/svm-temp\/wp-content\/uploads\/2022\/04\/miljvnligt-hos-spray-hairsalon-i-marbellas-fritidshamn.png","articleSection":["Arkiv","Artiklar"],"inLanguage":"sv-SE"},{"@type":"WebPage","@id":"https:\/\/lightweb.dev\/l\/svm-temp\/artiklar\/miljovanligt-hos-spray-hairsalon-i-marbellas-fritidshamn\/","url":"https:\/\/lightweb.dev\/l\/svm-temp\/artiklar\/miljovanligt-hos-spray-hairsalon-i-marbellas-fritidshamn\/","name":"Milj\u00f6v\u00e4nligt hos Spray Hairsalon i Marbellas fritidshamn - Svenska Magasinet","isPartOf":{"@id":"https:\/\/lightweb.dev\/l\/svm-temp\/#website"},"primaryImageOfPage":{"@id":"https:\/\/lightweb.dev\/l\/svm-temp\/artiklar\/miljovanligt-hos-spray-hairsalon-i-marbellas-fritidshamn\/#primaryimage"},"image":{"@id":"https:\/\/lightweb.dev\/l\/svm-temp\/artiklar\/miljovanligt-hos-spray-hairsalon-i-marbellas-fritidshamn\/#primaryimage"},"thumbnailUrl":"https:\/\/lightweb.dev\/l\/svm-temp\/wp-content\/uploads\/2022\/04\/miljvnligt-hos-spray-hairsalon-i-marbellas-fritidshamn.png","datePublished":"2015-05-12T22:00:00+00:00","breadcrumb":{"@id":"https:\/\/lightweb.dev\/l\/svm-temp\/artiklar\/miljovanligt-hos-spray-hairsalon-i-marbellas-fritidshamn\/#breadcrumb"},"inLanguage":"sv-SE","potentialAction":[{"@type":"ReadAction","target":["https:\/\/lightweb.dev\/l\/svm-temp\/artiklar\/miljovanligt-hos-spray-hairsalon-i-marbellas-fritidshamn\/"]}]},{"@type":"ImageObject","inLanguage":"sv-SE","@id":"https:\/\/lightweb.dev\/l\/svm-temp\/artiklar\/miljovanligt-hos-spray-hairsalon-i-marbellas-fritidshamn\/#primaryimage","url":"https:\/\/lightweb.dev\/l\/svm-temp\/wp-content\/uploads\/2022\/04\/miljvnligt-hos-spray-hairsalon-i-marbellas-fritidshamn.png","contentUrl":"https:\/\/lightweb.dev\/l\/svm-temp\/wp-content\/uploads\/2022\/04\/miljvnligt-hos-spray-hairsalon-i-marbellas-fritidshamn.png","width":299,"height":200},{"@type":"BreadcrumbList","@id":"https:\/\/lightweb.dev\/l\/svm-temp\/artiklar\/miljovanligt-hos-spray-hairsalon-i-marbellas-fritidshamn\/#breadcrumb","itemListElement":[{"@type":"ListItem","position":1,"name":"Hem","item":"https:\/\/lightweb.dev\/l\/svm-temp\/"},{"@type":"ListItem","position":2,"name":"Milj\u00f6v\u00e4nligt hos Spray Hairsalon i Marbellas fritidshamn"}]},{"@type":"WebSite","@id":"https:\/\/lightweb.dev\/l\/svm-temp\/#website","url":"https:\/\/lightweb.dev\/l\/svm-temp\/","name":"Svenska Magasinet","description":"Dina Spanska nyheter p&aring; Svenska","publisher":{"@id":"https:\/\/lightweb.dev\/l\/svm-temp\/#organization"},"potentialAction":[{"@type":"SearchAction","target":{"@type":"EntryPoint","urlTemplate":"https:\/\/lightweb.dev\/l\/svm-temp\/?s={search_term_string}"},"query-input":{"@type":"PropertyValueSpecification","valueRequired":true,"valueName":"search_term_string"}}],"inLanguage":"sv-SE"},{"@type":"Organization","@id":"https:\/\/lightweb.dev\/l\/svm-temp\/#organization","name":"Melkerson y Nott SL","alternateName":"Svenska Magasinet","url":"https:\/\/lightweb.dev\/l\/svm-temp\/","logo":{"@type":"ImageObject","inLanguage":"sv-SE","@id":"https:\/\/lightweb.dev\/l\/svm-temp\/#\/schema\/logo\/image\/","url":"https:\/\/lightweb.dev\/l\/svm-temp\/wp-content\/uploads\/2025\/02\/SvM-logo-Xtra-Centrerad-SVART.png","contentUrl":"https:\/\/lightweb.dev\/l\/svm-temp\/wp-content\/uploads\/2025\/02\/SvM-logo-Xtra-Centrerad-SVART.png","width":300,"height":99,"caption":"Melkerson y Nott SL"},"image":{"@id":"https:\/\/lightweb.dev\/l\/svm-temp\/#\/schema\/logo\/image\/"},"sameAs":["https:\/\/www.facebook.com\/svenskamagasinet","https:\/\/x.com\/SvenskaMagasine"]},{"@type":"Person","@id":"https:\/\/lightweb.dev\/l\/svm-temp\/#\/schema\/person\/206a3bda5b607b0c25e1749191e4d837","name":"Redaktionen SvM","description":"Redaktionen","sameAs":["https:\/\/lightweb.dev\/l\/svm-temp"],"url":"https:\/\/lightweb.dev\/l\/svm-temp\/reporter\/redaktionen\/"}]}},"_links":{"self":[{"href":"https:\/\/lightweb.dev\/l\/svm-temp\/wp-json\/wp\/v2\/posts\/5083","targetHints":{"allow":["GET"]}}],"collection":[{"href":"https:\/\/lightweb.dev\/l\/svm-temp\/wp-json\/wp\/v2\/posts"}],"about":[{"href":"https:\/\/lightweb.dev\/l\/svm-temp\/wp-json\/wp\/v2\/types\/post"}],"author":[{"embeddable":true,"href":"https:\/\/lightweb.dev\/l\/svm-temp\/wp-json\/wp\/v2\/users\/8"}],"replies":[{"embeddable":true,"href":"https:\/\/lightweb.dev\/l\/svm-temp\/wp-json\/wp\/v2\/comments?post=5083"}],"version-history":[{"count":0,"href":"https:\/\/lightweb.dev\/l\/svm-temp\/wp-json\/wp\/v2\/posts\/5083\/revisions"}],"wp:featuredmedia":[{"embeddable":true,"href":"https:\/\/lightweb.dev\/l\/svm-temp\/wp-json\/wp\/v2\/media\/5084"}],"wp:attachment":[{"href":"https:\/\/lightweb.dev\/l\/svm-temp\/wp-json\/wp\/v2\/media?parent=5083"}],"wp:term":[{"taxonomy":"category","embeddable":true,"href":"https:\/\/lightweb.dev\/l\/svm-temp\/wp-json\/wp\/v2\/categories?post=5083"},{"taxonomy":"post_tag","embeddable":true,"href":"https:\/\/lightweb.dev\/l\/svm-temp\/wp-json\/wp\/v2\/tags?post=5083"}],"curies":[{"name":"wp","href":"https:\/\/api.w.org\/{rel}","templated":true}]}}