{"id":5098,"date":"2015-05-13T00:00:00","date_gmt":"2015-05-12T22:00:00","guid":{"rendered":"https:\/\/lightweb.dev\/l\/svm-temp\/fantastiska-ogras-fran-trogna-lasare\/"},"modified":"2015-05-13T00:00:00","modified_gmt":"2015-05-12T22:00:00","slug":"fantastiska-ogras-fran-trogna-lasare","status":"publish","type":"post","link":"https:\/\/lightweb.dev\/l\/svm-temp\/artiklar\/fantastiska-ogras-fran-trogna-lasare\/","title":{"rendered":"Fantastiska ogr\u00e4s fr\u00e5n trogna l\u00e4sare"},"content":{"rendered":"<p> Intill porten hos en god v\u00e4n i Fuengirola, visade hon p\u00e5 ett m\u00e4rkligt ogr\u00e4s, Euphorbia peplus, som hennes l\u00e4kare Pentti Raaste ordinerat henne f\u00f6r en hud\u00e5komma. Text\/Foto: Lennart Ekman<br \/>\ne-post: lennartekman@hotmail.com<\/p>\n<p>R\u00e4vt\u00f6rel (Euphorbia peplus)<br \/>\nDet visade sig att saften fr\u00e5n r\u00e4vt\u00f6rel, som v\u00e4xten heter p\u00e5 svenska, \u00e4r verksam mot bl a basaliom, senil keratos och v\u00e5rtor. P\u00e5 apoteket finns preparatet under namnet Picato (f\u00f6r \u00f6ver 100 euro!). Men tala med din l\u00e4kare innan du ger dig p\u00e5 det h\u00e4r ogr\u00e4set.<br \/>\nLinn\u00e9 hedrade kung Juba II av Mauretaniens livl\u00e4kare Euphorbus, samtida med Jesus, med sl\u00e4ktnamnet. P\u00e5 spanska heter v\u00e4xten lechetrensa, p\u00e5 engelska Petty spurge eller milkweed.<\/p>\n<p>Ipil-Ipil (Leucaena leococephala)<br \/>\nMin tr\u00e4gne leverant\u00f6r Eivor Bermlid skickade bilden p\u00e5 den h\u00e4r m\u00e4rkliga busken. Ipil-ipil \u00e4r ett centralamerikanskt ogr\u00e4s vars efternamn betyder vita huvuden. Bladen kan anv\u00e4ndas till br\u00e4nsle och foder, \u00e4rtskidorna kan vara m\u00e4nniskof\u00f6da och fr\u00f6na kan rostas och bli halsband. Men undvik att utfordra h\u00e4star men ipil-ipil f\u00f6r d\u00e5 tappar de manen!<br \/>\nP\u00e5 spanska heter busken guaje eller peladera.<\/p>\n<p>  Bl\u00e5senap ( Moricanda arvensis)<br \/>\nDen h\u00e4r vanliga v\u00e4xten bl\u00e5senap v\u00e4xer intill \u00e5krar (arvensis) och  kommer fr\u00e5n Sahararegionen, Den heter collej\u00f3n p\u00e5 spanska. Linn\u00e9 gjorde den schweiziske botanikern Moise Etienne Moricand, 1780-1854, evig genom bl\u00e5senap.<\/p>\n<p>Kungsmagnolia (Magnolia grandiflora)<br \/>\nFr\u00e5n London skicka min v\u00e4n Sonja Adolfsson bilden p\u00e5 den underbara kungsmagnolian som vi kan njuta av h\u00e4r nere vid det h\u00e4r laget.<br \/>\nV\u00e4xten kom hit p\u00e5 1700-talet fr\u00e5n Amerika och h\u00e4r har Linn\u00e9 gett \u00e4ran \u00e5t Pierre Magnol, 1638-1715, chef f\u00f6r botaniska tr\u00e4dg\u00e5rden i Monpellier.<\/p>\n","protected":false},"excerpt":{"rendered":"<p>Intill porten hos en god v\u00e4n i Fuengirola, visade hon p\u00e5 ett m\u00e4rkligt ogr\u00e4s, Euphorbia peplus, som hennes l\u00e4kare Pentti Raaste ordinerat henne f\u00f6r en hud\u00e5komma. Text\/Foto: Lennart Ekman e-post: lennartekman@hotmail.com R\u00e4vt\u00f6rel (Euphorbia peplus) Det visade sig att saften fr\u00e5n r\u00e4vt\u00f6rel, som v\u00e4xten heter p\u00e5 svenska, \u00e4r verksam mot bl a basaliom, senil keratos och [&hellip;]<\/p>\n","protected":false},"author":8,"featured_media":5099,"comment_status":"open","ping_status":"open","sticky":false,"template":"","format":"standard","meta":{"_et_pb_use_builder":"","_et_pb_old_content":"","_et_gb_content_width":"","footnotes":""},"categories":[4,37],"tags":[],"class_list":["post-5098","post","type-post","status-publish","format-standard","has-post-thumbnail","hentry","category-artiklar","category-hem-bostad"],"yoast_head":"<!-- This site is optimized with the Yoast SEO Premium plugin v26.2 (Yoast SEO v27.4) - https:\/\/yoast.com\/product\/yoast-seo-premium-wordpress\/ -->\n<title>Fantastiska ogr\u00e4s fr\u00e5n trogna l\u00e4sare - Svenska Magasinet<\/title>\n<meta name=\"robots\" content=\"noindex, follow, max-snippet:-1, max-image-preview:large, max-video-preview:-1\" \/>\n<meta property=\"og:locale\" content=\"sv_SE\" \/>\n<meta property=\"og:type\" content=\"article\" \/>\n<meta property=\"og:title\" content=\"Fantastiska ogr\u00e4s fr\u00e5n trogna l\u00e4sare\" \/>\n<meta property=\"og:description\" content=\"Intill porten hos en god v\u00e4n i Fuengirola, visade hon p\u00e5 ett m\u00e4rkligt ogr\u00e4s, Euphorbia peplus, som hennes l\u00e4kare Pentti Raaste ordinerat henne f\u00f6r en hud\u00e5komma. Text\/Foto: Lennart Ekman e-post: lennartekman@hotmail.com R\u00e4vt\u00f6rel (Euphorbia peplus) Det visade sig att saften fr\u00e5n r\u00e4vt\u00f6rel, som v\u00e4xten heter p\u00e5 svenska, \u00e4r verksam mot bl a basaliom, senil keratos och [&hellip;]\" \/>\n<meta property=\"og:url\" content=\"https:\/\/lightweb.dev\/l\/svm-temp\/artiklar\/fantastiska-ogras-fran-trogna-lasare\/\" \/>\n<meta property=\"og:site_name\" content=\"Svenska Magasinet\" \/>\n<meta property=\"article:publisher\" content=\"https:\/\/www.facebook.com\/svenskamagasinet\" \/>\n<meta property=\"article:published_time\" content=\"2015-05-12T22:00:00+00:00\" \/>\n<meta property=\"og:image\" content=\"https:\/\/lightweb.dev\/l\/svm-temp\/wp-content\/uploads\/2022\/04\/fantastiska-ogrs-frn-trogna-lsare.png\" \/>\n\t<meta property=\"og:image:width\" content=\"280\" \/>\n\t<meta property=\"og:image:height\" content=\"373\" \/>\n\t<meta property=\"og:image:type\" content=\"image\/png\" \/>\n<meta name=\"author\" content=\"Redaktionen SvM\" \/>\n<meta name=\"twitter:card\" content=\"summary_large_image\" \/>\n<meta name=\"twitter:creator\" content=\"@SvenskaMagasine\" \/>\n<meta name=\"twitter:site\" content=\"@SvenskaMagasine\" \/>\n<script type=\"application\/ld+json\" class=\"yoast-schema-graph\">{\"@context\":\"https:\\\/\\\/schema.org\",\"@graph\":[{\"@type\":\"Article\",\"@id\":\"https:\\\/\\\/lightweb.dev\\\/l\\\/svm-temp\\\/artiklar\\\/fantastiska-ogras-fran-trogna-lasare\\\/#article\",\"isPartOf\":{\"@id\":\"https:\\\/\\\/lightweb.dev\\\/l\\\/svm-temp\\\/artiklar\\\/fantastiska-ogras-fran-trogna-lasare\\\/\"},\"author\":{\"name\":\"Redaktionen SvM\",\"@id\":\"https:\\\/\\\/lightweb.dev\\\/l\\\/svm-temp\\\/#\\\/schema\\\/person\\\/206a3bda5b607b0c25e1749191e4d837\"},\"headline\":\"Fantastiska ogr\u00e4s fr\u00e5n trogna l\u00e4sare\",\"datePublished\":\"2015-05-12T22:00:00+00:00\",\"mainEntityOfPage\":{\"@id\":\"https:\\\/\\\/lightweb.dev\\\/l\\\/svm-temp\\\/artiklar\\\/fantastiska-ogras-fran-trogna-lasare\\\/\"},\"wordCount\":309,\"commentCount\":0,\"publisher\":{\"@id\":\"https:\\\/\\\/lightweb.dev\\\/l\\\/svm-temp\\\/#organization\"},\"image\":{\"@id\":\"https:\\\/\\\/lightweb.dev\\\/l\\\/svm-temp\\\/artiklar\\\/fantastiska-ogras-fran-trogna-lasare\\\/#primaryimage\"},\"thumbnailUrl\":\"https:\\\/\\\/lightweb.dev\\\/l\\\/svm-temp\\\/wp-content\\\/uploads\\\/2022\\\/04\\\/fantastiska-ogrs-frn-trogna-lsare.png\",\"articleSection\":[\"Artiklar\",\"Hem &amp; bostad\"],\"inLanguage\":\"sv-SE\"},{\"@type\":\"WebPage\",\"@id\":\"https:\\\/\\\/lightweb.dev\\\/l\\\/svm-temp\\\/artiklar\\\/fantastiska-ogras-fran-trogna-lasare\\\/\",\"url\":\"https:\\\/\\\/lightweb.dev\\\/l\\\/svm-temp\\\/artiklar\\\/fantastiska-ogras-fran-trogna-lasare\\\/\",\"name\":\"Fantastiska ogr\u00e4s fr\u00e5n trogna l\u00e4sare - Svenska Magasinet\",\"isPartOf\":{\"@id\":\"https:\\\/\\\/lightweb.dev\\\/l\\\/svm-temp\\\/#website\"},\"primaryImageOfPage\":{\"@id\":\"https:\\\/\\\/lightweb.dev\\\/l\\\/svm-temp\\\/artiklar\\\/fantastiska-ogras-fran-trogna-lasare\\\/#primaryimage\"},\"image\":{\"@id\":\"https:\\\/\\\/lightweb.dev\\\/l\\\/svm-temp\\\/artiklar\\\/fantastiska-ogras-fran-trogna-lasare\\\/#primaryimage\"},\"thumbnailUrl\":\"https:\\\/\\\/lightweb.dev\\\/l\\\/svm-temp\\\/wp-content\\\/uploads\\\/2022\\\/04\\\/fantastiska-ogrs-frn-trogna-lsare.png\",\"datePublished\":\"2015-05-12T22:00:00+00:00\",\"breadcrumb\":{\"@id\":\"https:\\\/\\\/lightweb.dev\\\/l\\\/svm-temp\\\/artiklar\\\/fantastiska-ogras-fran-trogna-lasare\\\/#breadcrumb\"},\"inLanguage\":\"sv-SE\",\"potentialAction\":[{\"@type\":\"ReadAction\",\"target\":[\"https:\\\/\\\/lightweb.dev\\\/l\\\/svm-temp\\\/artiklar\\\/fantastiska-ogras-fran-trogna-lasare\\\/\"]}]},{\"@type\":\"ImageObject\",\"inLanguage\":\"sv-SE\",\"@id\":\"https:\\\/\\\/lightweb.dev\\\/l\\\/svm-temp\\\/artiklar\\\/fantastiska-ogras-fran-trogna-lasare\\\/#primaryimage\",\"url\":\"https:\\\/\\\/lightweb.dev\\\/l\\\/svm-temp\\\/wp-content\\\/uploads\\\/2022\\\/04\\\/fantastiska-ogrs-frn-trogna-lsare.png\",\"contentUrl\":\"https:\\\/\\\/lightweb.dev\\\/l\\\/svm-temp\\\/wp-content\\\/uploads\\\/2022\\\/04\\\/fantastiska-ogrs-frn-trogna-lsare.png\",\"width\":280,\"height\":373},{\"@type\":\"BreadcrumbList\",\"@id\":\"https:\\\/\\\/lightweb.dev\\\/l\\\/svm-temp\\\/artiklar\\\/fantastiska-ogras-fran-trogna-lasare\\\/#breadcrumb\",\"itemListElement\":[{\"@type\":\"ListItem\",\"position\":1,\"name\":\"Hem\",\"item\":\"https:\\\/\\\/lightweb.dev\\\/l\\\/svm-temp\\\/\"},{\"@type\":\"ListItem\",\"position\":2,\"name\":\"Fantastiska ogr\u00e4s fr\u00e5n trogna l\u00e4sare\"}]},{\"@type\":\"WebSite\",\"@id\":\"https:\\\/\\\/lightweb.dev\\\/l\\\/svm-temp\\\/#website\",\"url\":\"https:\\\/\\\/lightweb.dev\\\/l\\\/svm-temp\\\/\",\"name\":\"Svenska Magasinet\",\"description\":\"Dina Spanska nyheter p&aring; Svenska\",\"publisher\":{\"@id\":\"https:\\\/\\\/lightweb.dev\\\/l\\\/svm-temp\\\/#organization\"},\"potentialAction\":[{\"@type\":\"SearchAction\",\"target\":{\"@type\":\"EntryPoint\",\"urlTemplate\":\"https:\\\/\\\/lightweb.dev\\\/l\\\/svm-temp\\\/?s={search_term_string}\"},\"query-input\":{\"@type\":\"PropertyValueSpecification\",\"valueRequired\":true,\"valueName\":\"search_term_string\"}}],\"inLanguage\":\"sv-SE\"},{\"@type\":\"Organization\",\"@id\":\"https:\\\/\\\/lightweb.dev\\\/l\\\/svm-temp\\\/#organization\",\"name\":\"Melkerson y Nott SL\",\"alternateName\":\"Svenska Magasinet\",\"url\":\"https:\\\/\\\/lightweb.dev\\\/l\\\/svm-temp\\\/\",\"logo\":{\"@type\":\"ImageObject\",\"inLanguage\":\"sv-SE\",\"@id\":\"https:\\\/\\\/lightweb.dev\\\/l\\\/svm-temp\\\/#\\\/schema\\\/logo\\\/image\\\/\",\"url\":\"https:\\\/\\\/lightweb.dev\\\/l\\\/svm-temp\\\/wp-content\\\/uploads\\\/2025\\\/02\\\/SvM-logo-Xtra-Centrerad-SVART.png\",\"contentUrl\":\"https:\\\/\\\/lightweb.dev\\\/l\\\/svm-temp\\\/wp-content\\\/uploads\\\/2025\\\/02\\\/SvM-logo-Xtra-Centrerad-SVART.png\",\"width\":300,\"height\":99,\"caption\":\"Melkerson y Nott SL\"},\"image\":{\"@id\":\"https:\\\/\\\/lightweb.dev\\\/l\\\/svm-temp\\\/#\\\/schema\\\/logo\\\/image\\\/\"},\"sameAs\":[\"https:\\\/\\\/www.facebook.com\\\/svenskamagasinet\",\"https:\\\/\\\/x.com\\\/SvenskaMagasine\"]},{\"@type\":\"Person\",\"@id\":\"https:\\\/\\\/lightweb.dev\\\/l\\\/svm-temp\\\/#\\\/schema\\\/person\\\/206a3bda5b607b0c25e1749191e4d837\",\"name\":\"Redaktionen SvM\",\"description\":\"Redaktionen\",\"sameAs\":[\"https:\\\/\\\/lightweb.dev\\\/l\\\/svm-temp\"],\"url\":\"https:\\\/\\\/lightweb.dev\\\/l\\\/svm-temp\\\/reporter\\\/redaktionen\\\/\"}]}<\/script>\n<!-- \/ Yoast SEO Premium plugin. -->","yoast_head_json":{"title":"Fantastiska ogr\u00e4s fr\u00e5n trogna l\u00e4sare - Svenska Magasinet","robots":{"index":"noindex","follow":"follow","max-snippet":"max-snippet:-1","max-image-preview":"max-image-preview:large","max-video-preview":"max-video-preview:-1"},"og_locale":"sv_SE","og_type":"article","og_title":"Fantastiska ogr\u00e4s fr\u00e5n trogna l\u00e4sare","og_description":"Intill porten hos en god v\u00e4n i Fuengirola, visade hon p\u00e5 ett m\u00e4rkligt ogr\u00e4s, Euphorbia peplus, som hennes l\u00e4kare Pentti Raaste ordinerat henne f\u00f6r en hud\u00e5komma. Text\/Foto: Lennart Ekman e-post: lennartekman@hotmail.com R\u00e4vt\u00f6rel (Euphorbia peplus) Det visade sig att saften fr\u00e5n r\u00e4vt\u00f6rel, som v\u00e4xten heter p\u00e5 svenska, \u00e4r verksam mot bl a basaliom, senil keratos och [&hellip;]","og_url":"https:\/\/lightweb.dev\/l\/svm-temp\/artiklar\/fantastiska-ogras-fran-trogna-lasare\/","og_site_name":"Svenska Magasinet","article_publisher":"https:\/\/www.facebook.com\/svenskamagasinet","article_published_time":"2015-05-12T22:00:00+00:00","og_image":[{"width":280,"height":373,"url":"https:\/\/lightweb.dev\/l\/svm-temp\/wp-content\/uploads\/2022\/04\/fantastiska-ogrs-frn-trogna-lsare.png","type":"image\/png"}],"author":"Redaktionen SvM","twitter_card":"summary_large_image","twitter_creator":"@SvenskaMagasine","twitter_site":"@SvenskaMagasine","schema":{"@context":"https:\/\/schema.org","@graph":[{"@type":"Article","@id":"https:\/\/lightweb.dev\/l\/svm-temp\/artiklar\/fantastiska-ogras-fran-trogna-lasare\/#article","isPartOf":{"@id":"https:\/\/lightweb.dev\/l\/svm-temp\/artiklar\/fantastiska-ogras-fran-trogna-lasare\/"},"author":{"name":"Redaktionen SvM","@id":"https:\/\/lightweb.dev\/l\/svm-temp\/#\/schema\/person\/206a3bda5b607b0c25e1749191e4d837"},"headline":"Fantastiska ogr\u00e4s fr\u00e5n trogna l\u00e4sare","datePublished":"2015-05-12T22:00:00+00:00","mainEntityOfPage":{"@id":"https:\/\/lightweb.dev\/l\/svm-temp\/artiklar\/fantastiska-ogras-fran-trogna-lasare\/"},"wordCount":309,"commentCount":0,"publisher":{"@id":"https:\/\/lightweb.dev\/l\/svm-temp\/#organization"},"image":{"@id":"https:\/\/lightweb.dev\/l\/svm-temp\/artiklar\/fantastiska-ogras-fran-trogna-lasare\/#primaryimage"},"thumbnailUrl":"https:\/\/lightweb.dev\/l\/svm-temp\/wp-content\/uploads\/2022\/04\/fantastiska-ogrs-frn-trogna-lsare.png","articleSection":["Artiklar","Hem &amp; bostad"],"inLanguage":"sv-SE"},{"@type":"WebPage","@id":"https:\/\/lightweb.dev\/l\/svm-temp\/artiklar\/fantastiska-ogras-fran-trogna-lasare\/","url":"https:\/\/lightweb.dev\/l\/svm-temp\/artiklar\/fantastiska-ogras-fran-trogna-lasare\/","name":"Fantastiska ogr\u00e4s fr\u00e5n trogna l\u00e4sare - Svenska Magasinet","isPartOf":{"@id":"https:\/\/lightweb.dev\/l\/svm-temp\/#website"},"primaryImageOfPage":{"@id":"https:\/\/lightweb.dev\/l\/svm-temp\/artiklar\/fantastiska-ogras-fran-trogna-lasare\/#primaryimage"},"image":{"@id":"https:\/\/lightweb.dev\/l\/svm-temp\/artiklar\/fantastiska-ogras-fran-trogna-lasare\/#primaryimage"},"thumbnailUrl":"https:\/\/lightweb.dev\/l\/svm-temp\/wp-content\/uploads\/2022\/04\/fantastiska-ogrs-frn-trogna-lsare.png","datePublished":"2015-05-12T22:00:00+00:00","breadcrumb":{"@id":"https:\/\/lightweb.dev\/l\/svm-temp\/artiklar\/fantastiska-ogras-fran-trogna-lasare\/#breadcrumb"},"inLanguage":"sv-SE","potentialAction":[{"@type":"ReadAction","target":["https:\/\/lightweb.dev\/l\/svm-temp\/artiklar\/fantastiska-ogras-fran-trogna-lasare\/"]}]},{"@type":"ImageObject","inLanguage":"sv-SE","@id":"https:\/\/lightweb.dev\/l\/svm-temp\/artiklar\/fantastiska-ogras-fran-trogna-lasare\/#primaryimage","url":"https:\/\/lightweb.dev\/l\/svm-temp\/wp-content\/uploads\/2022\/04\/fantastiska-ogrs-frn-trogna-lsare.png","contentUrl":"https:\/\/lightweb.dev\/l\/svm-temp\/wp-content\/uploads\/2022\/04\/fantastiska-ogrs-frn-trogna-lsare.png","width":280,"height":373},{"@type":"BreadcrumbList","@id":"https:\/\/lightweb.dev\/l\/svm-temp\/artiklar\/fantastiska-ogras-fran-trogna-lasare\/#breadcrumb","itemListElement":[{"@type":"ListItem","position":1,"name":"Hem","item":"https:\/\/lightweb.dev\/l\/svm-temp\/"},{"@type":"ListItem","position":2,"name":"Fantastiska ogr\u00e4s fr\u00e5n trogna l\u00e4sare"}]},{"@type":"WebSite","@id":"https:\/\/lightweb.dev\/l\/svm-temp\/#website","url":"https:\/\/lightweb.dev\/l\/svm-temp\/","name":"Svenska Magasinet","description":"Dina Spanska nyheter p&aring; Svenska","publisher":{"@id":"https:\/\/lightweb.dev\/l\/svm-temp\/#organization"},"potentialAction":[{"@type":"SearchAction","target":{"@type":"EntryPoint","urlTemplate":"https:\/\/lightweb.dev\/l\/svm-temp\/?s={search_term_string}"},"query-input":{"@type":"PropertyValueSpecification","valueRequired":true,"valueName":"search_term_string"}}],"inLanguage":"sv-SE"},{"@type":"Organization","@id":"https:\/\/lightweb.dev\/l\/svm-temp\/#organization","name":"Melkerson y Nott SL","alternateName":"Svenska Magasinet","url":"https:\/\/lightweb.dev\/l\/svm-temp\/","logo":{"@type":"ImageObject","inLanguage":"sv-SE","@id":"https:\/\/lightweb.dev\/l\/svm-temp\/#\/schema\/logo\/image\/","url":"https:\/\/lightweb.dev\/l\/svm-temp\/wp-content\/uploads\/2025\/02\/SvM-logo-Xtra-Centrerad-SVART.png","contentUrl":"https:\/\/lightweb.dev\/l\/svm-temp\/wp-content\/uploads\/2025\/02\/SvM-logo-Xtra-Centrerad-SVART.png","width":300,"height":99,"caption":"Melkerson y Nott SL"},"image":{"@id":"https:\/\/lightweb.dev\/l\/svm-temp\/#\/schema\/logo\/image\/"},"sameAs":["https:\/\/www.facebook.com\/svenskamagasinet","https:\/\/x.com\/SvenskaMagasine"]},{"@type":"Person","@id":"https:\/\/lightweb.dev\/l\/svm-temp\/#\/schema\/person\/206a3bda5b607b0c25e1749191e4d837","name":"Redaktionen SvM","description":"Redaktionen","sameAs":["https:\/\/lightweb.dev\/l\/svm-temp"],"url":"https:\/\/lightweb.dev\/l\/svm-temp\/reporter\/redaktionen\/"}]}},"_links":{"self":[{"href":"https:\/\/lightweb.dev\/l\/svm-temp\/wp-json\/wp\/v2\/posts\/5098","targetHints":{"allow":["GET"]}}],"collection":[{"href":"https:\/\/lightweb.dev\/l\/svm-temp\/wp-json\/wp\/v2\/posts"}],"about":[{"href":"https:\/\/lightweb.dev\/l\/svm-temp\/wp-json\/wp\/v2\/types\/post"}],"author":[{"embeddable":true,"href":"https:\/\/lightweb.dev\/l\/svm-temp\/wp-json\/wp\/v2\/users\/8"}],"replies":[{"embeddable":true,"href":"https:\/\/lightweb.dev\/l\/svm-temp\/wp-json\/wp\/v2\/comments?post=5098"}],"version-history":[{"count":0,"href":"https:\/\/lightweb.dev\/l\/svm-temp\/wp-json\/wp\/v2\/posts\/5098\/revisions"}],"wp:featuredmedia":[{"embeddable":true,"href":"https:\/\/lightweb.dev\/l\/svm-temp\/wp-json\/wp\/v2\/media\/5099"}],"wp:attachment":[{"href":"https:\/\/lightweb.dev\/l\/svm-temp\/wp-json\/wp\/v2\/media?parent=5098"}],"wp:term":[{"taxonomy":"category","embeddable":true,"href":"https:\/\/lightweb.dev\/l\/svm-temp\/wp-json\/wp\/v2\/categories?post=5098"},{"taxonomy":"post_tag","embeddable":true,"href":"https:\/\/lightweb.dev\/l\/svm-temp\/wp-json\/wp\/v2\/tags?post=5098"}],"curies":[{"name":"wp","href":"https:\/\/api.w.org\/{rel}","templated":true}]}}