{"id":5112,"date":"2015-05-07T00:00:00","date_gmt":"2015-05-06T22:00:00","guid":{"rendered":"https:\/\/lightweb.dev\/l\/svm-temp\/succeresan-till-madrid-fortsatter-med-unescos-varldsarv-salamanca\/"},"modified":"2015-05-07T00:00:00","modified_gmt":"2015-05-06T22:00:00","slug":"succeresan-till-madrid-fortsatter-med-unescos-varldsarv-salamanca","status":"publish","type":"post","link":"https:\/\/lightweb.dev\/l\/svm-temp\/artiklar\/succeresan-till-madrid-fortsatter-med-unescos-varldsarv-salamanca\/","title":{"rendered":"Succ\u00e9resan till Madrid forts\u00e4tter &#8211; med Unescos v\u00e4rldsarv Salamanca"},"content":{"rendered":"<p> Upplev Spaniens hj\u00e4rta och Spaniensvenskarnas huvudstad Madrid med den auktoriserade guiden Siv Ling och Svenska Magasinet. Ni som har varit med till Madrid tidigare upplevde Toledo, El Escorial eller Aranjuez. P\u00e5 \u00e5rets Madrid-resa ing\u00e5r i st\u00e4llet heldagsutflykter till Salamanca och Segovia som \u00e4r n\u00e5gra de vackraste st\u00e4derna i Spanien. Salamanca har vackra palats byggda i gyllene sandsten. Det \u00e4r ett gammalt kulturellt centrum med Spaniens n\u00e4st \u00e4ldsta universitet fr\u00e5n 1200-talet som blev ett av de mest ansedda. Programtext: Siv Ling<\/p>\n<p>Bes\u00f6ka Spaniens vackra och sp\u00e4nnande huvudstad Madrid \u00e4r ett m\u00e5ste. Med sina m\u00e5nga monument och museer har Madrid i det n\u00e4rmaste en outt\u00f6mlig k\u00e4lla av sev\u00e4rdheter. Museo del Prado, ett av v\u00e4rldens f\u00f6rn\u00e4msta konstgallerier, Museo Thyssen Bornemisza, har en av v\u00e4rldens fr\u00e4msta privata konstsamlingar samt Museo Nacional Centro de Arte Reina Sof\u00eda med Picassos k\u00e4nda verk \u201dGuernica\u201d \u00e4r bara n\u00e5got av allt som erbjuds. Eller Palacio Real (Kungliga Slottet) med 2.200 rum \u00e4r ocks\u00e5 v\u00e4rt ett bes\u00f6k.<\/p>\n<p>Madrid \u00e4r en fantastisk stad att bara flanera runt i. Se p\u00e5 de vackra husen, avenyerna, g\u00e5 p\u00e5 tapasbar och uppleva folklivet. H\u00e4r finns den vackra Retiro-parken och utm\u00e4rkt shopping l\u00e4ngs eleganta aff\u00e4rsgator. P\u00e5 heldagsutflykten till Salamanca bes\u00f6ker vi katedralerna, den senare en av de sista gotiska byggnaderna i Spanien, universitetet d\u00e4r m\u00e5nga k\u00e4nda personligheter har studerat och vi tar en paus p\u00e5 Plaza Mayor.<\/p>\n<p>Resans avskedslunch har vi i Segovia, bel\u00e4get p\u00e5 en klippa tusen meter \u00f6ver havet som omges av tv\u00e5 floder. Varje epok har satt sina sp\u00e5r i Segovia, vilket g\u00f6r den till en av de kulturminnesrikaste st\u00e4derna med den romerska akvedukten, det mest karakteristiska kulturminnesm\u00e4rket och ett av romartidens mest storslagna byggnadsverk.<\/p>\n<p>Vi bes\u00f6ker \u00e4ven i \u00e5r Valle de los Caidos och El Pardo slottet som ligger i det vackra naturparken Monte el Pardo. Dessa bes\u00f6k \u00e4r mycket uppskattade och sp\u00e4nnande.<\/p>\n<p>Dag 1. 20 november, M\u00e1laga-Madrid<br \/>\nVi reser klockan 11.00 fr\u00e5n M\u00e1lagas t\u00e5gstation Maria Zambrano med h\u00f6ghastighets-t\u00e5get AVE i upp till 300 km\/h. T\u00e5get \u00e4r framme i Madrid klockan 13.40. Vid framkomsten k\u00f6r vi direkt till hotell Ganivet, centralt bel\u00e4get p\u00e5 calle Toledo (vid Puerta de Toledo).<br \/>\nF\u00f6r att l\u00e4ra k\u00e4nna Madrid g\u00f6r vi en stadsrundtur med buss d\u00e4r vi passerar b\u00e5de Habsburgarnas och Bourbonernas Madrid. P\u00e5 kv\u00e4llen \u00e5ker vi till en av Madrids anrika restauranger d\u00e4r Svenska Magasinet bjuder gruppen p\u00e5 en v\u00e4lkomstmiddag. Huvudr\u00e4tten \u00e4r ugnstekt lamm. Efter middagen k\u00f6r bussen oss tillbaka till hotell Ganivet.<\/p>\n<p>Dag 2. 21 november, Madrid-Valle de los Caidos-El Pardo<br \/>\nEfter frukost p\u00e5 hotellet \u00e5ker vi ca 50  km i nordv\u00e4stlig riktning till Valle de los Caidos, (De stupades dal), monumentet som General Franco l\u00e4t uppf\u00f6ra efter det spanska inb\u00f6rdeskriget till minne av krigets offer. Det s\u00e4gs ligga \u00f6ver 40.000 soldater begravda i kryptan. H\u00e4r ligger ocks\u00e5 General Franco som avled f\u00f6r 40 \u00e5r sedan, den 20 november 1975. H\u00e4r ligger \u00e4ven Jos\u00e9 Antonio Primo de Rivera. Monumentet som ligger vid foten av Guadarramabergen har ett 150 meter h\u00f6gt kors i granit. Om basilikan \u00e4r \u00f6ppen g\u00e5r vi in och ser de vackra gobel\u00e4ngerna (originalen fr\u00e5n 1500-talet).<\/p>\n<p>Fr\u00e5n Valle de Los Caidos forts\u00e4tter vi till den lilla byn el Pardo som ligger 7 km fr\u00e5n Madrid. El Pardo \u00e4r en liten by med endast ca 3.500 inv\u00e5nare och ligger vid Monte el Pardo, ett stort naturskyddsomr\u00e5de med stora ekskogar. Det var tidigare ett jaktreservat f\u00f6r de spanska kungarna och det f\u00f6rsta jaktslottet byggdes redan p\u00e5 1400-talet. Sedan dess har slottet genomg\u00e5tt kontinuerliga ombyggnader under \u00e5rhundradena och fick sin nuvarande form f\u00f6rst under kung Alfonso XIII:s regering i b\u00f6rjan av 1900-talet.<\/p>\n<p>Slottet var ocks\u00e5 residens \u00e5t General Francisco Franco fram till hans d\u00f6d. I v\u00e5r tid anv\u00e4nds slottet som g\u00e4stbostad vid utl\u00e4ndska statsbes\u00f6k. Bland annat har det svenska kungaparet vistats h\u00e4r vid ett antal tillf\u00e4llen. N\u00e4r det inte \u00e4r statsbes\u00f6k \u00e4r slottet \u00f6ppet f\u00f6r allm\u00e4nheten och vi g\u00f6ra en rundvandring i slottet.<br \/>\nVi \u00e4r tillbaka i Madrid vid lunchdags, eftermiddagen och kv\u00e4llen fri i Madrid.<\/p>\n<p>  Dag  3. 22 november. Madrid-Salamanca-Madrid<br \/>\nEfter frukost p\u00e5 hotellet \u00e5ker vi v\u00e4sterut ca 200 km till universitetsstaden Salamanca, en av de vackraste st\u00e4derna i Spanien. Staden ligger 800 meter vid floden Tormes. (Biflod till Duero). I detta kulturella centrum bes\u00f6ker vi stadens mest k\u00e4nda sev\u00e4rdheter som \u00e4r bel\u00e4gna runt Plaza Mayor, ett av Spaniens st\u00f6rsta och vackraste barocktorg som har en blandning av arkadf\u00f6rsedda hus och kaf\u00e9er. Torget \u00e4r byggt i varmt gyllene sandsten och ritat av den k\u00e4nde arkitekten Alberto de Churriguera.<\/p>\n<p>Till sev\u00e4rdheterna h\u00f6r ocks\u00e5 de b\u00e5da katedralerna. Ovanligt nog rev man inte den gamla katedralen fr\u00e5n 1100- och 1200-talet som \u00e4r byggd i romansk stil n\u00e4r man byggde den nya p\u00e5 1500-talet i gotisk stil men \u00e4ven ren\u00e4ssans och barock. Vi bes\u00f6ker b\u00e5da katedralerna f\u00f6r att komma till den \u00e4ldsta katedralen m\u00e5ste vi g\u00e5 genom den nya.<br \/>\nUnder bes\u00f6ket i Salamanca ser vi \u00e4ven Casa de las Conchas och universitetet. Innan vi \u00e5terv\u00e4nder till Madrid \u00e4ter vi gemensam lunch i Salamanca. Detta \u00e4r en heldagsutflykt med lunch som ing\u00e5r resan.<\/p>\n<p>Dag  4, 23 november, Madrid-Segovia-Madrid-M\u00e1laga<br \/>\nEfter frukost p\u00e5 hotellet \u00e5ker vi norrut till Segovia (ca 90 km). Segovia har ett uppseendev\u00e4ckande l\u00e4ge. Den gamla staden ligger h\u00f6gt p\u00e5 ett klipputspr\u00e5ng och omges av tv\u00e5 floder. Segovia j\u00e4mf\u00f6rs ofta med ett skepp, l\u00e4ngst ut p\u00e5 den skarpa klippspetsen ligger \u00c1lcazar som ett sagoslott. Borgen har varit sk\u00e5deplats f\u00f6r m\u00e5nga viktiga historiska h\u00e4ndelser och anv\u00e4nds i v\u00e5ra dagar vid filminspelningar.<br \/>\nDen romerska akvedukten \u00e4r ett av v\u00e4rldens b\u00e4st bevarade romerska byggnadsverk. Denna imponerande anl\u00e4ggning \u00e4r byggd av stora granitstenar utan murbruk. Den var fortfarande i bruk under 1800-talet och f\u00f6rde vatten fr\u00e5n bergen in till Segovia, en str\u00e4cka p\u00e5 17 km. Akvedukten har 119 m\u00e4ktiga b\u00e5gar, upp till 28 m h\u00f6ga, och \u00e4r 728 m l\u00e5ng.<br \/>\nI Segovia har vi den sista gemensamma lunchen med sp\u00e4dgris som huvudr\u00e4tt, innan vi \u00e5ker tillbaka till Madrid och Atocha-stationen f\u00f6r att ta t\u00e5get till Malaga. AVE t\u00e5get avg\u00e5r kl 18.30 och anl\u00e4nder Malaga kl 20.55.<\/p>\n<p>Pris fr\u00e5n M\u00e1laga: 550.00 euro per person i dubbelrum, min 30 pax<br \/>\nPris fr\u00e5n Madrid: 475.00 euro<br \/>\nEnkelrumstill\u00e4gg: 115.00 euro<\/p>\n<p>I priset ing\u00e5r: AVE-t\u00e5get, M\u00e1laga-Madrid-M\u00e1laga, tre n\u00e4tter p\u00e5 centralt bel\u00e4get hotell med frukost, auktoriserad guide, (Siv Ling) under hela resan, buss med luftkonditionering p\u00e5 de ovan n\u00e4mnda utflykterna, entr\u00e9 till El Pardo-slottet, entree till Valle de los Caidos,  heldagsutflykt till Salamanca med lunch, festmiddag med  ugnstekt lamm f\u00f6rsta kv\u00e4llen i Madrid och lunch med sp\u00e4dgris i Segovia sista dagen.<\/p>\n<p>Eventuella fr\u00e5gor och anm\u00e4lan kan g\u00f6ras till Siv Ling p\u00e5 +34 609 577 162, e-post:siv.ling@telefonica.net<\/p>\n<p>Anm\u00e4lan kan ocks\u00e5 g\u00f6ras hos Ruta\/Solar Resebyr\u00e5, Pasaje La Pandereta s\/n, 29640 Fuengirola, tel: +34 952 479 954 eller +34 952 479 958, e-post: fuengirola@rutasolar.com<\/p>\n","protected":false},"excerpt":{"rendered":"<p>Upplev Spaniens hj\u00e4rta och Spaniensvenskarnas huvudstad Madrid med den auktoriserade guiden Siv Ling och Svenska Magasinet. Ni som har varit med till Madrid tidigare upplevde Toledo, El Escorial eller Aranjuez. P\u00e5 \u00e5rets Madrid-resa ing\u00e5r i st\u00e4llet heldagsutflykter till Salamanca och Segovia som \u00e4r n\u00e5gra de vackraste st\u00e4derna i Spanien. Salamanca har vackra palats byggda i [&hellip;]<\/p>\n","protected":false},"author":8,"featured_media":5113,"comment_status":"open","ping_status":"open","sticky":false,"template":"","format":"standard","meta":{"_et_pb_use_builder":"","_et_pb_old_content":"","_et_gb_content_width":"","footnotes":""},"categories":[396,4],"tags":[],"class_list":["post-5112","post","type-post","status-publish","format-standard","has-post-thumbnail","hentry","category-arkiv-artiklar","category-artiklar"],"yoast_head":"<!-- This site is optimized with the Yoast SEO Premium plugin v26.2 (Yoast SEO v27.4) - https:\/\/yoast.com\/product\/yoast-seo-premium-wordpress\/ -->\n<title>Succ\u00e9resan till Madrid forts\u00e4tter - med Unescos v\u00e4rldsarv Salamanca - Svenska Magasinet<\/title>\n<meta name=\"robots\" content=\"noindex, follow, max-snippet:-1, max-image-preview:large, max-video-preview:-1\" \/>\n<meta property=\"og:locale\" content=\"sv_SE\" \/>\n<meta property=\"og:type\" content=\"article\" \/>\n<meta property=\"og:title\" content=\"Succ\u00e9resan till Madrid forts\u00e4tter - med Unescos v\u00e4rldsarv Salamanca\" \/>\n<meta property=\"og:description\" content=\"Upplev Spaniens hj\u00e4rta och Spaniensvenskarnas huvudstad Madrid med den auktoriserade guiden Siv Ling och Svenska Magasinet. Ni som har varit med till Madrid tidigare upplevde Toledo, El Escorial eller Aranjuez. P\u00e5 \u00e5rets Madrid-resa ing\u00e5r i st\u00e4llet heldagsutflykter till Salamanca och Segovia som \u00e4r n\u00e5gra de vackraste st\u00e4derna i Spanien. Salamanca har vackra palats byggda i [&hellip;]\" \/>\n<meta property=\"og:url\" content=\"https:\/\/lightweb.dev\/l\/svm-temp\/artiklar\/succeresan-till-madrid-fortsatter-med-unescos-varldsarv-salamanca\/\" \/>\n<meta property=\"og:site_name\" content=\"Svenska Magasinet\" \/>\n<meta property=\"article:publisher\" content=\"https:\/\/www.facebook.com\/svenskamagasinet\" \/>\n<meta property=\"article:published_time\" content=\"2015-05-06T22:00:00+00:00\" \/>\n<meta property=\"og:image\" content=\"https:\/\/lightweb.dev\/l\/svm-temp\/wp-content\/uploads\/2022\/04\/succresan-till-madrid-fortstter-med-unescos-vrldsarv-salamanca.png\" \/>\n\t<meta property=\"og:image:width\" content=\"299\" \/>\n\t<meta property=\"og:image:height\" content=\"200\" \/>\n\t<meta property=\"og:image:type\" content=\"image\/png\" \/>\n<meta name=\"author\" content=\"Redaktionen SvM\" \/>\n<meta name=\"twitter:card\" content=\"summary_large_image\" \/>\n<meta name=\"twitter:creator\" content=\"@SvenskaMagasine\" \/>\n<meta name=\"twitter:site\" content=\"@SvenskaMagasine\" \/>\n<script type=\"application\/ld+json\" class=\"yoast-schema-graph\">{\"@context\":\"https:\\\/\\\/schema.org\",\"@graph\":[{\"@type\":\"Article\",\"@id\":\"https:\\\/\\\/lightweb.dev\\\/l\\\/svm-temp\\\/artiklar\\\/succeresan-till-madrid-fortsatter-med-unescos-varldsarv-salamanca\\\/#article\",\"isPartOf\":{\"@id\":\"https:\\\/\\\/lightweb.dev\\\/l\\\/svm-temp\\\/artiklar\\\/succeresan-till-madrid-fortsatter-med-unescos-varldsarv-salamanca\\\/\"},\"author\":{\"name\":\"Redaktionen SvM\",\"@id\":\"https:\\\/\\\/lightweb.dev\\\/l\\\/svm-temp\\\/#\\\/schema\\\/person\\\/206a3bda5b607b0c25e1749191e4d837\"},\"headline\":\"Succ\u00e9resan till Madrid forts\u00e4tter &#8211; med Unescos v\u00e4rldsarv Salamanca\",\"datePublished\":\"2015-05-06T22:00:00+00:00\",\"mainEntityOfPage\":{\"@id\":\"https:\\\/\\\/lightweb.dev\\\/l\\\/svm-temp\\\/artiklar\\\/succeresan-till-madrid-fortsatter-med-unescos-varldsarv-salamanca\\\/\"},\"wordCount\":1249,\"commentCount\":0,\"publisher\":{\"@id\":\"https:\\\/\\\/lightweb.dev\\\/l\\\/svm-temp\\\/#organization\"},\"image\":{\"@id\":\"https:\\\/\\\/lightweb.dev\\\/l\\\/svm-temp\\\/artiklar\\\/succeresan-till-madrid-fortsatter-med-unescos-varldsarv-salamanca\\\/#primaryimage\"},\"thumbnailUrl\":\"https:\\\/\\\/lightweb.dev\\\/l\\\/svm-temp\\\/wp-content\\\/uploads\\\/2022\\\/04\\\/succresan-till-madrid-fortstter-med-unescos-vrldsarv-salamanca.png\",\"articleSection\":[\"Arkiv\",\"Artiklar\"],\"inLanguage\":\"sv-SE\"},{\"@type\":\"WebPage\",\"@id\":\"https:\\\/\\\/lightweb.dev\\\/l\\\/svm-temp\\\/artiklar\\\/succeresan-till-madrid-fortsatter-med-unescos-varldsarv-salamanca\\\/\",\"url\":\"https:\\\/\\\/lightweb.dev\\\/l\\\/svm-temp\\\/artiklar\\\/succeresan-till-madrid-fortsatter-med-unescos-varldsarv-salamanca\\\/\",\"name\":\"Succ\u00e9resan till Madrid forts\u00e4tter - med Unescos v\u00e4rldsarv Salamanca - Svenska Magasinet\",\"isPartOf\":{\"@id\":\"https:\\\/\\\/lightweb.dev\\\/l\\\/svm-temp\\\/#website\"},\"primaryImageOfPage\":{\"@id\":\"https:\\\/\\\/lightweb.dev\\\/l\\\/svm-temp\\\/artiklar\\\/succeresan-till-madrid-fortsatter-med-unescos-varldsarv-salamanca\\\/#primaryimage\"},\"image\":{\"@id\":\"https:\\\/\\\/lightweb.dev\\\/l\\\/svm-temp\\\/artiklar\\\/succeresan-till-madrid-fortsatter-med-unescos-varldsarv-salamanca\\\/#primaryimage\"},\"thumbnailUrl\":\"https:\\\/\\\/lightweb.dev\\\/l\\\/svm-temp\\\/wp-content\\\/uploads\\\/2022\\\/04\\\/succresan-till-madrid-fortstter-med-unescos-vrldsarv-salamanca.png\",\"datePublished\":\"2015-05-06T22:00:00+00:00\",\"breadcrumb\":{\"@id\":\"https:\\\/\\\/lightweb.dev\\\/l\\\/svm-temp\\\/artiklar\\\/succeresan-till-madrid-fortsatter-med-unescos-varldsarv-salamanca\\\/#breadcrumb\"},\"inLanguage\":\"sv-SE\",\"potentialAction\":[{\"@type\":\"ReadAction\",\"target\":[\"https:\\\/\\\/lightweb.dev\\\/l\\\/svm-temp\\\/artiklar\\\/succeresan-till-madrid-fortsatter-med-unescos-varldsarv-salamanca\\\/\"]}]},{\"@type\":\"ImageObject\",\"inLanguage\":\"sv-SE\",\"@id\":\"https:\\\/\\\/lightweb.dev\\\/l\\\/svm-temp\\\/artiklar\\\/succeresan-till-madrid-fortsatter-med-unescos-varldsarv-salamanca\\\/#primaryimage\",\"url\":\"https:\\\/\\\/lightweb.dev\\\/l\\\/svm-temp\\\/wp-content\\\/uploads\\\/2022\\\/04\\\/succresan-till-madrid-fortstter-med-unescos-vrldsarv-salamanca.png\",\"contentUrl\":\"https:\\\/\\\/lightweb.dev\\\/l\\\/svm-temp\\\/wp-content\\\/uploads\\\/2022\\\/04\\\/succresan-till-madrid-fortstter-med-unescos-vrldsarv-salamanca.png\",\"width\":299,\"height\":200},{\"@type\":\"BreadcrumbList\",\"@id\":\"https:\\\/\\\/lightweb.dev\\\/l\\\/svm-temp\\\/artiklar\\\/succeresan-till-madrid-fortsatter-med-unescos-varldsarv-salamanca\\\/#breadcrumb\",\"itemListElement\":[{\"@type\":\"ListItem\",\"position\":1,\"name\":\"Hem\",\"item\":\"https:\\\/\\\/lightweb.dev\\\/l\\\/svm-temp\\\/\"},{\"@type\":\"ListItem\",\"position\":2,\"name\":\"Succ\u00e9resan till Madrid forts\u00e4tter &#8211; med Unescos v\u00e4rldsarv Salamanca\"}]},{\"@type\":\"WebSite\",\"@id\":\"https:\\\/\\\/lightweb.dev\\\/l\\\/svm-temp\\\/#website\",\"url\":\"https:\\\/\\\/lightweb.dev\\\/l\\\/svm-temp\\\/\",\"name\":\"Svenska Magasinet\",\"description\":\"Dina Spanska nyheter p&aring; Svenska\",\"publisher\":{\"@id\":\"https:\\\/\\\/lightweb.dev\\\/l\\\/svm-temp\\\/#organization\"},\"potentialAction\":[{\"@type\":\"SearchAction\",\"target\":{\"@type\":\"EntryPoint\",\"urlTemplate\":\"https:\\\/\\\/lightweb.dev\\\/l\\\/svm-temp\\\/?s={search_term_string}\"},\"query-input\":{\"@type\":\"PropertyValueSpecification\",\"valueRequired\":true,\"valueName\":\"search_term_string\"}}],\"inLanguage\":\"sv-SE\"},{\"@type\":\"Organization\",\"@id\":\"https:\\\/\\\/lightweb.dev\\\/l\\\/svm-temp\\\/#organization\",\"name\":\"Melkerson y Nott SL\",\"alternateName\":\"Svenska Magasinet\",\"url\":\"https:\\\/\\\/lightweb.dev\\\/l\\\/svm-temp\\\/\",\"logo\":{\"@type\":\"ImageObject\",\"inLanguage\":\"sv-SE\",\"@id\":\"https:\\\/\\\/lightweb.dev\\\/l\\\/svm-temp\\\/#\\\/schema\\\/logo\\\/image\\\/\",\"url\":\"https:\\\/\\\/lightweb.dev\\\/l\\\/svm-temp\\\/wp-content\\\/uploads\\\/2025\\\/02\\\/SvM-logo-Xtra-Centrerad-SVART.png\",\"contentUrl\":\"https:\\\/\\\/lightweb.dev\\\/l\\\/svm-temp\\\/wp-content\\\/uploads\\\/2025\\\/02\\\/SvM-logo-Xtra-Centrerad-SVART.png\",\"width\":300,\"height\":99,\"caption\":\"Melkerson y Nott SL\"},\"image\":{\"@id\":\"https:\\\/\\\/lightweb.dev\\\/l\\\/svm-temp\\\/#\\\/schema\\\/logo\\\/image\\\/\"},\"sameAs\":[\"https:\\\/\\\/www.facebook.com\\\/svenskamagasinet\",\"https:\\\/\\\/x.com\\\/SvenskaMagasine\"]},{\"@type\":\"Person\",\"@id\":\"https:\\\/\\\/lightweb.dev\\\/l\\\/svm-temp\\\/#\\\/schema\\\/person\\\/206a3bda5b607b0c25e1749191e4d837\",\"name\":\"Redaktionen SvM\",\"description\":\"Redaktionen\",\"sameAs\":[\"https:\\\/\\\/lightweb.dev\\\/l\\\/svm-temp\"],\"url\":\"https:\\\/\\\/lightweb.dev\\\/l\\\/svm-temp\\\/reporter\\\/redaktionen\\\/\"}]}<\/script>\n<!-- \/ Yoast SEO Premium plugin. -->","yoast_head_json":{"title":"Succ\u00e9resan till Madrid forts\u00e4tter - med Unescos v\u00e4rldsarv Salamanca - Svenska Magasinet","robots":{"index":"noindex","follow":"follow","max-snippet":"max-snippet:-1","max-image-preview":"max-image-preview:large","max-video-preview":"max-video-preview:-1"},"og_locale":"sv_SE","og_type":"article","og_title":"Succ\u00e9resan till Madrid forts\u00e4tter - med Unescos v\u00e4rldsarv Salamanca","og_description":"Upplev Spaniens hj\u00e4rta och Spaniensvenskarnas huvudstad Madrid med den auktoriserade guiden Siv Ling och Svenska Magasinet. Ni som har varit med till Madrid tidigare upplevde Toledo, El Escorial eller Aranjuez. P\u00e5 \u00e5rets Madrid-resa ing\u00e5r i st\u00e4llet heldagsutflykter till Salamanca och Segovia som \u00e4r n\u00e5gra de vackraste st\u00e4derna i Spanien. Salamanca har vackra palats byggda i [&hellip;]","og_url":"https:\/\/lightweb.dev\/l\/svm-temp\/artiklar\/succeresan-till-madrid-fortsatter-med-unescos-varldsarv-salamanca\/","og_site_name":"Svenska Magasinet","article_publisher":"https:\/\/www.facebook.com\/svenskamagasinet","article_published_time":"2015-05-06T22:00:00+00:00","og_image":[{"width":299,"height":200,"url":"https:\/\/lightweb.dev\/l\/svm-temp\/wp-content\/uploads\/2022\/04\/succresan-till-madrid-fortstter-med-unescos-vrldsarv-salamanca.png","type":"image\/png"}],"author":"Redaktionen SvM","twitter_card":"summary_large_image","twitter_creator":"@SvenskaMagasine","twitter_site":"@SvenskaMagasine","schema":{"@context":"https:\/\/schema.org","@graph":[{"@type":"Article","@id":"https:\/\/lightweb.dev\/l\/svm-temp\/artiklar\/succeresan-till-madrid-fortsatter-med-unescos-varldsarv-salamanca\/#article","isPartOf":{"@id":"https:\/\/lightweb.dev\/l\/svm-temp\/artiklar\/succeresan-till-madrid-fortsatter-med-unescos-varldsarv-salamanca\/"},"author":{"name":"Redaktionen SvM","@id":"https:\/\/lightweb.dev\/l\/svm-temp\/#\/schema\/person\/206a3bda5b607b0c25e1749191e4d837"},"headline":"Succ\u00e9resan till Madrid forts\u00e4tter &#8211; med Unescos v\u00e4rldsarv Salamanca","datePublished":"2015-05-06T22:00:00+00:00","mainEntityOfPage":{"@id":"https:\/\/lightweb.dev\/l\/svm-temp\/artiklar\/succeresan-till-madrid-fortsatter-med-unescos-varldsarv-salamanca\/"},"wordCount":1249,"commentCount":0,"publisher":{"@id":"https:\/\/lightweb.dev\/l\/svm-temp\/#organization"},"image":{"@id":"https:\/\/lightweb.dev\/l\/svm-temp\/artiklar\/succeresan-till-madrid-fortsatter-med-unescos-varldsarv-salamanca\/#primaryimage"},"thumbnailUrl":"https:\/\/lightweb.dev\/l\/svm-temp\/wp-content\/uploads\/2022\/04\/succresan-till-madrid-fortstter-med-unescos-vrldsarv-salamanca.png","articleSection":["Arkiv","Artiklar"],"inLanguage":"sv-SE"},{"@type":"WebPage","@id":"https:\/\/lightweb.dev\/l\/svm-temp\/artiklar\/succeresan-till-madrid-fortsatter-med-unescos-varldsarv-salamanca\/","url":"https:\/\/lightweb.dev\/l\/svm-temp\/artiklar\/succeresan-till-madrid-fortsatter-med-unescos-varldsarv-salamanca\/","name":"Succ\u00e9resan till Madrid forts\u00e4tter - med Unescos v\u00e4rldsarv Salamanca - Svenska Magasinet","isPartOf":{"@id":"https:\/\/lightweb.dev\/l\/svm-temp\/#website"},"primaryImageOfPage":{"@id":"https:\/\/lightweb.dev\/l\/svm-temp\/artiklar\/succeresan-till-madrid-fortsatter-med-unescos-varldsarv-salamanca\/#primaryimage"},"image":{"@id":"https:\/\/lightweb.dev\/l\/svm-temp\/artiklar\/succeresan-till-madrid-fortsatter-med-unescos-varldsarv-salamanca\/#primaryimage"},"thumbnailUrl":"https:\/\/lightweb.dev\/l\/svm-temp\/wp-content\/uploads\/2022\/04\/succresan-till-madrid-fortstter-med-unescos-vrldsarv-salamanca.png","datePublished":"2015-05-06T22:00:00+00:00","breadcrumb":{"@id":"https:\/\/lightweb.dev\/l\/svm-temp\/artiklar\/succeresan-till-madrid-fortsatter-med-unescos-varldsarv-salamanca\/#breadcrumb"},"inLanguage":"sv-SE","potentialAction":[{"@type":"ReadAction","target":["https:\/\/lightweb.dev\/l\/svm-temp\/artiklar\/succeresan-till-madrid-fortsatter-med-unescos-varldsarv-salamanca\/"]}]},{"@type":"ImageObject","inLanguage":"sv-SE","@id":"https:\/\/lightweb.dev\/l\/svm-temp\/artiklar\/succeresan-till-madrid-fortsatter-med-unescos-varldsarv-salamanca\/#primaryimage","url":"https:\/\/lightweb.dev\/l\/svm-temp\/wp-content\/uploads\/2022\/04\/succresan-till-madrid-fortstter-med-unescos-vrldsarv-salamanca.png","contentUrl":"https:\/\/lightweb.dev\/l\/svm-temp\/wp-content\/uploads\/2022\/04\/succresan-till-madrid-fortstter-med-unescos-vrldsarv-salamanca.png","width":299,"height":200},{"@type":"BreadcrumbList","@id":"https:\/\/lightweb.dev\/l\/svm-temp\/artiklar\/succeresan-till-madrid-fortsatter-med-unescos-varldsarv-salamanca\/#breadcrumb","itemListElement":[{"@type":"ListItem","position":1,"name":"Hem","item":"https:\/\/lightweb.dev\/l\/svm-temp\/"},{"@type":"ListItem","position":2,"name":"Succ\u00e9resan till Madrid forts\u00e4tter &#8211; med Unescos v\u00e4rldsarv Salamanca"}]},{"@type":"WebSite","@id":"https:\/\/lightweb.dev\/l\/svm-temp\/#website","url":"https:\/\/lightweb.dev\/l\/svm-temp\/","name":"Svenska Magasinet","description":"Dina Spanska nyheter p&aring; Svenska","publisher":{"@id":"https:\/\/lightweb.dev\/l\/svm-temp\/#organization"},"potentialAction":[{"@type":"SearchAction","target":{"@type":"EntryPoint","urlTemplate":"https:\/\/lightweb.dev\/l\/svm-temp\/?s={search_term_string}"},"query-input":{"@type":"PropertyValueSpecification","valueRequired":true,"valueName":"search_term_string"}}],"inLanguage":"sv-SE"},{"@type":"Organization","@id":"https:\/\/lightweb.dev\/l\/svm-temp\/#organization","name":"Melkerson y Nott SL","alternateName":"Svenska Magasinet","url":"https:\/\/lightweb.dev\/l\/svm-temp\/","logo":{"@type":"ImageObject","inLanguage":"sv-SE","@id":"https:\/\/lightweb.dev\/l\/svm-temp\/#\/schema\/logo\/image\/","url":"https:\/\/lightweb.dev\/l\/svm-temp\/wp-content\/uploads\/2025\/02\/SvM-logo-Xtra-Centrerad-SVART.png","contentUrl":"https:\/\/lightweb.dev\/l\/svm-temp\/wp-content\/uploads\/2025\/02\/SvM-logo-Xtra-Centrerad-SVART.png","width":300,"height":99,"caption":"Melkerson y Nott SL"},"image":{"@id":"https:\/\/lightweb.dev\/l\/svm-temp\/#\/schema\/logo\/image\/"},"sameAs":["https:\/\/www.facebook.com\/svenskamagasinet","https:\/\/x.com\/SvenskaMagasine"]},{"@type":"Person","@id":"https:\/\/lightweb.dev\/l\/svm-temp\/#\/schema\/person\/206a3bda5b607b0c25e1749191e4d837","name":"Redaktionen SvM","description":"Redaktionen","sameAs":["https:\/\/lightweb.dev\/l\/svm-temp"],"url":"https:\/\/lightweb.dev\/l\/svm-temp\/reporter\/redaktionen\/"}]}},"_links":{"self":[{"href":"https:\/\/lightweb.dev\/l\/svm-temp\/wp-json\/wp\/v2\/posts\/5112","targetHints":{"allow":["GET"]}}],"collection":[{"href":"https:\/\/lightweb.dev\/l\/svm-temp\/wp-json\/wp\/v2\/posts"}],"about":[{"href":"https:\/\/lightweb.dev\/l\/svm-temp\/wp-json\/wp\/v2\/types\/post"}],"author":[{"embeddable":true,"href":"https:\/\/lightweb.dev\/l\/svm-temp\/wp-json\/wp\/v2\/users\/8"}],"replies":[{"embeddable":true,"href":"https:\/\/lightweb.dev\/l\/svm-temp\/wp-json\/wp\/v2\/comments?post=5112"}],"version-history":[{"count":0,"href":"https:\/\/lightweb.dev\/l\/svm-temp\/wp-json\/wp\/v2\/posts\/5112\/revisions"}],"wp:featuredmedia":[{"embeddable":true,"href":"https:\/\/lightweb.dev\/l\/svm-temp\/wp-json\/wp\/v2\/media\/5113"}],"wp:attachment":[{"href":"https:\/\/lightweb.dev\/l\/svm-temp\/wp-json\/wp\/v2\/media?parent=5112"}],"wp:term":[{"taxonomy":"category","embeddable":true,"href":"https:\/\/lightweb.dev\/l\/svm-temp\/wp-json\/wp\/v2\/categories?post=5112"},{"taxonomy":"post_tag","embeddable":true,"href":"https:\/\/lightweb.dev\/l\/svm-temp\/wp-json\/wp\/v2\/tags?post=5112"}],"curies":[{"name":"wp","href":"https:\/\/api.w.org\/{rel}","templated":true}]}}