{"id":5122,"date":"2015-04-13T00:00:00","date_gmt":"2015-04-12T22:00:00","guid":{"rendered":"https:\/\/lightweb.dev\/l\/svm-temp\/pst-det-finns-en-ny-italienare-i-stan\/"},"modified":"2015-04-13T00:00:00","modified_gmt":"2015-04-12T22:00:00","slug":"pst-det-finns-en-ny-italienare-i-stan","status":"publish","type":"post","link":"https:\/\/lightweb.dev\/l\/svm-temp\/artiklar\/pst-det-finns-en-ny-italienare-i-stan\/","title":{"rendered":"Pst, det finns en ny italienare i stan!"},"content":{"rendered":"<p> Med stor omsorg och k\u00e4nsla f\u00f6r detaljer har Metro-gruppen skapat ett nytt stilrent matst\u00e4lle p\u00e5 Gyllene milen i Marbella i verkligt italiensk anda. Dekoren \u00e4r fr\u00e4sch o modern i klassiska italienska f\u00e4rger och maten som serveras har just den d\u00e4r lilla extra moderna twisten som g\u00f6r bra mat till n\u00e5got speciellt. Den aptitretande menyn har skapats av chef Lorenzo Otterburn, k\u00e4nd sedan tidigare fr\u00e5n La Casita p\u00e5 Ronda-v\u00e4gen. Under 2014 tog han ett sabbats\u00e5r och spenderade tid i bl a London och p\u00e5 Ibiza f\u00f6r att s\u00f6ka nya id\u00e9er och inspiration.<\/p>\n<p>P\u00e5 CIBO vill han nu servera god enkel mat utan alltf\u00f6r m\u00e5nga krusiduller till vettiga priser. Ett av trendbegreppen just nu \u00e4r &#8221;hippy-chic&#8221; och det \u00e4r den stilen vi nu vill tillf\u00f6ra er matupplevelse, menar Lorenzo. Detta m\u00e4rks \u00e4ven p\u00e5 presentationen av matr\u00e4tterna med delikatsser p\u00e5 tr\u00e4br\u00e4dor som en popul\u00e4r f\u00f6rr\u00e4tt att dela p\u00e5, precis som en avsmakningsmeny med smakprov p\u00e5 det b\u00e4sta.<\/p>\n<p>Jag har en klar favorit h\u00e4r och det den vansinningt goda r\u00e5biffen. Klara favoriter \u00e4r ocks\u00e5 kolgrillade lammkotletter med mintpesto, hemgjord hummer ravioli och &#8221;Vincisgrassi&#8221; en speciell pastar\u00e4tt efter ett recept fr\u00e5n 1700-talet. P\u00e5 menyn hittar ni allt fr\u00e5n sallader till vegetariskt, glutenfritt, fisk, k\u00f6tt och supergoda pizzor med annorlunda toppings. V\u00e4rt att n\u00e4mna \u00e4r den fina barnmenyn f\u00f6r 6.95 euro vilken inkluderar efterr\u00e4tt, toppen !! Ni kan se hela menyn p\u00e5 www.cibomarbella.com<\/p>\n<p>Och som avslutning gl\u00f6m inte att smaka p\u00e5, och dela g\u00e4rna, n\u00e5gon av de l\u00e4ckra desserterna. Vi ger ett speciellt omn\u00e4mnande till Tiramisu, limoncello cheesecake or en uts\u00f6kt chokladpott med Amaretto crunch.<\/p>\n<p>CIBO Italiano har \u00f6ppet hela dagen fr kl 12 alla dagar i veckan. V\u00e4lkomna, det \u00e4r bara att slinka in p\u00e5 en<br \/>\ngod matbit n\u00e4rhelst ni s\u00e5 \u00f6nskar. Tel 952 900 380<\/p>\n","protected":false},"excerpt":{"rendered":"<p>Med stor omsorg och k\u00e4nsla f\u00f6r detaljer har Metro-gruppen skapat ett nytt stilrent matst\u00e4lle p\u00e5 Gyllene milen i Marbella i verkligt italiensk anda. Dekoren \u00e4r fr\u00e4sch o modern i klassiska italienska f\u00e4rger och maten som serveras har just den d\u00e4r lilla extra moderna twisten som g\u00f6r bra mat till n\u00e5got speciellt. Den aptitretande menyn har [&hellip;]<\/p>\n","protected":false},"author":8,"featured_media":5123,"comment_status":"open","ping_status":"open","sticky":false,"template":"","format":"standard","meta":{"_et_pb_use_builder":"","_et_pb_old_content":"","_et_gb_content_width":"","footnotes":""},"categories":[396,4],"tags":[],"class_list":["post-5122","post","type-post","status-publish","format-standard","has-post-thumbnail","hentry","category-arkiv-artiklar","category-artiklar"],"yoast_head":"<!-- This site is optimized with the Yoast SEO Premium plugin v26.2 (Yoast SEO v27.4) - https:\/\/yoast.com\/product\/yoast-seo-premium-wordpress\/ -->\n<title>Pst, det finns en ny italienare i stan! - Svenska Magasinet<\/title>\n<meta name=\"robots\" content=\"noindex, follow, max-snippet:-1, max-image-preview:large, max-video-preview:-1\" \/>\n<meta property=\"og:locale\" content=\"sv_SE\" \/>\n<meta property=\"og:type\" content=\"article\" \/>\n<meta property=\"og:title\" content=\"Pst, det finns en ny italienare i stan!\" \/>\n<meta property=\"og:description\" content=\"Med stor omsorg och k\u00e4nsla f\u00f6r detaljer har Metro-gruppen skapat ett nytt stilrent matst\u00e4lle p\u00e5 Gyllene milen i Marbella i verkligt italiensk anda. Dekoren \u00e4r fr\u00e4sch o modern i klassiska italienska f\u00e4rger och maten som serveras har just den d\u00e4r lilla extra moderna twisten som g\u00f6r bra mat till n\u00e5got speciellt. Den aptitretande menyn har [&hellip;]\" \/>\n<meta property=\"og:url\" content=\"https:\/\/lightweb.dev\/l\/svm-temp\/artiklar\/pst-det-finns-en-ny-italienare-i-stan\/\" \/>\n<meta property=\"og:site_name\" content=\"Svenska Magasinet\" \/>\n<meta property=\"article:publisher\" content=\"https:\/\/www.facebook.com\/svenskamagasinet\" \/>\n<meta property=\"article:published_time\" content=\"2015-04-12T22:00:00+00:00\" \/>\n<meta property=\"og:image\" content=\"https:\/\/lightweb.dev\/l\/svm-temp\/wp-content\/uploads\/2022\/04\/pst-det-finns-en-ny-italienare-i-stan.png\" \/>\n\t<meta property=\"og:image:width\" content=\"280\" \/>\n\t<meta property=\"og:image:height\" content=\"210\" \/>\n\t<meta property=\"og:image:type\" content=\"image\/png\" \/>\n<meta name=\"author\" content=\"Redaktionen SvM\" \/>\n<meta name=\"twitter:card\" content=\"summary_large_image\" \/>\n<meta name=\"twitter:creator\" content=\"@SvenskaMagasine\" \/>\n<meta name=\"twitter:site\" content=\"@SvenskaMagasine\" \/>\n<script type=\"application\/ld+json\" class=\"yoast-schema-graph\">{\"@context\":\"https:\\\/\\\/schema.org\",\"@graph\":[{\"@type\":\"Article\",\"@id\":\"https:\\\/\\\/lightweb.dev\\\/l\\\/svm-temp\\\/artiklar\\\/pst-det-finns-en-ny-italienare-i-stan\\\/#article\",\"isPartOf\":{\"@id\":\"https:\\\/\\\/lightweb.dev\\\/l\\\/svm-temp\\\/artiklar\\\/pst-det-finns-en-ny-italienare-i-stan\\\/\"},\"author\":{\"name\":\"Redaktionen SvM\",\"@id\":\"https:\\\/\\\/lightweb.dev\\\/l\\\/svm-temp\\\/#\\\/schema\\\/person\\\/206a3bda5b607b0c25e1749191e4d837\"},\"headline\":\"Pst, det finns en ny italienare i stan!\",\"datePublished\":\"2015-04-12T22:00:00+00:00\",\"mainEntityOfPage\":{\"@id\":\"https:\\\/\\\/lightweb.dev\\\/l\\\/svm-temp\\\/artiklar\\\/pst-det-finns-en-ny-italienare-i-stan\\\/\"},\"wordCount\":338,\"commentCount\":0,\"publisher\":{\"@id\":\"https:\\\/\\\/lightweb.dev\\\/l\\\/svm-temp\\\/#organization\"},\"image\":{\"@id\":\"https:\\\/\\\/lightweb.dev\\\/l\\\/svm-temp\\\/artiklar\\\/pst-det-finns-en-ny-italienare-i-stan\\\/#primaryimage\"},\"thumbnailUrl\":\"https:\\\/\\\/lightweb.dev\\\/l\\\/svm-temp\\\/wp-content\\\/uploads\\\/2022\\\/04\\\/pst-det-finns-en-ny-italienare-i-stan.png\",\"articleSection\":[\"Arkiv\",\"Artiklar\"],\"inLanguage\":\"sv-SE\"},{\"@type\":\"WebPage\",\"@id\":\"https:\\\/\\\/lightweb.dev\\\/l\\\/svm-temp\\\/artiklar\\\/pst-det-finns-en-ny-italienare-i-stan\\\/\",\"url\":\"https:\\\/\\\/lightweb.dev\\\/l\\\/svm-temp\\\/artiklar\\\/pst-det-finns-en-ny-italienare-i-stan\\\/\",\"name\":\"Pst, det finns en ny italienare i stan! - Svenska Magasinet\",\"isPartOf\":{\"@id\":\"https:\\\/\\\/lightweb.dev\\\/l\\\/svm-temp\\\/#website\"},\"primaryImageOfPage\":{\"@id\":\"https:\\\/\\\/lightweb.dev\\\/l\\\/svm-temp\\\/artiklar\\\/pst-det-finns-en-ny-italienare-i-stan\\\/#primaryimage\"},\"image\":{\"@id\":\"https:\\\/\\\/lightweb.dev\\\/l\\\/svm-temp\\\/artiklar\\\/pst-det-finns-en-ny-italienare-i-stan\\\/#primaryimage\"},\"thumbnailUrl\":\"https:\\\/\\\/lightweb.dev\\\/l\\\/svm-temp\\\/wp-content\\\/uploads\\\/2022\\\/04\\\/pst-det-finns-en-ny-italienare-i-stan.png\",\"datePublished\":\"2015-04-12T22:00:00+00:00\",\"breadcrumb\":{\"@id\":\"https:\\\/\\\/lightweb.dev\\\/l\\\/svm-temp\\\/artiklar\\\/pst-det-finns-en-ny-italienare-i-stan\\\/#breadcrumb\"},\"inLanguage\":\"sv-SE\",\"potentialAction\":[{\"@type\":\"ReadAction\",\"target\":[\"https:\\\/\\\/lightweb.dev\\\/l\\\/svm-temp\\\/artiklar\\\/pst-det-finns-en-ny-italienare-i-stan\\\/\"]}]},{\"@type\":\"ImageObject\",\"inLanguage\":\"sv-SE\",\"@id\":\"https:\\\/\\\/lightweb.dev\\\/l\\\/svm-temp\\\/artiklar\\\/pst-det-finns-en-ny-italienare-i-stan\\\/#primaryimage\",\"url\":\"https:\\\/\\\/lightweb.dev\\\/l\\\/svm-temp\\\/wp-content\\\/uploads\\\/2022\\\/04\\\/pst-det-finns-en-ny-italienare-i-stan.png\",\"contentUrl\":\"https:\\\/\\\/lightweb.dev\\\/l\\\/svm-temp\\\/wp-content\\\/uploads\\\/2022\\\/04\\\/pst-det-finns-en-ny-italienare-i-stan.png\",\"width\":280,\"height\":210},{\"@type\":\"BreadcrumbList\",\"@id\":\"https:\\\/\\\/lightweb.dev\\\/l\\\/svm-temp\\\/artiklar\\\/pst-det-finns-en-ny-italienare-i-stan\\\/#breadcrumb\",\"itemListElement\":[{\"@type\":\"ListItem\",\"position\":1,\"name\":\"Hem\",\"item\":\"https:\\\/\\\/lightweb.dev\\\/l\\\/svm-temp\\\/\"},{\"@type\":\"ListItem\",\"position\":2,\"name\":\"Pst, det finns en ny italienare i stan!\"}]},{\"@type\":\"WebSite\",\"@id\":\"https:\\\/\\\/lightweb.dev\\\/l\\\/svm-temp\\\/#website\",\"url\":\"https:\\\/\\\/lightweb.dev\\\/l\\\/svm-temp\\\/\",\"name\":\"Svenska Magasinet\",\"description\":\"Dina Spanska nyheter p&aring; Svenska\",\"publisher\":{\"@id\":\"https:\\\/\\\/lightweb.dev\\\/l\\\/svm-temp\\\/#organization\"},\"potentialAction\":[{\"@type\":\"SearchAction\",\"target\":{\"@type\":\"EntryPoint\",\"urlTemplate\":\"https:\\\/\\\/lightweb.dev\\\/l\\\/svm-temp\\\/?s={search_term_string}\"},\"query-input\":{\"@type\":\"PropertyValueSpecification\",\"valueRequired\":true,\"valueName\":\"search_term_string\"}}],\"inLanguage\":\"sv-SE\"},{\"@type\":\"Organization\",\"@id\":\"https:\\\/\\\/lightweb.dev\\\/l\\\/svm-temp\\\/#organization\",\"name\":\"Melkerson y Nott SL\",\"alternateName\":\"Svenska Magasinet\",\"url\":\"https:\\\/\\\/lightweb.dev\\\/l\\\/svm-temp\\\/\",\"logo\":{\"@type\":\"ImageObject\",\"inLanguage\":\"sv-SE\",\"@id\":\"https:\\\/\\\/lightweb.dev\\\/l\\\/svm-temp\\\/#\\\/schema\\\/logo\\\/image\\\/\",\"url\":\"https:\\\/\\\/lightweb.dev\\\/l\\\/svm-temp\\\/wp-content\\\/uploads\\\/2025\\\/02\\\/SvM-logo-Xtra-Centrerad-SVART.png\",\"contentUrl\":\"https:\\\/\\\/lightweb.dev\\\/l\\\/svm-temp\\\/wp-content\\\/uploads\\\/2025\\\/02\\\/SvM-logo-Xtra-Centrerad-SVART.png\",\"width\":300,\"height\":99,\"caption\":\"Melkerson y Nott SL\"},\"image\":{\"@id\":\"https:\\\/\\\/lightweb.dev\\\/l\\\/svm-temp\\\/#\\\/schema\\\/logo\\\/image\\\/\"},\"sameAs\":[\"https:\\\/\\\/www.facebook.com\\\/svenskamagasinet\",\"https:\\\/\\\/x.com\\\/SvenskaMagasine\"]},{\"@type\":\"Person\",\"@id\":\"https:\\\/\\\/lightweb.dev\\\/l\\\/svm-temp\\\/#\\\/schema\\\/person\\\/206a3bda5b607b0c25e1749191e4d837\",\"name\":\"Redaktionen SvM\",\"description\":\"Redaktionen\",\"sameAs\":[\"https:\\\/\\\/lightweb.dev\\\/l\\\/svm-temp\"],\"url\":\"https:\\\/\\\/lightweb.dev\\\/l\\\/svm-temp\\\/reporter\\\/redaktionen\\\/\"}]}<\/script>\n<!-- \/ Yoast SEO Premium plugin. -->","yoast_head_json":{"title":"Pst, det finns en ny italienare i stan! - Svenska Magasinet","robots":{"index":"noindex","follow":"follow","max-snippet":"max-snippet:-1","max-image-preview":"max-image-preview:large","max-video-preview":"max-video-preview:-1"},"og_locale":"sv_SE","og_type":"article","og_title":"Pst, det finns en ny italienare i stan!","og_description":"Med stor omsorg och k\u00e4nsla f\u00f6r detaljer har Metro-gruppen skapat ett nytt stilrent matst\u00e4lle p\u00e5 Gyllene milen i Marbella i verkligt italiensk anda. Dekoren \u00e4r fr\u00e4sch o modern i klassiska italienska f\u00e4rger och maten som serveras har just den d\u00e4r lilla extra moderna twisten som g\u00f6r bra mat till n\u00e5got speciellt. Den aptitretande menyn har [&hellip;]","og_url":"https:\/\/lightweb.dev\/l\/svm-temp\/artiklar\/pst-det-finns-en-ny-italienare-i-stan\/","og_site_name":"Svenska Magasinet","article_publisher":"https:\/\/www.facebook.com\/svenskamagasinet","article_published_time":"2015-04-12T22:00:00+00:00","og_image":[{"width":280,"height":210,"url":"https:\/\/lightweb.dev\/l\/svm-temp\/wp-content\/uploads\/2022\/04\/pst-det-finns-en-ny-italienare-i-stan.png","type":"image\/png"}],"author":"Redaktionen SvM","twitter_card":"summary_large_image","twitter_creator":"@SvenskaMagasine","twitter_site":"@SvenskaMagasine","schema":{"@context":"https:\/\/schema.org","@graph":[{"@type":"Article","@id":"https:\/\/lightweb.dev\/l\/svm-temp\/artiklar\/pst-det-finns-en-ny-italienare-i-stan\/#article","isPartOf":{"@id":"https:\/\/lightweb.dev\/l\/svm-temp\/artiklar\/pst-det-finns-en-ny-italienare-i-stan\/"},"author":{"name":"Redaktionen SvM","@id":"https:\/\/lightweb.dev\/l\/svm-temp\/#\/schema\/person\/206a3bda5b607b0c25e1749191e4d837"},"headline":"Pst, det finns en ny italienare i stan!","datePublished":"2015-04-12T22:00:00+00:00","mainEntityOfPage":{"@id":"https:\/\/lightweb.dev\/l\/svm-temp\/artiklar\/pst-det-finns-en-ny-italienare-i-stan\/"},"wordCount":338,"commentCount":0,"publisher":{"@id":"https:\/\/lightweb.dev\/l\/svm-temp\/#organization"},"image":{"@id":"https:\/\/lightweb.dev\/l\/svm-temp\/artiklar\/pst-det-finns-en-ny-italienare-i-stan\/#primaryimage"},"thumbnailUrl":"https:\/\/lightweb.dev\/l\/svm-temp\/wp-content\/uploads\/2022\/04\/pst-det-finns-en-ny-italienare-i-stan.png","articleSection":["Arkiv","Artiklar"],"inLanguage":"sv-SE"},{"@type":"WebPage","@id":"https:\/\/lightweb.dev\/l\/svm-temp\/artiklar\/pst-det-finns-en-ny-italienare-i-stan\/","url":"https:\/\/lightweb.dev\/l\/svm-temp\/artiklar\/pst-det-finns-en-ny-italienare-i-stan\/","name":"Pst, det finns en ny italienare i stan! - Svenska Magasinet","isPartOf":{"@id":"https:\/\/lightweb.dev\/l\/svm-temp\/#website"},"primaryImageOfPage":{"@id":"https:\/\/lightweb.dev\/l\/svm-temp\/artiklar\/pst-det-finns-en-ny-italienare-i-stan\/#primaryimage"},"image":{"@id":"https:\/\/lightweb.dev\/l\/svm-temp\/artiklar\/pst-det-finns-en-ny-italienare-i-stan\/#primaryimage"},"thumbnailUrl":"https:\/\/lightweb.dev\/l\/svm-temp\/wp-content\/uploads\/2022\/04\/pst-det-finns-en-ny-italienare-i-stan.png","datePublished":"2015-04-12T22:00:00+00:00","breadcrumb":{"@id":"https:\/\/lightweb.dev\/l\/svm-temp\/artiklar\/pst-det-finns-en-ny-italienare-i-stan\/#breadcrumb"},"inLanguage":"sv-SE","potentialAction":[{"@type":"ReadAction","target":["https:\/\/lightweb.dev\/l\/svm-temp\/artiklar\/pst-det-finns-en-ny-italienare-i-stan\/"]}]},{"@type":"ImageObject","inLanguage":"sv-SE","@id":"https:\/\/lightweb.dev\/l\/svm-temp\/artiklar\/pst-det-finns-en-ny-italienare-i-stan\/#primaryimage","url":"https:\/\/lightweb.dev\/l\/svm-temp\/wp-content\/uploads\/2022\/04\/pst-det-finns-en-ny-italienare-i-stan.png","contentUrl":"https:\/\/lightweb.dev\/l\/svm-temp\/wp-content\/uploads\/2022\/04\/pst-det-finns-en-ny-italienare-i-stan.png","width":280,"height":210},{"@type":"BreadcrumbList","@id":"https:\/\/lightweb.dev\/l\/svm-temp\/artiklar\/pst-det-finns-en-ny-italienare-i-stan\/#breadcrumb","itemListElement":[{"@type":"ListItem","position":1,"name":"Hem","item":"https:\/\/lightweb.dev\/l\/svm-temp\/"},{"@type":"ListItem","position":2,"name":"Pst, det finns en ny italienare i stan!"}]},{"@type":"WebSite","@id":"https:\/\/lightweb.dev\/l\/svm-temp\/#website","url":"https:\/\/lightweb.dev\/l\/svm-temp\/","name":"Svenska Magasinet","description":"Dina Spanska nyheter p&aring; Svenska","publisher":{"@id":"https:\/\/lightweb.dev\/l\/svm-temp\/#organization"},"potentialAction":[{"@type":"SearchAction","target":{"@type":"EntryPoint","urlTemplate":"https:\/\/lightweb.dev\/l\/svm-temp\/?s={search_term_string}"},"query-input":{"@type":"PropertyValueSpecification","valueRequired":true,"valueName":"search_term_string"}}],"inLanguage":"sv-SE"},{"@type":"Organization","@id":"https:\/\/lightweb.dev\/l\/svm-temp\/#organization","name":"Melkerson y Nott SL","alternateName":"Svenska Magasinet","url":"https:\/\/lightweb.dev\/l\/svm-temp\/","logo":{"@type":"ImageObject","inLanguage":"sv-SE","@id":"https:\/\/lightweb.dev\/l\/svm-temp\/#\/schema\/logo\/image\/","url":"https:\/\/lightweb.dev\/l\/svm-temp\/wp-content\/uploads\/2025\/02\/SvM-logo-Xtra-Centrerad-SVART.png","contentUrl":"https:\/\/lightweb.dev\/l\/svm-temp\/wp-content\/uploads\/2025\/02\/SvM-logo-Xtra-Centrerad-SVART.png","width":300,"height":99,"caption":"Melkerson y Nott SL"},"image":{"@id":"https:\/\/lightweb.dev\/l\/svm-temp\/#\/schema\/logo\/image\/"},"sameAs":["https:\/\/www.facebook.com\/svenskamagasinet","https:\/\/x.com\/SvenskaMagasine"]},{"@type":"Person","@id":"https:\/\/lightweb.dev\/l\/svm-temp\/#\/schema\/person\/206a3bda5b607b0c25e1749191e4d837","name":"Redaktionen SvM","description":"Redaktionen","sameAs":["https:\/\/lightweb.dev\/l\/svm-temp"],"url":"https:\/\/lightweb.dev\/l\/svm-temp\/reporter\/redaktionen\/"}]}},"_links":{"self":[{"href":"https:\/\/lightweb.dev\/l\/svm-temp\/wp-json\/wp\/v2\/posts\/5122","targetHints":{"allow":["GET"]}}],"collection":[{"href":"https:\/\/lightweb.dev\/l\/svm-temp\/wp-json\/wp\/v2\/posts"}],"about":[{"href":"https:\/\/lightweb.dev\/l\/svm-temp\/wp-json\/wp\/v2\/types\/post"}],"author":[{"embeddable":true,"href":"https:\/\/lightweb.dev\/l\/svm-temp\/wp-json\/wp\/v2\/users\/8"}],"replies":[{"embeddable":true,"href":"https:\/\/lightweb.dev\/l\/svm-temp\/wp-json\/wp\/v2\/comments?post=5122"}],"version-history":[{"count":0,"href":"https:\/\/lightweb.dev\/l\/svm-temp\/wp-json\/wp\/v2\/posts\/5122\/revisions"}],"wp:featuredmedia":[{"embeddable":true,"href":"https:\/\/lightweb.dev\/l\/svm-temp\/wp-json\/wp\/v2\/media\/5123"}],"wp:attachment":[{"href":"https:\/\/lightweb.dev\/l\/svm-temp\/wp-json\/wp\/v2\/media?parent=5122"}],"wp:term":[{"taxonomy":"category","embeddable":true,"href":"https:\/\/lightweb.dev\/l\/svm-temp\/wp-json\/wp\/v2\/categories?post=5122"},{"taxonomy":"post_tag","embeddable":true,"href":"https:\/\/lightweb.dev\/l\/svm-temp\/wp-json\/wp\/v2\/tags?post=5122"}],"curies":[{"name":"wp","href":"https:\/\/api.w.org\/{rel}","templated":true}]}}