{"id":5129,"date":"2015-04-13T00:00:00","date_gmt":"2015-04-12T22:00:00","guid":{"rendered":"https:\/\/lightweb.dev\/l\/svm-temp\/salon-la-vida-by-vera-i-aloha-pueblo\/"},"modified":"2015-04-13T00:00:00","modified_gmt":"2015-04-12T22:00:00","slug":"salon-la-vida-by-vera-i-aloha-pueblo","status":"publish","type":"post","link":"https:\/\/lightweb.dev\/l\/svm-temp\/artiklar\/salon-la-vida-by-vera-i-aloha-pueblo\/","title":{"rendered":"Salon La Vida by Vera i Aloha Pueblo"},"content":{"rendered":"<p> Jag \u00e4r f\u00f6dd och utbildad i Finland och b\u00f6rjade min fris\u00f6rkarri\u00e4r i Helsingfors. Efter avslutad utbildning hade jag turen att f\u00e5 arbeta i en av toppsalongerna d\u00e4r vilket gav mig erfarenhet av det skandinaviska h\u00e5ret, d\u00e4r f\u00e4rgning och styling \u00e4r mer k\u00e4nsligt och det beh\u00f6vs lite extra k\u00e4nnedom.<\/p>\n<p>Innan jag kom till Spanien, bodde jag i London under n\u00e5gra \u00e5r f\u00f6r att l\u00e4ra mig spr\u00e5ket ordentligt. D\u00e4r arbetade jag p\u00e5 v\u00e4lk\u00e4nda salonger, med vilka jag fortfarande h\u00e5ller kontakt. Jag arbetade \u00e4ven med make up och h\u00e5r f\u00f6r mode fotografering och filmindustrin. Jag har nu bott i Marbella i 15 \u00e5r.<\/p>\n<p>F\u00f6r att ligga p\u00e5 topp beh\u00f6ver man inspiration utifr\u00e5n och jag deltar regelbundet i kurser b\u00e5de i Spanien och internationellt f\u00f6r att h\u00e5lla mig a jour om nya trender och tekniker. N\u00e4sta m\u00e5nad \u00e5ker jag till Milano f\u00f6r det senaste i klippning och f\u00e4rgning, sp\u00e4nnande!!<\/p>\n<p>Min passion \u00e4r f\u00e4rgning. Det \u00e4r fascinerande hur en liten \u00e4ndring i f\u00e4rgtonen kan f\u00f6r\u00e4ndra och &#8221;lyfta&#8221; ett ansikte. Jag \u00e4r ocks\u00e5 v\u00e4lk\u00e4nd p\u00e5 kusten f\u00f6r h\u00e5rf\u00f6rl\u00e4ngningar och arbetar med &#8221;Great Lengths&#8221; och &#8221;Play extension&#8221; och erbjuder 5 olika metoder av h\u00e5rf\u00f6rl\u00e4ngning.<\/p>\n<p>I b\u00f6rjan av 2015 \u00f6ppnade jag egen salong, Salon La Vida by Vera, en full servicesalong. N\u00e4r du sitter med f\u00e4rg, njut av en manikyr eller medans du f\u00e5r din h\u00e5rf\u00f6rl\u00e4ngning, njut av en avslappnande pedikyr.<\/p>\n<p>V\u00e5rt duktiga team och en v\u00e4nlig atmosf\u00e4r g\u00f6r ditt bes\u00f6k minnesrikt. Hittills har vi haft m\u00e5nga n\u00f6jda kunder och boka d\u00e4rf\u00f6r tid n\u00e5gra dagar i f\u00f6rv\u00e4g f\u00f6r att undvika besvikelse. Jag arbetar med de b\u00e4sta produkterna p\u00e5 marknaden och anv\u00e4nder Revlons f\u00e4rger och Tigis styling produkter. Jag talar finska, engelska och spanska. <\/p>\n<p>Jag \u00e4lskar mitt yrke, inom h\u00e5rindustrin h\u00e4nder det saker hela tiden och jag tycker om att l\u00e4ra mig nya saker. Varje dag \u00e4r annorlunda och jag blir aldrig uttr\u00e5kad av mitt arbete och nya utmaningar. Salon La Vida by Vera ligger i Aloha Pueblo, Nueva Andalucia. Ta till v\u00e4nster vid restaurang El Banco och sedan till h\u00f6ger efter v\u00e4lk\u00e4nda Links Bar. Tel 680 238 480 eller bes\u00f6k hairdressermarbella.com<\/p>\n","protected":false},"excerpt":{"rendered":"<p>Jag \u00e4r f\u00f6dd och utbildad i Finland och b\u00f6rjade min fris\u00f6rkarri\u00e4r i Helsingfors. Efter avslutad utbildning hade jag turen att f\u00e5 arbeta i en av toppsalongerna d\u00e4r vilket gav mig erfarenhet av det skandinaviska h\u00e5ret, d\u00e4r f\u00e4rgning och styling \u00e4r mer k\u00e4nsligt och det beh\u00f6vs lite extra k\u00e4nnedom. Innan jag kom till Spanien, bodde jag [&hellip;]<\/p>\n","protected":false},"author":8,"featured_media":5130,"comment_status":"open","ping_status":"open","sticky":false,"template":"","format":"standard","meta":{"_et_pb_use_builder":"","_et_pb_old_content":"","_et_gb_content_width":"","footnotes":""},"categories":[396,4],"tags":[],"class_list":["post-5129","post","type-post","status-publish","format-standard","has-post-thumbnail","hentry","category-arkiv-artiklar","category-artiklar"],"yoast_head":"<!-- This site is optimized with the Yoast SEO Premium plugin v26.2 (Yoast SEO v27.4) - https:\/\/yoast.com\/product\/yoast-seo-premium-wordpress\/ -->\n<title>Salon La Vida by Vera i Aloha Pueblo - Svenska Magasinet<\/title>\n<meta name=\"robots\" content=\"noindex, follow, max-snippet:-1, max-image-preview:large, max-video-preview:-1\" \/>\n<meta property=\"og:locale\" content=\"sv_SE\" \/>\n<meta property=\"og:type\" content=\"article\" \/>\n<meta property=\"og:title\" content=\"Salon La Vida by Vera i Aloha Pueblo\" \/>\n<meta property=\"og:description\" content=\"Jag \u00e4r f\u00f6dd och utbildad i Finland och b\u00f6rjade min fris\u00f6rkarri\u00e4r i Helsingfors. Efter avslutad utbildning hade jag turen att f\u00e5 arbeta i en av toppsalongerna d\u00e4r vilket gav mig erfarenhet av det skandinaviska h\u00e5ret, d\u00e4r f\u00e4rgning och styling \u00e4r mer k\u00e4nsligt och det beh\u00f6vs lite extra k\u00e4nnedom. Innan jag kom till Spanien, bodde jag [&hellip;]\" \/>\n<meta property=\"og:url\" content=\"https:\/\/lightweb.dev\/l\/svm-temp\/artiklar\/salon-la-vida-by-vera-i-aloha-pueblo\/\" \/>\n<meta property=\"og:site_name\" content=\"Svenska Magasinet\" \/>\n<meta property=\"article:publisher\" content=\"https:\/\/www.facebook.com\/svenskamagasinet\" \/>\n<meta property=\"article:published_time\" content=\"2015-04-12T22:00:00+00:00\" \/>\n<meta property=\"og:image\" content=\"https:\/\/lightweb.dev\/l\/svm-temp\/wp-content\/uploads\/2022\/04\/salon-la-vida-by-vera-i-aloha-pueblo.png\" \/>\n\t<meta property=\"og:image:width\" content=\"280\" \/>\n\t<meta property=\"og:image:height\" content=\"280\" \/>\n\t<meta property=\"og:image:type\" content=\"image\/png\" \/>\n<meta name=\"author\" content=\"Redaktionen SvM\" \/>\n<meta name=\"twitter:card\" content=\"summary_large_image\" \/>\n<meta name=\"twitter:creator\" content=\"@SvenskaMagasine\" \/>\n<meta name=\"twitter:site\" content=\"@SvenskaMagasine\" \/>\n<script type=\"application\/ld+json\" class=\"yoast-schema-graph\">{\"@context\":\"https:\\\/\\\/schema.org\",\"@graph\":[{\"@type\":\"Article\",\"@id\":\"https:\\\/\\\/lightweb.dev\\\/l\\\/svm-temp\\\/artiklar\\\/salon-la-vida-by-vera-i-aloha-pueblo\\\/#article\",\"isPartOf\":{\"@id\":\"https:\\\/\\\/lightweb.dev\\\/l\\\/svm-temp\\\/artiklar\\\/salon-la-vida-by-vera-i-aloha-pueblo\\\/\"},\"author\":{\"name\":\"Redaktionen SvM\",\"@id\":\"https:\\\/\\\/lightweb.dev\\\/l\\\/svm-temp\\\/#\\\/schema\\\/person\\\/206a3bda5b607b0c25e1749191e4d837\"},\"headline\":\"Salon La Vida by Vera i Aloha Pueblo\",\"datePublished\":\"2015-04-12T22:00:00+00:00\",\"mainEntityOfPage\":{\"@id\":\"https:\\\/\\\/lightweb.dev\\\/l\\\/svm-temp\\\/artiklar\\\/salon-la-vida-by-vera-i-aloha-pueblo\\\/\"},\"wordCount\":423,\"commentCount\":0,\"publisher\":{\"@id\":\"https:\\\/\\\/lightweb.dev\\\/l\\\/svm-temp\\\/#organization\"},\"image\":{\"@id\":\"https:\\\/\\\/lightweb.dev\\\/l\\\/svm-temp\\\/artiklar\\\/salon-la-vida-by-vera-i-aloha-pueblo\\\/#primaryimage\"},\"thumbnailUrl\":\"https:\\\/\\\/lightweb.dev\\\/l\\\/svm-temp\\\/wp-content\\\/uploads\\\/2022\\\/04\\\/salon-la-vida-by-vera-i-aloha-pueblo.png\",\"articleSection\":[\"Arkiv\",\"Artiklar\"],\"inLanguage\":\"sv-SE\"},{\"@type\":\"WebPage\",\"@id\":\"https:\\\/\\\/lightweb.dev\\\/l\\\/svm-temp\\\/artiklar\\\/salon-la-vida-by-vera-i-aloha-pueblo\\\/\",\"url\":\"https:\\\/\\\/lightweb.dev\\\/l\\\/svm-temp\\\/artiklar\\\/salon-la-vida-by-vera-i-aloha-pueblo\\\/\",\"name\":\"Salon La Vida by Vera i Aloha Pueblo - Svenska Magasinet\",\"isPartOf\":{\"@id\":\"https:\\\/\\\/lightweb.dev\\\/l\\\/svm-temp\\\/#website\"},\"primaryImageOfPage\":{\"@id\":\"https:\\\/\\\/lightweb.dev\\\/l\\\/svm-temp\\\/artiklar\\\/salon-la-vida-by-vera-i-aloha-pueblo\\\/#primaryimage\"},\"image\":{\"@id\":\"https:\\\/\\\/lightweb.dev\\\/l\\\/svm-temp\\\/artiklar\\\/salon-la-vida-by-vera-i-aloha-pueblo\\\/#primaryimage\"},\"thumbnailUrl\":\"https:\\\/\\\/lightweb.dev\\\/l\\\/svm-temp\\\/wp-content\\\/uploads\\\/2022\\\/04\\\/salon-la-vida-by-vera-i-aloha-pueblo.png\",\"datePublished\":\"2015-04-12T22:00:00+00:00\",\"breadcrumb\":{\"@id\":\"https:\\\/\\\/lightweb.dev\\\/l\\\/svm-temp\\\/artiklar\\\/salon-la-vida-by-vera-i-aloha-pueblo\\\/#breadcrumb\"},\"inLanguage\":\"sv-SE\",\"potentialAction\":[{\"@type\":\"ReadAction\",\"target\":[\"https:\\\/\\\/lightweb.dev\\\/l\\\/svm-temp\\\/artiklar\\\/salon-la-vida-by-vera-i-aloha-pueblo\\\/\"]}]},{\"@type\":\"ImageObject\",\"inLanguage\":\"sv-SE\",\"@id\":\"https:\\\/\\\/lightweb.dev\\\/l\\\/svm-temp\\\/artiklar\\\/salon-la-vida-by-vera-i-aloha-pueblo\\\/#primaryimage\",\"url\":\"https:\\\/\\\/lightweb.dev\\\/l\\\/svm-temp\\\/wp-content\\\/uploads\\\/2022\\\/04\\\/salon-la-vida-by-vera-i-aloha-pueblo.png\",\"contentUrl\":\"https:\\\/\\\/lightweb.dev\\\/l\\\/svm-temp\\\/wp-content\\\/uploads\\\/2022\\\/04\\\/salon-la-vida-by-vera-i-aloha-pueblo.png\",\"width\":280,\"height\":280},{\"@type\":\"BreadcrumbList\",\"@id\":\"https:\\\/\\\/lightweb.dev\\\/l\\\/svm-temp\\\/artiklar\\\/salon-la-vida-by-vera-i-aloha-pueblo\\\/#breadcrumb\",\"itemListElement\":[{\"@type\":\"ListItem\",\"position\":1,\"name\":\"Hem\",\"item\":\"https:\\\/\\\/lightweb.dev\\\/l\\\/svm-temp\\\/\"},{\"@type\":\"ListItem\",\"position\":2,\"name\":\"Salon La Vida by Vera i Aloha Pueblo\"}]},{\"@type\":\"WebSite\",\"@id\":\"https:\\\/\\\/lightweb.dev\\\/l\\\/svm-temp\\\/#website\",\"url\":\"https:\\\/\\\/lightweb.dev\\\/l\\\/svm-temp\\\/\",\"name\":\"Svenska Magasinet\",\"description\":\"Dina Spanska nyheter p&aring; Svenska\",\"publisher\":{\"@id\":\"https:\\\/\\\/lightweb.dev\\\/l\\\/svm-temp\\\/#organization\"},\"potentialAction\":[{\"@type\":\"SearchAction\",\"target\":{\"@type\":\"EntryPoint\",\"urlTemplate\":\"https:\\\/\\\/lightweb.dev\\\/l\\\/svm-temp\\\/?s={search_term_string}\"},\"query-input\":{\"@type\":\"PropertyValueSpecification\",\"valueRequired\":true,\"valueName\":\"search_term_string\"}}],\"inLanguage\":\"sv-SE\"},{\"@type\":\"Organization\",\"@id\":\"https:\\\/\\\/lightweb.dev\\\/l\\\/svm-temp\\\/#organization\",\"name\":\"Melkerson y Nott SL\",\"alternateName\":\"Svenska Magasinet\",\"url\":\"https:\\\/\\\/lightweb.dev\\\/l\\\/svm-temp\\\/\",\"logo\":{\"@type\":\"ImageObject\",\"inLanguage\":\"sv-SE\",\"@id\":\"https:\\\/\\\/lightweb.dev\\\/l\\\/svm-temp\\\/#\\\/schema\\\/logo\\\/image\\\/\",\"url\":\"https:\\\/\\\/lightweb.dev\\\/l\\\/svm-temp\\\/wp-content\\\/uploads\\\/2025\\\/02\\\/SvM-logo-Xtra-Centrerad-SVART.png\",\"contentUrl\":\"https:\\\/\\\/lightweb.dev\\\/l\\\/svm-temp\\\/wp-content\\\/uploads\\\/2025\\\/02\\\/SvM-logo-Xtra-Centrerad-SVART.png\",\"width\":300,\"height\":99,\"caption\":\"Melkerson y Nott SL\"},\"image\":{\"@id\":\"https:\\\/\\\/lightweb.dev\\\/l\\\/svm-temp\\\/#\\\/schema\\\/logo\\\/image\\\/\"},\"sameAs\":[\"https:\\\/\\\/www.facebook.com\\\/svenskamagasinet\",\"https:\\\/\\\/x.com\\\/SvenskaMagasine\"]},{\"@type\":\"Person\",\"@id\":\"https:\\\/\\\/lightweb.dev\\\/l\\\/svm-temp\\\/#\\\/schema\\\/person\\\/206a3bda5b607b0c25e1749191e4d837\",\"name\":\"Redaktionen SvM\",\"description\":\"Redaktionen\",\"sameAs\":[\"https:\\\/\\\/lightweb.dev\\\/l\\\/svm-temp\"],\"url\":\"https:\\\/\\\/lightweb.dev\\\/l\\\/svm-temp\\\/reporter\\\/redaktionen\\\/\"}]}<\/script>\n<!-- \/ Yoast SEO Premium plugin. -->","yoast_head_json":{"title":"Salon La Vida by Vera i Aloha Pueblo - Svenska Magasinet","robots":{"index":"noindex","follow":"follow","max-snippet":"max-snippet:-1","max-image-preview":"max-image-preview:large","max-video-preview":"max-video-preview:-1"},"og_locale":"sv_SE","og_type":"article","og_title":"Salon La Vida by Vera i Aloha Pueblo","og_description":"Jag \u00e4r f\u00f6dd och utbildad i Finland och b\u00f6rjade min fris\u00f6rkarri\u00e4r i Helsingfors. Efter avslutad utbildning hade jag turen att f\u00e5 arbeta i en av toppsalongerna d\u00e4r vilket gav mig erfarenhet av det skandinaviska h\u00e5ret, d\u00e4r f\u00e4rgning och styling \u00e4r mer k\u00e4nsligt och det beh\u00f6vs lite extra k\u00e4nnedom. Innan jag kom till Spanien, bodde jag [&hellip;]","og_url":"https:\/\/lightweb.dev\/l\/svm-temp\/artiklar\/salon-la-vida-by-vera-i-aloha-pueblo\/","og_site_name":"Svenska Magasinet","article_publisher":"https:\/\/www.facebook.com\/svenskamagasinet","article_published_time":"2015-04-12T22:00:00+00:00","og_image":[{"width":280,"height":280,"url":"https:\/\/lightweb.dev\/l\/svm-temp\/wp-content\/uploads\/2022\/04\/salon-la-vida-by-vera-i-aloha-pueblo.png","type":"image\/png"}],"author":"Redaktionen SvM","twitter_card":"summary_large_image","twitter_creator":"@SvenskaMagasine","twitter_site":"@SvenskaMagasine","schema":{"@context":"https:\/\/schema.org","@graph":[{"@type":"Article","@id":"https:\/\/lightweb.dev\/l\/svm-temp\/artiklar\/salon-la-vida-by-vera-i-aloha-pueblo\/#article","isPartOf":{"@id":"https:\/\/lightweb.dev\/l\/svm-temp\/artiklar\/salon-la-vida-by-vera-i-aloha-pueblo\/"},"author":{"name":"Redaktionen SvM","@id":"https:\/\/lightweb.dev\/l\/svm-temp\/#\/schema\/person\/206a3bda5b607b0c25e1749191e4d837"},"headline":"Salon La Vida by Vera i Aloha Pueblo","datePublished":"2015-04-12T22:00:00+00:00","mainEntityOfPage":{"@id":"https:\/\/lightweb.dev\/l\/svm-temp\/artiklar\/salon-la-vida-by-vera-i-aloha-pueblo\/"},"wordCount":423,"commentCount":0,"publisher":{"@id":"https:\/\/lightweb.dev\/l\/svm-temp\/#organization"},"image":{"@id":"https:\/\/lightweb.dev\/l\/svm-temp\/artiklar\/salon-la-vida-by-vera-i-aloha-pueblo\/#primaryimage"},"thumbnailUrl":"https:\/\/lightweb.dev\/l\/svm-temp\/wp-content\/uploads\/2022\/04\/salon-la-vida-by-vera-i-aloha-pueblo.png","articleSection":["Arkiv","Artiklar"],"inLanguage":"sv-SE"},{"@type":"WebPage","@id":"https:\/\/lightweb.dev\/l\/svm-temp\/artiklar\/salon-la-vida-by-vera-i-aloha-pueblo\/","url":"https:\/\/lightweb.dev\/l\/svm-temp\/artiklar\/salon-la-vida-by-vera-i-aloha-pueblo\/","name":"Salon La Vida by Vera i Aloha Pueblo - Svenska Magasinet","isPartOf":{"@id":"https:\/\/lightweb.dev\/l\/svm-temp\/#website"},"primaryImageOfPage":{"@id":"https:\/\/lightweb.dev\/l\/svm-temp\/artiklar\/salon-la-vida-by-vera-i-aloha-pueblo\/#primaryimage"},"image":{"@id":"https:\/\/lightweb.dev\/l\/svm-temp\/artiklar\/salon-la-vida-by-vera-i-aloha-pueblo\/#primaryimage"},"thumbnailUrl":"https:\/\/lightweb.dev\/l\/svm-temp\/wp-content\/uploads\/2022\/04\/salon-la-vida-by-vera-i-aloha-pueblo.png","datePublished":"2015-04-12T22:00:00+00:00","breadcrumb":{"@id":"https:\/\/lightweb.dev\/l\/svm-temp\/artiklar\/salon-la-vida-by-vera-i-aloha-pueblo\/#breadcrumb"},"inLanguage":"sv-SE","potentialAction":[{"@type":"ReadAction","target":["https:\/\/lightweb.dev\/l\/svm-temp\/artiklar\/salon-la-vida-by-vera-i-aloha-pueblo\/"]}]},{"@type":"ImageObject","inLanguage":"sv-SE","@id":"https:\/\/lightweb.dev\/l\/svm-temp\/artiklar\/salon-la-vida-by-vera-i-aloha-pueblo\/#primaryimage","url":"https:\/\/lightweb.dev\/l\/svm-temp\/wp-content\/uploads\/2022\/04\/salon-la-vida-by-vera-i-aloha-pueblo.png","contentUrl":"https:\/\/lightweb.dev\/l\/svm-temp\/wp-content\/uploads\/2022\/04\/salon-la-vida-by-vera-i-aloha-pueblo.png","width":280,"height":280},{"@type":"BreadcrumbList","@id":"https:\/\/lightweb.dev\/l\/svm-temp\/artiklar\/salon-la-vida-by-vera-i-aloha-pueblo\/#breadcrumb","itemListElement":[{"@type":"ListItem","position":1,"name":"Hem","item":"https:\/\/lightweb.dev\/l\/svm-temp\/"},{"@type":"ListItem","position":2,"name":"Salon La Vida by Vera i Aloha Pueblo"}]},{"@type":"WebSite","@id":"https:\/\/lightweb.dev\/l\/svm-temp\/#website","url":"https:\/\/lightweb.dev\/l\/svm-temp\/","name":"Svenska Magasinet","description":"Dina Spanska nyheter p&aring; Svenska","publisher":{"@id":"https:\/\/lightweb.dev\/l\/svm-temp\/#organization"},"potentialAction":[{"@type":"SearchAction","target":{"@type":"EntryPoint","urlTemplate":"https:\/\/lightweb.dev\/l\/svm-temp\/?s={search_term_string}"},"query-input":{"@type":"PropertyValueSpecification","valueRequired":true,"valueName":"search_term_string"}}],"inLanguage":"sv-SE"},{"@type":"Organization","@id":"https:\/\/lightweb.dev\/l\/svm-temp\/#organization","name":"Melkerson y Nott SL","alternateName":"Svenska Magasinet","url":"https:\/\/lightweb.dev\/l\/svm-temp\/","logo":{"@type":"ImageObject","inLanguage":"sv-SE","@id":"https:\/\/lightweb.dev\/l\/svm-temp\/#\/schema\/logo\/image\/","url":"https:\/\/lightweb.dev\/l\/svm-temp\/wp-content\/uploads\/2025\/02\/SvM-logo-Xtra-Centrerad-SVART.png","contentUrl":"https:\/\/lightweb.dev\/l\/svm-temp\/wp-content\/uploads\/2025\/02\/SvM-logo-Xtra-Centrerad-SVART.png","width":300,"height":99,"caption":"Melkerson y Nott SL"},"image":{"@id":"https:\/\/lightweb.dev\/l\/svm-temp\/#\/schema\/logo\/image\/"},"sameAs":["https:\/\/www.facebook.com\/svenskamagasinet","https:\/\/x.com\/SvenskaMagasine"]},{"@type":"Person","@id":"https:\/\/lightweb.dev\/l\/svm-temp\/#\/schema\/person\/206a3bda5b607b0c25e1749191e4d837","name":"Redaktionen SvM","description":"Redaktionen","sameAs":["https:\/\/lightweb.dev\/l\/svm-temp"],"url":"https:\/\/lightweb.dev\/l\/svm-temp\/reporter\/redaktionen\/"}]}},"_links":{"self":[{"href":"https:\/\/lightweb.dev\/l\/svm-temp\/wp-json\/wp\/v2\/posts\/5129","targetHints":{"allow":["GET"]}}],"collection":[{"href":"https:\/\/lightweb.dev\/l\/svm-temp\/wp-json\/wp\/v2\/posts"}],"about":[{"href":"https:\/\/lightweb.dev\/l\/svm-temp\/wp-json\/wp\/v2\/types\/post"}],"author":[{"embeddable":true,"href":"https:\/\/lightweb.dev\/l\/svm-temp\/wp-json\/wp\/v2\/users\/8"}],"replies":[{"embeddable":true,"href":"https:\/\/lightweb.dev\/l\/svm-temp\/wp-json\/wp\/v2\/comments?post=5129"}],"version-history":[{"count":0,"href":"https:\/\/lightweb.dev\/l\/svm-temp\/wp-json\/wp\/v2\/posts\/5129\/revisions"}],"wp:featuredmedia":[{"embeddable":true,"href":"https:\/\/lightweb.dev\/l\/svm-temp\/wp-json\/wp\/v2\/media\/5130"}],"wp:attachment":[{"href":"https:\/\/lightweb.dev\/l\/svm-temp\/wp-json\/wp\/v2\/media?parent=5129"}],"wp:term":[{"taxonomy":"category","embeddable":true,"href":"https:\/\/lightweb.dev\/l\/svm-temp\/wp-json\/wp\/v2\/categories?post=5129"},{"taxonomy":"post_tag","embeddable":true,"href":"https:\/\/lightweb.dev\/l\/svm-temp\/wp-json\/wp\/v2\/tags?post=5129"}],"curies":[{"name":"wp","href":"https:\/\/api.w.org\/{rel}","templated":true}]}}