{"id":5131,"date":"2015-04-13T00:00:00","date_gmt":"2015-04-12T22:00:00","guid":{"rendered":"https:\/\/lightweb.dev\/l\/svm-temp\/hyr-ut-din-bostad\/"},"modified":"2015-04-13T00:00:00","modified_gmt":"2015-04-12T22:00:00","slug":"hyr-ut-din-bostad","status":"publish","type":"post","link":"https:\/\/lightweb.dev\/l\/svm-temp\/artiklar\/hyr-ut-din-bostad\/","title":{"rendered":"Hyr ut din bostad"},"content":{"rendered":"<p> Mattias p\u00e5 Spain\u00adHoliday, \u00e4r s\u00e4ker p\u00e5 sin sak: semesterbost\u00e4der i Spanien \u00e4r en boomande bransch. Har man som privatperson m\u00f6jlighet att hyra ut sin bostad under delar av \u00e5ret s\u00e5 finns idag v\u00e4ldigt f\u00f6rm\u00e5nliga sk\u00e4l till att g\u00f6ra det. Antalet bes\u00f6kare till Spanien forts\u00e4tter att \u00f6ka och fler resen\u00e4rer uppt\u00e4cker att hyra ett semesterhus eller en semesterl\u00e4genhet \u00e4r b\u00e5de ett billigare och bekv\u00e4mare alternativ \u00e4n att bo p\u00e5 hotell.<\/p>\n<p>Har du en bostad i Spanien som inte anv\u00e4nds \u00e5ret runt? Funderar du p\u00e5 att k\u00f6pa en bostad men f\u00e5r inte riktigt ihop ekonomin? D\u00e5 kanske det \u00e4r dags att b\u00f6rja t\u00e4nka p\u00e5 hur du kan tj\u00e4na pengar p\u00e5 din bostad.<\/p>\n<p>Mattias, den svenska ambassad\u00f6ren och skribenten p\u00e5 Spain\u00adHoliday och p\u00e5 semesterbostad\u00adspanien.se, den svenska portalen i f\u00f6retaget, har sett en v\u00e4xande trend de senaste \u00e5ren med rekordsiffror ifjol. F\u00f6rra \u00e5ret slog man rekord inom spansk turism och semesterbostad\u00adspanien k\u00e4nde av trycket. 2014 hade vi mer \u00e4n elva miljoner unika bes\u00f6kare p\u00e5 v\u00e5r hemsida och vi \u00e4r idag det st\u00f6rsta f\u00f6retaget i v\u00e4rlden n\u00e4r det kommer till uthyrning av semesterbost\u00e4der i Spanien, f\u00f6rklarar Mattias.<\/p>\n<p>Man kan tj\u00e4na pengar p\u00e5 att hyra ut sin l\u00e4genhet eller sitt hus, men f\u00f6r att f\u00e5 maximal utdelning b\u00f6r man ha n\u00e5gra saker i \u00e5tanke. I m\u00e5nga fall blir en investering mycket mer intressant n\u00e4r man r\u00e4knar in i kalkylen alla m\u00f6jligheter runt kortsiktig uthyrning av sin bostad.<\/p>\n<p>Mattias forts\u00e4tter ber\u00e4tta om att en av de viktigaste punkterna \u00e4r att man har klart f\u00f6r sig vilken typ av m\u00e5lgrupp man vill hyra ut till samt vilka typer av tj\u00e4nster och material som beh\u00f6vs n\u00e4r hyresg\u00e4sterna landar.<\/p>\n<p>Vi har gjort v\u00e5ra unders\u00f6kningar och i grund och botten s\u00e5 vill alla slappna av och njuta till max av sin semester. En del av ansvaret f\u00f6r en perfekt semester ligger delvis i h\u00e4nderna p\u00e5 de som tillf\u00f6rser boendet. T ex luftkonditionering och en bra internetuppkoppling \u00e4r ett gemensamt \u00f6nskem\u00e5l fr\u00e5n alla bes\u00f6kare.<br \/>\nSedan \u00e4r det en bra id\u00e9 att t\u00e4nka p\u00e5 det rent estetiska. Det kan vara en flaska vin p\u00e5 bordet vid ankomst, ett komplett k\u00f6k med kaffebryggare, information om orten, en vacker blomma vid f\u00f6nstret och sj\u00e4lvfallet ska skafferiet vara p\u00e5fyllt med te, kaffe, socker och andra basvaror. Allt f\u00f6r att skapa en k\u00e4nsla av v\u00e4lkomnande f\u00f6r g\u00e4sten.<\/p>\n<p>Semester med familjen \u00e4r en snabbt v\u00e4xande bransch och fler k\u00e4nner sig mer hemma i en privat semesterbostad ist\u00e4llet f\u00f6r hotell. Man uppskattar att familjeturismen st\u00e5r f\u00f6r en tredjedel av all turism i Spanien och detta kommer att \u00f6ka i framtiden. En uppsving i den globala ekonomin i kombination med v\u00e4xande m\u00f6jligheter online f\u00f6r att hyra en semestervilla som passar hela familjen, \u00e4r n\u00e5got som g\u00f6r att fler och fler m\u00e4nniskor f\u00f6redrar att boka via sidor som semesterbostad\u00adspanien.se.<\/p>\n<p>Utrymme, komfort, och prisv\u00e4rdhet \u00e4r ligger h\u00f6gst upp p\u00e5 prioriteringslistan och m\u00f6jligheten att kunna laga sin egen mat \u00e4r en v\u00e4ldigt viktig punkt. Man sparar in p\u00e5 pengar, tid och annat med att inte beh\u00f6ver leta efter ett bra st\u00e4lle f\u00f6r varje m\u00e5ltid. En annan viktig punkt \u00e4r att ha egna utrymmen f\u00f6r barnen eller andra i gruppen, att ha ett k\u00f6k, lekrum eller ett tv\u00adrum g\u00f6r att en semesterbostad blir ett sj\u00e4lvklart val f\u00f6r fler m\u00e4nniskor. Barn \u00e4lskar att leka, f\u00f6ra ov\u00e4sen och de beh\u00f6ver sina egna utrymmen, n\u00e5got som blir enklare i samband med att man hyr en semestervilla med en g\u00e5rd ist\u00e4llet f\u00f6r ett hotellrum.<\/p>\n<p>Att ge plats f\u00f6r hela familjen \u00e4r ett stort krav om man vill att alla ska njuta av sin semester och i samband med att flera generationer av familjemedlemmer bor under samma tak s\u00e5 blir semestern ocks\u00e5 annorlunda.<\/p>\n<p>Mor- och farf\u00f6r\u00e4ldrar har b\u00f6rjat spela en aktiv roll i samband med val av semesterstad,  n\u00e5got som \u00e4r till ytterligare f\u00f6rdel f\u00f6r alla parter inblandade i semestern. Mormor och farfar hj\u00e4lper oftast till b\u00e5de n\u00e4r det kommer till barnen, maten och utflykter vilket g\u00f6r att f\u00f6r\u00e4ldrar inte beh\u00f6ver l\u00e4gga all sin tid med att t\u00e4nka p\u00e5 andra. En bra semester handlar oftast om att kunna spendera kvalitetstid med n\u00e4ra och k\u00e4ra.<\/p>\n<p>En studie i framg\u00e5ng n\u00e4r det kommer till fullbokade semesterbost\u00e4der visar att det hela kan vara v\u00e4ldigt enkelt, en familjev\u00e4nlig semesterbostad \u00e4r oftast mer popul\u00e4r. En annan sak som \u00e4r avg\u00f6rande i samband med att fler m\u00e4nniskor v\u00e4ljer att hyra en semesterbostad, \u00e4r m\u00e5nga finner det betryggande att ha direktkontakt med \u00e4garna till bost\u00e4derna. Detta skapar sj\u00e4lvklart en k\u00e4nsla av trygghet, n\u00e4r man som bes\u00f6kare kan v\u00e4nda sig till n\u00e5gon n\u00e4r man har fr\u00e5gor eller problem och detta \u00e4r ov\u00e4rderligt under en semester.<\/p>\n<p>Semesterbostad\u00adSpanien.se hyr ut fritidshus \u00f6ver hela Spanien. Vi har en gedigen kunskap och l\u00e5ng erfarenhet av marknaden och hj\u00e4lper g\u00e4rna till att inspirera med nya id\u00e9er f\u00f6r din semestervistelse. Vi har allt fr\u00e5n lyxhus, sol\u00ad och golfbost\u00e4der till stugor p\u00e5 landet. Oavsett vilka \u00f6nskem\u00e5l Du har, s\u00e5 \u00e4r vi s\u00e4kra p\u00e5 att kunna hj\u00e4lpa till genom v\u00e5rt stora utbud av semesterhus i Spanien.<\/p>\n<p>Alla semesterbost\u00e4der hyrs ut direkt av \u00e4garna. Om du \u00e4ger en bostad i Spanien eller k\u00e4nner att du kanske kan k\u00f6pa om du har m\u00f6jlighet att hyra ut, tveka inte att kontakta oss.<\/p>\n<p>F\u00f6rutom att vi \u00e4r st\u00f6rst n\u00e4r det g\u00e4ller semesterbost\u00e4der i Spanien s\u00e5 har vi ocks\u00e5 en fantastisk grupp av skribenter som informerar och inspirerar p\u00e5 13 olika spr\u00e5k om allt det roliga som Spanien har att erbjuda. Mattias, som skriver p\u00e5 svenska och har hand om semesterbostad\u00adspanien.se, \u00f6nskar er alla v\u00e4lkomna till<br \/>\nwww.semesterbostad\u00adspanien.se f\u00f6r att hitta din n\u00e4sta semesterbostad eller skriva upp dig som kund hos oss, s\u00e5 andra resen\u00e4rer enkelt kan hyra din bostad i framtiden.<\/p>\n","protected":false},"excerpt":{"rendered":"<p>Mattias p\u00e5 Spain\u00adHoliday, \u00e4r s\u00e4ker p\u00e5 sin sak: semesterbost\u00e4der i Spanien \u00e4r en boomande bransch. Har man som privatperson m\u00f6jlighet att hyra ut sin bostad under delar av \u00e5ret s\u00e5 finns idag v\u00e4ldigt f\u00f6rm\u00e5nliga sk\u00e4l till att g\u00f6ra det. Antalet bes\u00f6kare till Spanien forts\u00e4tter att \u00f6ka och fler resen\u00e4rer uppt\u00e4cker att hyra ett semesterhus eller [&hellip;]<\/p>\n","protected":false},"author":8,"featured_media":5132,"comment_status":"open","ping_status":"open","sticky":false,"template":"","format":"standard","meta":{"_et_pb_use_builder":"","_et_pb_old_content":"","_et_gb_content_width":"","footnotes":""},"categories":[396,4],"tags":[],"class_list":["post-5131","post","type-post","status-publish","format-standard","has-post-thumbnail","hentry","category-arkiv-artiklar","category-artiklar"],"yoast_head":"<!-- This site is optimized with the Yoast SEO Premium plugin v26.2 (Yoast SEO v27.4) - https:\/\/yoast.com\/product\/yoast-seo-premium-wordpress\/ -->\n<title>Hyr ut din bostad - Svenska Magasinet<\/title>\n<meta name=\"robots\" content=\"noindex, follow, max-snippet:-1, max-image-preview:large, max-video-preview:-1\" \/>\n<meta property=\"og:locale\" content=\"sv_SE\" \/>\n<meta property=\"og:type\" content=\"article\" \/>\n<meta property=\"og:title\" content=\"Hyr ut din bostad\" \/>\n<meta property=\"og:description\" content=\"Mattias p\u00e5 Spain\u00adHoliday, \u00e4r s\u00e4ker p\u00e5 sin sak: semesterbost\u00e4der i Spanien \u00e4r en boomande bransch. Har man som privatperson m\u00f6jlighet att hyra ut sin bostad under delar av \u00e5ret s\u00e5 finns idag v\u00e4ldigt f\u00f6rm\u00e5nliga sk\u00e4l till att g\u00f6ra det. Antalet bes\u00f6kare till Spanien forts\u00e4tter att \u00f6ka och fler resen\u00e4rer uppt\u00e4cker att hyra ett semesterhus eller [&hellip;]\" \/>\n<meta property=\"og:url\" content=\"https:\/\/lightweb.dev\/l\/svm-temp\/artiklar\/hyr-ut-din-bostad\/\" \/>\n<meta property=\"og:site_name\" content=\"Svenska Magasinet\" \/>\n<meta property=\"article:publisher\" content=\"https:\/\/www.facebook.com\/svenskamagasinet\" \/>\n<meta property=\"article:published_time\" content=\"2015-04-12T22:00:00+00:00\" \/>\n<meta property=\"og:image\" content=\"https:\/\/lightweb.dev\/l\/svm-temp\/wp-content\/uploads\/2022\/04\/hyr-ut-din-bostad.png\" \/>\n\t<meta property=\"og:image:width\" content=\"280\" \/>\n\t<meta property=\"og:image:height\" content=\"251\" \/>\n\t<meta property=\"og:image:type\" content=\"image\/png\" \/>\n<meta name=\"author\" content=\"Redaktionen SvM\" \/>\n<meta name=\"twitter:card\" content=\"summary_large_image\" \/>\n<meta name=\"twitter:creator\" content=\"@SvenskaMagasine\" \/>\n<meta name=\"twitter:site\" content=\"@SvenskaMagasine\" \/>\n<script type=\"application\/ld+json\" class=\"yoast-schema-graph\">{\"@context\":\"https:\\\/\\\/schema.org\",\"@graph\":[{\"@type\":\"Article\",\"@id\":\"https:\\\/\\\/lightweb.dev\\\/l\\\/svm-temp\\\/artiklar\\\/hyr-ut-din-bostad\\\/#article\",\"isPartOf\":{\"@id\":\"https:\\\/\\\/lightweb.dev\\\/l\\\/svm-temp\\\/artiklar\\\/hyr-ut-din-bostad\\\/\"},\"author\":{\"name\":\"Redaktionen SvM\",\"@id\":\"https:\\\/\\\/lightweb.dev\\\/l\\\/svm-temp\\\/#\\\/schema\\\/person\\\/206a3bda5b607b0c25e1749191e4d837\"},\"headline\":\"Hyr ut din bostad\",\"datePublished\":\"2015-04-12T22:00:00+00:00\",\"mainEntityOfPage\":{\"@id\":\"https:\\\/\\\/lightweb.dev\\\/l\\\/svm-temp\\\/artiklar\\\/hyr-ut-din-bostad\\\/\"},\"wordCount\":1114,\"commentCount\":0,\"publisher\":{\"@id\":\"https:\\\/\\\/lightweb.dev\\\/l\\\/svm-temp\\\/#organization\"},\"image\":{\"@id\":\"https:\\\/\\\/lightweb.dev\\\/l\\\/svm-temp\\\/artiklar\\\/hyr-ut-din-bostad\\\/#primaryimage\"},\"thumbnailUrl\":\"https:\\\/\\\/lightweb.dev\\\/l\\\/svm-temp\\\/wp-content\\\/uploads\\\/2022\\\/04\\\/hyr-ut-din-bostad.png\",\"articleSection\":[\"Arkiv\",\"Artiklar\"],\"inLanguage\":\"sv-SE\"},{\"@type\":\"WebPage\",\"@id\":\"https:\\\/\\\/lightweb.dev\\\/l\\\/svm-temp\\\/artiklar\\\/hyr-ut-din-bostad\\\/\",\"url\":\"https:\\\/\\\/lightweb.dev\\\/l\\\/svm-temp\\\/artiklar\\\/hyr-ut-din-bostad\\\/\",\"name\":\"Hyr ut din bostad - Svenska Magasinet\",\"isPartOf\":{\"@id\":\"https:\\\/\\\/lightweb.dev\\\/l\\\/svm-temp\\\/#website\"},\"primaryImageOfPage\":{\"@id\":\"https:\\\/\\\/lightweb.dev\\\/l\\\/svm-temp\\\/artiklar\\\/hyr-ut-din-bostad\\\/#primaryimage\"},\"image\":{\"@id\":\"https:\\\/\\\/lightweb.dev\\\/l\\\/svm-temp\\\/artiklar\\\/hyr-ut-din-bostad\\\/#primaryimage\"},\"thumbnailUrl\":\"https:\\\/\\\/lightweb.dev\\\/l\\\/svm-temp\\\/wp-content\\\/uploads\\\/2022\\\/04\\\/hyr-ut-din-bostad.png\",\"datePublished\":\"2015-04-12T22:00:00+00:00\",\"breadcrumb\":{\"@id\":\"https:\\\/\\\/lightweb.dev\\\/l\\\/svm-temp\\\/artiklar\\\/hyr-ut-din-bostad\\\/#breadcrumb\"},\"inLanguage\":\"sv-SE\",\"potentialAction\":[{\"@type\":\"ReadAction\",\"target\":[\"https:\\\/\\\/lightweb.dev\\\/l\\\/svm-temp\\\/artiklar\\\/hyr-ut-din-bostad\\\/\"]}]},{\"@type\":\"ImageObject\",\"inLanguage\":\"sv-SE\",\"@id\":\"https:\\\/\\\/lightweb.dev\\\/l\\\/svm-temp\\\/artiklar\\\/hyr-ut-din-bostad\\\/#primaryimage\",\"url\":\"https:\\\/\\\/lightweb.dev\\\/l\\\/svm-temp\\\/wp-content\\\/uploads\\\/2022\\\/04\\\/hyr-ut-din-bostad.png\",\"contentUrl\":\"https:\\\/\\\/lightweb.dev\\\/l\\\/svm-temp\\\/wp-content\\\/uploads\\\/2022\\\/04\\\/hyr-ut-din-bostad.png\",\"width\":280,\"height\":251},{\"@type\":\"BreadcrumbList\",\"@id\":\"https:\\\/\\\/lightweb.dev\\\/l\\\/svm-temp\\\/artiklar\\\/hyr-ut-din-bostad\\\/#breadcrumb\",\"itemListElement\":[{\"@type\":\"ListItem\",\"position\":1,\"name\":\"Hem\",\"item\":\"https:\\\/\\\/lightweb.dev\\\/l\\\/svm-temp\\\/\"},{\"@type\":\"ListItem\",\"position\":2,\"name\":\"Hyr ut din bostad\"}]},{\"@type\":\"WebSite\",\"@id\":\"https:\\\/\\\/lightweb.dev\\\/l\\\/svm-temp\\\/#website\",\"url\":\"https:\\\/\\\/lightweb.dev\\\/l\\\/svm-temp\\\/\",\"name\":\"Svenska Magasinet\",\"description\":\"Dina Spanska nyheter p&aring; Svenska\",\"publisher\":{\"@id\":\"https:\\\/\\\/lightweb.dev\\\/l\\\/svm-temp\\\/#organization\"},\"potentialAction\":[{\"@type\":\"SearchAction\",\"target\":{\"@type\":\"EntryPoint\",\"urlTemplate\":\"https:\\\/\\\/lightweb.dev\\\/l\\\/svm-temp\\\/?s={search_term_string}\"},\"query-input\":{\"@type\":\"PropertyValueSpecification\",\"valueRequired\":true,\"valueName\":\"search_term_string\"}}],\"inLanguage\":\"sv-SE\"},{\"@type\":\"Organization\",\"@id\":\"https:\\\/\\\/lightweb.dev\\\/l\\\/svm-temp\\\/#organization\",\"name\":\"Melkerson y Nott SL\",\"alternateName\":\"Svenska Magasinet\",\"url\":\"https:\\\/\\\/lightweb.dev\\\/l\\\/svm-temp\\\/\",\"logo\":{\"@type\":\"ImageObject\",\"inLanguage\":\"sv-SE\",\"@id\":\"https:\\\/\\\/lightweb.dev\\\/l\\\/svm-temp\\\/#\\\/schema\\\/logo\\\/image\\\/\",\"url\":\"https:\\\/\\\/lightweb.dev\\\/l\\\/svm-temp\\\/wp-content\\\/uploads\\\/2025\\\/02\\\/SvM-logo-Xtra-Centrerad-SVART.png\",\"contentUrl\":\"https:\\\/\\\/lightweb.dev\\\/l\\\/svm-temp\\\/wp-content\\\/uploads\\\/2025\\\/02\\\/SvM-logo-Xtra-Centrerad-SVART.png\",\"width\":300,\"height\":99,\"caption\":\"Melkerson y Nott SL\"},\"image\":{\"@id\":\"https:\\\/\\\/lightweb.dev\\\/l\\\/svm-temp\\\/#\\\/schema\\\/logo\\\/image\\\/\"},\"sameAs\":[\"https:\\\/\\\/www.facebook.com\\\/svenskamagasinet\",\"https:\\\/\\\/x.com\\\/SvenskaMagasine\"]},{\"@type\":\"Person\",\"@id\":\"https:\\\/\\\/lightweb.dev\\\/l\\\/svm-temp\\\/#\\\/schema\\\/person\\\/206a3bda5b607b0c25e1749191e4d837\",\"name\":\"Redaktionen SvM\",\"description\":\"Redaktionen\",\"sameAs\":[\"https:\\\/\\\/lightweb.dev\\\/l\\\/svm-temp\"],\"url\":\"https:\\\/\\\/lightweb.dev\\\/l\\\/svm-temp\\\/reporter\\\/redaktionen\\\/\"}]}<\/script>\n<!-- \/ Yoast SEO Premium plugin. -->","yoast_head_json":{"title":"Hyr ut din bostad - Svenska Magasinet","robots":{"index":"noindex","follow":"follow","max-snippet":"max-snippet:-1","max-image-preview":"max-image-preview:large","max-video-preview":"max-video-preview:-1"},"og_locale":"sv_SE","og_type":"article","og_title":"Hyr ut din bostad","og_description":"Mattias p\u00e5 Spain\u00adHoliday, \u00e4r s\u00e4ker p\u00e5 sin sak: semesterbost\u00e4der i Spanien \u00e4r en boomande bransch. Har man som privatperson m\u00f6jlighet att hyra ut sin bostad under delar av \u00e5ret s\u00e5 finns idag v\u00e4ldigt f\u00f6rm\u00e5nliga sk\u00e4l till att g\u00f6ra det. Antalet bes\u00f6kare till Spanien forts\u00e4tter att \u00f6ka och fler resen\u00e4rer uppt\u00e4cker att hyra ett semesterhus eller [&hellip;]","og_url":"https:\/\/lightweb.dev\/l\/svm-temp\/artiklar\/hyr-ut-din-bostad\/","og_site_name":"Svenska Magasinet","article_publisher":"https:\/\/www.facebook.com\/svenskamagasinet","article_published_time":"2015-04-12T22:00:00+00:00","og_image":[{"width":280,"height":251,"url":"https:\/\/lightweb.dev\/l\/svm-temp\/wp-content\/uploads\/2022\/04\/hyr-ut-din-bostad.png","type":"image\/png"}],"author":"Redaktionen SvM","twitter_card":"summary_large_image","twitter_creator":"@SvenskaMagasine","twitter_site":"@SvenskaMagasine","schema":{"@context":"https:\/\/schema.org","@graph":[{"@type":"Article","@id":"https:\/\/lightweb.dev\/l\/svm-temp\/artiklar\/hyr-ut-din-bostad\/#article","isPartOf":{"@id":"https:\/\/lightweb.dev\/l\/svm-temp\/artiklar\/hyr-ut-din-bostad\/"},"author":{"name":"Redaktionen SvM","@id":"https:\/\/lightweb.dev\/l\/svm-temp\/#\/schema\/person\/206a3bda5b607b0c25e1749191e4d837"},"headline":"Hyr ut din bostad","datePublished":"2015-04-12T22:00:00+00:00","mainEntityOfPage":{"@id":"https:\/\/lightweb.dev\/l\/svm-temp\/artiklar\/hyr-ut-din-bostad\/"},"wordCount":1114,"commentCount":0,"publisher":{"@id":"https:\/\/lightweb.dev\/l\/svm-temp\/#organization"},"image":{"@id":"https:\/\/lightweb.dev\/l\/svm-temp\/artiklar\/hyr-ut-din-bostad\/#primaryimage"},"thumbnailUrl":"https:\/\/lightweb.dev\/l\/svm-temp\/wp-content\/uploads\/2022\/04\/hyr-ut-din-bostad.png","articleSection":["Arkiv","Artiklar"],"inLanguage":"sv-SE"},{"@type":"WebPage","@id":"https:\/\/lightweb.dev\/l\/svm-temp\/artiklar\/hyr-ut-din-bostad\/","url":"https:\/\/lightweb.dev\/l\/svm-temp\/artiklar\/hyr-ut-din-bostad\/","name":"Hyr ut din bostad - Svenska Magasinet","isPartOf":{"@id":"https:\/\/lightweb.dev\/l\/svm-temp\/#website"},"primaryImageOfPage":{"@id":"https:\/\/lightweb.dev\/l\/svm-temp\/artiklar\/hyr-ut-din-bostad\/#primaryimage"},"image":{"@id":"https:\/\/lightweb.dev\/l\/svm-temp\/artiklar\/hyr-ut-din-bostad\/#primaryimage"},"thumbnailUrl":"https:\/\/lightweb.dev\/l\/svm-temp\/wp-content\/uploads\/2022\/04\/hyr-ut-din-bostad.png","datePublished":"2015-04-12T22:00:00+00:00","breadcrumb":{"@id":"https:\/\/lightweb.dev\/l\/svm-temp\/artiklar\/hyr-ut-din-bostad\/#breadcrumb"},"inLanguage":"sv-SE","potentialAction":[{"@type":"ReadAction","target":["https:\/\/lightweb.dev\/l\/svm-temp\/artiklar\/hyr-ut-din-bostad\/"]}]},{"@type":"ImageObject","inLanguage":"sv-SE","@id":"https:\/\/lightweb.dev\/l\/svm-temp\/artiklar\/hyr-ut-din-bostad\/#primaryimage","url":"https:\/\/lightweb.dev\/l\/svm-temp\/wp-content\/uploads\/2022\/04\/hyr-ut-din-bostad.png","contentUrl":"https:\/\/lightweb.dev\/l\/svm-temp\/wp-content\/uploads\/2022\/04\/hyr-ut-din-bostad.png","width":280,"height":251},{"@type":"BreadcrumbList","@id":"https:\/\/lightweb.dev\/l\/svm-temp\/artiklar\/hyr-ut-din-bostad\/#breadcrumb","itemListElement":[{"@type":"ListItem","position":1,"name":"Hem","item":"https:\/\/lightweb.dev\/l\/svm-temp\/"},{"@type":"ListItem","position":2,"name":"Hyr ut din bostad"}]},{"@type":"WebSite","@id":"https:\/\/lightweb.dev\/l\/svm-temp\/#website","url":"https:\/\/lightweb.dev\/l\/svm-temp\/","name":"Svenska Magasinet","description":"Dina Spanska nyheter p&aring; Svenska","publisher":{"@id":"https:\/\/lightweb.dev\/l\/svm-temp\/#organization"},"potentialAction":[{"@type":"SearchAction","target":{"@type":"EntryPoint","urlTemplate":"https:\/\/lightweb.dev\/l\/svm-temp\/?s={search_term_string}"},"query-input":{"@type":"PropertyValueSpecification","valueRequired":true,"valueName":"search_term_string"}}],"inLanguage":"sv-SE"},{"@type":"Organization","@id":"https:\/\/lightweb.dev\/l\/svm-temp\/#organization","name":"Melkerson y Nott SL","alternateName":"Svenska Magasinet","url":"https:\/\/lightweb.dev\/l\/svm-temp\/","logo":{"@type":"ImageObject","inLanguage":"sv-SE","@id":"https:\/\/lightweb.dev\/l\/svm-temp\/#\/schema\/logo\/image\/","url":"https:\/\/lightweb.dev\/l\/svm-temp\/wp-content\/uploads\/2025\/02\/SvM-logo-Xtra-Centrerad-SVART.png","contentUrl":"https:\/\/lightweb.dev\/l\/svm-temp\/wp-content\/uploads\/2025\/02\/SvM-logo-Xtra-Centrerad-SVART.png","width":300,"height":99,"caption":"Melkerson y Nott SL"},"image":{"@id":"https:\/\/lightweb.dev\/l\/svm-temp\/#\/schema\/logo\/image\/"},"sameAs":["https:\/\/www.facebook.com\/svenskamagasinet","https:\/\/x.com\/SvenskaMagasine"]},{"@type":"Person","@id":"https:\/\/lightweb.dev\/l\/svm-temp\/#\/schema\/person\/206a3bda5b607b0c25e1749191e4d837","name":"Redaktionen SvM","description":"Redaktionen","sameAs":["https:\/\/lightweb.dev\/l\/svm-temp"],"url":"https:\/\/lightweb.dev\/l\/svm-temp\/reporter\/redaktionen\/"}]}},"_links":{"self":[{"href":"https:\/\/lightweb.dev\/l\/svm-temp\/wp-json\/wp\/v2\/posts\/5131","targetHints":{"allow":["GET"]}}],"collection":[{"href":"https:\/\/lightweb.dev\/l\/svm-temp\/wp-json\/wp\/v2\/posts"}],"about":[{"href":"https:\/\/lightweb.dev\/l\/svm-temp\/wp-json\/wp\/v2\/types\/post"}],"author":[{"embeddable":true,"href":"https:\/\/lightweb.dev\/l\/svm-temp\/wp-json\/wp\/v2\/users\/8"}],"replies":[{"embeddable":true,"href":"https:\/\/lightweb.dev\/l\/svm-temp\/wp-json\/wp\/v2\/comments?post=5131"}],"version-history":[{"count":0,"href":"https:\/\/lightweb.dev\/l\/svm-temp\/wp-json\/wp\/v2\/posts\/5131\/revisions"}],"wp:featuredmedia":[{"embeddable":true,"href":"https:\/\/lightweb.dev\/l\/svm-temp\/wp-json\/wp\/v2\/media\/5132"}],"wp:attachment":[{"href":"https:\/\/lightweb.dev\/l\/svm-temp\/wp-json\/wp\/v2\/media?parent=5131"}],"wp:term":[{"taxonomy":"category","embeddable":true,"href":"https:\/\/lightweb.dev\/l\/svm-temp\/wp-json\/wp\/v2\/categories?post=5131"},{"taxonomy":"post_tag","embeddable":true,"href":"https:\/\/lightweb.dev\/l\/svm-temp\/wp-json\/wp\/v2\/tags?post=5131"}],"curies":[{"name":"wp","href":"https:\/\/api.w.org\/{rel}","templated":true}]}}