{"id":5134,"date":"2015-04-13T00:00:00","date_gmt":"2015-04-12T22:00:00","guid":{"rendered":"https:\/\/lightweb.dev\/l\/svm-temp\/varfor-socker-ar-gift\/"},"modified":"2015-04-13T00:00:00","modified_gmt":"2015-04-12T22:00:00","slug":"varfor-socker-ar-gift","status":"publish","type":"post","link":"https:\/\/lightweb.dev\/l\/svm-temp\/artiklar\/varfor-socker-ar-gift\/","title":{"rendered":"Varf\u00f6r socker \u00e4r gift"},"content":{"rendered":"<p> Under de senaste \u00e5ren har vetenskapliga studier visat obestridlig orsakssamband mellan \u00f6kad konsumtion av socker och diabetes tv\u00e5, hj\u00e4rt- och k\u00e4rlsjukdomar och fetma. Av doktor Pentti Raaste Platan<\/p>\n<p>Under m\u00e5nga \u00e5r anklagades fett, felaktigt, f\u00f6r dessa problem. \u00c4ven misst\u00e4nks sjukdomar, som  Cancer och Alzheimers sjukdom,bero p\u00e5 \u00f6kad socker konsumption,  men  det fattas  definitiva prov.<\/p>\n<p>F\u00e4rdigmat har b\u00f6rjat att ha  tillsatt socker f\u00f6r att f\u00f6rb\u00e4ttra smaken, och i till\u00e4gg har konsumptionen av l\u00e4skedrycker \u00f6kat dramatiskt.<\/p>\n<p>Den m\u00e4nskliga kroppen kan tolerera sm\u00e5 m\u00e4ngder socker v\u00e4l och levern kan hantera det. N\u00e4r m\u00e4ngden av socker \u00f6karkraftigt, slutar kroppens f\u00f6rm\u00e5ga att anpassa sig och den  blir sjuk. Kroppens \u00e4mnesoms\u00e4ttning g\u00e5r \u00f6ver styr. Alltf\u00f6r m\u00e5nga kolhydrater lagras som fett. Leverceller blir sjuka och feta. Tillst\u00e5nd kallas f\u00f6r alkoholfri fettlever.<\/p>\n<p>Socker och (kolhydrater) orsakar \u00f6kad insulinuts\u00f6ndring, vilket leder till insulinresistens. Den \u00f6kade m\u00e4ngden insulin hindrar leptin effekter p\u00e5 hj\u00e4rnan, och s\u00e5lunda m\u00e4ttnadsk\u00e4nslan. Socker och speciellt frukstos (fruktsocker) har aven en  beroendeframkallande efekt. Socker ger en kort k\u00e4nsla av v\u00e4lbefinnande, och man beh\u00f6ver gradvis st\u00f6rre doser  f\u00f6r att n\u00e5 samma effekst.<\/p>\n<p>Tolerans gr\u00e4ns f\u00f6r socker estimeras till ca 6 teskedar om dagen. \u00c4ven ett glas apelsinjuice har mer socker. F\u00f6rutom socker h\u00e4mmas  metabolismen av ett antal milj\u00f6gifter. Det vill s\u00e4ga, det \u00e4r det \u00f6kande antalet kemikalier, vilket finns i luften, vattnet, v\u00e5r mat, i de \u00e4mnen som anv\u00e4nds p\u00e5 huden.<\/p>\n<p>Bara f\u00f6r 50-60 \u00e5r sedan var livsmedel relativt ogiftiga och egentligen ekologiska.<\/p>\n","protected":false},"excerpt":{"rendered":"<p>Under de senaste \u00e5ren har vetenskapliga studier visat obestridlig orsakssamband mellan \u00f6kad konsumtion av socker och diabetes tv\u00e5, hj\u00e4rt- och k\u00e4rlsjukdomar och fetma. Av doktor Pentti Raaste Platan Under m\u00e5nga \u00e5r anklagades fett, felaktigt, f\u00f6r dessa problem. \u00c4ven misst\u00e4nks sjukdomar, som Cancer och Alzheimers sjukdom,bero p\u00e5 \u00f6kad socker konsumption, men det fattas definitiva prov. F\u00e4rdigmat [&hellip;]<\/p>\n","protected":false},"author":8,"featured_media":0,"comment_status":"open","ping_status":"open","sticky":false,"template":"","format":"standard","meta":{"_et_pb_use_builder":"","_et_pb_old_content":"","_et_gb_content_width":"","footnotes":""},"categories":[396,4],"tags":[],"class_list":["post-5134","post","type-post","status-publish","format-standard","hentry","category-arkiv-artiklar","category-artiklar"],"yoast_head":"<!-- This site is optimized with the Yoast SEO Premium plugin v26.2 (Yoast SEO v28.2) - https:\/\/yoast.com\/product\/yoast-seo-premium-wordpress\/ -->\n<title>Varf\u00f6r socker \u00e4r gift - Svenska Magasinet<\/title>\n<meta name=\"robots\" content=\"noindex, follow, max-snippet:-1, max-image-preview:large, max-video-preview:-1\" \/>\n<meta property=\"og:locale\" content=\"sv_SE\" \/>\n<meta property=\"og:type\" content=\"article\" \/>\n<meta property=\"og:title\" content=\"Varf\u00f6r socker \u00e4r gift\" \/>\n<meta property=\"og:description\" content=\"Under de senaste \u00e5ren har vetenskapliga studier visat obestridlig orsakssamband mellan \u00f6kad konsumtion av socker och diabetes tv\u00e5, hj\u00e4rt- och k\u00e4rlsjukdomar och fetma. Av doktor Pentti Raaste Platan Under m\u00e5nga \u00e5r anklagades fett, felaktigt, f\u00f6r dessa problem. \u00c4ven misst\u00e4nks sjukdomar, som Cancer och Alzheimers sjukdom,bero p\u00e5 \u00f6kad socker konsumption, men det fattas definitiva prov. F\u00e4rdigmat [&hellip;]\" \/>\n<meta property=\"og:url\" content=\"https:\/\/lightweb.dev\/l\/svm-temp\/artiklar\/varfor-socker-ar-gift\/\" \/>\n<meta property=\"og:site_name\" content=\"Svenska Magasinet\" \/>\n<meta property=\"article:publisher\" content=\"https:\/\/www.facebook.com\/svenskamagasinet\" \/>\n<meta property=\"article:published_time\" content=\"2015-04-12T22:00:00+00:00\" \/>\n<meta name=\"author\" content=\"Redaktionen SvM\" \/>\n<meta name=\"twitter:card\" content=\"summary_large_image\" \/>\n<meta name=\"twitter:creator\" content=\"@SvenskaMagasine\" \/>\n<meta name=\"twitter:site\" content=\"@SvenskaMagasine\" \/>\n<script type=\"application\/ld+json\" class=\"yoast-schema-graph\">{\"@context\":\"https:\\\/\\\/schema.org\",\"@graph\":[{\"@type\":\"Article\",\"@id\":\"https:\\\/\\\/lightweb.dev\\\/l\\\/svm-temp\\\/artiklar\\\/varfor-socker-ar-gift\\\/#article\",\"isPartOf\":{\"@id\":\"https:\\\/\\\/lightweb.dev\\\/l\\\/svm-temp\\\/artiklar\\\/varfor-socker-ar-gift\\\/\"},\"author\":{\"name\":\"Redaktionen SvM\",\"@id\":\"https:\\\/\\\/lightweb.dev\\\/l\\\/svm-temp\\\/#\\\/schema\\\/person\\\/206a3bda5b607b0c25e1749191e4d837\"},\"headline\":\"Varf\u00f6r socker \u00e4r gift\",\"datePublished\":\"2015-04-12T22:00:00+00:00\",\"mainEntityOfPage\":{\"@id\":\"https:\\\/\\\/lightweb.dev\\\/l\\\/svm-temp\\\/artiklar\\\/varfor-socker-ar-gift\\\/\"},\"wordCount\":285,\"commentCount\":0,\"publisher\":{\"@id\":\"https:\\\/\\\/lightweb.dev\\\/l\\\/svm-temp\\\/#organization\"},\"articleSection\":[\"Arkiv\",\"Artiklar\"],\"inLanguage\":\"sv-SE\"},{\"@type\":\"WebPage\",\"@id\":\"https:\\\/\\\/lightweb.dev\\\/l\\\/svm-temp\\\/artiklar\\\/varfor-socker-ar-gift\\\/\",\"url\":\"https:\\\/\\\/lightweb.dev\\\/l\\\/svm-temp\\\/artiklar\\\/varfor-socker-ar-gift\\\/\",\"name\":\"Varf\u00f6r socker \u00e4r gift - Svenska Magasinet\",\"isPartOf\":{\"@id\":\"https:\\\/\\\/lightweb.dev\\\/l\\\/svm-temp\\\/#website\"},\"datePublished\":\"2015-04-12T22:00:00+00:00\",\"breadcrumb\":{\"@id\":\"https:\\\/\\\/lightweb.dev\\\/l\\\/svm-temp\\\/artiklar\\\/varfor-socker-ar-gift\\\/#breadcrumb\"},\"inLanguage\":\"sv-SE\",\"potentialAction\":[{\"@type\":\"ReadAction\",\"target\":[\"https:\\\/\\\/lightweb.dev\\\/l\\\/svm-temp\\\/artiklar\\\/varfor-socker-ar-gift\\\/\"]}]},{\"@type\":\"BreadcrumbList\",\"@id\":\"https:\\\/\\\/lightweb.dev\\\/l\\\/svm-temp\\\/artiklar\\\/varfor-socker-ar-gift\\\/#breadcrumb\",\"itemListElement\":[{\"@type\":\"ListItem\",\"position\":1,\"name\":\"Hem\",\"item\":\"https:\\\/\\\/lightweb.dev\\\/l\\\/svm-temp\\\/\"},{\"@type\":\"ListItem\",\"position\":2,\"name\":\"Varf\u00f6r socker \u00e4r gift\"}]},{\"@type\":\"WebSite\",\"@id\":\"https:\\\/\\\/lightweb.dev\\\/l\\\/svm-temp\\\/#website\",\"url\":\"https:\\\/\\\/lightweb.dev\\\/l\\\/svm-temp\\\/\",\"name\":\"Svenska Magasinet\",\"description\":\"Dina Spanska nyheter p&aring; Svenska\",\"publisher\":{\"@id\":\"https:\\\/\\\/lightweb.dev\\\/l\\\/svm-temp\\\/#organization\"},\"potentialAction\":[{\"@type\":\"SearchAction\",\"target\":{\"@type\":\"EntryPoint\",\"urlTemplate\":\"https:\\\/\\\/lightweb.dev\\\/l\\\/svm-temp\\\/?s={search_term_string}\"},\"query-input\":{\"@type\":\"PropertyValueSpecification\",\"valueRequired\":true,\"valueName\":\"search_term_string\"}}],\"inLanguage\":\"sv-SE\"},{\"@type\":\"Organization\",\"@id\":\"https:\\\/\\\/lightweb.dev\\\/l\\\/svm-temp\\\/#organization\",\"name\":\"Melkerson y Nott SL\",\"alternateName\":\"Svenska Magasinet\",\"url\":\"https:\\\/\\\/lightweb.dev\\\/l\\\/svm-temp\\\/\",\"logo\":{\"@type\":\"ImageObject\",\"inLanguage\":\"sv-SE\",\"@id\":\"https:\\\/\\\/lightweb.dev\\\/l\\\/svm-temp\\\/#\\\/schema\\\/logo\\\/image\\\/\",\"url\":\"https:\\\/\\\/lightweb.dev\\\/l\\\/svm-temp\\\/wp-content\\\/uploads\\\/2025\\\/02\\\/SvM-logo-Xtra-Centrerad-SVART.png\",\"contentUrl\":\"https:\\\/\\\/lightweb.dev\\\/l\\\/svm-temp\\\/wp-content\\\/uploads\\\/2025\\\/02\\\/SvM-logo-Xtra-Centrerad-SVART.png\",\"width\":300,\"height\":99,\"caption\":\"Melkerson y Nott SL\"},\"image\":{\"@id\":\"https:\\\/\\\/lightweb.dev\\\/l\\\/svm-temp\\\/#\\\/schema\\\/logo\\\/image\\\/\"},\"sameAs\":[\"https:\\\/\\\/www.facebook.com\\\/svenskamagasinet\",\"https:\\\/\\\/x.com\\\/SvenskaMagasine\"]},{\"@type\":\"Person\",\"@id\":\"https:\\\/\\\/lightweb.dev\\\/l\\\/svm-temp\\\/#\\\/schema\\\/person\\\/206a3bda5b607b0c25e1749191e4d837\",\"name\":\"Redaktionen SvM\",\"description\":\"Redaktionen\",\"sameAs\":[\"https:\\\/\\\/lightweb.dev\\\/l\\\/svm-temp\"],\"url\":\"https:\\\/\\\/lightweb.dev\\\/l\\\/svm-temp\\\/reporter\\\/redaktionen\\\/\"}]}<\/script>\n<!-- \/ Yoast SEO Premium plugin. -->","yoast_head_json":{"title":"Varf\u00f6r socker \u00e4r gift - Svenska Magasinet","robots":{"index":"noindex","follow":"follow","max-snippet":"max-snippet:-1","max-image-preview":"max-image-preview:large","max-video-preview":"max-video-preview:-1"},"og_locale":"sv_SE","og_type":"article","og_title":"Varf\u00f6r socker \u00e4r gift","og_description":"Under de senaste \u00e5ren har vetenskapliga studier visat obestridlig orsakssamband mellan \u00f6kad konsumtion av socker och diabetes tv\u00e5, hj\u00e4rt- och k\u00e4rlsjukdomar och fetma. Av doktor Pentti Raaste Platan Under m\u00e5nga \u00e5r anklagades fett, felaktigt, f\u00f6r dessa problem. \u00c4ven misst\u00e4nks sjukdomar, som Cancer och Alzheimers sjukdom,bero p\u00e5 \u00f6kad socker konsumption, men det fattas definitiva prov. F\u00e4rdigmat [&hellip;]","og_url":"https:\/\/lightweb.dev\/l\/svm-temp\/artiklar\/varfor-socker-ar-gift\/","og_site_name":"Svenska Magasinet","article_publisher":"https:\/\/www.facebook.com\/svenskamagasinet","article_published_time":"2015-04-12T22:00:00+00:00","author":"Redaktionen SvM","twitter_card":"summary_large_image","twitter_creator":"@SvenskaMagasine","twitter_site":"@SvenskaMagasine","schema":{"@context":"https:\/\/schema.org","@graph":[{"@type":"Article","@id":"https:\/\/lightweb.dev\/l\/svm-temp\/artiklar\/varfor-socker-ar-gift\/#article","isPartOf":{"@id":"https:\/\/lightweb.dev\/l\/svm-temp\/artiklar\/varfor-socker-ar-gift\/"},"author":{"name":"Redaktionen SvM","@id":"https:\/\/lightweb.dev\/l\/svm-temp\/#\/schema\/person\/206a3bda5b607b0c25e1749191e4d837"},"headline":"Varf\u00f6r socker \u00e4r gift","datePublished":"2015-04-12T22:00:00+00:00","mainEntityOfPage":{"@id":"https:\/\/lightweb.dev\/l\/svm-temp\/artiklar\/varfor-socker-ar-gift\/"},"wordCount":285,"commentCount":0,"publisher":{"@id":"https:\/\/lightweb.dev\/l\/svm-temp\/#organization"},"articleSection":["Arkiv","Artiklar"],"inLanguage":"sv-SE"},{"@type":"WebPage","@id":"https:\/\/lightweb.dev\/l\/svm-temp\/artiklar\/varfor-socker-ar-gift\/","url":"https:\/\/lightweb.dev\/l\/svm-temp\/artiklar\/varfor-socker-ar-gift\/","name":"Varf\u00f6r socker \u00e4r gift - Svenska Magasinet","isPartOf":{"@id":"https:\/\/lightweb.dev\/l\/svm-temp\/#website"},"datePublished":"2015-04-12T22:00:00+00:00","breadcrumb":{"@id":"https:\/\/lightweb.dev\/l\/svm-temp\/artiklar\/varfor-socker-ar-gift\/#breadcrumb"},"inLanguage":"sv-SE","potentialAction":[{"@type":"ReadAction","target":["https:\/\/lightweb.dev\/l\/svm-temp\/artiklar\/varfor-socker-ar-gift\/"]}]},{"@type":"BreadcrumbList","@id":"https:\/\/lightweb.dev\/l\/svm-temp\/artiklar\/varfor-socker-ar-gift\/#breadcrumb","itemListElement":[{"@type":"ListItem","position":1,"name":"Hem","item":"https:\/\/lightweb.dev\/l\/svm-temp\/"},{"@type":"ListItem","position":2,"name":"Varf\u00f6r socker \u00e4r gift"}]},{"@type":"WebSite","@id":"https:\/\/lightweb.dev\/l\/svm-temp\/#website","url":"https:\/\/lightweb.dev\/l\/svm-temp\/","name":"Svenska Magasinet","description":"Dina Spanska nyheter p&aring; Svenska","publisher":{"@id":"https:\/\/lightweb.dev\/l\/svm-temp\/#organization"},"potentialAction":[{"@type":"SearchAction","target":{"@type":"EntryPoint","urlTemplate":"https:\/\/lightweb.dev\/l\/svm-temp\/?s={search_term_string}"},"query-input":{"@type":"PropertyValueSpecification","valueRequired":true,"valueName":"search_term_string"}}],"inLanguage":"sv-SE"},{"@type":"Organization","@id":"https:\/\/lightweb.dev\/l\/svm-temp\/#organization","name":"Melkerson y Nott SL","alternateName":"Svenska Magasinet","url":"https:\/\/lightweb.dev\/l\/svm-temp\/","logo":{"@type":"ImageObject","inLanguage":"sv-SE","@id":"https:\/\/lightweb.dev\/l\/svm-temp\/#\/schema\/logo\/image\/","url":"https:\/\/lightweb.dev\/l\/svm-temp\/wp-content\/uploads\/2025\/02\/SvM-logo-Xtra-Centrerad-SVART.png","contentUrl":"https:\/\/lightweb.dev\/l\/svm-temp\/wp-content\/uploads\/2025\/02\/SvM-logo-Xtra-Centrerad-SVART.png","width":300,"height":99,"caption":"Melkerson y Nott SL"},"image":{"@id":"https:\/\/lightweb.dev\/l\/svm-temp\/#\/schema\/logo\/image\/"},"sameAs":["https:\/\/www.facebook.com\/svenskamagasinet","https:\/\/x.com\/SvenskaMagasine"]},{"@type":"Person","@id":"https:\/\/lightweb.dev\/l\/svm-temp\/#\/schema\/person\/206a3bda5b607b0c25e1749191e4d837","name":"Redaktionen SvM","description":"Redaktionen","sameAs":["https:\/\/lightweb.dev\/l\/svm-temp"],"url":"https:\/\/lightweb.dev\/l\/svm-temp\/reporter\/redaktionen\/"}]}},"_links":{"self":[{"href":"https:\/\/lightweb.dev\/l\/svm-temp\/wp-json\/wp\/v2\/posts\/5134","targetHints":{"allow":["GET"]}}],"collection":[{"href":"https:\/\/lightweb.dev\/l\/svm-temp\/wp-json\/wp\/v2\/posts"}],"about":[{"href":"https:\/\/lightweb.dev\/l\/svm-temp\/wp-json\/wp\/v2\/types\/post"}],"author":[{"embeddable":true,"href":"https:\/\/lightweb.dev\/l\/svm-temp\/wp-json\/wp\/v2\/users\/8"}],"replies":[{"embeddable":true,"href":"https:\/\/lightweb.dev\/l\/svm-temp\/wp-json\/wp\/v2\/comments?post=5134"}],"version-history":[{"count":0,"href":"https:\/\/lightweb.dev\/l\/svm-temp\/wp-json\/wp\/v2\/posts\/5134\/revisions"}],"wp:attachment":[{"href":"https:\/\/lightweb.dev\/l\/svm-temp\/wp-json\/wp\/v2\/media?parent=5134"}],"wp:term":[{"taxonomy":"category","embeddable":true,"href":"https:\/\/lightweb.dev\/l\/svm-temp\/wp-json\/wp\/v2\/categories?post=5134"},{"taxonomy":"post_tag","embeddable":true,"href":"https:\/\/lightweb.dev\/l\/svm-temp\/wp-json\/wp\/v2\/tags?post=5134"}],"curies":[{"name":"wp","href":"https:\/\/api.w.org\/{rel}","templated":true}]}}