{"id":5136,"date":"2015-04-13T00:00:00","date_gmt":"2015-04-12T22:00:00","guid":{"rendered":"https:\/\/lightweb.dev\/l\/svm-temp\/marknadsobservation-tillvaxtekonomier\/"},"modified":"2015-04-13T00:00:00","modified_gmt":"2015-04-12T22:00:00","slug":"marknadsobservation-tillvaxtekonomier","status":"publish","type":"post","link":"https:\/\/lightweb.dev\/l\/svm-temp\/artiklar\/marknadsobservation-tillvaxtekonomier\/","title":{"rendered":"Marknadsobservation: Tillv\u00e4xtekonomier"},"content":{"rendered":"<p> I ETT HISTORISKT PERSPEKTIV har tillv\u00e4xtekonomier r\u00f6rt sig i samma riktning i s\u00e5v\u00e4l uppg\u00e5ngar som nedg\u00e5ngar. Dok har l\u00e4gre oljepris, expansiv penningpolitik och inte minst politisk regimskifte med omfattande strukturella reformer ritat om kartan. Av Ruben Larsen, Haga Kapital<br \/>\ne-post: ruben@hagakapital.se, +34 616 854 498<\/p>\n<p>I sp\u00e5ren av finanskrisen var infl\u00f6den av kapital i tillv\u00e4xtekonomier oproportionerlig stor. Infl\u00f6den var till stor del driven av Feds st\u00f6dk\u00f6p p\u00e5 85 milliarder USD per m\u00e5nad som resulterade i en enorm likviditets\u00f6kning i marknaden. L\u00e5ga marknadsr\u00e4ntor i USA samt oro kring eurozonens f\u00f6rm\u00e5ga att hantera valutasammaarbetet resulterade i f\u00e4rre alternativ f\u00f6r investerare att hitta avkastning.<\/p>\n<p>V\u00e5ren 2013 meddelade FED minskade st\u00f6dk\u00f6p vilket ledde till mindre likviditet samt f\u00f6rv\u00e4ntningar om h\u00f6gre marknadsr\u00e4ntor i USD. M\u00e5nga investerare valde d\u00e5 att ta hem sina investeringar fr\u00e5n tillv\u00e4xtekonomier. Resultatet blev stora kapitalutfl\u00f6den d\u00e4r man s\u00e5lde av sina placeringar och fick betald i lokal valuta. N\u00e4sta \u00f6vning var d\u00e5 att s\u00e4lja den lokala valutan och k\u00f6pa dollar f\u00f6r att s\u00e5 ta hem sina tillg\u00e5ngar. Dok m\u00f6tte Investerare p\u00e5 problem d\u00e5 valutareserverna i dollar i l\u00e4nder som Indien, Turkiet, samt ett flertal sydamerikanska l\u00e4nder var r\u00e4tt s\u00e5 begr\u00e4nsade. M\u00e5nga av dessa l\u00e4nder hade stora handelsunderskott.<\/p>\n<p>Dessa underskott var finansierad via kapitalinfl\u00f6den fr\u00e5n utl\u00e4ndska investerare som nu villa ta hem sina tillg\u00e5ngar. Fler s\u00e4ljare en k\u00f6pare resulterade i fallande tillg\u00e5ngspriser samt en slakt i v\u00e4xelkurser fr\u00e5n lokal valuta till USD. Vad har h\u00e4nt sen dess? Kommer historien att upprepas n\u00e4r FED annonserar r\u00e4nteh\u00f6jningar. \u00c4r f\u00f6ruts\u00e4ttningarna de samma nu som i 2013?<\/p>\n<p>Svaret \u00e4r att det beror p\u00e5 vilka land man tittar p\u00e5. Kartan ser helt klart annorlunda ut i dag d\u00e5 ett flertal l\u00e4nder har genomf\u00f6rt stora strukturella reformer oftast i samarbete med OECD och IMF. Oljepriset har halverats sen 2013 och minskat handelsunderskotten f\u00f6r n\u00e5gra l\u00e4nder. Andra l\u00e4nder som har stor<br \/>\nexport av olja har st\u00f6tt p\u00e5 utmaningar d\u00e5 handelsunderskottet har \u00f6kat som ett resultat av l\u00e4gre inkomster.<\/p>\n<p>Ett l\u00e4gra Oljepris har gett l\u00e4nder som Indien goda f\u00f6ruts\u00e4ttningar f\u00f6r reformer. I Samband med nytt politisk regim samt en centralbanks ledning som av marknaden ofta omtalas som v\u00e4rdens mest kompetenta har reformviljan \u00f6kat markant.<\/p>\n<p>F\u00f6rtroendet f\u00f6r centralbanken har \u00e5terv\u00e4nt, utl\u00e4ndska investerare har kommit tillbaks och f\u00f6rm\u00e5gan att absorbera eventuella kapitalutfl\u00f6den har f\u00f6rb\u00e4ttrats. Dok \u00e4r det inte s\u00e5 sannolikt att investerare skulle vilja l\u00e4mna ekonomier som Indien och The Pacific Alliance (Chila, Colombia, M\u00e9xico och Peru).<\/p>\n<p>Den ekonomiska utvecklingen i dessa l\u00e4nder \u00e4r mycket st\u00e4rk och har l\u00e4tt till kraftigt \u00f6kad BNP tillv\u00e4xt. Som avslutning l\u00e4mnar jag ordet till Christine Lagarde 17 mars 2015; I see hope in the eyes of the small sellers by the street side. I see dreams in the eyes of young people! But above all I see change, change for the better. The world is looking to India to lead the path to higher, sustainable, and inclusive growth.<\/p>\n","protected":false},"excerpt":{"rendered":"<p>I ETT HISTORISKT PERSPEKTIV har tillv\u00e4xtekonomier r\u00f6rt sig i samma riktning i s\u00e5v\u00e4l uppg\u00e5ngar som nedg\u00e5ngar. Dok har l\u00e4gre oljepris, expansiv penningpolitik och inte minst politisk regimskifte med omfattande strukturella reformer ritat om kartan. Av Ruben Larsen, Haga Kapital e-post: ruben@hagakapital.se, +34 616 854 498 I sp\u00e5ren av finanskrisen var infl\u00f6den av kapital i tillv\u00e4xtekonomier [&hellip;]<\/p>\n","protected":false},"author":8,"featured_media":5137,"comment_status":"open","ping_status":"open","sticky":false,"template":"","format":"standard","meta":{"_et_pb_use_builder":"","_et_pb_old_content":"","_et_gb_content_width":"","footnotes":""},"categories":[4,398],"tags":[],"class_list":["post-5136","post","type-post","status-publish","format-standard","has-post-thumbnail","hentry","category-artiklar","category-naringsliv"],"yoast_head":"<!-- This site is optimized with the Yoast SEO Premium plugin v26.2 (Yoast SEO v27.4) - https:\/\/yoast.com\/product\/yoast-seo-premium-wordpress\/ -->\n<title>Marknadsobservation: Tillv\u00e4xtekonomier - Svenska Magasinet<\/title>\n<meta name=\"robots\" content=\"noindex, follow, max-snippet:-1, max-image-preview:large, max-video-preview:-1\" \/>\n<meta property=\"og:locale\" content=\"sv_SE\" \/>\n<meta property=\"og:type\" content=\"article\" \/>\n<meta property=\"og:title\" content=\"Marknadsobservation: Tillv\u00e4xtekonomier\" \/>\n<meta property=\"og:description\" content=\"I ETT HISTORISKT PERSPEKTIV har tillv\u00e4xtekonomier r\u00f6rt sig i samma riktning i s\u00e5v\u00e4l uppg\u00e5ngar som nedg\u00e5ngar. Dok har l\u00e4gre oljepris, expansiv penningpolitik och inte minst politisk regimskifte med omfattande strukturella reformer ritat om kartan. Av Ruben Larsen, Haga Kapital e-post: ruben@hagakapital.se, +34 616 854 498 I sp\u00e5ren av finanskrisen var infl\u00f6den av kapital i tillv\u00e4xtekonomier [&hellip;]\" \/>\n<meta property=\"og:url\" content=\"https:\/\/lightweb.dev\/l\/svm-temp\/artiklar\/marknadsobservation-tillvaxtekonomier\/\" \/>\n<meta property=\"og:site_name\" content=\"Svenska Magasinet\" \/>\n<meta property=\"article:publisher\" content=\"https:\/\/www.facebook.com\/svenskamagasinet\" \/>\n<meta property=\"article:published_time\" content=\"2015-04-12T22:00:00+00:00\" \/>\n<meta property=\"og:image\" content=\"https:\/\/lightweb.dev\/l\/svm-temp\/wp-content\/uploads\/2022\/04\/marknadsobservation-tillvxtekonomier.png\" \/>\n\t<meta property=\"og:image:width\" content=\"356\" \/>\n\t<meta property=\"og:image:height\" content=\"200\" \/>\n\t<meta property=\"og:image:type\" content=\"image\/png\" \/>\n<meta name=\"author\" content=\"Redaktionen SvM\" \/>\n<meta name=\"twitter:card\" content=\"summary_large_image\" \/>\n<meta name=\"twitter:creator\" content=\"@SvenskaMagasine\" \/>\n<meta name=\"twitter:site\" content=\"@SvenskaMagasine\" \/>\n<script type=\"application\/ld+json\" class=\"yoast-schema-graph\">{\"@context\":\"https:\\\/\\\/schema.org\",\"@graph\":[{\"@type\":\"Article\",\"@id\":\"https:\\\/\\\/lightweb.dev\\\/l\\\/svm-temp\\\/artiklar\\\/marknadsobservation-tillvaxtekonomier\\\/#article\",\"isPartOf\":{\"@id\":\"https:\\\/\\\/lightweb.dev\\\/l\\\/svm-temp\\\/artiklar\\\/marknadsobservation-tillvaxtekonomier\\\/\"},\"author\":{\"name\":\"Redaktionen SvM\",\"@id\":\"https:\\\/\\\/lightweb.dev\\\/l\\\/svm-temp\\\/#\\\/schema\\\/person\\\/206a3bda5b607b0c25e1749191e4d837\"},\"headline\":\"Marknadsobservation: Tillv\u00e4xtekonomier\",\"datePublished\":\"2015-04-12T22:00:00+00:00\",\"mainEntityOfPage\":{\"@id\":\"https:\\\/\\\/lightweb.dev\\\/l\\\/svm-temp\\\/artiklar\\\/marknadsobservation-tillvaxtekonomier\\\/\"},\"wordCount\":557,\"commentCount\":0,\"publisher\":{\"@id\":\"https:\\\/\\\/lightweb.dev\\\/l\\\/svm-temp\\\/#organization\"},\"image\":{\"@id\":\"https:\\\/\\\/lightweb.dev\\\/l\\\/svm-temp\\\/artiklar\\\/marknadsobservation-tillvaxtekonomier\\\/#primaryimage\"},\"thumbnailUrl\":\"https:\\\/\\\/lightweb.dev\\\/l\\\/svm-temp\\\/wp-content\\\/uploads\\\/2022\\\/04\\\/marknadsobservation-tillvxtekonomier.png\",\"articleSection\":[\"Artiklar\",\"N\u00e4ringsliv\"],\"inLanguage\":\"sv-SE\"},{\"@type\":\"WebPage\",\"@id\":\"https:\\\/\\\/lightweb.dev\\\/l\\\/svm-temp\\\/artiklar\\\/marknadsobservation-tillvaxtekonomier\\\/\",\"url\":\"https:\\\/\\\/lightweb.dev\\\/l\\\/svm-temp\\\/artiklar\\\/marknadsobservation-tillvaxtekonomier\\\/\",\"name\":\"Marknadsobservation: Tillv\u00e4xtekonomier - Svenska Magasinet\",\"isPartOf\":{\"@id\":\"https:\\\/\\\/lightweb.dev\\\/l\\\/svm-temp\\\/#website\"},\"primaryImageOfPage\":{\"@id\":\"https:\\\/\\\/lightweb.dev\\\/l\\\/svm-temp\\\/artiklar\\\/marknadsobservation-tillvaxtekonomier\\\/#primaryimage\"},\"image\":{\"@id\":\"https:\\\/\\\/lightweb.dev\\\/l\\\/svm-temp\\\/artiklar\\\/marknadsobservation-tillvaxtekonomier\\\/#primaryimage\"},\"thumbnailUrl\":\"https:\\\/\\\/lightweb.dev\\\/l\\\/svm-temp\\\/wp-content\\\/uploads\\\/2022\\\/04\\\/marknadsobservation-tillvxtekonomier.png\",\"datePublished\":\"2015-04-12T22:00:00+00:00\",\"breadcrumb\":{\"@id\":\"https:\\\/\\\/lightweb.dev\\\/l\\\/svm-temp\\\/artiklar\\\/marknadsobservation-tillvaxtekonomier\\\/#breadcrumb\"},\"inLanguage\":\"sv-SE\",\"potentialAction\":[{\"@type\":\"ReadAction\",\"target\":[\"https:\\\/\\\/lightweb.dev\\\/l\\\/svm-temp\\\/artiklar\\\/marknadsobservation-tillvaxtekonomier\\\/\"]}]},{\"@type\":\"ImageObject\",\"inLanguage\":\"sv-SE\",\"@id\":\"https:\\\/\\\/lightweb.dev\\\/l\\\/svm-temp\\\/artiklar\\\/marknadsobservation-tillvaxtekonomier\\\/#primaryimage\",\"url\":\"https:\\\/\\\/lightweb.dev\\\/l\\\/svm-temp\\\/wp-content\\\/uploads\\\/2022\\\/04\\\/marknadsobservation-tillvxtekonomier.png\",\"contentUrl\":\"https:\\\/\\\/lightweb.dev\\\/l\\\/svm-temp\\\/wp-content\\\/uploads\\\/2022\\\/04\\\/marknadsobservation-tillvxtekonomier.png\",\"width\":356,\"height\":200},{\"@type\":\"BreadcrumbList\",\"@id\":\"https:\\\/\\\/lightweb.dev\\\/l\\\/svm-temp\\\/artiklar\\\/marknadsobservation-tillvaxtekonomier\\\/#breadcrumb\",\"itemListElement\":[{\"@type\":\"ListItem\",\"position\":1,\"name\":\"Hem\",\"item\":\"https:\\\/\\\/lightweb.dev\\\/l\\\/svm-temp\\\/\"},{\"@type\":\"ListItem\",\"position\":2,\"name\":\"Marknadsobservation: Tillv\u00e4xtekonomier\"}]},{\"@type\":\"WebSite\",\"@id\":\"https:\\\/\\\/lightweb.dev\\\/l\\\/svm-temp\\\/#website\",\"url\":\"https:\\\/\\\/lightweb.dev\\\/l\\\/svm-temp\\\/\",\"name\":\"Svenska Magasinet\",\"description\":\"Dina Spanska nyheter p&aring; Svenska\",\"publisher\":{\"@id\":\"https:\\\/\\\/lightweb.dev\\\/l\\\/svm-temp\\\/#organization\"},\"potentialAction\":[{\"@type\":\"SearchAction\",\"target\":{\"@type\":\"EntryPoint\",\"urlTemplate\":\"https:\\\/\\\/lightweb.dev\\\/l\\\/svm-temp\\\/?s={search_term_string}\"},\"query-input\":{\"@type\":\"PropertyValueSpecification\",\"valueRequired\":true,\"valueName\":\"search_term_string\"}}],\"inLanguage\":\"sv-SE\"},{\"@type\":\"Organization\",\"@id\":\"https:\\\/\\\/lightweb.dev\\\/l\\\/svm-temp\\\/#organization\",\"name\":\"Melkerson y Nott SL\",\"alternateName\":\"Svenska Magasinet\",\"url\":\"https:\\\/\\\/lightweb.dev\\\/l\\\/svm-temp\\\/\",\"logo\":{\"@type\":\"ImageObject\",\"inLanguage\":\"sv-SE\",\"@id\":\"https:\\\/\\\/lightweb.dev\\\/l\\\/svm-temp\\\/#\\\/schema\\\/logo\\\/image\\\/\",\"url\":\"https:\\\/\\\/lightweb.dev\\\/l\\\/svm-temp\\\/wp-content\\\/uploads\\\/2025\\\/02\\\/SvM-logo-Xtra-Centrerad-SVART.png\",\"contentUrl\":\"https:\\\/\\\/lightweb.dev\\\/l\\\/svm-temp\\\/wp-content\\\/uploads\\\/2025\\\/02\\\/SvM-logo-Xtra-Centrerad-SVART.png\",\"width\":300,\"height\":99,\"caption\":\"Melkerson y Nott SL\"},\"image\":{\"@id\":\"https:\\\/\\\/lightweb.dev\\\/l\\\/svm-temp\\\/#\\\/schema\\\/logo\\\/image\\\/\"},\"sameAs\":[\"https:\\\/\\\/www.facebook.com\\\/svenskamagasinet\",\"https:\\\/\\\/x.com\\\/SvenskaMagasine\"]},{\"@type\":\"Person\",\"@id\":\"https:\\\/\\\/lightweb.dev\\\/l\\\/svm-temp\\\/#\\\/schema\\\/person\\\/206a3bda5b607b0c25e1749191e4d837\",\"name\":\"Redaktionen SvM\",\"description\":\"Redaktionen\",\"sameAs\":[\"https:\\\/\\\/lightweb.dev\\\/l\\\/svm-temp\"],\"url\":\"https:\\\/\\\/lightweb.dev\\\/l\\\/svm-temp\\\/reporter\\\/redaktionen\\\/\"}]}<\/script>\n<!-- \/ Yoast SEO Premium plugin. -->","yoast_head_json":{"title":"Marknadsobservation: Tillv\u00e4xtekonomier - Svenska Magasinet","robots":{"index":"noindex","follow":"follow","max-snippet":"max-snippet:-1","max-image-preview":"max-image-preview:large","max-video-preview":"max-video-preview:-1"},"og_locale":"sv_SE","og_type":"article","og_title":"Marknadsobservation: Tillv\u00e4xtekonomier","og_description":"I ETT HISTORISKT PERSPEKTIV har tillv\u00e4xtekonomier r\u00f6rt sig i samma riktning i s\u00e5v\u00e4l uppg\u00e5ngar som nedg\u00e5ngar. Dok har l\u00e4gre oljepris, expansiv penningpolitik och inte minst politisk regimskifte med omfattande strukturella reformer ritat om kartan. Av Ruben Larsen, Haga Kapital e-post: ruben@hagakapital.se, +34 616 854 498 I sp\u00e5ren av finanskrisen var infl\u00f6den av kapital i tillv\u00e4xtekonomier [&hellip;]","og_url":"https:\/\/lightweb.dev\/l\/svm-temp\/artiklar\/marknadsobservation-tillvaxtekonomier\/","og_site_name":"Svenska Magasinet","article_publisher":"https:\/\/www.facebook.com\/svenskamagasinet","article_published_time":"2015-04-12T22:00:00+00:00","og_image":[{"width":356,"height":200,"url":"https:\/\/lightweb.dev\/l\/svm-temp\/wp-content\/uploads\/2022\/04\/marknadsobservation-tillvxtekonomier.png","type":"image\/png"}],"author":"Redaktionen SvM","twitter_card":"summary_large_image","twitter_creator":"@SvenskaMagasine","twitter_site":"@SvenskaMagasine","schema":{"@context":"https:\/\/schema.org","@graph":[{"@type":"Article","@id":"https:\/\/lightweb.dev\/l\/svm-temp\/artiklar\/marknadsobservation-tillvaxtekonomier\/#article","isPartOf":{"@id":"https:\/\/lightweb.dev\/l\/svm-temp\/artiklar\/marknadsobservation-tillvaxtekonomier\/"},"author":{"name":"Redaktionen SvM","@id":"https:\/\/lightweb.dev\/l\/svm-temp\/#\/schema\/person\/206a3bda5b607b0c25e1749191e4d837"},"headline":"Marknadsobservation: Tillv\u00e4xtekonomier","datePublished":"2015-04-12T22:00:00+00:00","mainEntityOfPage":{"@id":"https:\/\/lightweb.dev\/l\/svm-temp\/artiklar\/marknadsobservation-tillvaxtekonomier\/"},"wordCount":557,"commentCount":0,"publisher":{"@id":"https:\/\/lightweb.dev\/l\/svm-temp\/#organization"},"image":{"@id":"https:\/\/lightweb.dev\/l\/svm-temp\/artiklar\/marknadsobservation-tillvaxtekonomier\/#primaryimage"},"thumbnailUrl":"https:\/\/lightweb.dev\/l\/svm-temp\/wp-content\/uploads\/2022\/04\/marknadsobservation-tillvxtekonomier.png","articleSection":["Artiklar","N\u00e4ringsliv"],"inLanguage":"sv-SE"},{"@type":"WebPage","@id":"https:\/\/lightweb.dev\/l\/svm-temp\/artiklar\/marknadsobservation-tillvaxtekonomier\/","url":"https:\/\/lightweb.dev\/l\/svm-temp\/artiklar\/marknadsobservation-tillvaxtekonomier\/","name":"Marknadsobservation: Tillv\u00e4xtekonomier - Svenska Magasinet","isPartOf":{"@id":"https:\/\/lightweb.dev\/l\/svm-temp\/#website"},"primaryImageOfPage":{"@id":"https:\/\/lightweb.dev\/l\/svm-temp\/artiklar\/marknadsobservation-tillvaxtekonomier\/#primaryimage"},"image":{"@id":"https:\/\/lightweb.dev\/l\/svm-temp\/artiklar\/marknadsobservation-tillvaxtekonomier\/#primaryimage"},"thumbnailUrl":"https:\/\/lightweb.dev\/l\/svm-temp\/wp-content\/uploads\/2022\/04\/marknadsobservation-tillvxtekonomier.png","datePublished":"2015-04-12T22:00:00+00:00","breadcrumb":{"@id":"https:\/\/lightweb.dev\/l\/svm-temp\/artiklar\/marknadsobservation-tillvaxtekonomier\/#breadcrumb"},"inLanguage":"sv-SE","potentialAction":[{"@type":"ReadAction","target":["https:\/\/lightweb.dev\/l\/svm-temp\/artiklar\/marknadsobservation-tillvaxtekonomier\/"]}]},{"@type":"ImageObject","inLanguage":"sv-SE","@id":"https:\/\/lightweb.dev\/l\/svm-temp\/artiklar\/marknadsobservation-tillvaxtekonomier\/#primaryimage","url":"https:\/\/lightweb.dev\/l\/svm-temp\/wp-content\/uploads\/2022\/04\/marknadsobservation-tillvxtekonomier.png","contentUrl":"https:\/\/lightweb.dev\/l\/svm-temp\/wp-content\/uploads\/2022\/04\/marknadsobservation-tillvxtekonomier.png","width":356,"height":200},{"@type":"BreadcrumbList","@id":"https:\/\/lightweb.dev\/l\/svm-temp\/artiklar\/marknadsobservation-tillvaxtekonomier\/#breadcrumb","itemListElement":[{"@type":"ListItem","position":1,"name":"Hem","item":"https:\/\/lightweb.dev\/l\/svm-temp\/"},{"@type":"ListItem","position":2,"name":"Marknadsobservation: Tillv\u00e4xtekonomier"}]},{"@type":"WebSite","@id":"https:\/\/lightweb.dev\/l\/svm-temp\/#website","url":"https:\/\/lightweb.dev\/l\/svm-temp\/","name":"Svenska Magasinet","description":"Dina Spanska nyheter p&aring; Svenska","publisher":{"@id":"https:\/\/lightweb.dev\/l\/svm-temp\/#organization"},"potentialAction":[{"@type":"SearchAction","target":{"@type":"EntryPoint","urlTemplate":"https:\/\/lightweb.dev\/l\/svm-temp\/?s={search_term_string}"},"query-input":{"@type":"PropertyValueSpecification","valueRequired":true,"valueName":"search_term_string"}}],"inLanguage":"sv-SE"},{"@type":"Organization","@id":"https:\/\/lightweb.dev\/l\/svm-temp\/#organization","name":"Melkerson y Nott SL","alternateName":"Svenska Magasinet","url":"https:\/\/lightweb.dev\/l\/svm-temp\/","logo":{"@type":"ImageObject","inLanguage":"sv-SE","@id":"https:\/\/lightweb.dev\/l\/svm-temp\/#\/schema\/logo\/image\/","url":"https:\/\/lightweb.dev\/l\/svm-temp\/wp-content\/uploads\/2025\/02\/SvM-logo-Xtra-Centrerad-SVART.png","contentUrl":"https:\/\/lightweb.dev\/l\/svm-temp\/wp-content\/uploads\/2025\/02\/SvM-logo-Xtra-Centrerad-SVART.png","width":300,"height":99,"caption":"Melkerson y Nott SL"},"image":{"@id":"https:\/\/lightweb.dev\/l\/svm-temp\/#\/schema\/logo\/image\/"},"sameAs":["https:\/\/www.facebook.com\/svenskamagasinet","https:\/\/x.com\/SvenskaMagasine"]},{"@type":"Person","@id":"https:\/\/lightweb.dev\/l\/svm-temp\/#\/schema\/person\/206a3bda5b607b0c25e1749191e4d837","name":"Redaktionen SvM","description":"Redaktionen","sameAs":["https:\/\/lightweb.dev\/l\/svm-temp"],"url":"https:\/\/lightweb.dev\/l\/svm-temp\/reporter\/redaktionen\/"}]}},"_links":{"self":[{"href":"https:\/\/lightweb.dev\/l\/svm-temp\/wp-json\/wp\/v2\/posts\/5136","targetHints":{"allow":["GET"]}}],"collection":[{"href":"https:\/\/lightweb.dev\/l\/svm-temp\/wp-json\/wp\/v2\/posts"}],"about":[{"href":"https:\/\/lightweb.dev\/l\/svm-temp\/wp-json\/wp\/v2\/types\/post"}],"author":[{"embeddable":true,"href":"https:\/\/lightweb.dev\/l\/svm-temp\/wp-json\/wp\/v2\/users\/8"}],"replies":[{"embeddable":true,"href":"https:\/\/lightweb.dev\/l\/svm-temp\/wp-json\/wp\/v2\/comments?post=5136"}],"version-history":[{"count":0,"href":"https:\/\/lightweb.dev\/l\/svm-temp\/wp-json\/wp\/v2\/posts\/5136\/revisions"}],"wp:featuredmedia":[{"embeddable":true,"href":"https:\/\/lightweb.dev\/l\/svm-temp\/wp-json\/wp\/v2\/media\/5137"}],"wp:attachment":[{"href":"https:\/\/lightweb.dev\/l\/svm-temp\/wp-json\/wp\/v2\/media?parent=5136"}],"wp:term":[{"taxonomy":"category","embeddable":true,"href":"https:\/\/lightweb.dev\/l\/svm-temp\/wp-json\/wp\/v2\/categories?post=5136"},{"taxonomy":"post_tag","embeddable":true,"href":"https:\/\/lightweb.dev\/l\/svm-temp\/wp-json\/wp\/v2\/tags?post=5136"}],"curies":[{"name":"wp","href":"https:\/\/api.w.org\/{rel}","templated":true}]}}