{"id":5142,"date":"2015-04-13T00:00:00","date_gmt":"2015-04-12T22:00:00","guid":{"rendered":"https:\/\/lightweb.dev\/l\/svm-temp\/hans-g-jag-firar-jubileum\/"},"modified":"2015-04-13T00:00:00","modified_gmt":"2015-04-12T22:00:00","slug":"hans-g-jag-firar-jubileum","status":"publish","type":"post","link":"https:\/\/lightweb.dev\/l\/svm-temp\/artiklar\/hans-g-jag-firar-jubileum\/","title":{"rendered":"Hans G: Jag firar jubileum!"},"content":{"rendered":"<p> Inte ett s\u00e5dant som att ha varit gift i trettio \u00e5r eller s\u00e5, vilket jag f\u00f6r \u00f6vrigt har varit, utan mer subtilare \u00e4n det. Jag har nu, n\u00e4stan p\u00e5 dagen, skrivit kr\u00f6nikor i Svenska Magasinet under fyra \u00e5r. Av Hans G<br \/>\ne-post: hansgmijas@gmail.com<\/p>\n<p>Det l\u00e5ter inte s\u00e5 mycket men det inneb\u00e4r men det inneb\u00e4r att jag utsatt er f\u00f6r mina tankar och ibland lite udda ideer i drygt fyrtio kr\u00f6nikor. Ibland undrar jag sj\u00e4lv hur det har g\u00e5tt till. En sak \u00e4r givetvis att jag \u00e4r sjukt nyfiken och dessutom, enligt Sambon i varje fall, utrustad med en lite bisarr fantasi.<\/p>\n<p>S\u00e5 starten p\u00e5 mitt k\u00e5seriande b\u00f6rjade ungef\u00e4r i samband med det f\u00f6rra kommunalvalet. P\u00e5 min v\u00e4g fr\u00e5n Mijas och ner till Fuengirola kunde jag inte undvika att se att n\u00e5gon hade h\u00e4ngt ut tv\u00e4tt i den vackra naturen. Var man \u00e4n k\u00f6rde fladdrade stora, vita lakan i naturen och tycktes aldrig bli torra. De hade h\u00e4ngt d\u00e4r i flera veckor men f\u00f6rmodligen torkade de inte d\u00e4rf\u00f6r att v\u00e5ren best\u00e5tt av ett mer eller mindre envist regnande och d\u00e5 \u00e4r det inte l\u00e4tt att torka sin smutsiga byk.<\/p>\n<p>F\u00f6r det var s\u00e5dant det var, visade det sig. Jag p\u00e5pekade fenomenet f\u00f6r Anders Olow, d\u00e5varande chefredakt\u00f6r f\u00f6r Svenska Magasinet. \u201dTa reda p\u00e5 hur det ligger till och skriv en snutt om det,\u201d sa Anders<\/p>\n<p>DET VAR SOM SAGT VAL\u00c5R och som alla vet \u00e4r det f\u00f6rbjudet i Spanien att bedriva \u201dpolitisk propagande\u201d fr\u00e5n b\u00f6rjan av mars och fram till 14 dagar f\u00f6re valet. Nu klarnade mysteriet med lakanen. N\u00e4r vinden d\u00e5 och d\u00e5 bl\u00e5ste dem \u00e5t sidan s\u00e5g man att det var PSOE:s nya ledare, och tillika borgm\u00e4starkandidat, Fuansanta Limas n\u00e4pna nuna som skymtade fram.<\/p>\n<p>Valfusk skrek PP och tvingade PSOE att t\u00e4cka \u00f6ver affischerna. D\u00e4rav lakanen. Nu \u00e4r det val\u00e5r igen, s\u00e5 nu f\u00e5r vi se om PSOE k\u00f6r tricket med lakanen igen. Men \u00e4n s\u00e5 l\u00e4nge har jag inte sett n\u00e5got misst\u00e4nkt. Det hade v\u00e4l legat n\u00e4ra till hands annars eftersom det \u00e5terigen \u00e4r Fuansanta Limas som kandiderar.<\/p>\n<p>P\u00e5 tal om valfusk och f\u00f6rbjuden valpropaganda f\u00f6rresten.H\u00e4r i Mijas ges det ut en \u201dtidning\u201d som heter Mijas Semanal, Mijas Veckotidning. Om inte den \u00e4r politisk propaganda s\u00e5 vet jag inte vad ordet betyder.<\/p>\n<p>Dessutom \u00e4r den betald av skattebetalarnas pengar. Numera, eftersom det \u00e4r PP som har makten, best\u00e5r tidningen i stort sett bara av artiklar coh fotografier som visar hur alldeles v\u00e4ldigt f\u00f6rtr\u00e4ffliga den nuvarande \u201dregeringen\u201d \u00e4r. Det \u00e4r propaganda p\u00e5 h\u00f6g niv\u00e5, kamoflerat som en \u201dinformationsskrift\u201d.<\/p>\n<p>I senaste numret finns ett helt uppslag som beskriver hur otroligt mycket PP har gjort sedan de kom till makten f\u00f6r fyra \u00e5r sedan och hur el\u00e4ndigt de tidigare makthavarna, PSOE, hade sk\u00f6tt sig. Min gamla mor sa alltid att eget ber\u00f6m luktar illa och om det \u00e4r s\u00e5, s\u00e5 luktar kommunalhuset i Mijas som en minkfarm. Det enda som v\u00e5r k\u00e4re borgm\u00e4stare inte klarar av \u00e4r v\u00e4l att g\u00e5 p\u00e5 vattnet, men det kommer nog det ocks\u00e5. Men, i sanningens namn m\u00e5ste man tillst\u00e5 att det har h\u00e4nt mycket positivt i Mijas Pueblo under de senaste fyra \u00e5ren.<\/p>\n<p>Det ligger v\u00e4l en del i det gamla ordspr\u00e5ket att \u201dnya kvastar sopar b\u00e4st\u201d.<\/p>\n<p>N\u00c5GOT SOM DOCK INTE F\u00d6R\u00c4NDRAS, oavsett vad v\u00e5r k\u00e4re borgm\u00e4stare Nozal g\u00f6r, \u00e4r att jag drabbats av stora v\u00e5rfrossan. Precis som alla andra \u00e5r. N\u00e4r jag skriver det h\u00e4r \u00e4r det tv\u00e5 dagar kvar till dess att Superettan har premi\u00e4r. GAIS, v\u00e4rldens b\u00e4sta fotbollslag, \u00f6ppnar med hemmamatch mot Varberg. Sj\u00e4lv g\u00e5r jag omkring som en lallande f\u00e5ne och svarar inte p\u00e5 tilltal.<\/p>\n<p>Jag f\u00f6rs\u00f6ker att bete mig normalt men det \u00e4r inte l\u00e4tt n\u00e4r man vandrar omkring med tom, glasartad blick och p\u00e5minner omgivningen om n\u00e5gon som f\u00e5tt i sig n\u00e5got som man inte skall ha i sig. Men det l\u00f6ser sig, det g\u00f6r det alltid, och givetvis vinner GAIS. Storseger!<\/p>\n<p>Saludos amigas\/os<br \/>\nM\u00e5 v\u00e4l och ta hand om er<\/p>\n","protected":false},"excerpt":{"rendered":"<p>Inte ett s\u00e5dant som att ha varit gift i trettio \u00e5r eller s\u00e5, vilket jag f\u00f6r \u00f6vrigt har varit, utan mer subtilare \u00e4n det. Jag har nu, n\u00e4stan p\u00e5 dagen, skrivit kr\u00f6nikor i Svenska Magasinet under fyra \u00e5r. Av Hans G e-post: hansgmijas@gmail.com Det l\u00e5ter inte s\u00e5 mycket men det inneb\u00e4r men det inneb\u00e4r att [&hellip;]<\/p>\n","protected":false},"author":8,"featured_media":5143,"comment_status":"open","ping_status":"open","sticky":false,"template":"","format":"standard","meta":{"_et_pb_use_builder":"","_et_pb_old_content":"","_et_gb_content_width":"","footnotes":""},"categories":[396,4],"tags":[],"class_list":["post-5142","post","type-post","status-publish","format-standard","has-post-thumbnail","hentry","category-arkiv-artiklar","category-artiklar"],"yoast_head":"<!-- This site is optimized with the Yoast SEO Premium plugin v26.2 (Yoast SEO v27.4) - https:\/\/yoast.com\/product\/yoast-seo-premium-wordpress\/ -->\n<title>Hans G: Jag firar jubileum! - Svenska Magasinet<\/title>\n<meta name=\"robots\" content=\"noindex, follow, max-snippet:-1, max-image-preview:large, max-video-preview:-1\" \/>\n<meta property=\"og:locale\" content=\"sv_SE\" \/>\n<meta property=\"og:type\" content=\"article\" \/>\n<meta property=\"og:title\" content=\"Hans G: Jag firar jubileum!\" \/>\n<meta property=\"og:description\" content=\"Inte ett s\u00e5dant som att ha varit gift i trettio \u00e5r eller s\u00e5, vilket jag f\u00f6r \u00f6vrigt har varit, utan mer subtilare \u00e4n det. Jag har nu, n\u00e4stan p\u00e5 dagen, skrivit kr\u00f6nikor i Svenska Magasinet under fyra \u00e5r. Av Hans G e-post: hansgmijas@gmail.com Det l\u00e5ter inte s\u00e5 mycket men det inneb\u00e4r men det inneb\u00e4r att [&hellip;]\" \/>\n<meta property=\"og:url\" content=\"https:\/\/lightweb.dev\/l\/svm-temp\/artiklar\/hans-g-jag-firar-jubileum\/\" \/>\n<meta property=\"og:site_name\" content=\"Svenska Magasinet\" \/>\n<meta property=\"article:publisher\" content=\"https:\/\/www.facebook.com\/svenskamagasinet\" \/>\n<meta property=\"article:published_time\" content=\"2015-04-12T22:00:00+00:00\" \/>\n<meta property=\"og:image\" content=\"https:\/\/lightweb.dev\/l\/svm-temp\/wp-content\/uploads\/2022\/04\/hans-g-jag-firar-jubileum.png\" \/>\n\t<meta property=\"og:image:width\" content=\"280\" \/>\n\t<meta property=\"og:image:height\" content=\"498\" \/>\n\t<meta property=\"og:image:type\" content=\"image\/png\" \/>\n<meta name=\"author\" content=\"Redaktionen SvM\" \/>\n<meta name=\"twitter:card\" content=\"summary_large_image\" \/>\n<meta name=\"twitter:creator\" content=\"@SvenskaMagasine\" \/>\n<meta name=\"twitter:site\" content=\"@SvenskaMagasine\" \/>\n<script type=\"application\/ld+json\" class=\"yoast-schema-graph\">{\"@context\":\"https:\\\/\\\/schema.org\",\"@graph\":[{\"@type\":\"Article\",\"@id\":\"https:\\\/\\\/lightweb.dev\\\/l\\\/svm-temp\\\/artiklar\\\/hans-g-jag-firar-jubileum\\\/#article\",\"isPartOf\":{\"@id\":\"https:\\\/\\\/lightweb.dev\\\/l\\\/svm-temp\\\/artiklar\\\/hans-g-jag-firar-jubileum\\\/\"},\"author\":{\"name\":\"Redaktionen SvM\",\"@id\":\"https:\\\/\\\/lightweb.dev\\\/l\\\/svm-temp\\\/#\\\/schema\\\/person\\\/206a3bda5b607b0c25e1749191e4d837\"},\"headline\":\"Hans G: Jag firar jubileum!\",\"datePublished\":\"2015-04-12T22:00:00+00:00\",\"mainEntityOfPage\":{\"@id\":\"https:\\\/\\\/lightweb.dev\\\/l\\\/svm-temp\\\/artiklar\\\/hans-g-jag-firar-jubileum\\\/\"},\"wordCount\":764,\"commentCount\":0,\"publisher\":{\"@id\":\"https:\\\/\\\/lightweb.dev\\\/l\\\/svm-temp\\\/#organization\"},\"image\":{\"@id\":\"https:\\\/\\\/lightweb.dev\\\/l\\\/svm-temp\\\/artiklar\\\/hans-g-jag-firar-jubileum\\\/#primaryimage\"},\"thumbnailUrl\":\"https:\\\/\\\/lightweb.dev\\\/l\\\/svm-temp\\\/wp-content\\\/uploads\\\/2022\\\/04\\\/hans-g-jag-firar-jubileum.png\",\"articleSection\":[\"Arkiv\",\"Artiklar\"],\"inLanguage\":\"sv-SE\"},{\"@type\":\"WebPage\",\"@id\":\"https:\\\/\\\/lightweb.dev\\\/l\\\/svm-temp\\\/artiklar\\\/hans-g-jag-firar-jubileum\\\/\",\"url\":\"https:\\\/\\\/lightweb.dev\\\/l\\\/svm-temp\\\/artiklar\\\/hans-g-jag-firar-jubileum\\\/\",\"name\":\"Hans G: Jag firar jubileum! - Svenska Magasinet\",\"isPartOf\":{\"@id\":\"https:\\\/\\\/lightweb.dev\\\/l\\\/svm-temp\\\/#website\"},\"primaryImageOfPage\":{\"@id\":\"https:\\\/\\\/lightweb.dev\\\/l\\\/svm-temp\\\/artiklar\\\/hans-g-jag-firar-jubileum\\\/#primaryimage\"},\"image\":{\"@id\":\"https:\\\/\\\/lightweb.dev\\\/l\\\/svm-temp\\\/artiklar\\\/hans-g-jag-firar-jubileum\\\/#primaryimage\"},\"thumbnailUrl\":\"https:\\\/\\\/lightweb.dev\\\/l\\\/svm-temp\\\/wp-content\\\/uploads\\\/2022\\\/04\\\/hans-g-jag-firar-jubileum.png\",\"datePublished\":\"2015-04-12T22:00:00+00:00\",\"breadcrumb\":{\"@id\":\"https:\\\/\\\/lightweb.dev\\\/l\\\/svm-temp\\\/artiklar\\\/hans-g-jag-firar-jubileum\\\/#breadcrumb\"},\"inLanguage\":\"sv-SE\",\"potentialAction\":[{\"@type\":\"ReadAction\",\"target\":[\"https:\\\/\\\/lightweb.dev\\\/l\\\/svm-temp\\\/artiklar\\\/hans-g-jag-firar-jubileum\\\/\"]}]},{\"@type\":\"ImageObject\",\"inLanguage\":\"sv-SE\",\"@id\":\"https:\\\/\\\/lightweb.dev\\\/l\\\/svm-temp\\\/artiklar\\\/hans-g-jag-firar-jubileum\\\/#primaryimage\",\"url\":\"https:\\\/\\\/lightweb.dev\\\/l\\\/svm-temp\\\/wp-content\\\/uploads\\\/2022\\\/04\\\/hans-g-jag-firar-jubileum.png\",\"contentUrl\":\"https:\\\/\\\/lightweb.dev\\\/l\\\/svm-temp\\\/wp-content\\\/uploads\\\/2022\\\/04\\\/hans-g-jag-firar-jubileum.png\",\"width\":280,\"height\":498},{\"@type\":\"BreadcrumbList\",\"@id\":\"https:\\\/\\\/lightweb.dev\\\/l\\\/svm-temp\\\/artiklar\\\/hans-g-jag-firar-jubileum\\\/#breadcrumb\",\"itemListElement\":[{\"@type\":\"ListItem\",\"position\":1,\"name\":\"Hem\",\"item\":\"https:\\\/\\\/lightweb.dev\\\/l\\\/svm-temp\\\/\"},{\"@type\":\"ListItem\",\"position\":2,\"name\":\"Hans G: Jag firar jubileum!\"}]},{\"@type\":\"WebSite\",\"@id\":\"https:\\\/\\\/lightweb.dev\\\/l\\\/svm-temp\\\/#website\",\"url\":\"https:\\\/\\\/lightweb.dev\\\/l\\\/svm-temp\\\/\",\"name\":\"Svenska Magasinet\",\"description\":\"Dina Spanska nyheter p&aring; Svenska\",\"publisher\":{\"@id\":\"https:\\\/\\\/lightweb.dev\\\/l\\\/svm-temp\\\/#organization\"},\"potentialAction\":[{\"@type\":\"SearchAction\",\"target\":{\"@type\":\"EntryPoint\",\"urlTemplate\":\"https:\\\/\\\/lightweb.dev\\\/l\\\/svm-temp\\\/?s={search_term_string}\"},\"query-input\":{\"@type\":\"PropertyValueSpecification\",\"valueRequired\":true,\"valueName\":\"search_term_string\"}}],\"inLanguage\":\"sv-SE\"},{\"@type\":\"Organization\",\"@id\":\"https:\\\/\\\/lightweb.dev\\\/l\\\/svm-temp\\\/#organization\",\"name\":\"Melkerson y Nott SL\",\"alternateName\":\"Svenska Magasinet\",\"url\":\"https:\\\/\\\/lightweb.dev\\\/l\\\/svm-temp\\\/\",\"logo\":{\"@type\":\"ImageObject\",\"inLanguage\":\"sv-SE\",\"@id\":\"https:\\\/\\\/lightweb.dev\\\/l\\\/svm-temp\\\/#\\\/schema\\\/logo\\\/image\\\/\",\"url\":\"https:\\\/\\\/lightweb.dev\\\/l\\\/svm-temp\\\/wp-content\\\/uploads\\\/2025\\\/02\\\/SvM-logo-Xtra-Centrerad-SVART.png\",\"contentUrl\":\"https:\\\/\\\/lightweb.dev\\\/l\\\/svm-temp\\\/wp-content\\\/uploads\\\/2025\\\/02\\\/SvM-logo-Xtra-Centrerad-SVART.png\",\"width\":300,\"height\":99,\"caption\":\"Melkerson y Nott SL\"},\"image\":{\"@id\":\"https:\\\/\\\/lightweb.dev\\\/l\\\/svm-temp\\\/#\\\/schema\\\/logo\\\/image\\\/\"},\"sameAs\":[\"https:\\\/\\\/www.facebook.com\\\/svenskamagasinet\",\"https:\\\/\\\/x.com\\\/SvenskaMagasine\"]},{\"@type\":\"Person\",\"@id\":\"https:\\\/\\\/lightweb.dev\\\/l\\\/svm-temp\\\/#\\\/schema\\\/person\\\/206a3bda5b607b0c25e1749191e4d837\",\"name\":\"Redaktionen SvM\",\"description\":\"Redaktionen\",\"sameAs\":[\"https:\\\/\\\/lightweb.dev\\\/l\\\/svm-temp\"],\"url\":\"https:\\\/\\\/lightweb.dev\\\/l\\\/svm-temp\\\/reporter\\\/redaktionen\\\/\"}]}<\/script>\n<!-- \/ Yoast SEO Premium plugin. -->","yoast_head_json":{"title":"Hans G: Jag firar jubileum! - Svenska Magasinet","robots":{"index":"noindex","follow":"follow","max-snippet":"max-snippet:-1","max-image-preview":"max-image-preview:large","max-video-preview":"max-video-preview:-1"},"og_locale":"sv_SE","og_type":"article","og_title":"Hans G: Jag firar jubileum!","og_description":"Inte ett s\u00e5dant som att ha varit gift i trettio \u00e5r eller s\u00e5, vilket jag f\u00f6r \u00f6vrigt har varit, utan mer subtilare \u00e4n det. Jag har nu, n\u00e4stan p\u00e5 dagen, skrivit kr\u00f6nikor i Svenska Magasinet under fyra \u00e5r. Av Hans G e-post: hansgmijas@gmail.com Det l\u00e5ter inte s\u00e5 mycket men det inneb\u00e4r men det inneb\u00e4r att [&hellip;]","og_url":"https:\/\/lightweb.dev\/l\/svm-temp\/artiklar\/hans-g-jag-firar-jubileum\/","og_site_name":"Svenska Magasinet","article_publisher":"https:\/\/www.facebook.com\/svenskamagasinet","article_published_time":"2015-04-12T22:00:00+00:00","og_image":[{"width":280,"height":498,"url":"https:\/\/lightweb.dev\/l\/svm-temp\/wp-content\/uploads\/2022\/04\/hans-g-jag-firar-jubileum.png","type":"image\/png"}],"author":"Redaktionen SvM","twitter_card":"summary_large_image","twitter_creator":"@SvenskaMagasine","twitter_site":"@SvenskaMagasine","schema":{"@context":"https:\/\/schema.org","@graph":[{"@type":"Article","@id":"https:\/\/lightweb.dev\/l\/svm-temp\/artiklar\/hans-g-jag-firar-jubileum\/#article","isPartOf":{"@id":"https:\/\/lightweb.dev\/l\/svm-temp\/artiklar\/hans-g-jag-firar-jubileum\/"},"author":{"name":"Redaktionen SvM","@id":"https:\/\/lightweb.dev\/l\/svm-temp\/#\/schema\/person\/206a3bda5b607b0c25e1749191e4d837"},"headline":"Hans G: Jag firar jubileum!","datePublished":"2015-04-12T22:00:00+00:00","mainEntityOfPage":{"@id":"https:\/\/lightweb.dev\/l\/svm-temp\/artiklar\/hans-g-jag-firar-jubileum\/"},"wordCount":764,"commentCount":0,"publisher":{"@id":"https:\/\/lightweb.dev\/l\/svm-temp\/#organization"},"image":{"@id":"https:\/\/lightweb.dev\/l\/svm-temp\/artiklar\/hans-g-jag-firar-jubileum\/#primaryimage"},"thumbnailUrl":"https:\/\/lightweb.dev\/l\/svm-temp\/wp-content\/uploads\/2022\/04\/hans-g-jag-firar-jubileum.png","articleSection":["Arkiv","Artiklar"],"inLanguage":"sv-SE"},{"@type":"WebPage","@id":"https:\/\/lightweb.dev\/l\/svm-temp\/artiklar\/hans-g-jag-firar-jubileum\/","url":"https:\/\/lightweb.dev\/l\/svm-temp\/artiklar\/hans-g-jag-firar-jubileum\/","name":"Hans G: Jag firar jubileum! - Svenska Magasinet","isPartOf":{"@id":"https:\/\/lightweb.dev\/l\/svm-temp\/#website"},"primaryImageOfPage":{"@id":"https:\/\/lightweb.dev\/l\/svm-temp\/artiklar\/hans-g-jag-firar-jubileum\/#primaryimage"},"image":{"@id":"https:\/\/lightweb.dev\/l\/svm-temp\/artiklar\/hans-g-jag-firar-jubileum\/#primaryimage"},"thumbnailUrl":"https:\/\/lightweb.dev\/l\/svm-temp\/wp-content\/uploads\/2022\/04\/hans-g-jag-firar-jubileum.png","datePublished":"2015-04-12T22:00:00+00:00","breadcrumb":{"@id":"https:\/\/lightweb.dev\/l\/svm-temp\/artiklar\/hans-g-jag-firar-jubileum\/#breadcrumb"},"inLanguage":"sv-SE","potentialAction":[{"@type":"ReadAction","target":["https:\/\/lightweb.dev\/l\/svm-temp\/artiklar\/hans-g-jag-firar-jubileum\/"]}]},{"@type":"ImageObject","inLanguage":"sv-SE","@id":"https:\/\/lightweb.dev\/l\/svm-temp\/artiklar\/hans-g-jag-firar-jubileum\/#primaryimage","url":"https:\/\/lightweb.dev\/l\/svm-temp\/wp-content\/uploads\/2022\/04\/hans-g-jag-firar-jubileum.png","contentUrl":"https:\/\/lightweb.dev\/l\/svm-temp\/wp-content\/uploads\/2022\/04\/hans-g-jag-firar-jubileum.png","width":280,"height":498},{"@type":"BreadcrumbList","@id":"https:\/\/lightweb.dev\/l\/svm-temp\/artiklar\/hans-g-jag-firar-jubileum\/#breadcrumb","itemListElement":[{"@type":"ListItem","position":1,"name":"Hem","item":"https:\/\/lightweb.dev\/l\/svm-temp\/"},{"@type":"ListItem","position":2,"name":"Hans G: Jag firar jubileum!"}]},{"@type":"WebSite","@id":"https:\/\/lightweb.dev\/l\/svm-temp\/#website","url":"https:\/\/lightweb.dev\/l\/svm-temp\/","name":"Svenska Magasinet","description":"Dina Spanska nyheter p&aring; Svenska","publisher":{"@id":"https:\/\/lightweb.dev\/l\/svm-temp\/#organization"},"potentialAction":[{"@type":"SearchAction","target":{"@type":"EntryPoint","urlTemplate":"https:\/\/lightweb.dev\/l\/svm-temp\/?s={search_term_string}"},"query-input":{"@type":"PropertyValueSpecification","valueRequired":true,"valueName":"search_term_string"}}],"inLanguage":"sv-SE"},{"@type":"Organization","@id":"https:\/\/lightweb.dev\/l\/svm-temp\/#organization","name":"Melkerson y Nott SL","alternateName":"Svenska Magasinet","url":"https:\/\/lightweb.dev\/l\/svm-temp\/","logo":{"@type":"ImageObject","inLanguage":"sv-SE","@id":"https:\/\/lightweb.dev\/l\/svm-temp\/#\/schema\/logo\/image\/","url":"https:\/\/lightweb.dev\/l\/svm-temp\/wp-content\/uploads\/2025\/02\/SvM-logo-Xtra-Centrerad-SVART.png","contentUrl":"https:\/\/lightweb.dev\/l\/svm-temp\/wp-content\/uploads\/2025\/02\/SvM-logo-Xtra-Centrerad-SVART.png","width":300,"height":99,"caption":"Melkerson y Nott SL"},"image":{"@id":"https:\/\/lightweb.dev\/l\/svm-temp\/#\/schema\/logo\/image\/"},"sameAs":["https:\/\/www.facebook.com\/svenskamagasinet","https:\/\/x.com\/SvenskaMagasine"]},{"@type":"Person","@id":"https:\/\/lightweb.dev\/l\/svm-temp\/#\/schema\/person\/206a3bda5b607b0c25e1749191e4d837","name":"Redaktionen SvM","description":"Redaktionen","sameAs":["https:\/\/lightweb.dev\/l\/svm-temp"],"url":"https:\/\/lightweb.dev\/l\/svm-temp\/reporter\/redaktionen\/"}]}},"_links":{"self":[{"href":"https:\/\/lightweb.dev\/l\/svm-temp\/wp-json\/wp\/v2\/posts\/5142","targetHints":{"allow":["GET"]}}],"collection":[{"href":"https:\/\/lightweb.dev\/l\/svm-temp\/wp-json\/wp\/v2\/posts"}],"about":[{"href":"https:\/\/lightweb.dev\/l\/svm-temp\/wp-json\/wp\/v2\/types\/post"}],"author":[{"embeddable":true,"href":"https:\/\/lightweb.dev\/l\/svm-temp\/wp-json\/wp\/v2\/users\/8"}],"replies":[{"embeddable":true,"href":"https:\/\/lightweb.dev\/l\/svm-temp\/wp-json\/wp\/v2\/comments?post=5142"}],"version-history":[{"count":0,"href":"https:\/\/lightweb.dev\/l\/svm-temp\/wp-json\/wp\/v2\/posts\/5142\/revisions"}],"wp:featuredmedia":[{"embeddable":true,"href":"https:\/\/lightweb.dev\/l\/svm-temp\/wp-json\/wp\/v2\/media\/5143"}],"wp:attachment":[{"href":"https:\/\/lightweb.dev\/l\/svm-temp\/wp-json\/wp\/v2\/media?parent=5142"}],"wp:term":[{"taxonomy":"category","embeddable":true,"href":"https:\/\/lightweb.dev\/l\/svm-temp\/wp-json\/wp\/v2\/categories?post=5142"},{"taxonomy":"post_tag","embeddable":true,"href":"https:\/\/lightweb.dev\/l\/svm-temp\/wp-json\/wp\/v2\/tags?post=5142"}],"curies":[{"name":"wp","href":"https:\/\/api.w.org\/{rel}","templated":true}]}}