{"id":5147,"date":"2015-04-10T00:00:00","date_gmt":"2015-04-09T22:00:00","guid":{"rendered":"https:\/\/lightweb.dev\/l\/svm-temp\/manilva-en-privilegierad-plats-med-ekovin\/"},"modified":"2015-04-10T00:00:00","modified_gmt":"2015-04-09T22:00:00","slug":"manilva-en-privilegierad-plats-med-ekovin","status":"publish","type":"post","link":"https:\/\/lightweb.dev\/l\/svm-temp\/artiklar\/manilva-en-privilegierad-plats-med-ekovin\/","title":{"rendered":"Manilva \u2013 en privilegierad plats med ekovin"},"content":{"rendered":"<p> Med egen f\u00e4stning skulle platsen f\u00f6rsvaras mot pirater och sj\u00f6r\u00f6vare. H\u00e4r finns soldr\u00e4nkta vinodlingar med vinstockar som h\u00e5ller sig n\u00e4ra marken och anpassar sig till den friska vinden. Julius Caesar stannade till f\u00f6r att bada n\u00e4r han var guvern\u00f6r i s\u00f6dra Spanien. Av Ola Josefsson<\/p>\n<p>Manilva n\u00e4ra gr\u00e4nsen till provinsen C\u00e1diz \u00e4r en vacker och oexploaterad del av Costa del Sol. Landskapet \u00e4r \u00f6ppet och ljust. N\u00e4rheten till Gibraltar sund g\u00f6r att vindarna f\u00e5r fart. Svenskarna kom hit redan p\u00e5 1970-talet och Playa Paraiso, Aldea Beach, prinsessan Cristina och Monte Vi\u00f1as \u00e4r k\u00e4nda bostadsomr\u00e5den.<\/p>\n<p>\u00c4ven om inte byggboomen har farit fram lika h\u00e5rt h\u00e4r som p\u00e5 andra h\u00e5ll s\u00e5 har nya omr\u00e5den vuxit upp. \u201dNybyggda l\u00e4genheter fr\u00e5n 72.100 euro\u201d l\u00e4ser jag i en annons i en lokaltidning. Hacienda de Guadalupe lockar med n\u00e4rhet till stranden.<\/p>\n<p>Vi har tidigare ber\u00e4ttat om den nya vandringsleden som ska g\u00e5 utmed vattenbrynet fr\u00e5n Nerja \u00f6ster om M\u00e1laga till fritidshamnen Puerto de la Duquesa i Manilva. H\u00e4r ligger ocks\u00e5 den lilla s\u00f6ta borgen castillo de La Duquesa som \u00e4r den mest bes\u00f6kta platsen i Manilva ur turistsynpunkt.<br \/>\nNu ska b\u00e5de f\u00e4stning och den arkeologiska platsen f\u00e5 en ansiktslyftning och 258.000 euro \u00e4r avsatta. F\u00f6rb\u00e4ttrad belysning, b\u00e4ttre g\u00e5ngv\u00e4gar samtidigt som nya utst\u00e4llningar planeras.<\/p>\n<p>Kvarteren runt borgen \u00e4r charmiga. Gamla fiskarbost\u00e4der, en liten kyrka och en gammal begravningsplats (cirka 140 gravar). P\u00e5 den arkeologiska platsen finns kar som anv\u00e4ndes vid insaltning av fisk. Platsen g\u00e5r tillbaka till romarrikets glansdagar.<\/p>\n<p>Den lilla f\u00e4stningen byggdes 1767 d\u00e5 Carlos III var kung i Spanien. Det var don Francisco Paulino fr\u00e5n Sevilla som byggde borgen med st\u00f6d fr\u00e5n kungahuset. Kung Carlos III beviljade Paulino att f\u00e5 bef\u00e4l \u00f6ver ett kavalleri.<br \/>\nLiknande mindre borgar finns p\u00e5 andra h\u00e5ll utmed kusten bland annat i La Herradura p\u00e5 Costa Tropical. Borgarna byggdes f\u00f6r att h\u00e5lla uppsikt \u00f6ver pirater och sj\u00f6r\u00f6vare som gick i land f\u00f6r att h\u00e4mta slavar. Borgen hade en styrka p\u00e5 29 personer.<\/p>\n<p>I b\u00f6rjan av 1800-talet n\u00e4r Napoleons trupper ockuperade Spanien intogs f\u00e4stningen och omkring 50 franska soldater stationerades p\u00e5 platsen f\u00f6r att bevaka farv\u00e4garna i omr\u00e5det.<br \/>\nBorgen fungerade som en f\u00f6rsvarsf\u00e4stning fram till 1890. Under 1900-talet ockuperades den lilla borgen av ett 70-tal heml\u00f6sa. Numera \u00e4r den en kommunal egendom och inrymmer ett mindre arkeologiskt museum, en utst\u00e4llningshall och ett offentligt bibliotek.<\/p>\n<p>Vin<br \/>\nI Manilva m\u00f6ts vi ocks\u00e5 av kontraster. P\u00e5 sluttningar ser vi vinodlingar, h\u00e4r finns gr\u00e5skimrande berg och ett \u00f6ppet hav. Det \u00e4r en privilegierad plats i ett vackert \u00f6ppet landskap med sk\u00f6nt klimat. Vinsk\u00f6rden Fiesta de la Vendimia firas i slutet p\u00e5 augusti.<br \/>\nH\u00e4r finns en vinkultur sedan m\u00e5nga \u00e5r tillbaka. Det \u00e4r sm\u00e5 familje\u00e4gda ving\u00e5rdar med liten produktion av traditionella halvs\u00f6ta och s\u00f6ta viner gjorda p\u00e5 druvan Moscatel de Alejandr\u00eda.<\/p>\n<p>Mellan juni och september faller knappt n\u00e5gon nederb\u00f6rd. Vinstockarna blir inte h\u00f6ga, de h\u00e5ller sig n\u00e4ra marken, anpassar sig till den friska vinden som f\u00e5r fart genom Gibraltar-sundet.<br \/>\nDet har odlats vin i hundratals \u00e5r. Det \u00e4ldsta dokumentet \u00e4r fr\u00e5n den 29 januari 1549 d\u00e4r Cabildo de Casares ber hertigen av Arcos om att f\u00e5 k\u00f6pa mark f\u00f6r att anl\u00e4gga en ving\u00e5rd. En karta fr\u00e5n 1700-talet visar att det fanns ving\u00e5rdar i Casares, Manilva och Estepona.<\/p>\n<p>  1942, 1960, 1965, 1968 och 1975 planterades nya vinstockar i Manilva i huvudsak Moscatel de Alejandr\u00eda. Vinframst\u00e4llningen minskade och i st\u00e4llet \u00f6kade produktionen av russin och \u00e4tdruvor. 1989 hade Manilva-omr\u00e5det 490 hektar vinodlingar vilket \u00e4r den st\u00f6rsta siffran hittills.<br \/>\nVing\u00e5rdar \u00f6vergavs d\u00e5 befolkningen blev \u00e4ldre. Mycket av den mark som det tidigare odlades vin p\u00e5 blev byggbar mark under \u00e5ren 1988-1991 och 2002-2007.<\/p>\n<p>F\u00f6r ett antal \u00e5r sedan inleddes en sp\u00e4nnande vinsatsning f\u00f6r att \u00e5terskapa det som hade g\u00e5tt f\u00f6rlorat. Ving\u00e5rden Pe\u00f1oncillo p\u00e5 1,8 hektar och som ligger knappt en kilometer fr\u00e5n Manilva framst\u00e4lls det numera ett sp\u00e4nnande vin. Produktionen ligger i nul\u00e4get p\u00e5 6.000 liter. 2.650 flaskor av det vita vinet \u00e5rg\u00e5ng 2011 fr\u00e5n bodegan Nilva b\u00f6rjade s\u00e4ljas 2014.<br \/>\nBodegan ligger vid CIVIMA som ocks\u00e5 har ett vinmuseum som \u00e4r \u00f6ppet under veckoslutet (intr\u00e4de tre euro, boende i Manilva g\u00e5r in gratis). Utrustningen vid Nilva \u00e4r supermodern. Vitt vin, torrt och ungdomligt. Gjort p\u00e5 druvan Moscatel de Alejandr\u00eda som v\u00e4xer p\u00e5 gamla vinstockar i den vita albarizas-jorden, vinet h\u00e5ller h\u00f6g kvalitet och passar utm\u00e4rkt till fisk och skaldjur fr\u00e5n trakten. P\u00e5 bodegan Nilva ser man ljust p\u00e5 framtiden och \u00e5terigen har det b\u00f6rjat att skrivas om vin fr\u00e5n Manilva.<\/p>\n<p>Till\u00e4ggas kan att ving\u00e5rden Vi\u00f1a del Pe\u00f1oncillo \u00e4r en ekologisk vinodling med certifikat \u201dCAAE de Agricultura Ecol\u00f3gica\u201d. F\u00f6r \u00f6vrigt g\u00e5r det bra att g\u00f6ra studiebes\u00f6k och provsmakning genom f\u00f6rhandsbokning p\u00e5 tlf 609 290 370 eller via e-post: info@nilva.es.<br \/>\nI samh\u00e4llet ser man affischer av det lokala vinet som s\u00e4ljs lite \u00f6verallt. Varje \u00e5r h\u00e5lls lokala t\u00e4vlingar f\u00f6r att v\u00e4lja det b\u00e4sta vinet fr\u00e5n omr\u00e5det.<\/p>\n<p>Missa inte!<br \/>\nDet gamla romerska badet i dalen La Hedonia \u00f6ster om Manilva-Sabanilla samh\u00e4lle. Det \u00e4r Manilvas \u00e4ldsta turistattraktion som h\u00e4rstammar fr\u00e5n 100-talet f\u00f6re den vanliga tider\u00e4kningen. Det finns uppgifter som tyder p\u00e5 att Julius Caesar bes\u00f6kte badet \u201dba\u00f1os de la Hedionda\u201d regelbundet under sin tid som guvern\u00f6r i s\u00f6dra Spanien mellan \u00e5ren 63 och 60 f\u00f6re Kristus.<\/p>\n","protected":false},"excerpt":{"rendered":"<p>Med egen f\u00e4stning skulle platsen f\u00f6rsvaras mot pirater och sj\u00f6r\u00f6vare. H\u00e4r finns soldr\u00e4nkta vinodlingar med vinstockar som h\u00e5ller sig n\u00e4ra marken och anpassar sig till den friska vinden. Julius Caesar stannade till f\u00f6r att bada n\u00e4r han var guvern\u00f6r i s\u00f6dra Spanien. Av Ola Josefsson Manilva n\u00e4ra gr\u00e4nsen till provinsen C\u00e1diz \u00e4r en vacker och [&hellip;]<\/p>\n","protected":false},"author":8,"featured_media":5148,"comment_status":"open","ping_status":"open","sticky":false,"template":"","format":"standard","meta":{"_et_pb_use_builder":"","_et_pb_old_content":"","_et_gb_content_width":"","footnotes":""},"categories":[396,4],"tags":[],"class_list":["post-5147","post","type-post","status-publish","format-standard","has-post-thumbnail","hentry","category-arkiv-artiklar","category-artiklar"],"yoast_head":"<!-- This site is optimized with the Yoast SEO Premium plugin v26.2 (Yoast SEO v27.4) - https:\/\/yoast.com\/product\/yoast-seo-premium-wordpress\/ -->\n<title>Manilva \u2013 en privilegierad plats med ekovin - Svenska Magasinet<\/title>\n<meta name=\"robots\" content=\"noindex, follow, max-snippet:-1, max-image-preview:large, max-video-preview:-1\" \/>\n<meta property=\"og:locale\" content=\"sv_SE\" \/>\n<meta property=\"og:type\" content=\"article\" \/>\n<meta property=\"og:title\" content=\"Manilva \u2013 en privilegierad plats med ekovin\" \/>\n<meta property=\"og:description\" content=\"Med egen f\u00e4stning skulle platsen f\u00f6rsvaras mot pirater och sj\u00f6r\u00f6vare. H\u00e4r finns soldr\u00e4nkta vinodlingar med vinstockar som h\u00e5ller sig n\u00e4ra marken och anpassar sig till den friska vinden. Julius Caesar stannade till f\u00f6r att bada n\u00e4r han var guvern\u00f6r i s\u00f6dra Spanien. Av Ola Josefsson Manilva n\u00e4ra gr\u00e4nsen till provinsen C\u00e1diz \u00e4r en vacker och [&hellip;]\" \/>\n<meta property=\"og:url\" content=\"https:\/\/lightweb.dev\/l\/svm-temp\/artiklar\/manilva-en-privilegierad-plats-med-ekovin\/\" \/>\n<meta property=\"og:site_name\" content=\"Svenska Magasinet\" \/>\n<meta property=\"article:publisher\" content=\"https:\/\/www.facebook.com\/svenskamagasinet\" \/>\n<meta property=\"article:published_time\" content=\"2015-04-09T22:00:00+00:00\" \/>\n<meta property=\"og:image\" content=\"https:\/\/lightweb.dev\/l\/svm-temp\/wp-content\/uploads\/2022\/04\/manilva-en-privilegierad-plats-med-ekovin.png\" \/>\n\t<meta property=\"og:image:width\" content=\"299\" \/>\n\t<meta property=\"og:image:height\" content=\"200\" \/>\n\t<meta property=\"og:image:type\" content=\"image\/png\" \/>\n<meta name=\"author\" content=\"Redaktionen SvM\" \/>\n<meta name=\"twitter:card\" content=\"summary_large_image\" \/>\n<meta name=\"twitter:creator\" content=\"@SvenskaMagasine\" \/>\n<meta name=\"twitter:site\" content=\"@SvenskaMagasine\" \/>\n<script type=\"application\/ld+json\" class=\"yoast-schema-graph\">{\"@context\":\"https:\\\/\\\/schema.org\",\"@graph\":[{\"@type\":\"Article\",\"@id\":\"https:\\\/\\\/lightweb.dev\\\/l\\\/svm-temp\\\/artiklar\\\/manilva-en-privilegierad-plats-med-ekovin\\\/#article\",\"isPartOf\":{\"@id\":\"https:\\\/\\\/lightweb.dev\\\/l\\\/svm-temp\\\/artiklar\\\/manilva-en-privilegierad-plats-med-ekovin\\\/\"},\"author\":{\"name\":\"Redaktionen SvM\",\"@id\":\"https:\\\/\\\/lightweb.dev\\\/l\\\/svm-temp\\\/#\\\/schema\\\/person\\\/206a3bda5b607b0c25e1749191e4d837\"},\"headline\":\"Manilva \u2013 en privilegierad plats med ekovin\",\"datePublished\":\"2015-04-09T22:00:00+00:00\",\"mainEntityOfPage\":{\"@id\":\"https:\\\/\\\/lightweb.dev\\\/l\\\/svm-temp\\\/artiklar\\\/manilva-en-privilegierad-plats-med-ekovin\\\/\"},\"wordCount\":988,\"commentCount\":0,\"publisher\":{\"@id\":\"https:\\\/\\\/lightweb.dev\\\/l\\\/svm-temp\\\/#organization\"},\"image\":{\"@id\":\"https:\\\/\\\/lightweb.dev\\\/l\\\/svm-temp\\\/artiklar\\\/manilva-en-privilegierad-plats-med-ekovin\\\/#primaryimage\"},\"thumbnailUrl\":\"https:\\\/\\\/lightweb.dev\\\/l\\\/svm-temp\\\/wp-content\\\/uploads\\\/2022\\\/04\\\/manilva-en-privilegierad-plats-med-ekovin.png\",\"articleSection\":[\"Arkiv\",\"Artiklar\"],\"inLanguage\":\"sv-SE\"},{\"@type\":\"WebPage\",\"@id\":\"https:\\\/\\\/lightweb.dev\\\/l\\\/svm-temp\\\/artiklar\\\/manilva-en-privilegierad-plats-med-ekovin\\\/\",\"url\":\"https:\\\/\\\/lightweb.dev\\\/l\\\/svm-temp\\\/artiklar\\\/manilva-en-privilegierad-plats-med-ekovin\\\/\",\"name\":\"Manilva \u2013 en privilegierad plats med ekovin - Svenska Magasinet\",\"isPartOf\":{\"@id\":\"https:\\\/\\\/lightweb.dev\\\/l\\\/svm-temp\\\/#website\"},\"primaryImageOfPage\":{\"@id\":\"https:\\\/\\\/lightweb.dev\\\/l\\\/svm-temp\\\/artiklar\\\/manilva-en-privilegierad-plats-med-ekovin\\\/#primaryimage\"},\"image\":{\"@id\":\"https:\\\/\\\/lightweb.dev\\\/l\\\/svm-temp\\\/artiklar\\\/manilva-en-privilegierad-plats-med-ekovin\\\/#primaryimage\"},\"thumbnailUrl\":\"https:\\\/\\\/lightweb.dev\\\/l\\\/svm-temp\\\/wp-content\\\/uploads\\\/2022\\\/04\\\/manilva-en-privilegierad-plats-med-ekovin.png\",\"datePublished\":\"2015-04-09T22:00:00+00:00\",\"breadcrumb\":{\"@id\":\"https:\\\/\\\/lightweb.dev\\\/l\\\/svm-temp\\\/artiklar\\\/manilva-en-privilegierad-plats-med-ekovin\\\/#breadcrumb\"},\"inLanguage\":\"sv-SE\",\"potentialAction\":[{\"@type\":\"ReadAction\",\"target\":[\"https:\\\/\\\/lightweb.dev\\\/l\\\/svm-temp\\\/artiklar\\\/manilva-en-privilegierad-plats-med-ekovin\\\/\"]}]},{\"@type\":\"ImageObject\",\"inLanguage\":\"sv-SE\",\"@id\":\"https:\\\/\\\/lightweb.dev\\\/l\\\/svm-temp\\\/artiklar\\\/manilva-en-privilegierad-plats-med-ekovin\\\/#primaryimage\",\"url\":\"https:\\\/\\\/lightweb.dev\\\/l\\\/svm-temp\\\/wp-content\\\/uploads\\\/2022\\\/04\\\/manilva-en-privilegierad-plats-med-ekovin.png\",\"contentUrl\":\"https:\\\/\\\/lightweb.dev\\\/l\\\/svm-temp\\\/wp-content\\\/uploads\\\/2022\\\/04\\\/manilva-en-privilegierad-plats-med-ekovin.png\",\"width\":299,\"height\":200},{\"@type\":\"BreadcrumbList\",\"@id\":\"https:\\\/\\\/lightweb.dev\\\/l\\\/svm-temp\\\/artiklar\\\/manilva-en-privilegierad-plats-med-ekovin\\\/#breadcrumb\",\"itemListElement\":[{\"@type\":\"ListItem\",\"position\":1,\"name\":\"Hem\",\"item\":\"https:\\\/\\\/lightweb.dev\\\/l\\\/svm-temp\\\/\"},{\"@type\":\"ListItem\",\"position\":2,\"name\":\"Manilva \u2013 en privilegierad plats med ekovin\"}]},{\"@type\":\"WebSite\",\"@id\":\"https:\\\/\\\/lightweb.dev\\\/l\\\/svm-temp\\\/#website\",\"url\":\"https:\\\/\\\/lightweb.dev\\\/l\\\/svm-temp\\\/\",\"name\":\"Svenska Magasinet\",\"description\":\"Dina Spanska nyheter p&aring; Svenska\",\"publisher\":{\"@id\":\"https:\\\/\\\/lightweb.dev\\\/l\\\/svm-temp\\\/#organization\"},\"potentialAction\":[{\"@type\":\"SearchAction\",\"target\":{\"@type\":\"EntryPoint\",\"urlTemplate\":\"https:\\\/\\\/lightweb.dev\\\/l\\\/svm-temp\\\/?s={search_term_string}\"},\"query-input\":{\"@type\":\"PropertyValueSpecification\",\"valueRequired\":true,\"valueName\":\"search_term_string\"}}],\"inLanguage\":\"sv-SE\"},{\"@type\":\"Organization\",\"@id\":\"https:\\\/\\\/lightweb.dev\\\/l\\\/svm-temp\\\/#organization\",\"name\":\"Melkerson y Nott SL\",\"alternateName\":\"Svenska Magasinet\",\"url\":\"https:\\\/\\\/lightweb.dev\\\/l\\\/svm-temp\\\/\",\"logo\":{\"@type\":\"ImageObject\",\"inLanguage\":\"sv-SE\",\"@id\":\"https:\\\/\\\/lightweb.dev\\\/l\\\/svm-temp\\\/#\\\/schema\\\/logo\\\/image\\\/\",\"url\":\"https:\\\/\\\/lightweb.dev\\\/l\\\/svm-temp\\\/wp-content\\\/uploads\\\/2025\\\/02\\\/SvM-logo-Xtra-Centrerad-SVART.png\",\"contentUrl\":\"https:\\\/\\\/lightweb.dev\\\/l\\\/svm-temp\\\/wp-content\\\/uploads\\\/2025\\\/02\\\/SvM-logo-Xtra-Centrerad-SVART.png\",\"width\":300,\"height\":99,\"caption\":\"Melkerson y Nott SL\"},\"image\":{\"@id\":\"https:\\\/\\\/lightweb.dev\\\/l\\\/svm-temp\\\/#\\\/schema\\\/logo\\\/image\\\/\"},\"sameAs\":[\"https:\\\/\\\/www.facebook.com\\\/svenskamagasinet\",\"https:\\\/\\\/x.com\\\/SvenskaMagasine\"]},{\"@type\":\"Person\",\"@id\":\"https:\\\/\\\/lightweb.dev\\\/l\\\/svm-temp\\\/#\\\/schema\\\/person\\\/206a3bda5b607b0c25e1749191e4d837\",\"name\":\"Redaktionen SvM\",\"description\":\"Redaktionen\",\"sameAs\":[\"https:\\\/\\\/lightweb.dev\\\/l\\\/svm-temp\"],\"url\":\"https:\\\/\\\/lightweb.dev\\\/l\\\/svm-temp\\\/reporter\\\/redaktionen\\\/\"}]}<\/script>\n<!-- \/ Yoast SEO Premium plugin. -->","yoast_head_json":{"title":"Manilva \u2013 en privilegierad plats med ekovin - Svenska Magasinet","robots":{"index":"noindex","follow":"follow","max-snippet":"max-snippet:-1","max-image-preview":"max-image-preview:large","max-video-preview":"max-video-preview:-1"},"og_locale":"sv_SE","og_type":"article","og_title":"Manilva \u2013 en privilegierad plats med ekovin","og_description":"Med egen f\u00e4stning skulle platsen f\u00f6rsvaras mot pirater och sj\u00f6r\u00f6vare. H\u00e4r finns soldr\u00e4nkta vinodlingar med vinstockar som h\u00e5ller sig n\u00e4ra marken och anpassar sig till den friska vinden. Julius Caesar stannade till f\u00f6r att bada n\u00e4r han var guvern\u00f6r i s\u00f6dra Spanien. Av Ola Josefsson Manilva n\u00e4ra gr\u00e4nsen till provinsen C\u00e1diz \u00e4r en vacker och [&hellip;]","og_url":"https:\/\/lightweb.dev\/l\/svm-temp\/artiklar\/manilva-en-privilegierad-plats-med-ekovin\/","og_site_name":"Svenska Magasinet","article_publisher":"https:\/\/www.facebook.com\/svenskamagasinet","article_published_time":"2015-04-09T22:00:00+00:00","og_image":[{"width":299,"height":200,"url":"https:\/\/lightweb.dev\/l\/svm-temp\/wp-content\/uploads\/2022\/04\/manilva-en-privilegierad-plats-med-ekovin.png","type":"image\/png"}],"author":"Redaktionen SvM","twitter_card":"summary_large_image","twitter_creator":"@SvenskaMagasine","twitter_site":"@SvenskaMagasine","schema":{"@context":"https:\/\/schema.org","@graph":[{"@type":"Article","@id":"https:\/\/lightweb.dev\/l\/svm-temp\/artiklar\/manilva-en-privilegierad-plats-med-ekovin\/#article","isPartOf":{"@id":"https:\/\/lightweb.dev\/l\/svm-temp\/artiklar\/manilva-en-privilegierad-plats-med-ekovin\/"},"author":{"name":"Redaktionen SvM","@id":"https:\/\/lightweb.dev\/l\/svm-temp\/#\/schema\/person\/206a3bda5b607b0c25e1749191e4d837"},"headline":"Manilva \u2013 en privilegierad plats med ekovin","datePublished":"2015-04-09T22:00:00+00:00","mainEntityOfPage":{"@id":"https:\/\/lightweb.dev\/l\/svm-temp\/artiklar\/manilva-en-privilegierad-plats-med-ekovin\/"},"wordCount":988,"commentCount":0,"publisher":{"@id":"https:\/\/lightweb.dev\/l\/svm-temp\/#organization"},"image":{"@id":"https:\/\/lightweb.dev\/l\/svm-temp\/artiklar\/manilva-en-privilegierad-plats-med-ekovin\/#primaryimage"},"thumbnailUrl":"https:\/\/lightweb.dev\/l\/svm-temp\/wp-content\/uploads\/2022\/04\/manilva-en-privilegierad-plats-med-ekovin.png","articleSection":["Arkiv","Artiklar"],"inLanguage":"sv-SE"},{"@type":"WebPage","@id":"https:\/\/lightweb.dev\/l\/svm-temp\/artiklar\/manilva-en-privilegierad-plats-med-ekovin\/","url":"https:\/\/lightweb.dev\/l\/svm-temp\/artiklar\/manilva-en-privilegierad-plats-med-ekovin\/","name":"Manilva \u2013 en privilegierad plats med ekovin - Svenska Magasinet","isPartOf":{"@id":"https:\/\/lightweb.dev\/l\/svm-temp\/#website"},"primaryImageOfPage":{"@id":"https:\/\/lightweb.dev\/l\/svm-temp\/artiklar\/manilva-en-privilegierad-plats-med-ekovin\/#primaryimage"},"image":{"@id":"https:\/\/lightweb.dev\/l\/svm-temp\/artiklar\/manilva-en-privilegierad-plats-med-ekovin\/#primaryimage"},"thumbnailUrl":"https:\/\/lightweb.dev\/l\/svm-temp\/wp-content\/uploads\/2022\/04\/manilva-en-privilegierad-plats-med-ekovin.png","datePublished":"2015-04-09T22:00:00+00:00","breadcrumb":{"@id":"https:\/\/lightweb.dev\/l\/svm-temp\/artiklar\/manilva-en-privilegierad-plats-med-ekovin\/#breadcrumb"},"inLanguage":"sv-SE","potentialAction":[{"@type":"ReadAction","target":["https:\/\/lightweb.dev\/l\/svm-temp\/artiklar\/manilva-en-privilegierad-plats-med-ekovin\/"]}]},{"@type":"ImageObject","inLanguage":"sv-SE","@id":"https:\/\/lightweb.dev\/l\/svm-temp\/artiklar\/manilva-en-privilegierad-plats-med-ekovin\/#primaryimage","url":"https:\/\/lightweb.dev\/l\/svm-temp\/wp-content\/uploads\/2022\/04\/manilva-en-privilegierad-plats-med-ekovin.png","contentUrl":"https:\/\/lightweb.dev\/l\/svm-temp\/wp-content\/uploads\/2022\/04\/manilva-en-privilegierad-plats-med-ekovin.png","width":299,"height":200},{"@type":"BreadcrumbList","@id":"https:\/\/lightweb.dev\/l\/svm-temp\/artiklar\/manilva-en-privilegierad-plats-med-ekovin\/#breadcrumb","itemListElement":[{"@type":"ListItem","position":1,"name":"Hem","item":"https:\/\/lightweb.dev\/l\/svm-temp\/"},{"@type":"ListItem","position":2,"name":"Manilva \u2013 en privilegierad plats med ekovin"}]},{"@type":"WebSite","@id":"https:\/\/lightweb.dev\/l\/svm-temp\/#website","url":"https:\/\/lightweb.dev\/l\/svm-temp\/","name":"Svenska Magasinet","description":"Dina Spanska nyheter p&aring; Svenska","publisher":{"@id":"https:\/\/lightweb.dev\/l\/svm-temp\/#organization"},"potentialAction":[{"@type":"SearchAction","target":{"@type":"EntryPoint","urlTemplate":"https:\/\/lightweb.dev\/l\/svm-temp\/?s={search_term_string}"},"query-input":{"@type":"PropertyValueSpecification","valueRequired":true,"valueName":"search_term_string"}}],"inLanguage":"sv-SE"},{"@type":"Organization","@id":"https:\/\/lightweb.dev\/l\/svm-temp\/#organization","name":"Melkerson y Nott SL","alternateName":"Svenska Magasinet","url":"https:\/\/lightweb.dev\/l\/svm-temp\/","logo":{"@type":"ImageObject","inLanguage":"sv-SE","@id":"https:\/\/lightweb.dev\/l\/svm-temp\/#\/schema\/logo\/image\/","url":"https:\/\/lightweb.dev\/l\/svm-temp\/wp-content\/uploads\/2025\/02\/SvM-logo-Xtra-Centrerad-SVART.png","contentUrl":"https:\/\/lightweb.dev\/l\/svm-temp\/wp-content\/uploads\/2025\/02\/SvM-logo-Xtra-Centrerad-SVART.png","width":300,"height":99,"caption":"Melkerson y Nott SL"},"image":{"@id":"https:\/\/lightweb.dev\/l\/svm-temp\/#\/schema\/logo\/image\/"},"sameAs":["https:\/\/www.facebook.com\/svenskamagasinet","https:\/\/x.com\/SvenskaMagasine"]},{"@type":"Person","@id":"https:\/\/lightweb.dev\/l\/svm-temp\/#\/schema\/person\/206a3bda5b607b0c25e1749191e4d837","name":"Redaktionen SvM","description":"Redaktionen","sameAs":["https:\/\/lightweb.dev\/l\/svm-temp"],"url":"https:\/\/lightweb.dev\/l\/svm-temp\/reporter\/redaktionen\/"}]}},"_links":{"self":[{"href":"https:\/\/lightweb.dev\/l\/svm-temp\/wp-json\/wp\/v2\/posts\/5147","targetHints":{"allow":["GET"]}}],"collection":[{"href":"https:\/\/lightweb.dev\/l\/svm-temp\/wp-json\/wp\/v2\/posts"}],"about":[{"href":"https:\/\/lightweb.dev\/l\/svm-temp\/wp-json\/wp\/v2\/types\/post"}],"author":[{"embeddable":true,"href":"https:\/\/lightweb.dev\/l\/svm-temp\/wp-json\/wp\/v2\/users\/8"}],"replies":[{"embeddable":true,"href":"https:\/\/lightweb.dev\/l\/svm-temp\/wp-json\/wp\/v2\/comments?post=5147"}],"version-history":[{"count":0,"href":"https:\/\/lightweb.dev\/l\/svm-temp\/wp-json\/wp\/v2\/posts\/5147\/revisions"}],"wp:featuredmedia":[{"embeddable":true,"href":"https:\/\/lightweb.dev\/l\/svm-temp\/wp-json\/wp\/v2\/media\/5148"}],"wp:attachment":[{"href":"https:\/\/lightweb.dev\/l\/svm-temp\/wp-json\/wp\/v2\/media?parent=5147"}],"wp:term":[{"taxonomy":"category","embeddable":true,"href":"https:\/\/lightweb.dev\/l\/svm-temp\/wp-json\/wp\/v2\/categories?post=5147"},{"taxonomy":"post_tag","embeddable":true,"href":"https:\/\/lightweb.dev\/l\/svm-temp\/wp-json\/wp\/v2\/tags?post=5147"}],"curies":[{"name":"wp","href":"https:\/\/api.w.org\/{rel}","templated":true}]}}