{"id":5151,"date":"2015-04-10T00:00:00","date_gmt":"2015-04-09T22:00:00","guid":{"rendered":"https:\/\/lightweb.dev\/l\/svm-temp\/nagra-bodegor-att-halla-ogonen-pa\/"},"modified":"2015-04-10T00:00:00","modified_gmt":"2015-04-09T22:00:00","slug":"nagra-bodegor-att-halla-ogonen-pa","status":"publish","type":"post","link":"https:\/\/lightweb.dev\/l\/svm-temp\/artiklar\/nagra-bodegor-att-halla-ogonen-pa\/","title":{"rendered":"N\u00e5gra bodegor att h\u00e5lla \u00f6gonen p\u00e5"},"content":{"rendered":"<p> Mycket vin f\u00f6r pengarna. Och viner i olika prisklasser. M\u00e5nga av vinerna fr\u00e5n Ronda \u00e4r billiga eftersom det saknas \u201dvarum\u00e4rkesk\u00e4nnedom\u201d. Vinerna \u00e4r ocks\u00e5 \u201dbilliga\u201d om man t\u00e4nker p\u00e5 att produktionen \u00e4r liten, trots h\u00f6ga kostnader. Vinomr\u00e5det har ju precis b\u00f6rjat v\u00e4xa. H\u00e4r \u00e4r n\u00e5gra ansedda vinhus du kan googla Bodega Descalzos Viejos<br \/>\nBodega Joaqu\u00edn Fern\u00e1ndez<br \/>\nBodega Do\u00f1a Felisa Chinchilla (Prisv\u00e4rda \u00e4r Doble Doce Tinto, Chinchilla Roble 2013, Seis+Seis 2010 och Encaste 2009).<br \/>\nBodega Cortijo Los Aguilares<br \/>\nBodegas Friedrich Schatz<br \/>\nBodega Garc\u00eda Hidalgo<br \/>\nBodega Pasos Largos<br \/>\nBodegas Lunares (Vinos Lunares Tinto 2013 vann i h\u00f6stas priset Premio Sabor a M\u00e1laga)<br \/>\nCezar Bodegas (Deras tempranillo-vin tilldelades nyligen det prestigefyllda Bryssel World Contest)<br \/>\nBodegas Vetas<\/p>\n<p>  Visste du att&#8230;<br \/>\nI Spanien har vi ungef\u00e4r 45.000 olika vinm\u00e4rken. Inv\u00e5narna i provinsen M\u00e1laga dricker mindre vin, nio liter per \u00e5r, \u00e4n genomsnittsspanjoren som dricker 19 liter per \u00e5r. I Frankrike dricker varje person 40 liter per \u00e5r. F\u00f6r 25 \u00e5r sedan drack inv\u00e5narna i provinsen M\u00e1laga 60 liter per \u00e5r! Med tanke p\u00e5 att det aldrig har producerats s\u00e5 mycket vin i Spanien som nu, kan var och en r\u00e4kna ut att det finns ett \u00f6verskott.<br \/>\nK\u00e4lla: Consejo Regulador del Vino de M\u00e1laga,<\/p>\n<p>P\u00e5 webben<br \/>\nwww.ruta-vinos-ronda.com<\/p>\n","protected":false},"excerpt":{"rendered":"<p>Mycket vin f\u00f6r pengarna. Och viner i olika prisklasser. M\u00e5nga av vinerna fr\u00e5n Ronda \u00e4r billiga eftersom det saknas \u201dvarum\u00e4rkesk\u00e4nnedom\u201d. Vinerna \u00e4r ocks\u00e5 \u201dbilliga\u201d om man t\u00e4nker p\u00e5 att produktionen \u00e4r liten, trots h\u00f6ga kostnader. Vinomr\u00e5det har ju precis b\u00f6rjat v\u00e4xa. H\u00e4r \u00e4r n\u00e5gra ansedda vinhus du kan googla Bodega Descalzos Viejos Bodega Joaqu\u00edn Fern\u00e1ndez [&hellip;]<\/p>\n","protected":false},"author":8,"featured_media":5152,"comment_status":"open","ping_status":"open","sticky":false,"template":"","format":"standard","meta":{"_et_pb_use_builder":"","_et_pb_old_content":"","_et_gb_content_width":"","footnotes":""},"categories":[4,38],"tags":[],"class_list":["post-5151","post","type-post","status-publish","format-standard","has-post-thumbnail","hentry","category-artiklar","category-mat-vin"],"yoast_head":"<!-- This site is optimized with the Yoast SEO Premium plugin v26.2 (Yoast SEO v27.4) - https:\/\/yoast.com\/product\/yoast-seo-premium-wordpress\/ -->\n<title>N\u00e5gra bodegor att h\u00e5lla \u00f6gonen p\u00e5 - Svenska Magasinet<\/title>\n<meta name=\"robots\" content=\"noindex, follow, max-snippet:-1, max-image-preview:large, max-video-preview:-1\" \/>\n<meta property=\"og:locale\" content=\"sv_SE\" \/>\n<meta property=\"og:type\" content=\"article\" \/>\n<meta property=\"og:title\" content=\"N\u00e5gra bodegor att h\u00e5lla \u00f6gonen p\u00e5\" \/>\n<meta property=\"og:description\" content=\"Mycket vin f\u00f6r pengarna. Och viner i olika prisklasser. M\u00e5nga av vinerna fr\u00e5n Ronda \u00e4r billiga eftersom det saknas \u201dvarum\u00e4rkesk\u00e4nnedom\u201d. Vinerna \u00e4r ocks\u00e5 \u201dbilliga\u201d om man t\u00e4nker p\u00e5 att produktionen \u00e4r liten, trots h\u00f6ga kostnader. Vinomr\u00e5det har ju precis b\u00f6rjat v\u00e4xa. H\u00e4r \u00e4r n\u00e5gra ansedda vinhus du kan googla Bodega Descalzos Viejos Bodega Joaqu\u00edn Fern\u00e1ndez [&hellip;]\" \/>\n<meta property=\"og:url\" content=\"https:\/\/lightweb.dev\/l\/svm-temp\/artiklar\/nagra-bodegor-att-halla-ogonen-pa\/\" \/>\n<meta property=\"og:site_name\" content=\"Svenska Magasinet\" \/>\n<meta property=\"article:publisher\" content=\"https:\/\/www.facebook.com\/svenskamagasinet\" \/>\n<meta property=\"article:published_time\" content=\"2015-04-09T22:00:00+00:00\" \/>\n<meta property=\"og:image\" content=\"https:\/\/lightweb.dev\/l\/svm-temp\/wp-content\/uploads\/2022\/04\/ngra-bodegor-att-hlla-gonen-p.png\" \/>\n\t<meta property=\"og:image:width\" content=\"329\" \/>\n\t<meta property=\"og:image:height\" content=\"200\" \/>\n\t<meta property=\"og:image:type\" content=\"image\/png\" \/>\n<meta name=\"author\" content=\"Redaktionen SvM\" \/>\n<meta name=\"twitter:card\" content=\"summary_large_image\" \/>\n<meta name=\"twitter:creator\" content=\"@SvenskaMagasine\" \/>\n<meta name=\"twitter:site\" content=\"@SvenskaMagasine\" \/>\n<script type=\"application\/ld+json\" class=\"yoast-schema-graph\">{\"@context\":\"https:\\\/\\\/schema.org\",\"@graph\":[{\"@type\":\"Article\",\"@id\":\"https:\\\/\\\/lightweb.dev\\\/l\\\/svm-temp\\\/artiklar\\\/nagra-bodegor-att-halla-ogonen-pa\\\/#article\",\"isPartOf\":{\"@id\":\"https:\\\/\\\/lightweb.dev\\\/l\\\/svm-temp\\\/artiklar\\\/nagra-bodegor-att-halla-ogonen-pa\\\/\"},\"author\":{\"name\":\"Redaktionen SvM\",\"@id\":\"https:\\\/\\\/lightweb.dev\\\/l\\\/svm-temp\\\/#\\\/schema\\\/person\\\/206a3bda5b607b0c25e1749191e4d837\"},\"headline\":\"N\u00e5gra bodegor att h\u00e5lla \u00f6gonen p\u00e5\",\"datePublished\":\"2015-04-09T22:00:00+00:00\",\"mainEntityOfPage\":{\"@id\":\"https:\\\/\\\/lightweb.dev\\\/l\\\/svm-temp\\\/artiklar\\\/nagra-bodegor-att-halla-ogonen-pa\\\/\"},\"wordCount\":231,\"commentCount\":0,\"publisher\":{\"@id\":\"https:\\\/\\\/lightweb.dev\\\/l\\\/svm-temp\\\/#organization\"},\"image\":{\"@id\":\"https:\\\/\\\/lightweb.dev\\\/l\\\/svm-temp\\\/artiklar\\\/nagra-bodegor-att-halla-ogonen-pa\\\/#primaryimage\"},\"thumbnailUrl\":\"https:\\\/\\\/lightweb.dev\\\/l\\\/svm-temp\\\/wp-content\\\/uploads\\\/2022\\\/04\\\/ngra-bodegor-att-hlla-gonen-p.png\",\"articleSection\":[\"Artiklar\",\"Mat &amp; vin\"],\"inLanguage\":\"sv-SE\"},{\"@type\":\"WebPage\",\"@id\":\"https:\\\/\\\/lightweb.dev\\\/l\\\/svm-temp\\\/artiklar\\\/nagra-bodegor-att-halla-ogonen-pa\\\/\",\"url\":\"https:\\\/\\\/lightweb.dev\\\/l\\\/svm-temp\\\/artiklar\\\/nagra-bodegor-att-halla-ogonen-pa\\\/\",\"name\":\"N\u00e5gra bodegor att h\u00e5lla \u00f6gonen p\u00e5 - Svenska Magasinet\",\"isPartOf\":{\"@id\":\"https:\\\/\\\/lightweb.dev\\\/l\\\/svm-temp\\\/#website\"},\"primaryImageOfPage\":{\"@id\":\"https:\\\/\\\/lightweb.dev\\\/l\\\/svm-temp\\\/artiklar\\\/nagra-bodegor-att-halla-ogonen-pa\\\/#primaryimage\"},\"image\":{\"@id\":\"https:\\\/\\\/lightweb.dev\\\/l\\\/svm-temp\\\/artiklar\\\/nagra-bodegor-att-halla-ogonen-pa\\\/#primaryimage\"},\"thumbnailUrl\":\"https:\\\/\\\/lightweb.dev\\\/l\\\/svm-temp\\\/wp-content\\\/uploads\\\/2022\\\/04\\\/ngra-bodegor-att-hlla-gonen-p.png\",\"datePublished\":\"2015-04-09T22:00:00+00:00\",\"breadcrumb\":{\"@id\":\"https:\\\/\\\/lightweb.dev\\\/l\\\/svm-temp\\\/artiklar\\\/nagra-bodegor-att-halla-ogonen-pa\\\/#breadcrumb\"},\"inLanguage\":\"sv-SE\",\"potentialAction\":[{\"@type\":\"ReadAction\",\"target\":[\"https:\\\/\\\/lightweb.dev\\\/l\\\/svm-temp\\\/artiklar\\\/nagra-bodegor-att-halla-ogonen-pa\\\/\"]}]},{\"@type\":\"ImageObject\",\"inLanguage\":\"sv-SE\",\"@id\":\"https:\\\/\\\/lightweb.dev\\\/l\\\/svm-temp\\\/artiklar\\\/nagra-bodegor-att-halla-ogonen-pa\\\/#primaryimage\",\"url\":\"https:\\\/\\\/lightweb.dev\\\/l\\\/svm-temp\\\/wp-content\\\/uploads\\\/2022\\\/04\\\/ngra-bodegor-att-hlla-gonen-p.png\",\"contentUrl\":\"https:\\\/\\\/lightweb.dev\\\/l\\\/svm-temp\\\/wp-content\\\/uploads\\\/2022\\\/04\\\/ngra-bodegor-att-hlla-gonen-p.png\",\"width\":329,\"height\":200},{\"@type\":\"BreadcrumbList\",\"@id\":\"https:\\\/\\\/lightweb.dev\\\/l\\\/svm-temp\\\/artiklar\\\/nagra-bodegor-att-halla-ogonen-pa\\\/#breadcrumb\",\"itemListElement\":[{\"@type\":\"ListItem\",\"position\":1,\"name\":\"Hem\",\"item\":\"https:\\\/\\\/lightweb.dev\\\/l\\\/svm-temp\\\/\"},{\"@type\":\"ListItem\",\"position\":2,\"name\":\"N\u00e5gra bodegor att h\u00e5lla \u00f6gonen p\u00e5\"}]},{\"@type\":\"WebSite\",\"@id\":\"https:\\\/\\\/lightweb.dev\\\/l\\\/svm-temp\\\/#website\",\"url\":\"https:\\\/\\\/lightweb.dev\\\/l\\\/svm-temp\\\/\",\"name\":\"Svenska Magasinet\",\"description\":\"Dina Spanska nyheter p&aring; Svenska\",\"publisher\":{\"@id\":\"https:\\\/\\\/lightweb.dev\\\/l\\\/svm-temp\\\/#organization\"},\"potentialAction\":[{\"@type\":\"SearchAction\",\"target\":{\"@type\":\"EntryPoint\",\"urlTemplate\":\"https:\\\/\\\/lightweb.dev\\\/l\\\/svm-temp\\\/?s={search_term_string}\"},\"query-input\":{\"@type\":\"PropertyValueSpecification\",\"valueRequired\":true,\"valueName\":\"search_term_string\"}}],\"inLanguage\":\"sv-SE\"},{\"@type\":\"Organization\",\"@id\":\"https:\\\/\\\/lightweb.dev\\\/l\\\/svm-temp\\\/#organization\",\"name\":\"Melkerson y Nott SL\",\"alternateName\":\"Svenska Magasinet\",\"url\":\"https:\\\/\\\/lightweb.dev\\\/l\\\/svm-temp\\\/\",\"logo\":{\"@type\":\"ImageObject\",\"inLanguage\":\"sv-SE\",\"@id\":\"https:\\\/\\\/lightweb.dev\\\/l\\\/svm-temp\\\/#\\\/schema\\\/logo\\\/image\\\/\",\"url\":\"https:\\\/\\\/lightweb.dev\\\/l\\\/svm-temp\\\/wp-content\\\/uploads\\\/2025\\\/02\\\/SvM-logo-Xtra-Centrerad-SVART.png\",\"contentUrl\":\"https:\\\/\\\/lightweb.dev\\\/l\\\/svm-temp\\\/wp-content\\\/uploads\\\/2025\\\/02\\\/SvM-logo-Xtra-Centrerad-SVART.png\",\"width\":300,\"height\":99,\"caption\":\"Melkerson y Nott SL\"},\"image\":{\"@id\":\"https:\\\/\\\/lightweb.dev\\\/l\\\/svm-temp\\\/#\\\/schema\\\/logo\\\/image\\\/\"},\"sameAs\":[\"https:\\\/\\\/www.facebook.com\\\/svenskamagasinet\",\"https:\\\/\\\/x.com\\\/SvenskaMagasine\"]},{\"@type\":\"Person\",\"@id\":\"https:\\\/\\\/lightweb.dev\\\/l\\\/svm-temp\\\/#\\\/schema\\\/person\\\/206a3bda5b607b0c25e1749191e4d837\",\"name\":\"Redaktionen SvM\",\"description\":\"Redaktionen\",\"sameAs\":[\"https:\\\/\\\/lightweb.dev\\\/l\\\/svm-temp\"],\"url\":\"https:\\\/\\\/lightweb.dev\\\/l\\\/svm-temp\\\/reporter\\\/redaktionen\\\/\"}]}<\/script>\n<!-- \/ Yoast SEO Premium plugin. -->","yoast_head_json":{"title":"N\u00e5gra bodegor att h\u00e5lla \u00f6gonen p\u00e5 - Svenska Magasinet","robots":{"index":"noindex","follow":"follow","max-snippet":"max-snippet:-1","max-image-preview":"max-image-preview:large","max-video-preview":"max-video-preview:-1"},"og_locale":"sv_SE","og_type":"article","og_title":"N\u00e5gra bodegor att h\u00e5lla \u00f6gonen p\u00e5","og_description":"Mycket vin f\u00f6r pengarna. Och viner i olika prisklasser. M\u00e5nga av vinerna fr\u00e5n Ronda \u00e4r billiga eftersom det saknas \u201dvarum\u00e4rkesk\u00e4nnedom\u201d. Vinerna \u00e4r ocks\u00e5 \u201dbilliga\u201d om man t\u00e4nker p\u00e5 att produktionen \u00e4r liten, trots h\u00f6ga kostnader. Vinomr\u00e5det har ju precis b\u00f6rjat v\u00e4xa. H\u00e4r \u00e4r n\u00e5gra ansedda vinhus du kan googla Bodega Descalzos Viejos Bodega Joaqu\u00edn Fern\u00e1ndez [&hellip;]","og_url":"https:\/\/lightweb.dev\/l\/svm-temp\/artiklar\/nagra-bodegor-att-halla-ogonen-pa\/","og_site_name":"Svenska Magasinet","article_publisher":"https:\/\/www.facebook.com\/svenskamagasinet","article_published_time":"2015-04-09T22:00:00+00:00","og_image":[{"width":329,"height":200,"url":"https:\/\/lightweb.dev\/l\/svm-temp\/wp-content\/uploads\/2022\/04\/ngra-bodegor-att-hlla-gonen-p.png","type":"image\/png"}],"author":"Redaktionen SvM","twitter_card":"summary_large_image","twitter_creator":"@SvenskaMagasine","twitter_site":"@SvenskaMagasine","schema":{"@context":"https:\/\/schema.org","@graph":[{"@type":"Article","@id":"https:\/\/lightweb.dev\/l\/svm-temp\/artiklar\/nagra-bodegor-att-halla-ogonen-pa\/#article","isPartOf":{"@id":"https:\/\/lightweb.dev\/l\/svm-temp\/artiklar\/nagra-bodegor-att-halla-ogonen-pa\/"},"author":{"name":"Redaktionen SvM","@id":"https:\/\/lightweb.dev\/l\/svm-temp\/#\/schema\/person\/206a3bda5b607b0c25e1749191e4d837"},"headline":"N\u00e5gra bodegor att h\u00e5lla \u00f6gonen p\u00e5","datePublished":"2015-04-09T22:00:00+00:00","mainEntityOfPage":{"@id":"https:\/\/lightweb.dev\/l\/svm-temp\/artiklar\/nagra-bodegor-att-halla-ogonen-pa\/"},"wordCount":231,"commentCount":0,"publisher":{"@id":"https:\/\/lightweb.dev\/l\/svm-temp\/#organization"},"image":{"@id":"https:\/\/lightweb.dev\/l\/svm-temp\/artiklar\/nagra-bodegor-att-halla-ogonen-pa\/#primaryimage"},"thumbnailUrl":"https:\/\/lightweb.dev\/l\/svm-temp\/wp-content\/uploads\/2022\/04\/ngra-bodegor-att-hlla-gonen-p.png","articleSection":["Artiklar","Mat &amp; vin"],"inLanguage":"sv-SE"},{"@type":"WebPage","@id":"https:\/\/lightweb.dev\/l\/svm-temp\/artiklar\/nagra-bodegor-att-halla-ogonen-pa\/","url":"https:\/\/lightweb.dev\/l\/svm-temp\/artiklar\/nagra-bodegor-att-halla-ogonen-pa\/","name":"N\u00e5gra bodegor att h\u00e5lla \u00f6gonen p\u00e5 - Svenska Magasinet","isPartOf":{"@id":"https:\/\/lightweb.dev\/l\/svm-temp\/#website"},"primaryImageOfPage":{"@id":"https:\/\/lightweb.dev\/l\/svm-temp\/artiklar\/nagra-bodegor-att-halla-ogonen-pa\/#primaryimage"},"image":{"@id":"https:\/\/lightweb.dev\/l\/svm-temp\/artiklar\/nagra-bodegor-att-halla-ogonen-pa\/#primaryimage"},"thumbnailUrl":"https:\/\/lightweb.dev\/l\/svm-temp\/wp-content\/uploads\/2022\/04\/ngra-bodegor-att-hlla-gonen-p.png","datePublished":"2015-04-09T22:00:00+00:00","breadcrumb":{"@id":"https:\/\/lightweb.dev\/l\/svm-temp\/artiklar\/nagra-bodegor-att-halla-ogonen-pa\/#breadcrumb"},"inLanguage":"sv-SE","potentialAction":[{"@type":"ReadAction","target":["https:\/\/lightweb.dev\/l\/svm-temp\/artiklar\/nagra-bodegor-att-halla-ogonen-pa\/"]}]},{"@type":"ImageObject","inLanguage":"sv-SE","@id":"https:\/\/lightweb.dev\/l\/svm-temp\/artiklar\/nagra-bodegor-att-halla-ogonen-pa\/#primaryimage","url":"https:\/\/lightweb.dev\/l\/svm-temp\/wp-content\/uploads\/2022\/04\/ngra-bodegor-att-hlla-gonen-p.png","contentUrl":"https:\/\/lightweb.dev\/l\/svm-temp\/wp-content\/uploads\/2022\/04\/ngra-bodegor-att-hlla-gonen-p.png","width":329,"height":200},{"@type":"BreadcrumbList","@id":"https:\/\/lightweb.dev\/l\/svm-temp\/artiklar\/nagra-bodegor-att-halla-ogonen-pa\/#breadcrumb","itemListElement":[{"@type":"ListItem","position":1,"name":"Hem","item":"https:\/\/lightweb.dev\/l\/svm-temp\/"},{"@type":"ListItem","position":2,"name":"N\u00e5gra bodegor att h\u00e5lla \u00f6gonen p\u00e5"}]},{"@type":"WebSite","@id":"https:\/\/lightweb.dev\/l\/svm-temp\/#website","url":"https:\/\/lightweb.dev\/l\/svm-temp\/","name":"Svenska Magasinet","description":"Dina Spanska nyheter p&aring; Svenska","publisher":{"@id":"https:\/\/lightweb.dev\/l\/svm-temp\/#organization"},"potentialAction":[{"@type":"SearchAction","target":{"@type":"EntryPoint","urlTemplate":"https:\/\/lightweb.dev\/l\/svm-temp\/?s={search_term_string}"},"query-input":{"@type":"PropertyValueSpecification","valueRequired":true,"valueName":"search_term_string"}}],"inLanguage":"sv-SE"},{"@type":"Organization","@id":"https:\/\/lightweb.dev\/l\/svm-temp\/#organization","name":"Melkerson y Nott SL","alternateName":"Svenska Magasinet","url":"https:\/\/lightweb.dev\/l\/svm-temp\/","logo":{"@type":"ImageObject","inLanguage":"sv-SE","@id":"https:\/\/lightweb.dev\/l\/svm-temp\/#\/schema\/logo\/image\/","url":"https:\/\/lightweb.dev\/l\/svm-temp\/wp-content\/uploads\/2025\/02\/SvM-logo-Xtra-Centrerad-SVART.png","contentUrl":"https:\/\/lightweb.dev\/l\/svm-temp\/wp-content\/uploads\/2025\/02\/SvM-logo-Xtra-Centrerad-SVART.png","width":300,"height":99,"caption":"Melkerson y Nott SL"},"image":{"@id":"https:\/\/lightweb.dev\/l\/svm-temp\/#\/schema\/logo\/image\/"},"sameAs":["https:\/\/www.facebook.com\/svenskamagasinet","https:\/\/x.com\/SvenskaMagasine"]},{"@type":"Person","@id":"https:\/\/lightweb.dev\/l\/svm-temp\/#\/schema\/person\/206a3bda5b607b0c25e1749191e4d837","name":"Redaktionen SvM","description":"Redaktionen","sameAs":["https:\/\/lightweb.dev\/l\/svm-temp"],"url":"https:\/\/lightweb.dev\/l\/svm-temp\/reporter\/redaktionen\/"}]}},"_links":{"self":[{"href":"https:\/\/lightweb.dev\/l\/svm-temp\/wp-json\/wp\/v2\/posts\/5151","targetHints":{"allow":["GET"]}}],"collection":[{"href":"https:\/\/lightweb.dev\/l\/svm-temp\/wp-json\/wp\/v2\/posts"}],"about":[{"href":"https:\/\/lightweb.dev\/l\/svm-temp\/wp-json\/wp\/v2\/types\/post"}],"author":[{"embeddable":true,"href":"https:\/\/lightweb.dev\/l\/svm-temp\/wp-json\/wp\/v2\/users\/8"}],"replies":[{"embeddable":true,"href":"https:\/\/lightweb.dev\/l\/svm-temp\/wp-json\/wp\/v2\/comments?post=5151"}],"version-history":[{"count":0,"href":"https:\/\/lightweb.dev\/l\/svm-temp\/wp-json\/wp\/v2\/posts\/5151\/revisions"}],"wp:featuredmedia":[{"embeddable":true,"href":"https:\/\/lightweb.dev\/l\/svm-temp\/wp-json\/wp\/v2\/media\/5152"}],"wp:attachment":[{"href":"https:\/\/lightweb.dev\/l\/svm-temp\/wp-json\/wp\/v2\/media?parent=5151"}],"wp:term":[{"taxonomy":"category","embeddable":true,"href":"https:\/\/lightweb.dev\/l\/svm-temp\/wp-json\/wp\/v2\/categories?post=5151"},{"taxonomy":"post_tag","embeddable":true,"href":"https:\/\/lightweb.dev\/l\/svm-temp\/wp-json\/wp\/v2\/tags?post=5151"}],"curies":[{"name":"wp","href":"https:\/\/api.w.org\/{rel}","templated":true}]}}