{"id":5157,"date":"2015-03-19T00:00:00","date_gmt":"2015-03-18T23:00:00","guid":{"rendered":"https:\/\/lightweb.dev\/l\/svm-temp\/vinresa-upplev-rioja-och-ribera-del-duero-fullbokad\/"},"modified":"2015-03-19T00:00:00","modified_gmt":"2015-03-18T23:00:00","slug":"vinresa-upplev-rioja-och-ribera-del-duero-fullbokad","status":"publish","type":"post","link":"https:\/\/lightweb.dev\/l\/svm-temp\/artiklar\/vinresa-upplev-rioja-och-ribera-del-duero-fullbokad\/","title":{"rendered":"Vinresa: Upplev Rioja och Ribera del Duero &#8211; FULLBOKAD"},"content":{"rendered":"<p> Efter h\u00f6stens succ\u00e9 \u00e5terkommer vinresan till Rioja och Ribera del Duero mellan den 16 till 20 oktober 2015. Guide \u00e4r Siv Ling p\u00e5 femdagarsresan. Programtext: Siv Ling<\/p>\n<p>F\u00f6lj med p\u00e5 Svenska Magasinets Vin &#038; Kulturresa i samarbete med den auktoriserade guiden Siv Ling som \u00e4r med p\u00e5 hela resan. Resan inneh\u00e5ller flera bes\u00f6k p\u00e5 vinbodegor med provsmakningar i tv\u00e5 av Spaniens mest presigefyllda vinomr\u00e5den, Ribera de Duero och den v\u00e4rldsber\u00f6mda vinregionen La Rioja. Namnet kommer fr\u00e5n Rio-oja, en biflod till floden Ebro som flyter genom omr\u00e5det.<\/p>\n<p>Det s\u00e4gs att vin har odlats i Rioja l\u00e4ngre \u00e4n i Bordeaux, redan romarna s\u00e5g de goda odlingsm\u00f6jligheterna f\u00f6r vin i det Riojanska landskapet. Vi upplever det f\u00e4rgsprakande landskapet med sina pittoreska byar och vi f\u00e4rdas ibland p\u00e5 de gamla pilgrimsv\u00e4garna som leder till Sankt Jakobs grav i Galicien. Precis som pilgrimerna g\u00f6r vi ett uppeh\u00e5ll i Santo Domingo de la Calzada f\u00f6r att bes\u00f6ka katedralen som har en mycket s\u00e4regen historia. Vi bor tre n\u00e4tter i Logro\u00f1o som ligger i hj\u00e4rtat av den v\u00e4rldsber\u00f6mda vinregionen La Rioja. Under resan har vi olika kulturella inslag som museer, kyrkor, kloster, medeltida borgar, st\u00e4der och byar.<\/p>\n<p>16 oktober, dag 1. M\u00e1laga-Madrid-Medinaceli-Soria-Logro\u00f1o<br \/>\nVi reser klockan 9 fr\u00e5n Malagas t\u00e5gstation Maria Zambrano med h\u00f6ghastigshetst\u00e5get AVE. T\u00e5get \u00e4r framme i Madrid klockan 11.50. H\u00e4rifr\u00e5n forts\u00e4tter vi med buss till Medinaceli d\u00e4r vi \u00e4ter lunch innan vi forts\u00e4tter via Soria mot Logro\u00f1o. Vi hinner med att g\u00f6ra resans f\u00f6rsta Bodegabes\u00f6k p\u00e5 Bodegas Corral i Navarrete med provsmakning innan vi kommer fram till v\u00e5rt centralt bel\u00e4gna hotell Carlton Rioja. H\u00e4r ska vi stanna i 3 n\u00e4tter. Middag och \u00f6vernattning.<\/p>\n<p>17 oktober, dag 2. Logro\u00f1o<br \/>\nSmakupplevelsernas dag! Efter frukost p\u00e5 hotellet \u00e5ker vi till Briones, (40 km) d\u00e4r vi b\u00f6rjar med att bes\u00f6ka Museo del Vino med provsmakning. N\u00e4sta stop blir i Haro (ca 10 km) d\u00e4r vi bes\u00f6ker Bodegas Bilbainas. I dag \u00e4ter vi lunch p\u00e5 ett typiskt meson i Santo Domingo de la Calzada som \u00e4r bel\u00e4gen p\u00e5 den gamla pilgrimsv\u00e4gen som leder till aposteln Jakob den \u00e4ldres grav i Galicien. Efter lunch bes\u00f6ker vi stadens katedral som har en mycket s\u00e4regen historia. Under eftermiddagen \u00e5ker vi tillbaka till Logro\u00f1o f\u00f6r att bes\u00f6ka dagens sista bodega, Bodega Marques de Arviza i Fuenmayor som \u00f6ppnar kl 18. Efter bodegabes\u00f6ket \u00e4r det dags att g\u00f6ra en tapas-runda, p\u00e5 Logro\u00f1os mest k\u00e4nda g\u00e5gata Calle del Laurel, ett popul\u00e4rt n\u00f6je bland stadens inv\u00e5nare. H\u00e4r ligger tapasbarerna t\u00e4tt, man kan g\u00e5 fr\u00e5n bar till bar f\u00f6r att prova olika tapas. Det finns ocks\u00e5 mesones om man hellre vill \u00e4ta p\u00e5  restaurang. \u00d6vernattning p\u00e5 hotell Carlton Rioja i Logro\u00f1o.<\/p>\n<p>18 Oktober, dag 3, Logro\u00f1o<br \/>\nEfter frukost p\u00e5 hotellet \u00e5ker vi till Badar\u00e1n (ca 36 km), h\u00e4r bes\u00f6ker vi Bodega Moreno Pe\u00f1a Efter rundvisning med provsmakning forts\u00e4tter vi till San Mill\u00e1n de la Cogolla (ca 6.5 km) d\u00e4r vi ska bes\u00f6ka det medeltida klostret San Mill\u00e1n Yuso och l\u00e4ra k\u00e4nna dess sp\u00e4nnande historia. Dagens lunch \u00e4ter vi p\u00e5 Hosteler\u00eda Monasterio San Mill\u00e1n. Dagens sista Bodega \u00e4r Bodegas Onta\u00f1on innan vi \u00e5ker tillbaka till hotellet. Middag och \u00f6vernattning p\u00e5 hotell Carlton Rioja i Logro\u00f1o.<\/p>\n<p>  19 Oktober, dag 4, Logro\u00f1o-Burgos-Pe\u00f1afiel-Valladolid<br \/>\nFrukost p\u00e5 hotellet och avf\u00e4rd med buss 135 km till Burgos som en g\u00e5ng var Kastiliens huvudstad. H\u00e4r finns en av den gotiska konstens sk\u00f6naste smycke, katedralen som vi ska bes\u00f6ka med el Cid Campeadors gravmonument.<br \/>\nEfter bes\u00f6ket i katedralen \u00e4ter vi lunch p\u00e5 ett meson i centrum. Efter lunchen forts\u00e4tter vi 140 km till Ribera del Duero d\u00e4r vi bes\u00f6ker Bodega Yllera med provsmakning innan vi forts\u00e4tter till vackra Valladolid d\u00e4r vi har middag och \u00f6vernattning p\u00e5 fyrstj\u00e4rniga hotell Olid i centrum.<\/p>\n<p>20 Oktoner, dag 5, Valladolid-Pe\u00f1afiel-Madrid-M\u00e1laga<br \/>\nFrukost p\u00e5 hotellet innan vi bes\u00f6ker ostfabriken Camino la Ermita i Pesquera de Duero. D\u00e4refter bes\u00f6ker vi bodegan Protos med provsmakning. Lunchen \u00e4ter vi p\u00e5 ett f\u00f6r trakten typiskt meson innan vi forts\u00e4tter s\u00f6derut till Madrid (ca 190 km) och Atochastationen. AVE-t\u00e5get avg\u00e5r kl 18.35 fr\u00e5n Madrid med ankomst Malaga kl 21.25.<\/p>\n<p>Priser<br \/>\nPris per person i dubbelrum fr\u00e5n Madrid: 655.00 \u20ac<br \/>\nPris per person i dubbelrum fr\u00e5n Malaga: 730.00 \u20ac<br \/>\nEnkelrumstill\u00e4gg: 125.00 \u20ac<\/p>\n<p>I priset ing\u00e5r:<br \/>\nAVE-t\u00e5get M\u00e1laga-Madrid-M\u00e1laga<br \/>\n2 n\u00e4tter p\u00e5 fyrstj\u00e4rnigt hotell med frukost och middag<br \/>\n1 natt p\u00e5 fyrstj\u00e4rnigt hotell med frukost<br \/>\n1 natt p\u00e5 fyrstj\u00e4rnigt hotell med frukost och middag<br \/>\n5 luncher p\u00e5 lokala restauranter d\u00e4r vi och vatten ing\u00e5r.<br \/>\nAirkonditionsbuss under hela resan fr\u00e5n och till Madrid<br \/>\nEntr\u00e9 till de bodegor som n\u00e4mns i programmet<br \/>\nEntr\u00e9 till de monument som n\u00e4mns i programmet<br \/>\nSkandinavisk guide under hela resan, Siv B. Ling<br \/>\nResef\u00f6rs\u00e4kring<\/p>\n<p>Fr\u00e5gor och anm\u00e4lan kan g\u00f6ras till Siv Ling, tfn: +34 609 577 162, e-post: siv.ling@telefonica.net.<\/p>\n","protected":false},"excerpt":{"rendered":"<p>Efter h\u00f6stens succ\u00e9 \u00e5terkommer vinresan till Rioja och Ribera del Duero mellan den 16 till 20 oktober 2015. Guide \u00e4r Siv Ling p\u00e5 femdagarsresan. Programtext: Siv Ling F\u00f6lj med p\u00e5 Svenska Magasinets Vin &#038; Kulturresa i samarbete med den auktoriserade guiden Siv Ling som \u00e4r med p\u00e5 hela resan. Resan inneh\u00e5ller flera bes\u00f6k p\u00e5 vinbodegor [&hellip;]<\/p>\n","protected":false},"author":8,"featured_media":5158,"comment_status":"open","ping_status":"open","sticky":false,"template":"","format":"standard","meta":{"_et_pb_use_builder":"","_et_pb_old_content":"","_et_gb_content_width":"","footnotes":""},"categories":[396,4],"tags":[],"class_list":["post-5157","post","type-post","status-publish","format-standard","has-post-thumbnail","hentry","category-arkiv-artiklar","category-artiklar"],"yoast_head":"<!-- This site is optimized with the Yoast SEO Premium plugin v26.2 (Yoast SEO v27.4) - https:\/\/yoast.com\/product\/yoast-seo-premium-wordpress\/ -->\n<title>Vinresa: Upplev Rioja och Ribera del Duero - FULLBOKAD - Svenska Magasinet<\/title>\n<meta name=\"robots\" content=\"noindex, follow, max-snippet:-1, max-image-preview:large, max-video-preview:-1\" \/>\n<meta property=\"og:locale\" content=\"sv_SE\" \/>\n<meta property=\"og:type\" content=\"article\" \/>\n<meta property=\"og:title\" content=\"Vinresa: Upplev Rioja och Ribera del Duero - FULLBOKAD\" \/>\n<meta property=\"og:description\" content=\"Efter h\u00f6stens succ\u00e9 \u00e5terkommer vinresan till Rioja och Ribera del Duero mellan den 16 till 20 oktober 2015. Guide \u00e4r Siv Ling p\u00e5 femdagarsresan. Programtext: Siv Ling F\u00f6lj med p\u00e5 Svenska Magasinets Vin &#038; Kulturresa i samarbete med den auktoriserade guiden Siv Ling som \u00e4r med p\u00e5 hela resan. Resan inneh\u00e5ller flera bes\u00f6k p\u00e5 vinbodegor [&hellip;]\" \/>\n<meta property=\"og:url\" content=\"https:\/\/lightweb.dev\/l\/svm-temp\/artiklar\/vinresa-upplev-rioja-och-ribera-del-duero-fullbokad\/\" \/>\n<meta property=\"og:site_name\" content=\"Svenska Magasinet\" \/>\n<meta property=\"article:publisher\" content=\"https:\/\/www.facebook.com\/svenskamagasinet\" \/>\n<meta property=\"article:published_time\" content=\"2015-03-18T23:00:00+00:00\" \/>\n<meta property=\"og:image\" content=\"https:\/\/lightweb.dev\/l\/svm-temp\/wp-content\/uploads\/2022\/04\/vinresa-upplev-rioja-och-ribera-del-duero-fullbokad.png\" \/>\n\t<meta property=\"og:image:width\" content=\"299\" \/>\n\t<meta property=\"og:image:height\" content=\"200\" \/>\n\t<meta property=\"og:image:type\" content=\"image\/png\" \/>\n<meta name=\"author\" content=\"Redaktionen SvM\" \/>\n<meta name=\"twitter:card\" content=\"summary_large_image\" \/>\n<meta name=\"twitter:creator\" content=\"@SvenskaMagasine\" \/>\n<meta name=\"twitter:site\" content=\"@SvenskaMagasine\" \/>\n<script type=\"application\/ld+json\" class=\"yoast-schema-graph\">{\"@context\":\"https:\\\/\\\/schema.org\",\"@graph\":[{\"@type\":\"Article\",\"@id\":\"https:\\\/\\\/lightweb.dev\\\/l\\\/svm-temp\\\/artiklar\\\/vinresa-upplev-rioja-och-ribera-del-duero-fullbokad\\\/#article\",\"isPartOf\":{\"@id\":\"https:\\\/\\\/lightweb.dev\\\/l\\\/svm-temp\\\/artiklar\\\/vinresa-upplev-rioja-och-ribera-del-duero-fullbokad\\\/\"},\"author\":{\"name\":\"Redaktionen SvM\",\"@id\":\"https:\\\/\\\/lightweb.dev\\\/l\\\/svm-temp\\\/#\\\/schema\\\/person\\\/206a3bda5b607b0c25e1749191e4d837\"},\"headline\":\"Vinresa: Upplev Rioja och Ribera del Duero &#8211; FULLBOKAD\",\"datePublished\":\"2015-03-18T23:00:00+00:00\",\"mainEntityOfPage\":{\"@id\":\"https:\\\/\\\/lightweb.dev\\\/l\\\/svm-temp\\\/artiklar\\\/vinresa-upplev-rioja-och-ribera-del-duero-fullbokad\\\/\"},\"wordCount\":880,\"commentCount\":0,\"publisher\":{\"@id\":\"https:\\\/\\\/lightweb.dev\\\/l\\\/svm-temp\\\/#organization\"},\"image\":{\"@id\":\"https:\\\/\\\/lightweb.dev\\\/l\\\/svm-temp\\\/artiklar\\\/vinresa-upplev-rioja-och-ribera-del-duero-fullbokad\\\/#primaryimage\"},\"thumbnailUrl\":\"https:\\\/\\\/lightweb.dev\\\/l\\\/svm-temp\\\/wp-content\\\/uploads\\\/2022\\\/04\\\/vinresa-upplev-rioja-och-ribera-del-duero-fullbokad.png\",\"articleSection\":[\"Arkiv\",\"Artiklar\"],\"inLanguage\":\"sv-SE\"},{\"@type\":\"WebPage\",\"@id\":\"https:\\\/\\\/lightweb.dev\\\/l\\\/svm-temp\\\/artiklar\\\/vinresa-upplev-rioja-och-ribera-del-duero-fullbokad\\\/\",\"url\":\"https:\\\/\\\/lightweb.dev\\\/l\\\/svm-temp\\\/artiklar\\\/vinresa-upplev-rioja-och-ribera-del-duero-fullbokad\\\/\",\"name\":\"Vinresa: Upplev Rioja och Ribera del Duero - FULLBOKAD - Svenska Magasinet\",\"isPartOf\":{\"@id\":\"https:\\\/\\\/lightweb.dev\\\/l\\\/svm-temp\\\/#website\"},\"primaryImageOfPage\":{\"@id\":\"https:\\\/\\\/lightweb.dev\\\/l\\\/svm-temp\\\/artiklar\\\/vinresa-upplev-rioja-och-ribera-del-duero-fullbokad\\\/#primaryimage\"},\"image\":{\"@id\":\"https:\\\/\\\/lightweb.dev\\\/l\\\/svm-temp\\\/artiklar\\\/vinresa-upplev-rioja-och-ribera-del-duero-fullbokad\\\/#primaryimage\"},\"thumbnailUrl\":\"https:\\\/\\\/lightweb.dev\\\/l\\\/svm-temp\\\/wp-content\\\/uploads\\\/2022\\\/04\\\/vinresa-upplev-rioja-och-ribera-del-duero-fullbokad.png\",\"datePublished\":\"2015-03-18T23:00:00+00:00\",\"breadcrumb\":{\"@id\":\"https:\\\/\\\/lightweb.dev\\\/l\\\/svm-temp\\\/artiklar\\\/vinresa-upplev-rioja-och-ribera-del-duero-fullbokad\\\/#breadcrumb\"},\"inLanguage\":\"sv-SE\",\"potentialAction\":[{\"@type\":\"ReadAction\",\"target\":[\"https:\\\/\\\/lightweb.dev\\\/l\\\/svm-temp\\\/artiklar\\\/vinresa-upplev-rioja-och-ribera-del-duero-fullbokad\\\/\"]}]},{\"@type\":\"ImageObject\",\"inLanguage\":\"sv-SE\",\"@id\":\"https:\\\/\\\/lightweb.dev\\\/l\\\/svm-temp\\\/artiklar\\\/vinresa-upplev-rioja-och-ribera-del-duero-fullbokad\\\/#primaryimage\",\"url\":\"https:\\\/\\\/lightweb.dev\\\/l\\\/svm-temp\\\/wp-content\\\/uploads\\\/2022\\\/04\\\/vinresa-upplev-rioja-och-ribera-del-duero-fullbokad.png\",\"contentUrl\":\"https:\\\/\\\/lightweb.dev\\\/l\\\/svm-temp\\\/wp-content\\\/uploads\\\/2022\\\/04\\\/vinresa-upplev-rioja-och-ribera-del-duero-fullbokad.png\",\"width\":299,\"height\":200},{\"@type\":\"BreadcrumbList\",\"@id\":\"https:\\\/\\\/lightweb.dev\\\/l\\\/svm-temp\\\/artiklar\\\/vinresa-upplev-rioja-och-ribera-del-duero-fullbokad\\\/#breadcrumb\",\"itemListElement\":[{\"@type\":\"ListItem\",\"position\":1,\"name\":\"Hem\",\"item\":\"https:\\\/\\\/lightweb.dev\\\/l\\\/svm-temp\\\/\"},{\"@type\":\"ListItem\",\"position\":2,\"name\":\"Vinresa: Upplev Rioja och Ribera del Duero &#8211; FULLBOKAD\"}]},{\"@type\":\"WebSite\",\"@id\":\"https:\\\/\\\/lightweb.dev\\\/l\\\/svm-temp\\\/#website\",\"url\":\"https:\\\/\\\/lightweb.dev\\\/l\\\/svm-temp\\\/\",\"name\":\"Svenska Magasinet\",\"description\":\"Dina Spanska nyheter p&aring; Svenska\",\"publisher\":{\"@id\":\"https:\\\/\\\/lightweb.dev\\\/l\\\/svm-temp\\\/#organization\"},\"potentialAction\":[{\"@type\":\"SearchAction\",\"target\":{\"@type\":\"EntryPoint\",\"urlTemplate\":\"https:\\\/\\\/lightweb.dev\\\/l\\\/svm-temp\\\/?s={search_term_string}\"},\"query-input\":{\"@type\":\"PropertyValueSpecification\",\"valueRequired\":true,\"valueName\":\"search_term_string\"}}],\"inLanguage\":\"sv-SE\"},{\"@type\":\"Organization\",\"@id\":\"https:\\\/\\\/lightweb.dev\\\/l\\\/svm-temp\\\/#organization\",\"name\":\"Melkerson y Nott SL\",\"alternateName\":\"Svenska Magasinet\",\"url\":\"https:\\\/\\\/lightweb.dev\\\/l\\\/svm-temp\\\/\",\"logo\":{\"@type\":\"ImageObject\",\"inLanguage\":\"sv-SE\",\"@id\":\"https:\\\/\\\/lightweb.dev\\\/l\\\/svm-temp\\\/#\\\/schema\\\/logo\\\/image\\\/\",\"url\":\"https:\\\/\\\/lightweb.dev\\\/l\\\/svm-temp\\\/wp-content\\\/uploads\\\/2025\\\/02\\\/SvM-logo-Xtra-Centrerad-SVART.png\",\"contentUrl\":\"https:\\\/\\\/lightweb.dev\\\/l\\\/svm-temp\\\/wp-content\\\/uploads\\\/2025\\\/02\\\/SvM-logo-Xtra-Centrerad-SVART.png\",\"width\":300,\"height\":99,\"caption\":\"Melkerson y Nott SL\"},\"image\":{\"@id\":\"https:\\\/\\\/lightweb.dev\\\/l\\\/svm-temp\\\/#\\\/schema\\\/logo\\\/image\\\/\"},\"sameAs\":[\"https:\\\/\\\/www.facebook.com\\\/svenskamagasinet\",\"https:\\\/\\\/x.com\\\/SvenskaMagasine\"]},{\"@type\":\"Person\",\"@id\":\"https:\\\/\\\/lightweb.dev\\\/l\\\/svm-temp\\\/#\\\/schema\\\/person\\\/206a3bda5b607b0c25e1749191e4d837\",\"name\":\"Redaktionen SvM\",\"description\":\"Redaktionen\",\"sameAs\":[\"https:\\\/\\\/lightweb.dev\\\/l\\\/svm-temp\"],\"url\":\"https:\\\/\\\/lightweb.dev\\\/l\\\/svm-temp\\\/reporter\\\/redaktionen\\\/\"}]}<\/script>\n<!-- \/ Yoast SEO Premium plugin. -->","yoast_head_json":{"title":"Vinresa: Upplev Rioja och Ribera del Duero - FULLBOKAD - Svenska Magasinet","robots":{"index":"noindex","follow":"follow","max-snippet":"max-snippet:-1","max-image-preview":"max-image-preview:large","max-video-preview":"max-video-preview:-1"},"og_locale":"sv_SE","og_type":"article","og_title":"Vinresa: Upplev Rioja och Ribera del Duero - FULLBOKAD","og_description":"Efter h\u00f6stens succ\u00e9 \u00e5terkommer vinresan till Rioja och Ribera del Duero mellan den 16 till 20 oktober 2015. Guide \u00e4r Siv Ling p\u00e5 femdagarsresan. Programtext: Siv Ling F\u00f6lj med p\u00e5 Svenska Magasinets Vin &#038; Kulturresa i samarbete med den auktoriserade guiden Siv Ling som \u00e4r med p\u00e5 hela resan. Resan inneh\u00e5ller flera bes\u00f6k p\u00e5 vinbodegor [&hellip;]","og_url":"https:\/\/lightweb.dev\/l\/svm-temp\/artiklar\/vinresa-upplev-rioja-och-ribera-del-duero-fullbokad\/","og_site_name":"Svenska Magasinet","article_publisher":"https:\/\/www.facebook.com\/svenskamagasinet","article_published_time":"2015-03-18T23:00:00+00:00","og_image":[{"width":299,"height":200,"url":"https:\/\/lightweb.dev\/l\/svm-temp\/wp-content\/uploads\/2022\/04\/vinresa-upplev-rioja-och-ribera-del-duero-fullbokad.png","type":"image\/png"}],"author":"Redaktionen SvM","twitter_card":"summary_large_image","twitter_creator":"@SvenskaMagasine","twitter_site":"@SvenskaMagasine","schema":{"@context":"https:\/\/schema.org","@graph":[{"@type":"Article","@id":"https:\/\/lightweb.dev\/l\/svm-temp\/artiklar\/vinresa-upplev-rioja-och-ribera-del-duero-fullbokad\/#article","isPartOf":{"@id":"https:\/\/lightweb.dev\/l\/svm-temp\/artiklar\/vinresa-upplev-rioja-och-ribera-del-duero-fullbokad\/"},"author":{"name":"Redaktionen SvM","@id":"https:\/\/lightweb.dev\/l\/svm-temp\/#\/schema\/person\/206a3bda5b607b0c25e1749191e4d837"},"headline":"Vinresa: Upplev Rioja och Ribera del Duero &#8211; FULLBOKAD","datePublished":"2015-03-18T23:00:00+00:00","mainEntityOfPage":{"@id":"https:\/\/lightweb.dev\/l\/svm-temp\/artiklar\/vinresa-upplev-rioja-och-ribera-del-duero-fullbokad\/"},"wordCount":880,"commentCount":0,"publisher":{"@id":"https:\/\/lightweb.dev\/l\/svm-temp\/#organization"},"image":{"@id":"https:\/\/lightweb.dev\/l\/svm-temp\/artiklar\/vinresa-upplev-rioja-och-ribera-del-duero-fullbokad\/#primaryimage"},"thumbnailUrl":"https:\/\/lightweb.dev\/l\/svm-temp\/wp-content\/uploads\/2022\/04\/vinresa-upplev-rioja-och-ribera-del-duero-fullbokad.png","articleSection":["Arkiv","Artiklar"],"inLanguage":"sv-SE"},{"@type":"WebPage","@id":"https:\/\/lightweb.dev\/l\/svm-temp\/artiklar\/vinresa-upplev-rioja-och-ribera-del-duero-fullbokad\/","url":"https:\/\/lightweb.dev\/l\/svm-temp\/artiklar\/vinresa-upplev-rioja-och-ribera-del-duero-fullbokad\/","name":"Vinresa: Upplev Rioja och Ribera del Duero - FULLBOKAD - Svenska Magasinet","isPartOf":{"@id":"https:\/\/lightweb.dev\/l\/svm-temp\/#website"},"primaryImageOfPage":{"@id":"https:\/\/lightweb.dev\/l\/svm-temp\/artiklar\/vinresa-upplev-rioja-och-ribera-del-duero-fullbokad\/#primaryimage"},"image":{"@id":"https:\/\/lightweb.dev\/l\/svm-temp\/artiklar\/vinresa-upplev-rioja-och-ribera-del-duero-fullbokad\/#primaryimage"},"thumbnailUrl":"https:\/\/lightweb.dev\/l\/svm-temp\/wp-content\/uploads\/2022\/04\/vinresa-upplev-rioja-och-ribera-del-duero-fullbokad.png","datePublished":"2015-03-18T23:00:00+00:00","breadcrumb":{"@id":"https:\/\/lightweb.dev\/l\/svm-temp\/artiklar\/vinresa-upplev-rioja-och-ribera-del-duero-fullbokad\/#breadcrumb"},"inLanguage":"sv-SE","potentialAction":[{"@type":"ReadAction","target":["https:\/\/lightweb.dev\/l\/svm-temp\/artiklar\/vinresa-upplev-rioja-och-ribera-del-duero-fullbokad\/"]}]},{"@type":"ImageObject","inLanguage":"sv-SE","@id":"https:\/\/lightweb.dev\/l\/svm-temp\/artiklar\/vinresa-upplev-rioja-och-ribera-del-duero-fullbokad\/#primaryimage","url":"https:\/\/lightweb.dev\/l\/svm-temp\/wp-content\/uploads\/2022\/04\/vinresa-upplev-rioja-och-ribera-del-duero-fullbokad.png","contentUrl":"https:\/\/lightweb.dev\/l\/svm-temp\/wp-content\/uploads\/2022\/04\/vinresa-upplev-rioja-och-ribera-del-duero-fullbokad.png","width":299,"height":200},{"@type":"BreadcrumbList","@id":"https:\/\/lightweb.dev\/l\/svm-temp\/artiklar\/vinresa-upplev-rioja-och-ribera-del-duero-fullbokad\/#breadcrumb","itemListElement":[{"@type":"ListItem","position":1,"name":"Hem","item":"https:\/\/lightweb.dev\/l\/svm-temp\/"},{"@type":"ListItem","position":2,"name":"Vinresa: Upplev Rioja och Ribera del Duero &#8211; FULLBOKAD"}]},{"@type":"WebSite","@id":"https:\/\/lightweb.dev\/l\/svm-temp\/#website","url":"https:\/\/lightweb.dev\/l\/svm-temp\/","name":"Svenska Magasinet","description":"Dina Spanska nyheter p&aring; Svenska","publisher":{"@id":"https:\/\/lightweb.dev\/l\/svm-temp\/#organization"},"potentialAction":[{"@type":"SearchAction","target":{"@type":"EntryPoint","urlTemplate":"https:\/\/lightweb.dev\/l\/svm-temp\/?s={search_term_string}"},"query-input":{"@type":"PropertyValueSpecification","valueRequired":true,"valueName":"search_term_string"}}],"inLanguage":"sv-SE"},{"@type":"Organization","@id":"https:\/\/lightweb.dev\/l\/svm-temp\/#organization","name":"Melkerson y Nott SL","alternateName":"Svenska Magasinet","url":"https:\/\/lightweb.dev\/l\/svm-temp\/","logo":{"@type":"ImageObject","inLanguage":"sv-SE","@id":"https:\/\/lightweb.dev\/l\/svm-temp\/#\/schema\/logo\/image\/","url":"https:\/\/lightweb.dev\/l\/svm-temp\/wp-content\/uploads\/2025\/02\/SvM-logo-Xtra-Centrerad-SVART.png","contentUrl":"https:\/\/lightweb.dev\/l\/svm-temp\/wp-content\/uploads\/2025\/02\/SvM-logo-Xtra-Centrerad-SVART.png","width":300,"height":99,"caption":"Melkerson y Nott SL"},"image":{"@id":"https:\/\/lightweb.dev\/l\/svm-temp\/#\/schema\/logo\/image\/"},"sameAs":["https:\/\/www.facebook.com\/svenskamagasinet","https:\/\/x.com\/SvenskaMagasine"]},{"@type":"Person","@id":"https:\/\/lightweb.dev\/l\/svm-temp\/#\/schema\/person\/206a3bda5b607b0c25e1749191e4d837","name":"Redaktionen SvM","description":"Redaktionen","sameAs":["https:\/\/lightweb.dev\/l\/svm-temp"],"url":"https:\/\/lightweb.dev\/l\/svm-temp\/reporter\/redaktionen\/"}]}},"_links":{"self":[{"href":"https:\/\/lightweb.dev\/l\/svm-temp\/wp-json\/wp\/v2\/posts\/5157","targetHints":{"allow":["GET"]}}],"collection":[{"href":"https:\/\/lightweb.dev\/l\/svm-temp\/wp-json\/wp\/v2\/posts"}],"about":[{"href":"https:\/\/lightweb.dev\/l\/svm-temp\/wp-json\/wp\/v2\/types\/post"}],"author":[{"embeddable":true,"href":"https:\/\/lightweb.dev\/l\/svm-temp\/wp-json\/wp\/v2\/users\/8"}],"replies":[{"embeddable":true,"href":"https:\/\/lightweb.dev\/l\/svm-temp\/wp-json\/wp\/v2\/comments?post=5157"}],"version-history":[{"count":0,"href":"https:\/\/lightweb.dev\/l\/svm-temp\/wp-json\/wp\/v2\/posts\/5157\/revisions"}],"wp:featuredmedia":[{"embeddable":true,"href":"https:\/\/lightweb.dev\/l\/svm-temp\/wp-json\/wp\/v2\/media\/5158"}],"wp:attachment":[{"href":"https:\/\/lightweb.dev\/l\/svm-temp\/wp-json\/wp\/v2\/media?parent=5157"}],"wp:term":[{"taxonomy":"category","embeddable":true,"href":"https:\/\/lightweb.dev\/l\/svm-temp\/wp-json\/wp\/v2\/categories?post=5157"},{"taxonomy":"post_tag","embeddable":true,"href":"https:\/\/lightweb.dev\/l\/svm-temp\/wp-json\/wp\/v2\/tags?post=5157"}],"curies":[{"name":"wp","href":"https:\/\/api.w.org\/{rel}","templated":true}]}}