{"id":5166,"date":"2015-03-12T00:00:00","date_gmt":"2015-03-11T23:00:00","guid":{"rendered":"https:\/\/lightweb.dev\/l\/svm-temp\/fernando-moreno-himmelriket-for-alla-som-bygger-och-renoverar\/"},"modified":"2015-03-12T00:00:00","modified_gmt":"2015-03-11T23:00:00","slug":"fernando-moreno-himmelriket-for-alla-som-bygger-och-renoverar","status":"publish","type":"post","link":"https:\/\/lightweb.dev\/l\/svm-temp\/artiklar\/fernando-moreno-himmelriket-for-alla-som-bygger-och-renoverar\/","title":{"rendered":"Fernando Moreno &#8211; himmelriket f\u00f6r alla som bygger och renoverar"},"content":{"rendered":"<p> Familjef\u00f6retaget Fernando Moreno startade f\u00f6r \u00f6ver 40 \u00e5r sedan med ett<br \/>\nstenbrott i bergen ovanf\u00f6r Marbella. Man levererade cement till byggen p\u00e5<br \/>\nkusten vilket snart ut\u00f6kades med f\u00f6rs\u00e4ljning av tegel, mursten, kakel. Idag har Fernando Moreno ca 50 anst\u00e4llda, 5.000 m2 utst\u00e4llning och 15.000 m2 lager i centrala San Pedro. Det \u00e4r rena himmelriket f\u00f6r alla som bygger och renoverar. Fr\u00e5n byggmaterial, cement och maskiner i j\u00e4rnhandeln p\u00e5 baksidan av fastigheten till enormt stora utst\u00e4llningar i tv\u00e5 plan p\u00e5 framsidan.<\/p>\n<p>Det \u00e4r inte m\u00e5nga som erbjuder ett s\u00e5nt h\u00e4r komplett utbud av k\u00f6k, badrum, kakel, kranar, m\u00f6bler, tapeter, tyger, terrassm\u00f6bler m.m. De b\u00e4sta fabrikanterna finner ni hos Fernando Moreno och leveranstider nuf\u00f6rtiden \u00e4r normalt inom n\u00e5gra veckor.<\/p>\n<p>Utbudet av fantastiska grillar imponerar, med de senaste modellerna och b\u00e4sta fabrikaten. Bland m\u00f6bler m\u00e4rks bl a H\u00e4stens s\u00e4ngar och Stressless vilf\u00e5t\u00f6ljer. Fr\u00e5n utst\u00e4llningen av terrassm\u00f6bler \u00e4r det direktf\u00f6rs\u00e4ljning som g\u00e4ller och p\u00e5 bottenv\u00e5ningen f\u00f6rbereds just nu en outlet butik. Varje avdelning har sakkunnig personal som hj\u00e4lper er att hitta det r\u00e4tta.<\/p>\n<p>Det h\u00e4nder mycket inom byggbranschen, nya material och tekniker. Intressant just nu \u00e4r supertunna golvplattorna p\u00e5 endast 3 mm att l\u00e4gga direkt ovanp\u00e5 ett omodernt golv utan alltf\u00f6r mycket mankemang.<br \/>\nG\u00f6r ett bes\u00f6k hos Fernando Moreno som har \u00f6ppet hela dagen fr\u00e5n 10 till 20 m\u00e5ndag till fredag. L\u00f6rdagar 10 till 14. Det ligger strax norr om stan vid BP p\u00e5 Ronda-v\u00e4gen.<\/p>\n<p>Parkerar g\u00f6r man enkelt direkt vid butiken. L\u00e4s mer p\u00e5 hemsidan fernandomoreno.es<\/p>\n","protected":false},"excerpt":{"rendered":"<p>Familjef\u00f6retaget Fernando Moreno startade f\u00f6r \u00f6ver 40 \u00e5r sedan med ett stenbrott i bergen ovanf\u00f6r Marbella. Man levererade cement till byggen p\u00e5 kusten vilket snart ut\u00f6kades med f\u00f6rs\u00e4ljning av tegel, mursten, kakel. Idag har Fernando Moreno ca 50 anst\u00e4llda, 5.000 m2 utst\u00e4llning och 15.000 m2 lager i centrala San Pedro. Det \u00e4r rena himmelriket f\u00f6r [&hellip;]<\/p>\n","protected":false},"author":8,"featured_media":5167,"comment_status":"open","ping_status":"open","sticky":false,"template":"","format":"standard","meta":{"_et_pb_use_builder":"","_et_pb_old_content":"","_et_gb_content_width":"","footnotes":""},"categories":[396,4],"tags":[],"class_list":["post-5166","post","type-post","status-publish","format-standard","has-post-thumbnail","hentry","category-arkiv-artiklar","category-artiklar"],"yoast_head":"<!-- This site is optimized with the Yoast SEO Premium plugin v26.2 (Yoast SEO v27.4) - https:\/\/yoast.com\/product\/yoast-seo-premium-wordpress\/ -->\n<title>Fernando Moreno - himmelriket f\u00f6r alla som bygger och renoverar - Svenska Magasinet<\/title>\n<meta name=\"robots\" content=\"noindex, follow, max-snippet:-1, max-image-preview:large, max-video-preview:-1\" \/>\n<meta property=\"og:locale\" content=\"sv_SE\" \/>\n<meta property=\"og:type\" content=\"article\" \/>\n<meta property=\"og:title\" content=\"Fernando Moreno - himmelriket f\u00f6r alla som bygger och renoverar\" \/>\n<meta property=\"og:description\" content=\"Familjef\u00f6retaget Fernando Moreno startade f\u00f6r \u00f6ver 40 \u00e5r sedan med ett stenbrott i bergen ovanf\u00f6r Marbella. Man levererade cement till byggen p\u00e5 kusten vilket snart ut\u00f6kades med f\u00f6rs\u00e4ljning av tegel, mursten, kakel. Idag har Fernando Moreno ca 50 anst\u00e4llda, 5.000 m2 utst\u00e4llning och 15.000 m2 lager i centrala San Pedro. Det \u00e4r rena himmelriket f\u00f6r [&hellip;]\" \/>\n<meta property=\"og:url\" content=\"https:\/\/lightweb.dev\/l\/svm-temp\/artiklar\/fernando-moreno-himmelriket-for-alla-som-bygger-och-renoverar\/\" \/>\n<meta property=\"og:site_name\" content=\"Svenska Magasinet\" \/>\n<meta property=\"article:publisher\" content=\"https:\/\/www.facebook.com\/svenskamagasinet\" \/>\n<meta property=\"article:published_time\" content=\"2015-03-11T23:00:00+00:00\" \/>\n<meta property=\"og:image\" content=\"https:\/\/lightweb.dev\/l\/svm-temp\/wp-content\/uploads\/2022\/04\/fernando-moreno-himmelriket-fr-alla-som-bygger-och-renoverar.png\" \/>\n\t<meta property=\"og:image:width\" content=\"300\" \/>\n\t<meta property=\"og:image:height\" content=\"200\" \/>\n\t<meta property=\"og:image:type\" content=\"image\/png\" \/>\n<meta name=\"author\" content=\"Redaktionen SvM\" \/>\n<meta name=\"twitter:card\" content=\"summary_large_image\" \/>\n<meta name=\"twitter:creator\" content=\"@SvenskaMagasine\" \/>\n<meta name=\"twitter:site\" content=\"@SvenskaMagasine\" \/>\n<script type=\"application\/ld+json\" class=\"yoast-schema-graph\">{\"@context\":\"https:\\\/\\\/schema.org\",\"@graph\":[{\"@type\":\"Article\",\"@id\":\"https:\\\/\\\/lightweb.dev\\\/l\\\/svm-temp\\\/artiklar\\\/fernando-moreno-himmelriket-for-alla-som-bygger-och-renoverar\\\/#article\",\"isPartOf\":{\"@id\":\"https:\\\/\\\/lightweb.dev\\\/l\\\/svm-temp\\\/artiklar\\\/fernando-moreno-himmelriket-for-alla-som-bygger-och-renoverar\\\/\"},\"author\":{\"name\":\"Redaktionen SvM\",\"@id\":\"https:\\\/\\\/lightweb.dev\\\/l\\\/svm-temp\\\/#\\\/schema\\\/person\\\/206a3bda5b607b0c25e1749191e4d837\"},\"headline\":\"Fernando Moreno &#8211; himmelriket f\u00f6r alla som bygger och renoverar\",\"datePublished\":\"2015-03-11T23:00:00+00:00\",\"mainEntityOfPage\":{\"@id\":\"https:\\\/\\\/lightweb.dev\\\/l\\\/svm-temp\\\/artiklar\\\/fernando-moreno-himmelriket-for-alla-som-bygger-och-renoverar\\\/\"},\"wordCount\":296,\"commentCount\":0,\"publisher\":{\"@id\":\"https:\\\/\\\/lightweb.dev\\\/l\\\/svm-temp\\\/#organization\"},\"image\":{\"@id\":\"https:\\\/\\\/lightweb.dev\\\/l\\\/svm-temp\\\/artiklar\\\/fernando-moreno-himmelriket-for-alla-som-bygger-och-renoverar\\\/#primaryimage\"},\"thumbnailUrl\":\"https:\\\/\\\/lightweb.dev\\\/l\\\/svm-temp\\\/wp-content\\\/uploads\\\/2022\\\/04\\\/fernando-moreno-himmelriket-fr-alla-som-bygger-och-renoverar.png\",\"articleSection\":[\"Arkiv\",\"Artiklar\"],\"inLanguage\":\"sv-SE\"},{\"@type\":\"WebPage\",\"@id\":\"https:\\\/\\\/lightweb.dev\\\/l\\\/svm-temp\\\/artiklar\\\/fernando-moreno-himmelriket-for-alla-som-bygger-och-renoverar\\\/\",\"url\":\"https:\\\/\\\/lightweb.dev\\\/l\\\/svm-temp\\\/artiklar\\\/fernando-moreno-himmelriket-for-alla-som-bygger-och-renoverar\\\/\",\"name\":\"Fernando Moreno - himmelriket f\u00f6r alla som bygger och renoverar - Svenska Magasinet\",\"isPartOf\":{\"@id\":\"https:\\\/\\\/lightweb.dev\\\/l\\\/svm-temp\\\/#website\"},\"primaryImageOfPage\":{\"@id\":\"https:\\\/\\\/lightweb.dev\\\/l\\\/svm-temp\\\/artiklar\\\/fernando-moreno-himmelriket-for-alla-som-bygger-och-renoverar\\\/#primaryimage\"},\"image\":{\"@id\":\"https:\\\/\\\/lightweb.dev\\\/l\\\/svm-temp\\\/artiklar\\\/fernando-moreno-himmelriket-for-alla-som-bygger-och-renoverar\\\/#primaryimage\"},\"thumbnailUrl\":\"https:\\\/\\\/lightweb.dev\\\/l\\\/svm-temp\\\/wp-content\\\/uploads\\\/2022\\\/04\\\/fernando-moreno-himmelriket-fr-alla-som-bygger-och-renoverar.png\",\"datePublished\":\"2015-03-11T23:00:00+00:00\",\"breadcrumb\":{\"@id\":\"https:\\\/\\\/lightweb.dev\\\/l\\\/svm-temp\\\/artiklar\\\/fernando-moreno-himmelriket-for-alla-som-bygger-och-renoverar\\\/#breadcrumb\"},\"inLanguage\":\"sv-SE\",\"potentialAction\":[{\"@type\":\"ReadAction\",\"target\":[\"https:\\\/\\\/lightweb.dev\\\/l\\\/svm-temp\\\/artiklar\\\/fernando-moreno-himmelriket-for-alla-som-bygger-och-renoverar\\\/\"]}]},{\"@type\":\"ImageObject\",\"inLanguage\":\"sv-SE\",\"@id\":\"https:\\\/\\\/lightweb.dev\\\/l\\\/svm-temp\\\/artiklar\\\/fernando-moreno-himmelriket-for-alla-som-bygger-och-renoverar\\\/#primaryimage\",\"url\":\"https:\\\/\\\/lightweb.dev\\\/l\\\/svm-temp\\\/wp-content\\\/uploads\\\/2022\\\/04\\\/fernando-moreno-himmelriket-fr-alla-som-bygger-och-renoverar.png\",\"contentUrl\":\"https:\\\/\\\/lightweb.dev\\\/l\\\/svm-temp\\\/wp-content\\\/uploads\\\/2022\\\/04\\\/fernando-moreno-himmelriket-fr-alla-som-bygger-och-renoverar.png\",\"width\":300,\"height\":200},{\"@type\":\"BreadcrumbList\",\"@id\":\"https:\\\/\\\/lightweb.dev\\\/l\\\/svm-temp\\\/artiklar\\\/fernando-moreno-himmelriket-for-alla-som-bygger-och-renoverar\\\/#breadcrumb\",\"itemListElement\":[{\"@type\":\"ListItem\",\"position\":1,\"name\":\"Hem\",\"item\":\"https:\\\/\\\/lightweb.dev\\\/l\\\/svm-temp\\\/\"},{\"@type\":\"ListItem\",\"position\":2,\"name\":\"Fernando Moreno &#8211; himmelriket f\u00f6r alla som bygger och renoverar\"}]},{\"@type\":\"WebSite\",\"@id\":\"https:\\\/\\\/lightweb.dev\\\/l\\\/svm-temp\\\/#website\",\"url\":\"https:\\\/\\\/lightweb.dev\\\/l\\\/svm-temp\\\/\",\"name\":\"Svenska Magasinet\",\"description\":\"Dina Spanska nyheter p&aring; Svenska\",\"publisher\":{\"@id\":\"https:\\\/\\\/lightweb.dev\\\/l\\\/svm-temp\\\/#organization\"},\"potentialAction\":[{\"@type\":\"SearchAction\",\"target\":{\"@type\":\"EntryPoint\",\"urlTemplate\":\"https:\\\/\\\/lightweb.dev\\\/l\\\/svm-temp\\\/?s={search_term_string}\"},\"query-input\":{\"@type\":\"PropertyValueSpecification\",\"valueRequired\":true,\"valueName\":\"search_term_string\"}}],\"inLanguage\":\"sv-SE\"},{\"@type\":\"Organization\",\"@id\":\"https:\\\/\\\/lightweb.dev\\\/l\\\/svm-temp\\\/#organization\",\"name\":\"Melkerson y Nott SL\",\"alternateName\":\"Svenska Magasinet\",\"url\":\"https:\\\/\\\/lightweb.dev\\\/l\\\/svm-temp\\\/\",\"logo\":{\"@type\":\"ImageObject\",\"inLanguage\":\"sv-SE\",\"@id\":\"https:\\\/\\\/lightweb.dev\\\/l\\\/svm-temp\\\/#\\\/schema\\\/logo\\\/image\\\/\",\"url\":\"https:\\\/\\\/lightweb.dev\\\/l\\\/svm-temp\\\/wp-content\\\/uploads\\\/2025\\\/02\\\/SvM-logo-Xtra-Centrerad-SVART.png\",\"contentUrl\":\"https:\\\/\\\/lightweb.dev\\\/l\\\/svm-temp\\\/wp-content\\\/uploads\\\/2025\\\/02\\\/SvM-logo-Xtra-Centrerad-SVART.png\",\"width\":300,\"height\":99,\"caption\":\"Melkerson y Nott SL\"},\"image\":{\"@id\":\"https:\\\/\\\/lightweb.dev\\\/l\\\/svm-temp\\\/#\\\/schema\\\/logo\\\/image\\\/\"},\"sameAs\":[\"https:\\\/\\\/www.facebook.com\\\/svenskamagasinet\",\"https:\\\/\\\/x.com\\\/SvenskaMagasine\"]},{\"@type\":\"Person\",\"@id\":\"https:\\\/\\\/lightweb.dev\\\/l\\\/svm-temp\\\/#\\\/schema\\\/person\\\/206a3bda5b607b0c25e1749191e4d837\",\"name\":\"Redaktionen SvM\",\"description\":\"Redaktionen\",\"sameAs\":[\"https:\\\/\\\/lightweb.dev\\\/l\\\/svm-temp\"],\"url\":\"https:\\\/\\\/lightweb.dev\\\/l\\\/svm-temp\\\/reporter\\\/redaktionen\\\/\"}]}<\/script>\n<!-- \/ Yoast SEO Premium plugin. -->","yoast_head_json":{"title":"Fernando Moreno - himmelriket f\u00f6r alla som bygger och renoverar - Svenska Magasinet","robots":{"index":"noindex","follow":"follow","max-snippet":"max-snippet:-1","max-image-preview":"max-image-preview:large","max-video-preview":"max-video-preview:-1"},"og_locale":"sv_SE","og_type":"article","og_title":"Fernando Moreno - himmelriket f\u00f6r alla som bygger och renoverar","og_description":"Familjef\u00f6retaget Fernando Moreno startade f\u00f6r \u00f6ver 40 \u00e5r sedan med ett stenbrott i bergen ovanf\u00f6r Marbella. Man levererade cement till byggen p\u00e5 kusten vilket snart ut\u00f6kades med f\u00f6rs\u00e4ljning av tegel, mursten, kakel. Idag har Fernando Moreno ca 50 anst\u00e4llda, 5.000 m2 utst\u00e4llning och 15.000 m2 lager i centrala San Pedro. Det \u00e4r rena himmelriket f\u00f6r [&hellip;]","og_url":"https:\/\/lightweb.dev\/l\/svm-temp\/artiklar\/fernando-moreno-himmelriket-for-alla-som-bygger-och-renoverar\/","og_site_name":"Svenska Magasinet","article_publisher":"https:\/\/www.facebook.com\/svenskamagasinet","article_published_time":"2015-03-11T23:00:00+00:00","og_image":[{"width":300,"height":200,"url":"https:\/\/lightweb.dev\/l\/svm-temp\/wp-content\/uploads\/2022\/04\/fernando-moreno-himmelriket-fr-alla-som-bygger-och-renoverar.png","type":"image\/png"}],"author":"Redaktionen SvM","twitter_card":"summary_large_image","twitter_creator":"@SvenskaMagasine","twitter_site":"@SvenskaMagasine","schema":{"@context":"https:\/\/schema.org","@graph":[{"@type":"Article","@id":"https:\/\/lightweb.dev\/l\/svm-temp\/artiklar\/fernando-moreno-himmelriket-for-alla-som-bygger-och-renoverar\/#article","isPartOf":{"@id":"https:\/\/lightweb.dev\/l\/svm-temp\/artiklar\/fernando-moreno-himmelriket-for-alla-som-bygger-och-renoverar\/"},"author":{"name":"Redaktionen SvM","@id":"https:\/\/lightweb.dev\/l\/svm-temp\/#\/schema\/person\/206a3bda5b607b0c25e1749191e4d837"},"headline":"Fernando Moreno &#8211; himmelriket f\u00f6r alla som bygger och renoverar","datePublished":"2015-03-11T23:00:00+00:00","mainEntityOfPage":{"@id":"https:\/\/lightweb.dev\/l\/svm-temp\/artiklar\/fernando-moreno-himmelriket-for-alla-som-bygger-och-renoverar\/"},"wordCount":296,"commentCount":0,"publisher":{"@id":"https:\/\/lightweb.dev\/l\/svm-temp\/#organization"},"image":{"@id":"https:\/\/lightweb.dev\/l\/svm-temp\/artiklar\/fernando-moreno-himmelriket-for-alla-som-bygger-och-renoverar\/#primaryimage"},"thumbnailUrl":"https:\/\/lightweb.dev\/l\/svm-temp\/wp-content\/uploads\/2022\/04\/fernando-moreno-himmelriket-fr-alla-som-bygger-och-renoverar.png","articleSection":["Arkiv","Artiklar"],"inLanguage":"sv-SE"},{"@type":"WebPage","@id":"https:\/\/lightweb.dev\/l\/svm-temp\/artiklar\/fernando-moreno-himmelriket-for-alla-som-bygger-och-renoverar\/","url":"https:\/\/lightweb.dev\/l\/svm-temp\/artiklar\/fernando-moreno-himmelriket-for-alla-som-bygger-och-renoverar\/","name":"Fernando Moreno - himmelriket f\u00f6r alla som bygger och renoverar - Svenska Magasinet","isPartOf":{"@id":"https:\/\/lightweb.dev\/l\/svm-temp\/#website"},"primaryImageOfPage":{"@id":"https:\/\/lightweb.dev\/l\/svm-temp\/artiklar\/fernando-moreno-himmelriket-for-alla-som-bygger-och-renoverar\/#primaryimage"},"image":{"@id":"https:\/\/lightweb.dev\/l\/svm-temp\/artiklar\/fernando-moreno-himmelriket-for-alla-som-bygger-och-renoverar\/#primaryimage"},"thumbnailUrl":"https:\/\/lightweb.dev\/l\/svm-temp\/wp-content\/uploads\/2022\/04\/fernando-moreno-himmelriket-fr-alla-som-bygger-och-renoverar.png","datePublished":"2015-03-11T23:00:00+00:00","breadcrumb":{"@id":"https:\/\/lightweb.dev\/l\/svm-temp\/artiklar\/fernando-moreno-himmelriket-for-alla-som-bygger-och-renoverar\/#breadcrumb"},"inLanguage":"sv-SE","potentialAction":[{"@type":"ReadAction","target":["https:\/\/lightweb.dev\/l\/svm-temp\/artiklar\/fernando-moreno-himmelriket-for-alla-som-bygger-och-renoverar\/"]}]},{"@type":"ImageObject","inLanguage":"sv-SE","@id":"https:\/\/lightweb.dev\/l\/svm-temp\/artiklar\/fernando-moreno-himmelriket-for-alla-som-bygger-och-renoverar\/#primaryimage","url":"https:\/\/lightweb.dev\/l\/svm-temp\/wp-content\/uploads\/2022\/04\/fernando-moreno-himmelriket-fr-alla-som-bygger-och-renoverar.png","contentUrl":"https:\/\/lightweb.dev\/l\/svm-temp\/wp-content\/uploads\/2022\/04\/fernando-moreno-himmelriket-fr-alla-som-bygger-och-renoverar.png","width":300,"height":200},{"@type":"BreadcrumbList","@id":"https:\/\/lightweb.dev\/l\/svm-temp\/artiklar\/fernando-moreno-himmelriket-for-alla-som-bygger-och-renoverar\/#breadcrumb","itemListElement":[{"@type":"ListItem","position":1,"name":"Hem","item":"https:\/\/lightweb.dev\/l\/svm-temp\/"},{"@type":"ListItem","position":2,"name":"Fernando Moreno &#8211; himmelriket f\u00f6r alla som bygger och renoverar"}]},{"@type":"WebSite","@id":"https:\/\/lightweb.dev\/l\/svm-temp\/#website","url":"https:\/\/lightweb.dev\/l\/svm-temp\/","name":"Svenska Magasinet","description":"Dina Spanska nyheter p&aring; Svenska","publisher":{"@id":"https:\/\/lightweb.dev\/l\/svm-temp\/#organization"},"potentialAction":[{"@type":"SearchAction","target":{"@type":"EntryPoint","urlTemplate":"https:\/\/lightweb.dev\/l\/svm-temp\/?s={search_term_string}"},"query-input":{"@type":"PropertyValueSpecification","valueRequired":true,"valueName":"search_term_string"}}],"inLanguage":"sv-SE"},{"@type":"Organization","@id":"https:\/\/lightweb.dev\/l\/svm-temp\/#organization","name":"Melkerson y Nott SL","alternateName":"Svenska Magasinet","url":"https:\/\/lightweb.dev\/l\/svm-temp\/","logo":{"@type":"ImageObject","inLanguage":"sv-SE","@id":"https:\/\/lightweb.dev\/l\/svm-temp\/#\/schema\/logo\/image\/","url":"https:\/\/lightweb.dev\/l\/svm-temp\/wp-content\/uploads\/2025\/02\/SvM-logo-Xtra-Centrerad-SVART.png","contentUrl":"https:\/\/lightweb.dev\/l\/svm-temp\/wp-content\/uploads\/2025\/02\/SvM-logo-Xtra-Centrerad-SVART.png","width":300,"height":99,"caption":"Melkerson y Nott SL"},"image":{"@id":"https:\/\/lightweb.dev\/l\/svm-temp\/#\/schema\/logo\/image\/"},"sameAs":["https:\/\/www.facebook.com\/svenskamagasinet","https:\/\/x.com\/SvenskaMagasine"]},{"@type":"Person","@id":"https:\/\/lightweb.dev\/l\/svm-temp\/#\/schema\/person\/206a3bda5b607b0c25e1749191e4d837","name":"Redaktionen SvM","description":"Redaktionen","sameAs":["https:\/\/lightweb.dev\/l\/svm-temp"],"url":"https:\/\/lightweb.dev\/l\/svm-temp\/reporter\/redaktionen\/"}]}},"_links":{"self":[{"href":"https:\/\/lightweb.dev\/l\/svm-temp\/wp-json\/wp\/v2\/posts\/5166","targetHints":{"allow":["GET"]}}],"collection":[{"href":"https:\/\/lightweb.dev\/l\/svm-temp\/wp-json\/wp\/v2\/posts"}],"about":[{"href":"https:\/\/lightweb.dev\/l\/svm-temp\/wp-json\/wp\/v2\/types\/post"}],"author":[{"embeddable":true,"href":"https:\/\/lightweb.dev\/l\/svm-temp\/wp-json\/wp\/v2\/users\/8"}],"replies":[{"embeddable":true,"href":"https:\/\/lightweb.dev\/l\/svm-temp\/wp-json\/wp\/v2\/comments?post=5166"}],"version-history":[{"count":0,"href":"https:\/\/lightweb.dev\/l\/svm-temp\/wp-json\/wp\/v2\/posts\/5166\/revisions"}],"wp:featuredmedia":[{"embeddable":true,"href":"https:\/\/lightweb.dev\/l\/svm-temp\/wp-json\/wp\/v2\/media\/5167"}],"wp:attachment":[{"href":"https:\/\/lightweb.dev\/l\/svm-temp\/wp-json\/wp\/v2\/media?parent=5166"}],"wp:term":[{"taxonomy":"category","embeddable":true,"href":"https:\/\/lightweb.dev\/l\/svm-temp\/wp-json\/wp\/v2\/categories?post=5166"},{"taxonomy":"post_tag","embeddable":true,"href":"https:\/\/lightweb.dev\/l\/svm-temp\/wp-json\/wp\/v2\/tags?post=5166"}],"curies":[{"name":"wp","href":"https:\/\/api.w.org\/{rel}","templated":true}]}}