{"id":5176,"date":"2015-03-11T00:00:00","date_gmt":"2015-03-10T23:00:00","guid":{"rendered":"https:\/\/lightweb.dev\/l\/svm-temp\/nu-blommar-det\/"},"modified":"2022-10-23T11:50:12","modified_gmt":"2022-10-23T09:50:12","slug":"nu-blommar-det","status":"publish","type":"post","link":"https:\/\/lightweb.dev\/l\/svm-temp\/artiklar\/nu-blommar-det\/","title":{"rendered":"Nu blommar det!"},"content":{"rendered":"<p>KORTBYX-V\u00c4DER \u00c4R P\u00c5 V\u00c4G! Aldrig hade jag trott att jag faktiskt skulle yppa klagan \u00f6ver det spanska v\u00e4dret \u2013 och jag menar verkligen inte att l\u00e5ta gn\u00e4llig. Vem kan klaga p\u00e5 v\u00e4dret i paradiset? Av Anders Rosell, chefredakt\u00f6r och formgivare<\/p>\n<p>Men efter ha bott h\u00e4r i tv\u00e5 och ett halvt \u00e5r s\u00e5 har b\u00e5de knoppen och kroppen vant sig vid v\u00e4rme. N\u00e4r temperaturen kryper ner emot +10 grader, ja \u2013 d\u00e5 \u00e4r det kallt. Och \u00e4ven jag tittar lite konstigt p\u00e5 g\u00e4stande turister som g\u00e5r i sommarkl\u00e4der mitt i vintern.<\/p>\n<p>Jag var likadan i b\u00f6rjan av min vistelse h\u00e4r i Spanien, blekvita ben i shorts \u00e5ret runt, men den tiden \u00e4r nu f\u00f6rbi. Hos mig tillh\u00f6r numera, och s\u00e5 h\u00e4r \u00e5rs, strumpor och stor kofta vinterkl\u00e4dseln \u00e4ven inomhus. Allt medan den vackra spanska vintern p\u00e5 Solkusten b\u00f6rjar krypa tillbaka in i sitt ide, s\u00e5 tittar v\u00e5rtecknen fram.<\/p>\n<p>F\u00f6r mig \u00e4r det n\u00e4r citrontr\u00e4den \u00e4r spr\u00e4ngfyllda med vackra solgula citroner. \u00c4ven avokadotr\u00e4den har vaknat till liv och dignar av frukt som sedan f\u00e5r ligga till sig i solen f\u00f6r att m\u00f6rkna och mogna. Mandeltr\u00e4den har redan blommat \u00f6ver, men \u00e4ven det \u00e4r ett av de tidigaste tecknen p\u00e5 att vi g\u00e5r mot r\u00e4tt h\u00e5ll. I sin vildaste blomning med sina vita sk\u00f6na blommor ser de ut som vintertr\u00e4d med sn\u00f6 p\u00e5.<\/p>\n<p>Pelagonierbuskarna v\u00e4xer nu som ogr\u00e4s och en och annan knopp spricker ut. De \u00e4r s\u00e5 frodiga och l\u00e5ngt ifr\u00e5n alla de pelagonier som man lyckades ta d\u00f6d p\u00e5 inomhus hemma i Sverige. N\u00e4tterna b\u00f6rjar bli varmare och inte ens v\u00e4rmeelementen beh\u00f6ver vara p\u00e5 nattetid. Jag tror jag kl\u00e4r om till shorts igen &#8211; v\u00e5rk\u00e4nslorna \u00e4r h\u00e4r!<\/p>\n<p>L\u00e4s Lennart Ekmans h\u00e4rliga kr\u00f6nika om Andalusiens flora, nummer 146 i ordningen. Den finns p\u00e5 sidan 24.<\/p>\n","protected":false},"excerpt":{"rendered":"<p>KORTBYX-V\u00c4DER \u00c4R P\u00c5 V\u00c4G! Aldrig hade jag trott att jag faktiskt skulle yppa klagan \u00f6ver det spanska v\u00e4dret \u2013 och jag menar verkligen inte att l\u00e5ta gn\u00e4llig. Vem kan klaga p\u00e5 v\u00e4dret i paradiset? Av Anders Rosell, chefredakt\u00f6r och formgivare Men efter ha bott h\u00e4r i tv\u00e5 och ett halvt \u00e5r s\u00e5 har b\u00e5de knoppen [&hellip;]<\/p>\n","protected":false},"author":8,"featured_media":58572,"comment_status":"open","ping_status":"open","sticky":false,"template":"","format":"standard","meta":{"_et_pb_use_builder":"","_et_pb_old_content":"","_et_gb_content_width":"","footnotes":""},"categories":[4,397],"tags":[],"class_list":["post-5176","post","type-post","status-publish","format-standard","has-post-thumbnail","hentry","category-artiklar","category-ledare"],"yoast_head":"<!-- This site is optimized with the Yoast SEO Premium plugin v26.2 (Yoast SEO v27.4) - https:\/\/yoast.com\/product\/yoast-seo-premium-wordpress\/ -->\n<title>Nu blommar det! - Svenska Magasinet<\/title>\n<meta name=\"robots\" content=\"noindex, follow, max-snippet:-1, max-image-preview:large, max-video-preview:-1\" \/>\n<meta property=\"og:locale\" content=\"sv_SE\" \/>\n<meta property=\"og:type\" content=\"article\" \/>\n<meta property=\"og:title\" content=\"Nu blommar det!\" \/>\n<meta property=\"og:description\" content=\"KORTBYX-V\u00c4DER \u00c4R P\u00c5 V\u00c4G! Aldrig hade jag trott att jag faktiskt skulle yppa klagan \u00f6ver det spanska v\u00e4dret \u2013 och jag menar verkligen inte att l\u00e5ta gn\u00e4llig. Vem kan klaga p\u00e5 v\u00e4dret i paradiset? Av Anders Rosell, chefredakt\u00f6r och formgivare Men efter ha bott h\u00e4r i tv\u00e5 och ett halvt \u00e5r s\u00e5 har b\u00e5de knoppen [&hellip;]\" \/>\n<meta property=\"og:url\" content=\"https:\/\/lightweb.dev\/l\/svm-temp\/artiklar\/nu-blommar-det\/\" \/>\n<meta property=\"og:site_name\" content=\"Svenska Magasinet\" \/>\n<meta property=\"article:publisher\" content=\"https:\/\/www.facebook.com\/svenskamagasinet\" \/>\n<meta property=\"article:published_time\" content=\"2015-03-10T23:00:00+00:00\" \/>\n<meta property=\"article:modified_time\" content=\"2022-10-23T09:50:12+00:00\" \/>\n<meta property=\"og:image\" content=\"https:\/\/lightweb.dev\/l\/svm-temp\/wp-content\/uploads\/2021\/03\/coffee-gd09340dec_1920.jpg\" \/>\n\t<meta property=\"og:image:width\" content=\"1920\" \/>\n\t<meta property=\"og:image:height\" content=\"1280\" \/>\n\t<meta property=\"og:image:type\" content=\"image\/jpeg\" \/>\n<meta name=\"author\" content=\"Redaktionen SvM\" \/>\n<meta name=\"twitter:card\" content=\"summary_large_image\" \/>\n<meta name=\"twitter:creator\" content=\"@SvenskaMagasine\" \/>\n<meta name=\"twitter:site\" content=\"@SvenskaMagasine\" \/>\n<script type=\"application\/ld+json\" class=\"yoast-schema-graph\">{\"@context\":\"https:\\\/\\\/schema.org\",\"@graph\":[{\"@type\":\"Article\",\"@id\":\"https:\\\/\\\/lightweb.dev\\\/l\\\/svm-temp\\\/artiklar\\\/nu-blommar-det\\\/#article\",\"isPartOf\":{\"@id\":\"https:\\\/\\\/lightweb.dev\\\/l\\\/svm-temp\\\/artiklar\\\/nu-blommar-det\\\/\"},\"author\":{\"name\":\"Redaktionen SvM\",\"@id\":\"https:\\\/\\\/lightweb.dev\\\/l\\\/svm-temp\\\/#\\\/schema\\\/person\\\/206a3bda5b607b0c25e1749191e4d837\"},\"headline\":\"Nu blommar det!\",\"datePublished\":\"2015-03-10T23:00:00+00:00\",\"dateModified\":\"2022-10-23T09:50:12+00:00\",\"mainEntityOfPage\":{\"@id\":\"https:\\\/\\\/lightweb.dev\\\/l\\\/svm-temp\\\/artiklar\\\/nu-blommar-det\\\/\"},\"wordCount\":343,\"commentCount\":0,\"publisher\":{\"@id\":\"https:\\\/\\\/lightweb.dev\\\/l\\\/svm-temp\\\/#organization\"},\"image\":{\"@id\":\"https:\\\/\\\/lightweb.dev\\\/l\\\/svm-temp\\\/artiklar\\\/nu-blommar-det\\\/#primaryimage\"},\"thumbnailUrl\":\"https:\\\/\\\/lightweb.dev\\\/l\\\/svm-temp\\\/wp-content\\\/uploads\\\/2021\\\/03\\\/coffee-gd09340dec_1920.jpg\",\"articleSection\":[\"Artiklar\",\"Ledare\"],\"inLanguage\":\"sv-SE\"},{\"@type\":\"WebPage\",\"@id\":\"https:\\\/\\\/lightweb.dev\\\/l\\\/svm-temp\\\/artiklar\\\/nu-blommar-det\\\/\",\"url\":\"https:\\\/\\\/lightweb.dev\\\/l\\\/svm-temp\\\/artiklar\\\/nu-blommar-det\\\/\",\"name\":\"Nu blommar det! - Svenska Magasinet\",\"isPartOf\":{\"@id\":\"https:\\\/\\\/lightweb.dev\\\/l\\\/svm-temp\\\/#website\"},\"primaryImageOfPage\":{\"@id\":\"https:\\\/\\\/lightweb.dev\\\/l\\\/svm-temp\\\/artiklar\\\/nu-blommar-det\\\/#primaryimage\"},\"image\":{\"@id\":\"https:\\\/\\\/lightweb.dev\\\/l\\\/svm-temp\\\/artiklar\\\/nu-blommar-det\\\/#primaryimage\"},\"thumbnailUrl\":\"https:\\\/\\\/lightweb.dev\\\/l\\\/svm-temp\\\/wp-content\\\/uploads\\\/2021\\\/03\\\/coffee-gd09340dec_1920.jpg\",\"datePublished\":\"2015-03-10T23:00:00+00:00\",\"dateModified\":\"2022-10-23T09:50:12+00:00\",\"breadcrumb\":{\"@id\":\"https:\\\/\\\/lightweb.dev\\\/l\\\/svm-temp\\\/artiklar\\\/nu-blommar-det\\\/#breadcrumb\"},\"inLanguage\":\"sv-SE\",\"potentialAction\":[{\"@type\":\"ReadAction\",\"target\":[\"https:\\\/\\\/lightweb.dev\\\/l\\\/svm-temp\\\/artiklar\\\/nu-blommar-det\\\/\"]}]},{\"@type\":\"ImageObject\",\"inLanguage\":\"sv-SE\",\"@id\":\"https:\\\/\\\/lightweb.dev\\\/l\\\/svm-temp\\\/artiklar\\\/nu-blommar-det\\\/#primaryimage\",\"url\":\"https:\\\/\\\/lightweb.dev\\\/l\\\/svm-temp\\\/wp-content\\\/uploads\\\/2021\\\/03\\\/coffee-gd09340dec_1920.jpg\",\"contentUrl\":\"https:\\\/\\\/lightweb.dev\\\/l\\\/svm-temp\\\/wp-content\\\/uploads\\\/2021\\\/03\\\/coffee-gd09340dec_1920.jpg\",\"width\":1920,\"height\":1280},{\"@type\":\"BreadcrumbList\",\"@id\":\"https:\\\/\\\/lightweb.dev\\\/l\\\/svm-temp\\\/artiklar\\\/nu-blommar-det\\\/#breadcrumb\",\"itemListElement\":[{\"@type\":\"ListItem\",\"position\":1,\"name\":\"Hem\",\"item\":\"https:\\\/\\\/lightweb.dev\\\/l\\\/svm-temp\\\/\"},{\"@type\":\"ListItem\",\"position\":2,\"name\":\"Nu blommar det!\"}]},{\"@type\":\"WebSite\",\"@id\":\"https:\\\/\\\/lightweb.dev\\\/l\\\/svm-temp\\\/#website\",\"url\":\"https:\\\/\\\/lightweb.dev\\\/l\\\/svm-temp\\\/\",\"name\":\"Svenska Magasinet\",\"description\":\"Dina Spanska nyheter p&aring; Svenska\",\"publisher\":{\"@id\":\"https:\\\/\\\/lightweb.dev\\\/l\\\/svm-temp\\\/#organization\"},\"potentialAction\":[{\"@type\":\"SearchAction\",\"target\":{\"@type\":\"EntryPoint\",\"urlTemplate\":\"https:\\\/\\\/lightweb.dev\\\/l\\\/svm-temp\\\/?s={search_term_string}\"},\"query-input\":{\"@type\":\"PropertyValueSpecification\",\"valueRequired\":true,\"valueName\":\"search_term_string\"}}],\"inLanguage\":\"sv-SE\"},{\"@type\":\"Organization\",\"@id\":\"https:\\\/\\\/lightweb.dev\\\/l\\\/svm-temp\\\/#organization\",\"name\":\"Melkerson y Nott SL\",\"alternateName\":\"Svenska Magasinet\",\"url\":\"https:\\\/\\\/lightweb.dev\\\/l\\\/svm-temp\\\/\",\"logo\":{\"@type\":\"ImageObject\",\"inLanguage\":\"sv-SE\",\"@id\":\"https:\\\/\\\/lightweb.dev\\\/l\\\/svm-temp\\\/#\\\/schema\\\/logo\\\/image\\\/\",\"url\":\"https:\\\/\\\/lightweb.dev\\\/l\\\/svm-temp\\\/wp-content\\\/uploads\\\/2025\\\/02\\\/SvM-logo-Xtra-Centrerad-SVART.png\",\"contentUrl\":\"https:\\\/\\\/lightweb.dev\\\/l\\\/svm-temp\\\/wp-content\\\/uploads\\\/2025\\\/02\\\/SvM-logo-Xtra-Centrerad-SVART.png\",\"width\":300,\"height\":99,\"caption\":\"Melkerson y Nott SL\"},\"image\":{\"@id\":\"https:\\\/\\\/lightweb.dev\\\/l\\\/svm-temp\\\/#\\\/schema\\\/logo\\\/image\\\/\"},\"sameAs\":[\"https:\\\/\\\/www.facebook.com\\\/svenskamagasinet\",\"https:\\\/\\\/x.com\\\/SvenskaMagasine\"]},{\"@type\":\"Person\",\"@id\":\"https:\\\/\\\/lightweb.dev\\\/l\\\/svm-temp\\\/#\\\/schema\\\/person\\\/206a3bda5b607b0c25e1749191e4d837\",\"name\":\"Redaktionen SvM\",\"description\":\"Redaktionen\",\"sameAs\":[\"https:\\\/\\\/lightweb.dev\\\/l\\\/svm-temp\"],\"url\":\"https:\\\/\\\/lightweb.dev\\\/l\\\/svm-temp\\\/reporter\\\/redaktionen\\\/\"}]}<\/script>\n<!-- \/ Yoast SEO Premium plugin. -->","yoast_head_json":{"title":"Nu blommar det! - Svenska Magasinet","robots":{"index":"noindex","follow":"follow","max-snippet":"max-snippet:-1","max-image-preview":"max-image-preview:large","max-video-preview":"max-video-preview:-1"},"og_locale":"sv_SE","og_type":"article","og_title":"Nu blommar det!","og_description":"KORTBYX-V\u00c4DER \u00c4R P\u00c5 V\u00c4G! Aldrig hade jag trott att jag faktiskt skulle yppa klagan \u00f6ver det spanska v\u00e4dret \u2013 och jag menar verkligen inte att l\u00e5ta gn\u00e4llig. Vem kan klaga p\u00e5 v\u00e4dret i paradiset? Av Anders Rosell, chefredakt\u00f6r och formgivare Men efter ha bott h\u00e4r i tv\u00e5 och ett halvt \u00e5r s\u00e5 har b\u00e5de knoppen [&hellip;]","og_url":"https:\/\/lightweb.dev\/l\/svm-temp\/artiklar\/nu-blommar-det\/","og_site_name":"Svenska Magasinet","article_publisher":"https:\/\/www.facebook.com\/svenskamagasinet","article_published_time":"2015-03-10T23:00:00+00:00","article_modified_time":"2022-10-23T09:50:12+00:00","og_image":[{"width":1920,"height":1280,"url":"https:\/\/lightweb.dev\/l\/svm-temp\/wp-content\/uploads\/2021\/03\/coffee-gd09340dec_1920.jpg","type":"image\/jpeg"}],"author":"Redaktionen SvM","twitter_card":"summary_large_image","twitter_creator":"@SvenskaMagasine","twitter_site":"@SvenskaMagasine","schema":{"@context":"https:\/\/schema.org","@graph":[{"@type":"Article","@id":"https:\/\/lightweb.dev\/l\/svm-temp\/artiklar\/nu-blommar-det\/#article","isPartOf":{"@id":"https:\/\/lightweb.dev\/l\/svm-temp\/artiklar\/nu-blommar-det\/"},"author":{"name":"Redaktionen SvM","@id":"https:\/\/lightweb.dev\/l\/svm-temp\/#\/schema\/person\/206a3bda5b607b0c25e1749191e4d837"},"headline":"Nu blommar det!","datePublished":"2015-03-10T23:00:00+00:00","dateModified":"2022-10-23T09:50:12+00:00","mainEntityOfPage":{"@id":"https:\/\/lightweb.dev\/l\/svm-temp\/artiklar\/nu-blommar-det\/"},"wordCount":343,"commentCount":0,"publisher":{"@id":"https:\/\/lightweb.dev\/l\/svm-temp\/#organization"},"image":{"@id":"https:\/\/lightweb.dev\/l\/svm-temp\/artiklar\/nu-blommar-det\/#primaryimage"},"thumbnailUrl":"https:\/\/lightweb.dev\/l\/svm-temp\/wp-content\/uploads\/2021\/03\/coffee-gd09340dec_1920.jpg","articleSection":["Artiklar","Ledare"],"inLanguage":"sv-SE"},{"@type":"WebPage","@id":"https:\/\/lightweb.dev\/l\/svm-temp\/artiklar\/nu-blommar-det\/","url":"https:\/\/lightweb.dev\/l\/svm-temp\/artiklar\/nu-blommar-det\/","name":"Nu blommar det! - Svenska Magasinet","isPartOf":{"@id":"https:\/\/lightweb.dev\/l\/svm-temp\/#website"},"primaryImageOfPage":{"@id":"https:\/\/lightweb.dev\/l\/svm-temp\/artiklar\/nu-blommar-det\/#primaryimage"},"image":{"@id":"https:\/\/lightweb.dev\/l\/svm-temp\/artiklar\/nu-blommar-det\/#primaryimage"},"thumbnailUrl":"https:\/\/lightweb.dev\/l\/svm-temp\/wp-content\/uploads\/2021\/03\/coffee-gd09340dec_1920.jpg","datePublished":"2015-03-10T23:00:00+00:00","dateModified":"2022-10-23T09:50:12+00:00","breadcrumb":{"@id":"https:\/\/lightweb.dev\/l\/svm-temp\/artiklar\/nu-blommar-det\/#breadcrumb"},"inLanguage":"sv-SE","potentialAction":[{"@type":"ReadAction","target":["https:\/\/lightweb.dev\/l\/svm-temp\/artiklar\/nu-blommar-det\/"]}]},{"@type":"ImageObject","inLanguage":"sv-SE","@id":"https:\/\/lightweb.dev\/l\/svm-temp\/artiklar\/nu-blommar-det\/#primaryimage","url":"https:\/\/lightweb.dev\/l\/svm-temp\/wp-content\/uploads\/2021\/03\/coffee-gd09340dec_1920.jpg","contentUrl":"https:\/\/lightweb.dev\/l\/svm-temp\/wp-content\/uploads\/2021\/03\/coffee-gd09340dec_1920.jpg","width":1920,"height":1280},{"@type":"BreadcrumbList","@id":"https:\/\/lightweb.dev\/l\/svm-temp\/artiklar\/nu-blommar-det\/#breadcrumb","itemListElement":[{"@type":"ListItem","position":1,"name":"Hem","item":"https:\/\/lightweb.dev\/l\/svm-temp\/"},{"@type":"ListItem","position":2,"name":"Nu blommar det!"}]},{"@type":"WebSite","@id":"https:\/\/lightweb.dev\/l\/svm-temp\/#website","url":"https:\/\/lightweb.dev\/l\/svm-temp\/","name":"Svenska Magasinet","description":"Dina Spanska nyheter p&aring; Svenska","publisher":{"@id":"https:\/\/lightweb.dev\/l\/svm-temp\/#organization"},"potentialAction":[{"@type":"SearchAction","target":{"@type":"EntryPoint","urlTemplate":"https:\/\/lightweb.dev\/l\/svm-temp\/?s={search_term_string}"},"query-input":{"@type":"PropertyValueSpecification","valueRequired":true,"valueName":"search_term_string"}}],"inLanguage":"sv-SE"},{"@type":"Organization","@id":"https:\/\/lightweb.dev\/l\/svm-temp\/#organization","name":"Melkerson y Nott SL","alternateName":"Svenska Magasinet","url":"https:\/\/lightweb.dev\/l\/svm-temp\/","logo":{"@type":"ImageObject","inLanguage":"sv-SE","@id":"https:\/\/lightweb.dev\/l\/svm-temp\/#\/schema\/logo\/image\/","url":"https:\/\/lightweb.dev\/l\/svm-temp\/wp-content\/uploads\/2025\/02\/SvM-logo-Xtra-Centrerad-SVART.png","contentUrl":"https:\/\/lightweb.dev\/l\/svm-temp\/wp-content\/uploads\/2025\/02\/SvM-logo-Xtra-Centrerad-SVART.png","width":300,"height":99,"caption":"Melkerson y Nott SL"},"image":{"@id":"https:\/\/lightweb.dev\/l\/svm-temp\/#\/schema\/logo\/image\/"},"sameAs":["https:\/\/www.facebook.com\/svenskamagasinet","https:\/\/x.com\/SvenskaMagasine"]},{"@type":"Person","@id":"https:\/\/lightweb.dev\/l\/svm-temp\/#\/schema\/person\/206a3bda5b607b0c25e1749191e4d837","name":"Redaktionen SvM","description":"Redaktionen","sameAs":["https:\/\/lightweb.dev\/l\/svm-temp"],"url":"https:\/\/lightweb.dev\/l\/svm-temp\/reporter\/redaktionen\/"}]}},"_links":{"self":[{"href":"https:\/\/lightweb.dev\/l\/svm-temp\/wp-json\/wp\/v2\/posts\/5176","targetHints":{"allow":["GET"]}}],"collection":[{"href":"https:\/\/lightweb.dev\/l\/svm-temp\/wp-json\/wp\/v2\/posts"}],"about":[{"href":"https:\/\/lightweb.dev\/l\/svm-temp\/wp-json\/wp\/v2\/types\/post"}],"author":[{"embeddable":true,"href":"https:\/\/lightweb.dev\/l\/svm-temp\/wp-json\/wp\/v2\/users\/8"}],"replies":[{"embeddable":true,"href":"https:\/\/lightweb.dev\/l\/svm-temp\/wp-json\/wp\/v2\/comments?post=5176"}],"version-history":[{"count":0,"href":"https:\/\/lightweb.dev\/l\/svm-temp\/wp-json\/wp\/v2\/posts\/5176\/revisions"}],"wp:featuredmedia":[{"embeddable":true,"href":"https:\/\/lightweb.dev\/l\/svm-temp\/wp-json\/wp\/v2\/media\/58572"}],"wp:attachment":[{"href":"https:\/\/lightweb.dev\/l\/svm-temp\/wp-json\/wp\/v2\/media?parent=5176"}],"wp:term":[{"taxonomy":"category","embeddable":true,"href":"https:\/\/lightweb.dev\/l\/svm-temp\/wp-json\/wp\/v2\/categories?post=5176"},{"taxonomy":"post_tag","embeddable":true,"href":"https:\/\/lightweb.dev\/l\/svm-temp\/wp-json\/wp\/v2\/tags?post=5176"}],"curies":[{"name":"wp","href":"https:\/\/api.w.org\/{rel}","templated":true}]}}