{"id":5178,"date":"2015-03-11T00:00:00","date_gmt":"2015-03-10T23:00:00","guid":{"rendered":"https:\/\/lightweb.dev\/l\/svm-temp\/makeover-styling-av-store-y-interior-design-group\/"},"modified":"2015-03-11T00:00:00","modified_gmt":"2015-03-10T23:00:00","slug":"makeover-styling-av-store-y-interior-design-group","status":"publish","type":"post","link":"https:\/\/lightweb.dev\/l\/svm-temp\/artiklar\/makeover-styling-av-store-y-interior-design-group\/","title":{"rendered":"Makeover &#8211; styling av Store y Interior design group"},"content":{"rendered":"<p> VI FICK I UPPDRAG ATT INREDA en l\u00e4genhet inf\u00f6r f\u00f6rs\u00e4ljning. L\u00e4genheten ligger i Las Tortugas, Nueva Andalucia och best\u00e5r av tv\u00e5 sovrum, tv\u00e5 badrum, k\u00f6k, vardagsrum och tv\u00e5 terrasser. Vi b\u00f6rjade med att m\u00e5la alla rummen i en neutral, mjuk ton. M\u00e5let var att skapa en internationell, stilren k\u00e4nsla. N\u00e5got som passar spekulanter av alla nationaliteter. Vid denna styling har vi h\u00e5llit oss till en neutral inredning men \u00e4nd\u00e5 skapat en hemtrevlig k\u00e4nsla som tilltalar m\u00e5nga!<\/p>\n<p>Nordica Sales and Rentals i Marbella och Storey Interior Design Group har tillsammans \u00f6ppnat en ny inredningsbutik vid Aloha Gardens, i Nueva Andaluc\u00eda.Butiken \u00e4r ett komplement till Nordicas f\u00f6rs\u00e4ljning &#038; uthyrningsservice. H\u00e4r kan bostads\u00e4gare f\u00e5 hj\u00e4lp med att inreda sina l\u00e4genheter, radhus och villor s\u00e5 de blir moderna och attraktiva f\u00f6r f\u00f6rs\u00e4ljning och uthyrning.<\/p>\n<p>Nordica Sales and Rentals drivs av Peter och Anna-Lena Ros\u00e9n, med \u00f6ver 20-\u00e5rs erfarenhet p\u00e5 Costa del Sol. Storey Interior startades 2010 i Sverige och drivs av Malin Gavenas och Stefan G\u00f6rgensen, som har en gedigen bakgrund inom inredning b\u00e5de f\u00f6r privat och offentlig milj\u00f6. Malin har sysslat med homestyling i tio \u00e5r.<\/p>\n<p>  Fem Styling Tips!<br \/>\n1. Personliga \u00e4godelar. Ta bort fotografier och andra personliga saker som lappar p\u00e5 kylen, gamla tandborstar och h\u00f6gen med r\u00e4kningar!<br \/>\n2. Attraktiv milj\u00f6 f\u00f6r m\u00e5lgruppen. F\u00f6rs\u00f6k skapa en hemtrevlig milj\u00f6 som \u00e4r attraktiv till m\u00e5lgruppen. Hitta en balans mellan opersonlig och hemtrevligt.<br \/>\n3. \u00d6verfl\u00f6diga m\u00f6bler. Genom att ta bort sm\u00e5 pallar, udda stolar och on\u00f6diga sm\u00e5bord f\u00f6rsvinner det plottriga intrycket fr\u00e5n rummet. Skapa utrymme framf\u00f6r f\u00f6nstren!<br \/>\n4. Piffa. Dekorera med snittblommor, ljus och andra detaljer f\u00f6r att f\u00e5 en hemtrevlig k\u00e4nsla.<br \/>\n5. Belysning dag och kv\u00e4ll. L\u00e4gg ner lite extra tid p\u00e5 att lysa upp m\u00f6rka h\u00f6rn, ditt hem blir s\u00e5 mycket mysigare. Mjuka upp med sm\u00e5lampor p\u00e5 bord och hyllor.<\/p>\n","protected":false},"excerpt":{"rendered":"<p>VI FICK I UPPDRAG ATT INREDA en l\u00e4genhet inf\u00f6r f\u00f6rs\u00e4ljning. L\u00e4genheten ligger i Las Tortugas, Nueva Andalucia och best\u00e5r av tv\u00e5 sovrum, tv\u00e5 badrum, k\u00f6k, vardagsrum och tv\u00e5 terrasser. Vi b\u00f6rjade med att m\u00e5la alla rummen i en neutral, mjuk ton. M\u00e5let var att skapa en internationell, stilren k\u00e4nsla. N\u00e5got som passar spekulanter av alla [&hellip;]<\/p>\n","protected":false},"author":8,"featured_media":5179,"comment_status":"open","ping_status":"open","sticky":false,"template":"","format":"standard","meta":{"_et_pb_use_builder":"","_et_pb_old_content":"","_et_gb_content_width":"","footnotes":""},"categories":[4,37],"tags":[],"class_list":["post-5178","post","type-post","status-publish","format-standard","has-post-thumbnail","hentry","category-artiklar","category-hem-bostad"],"yoast_head":"<!-- This site is optimized with the Yoast SEO Premium plugin v26.2 (Yoast SEO v27.4) - https:\/\/yoast.com\/product\/yoast-seo-premium-wordpress\/ -->\n<title>Makeover - styling av Store y Interior design group - Svenska Magasinet<\/title>\n<meta name=\"robots\" content=\"noindex, follow, max-snippet:-1, max-image-preview:large, max-video-preview:-1\" \/>\n<meta property=\"og:locale\" content=\"sv_SE\" \/>\n<meta property=\"og:type\" content=\"article\" \/>\n<meta property=\"og:title\" content=\"Makeover - styling av Store y Interior design group\" \/>\n<meta property=\"og:description\" content=\"VI FICK I UPPDRAG ATT INREDA en l\u00e4genhet inf\u00f6r f\u00f6rs\u00e4ljning. L\u00e4genheten ligger i Las Tortugas, Nueva Andalucia och best\u00e5r av tv\u00e5 sovrum, tv\u00e5 badrum, k\u00f6k, vardagsrum och tv\u00e5 terrasser. Vi b\u00f6rjade med att m\u00e5la alla rummen i en neutral, mjuk ton. M\u00e5let var att skapa en internationell, stilren k\u00e4nsla. N\u00e5got som passar spekulanter av alla [&hellip;]\" \/>\n<meta property=\"og:url\" content=\"https:\/\/lightweb.dev\/l\/svm-temp\/artiklar\/makeover-styling-av-store-y-interior-design-group\/\" \/>\n<meta property=\"og:site_name\" content=\"Svenska Magasinet\" \/>\n<meta property=\"article:publisher\" content=\"https:\/\/www.facebook.com\/svenskamagasinet\" \/>\n<meta property=\"article:published_time\" content=\"2015-03-10T23:00:00+00:00\" \/>\n<meta property=\"og:image\" content=\"https:\/\/lightweb.dev\/l\/svm-temp\/wp-content\/uploads\/2022\/04\/makeover-styling-av-store-y-interior-design-group.png\" \/>\n\t<meta property=\"og:image:width\" content=\"300\" \/>\n\t<meta property=\"og:image:height\" content=\"200\" \/>\n\t<meta property=\"og:image:type\" content=\"image\/png\" \/>\n<meta name=\"author\" content=\"Redaktionen SvM\" \/>\n<meta name=\"twitter:card\" content=\"summary_large_image\" \/>\n<meta name=\"twitter:creator\" content=\"@SvenskaMagasine\" \/>\n<meta name=\"twitter:site\" content=\"@SvenskaMagasine\" \/>\n<script type=\"application\/ld+json\" class=\"yoast-schema-graph\">{\"@context\":\"https:\\\/\\\/schema.org\",\"@graph\":[{\"@type\":\"Article\",\"@id\":\"https:\\\/\\\/lightweb.dev\\\/l\\\/svm-temp\\\/artiklar\\\/makeover-styling-av-store-y-interior-design-group\\\/#article\",\"isPartOf\":{\"@id\":\"https:\\\/\\\/lightweb.dev\\\/l\\\/svm-temp\\\/artiklar\\\/makeover-styling-av-store-y-interior-design-group\\\/\"},\"author\":{\"name\":\"Redaktionen SvM\",\"@id\":\"https:\\\/\\\/lightweb.dev\\\/l\\\/svm-temp\\\/#\\\/schema\\\/person\\\/206a3bda5b607b0c25e1749191e4d837\"},\"headline\":\"Makeover &#8211; styling av Store y Interior design group\",\"datePublished\":\"2015-03-10T23:00:00+00:00\",\"mainEntityOfPage\":{\"@id\":\"https:\\\/\\\/lightweb.dev\\\/l\\\/svm-temp\\\/artiklar\\\/makeover-styling-av-store-y-interior-design-group\\\/\"},\"wordCount\":352,\"commentCount\":0,\"publisher\":{\"@id\":\"https:\\\/\\\/lightweb.dev\\\/l\\\/svm-temp\\\/#organization\"},\"image\":{\"@id\":\"https:\\\/\\\/lightweb.dev\\\/l\\\/svm-temp\\\/artiklar\\\/makeover-styling-av-store-y-interior-design-group\\\/#primaryimage\"},\"thumbnailUrl\":\"https:\\\/\\\/lightweb.dev\\\/l\\\/svm-temp\\\/wp-content\\\/uploads\\\/2022\\\/04\\\/makeover-styling-av-store-y-interior-design-group.png\",\"articleSection\":[\"Artiklar\",\"Hem &amp; bostad\"],\"inLanguage\":\"sv-SE\"},{\"@type\":\"WebPage\",\"@id\":\"https:\\\/\\\/lightweb.dev\\\/l\\\/svm-temp\\\/artiklar\\\/makeover-styling-av-store-y-interior-design-group\\\/\",\"url\":\"https:\\\/\\\/lightweb.dev\\\/l\\\/svm-temp\\\/artiklar\\\/makeover-styling-av-store-y-interior-design-group\\\/\",\"name\":\"Makeover - styling av Store y Interior design group - Svenska Magasinet\",\"isPartOf\":{\"@id\":\"https:\\\/\\\/lightweb.dev\\\/l\\\/svm-temp\\\/#website\"},\"primaryImageOfPage\":{\"@id\":\"https:\\\/\\\/lightweb.dev\\\/l\\\/svm-temp\\\/artiklar\\\/makeover-styling-av-store-y-interior-design-group\\\/#primaryimage\"},\"image\":{\"@id\":\"https:\\\/\\\/lightweb.dev\\\/l\\\/svm-temp\\\/artiklar\\\/makeover-styling-av-store-y-interior-design-group\\\/#primaryimage\"},\"thumbnailUrl\":\"https:\\\/\\\/lightweb.dev\\\/l\\\/svm-temp\\\/wp-content\\\/uploads\\\/2022\\\/04\\\/makeover-styling-av-store-y-interior-design-group.png\",\"datePublished\":\"2015-03-10T23:00:00+00:00\",\"breadcrumb\":{\"@id\":\"https:\\\/\\\/lightweb.dev\\\/l\\\/svm-temp\\\/artiklar\\\/makeover-styling-av-store-y-interior-design-group\\\/#breadcrumb\"},\"inLanguage\":\"sv-SE\",\"potentialAction\":[{\"@type\":\"ReadAction\",\"target\":[\"https:\\\/\\\/lightweb.dev\\\/l\\\/svm-temp\\\/artiklar\\\/makeover-styling-av-store-y-interior-design-group\\\/\"]}]},{\"@type\":\"ImageObject\",\"inLanguage\":\"sv-SE\",\"@id\":\"https:\\\/\\\/lightweb.dev\\\/l\\\/svm-temp\\\/artiklar\\\/makeover-styling-av-store-y-interior-design-group\\\/#primaryimage\",\"url\":\"https:\\\/\\\/lightweb.dev\\\/l\\\/svm-temp\\\/wp-content\\\/uploads\\\/2022\\\/04\\\/makeover-styling-av-store-y-interior-design-group.png\",\"contentUrl\":\"https:\\\/\\\/lightweb.dev\\\/l\\\/svm-temp\\\/wp-content\\\/uploads\\\/2022\\\/04\\\/makeover-styling-av-store-y-interior-design-group.png\",\"width\":300,\"height\":200},{\"@type\":\"BreadcrumbList\",\"@id\":\"https:\\\/\\\/lightweb.dev\\\/l\\\/svm-temp\\\/artiklar\\\/makeover-styling-av-store-y-interior-design-group\\\/#breadcrumb\",\"itemListElement\":[{\"@type\":\"ListItem\",\"position\":1,\"name\":\"Hem\",\"item\":\"https:\\\/\\\/lightweb.dev\\\/l\\\/svm-temp\\\/\"},{\"@type\":\"ListItem\",\"position\":2,\"name\":\"Makeover &#8211; styling av Store y Interior design group\"}]},{\"@type\":\"WebSite\",\"@id\":\"https:\\\/\\\/lightweb.dev\\\/l\\\/svm-temp\\\/#website\",\"url\":\"https:\\\/\\\/lightweb.dev\\\/l\\\/svm-temp\\\/\",\"name\":\"Svenska Magasinet\",\"description\":\"Dina Spanska nyheter p&aring; Svenska\",\"publisher\":{\"@id\":\"https:\\\/\\\/lightweb.dev\\\/l\\\/svm-temp\\\/#organization\"},\"potentialAction\":[{\"@type\":\"SearchAction\",\"target\":{\"@type\":\"EntryPoint\",\"urlTemplate\":\"https:\\\/\\\/lightweb.dev\\\/l\\\/svm-temp\\\/?s={search_term_string}\"},\"query-input\":{\"@type\":\"PropertyValueSpecification\",\"valueRequired\":true,\"valueName\":\"search_term_string\"}}],\"inLanguage\":\"sv-SE\"},{\"@type\":\"Organization\",\"@id\":\"https:\\\/\\\/lightweb.dev\\\/l\\\/svm-temp\\\/#organization\",\"name\":\"Melkerson y Nott SL\",\"alternateName\":\"Svenska Magasinet\",\"url\":\"https:\\\/\\\/lightweb.dev\\\/l\\\/svm-temp\\\/\",\"logo\":{\"@type\":\"ImageObject\",\"inLanguage\":\"sv-SE\",\"@id\":\"https:\\\/\\\/lightweb.dev\\\/l\\\/svm-temp\\\/#\\\/schema\\\/logo\\\/image\\\/\",\"url\":\"https:\\\/\\\/lightweb.dev\\\/l\\\/svm-temp\\\/wp-content\\\/uploads\\\/2025\\\/02\\\/SvM-logo-Xtra-Centrerad-SVART.png\",\"contentUrl\":\"https:\\\/\\\/lightweb.dev\\\/l\\\/svm-temp\\\/wp-content\\\/uploads\\\/2025\\\/02\\\/SvM-logo-Xtra-Centrerad-SVART.png\",\"width\":300,\"height\":99,\"caption\":\"Melkerson y Nott SL\"},\"image\":{\"@id\":\"https:\\\/\\\/lightweb.dev\\\/l\\\/svm-temp\\\/#\\\/schema\\\/logo\\\/image\\\/\"},\"sameAs\":[\"https:\\\/\\\/www.facebook.com\\\/svenskamagasinet\",\"https:\\\/\\\/x.com\\\/SvenskaMagasine\"]},{\"@type\":\"Person\",\"@id\":\"https:\\\/\\\/lightweb.dev\\\/l\\\/svm-temp\\\/#\\\/schema\\\/person\\\/206a3bda5b607b0c25e1749191e4d837\",\"name\":\"Redaktionen SvM\",\"description\":\"Redaktionen\",\"sameAs\":[\"https:\\\/\\\/lightweb.dev\\\/l\\\/svm-temp\"],\"url\":\"https:\\\/\\\/lightweb.dev\\\/l\\\/svm-temp\\\/reporter\\\/redaktionen\\\/\"}]}<\/script>\n<!-- \/ Yoast SEO Premium plugin. -->","yoast_head_json":{"title":"Makeover - styling av Store y Interior design group - Svenska Magasinet","robots":{"index":"noindex","follow":"follow","max-snippet":"max-snippet:-1","max-image-preview":"max-image-preview:large","max-video-preview":"max-video-preview:-1"},"og_locale":"sv_SE","og_type":"article","og_title":"Makeover - styling av Store y Interior design group","og_description":"VI FICK I UPPDRAG ATT INREDA en l\u00e4genhet inf\u00f6r f\u00f6rs\u00e4ljning. L\u00e4genheten ligger i Las Tortugas, Nueva Andalucia och best\u00e5r av tv\u00e5 sovrum, tv\u00e5 badrum, k\u00f6k, vardagsrum och tv\u00e5 terrasser. Vi b\u00f6rjade med att m\u00e5la alla rummen i en neutral, mjuk ton. M\u00e5let var att skapa en internationell, stilren k\u00e4nsla. N\u00e5got som passar spekulanter av alla [&hellip;]","og_url":"https:\/\/lightweb.dev\/l\/svm-temp\/artiklar\/makeover-styling-av-store-y-interior-design-group\/","og_site_name":"Svenska Magasinet","article_publisher":"https:\/\/www.facebook.com\/svenskamagasinet","article_published_time":"2015-03-10T23:00:00+00:00","og_image":[{"width":300,"height":200,"url":"https:\/\/lightweb.dev\/l\/svm-temp\/wp-content\/uploads\/2022\/04\/makeover-styling-av-store-y-interior-design-group.png","type":"image\/png"}],"author":"Redaktionen SvM","twitter_card":"summary_large_image","twitter_creator":"@SvenskaMagasine","twitter_site":"@SvenskaMagasine","schema":{"@context":"https:\/\/schema.org","@graph":[{"@type":"Article","@id":"https:\/\/lightweb.dev\/l\/svm-temp\/artiklar\/makeover-styling-av-store-y-interior-design-group\/#article","isPartOf":{"@id":"https:\/\/lightweb.dev\/l\/svm-temp\/artiklar\/makeover-styling-av-store-y-interior-design-group\/"},"author":{"name":"Redaktionen SvM","@id":"https:\/\/lightweb.dev\/l\/svm-temp\/#\/schema\/person\/206a3bda5b607b0c25e1749191e4d837"},"headline":"Makeover &#8211; styling av Store y Interior design group","datePublished":"2015-03-10T23:00:00+00:00","mainEntityOfPage":{"@id":"https:\/\/lightweb.dev\/l\/svm-temp\/artiklar\/makeover-styling-av-store-y-interior-design-group\/"},"wordCount":352,"commentCount":0,"publisher":{"@id":"https:\/\/lightweb.dev\/l\/svm-temp\/#organization"},"image":{"@id":"https:\/\/lightweb.dev\/l\/svm-temp\/artiklar\/makeover-styling-av-store-y-interior-design-group\/#primaryimage"},"thumbnailUrl":"https:\/\/lightweb.dev\/l\/svm-temp\/wp-content\/uploads\/2022\/04\/makeover-styling-av-store-y-interior-design-group.png","articleSection":["Artiklar","Hem &amp; bostad"],"inLanguage":"sv-SE"},{"@type":"WebPage","@id":"https:\/\/lightweb.dev\/l\/svm-temp\/artiklar\/makeover-styling-av-store-y-interior-design-group\/","url":"https:\/\/lightweb.dev\/l\/svm-temp\/artiklar\/makeover-styling-av-store-y-interior-design-group\/","name":"Makeover - styling av Store y Interior design group - Svenska Magasinet","isPartOf":{"@id":"https:\/\/lightweb.dev\/l\/svm-temp\/#website"},"primaryImageOfPage":{"@id":"https:\/\/lightweb.dev\/l\/svm-temp\/artiklar\/makeover-styling-av-store-y-interior-design-group\/#primaryimage"},"image":{"@id":"https:\/\/lightweb.dev\/l\/svm-temp\/artiklar\/makeover-styling-av-store-y-interior-design-group\/#primaryimage"},"thumbnailUrl":"https:\/\/lightweb.dev\/l\/svm-temp\/wp-content\/uploads\/2022\/04\/makeover-styling-av-store-y-interior-design-group.png","datePublished":"2015-03-10T23:00:00+00:00","breadcrumb":{"@id":"https:\/\/lightweb.dev\/l\/svm-temp\/artiklar\/makeover-styling-av-store-y-interior-design-group\/#breadcrumb"},"inLanguage":"sv-SE","potentialAction":[{"@type":"ReadAction","target":["https:\/\/lightweb.dev\/l\/svm-temp\/artiklar\/makeover-styling-av-store-y-interior-design-group\/"]}]},{"@type":"ImageObject","inLanguage":"sv-SE","@id":"https:\/\/lightweb.dev\/l\/svm-temp\/artiklar\/makeover-styling-av-store-y-interior-design-group\/#primaryimage","url":"https:\/\/lightweb.dev\/l\/svm-temp\/wp-content\/uploads\/2022\/04\/makeover-styling-av-store-y-interior-design-group.png","contentUrl":"https:\/\/lightweb.dev\/l\/svm-temp\/wp-content\/uploads\/2022\/04\/makeover-styling-av-store-y-interior-design-group.png","width":300,"height":200},{"@type":"BreadcrumbList","@id":"https:\/\/lightweb.dev\/l\/svm-temp\/artiklar\/makeover-styling-av-store-y-interior-design-group\/#breadcrumb","itemListElement":[{"@type":"ListItem","position":1,"name":"Hem","item":"https:\/\/lightweb.dev\/l\/svm-temp\/"},{"@type":"ListItem","position":2,"name":"Makeover &#8211; styling av Store y Interior design group"}]},{"@type":"WebSite","@id":"https:\/\/lightweb.dev\/l\/svm-temp\/#website","url":"https:\/\/lightweb.dev\/l\/svm-temp\/","name":"Svenska Magasinet","description":"Dina Spanska nyheter p&aring; Svenska","publisher":{"@id":"https:\/\/lightweb.dev\/l\/svm-temp\/#organization"},"potentialAction":[{"@type":"SearchAction","target":{"@type":"EntryPoint","urlTemplate":"https:\/\/lightweb.dev\/l\/svm-temp\/?s={search_term_string}"},"query-input":{"@type":"PropertyValueSpecification","valueRequired":true,"valueName":"search_term_string"}}],"inLanguage":"sv-SE"},{"@type":"Organization","@id":"https:\/\/lightweb.dev\/l\/svm-temp\/#organization","name":"Melkerson y Nott SL","alternateName":"Svenska Magasinet","url":"https:\/\/lightweb.dev\/l\/svm-temp\/","logo":{"@type":"ImageObject","inLanguage":"sv-SE","@id":"https:\/\/lightweb.dev\/l\/svm-temp\/#\/schema\/logo\/image\/","url":"https:\/\/lightweb.dev\/l\/svm-temp\/wp-content\/uploads\/2025\/02\/SvM-logo-Xtra-Centrerad-SVART.png","contentUrl":"https:\/\/lightweb.dev\/l\/svm-temp\/wp-content\/uploads\/2025\/02\/SvM-logo-Xtra-Centrerad-SVART.png","width":300,"height":99,"caption":"Melkerson y Nott SL"},"image":{"@id":"https:\/\/lightweb.dev\/l\/svm-temp\/#\/schema\/logo\/image\/"},"sameAs":["https:\/\/www.facebook.com\/svenskamagasinet","https:\/\/x.com\/SvenskaMagasine"]},{"@type":"Person","@id":"https:\/\/lightweb.dev\/l\/svm-temp\/#\/schema\/person\/206a3bda5b607b0c25e1749191e4d837","name":"Redaktionen SvM","description":"Redaktionen","sameAs":["https:\/\/lightweb.dev\/l\/svm-temp"],"url":"https:\/\/lightweb.dev\/l\/svm-temp\/reporter\/redaktionen\/"}]}},"_links":{"self":[{"href":"https:\/\/lightweb.dev\/l\/svm-temp\/wp-json\/wp\/v2\/posts\/5178","targetHints":{"allow":["GET"]}}],"collection":[{"href":"https:\/\/lightweb.dev\/l\/svm-temp\/wp-json\/wp\/v2\/posts"}],"about":[{"href":"https:\/\/lightweb.dev\/l\/svm-temp\/wp-json\/wp\/v2\/types\/post"}],"author":[{"embeddable":true,"href":"https:\/\/lightweb.dev\/l\/svm-temp\/wp-json\/wp\/v2\/users\/8"}],"replies":[{"embeddable":true,"href":"https:\/\/lightweb.dev\/l\/svm-temp\/wp-json\/wp\/v2\/comments?post=5178"}],"version-history":[{"count":0,"href":"https:\/\/lightweb.dev\/l\/svm-temp\/wp-json\/wp\/v2\/posts\/5178\/revisions"}],"wp:featuredmedia":[{"embeddable":true,"href":"https:\/\/lightweb.dev\/l\/svm-temp\/wp-json\/wp\/v2\/media\/5179"}],"wp:attachment":[{"href":"https:\/\/lightweb.dev\/l\/svm-temp\/wp-json\/wp\/v2\/media?parent=5178"}],"wp:term":[{"taxonomy":"category","embeddable":true,"href":"https:\/\/lightweb.dev\/l\/svm-temp\/wp-json\/wp\/v2\/categories?post=5178"},{"taxonomy":"post_tag","embeddable":true,"href":"https:\/\/lightweb.dev\/l\/svm-temp\/wp-json\/wp\/v2\/tags?post=5178"}],"curies":[{"name":"wp","href":"https:\/\/api.w.org\/{rel}","templated":true}]}}