{"id":5180,"date":"2015-03-11T00:00:00","date_gmt":"2015-03-10T23:00:00","guid":{"rendered":"https:\/\/lightweb.dev\/l\/svm-temp\/eurozones-snabbaste-vaxande-ekonomi\/"},"modified":"2015-03-11T00:00:00","modified_gmt":"2015-03-10T23:00:00","slug":"eurozones-snabbaste-vaxande-ekonomi","status":"publish","type":"post","link":"https:\/\/lightweb.dev\/l\/svm-temp\/artiklar\/eurozones-snabbaste-vaxande-ekonomi\/","title":{"rendered":"Eurozones snabbaste v\u00e4xande ekonomi"},"content":{"rendered":"<p> ATT BESKRIVA DEN EKONOMISKA UTVECKLINGEN i Spanien utan att framst\u00e5 som en talesperson f\u00f6r Mariano Rajoys lyckade finanspolitik \u00e4r en utmaning. Krismedvetande i den mediala bevakningen vill normalt vara tongivande l\u00e5ng tid efter aggregerade data b\u00f6rjar peka p\u00e5 ekonomiska f\u00f6rb\u00e4ttringar. Syftet med att belysa \u00e4ndringar i finansiell data \u00e4r inte att f\u00f6rdela skuld f\u00f6r krisen eller \u00e4ran f\u00f6r den \u00e5terh\u00e4mtningen som \u00e4ger rum. Av Ruben Larsen, Haga Kapital<br \/>\ne-post: ruben@hagakapital.se, +34 616 854 498<\/p>\n<p>F\u00f6r att belysa utvecklingen p\u00e5 arbetsmarknaden tittar jag p\u00e5 data fr\u00e5n INE perioden Q1 2013 till och med Q4 2014. Personer i arbete \u00f6kade med 934 400. Arbetsl\u00f6sa minskade med 745 000. Arbetsl\u00f6sheten \u00e4r i dag 23,7 % men trender tydligt ned\u00e5t. Genomsnittlig arbetsl\u00f6shet i Spanien sen 1976 \u00e4r 16,32% (trading economics).<\/p>\n<p>Demografiska data avviker till stor del fr\u00e5n bilden d\u00e4r \u00f6verv\u00e4gande h\u00f6gutbildade spanioler representerar statistiken. Emigranterna fr\u00e5n Spanien \u00e4r i huvudsak personer som immigrerade fr\u00e5n spansktalande l\u00e4nder i Sydamerika till Spanien under byggboomen \u00e5ren 2000 till 2008.<\/p>\n<p>N\u00e4r vi tittar p\u00e5 f\u00f6ruts\u00e4ttningar f\u00f6r BNP-tillv\u00e4xt s\u00e5 vill en befolkning som minskar vara problematisk d\u00e5 deltagare i ekonomin minskar. I det korta perspektivet \u00e4r detta positiv d\u00e5 emigranterna till st\u00f6rsta del \u00e4r arbetsl\u00f6sa som flyttar. I f\u00f6rl\u00e4ngningen vill minskad kapacitet p\u00e5 arbetsmarknaden resultera i h\u00f6gre l\u00f6ner och \u00f6ka konsumptionsf\u00f6rm\u00e5gan.<\/p>\n<p>Om vi g\u00f6r ett exempel p\u00e5 en ekonomi som producerar 10 br\u00f6dlimpor under ett \u00e5r till ett pris p\u00e5 20 kronor vill denna ekonomi ha ett summerad BNP p\u00e5 200 (10*20). Om samma ekonomi n\u00e4sta \u00e5r \u00f6kar produktionen till 12 br\u00f6dlimpor samt att priset p\u00e5 br\u00f6d minskar fr\u00e5n 20 till 15 kronor s\u00e5 vill resultatet ge ett BNP p\u00e5 180 (12*15).  Trots en \u00f6kning i producerade enheter med 20 % minskar BNP fr\u00e5n 200 till 180.<br \/>\nExemplet relevant f\u00f6r Spanien d\u00e5 vi har sett fallande priser under en l\u00e4ngre tid. Trots fallande priser har trenden i Spaniens BNP utveckling fr\u00e5n sista kvartalet 2012 v\u00e4nt och fr\u00e5n f\u00f6rsta kvartalet 2014 varit klart positivt.<\/p>\n<p>I skrivande stund ligger vi i \u00e5rstakt p\u00e5 2 %. Europeiska kommissionens prognos f\u00f6r 2015 ligger p\u00e5 2,3 %. Flera analyshus har tagit h\u00f6jd f\u00f6r ett oljepris p\u00e5 65 usd och d\u00e4rf\u00f6r prognostiserat med en BNP-tillv\u00e4xt i spannet 2,7 % till 3 % f\u00f6r 2015.<\/p>\n<p>Omfattande kvantitativa l\u00e4ttnader har f\u00f6rsvagat globala valutor i relation till euron. Trenden kommer att \u00e4ndras med ECBs m\u00e5natliga likviditetsinjektion p\u00e5 60 mrd Euro. En billigare euro och en dyrare dollar vill leda till pris\u00f6kningar i eurozonen samt lyfte exporten.<\/p>\n<p>Vi ser en markant \u00f6kning i hush\u00e5llskonsumtion. Investeringar \u00f6kar men statlig konsumtion har minskat och importen \u00e4r h\u00f6gre en export. Den ekonomiska \u00e5terh\u00e4mtningen \u00e4r st\u00e4rk men lever i skuggan av Grekland och Ukraina.<\/p>\n<p>Konfidensindikatorn hos hush\u00e5ll och f\u00f6retag ligger p\u00e5 f\u00f6rkrisniv\u00e5. Enligt ECBs Bank Lending Survey s\u00e5 \u00f6kar kreditgivningen och drivs av starkare efterfr\u00e5gan, l\u00e4ttare krav vid kreditbed\u00f6mningen samt l\u00e4gre r\u00e4ntor.<\/p>\n<p>Fr\u00e5gan blir dok n\u00e4r utvecklingen p\u00e5 riktigt kommer elda p\u00e5 aktiekurser? Svaret blir en kvalificerad gissning men Spanska bolag p\u00e5 r\u00e4tt sida av energipriserna kommer att \u00f6verraska p\u00e5 uppsidan.<\/p>\n","protected":false},"excerpt":{"rendered":"<p>ATT BESKRIVA DEN EKONOMISKA UTVECKLINGEN i Spanien utan att framst\u00e5 som en talesperson f\u00f6r Mariano Rajoys lyckade finanspolitik \u00e4r en utmaning. Krismedvetande i den mediala bevakningen vill normalt vara tongivande l\u00e5ng tid efter aggregerade data b\u00f6rjar peka p\u00e5 ekonomiska f\u00f6rb\u00e4ttringar. Syftet med att belysa \u00e4ndringar i finansiell data \u00e4r inte att f\u00f6rdela skuld f\u00f6r krisen [&hellip;]<\/p>\n","protected":false},"author":8,"featured_media":5181,"comment_status":"open","ping_status":"open","sticky":false,"template":"","format":"standard","meta":{"_et_pb_use_builder":"","_et_pb_old_content":"","_et_gb_content_width":"","footnotes":""},"categories":[4,398],"tags":[],"class_list":["post-5180","post","type-post","status-publish","format-standard","has-post-thumbnail","hentry","category-artiklar","category-naringsliv"],"yoast_head":"<!-- This site is optimized with the Yoast SEO Premium plugin v26.2 (Yoast SEO v27.4) - https:\/\/yoast.com\/product\/yoast-seo-premium-wordpress\/ -->\n<title>Eurozones snabbaste v\u00e4xande ekonomi - Svenska Magasinet<\/title>\n<meta name=\"robots\" content=\"noindex, follow, max-snippet:-1, max-image-preview:large, max-video-preview:-1\" \/>\n<meta property=\"og:locale\" content=\"sv_SE\" \/>\n<meta property=\"og:type\" content=\"article\" \/>\n<meta property=\"og:title\" content=\"Eurozones snabbaste v\u00e4xande ekonomi\" \/>\n<meta property=\"og:description\" content=\"ATT BESKRIVA DEN EKONOMISKA UTVECKLINGEN i Spanien utan att framst\u00e5 som en talesperson f\u00f6r Mariano Rajoys lyckade finanspolitik \u00e4r en utmaning. Krismedvetande i den mediala bevakningen vill normalt vara tongivande l\u00e5ng tid efter aggregerade data b\u00f6rjar peka p\u00e5 ekonomiska f\u00f6rb\u00e4ttringar. Syftet med att belysa \u00e4ndringar i finansiell data \u00e4r inte att f\u00f6rdela skuld f\u00f6r krisen [&hellip;]\" \/>\n<meta property=\"og:url\" content=\"https:\/\/lightweb.dev\/l\/svm-temp\/artiklar\/eurozones-snabbaste-vaxande-ekonomi\/\" \/>\n<meta property=\"og:site_name\" content=\"Svenska Magasinet\" \/>\n<meta property=\"article:publisher\" content=\"https:\/\/www.facebook.com\/svenskamagasinet\" \/>\n<meta property=\"article:published_time\" content=\"2015-03-10T23:00:00+00:00\" \/>\n<meta property=\"og:image\" content=\"https:\/\/lightweb.dev\/l\/svm-temp\/wp-content\/uploads\/2022\/04\/eurozones-snabbaste-vxande-ekonomi.png\" \/>\n\t<meta property=\"og:image:width\" content=\"356\" \/>\n\t<meta property=\"og:image:height\" content=\"200\" \/>\n\t<meta property=\"og:image:type\" content=\"image\/png\" \/>\n<meta name=\"author\" content=\"Redaktionen SvM\" \/>\n<meta name=\"twitter:card\" content=\"summary_large_image\" \/>\n<meta name=\"twitter:creator\" content=\"@SvenskaMagasine\" \/>\n<meta name=\"twitter:site\" content=\"@SvenskaMagasine\" \/>\n<script type=\"application\/ld+json\" class=\"yoast-schema-graph\">{\"@context\":\"https:\\\/\\\/schema.org\",\"@graph\":[{\"@type\":\"Article\",\"@id\":\"https:\\\/\\\/lightweb.dev\\\/l\\\/svm-temp\\\/artiklar\\\/eurozones-snabbaste-vaxande-ekonomi\\\/#article\",\"isPartOf\":{\"@id\":\"https:\\\/\\\/lightweb.dev\\\/l\\\/svm-temp\\\/artiklar\\\/eurozones-snabbaste-vaxande-ekonomi\\\/\"},\"author\":{\"name\":\"Redaktionen SvM\",\"@id\":\"https:\\\/\\\/lightweb.dev\\\/l\\\/svm-temp\\\/#\\\/schema\\\/person\\\/206a3bda5b607b0c25e1749191e4d837\"},\"headline\":\"Eurozones snabbaste v\u00e4xande ekonomi\",\"datePublished\":\"2015-03-10T23:00:00+00:00\",\"mainEntityOfPage\":{\"@id\":\"https:\\\/\\\/lightweb.dev\\\/l\\\/svm-temp\\\/artiklar\\\/eurozones-snabbaste-vaxande-ekonomi\\\/\"},\"wordCount\":536,\"commentCount\":0,\"publisher\":{\"@id\":\"https:\\\/\\\/lightweb.dev\\\/l\\\/svm-temp\\\/#organization\"},\"image\":{\"@id\":\"https:\\\/\\\/lightweb.dev\\\/l\\\/svm-temp\\\/artiklar\\\/eurozones-snabbaste-vaxande-ekonomi\\\/#primaryimage\"},\"thumbnailUrl\":\"https:\\\/\\\/lightweb.dev\\\/l\\\/svm-temp\\\/wp-content\\\/uploads\\\/2022\\\/04\\\/eurozones-snabbaste-vxande-ekonomi.png\",\"articleSection\":[\"Artiklar\",\"N\u00e4ringsliv\"],\"inLanguage\":\"sv-SE\"},{\"@type\":\"WebPage\",\"@id\":\"https:\\\/\\\/lightweb.dev\\\/l\\\/svm-temp\\\/artiklar\\\/eurozones-snabbaste-vaxande-ekonomi\\\/\",\"url\":\"https:\\\/\\\/lightweb.dev\\\/l\\\/svm-temp\\\/artiklar\\\/eurozones-snabbaste-vaxande-ekonomi\\\/\",\"name\":\"Eurozones snabbaste v\u00e4xande ekonomi - Svenska Magasinet\",\"isPartOf\":{\"@id\":\"https:\\\/\\\/lightweb.dev\\\/l\\\/svm-temp\\\/#website\"},\"primaryImageOfPage\":{\"@id\":\"https:\\\/\\\/lightweb.dev\\\/l\\\/svm-temp\\\/artiklar\\\/eurozones-snabbaste-vaxande-ekonomi\\\/#primaryimage\"},\"image\":{\"@id\":\"https:\\\/\\\/lightweb.dev\\\/l\\\/svm-temp\\\/artiklar\\\/eurozones-snabbaste-vaxande-ekonomi\\\/#primaryimage\"},\"thumbnailUrl\":\"https:\\\/\\\/lightweb.dev\\\/l\\\/svm-temp\\\/wp-content\\\/uploads\\\/2022\\\/04\\\/eurozones-snabbaste-vxande-ekonomi.png\",\"datePublished\":\"2015-03-10T23:00:00+00:00\",\"breadcrumb\":{\"@id\":\"https:\\\/\\\/lightweb.dev\\\/l\\\/svm-temp\\\/artiklar\\\/eurozones-snabbaste-vaxande-ekonomi\\\/#breadcrumb\"},\"inLanguage\":\"sv-SE\",\"potentialAction\":[{\"@type\":\"ReadAction\",\"target\":[\"https:\\\/\\\/lightweb.dev\\\/l\\\/svm-temp\\\/artiklar\\\/eurozones-snabbaste-vaxande-ekonomi\\\/\"]}]},{\"@type\":\"ImageObject\",\"inLanguage\":\"sv-SE\",\"@id\":\"https:\\\/\\\/lightweb.dev\\\/l\\\/svm-temp\\\/artiklar\\\/eurozones-snabbaste-vaxande-ekonomi\\\/#primaryimage\",\"url\":\"https:\\\/\\\/lightweb.dev\\\/l\\\/svm-temp\\\/wp-content\\\/uploads\\\/2022\\\/04\\\/eurozones-snabbaste-vxande-ekonomi.png\",\"contentUrl\":\"https:\\\/\\\/lightweb.dev\\\/l\\\/svm-temp\\\/wp-content\\\/uploads\\\/2022\\\/04\\\/eurozones-snabbaste-vxande-ekonomi.png\",\"width\":356,\"height\":200},{\"@type\":\"BreadcrumbList\",\"@id\":\"https:\\\/\\\/lightweb.dev\\\/l\\\/svm-temp\\\/artiklar\\\/eurozones-snabbaste-vaxande-ekonomi\\\/#breadcrumb\",\"itemListElement\":[{\"@type\":\"ListItem\",\"position\":1,\"name\":\"Hem\",\"item\":\"https:\\\/\\\/lightweb.dev\\\/l\\\/svm-temp\\\/\"},{\"@type\":\"ListItem\",\"position\":2,\"name\":\"Eurozones snabbaste v\u00e4xande ekonomi\"}]},{\"@type\":\"WebSite\",\"@id\":\"https:\\\/\\\/lightweb.dev\\\/l\\\/svm-temp\\\/#website\",\"url\":\"https:\\\/\\\/lightweb.dev\\\/l\\\/svm-temp\\\/\",\"name\":\"Svenska Magasinet\",\"description\":\"Dina Spanska nyheter p&aring; Svenska\",\"publisher\":{\"@id\":\"https:\\\/\\\/lightweb.dev\\\/l\\\/svm-temp\\\/#organization\"},\"potentialAction\":[{\"@type\":\"SearchAction\",\"target\":{\"@type\":\"EntryPoint\",\"urlTemplate\":\"https:\\\/\\\/lightweb.dev\\\/l\\\/svm-temp\\\/?s={search_term_string}\"},\"query-input\":{\"@type\":\"PropertyValueSpecification\",\"valueRequired\":true,\"valueName\":\"search_term_string\"}}],\"inLanguage\":\"sv-SE\"},{\"@type\":\"Organization\",\"@id\":\"https:\\\/\\\/lightweb.dev\\\/l\\\/svm-temp\\\/#organization\",\"name\":\"Melkerson y Nott SL\",\"alternateName\":\"Svenska Magasinet\",\"url\":\"https:\\\/\\\/lightweb.dev\\\/l\\\/svm-temp\\\/\",\"logo\":{\"@type\":\"ImageObject\",\"inLanguage\":\"sv-SE\",\"@id\":\"https:\\\/\\\/lightweb.dev\\\/l\\\/svm-temp\\\/#\\\/schema\\\/logo\\\/image\\\/\",\"url\":\"https:\\\/\\\/lightweb.dev\\\/l\\\/svm-temp\\\/wp-content\\\/uploads\\\/2025\\\/02\\\/SvM-logo-Xtra-Centrerad-SVART.png\",\"contentUrl\":\"https:\\\/\\\/lightweb.dev\\\/l\\\/svm-temp\\\/wp-content\\\/uploads\\\/2025\\\/02\\\/SvM-logo-Xtra-Centrerad-SVART.png\",\"width\":300,\"height\":99,\"caption\":\"Melkerson y Nott SL\"},\"image\":{\"@id\":\"https:\\\/\\\/lightweb.dev\\\/l\\\/svm-temp\\\/#\\\/schema\\\/logo\\\/image\\\/\"},\"sameAs\":[\"https:\\\/\\\/www.facebook.com\\\/svenskamagasinet\",\"https:\\\/\\\/x.com\\\/SvenskaMagasine\"]},{\"@type\":\"Person\",\"@id\":\"https:\\\/\\\/lightweb.dev\\\/l\\\/svm-temp\\\/#\\\/schema\\\/person\\\/206a3bda5b607b0c25e1749191e4d837\",\"name\":\"Redaktionen SvM\",\"description\":\"Redaktionen\",\"sameAs\":[\"https:\\\/\\\/lightweb.dev\\\/l\\\/svm-temp\"],\"url\":\"https:\\\/\\\/lightweb.dev\\\/l\\\/svm-temp\\\/reporter\\\/redaktionen\\\/\"}]}<\/script>\n<!-- \/ Yoast SEO Premium plugin. -->","yoast_head_json":{"title":"Eurozones snabbaste v\u00e4xande ekonomi - Svenska Magasinet","robots":{"index":"noindex","follow":"follow","max-snippet":"max-snippet:-1","max-image-preview":"max-image-preview:large","max-video-preview":"max-video-preview:-1"},"og_locale":"sv_SE","og_type":"article","og_title":"Eurozones snabbaste v\u00e4xande ekonomi","og_description":"ATT BESKRIVA DEN EKONOMISKA UTVECKLINGEN i Spanien utan att framst\u00e5 som en talesperson f\u00f6r Mariano Rajoys lyckade finanspolitik \u00e4r en utmaning. Krismedvetande i den mediala bevakningen vill normalt vara tongivande l\u00e5ng tid efter aggregerade data b\u00f6rjar peka p\u00e5 ekonomiska f\u00f6rb\u00e4ttringar. Syftet med att belysa \u00e4ndringar i finansiell data \u00e4r inte att f\u00f6rdela skuld f\u00f6r krisen [&hellip;]","og_url":"https:\/\/lightweb.dev\/l\/svm-temp\/artiklar\/eurozones-snabbaste-vaxande-ekonomi\/","og_site_name":"Svenska Magasinet","article_publisher":"https:\/\/www.facebook.com\/svenskamagasinet","article_published_time":"2015-03-10T23:00:00+00:00","og_image":[{"width":356,"height":200,"url":"https:\/\/lightweb.dev\/l\/svm-temp\/wp-content\/uploads\/2022\/04\/eurozones-snabbaste-vxande-ekonomi.png","type":"image\/png"}],"author":"Redaktionen SvM","twitter_card":"summary_large_image","twitter_creator":"@SvenskaMagasine","twitter_site":"@SvenskaMagasine","schema":{"@context":"https:\/\/schema.org","@graph":[{"@type":"Article","@id":"https:\/\/lightweb.dev\/l\/svm-temp\/artiklar\/eurozones-snabbaste-vaxande-ekonomi\/#article","isPartOf":{"@id":"https:\/\/lightweb.dev\/l\/svm-temp\/artiklar\/eurozones-snabbaste-vaxande-ekonomi\/"},"author":{"name":"Redaktionen SvM","@id":"https:\/\/lightweb.dev\/l\/svm-temp\/#\/schema\/person\/206a3bda5b607b0c25e1749191e4d837"},"headline":"Eurozones snabbaste v\u00e4xande ekonomi","datePublished":"2015-03-10T23:00:00+00:00","mainEntityOfPage":{"@id":"https:\/\/lightweb.dev\/l\/svm-temp\/artiklar\/eurozones-snabbaste-vaxande-ekonomi\/"},"wordCount":536,"commentCount":0,"publisher":{"@id":"https:\/\/lightweb.dev\/l\/svm-temp\/#organization"},"image":{"@id":"https:\/\/lightweb.dev\/l\/svm-temp\/artiklar\/eurozones-snabbaste-vaxande-ekonomi\/#primaryimage"},"thumbnailUrl":"https:\/\/lightweb.dev\/l\/svm-temp\/wp-content\/uploads\/2022\/04\/eurozones-snabbaste-vxande-ekonomi.png","articleSection":["Artiklar","N\u00e4ringsliv"],"inLanguage":"sv-SE"},{"@type":"WebPage","@id":"https:\/\/lightweb.dev\/l\/svm-temp\/artiklar\/eurozones-snabbaste-vaxande-ekonomi\/","url":"https:\/\/lightweb.dev\/l\/svm-temp\/artiklar\/eurozones-snabbaste-vaxande-ekonomi\/","name":"Eurozones snabbaste v\u00e4xande ekonomi - Svenska Magasinet","isPartOf":{"@id":"https:\/\/lightweb.dev\/l\/svm-temp\/#website"},"primaryImageOfPage":{"@id":"https:\/\/lightweb.dev\/l\/svm-temp\/artiklar\/eurozones-snabbaste-vaxande-ekonomi\/#primaryimage"},"image":{"@id":"https:\/\/lightweb.dev\/l\/svm-temp\/artiklar\/eurozones-snabbaste-vaxande-ekonomi\/#primaryimage"},"thumbnailUrl":"https:\/\/lightweb.dev\/l\/svm-temp\/wp-content\/uploads\/2022\/04\/eurozones-snabbaste-vxande-ekonomi.png","datePublished":"2015-03-10T23:00:00+00:00","breadcrumb":{"@id":"https:\/\/lightweb.dev\/l\/svm-temp\/artiklar\/eurozones-snabbaste-vaxande-ekonomi\/#breadcrumb"},"inLanguage":"sv-SE","potentialAction":[{"@type":"ReadAction","target":["https:\/\/lightweb.dev\/l\/svm-temp\/artiklar\/eurozones-snabbaste-vaxande-ekonomi\/"]}]},{"@type":"ImageObject","inLanguage":"sv-SE","@id":"https:\/\/lightweb.dev\/l\/svm-temp\/artiklar\/eurozones-snabbaste-vaxande-ekonomi\/#primaryimage","url":"https:\/\/lightweb.dev\/l\/svm-temp\/wp-content\/uploads\/2022\/04\/eurozones-snabbaste-vxande-ekonomi.png","contentUrl":"https:\/\/lightweb.dev\/l\/svm-temp\/wp-content\/uploads\/2022\/04\/eurozones-snabbaste-vxande-ekonomi.png","width":356,"height":200},{"@type":"BreadcrumbList","@id":"https:\/\/lightweb.dev\/l\/svm-temp\/artiklar\/eurozones-snabbaste-vaxande-ekonomi\/#breadcrumb","itemListElement":[{"@type":"ListItem","position":1,"name":"Hem","item":"https:\/\/lightweb.dev\/l\/svm-temp\/"},{"@type":"ListItem","position":2,"name":"Eurozones snabbaste v\u00e4xande ekonomi"}]},{"@type":"WebSite","@id":"https:\/\/lightweb.dev\/l\/svm-temp\/#website","url":"https:\/\/lightweb.dev\/l\/svm-temp\/","name":"Svenska Magasinet","description":"Dina Spanska nyheter p&aring; Svenska","publisher":{"@id":"https:\/\/lightweb.dev\/l\/svm-temp\/#organization"},"potentialAction":[{"@type":"SearchAction","target":{"@type":"EntryPoint","urlTemplate":"https:\/\/lightweb.dev\/l\/svm-temp\/?s={search_term_string}"},"query-input":{"@type":"PropertyValueSpecification","valueRequired":true,"valueName":"search_term_string"}}],"inLanguage":"sv-SE"},{"@type":"Organization","@id":"https:\/\/lightweb.dev\/l\/svm-temp\/#organization","name":"Melkerson y Nott SL","alternateName":"Svenska Magasinet","url":"https:\/\/lightweb.dev\/l\/svm-temp\/","logo":{"@type":"ImageObject","inLanguage":"sv-SE","@id":"https:\/\/lightweb.dev\/l\/svm-temp\/#\/schema\/logo\/image\/","url":"https:\/\/lightweb.dev\/l\/svm-temp\/wp-content\/uploads\/2025\/02\/SvM-logo-Xtra-Centrerad-SVART.png","contentUrl":"https:\/\/lightweb.dev\/l\/svm-temp\/wp-content\/uploads\/2025\/02\/SvM-logo-Xtra-Centrerad-SVART.png","width":300,"height":99,"caption":"Melkerson y Nott SL"},"image":{"@id":"https:\/\/lightweb.dev\/l\/svm-temp\/#\/schema\/logo\/image\/"},"sameAs":["https:\/\/www.facebook.com\/svenskamagasinet","https:\/\/x.com\/SvenskaMagasine"]},{"@type":"Person","@id":"https:\/\/lightweb.dev\/l\/svm-temp\/#\/schema\/person\/206a3bda5b607b0c25e1749191e4d837","name":"Redaktionen SvM","description":"Redaktionen","sameAs":["https:\/\/lightweb.dev\/l\/svm-temp"],"url":"https:\/\/lightweb.dev\/l\/svm-temp\/reporter\/redaktionen\/"}]}},"_links":{"self":[{"href":"https:\/\/lightweb.dev\/l\/svm-temp\/wp-json\/wp\/v2\/posts\/5180","targetHints":{"allow":["GET"]}}],"collection":[{"href":"https:\/\/lightweb.dev\/l\/svm-temp\/wp-json\/wp\/v2\/posts"}],"about":[{"href":"https:\/\/lightweb.dev\/l\/svm-temp\/wp-json\/wp\/v2\/types\/post"}],"author":[{"embeddable":true,"href":"https:\/\/lightweb.dev\/l\/svm-temp\/wp-json\/wp\/v2\/users\/8"}],"replies":[{"embeddable":true,"href":"https:\/\/lightweb.dev\/l\/svm-temp\/wp-json\/wp\/v2\/comments?post=5180"}],"version-history":[{"count":0,"href":"https:\/\/lightweb.dev\/l\/svm-temp\/wp-json\/wp\/v2\/posts\/5180\/revisions"}],"wp:featuredmedia":[{"embeddable":true,"href":"https:\/\/lightweb.dev\/l\/svm-temp\/wp-json\/wp\/v2\/media\/5181"}],"wp:attachment":[{"href":"https:\/\/lightweb.dev\/l\/svm-temp\/wp-json\/wp\/v2\/media?parent=5180"}],"wp:term":[{"taxonomy":"category","embeddable":true,"href":"https:\/\/lightweb.dev\/l\/svm-temp\/wp-json\/wp\/v2\/categories?post=5180"},{"taxonomy":"post_tag","embeddable":true,"href":"https:\/\/lightweb.dev\/l\/svm-temp\/wp-json\/wp\/v2\/tags?post=5180"}],"curies":[{"name":"wp","href":"https:\/\/api.w.org\/{rel}","templated":true}]}}