{"id":5184,"date":"2015-03-11T00:00:00","date_gmt":"2015-03-10T23:00:00","guid":{"rendered":"https:\/\/lightweb.dev\/l\/svm-temp\/fraga-maklaren-hur-skall-jag-valja-ratt-maklare-och-vad-ska-jag-speciellt-tanka-pa-nar-jag-ska-salja\/"},"modified":"2015-03-11T00:00:00","modified_gmt":"2015-03-10T23:00:00","slug":"fraga-maklaren-hur-skall-jag-valja-ratt-maklare-och-vad-ska-jag-speciellt-tanka-pa-nar-jag-ska-salja","status":"publish","type":"post","link":"https:\/\/lightweb.dev\/l\/svm-temp\/artiklar\/fraga-maklaren-hur-skall-jag-valja-ratt-maklare-och-vad-ska-jag-speciellt-tanka-pa-nar-jag-ska-salja\/","title":{"rendered":"Fr\u00e5ga m\u00e4klaren: Hur skall jag v\u00e4lja r\u00e4tt m\u00e4klare och vad ska jag speciellt t\u00e4nka p\u00e5 n\u00e4r jag ska s\u00e4lja?"},"content":{"rendered":"<p> Lars Arvid Enokssons fr\u00e5ga: Hej Sven, hur skall jag v\u00e4lja r\u00e4tt m\u00e4klare och vad ska jag speciellt t\u00e4nka p\u00e5 n\u00e4r jag ska s\u00e4lja? Av Sven F. K\u00e4llstr\u00f6m, \u00e4gare till Alamo Costa del Sol Real Estate<\/p>\n<p>Valet av m\u00e4klare b\u00f6r best\u00e4mmas p\u00e5 grundval av flera saker. \u00c4r du fr\u00e5n Sverige kan det vara en god id\u00e9 att anv\u00e4nda en svensktalande m\u00e4klare som har ett gott rykte samt en lokalk\u00e4nnedom i omr\u00e5det d\u00e4r din bostad ligger. Det \u00e4r inte s\u00e5 klokt att anlita en m\u00e4klare fr\u00e5n Marbella f\u00f6r att s\u00e4lja sin bostad i Fuengirola och vice versa. Har n\u00e5gon av dina grannar s\u00e5lt nyligen s\u00e5 kan det vara klokt att h\u00f6ra om de kan rekommendera den m\u00e4klare de anlitat.<\/p>\n<p>Ska du s\u00e4lja genom en eller flera fastighetsm\u00e4klare?<br \/>\nM\u00e4klarna i Spanien arbetar helt annorlunda \u00e4n i Sverige. H\u00e4r l\u00e4mnar s\u00e4ljaren ofta ut sina fastigheter till fler m\u00e4klare som kan s\u00e4lja din bostad samtidigt. Det \u00e4r viktigt f\u00f6r dig att veta att du betalar bara provisionen till den m\u00e4klare som s\u00e4ljare din bostad. Du betalar en m\u00e4klarprovision som normalt \u00e4r 5 % + 21 % moms ber\u00e4knat p\u00e5 det slutgiltiga f\u00f6rs\u00e4ljningspriset. Merparten av m\u00e4klarna p\u00e5 Costa del Sol \u00e4r anslutna till olika databaser d\u00e4r ALLA objekt som finns till salu p\u00e5 Costa del Sol \u00e4r samlade. Din m\u00e4klare kan allts\u00e5 hitta en kund till din fastighet genom en annan m\u00e4klare och d\u00e5 delar de tv\u00e5 m\u00e4klarna p\u00e5 provisionen 50\/50.<\/p>\n<p>Hur f\u00f6rs\u00e4krar du dig om att bara betala m\u00e4klararvodet till en m\u00e4klare om jag anv\u00e4nder mig av flera?<br \/>\nI alla normala fall skall endast den m\u00e4klaren som har genomf\u00f6rt aff\u00e4ren ha provision. Om du har underskrivit ett f\u00f6rs\u00e4ljningsavtal som klart s\u00e4ger att det inte \u00e4r exklusivt s\u00e5 har du m\u00f6jlighet att anv\u00e4nda dig av andra m\u00e4klare genom liknande icke exklusivt avtal. Om du d\u00e4remot har tecknat ett exklusivt f\u00f6rs\u00e4ljningsavtal s\u00e5 \u00e4r det annorlunda. D\u00e5 kan den m\u00e4klare kr\u00e4va dig p\u00e5 provision om det klart framg\u00e5r av avtalet att du inte f\u00e5r anv\u00e4nda dig av andra m\u00e4klare. L\u00e5t din advokat titta noga p\u00e5 det avtal du har skrivit under. Har du ingen advokat att fr\u00e5ga s\u00e5 kan du maila mig avtalet s\u00e5 skall jag hj\u00e4lpa dig att f\u00f6rklara vilken situation du har hamnat i.<\/p>\n<p>Vilka dokument beh\u00f6ver en m\u00e4klare fr\u00e5n dig som s\u00e4ljare?<br \/>\nKopior p\u00e5 de dokumenten som du m\u00e5ste presentera f\u00f6r din m\u00e4klare \u00e4r f\u00f6ljande:<br \/>\nDin lagfart (Escritura)<br \/>\nUtdrag ur fastighetsregistret (Nota Simple) som inte \u00e4r \u00e4ldre \u00e4n 3 m\u00e5nader<br \/>\nSenaste betald fastighetsskatt till kommunen (IBI)<br \/>\nSenaste betald avgift till hus\u00e4garf\u00f6reningen (Comunidad de Propietarios)<br \/>\nSenaste betald avgift f\u00f6r soph\u00e4mtning (Basura)<br \/>\nSpanskt personnummer (NIE)<br \/>\nEnergicertifikat (Certificado de eficiencia energ\u00e9tica)<\/p>\n<p>Hur kommer din bostad att marknadsf\u00f6ras?<br \/>\n\u00d6ver 75 % av alla kunder som k\u00f6per en bostad p\u00e5 Costa del Sol har hittat den p\u00e5 Internet. Marknadsf\u00f6ringen p\u00e5 Internet \u00e4r absolut n\u00f6dv\u00e4ndig f\u00f6r att din m\u00e4klare effektivt ska kunna s\u00e4lja din bostad. Detta kan vara en bra hemsida d\u00e4r ditt objekt presenteras och att hemsidan finns p\u00e5 flera spr\u00e5k \u00e4r en stor f\u00f6rdel. Medverkan i olika bostadsportaler i olika l\u00e4nder \u00e4r ocks\u00e5 n\u00e5got som vissa m\u00e4klare anv\u00e4nder sig av. Annonsering i de olika skandinaviska magasinen p\u00e5 Costa del Sol kan ocks\u00e5 ge k\u00f6pare. Att bara presentera ditt objekt i sitt skyltf\u00f6nster \u00e4r n\u00e4stan aldrig tillr\u00e4ckligt f\u00f6r att hitta en k\u00f6pare.<\/p>\n","protected":false},"excerpt":{"rendered":"<p>Lars Arvid Enokssons fr\u00e5ga: Hej Sven, hur skall jag v\u00e4lja r\u00e4tt m\u00e4klare och vad ska jag speciellt t\u00e4nka p\u00e5 n\u00e4r jag ska s\u00e4lja? Av Sven F. K\u00e4llstr\u00f6m, \u00e4gare till Alamo Costa del Sol Real Estate Valet av m\u00e4klare b\u00f6r best\u00e4mmas p\u00e5 grundval av flera saker. \u00c4r du fr\u00e5n Sverige kan det vara en god id\u00e9 [&hellip;]<\/p>\n","protected":false},"author":8,"featured_media":5185,"comment_status":"open","ping_status":"open","sticky":false,"template":"","format":"standard","meta":{"_et_pb_use_builder":"","_et_pb_old_content":"","_et_gb_content_width":"","footnotes":""},"categories":[4,37],"tags":[],"class_list":["post-5184","post","type-post","status-publish","format-standard","has-post-thumbnail","hentry","category-artiklar","category-hem-bostad"],"yoast_head":"<!-- This site is optimized with the Yoast SEO Premium plugin v26.2 (Yoast SEO v27.4) - https:\/\/yoast.com\/product\/yoast-seo-premium-wordpress\/ -->\n<title>Fr\u00e5ga m\u00e4klaren: Hur skall jag v\u00e4lja r\u00e4tt m\u00e4klare och vad ska jag speciellt t\u00e4nka p\u00e5 n\u00e4r jag ska s\u00e4lja? - Svenska Magasinet<\/title>\n<meta name=\"robots\" content=\"noindex, follow, max-snippet:-1, max-image-preview:large, max-video-preview:-1\" \/>\n<meta property=\"og:locale\" content=\"sv_SE\" \/>\n<meta property=\"og:type\" content=\"article\" \/>\n<meta property=\"og:title\" content=\"Fr\u00e5ga m\u00e4klaren: Hur skall jag v\u00e4lja r\u00e4tt m\u00e4klare och vad ska jag speciellt t\u00e4nka p\u00e5 n\u00e4r jag ska s\u00e4lja?\" \/>\n<meta property=\"og:description\" content=\"Lars Arvid Enokssons fr\u00e5ga: Hej Sven, hur skall jag v\u00e4lja r\u00e4tt m\u00e4klare och vad ska jag speciellt t\u00e4nka p\u00e5 n\u00e4r jag ska s\u00e4lja? Av Sven F. K\u00e4llstr\u00f6m, \u00e4gare till Alamo Costa del Sol Real Estate Valet av m\u00e4klare b\u00f6r best\u00e4mmas p\u00e5 grundval av flera saker. \u00c4r du fr\u00e5n Sverige kan det vara en god id\u00e9 [&hellip;]\" \/>\n<meta property=\"og:url\" content=\"https:\/\/lightweb.dev\/l\/svm-temp\/artiklar\/fraga-maklaren-hur-skall-jag-valja-ratt-maklare-och-vad-ska-jag-speciellt-tanka-pa-nar-jag-ska-salja\/\" \/>\n<meta property=\"og:site_name\" content=\"Svenska Magasinet\" \/>\n<meta property=\"article:publisher\" content=\"https:\/\/www.facebook.com\/svenskamagasinet\" \/>\n<meta property=\"article:published_time\" content=\"2015-03-10T23:00:00+00:00\" \/>\n<meta property=\"og:image\" content=\"https:\/\/lightweb.dev\/l\/svm-temp\/wp-content\/uploads\/2022\/04\/frga-mklaren-hur-skall-jag-vlja-rtt-mklare-och-vad-ska-jag-speciellt-tnka-p-nr-jag-ska-slja.png\" \/>\n\t<meta property=\"og:image:width\" content=\"299\" \/>\n\t<meta property=\"og:image:height\" content=\"200\" \/>\n\t<meta property=\"og:image:type\" content=\"image\/png\" \/>\n<meta name=\"author\" content=\"Redaktionen SvM\" \/>\n<meta name=\"twitter:card\" content=\"summary_large_image\" \/>\n<meta name=\"twitter:creator\" content=\"@SvenskaMagasine\" \/>\n<meta name=\"twitter:site\" content=\"@SvenskaMagasine\" \/>\n<script type=\"application\/ld+json\" class=\"yoast-schema-graph\">{\"@context\":\"https:\\\/\\\/schema.org\",\"@graph\":[{\"@type\":\"Article\",\"@id\":\"https:\\\/\\\/lightweb.dev\\\/l\\\/svm-temp\\\/artiklar\\\/fraga-maklaren-hur-skall-jag-valja-ratt-maklare-och-vad-ska-jag-speciellt-tanka-pa-nar-jag-ska-salja\\\/#article\",\"isPartOf\":{\"@id\":\"https:\\\/\\\/lightweb.dev\\\/l\\\/svm-temp\\\/artiklar\\\/fraga-maklaren-hur-skall-jag-valja-ratt-maklare-och-vad-ska-jag-speciellt-tanka-pa-nar-jag-ska-salja\\\/\"},\"author\":{\"name\":\"Redaktionen SvM\",\"@id\":\"https:\\\/\\\/lightweb.dev\\\/l\\\/svm-temp\\\/#\\\/schema\\\/person\\\/206a3bda5b607b0c25e1749191e4d837\"},\"headline\":\"Fr\u00e5ga m\u00e4klaren: Hur skall jag v\u00e4lja r\u00e4tt m\u00e4klare och vad ska jag speciellt t\u00e4nka p\u00e5 n\u00e4r jag ska s\u00e4lja?\",\"datePublished\":\"2015-03-10T23:00:00+00:00\",\"mainEntityOfPage\":{\"@id\":\"https:\\\/\\\/lightweb.dev\\\/l\\\/svm-temp\\\/artiklar\\\/fraga-maklaren-hur-skall-jag-valja-ratt-maklare-och-vad-ska-jag-speciellt-tanka-pa-nar-jag-ska-salja\\\/\"},\"wordCount\":668,\"commentCount\":0,\"publisher\":{\"@id\":\"https:\\\/\\\/lightweb.dev\\\/l\\\/svm-temp\\\/#organization\"},\"image\":{\"@id\":\"https:\\\/\\\/lightweb.dev\\\/l\\\/svm-temp\\\/artiklar\\\/fraga-maklaren-hur-skall-jag-valja-ratt-maklare-och-vad-ska-jag-speciellt-tanka-pa-nar-jag-ska-salja\\\/#primaryimage\"},\"thumbnailUrl\":\"https:\\\/\\\/lightweb.dev\\\/l\\\/svm-temp\\\/wp-content\\\/uploads\\\/2022\\\/04\\\/frga-mklaren-hur-skall-jag-vlja-rtt-mklare-och-vad-ska-jag-speciellt-tnka-p-nr-jag-ska-slja.png\",\"articleSection\":[\"Artiklar\",\"Hem &amp; bostad\"],\"inLanguage\":\"sv-SE\"},{\"@type\":\"WebPage\",\"@id\":\"https:\\\/\\\/lightweb.dev\\\/l\\\/svm-temp\\\/artiklar\\\/fraga-maklaren-hur-skall-jag-valja-ratt-maklare-och-vad-ska-jag-speciellt-tanka-pa-nar-jag-ska-salja\\\/\",\"url\":\"https:\\\/\\\/lightweb.dev\\\/l\\\/svm-temp\\\/artiklar\\\/fraga-maklaren-hur-skall-jag-valja-ratt-maklare-och-vad-ska-jag-speciellt-tanka-pa-nar-jag-ska-salja\\\/\",\"name\":\"Fr\u00e5ga m\u00e4klaren: Hur skall jag v\u00e4lja r\u00e4tt m\u00e4klare och vad ska jag speciellt t\u00e4nka p\u00e5 n\u00e4r jag ska s\u00e4lja? - Svenska Magasinet\",\"isPartOf\":{\"@id\":\"https:\\\/\\\/lightweb.dev\\\/l\\\/svm-temp\\\/#website\"},\"primaryImageOfPage\":{\"@id\":\"https:\\\/\\\/lightweb.dev\\\/l\\\/svm-temp\\\/artiklar\\\/fraga-maklaren-hur-skall-jag-valja-ratt-maklare-och-vad-ska-jag-speciellt-tanka-pa-nar-jag-ska-salja\\\/#primaryimage\"},\"image\":{\"@id\":\"https:\\\/\\\/lightweb.dev\\\/l\\\/svm-temp\\\/artiklar\\\/fraga-maklaren-hur-skall-jag-valja-ratt-maklare-och-vad-ska-jag-speciellt-tanka-pa-nar-jag-ska-salja\\\/#primaryimage\"},\"thumbnailUrl\":\"https:\\\/\\\/lightweb.dev\\\/l\\\/svm-temp\\\/wp-content\\\/uploads\\\/2022\\\/04\\\/frga-mklaren-hur-skall-jag-vlja-rtt-mklare-och-vad-ska-jag-speciellt-tnka-p-nr-jag-ska-slja.png\",\"datePublished\":\"2015-03-10T23:00:00+00:00\",\"breadcrumb\":{\"@id\":\"https:\\\/\\\/lightweb.dev\\\/l\\\/svm-temp\\\/artiklar\\\/fraga-maklaren-hur-skall-jag-valja-ratt-maklare-och-vad-ska-jag-speciellt-tanka-pa-nar-jag-ska-salja\\\/#breadcrumb\"},\"inLanguage\":\"sv-SE\",\"potentialAction\":[{\"@type\":\"ReadAction\",\"target\":[\"https:\\\/\\\/lightweb.dev\\\/l\\\/svm-temp\\\/artiklar\\\/fraga-maklaren-hur-skall-jag-valja-ratt-maklare-och-vad-ska-jag-speciellt-tanka-pa-nar-jag-ska-salja\\\/\"]}]},{\"@type\":\"ImageObject\",\"inLanguage\":\"sv-SE\",\"@id\":\"https:\\\/\\\/lightweb.dev\\\/l\\\/svm-temp\\\/artiklar\\\/fraga-maklaren-hur-skall-jag-valja-ratt-maklare-och-vad-ska-jag-speciellt-tanka-pa-nar-jag-ska-salja\\\/#primaryimage\",\"url\":\"https:\\\/\\\/lightweb.dev\\\/l\\\/svm-temp\\\/wp-content\\\/uploads\\\/2022\\\/04\\\/frga-mklaren-hur-skall-jag-vlja-rtt-mklare-och-vad-ska-jag-speciellt-tnka-p-nr-jag-ska-slja.png\",\"contentUrl\":\"https:\\\/\\\/lightweb.dev\\\/l\\\/svm-temp\\\/wp-content\\\/uploads\\\/2022\\\/04\\\/frga-mklaren-hur-skall-jag-vlja-rtt-mklare-och-vad-ska-jag-speciellt-tnka-p-nr-jag-ska-slja.png\",\"width\":299,\"height\":200},{\"@type\":\"BreadcrumbList\",\"@id\":\"https:\\\/\\\/lightweb.dev\\\/l\\\/svm-temp\\\/artiklar\\\/fraga-maklaren-hur-skall-jag-valja-ratt-maklare-och-vad-ska-jag-speciellt-tanka-pa-nar-jag-ska-salja\\\/#breadcrumb\",\"itemListElement\":[{\"@type\":\"ListItem\",\"position\":1,\"name\":\"Hem\",\"item\":\"https:\\\/\\\/lightweb.dev\\\/l\\\/svm-temp\\\/\"},{\"@type\":\"ListItem\",\"position\":2,\"name\":\"Fr\u00e5ga m\u00e4klaren: Hur skall jag v\u00e4lja r\u00e4tt m\u00e4klare och vad ska jag speciellt t\u00e4nka p\u00e5 n\u00e4r jag ska s\u00e4lja?\"}]},{\"@type\":\"WebSite\",\"@id\":\"https:\\\/\\\/lightweb.dev\\\/l\\\/svm-temp\\\/#website\",\"url\":\"https:\\\/\\\/lightweb.dev\\\/l\\\/svm-temp\\\/\",\"name\":\"Svenska Magasinet\",\"description\":\"Dina Spanska nyheter p&aring; Svenska\",\"publisher\":{\"@id\":\"https:\\\/\\\/lightweb.dev\\\/l\\\/svm-temp\\\/#organization\"},\"potentialAction\":[{\"@type\":\"SearchAction\",\"target\":{\"@type\":\"EntryPoint\",\"urlTemplate\":\"https:\\\/\\\/lightweb.dev\\\/l\\\/svm-temp\\\/?s={search_term_string}\"},\"query-input\":{\"@type\":\"PropertyValueSpecification\",\"valueRequired\":true,\"valueName\":\"search_term_string\"}}],\"inLanguage\":\"sv-SE\"},{\"@type\":\"Organization\",\"@id\":\"https:\\\/\\\/lightweb.dev\\\/l\\\/svm-temp\\\/#organization\",\"name\":\"Melkerson y Nott SL\",\"alternateName\":\"Svenska Magasinet\",\"url\":\"https:\\\/\\\/lightweb.dev\\\/l\\\/svm-temp\\\/\",\"logo\":{\"@type\":\"ImageObject\",\"inLanguage\":\"sv-SE\",\"@id\":\"https:\\\/\\\/lightweb.dev\\\/l\\\/svm-temp\\\/#\\\/schema\\\/logo\\\/image\\\/\",\"url\":\"https:\\\/\\\/lightweb.dev\\\/l\\\/svm-temp\\\/wp-content\\\/uploads\\\/2025\\\/02\\\/SvM-logo-Xtra-Centrerad-SVART.png\",\"contentUrl\":\"https:\\\/\\\/lightweb.dev\\\/l\\\/svm-temp\\\/wp-content\\\/uploads\\\/2025\\\/02\\\/SvM-logo-Xtra-Centrerad-SVART.png\",\"width\":300,\"height\":99,\"caption\":\"Melkerson y Nott SL\"},\"image\":{\"@id\":\"https:\\\/\\\/lightweb.dev\\\/l\\\/svm-temp\\\/#\\\/schema\\\/logo\\\/image\\\/\"},\"sameAs\":[\"https:\\\/\\\/www.facebook.com\\\/svenskamagasinet\",\"https:\\\/\\\/x.com\\\/SvenskaMagasine\"]},{\"@type\":\"Person\",\"@id\":\"https:\\\/\\\/lightweb.dev\\\/l\\\/svm-temp\\\/#\\\/schema\\\/person\\\/206a3bda5b607b0c25e1749191e4d837\",\"name\":\"Redaktionen SvM\",\"description\":\"Redaktionen\",\"sameAs\":[\"https:\\\/\\\/lightweb.dev\\\/l\\\/svm-temp\"],\"url\":\"https:\\\/\\\/lightweb.dev\\\/l\\\/svm-temp\\\/reporter\\\/redaktionen\\\/\"}]}<\/script>\n<!-- \/ Yoast SEO Premium plugin. -->","yoast_head_json":{"title":"Fr\u00e5ga m\u00e4klaren: Hur skall jag v\u00e4lja r\u00e4tt m\u00e4klare och vad ska jag speciellt t\u00e4nka p\u00e5 n\u00e4r jag ska s\u00e4lja? - Svenska Magasinet","robots":{"index":"noindex","follow":"follow","max-snippet":"max-snippet:-1","max-image-preview":"max-image-preview:large","max-video-preview":"max-video-preview:-1"},"og_locale":"sv_SE","og_type":"article","og_title":"Fr\u00e5ga m\u00e4klaren: Hur skall jag v\u00e4lja r\u00e4tt m\u00e4klare och vad ska jag speciellt t\u00e4nka p\u00e5 n\u00e4r jag ska s\u00e4lja?","og_description":"Lars Arvid Enokssons fr\u00e5ga: Hej Sven, hur skall jag v\u00e4lja r\u00e4tt m\u00e4klare och vad ska jag speciellt t\u00e4nka p\u00e5 n\u00e4r jag ska s\u00e4lja? Av Sven F. K\u00e4llstr\u00f6m, \u00e4gare till Alamo Costa del Sol Real Estate Valet av m\u00e4klare b\u00f6r best\u00e4mmas p\u00e5 grundval av flera saker. \u00c4r du fr\u00e5n Sverige kan det vara en god id\u00e9 [&hellip;]","og_url":"https:\/\/lightweb.dev\/l\/svm-temp\/artiklar\/fraga-maklaren-hur-skall-jag-valja-ratt-maklare-och-vad-ska-jag-speciellt-tanka-pa-nar-jag-ska-salja\/","og_site_name":"Svenska Magasinet","article_publisher":"https:\/\/www.facebook.com\/svenskamagasinet","article_published_time":"2015-03-10T23:00:00+00:00","og_image":[{"width":299,"height":200,"url":"https:\/\/lightweb.dev\/l\/svm-temp\/wp-content\/uploads\/2022\/04\/frga-mklaren-hur-skall-jag-vlja-rtt-mklare-och-vad-ska-jag-speciellt-tnka-p-nr-jag-ska-slja.png","type":"image\/png"}],"author":"Redaktionen SvM","twitter_card":"summary_large_image","twitter_creator":"@SvenskaMagasine","twitter_site":"@SvenskaMagasine","schema":{"@context":"https:\/\/schema.org","@graph":[{"@type":"Article","@id":"https:\/\/lightweb.dev\/l\/svm-temp\/artiklar\/fraga-maklaren-hur-skall-jag-valja-ratt-maklare-och-vad-ska-jag-speciellt-tanka-pa-nar-jag-ska-salja\/#article","isPartOf":{"@id":"https:\/\/lightweb.dev\/l\/svm-temp\/artiklar\/fraga-maklaren-hur-skall-jag-valja-ratt-maklare-och-vad-ska-jag-speciellt-tanka-pa-nar-jag-ska-salja\/"},"author":{"name":"Redaktionen SvM","@id":"https:\/\/lightweb.dev\/l\/svm-temp\/#\/schema\/person\/206a3bda5b607b0c25e1749191e4d837"},"headline":"Fr\u00e5ga m\u00e4klaren: Hur skall jag v\u00e4lja r\u00e4tt m\u00e4klare och vad ska jag speciellt t\u00e4nka p\u00e5 n\u00e4r jag ska s\u00e4lja?","datePublished":"2015-03-10T23:00:00+00:00","mainEntityOfPage":{"@id":"https:\/\/lightweb.dev\/l\/svm-temp\/artiklar\/fraga-maklaren-hur-skall-jag-valja-ratt-maklare-och-vad-ska-jag-speciellt-tanka-pa-nar-jag-ska-salja\/"},"wordCount":668,"commentCount":0,"publisher":{"@id":"https:\/\/lightweb.dev\/l\/svm-temp\/#organization"},"image":{"@id":"https:\/\/lightweb.dev\/l\/svm-temp\/artiklar\/fraga-maklaren-hur-skall-jag-valja-ratt-maklare-och-vad-ska-jag-speciellt-tanka-pa-nar-jag-ska-salja\/#primaryimage"},"thumbnailUrl":"https:\/\/lightweb.dev\/l\/svm-temp\/wp-content\/uploads\/2022\/04\/frga-mklaren-hur-skall-jag-vlja-rtt-mklare-och-vad-ska-jag-speciellt-tnka-p-nr-jag-ska-slja.png","articleSection":["Artiklar","Hem &amp; bostad"],"inLanguage":"sv-SE"},{"@type":"WebPage","@id":"https:\/\/lightweb.dev\/l\/svm-temp\/artiklar\/fraga-maklaren-hur-skall-jag-valja-ratt-maklare-och-vad-ska-jag-speciellt-tanka-pa-nar-jag-ska-salja\/","url":"https:\/\/lightweb.dev\/l\/svm-temp\/artiklar\/fraga-maklaren-hur-skall-jag-valja-ratt-maklare-och-vad-ska-jag-speciellt-tanka-pa-nar-jag-ska-salja\/","name":"Fr\u00e5ga m\u00e4klaren: Hur skall jag v\u00e4lja r\u00e4tt m\u00e4klare och vad ska jag speciellt t\u00e4nka p\u00e5 n\u00e4r jag ska s\u00e4lja? - Svenska Magasinet","isPartOf":{"@id":"https:\/\/lightweb.dev\/l\/svm-temp\/#website"},"primaryImageOfPage":{"@id":"https:\/\/lightweb.dev\/l\/svm-temp\/artiklar\/fraga-maklaren-hur-skall-jag-valja-ratt-maklare-och-vad-ska-jag-speciellt-tanka-pa-nar-jag-ska-salja\/#primaryimage"},"image":{"@id":"https:\/\/lightweb.dev\/l\/svm-temp\/artiklar\/fraga-maklaren-hur-skall-jag-valja-ratt-maklare-och-vad-ska-jag-speciellt-tanka-pa-nar-jag-ska-salja\/#primaryimage"},"thumbnailUrl":"https:\/\/lightweb.dev\/l\/svm-temp\/wp-content\/uploads\/2022\/04\/frga-mklaren-hur-skall-jag-vlja-rtt-mklare-och-vad-ska-jag-speciellt-tnka-p-nr-jag-ska-slja.png","datePublished":"2015-03-10T23:00:00+00:00","breadcrumb":{"@id":"https:\/\/lightweb.dev\/l\/svm-temp\/artiklar\/fraga-maklaren-hur-skall-jag-valja-ratt-maklare-och-vad-ska-jag-speciellt-tanka-pa-nar-jag-ska-salja\/#breadcrumb"},"inLanguage":"sv-SE","potentialAction":[{"@type":"ReadAction","target":["https:\/\/lightweb.dev\/l\/svm-temp\/artiklar\/fraga-maklaren-hur-skall-jag-valja-ratt-maklare-och-vad-ska-jag-speciellt-tanka-pa-nar-jag-ska-salja\/"]}]},{"@type":"ImageObject","inLanguage":"sv-SE","@id":"https:\/\/lightweb.dev\/l\/svm-temp\/artiklar\/fraga-maklaren-hur-skall-jag-valja-ratt-maklare-och-vad-ska-jag-speciellt-tanka-pa-nar-jag-ska-salja\/#primaryimage","url":"https:\/\/lightweb.dev\/l\/svm-temp\/wp-content\/uploads\/2022\/04\/frga-mklaren-hur-skall-jag-vlja-rtt-mklare-och-vad-ska-jag-speciellt-tnka-p-nr-jag-ska-slja.png","contentUrl":"https:\/\/lightweb.dev\/l\/svm-temp\/wp-content\/uploads\/2022\/04\/frga-mklaren-hur-skall-jag-vlja-rtt-mklare-och-vad-ska-jag-speciellt-tnka-p-nr-jag-ska-slja.png","width":299,"height":200},{"@type":"BreadcrumbList","@id":"https:\/\/lightweb.dev\/l\/svm-temp\/artiklar\/fraga-maklaren-hur-skall-jag-valja-ratt-maklare-och-vad-ska-jag-speciellt-tanka-pa-nar-jag-ska-salja\/#breadcrumb","itemListElement":[{"@type":"ListItem","position":1,"name":"Hem","item":"https:\/\/lightweb.dev\/l\/svm-temp\/"},{"@type":"ListItem","position":2,"name":"Fr\u00e5ga m\u00e4klaren: Hur skall jag v\u00e4lja r\u00e4tt m\u00e4klare och vad ska jag speciellt t\u00e4nka p\u00e5 n\u00e4r jag ska s\u00e4lja?"}]},{"@type":"WebSite","@id":"https:\/\/lightweb.dev\/l\/svm-temp\/#website","url":"https:\/\/lightweb.dev\/l\/svm-temp\/","name":"Svenska Magasinet","description":"Dina Spanska nyheter p&aring; Svenska","publisher":{"@id":"https:\/\/lightweb.dev\/l\/svm-temp\/#organization"},"potentialAction":[{"@type":"SearchAction","target":{"@type":"EntryPoint","urlTemplate":"https:\/\/lightweb.dev\/l\/svm-temp\/?s={search_term_string}"},"query-input":{"@type":"PropertyValueSpecification","valueRequired":true,"valueName":"search_term_string"}}],"inLanguage":"sv-SE"},{"@type":"Organization","@id":"https:\/\/lightweb.dev\/l\/svm-temp\/#organization","name":"Melkerson y Nott SL","alternateName":"Svenska Magasinet","url":"https:\/\/lightweb.dev\/l\/svm-temp\/","logo":{"@type":"ImageObject","inLanguage":"sv-SE","@id":"https:\/\/lightweb.dev\/l\/svm-temp\/#\/schema\/logo\/image\/","url":"https:\/\/lightweb.dev\/l\/svm-temp\/wp-content\/uploads\/2025\/02\/SvM-logo-Xtra-Centrerad-SVART.png","contentUrl":"https:\/\/lightweb.dev\/l\/svm-temp\/wp-content\/uploads\/2025\/02\/SvM-logo-Xtra-Centrerad-SVART.png","width":300,"height":99,"caption":"Melkerson y Nott SL"},"image":{"@id":"https:\/\/lightweb.dev\/l\/svm-temp\/#\/schema\/logo\/image\/"},"sameAs":["https:\/\/www.facebook.com\/svenskamagasinet","https:\/\/x.com\/SvenskaMagasine"]},{"@type":"Person","@id":"https:\/\/lightweb.dev\/l\/svm-temp\/#\/schema\/person\/206a3bda5b607b0c25e1749191e4d837","name":"Redaktionen SvM","description":"Redaktionen","sameAs":["https:\/\/lightweb.dev\/l\/svm-temp"],"url":"https:\/\/lightweb.dev\/l\/svm-temp\/reporter\/redaktionen\/"}]}},"_links":{"self":[{"href":"https:\/\/lightweb.dev\/l\/svm-temp\/wp-json\/wp\/v2\/posts\/5184","targetHints":{"allow":["GET"]}}],"collection":[{"href":"https:\/\/lightweb.dev\/l\/svm-temp\/wp-json\/wp\/v2\/posts"}],"about":[{"href":"https:\/\/lightweb.dev\/l\/svm-temp\/wp-json\/wp\/v2\/types\/post"}],"author":[{"embeddable":true,"href":"https:\/\/lightweb.dev\/l\/svm-temp\/wp-json\/wp\/v2\/users\/8"}],"replies":[{"embeddable":true,"href":"https:\/\/lightweb.dev\/l\/svm-temp\/wp-json\/wp\/v2\/comments?post=5184"}],"version-history":[{"count":0,"href":"https:\/\/lightweb.dev\/l\/svm-temp\/wp-json\/wp\/v2\/posts\/5184\/revisions"}],"wp:featuredmedia":[{"embeddable":true,"href":"https:\/\/lightweb.dev\/l\/svm-temp\/wp-json\/wp\/v2\/media\/5185"}],"wp:attachment":[{"href":"https:\/\/lightweb.dev\/l\/svm-temp\/wp-json\/wp\/v2\/media?parent=5184"}],"wp:term":[{"taxonomy":"category","embeddable":true,"href":"https:\/\/lightweb.dev\/l\/svm-temp\/wp-json\/wp\/v2\/categories?post=5184"},{"taxonomy":"post_tag","embeddable":true,"href":"https:\/\/lightweb.dev\/l\/svm-temp\/wp-json\/wp\/v2\/tags?post=5184"}],"curies":[{"name":"wp","href":"https:\/\/api.w.org\/{rel}","templated":true}]}}