{"id":5186,"date":"2015-03-11T00:00:00","date_gmt":"2015-03-10T23:00:00","guid":{"rendered":"https:\/\/lightweb.dev\/l\/svm-temp\/hans-g-vet-ni-vad-en-mobilist-ar\/"},"modified":"2015-03-11T00:00:00","modified_gmt":"2015-03-10T23:00:00","slug":"hans-g-vet-ni-vad-en-mobilist-ar","status":"publish","type":"post","link":"https:\/\/lightweb.dev\/l\/svm-temp\/artiklar\/hans-g-vet-ni-vad-en-mobilist-ar\/","title":{"rendered":"Hans G: Vet ni vad en mobilist \u00e4r?"},"content":{"rendered":"<p> Inte jag heller, f\u00f6rr\u00e4n jag var i London h\u00e4rom veckan. I tunnelbanevagnen d\u00e4r jag satt, en vagn som rymmer s\u00e5 d\u00e4r en 70 personer, r\u00e4knade jag till minst 40, ivrigt knappande \u201dmobilister\u201d. 40 m\u00e4nniskor som var helt utest\u00e4ngda fr\u00e5n omv\u00e4rlden och helt f\u00f6rh\u00e4xade av sina mobil-telefoner. Av Hans G<br \/>\ne-post: hansgmijas@gmail.com<\/p>\n<p>Av de andra 30 sov h\u00e4lften och en och annan sten\u00e5lderm\u00e4nniska L\u00c4STE en tidning. Utan vare sig \u201dplatta\u201d eller annat hj\u00e4lpmedel. Men vi som g\u00f6r s\u00e5 \u00e4r ett utd\u00f6ende sl\u00e4kte. Vi sjunger p\u00e5 sista versen. Det \u00e4r lika ute att l\u00e4sa en \u201dpappers-tidning\u201d idag som det \u00e4r att gilla Edvard Persson.<\/p>\n<p>MED RISK F\u00d6R ATT KALLAS bak\u00e5tstr\u00e4vare kan jag inte annat \u00e4n att precis som Hamlet konstatera att ur led \u00e4r tiden. F\u00f6r inte s\u00e5 l\u00e4nge sedan hade jag en normal telefon. Precis en s\u00e5dan som jag, i brist p\u00e5 avancerade kunskaper inom data-teknologin, beh\u00f6vde. N\u00e4mligen en liten beh\u00e4ndig telefon som man kunde ringa med, bli uppringd p\u00e5, skicka och f\u00e5 text-meddelanden. Inget mer. Inga appar eller mappar. Inget Whats Up, Skype, Whats On eller annat trams. Den fungerade perfekt, visserligen gammalmodig, precis som sin \u00e4gare, men jag bryr mig inte s\u00e5 mycket om trender och annat.<\/p>\n<p>N\u00c5V\u00c4L, AV N\u00c5GON FULLKOMLIGT OUTGRUNDLIG anledning blev jag \u00f6vertalad att ta \u00f6ver Sambons gamla telefon, som var ungef\u00e4r 10 \u00e5r yngre \u00e4n min. Sedan den dagen \u00e4r livet upp och ner. Jag kan inte ens svara i den, f\u00f6r att inte tala om att ringa. N\u00e4r det ringer skall man, snabb som en iller, dra fingret \u00f6ver \u201dscreenen\u201d samtidigt som man trycker p\u00e5 en gr\u00f6n knapp. Hittills har jag inte lyckats med att svara p\u00e5 ett enda samtal i tid. S\u00e5 det blir till att kr\u00e5ngla sig igenom alla olika stadier s\u00e5 att man kan ringa tillbaka. N\u00e4r jag \u00e4ntligen lyckas med det har personen som ringde redan hunnit g\u00e5 p\u00e5 lunch.<\/p>\n<p>Men jag har Facebook, Google, Internet och en massa annat som jag inte ens kan namnet p\u00e5. Det \u00e4r s\u00e5 mycket skit instoppat i den lilla apparaten att batteriet tar slut stup i kvarten. F\u00f6r att nu inte tala om spr\u00e5ket. Det piper till i telefonen vilket betyder att man f\u00e5tt ett meddelande. Man lyckas med konststycket att f\u00e5 upp det p\u00e5 sk\u00e4rmen och s\u00e5 st\u00e5r det: \u201dcul8r ey pok\u201d. Hur skall man fatta att det betyder \u201dVi ses sen. Hej. Puss och kram.\u201d Inte nog med att det f\u00f6rkortas och st\u00e5s i, det \u00e4r en salig blandning av engelska och svenska ovanp\u00e5 allt. Men det \u00e4r klart, det \u00e4r bara 10 tecken ist\u00e4llet f\u00f6r 25 p\u00e5 ett normalt spr\u00e5k s\u00e5 det g\u00e5r snabbt. Och om det \u00e4r n\u00e5got man har idag s\u00e5 \u00e4r det br\u00e5ttom.<\/p>\n<p>EN ANNAN SAK SOM HAR SLAGIT MIG \u00e4r att folk helt pl\u00f6tsligt har f\u00e5tt s\u00e5 mycket att prata om. Var man \u00e4n g\u00e5r s\u00e5 irrar det omkring folk som h\u00e5ller p\u00e5 att \u201dtexta\u201d p\u00e5 sina mobiler. Livsviktiga meddelanden som inte kan v\u00e4nta utan m\u00e5ste delges omv\u00e4rlden p\u00e5 st\u00f6rt. Att man g\u00e5r p\u00e5 b\u00e5de folk och lyktstolpar under tiden har ingen betydelse. Man \u00e4r tvungen att tala om vad man just kom p\u00e5. Omedelbart. Det \u00e4r inte utan att man k\u00e4nner sig lite vilsen i pannkakan.<\/p>\n<p>N\u00c4, DET VAR B\u00c4TTRE F\u00d6RR I TIDEN. Ta bara en s\u00e5 enkel sak som att man i en diskussion,n\u00e4r man k\u00e4nde sig st\u00e4lld, alltid kunde dra till med att: \u201dEn f\u00e4rsk unders\u00f6kning som gjorts vid universitetet i Harvard visar tydligt att v\u00e4nsterh\u00e4nta \u00e4r b\u00e4ttre p\u00e5 att spela biljard\u201d. Ett s\u00e5dant p\u00e5st\u00e5ende var alltid en given fulltr\u00e4ff. Jag menar, universitetet i Harvard, vem kan s\u00e4ga emot en s\u00e5dan sak. Men icke, idag h\u00e5ller inte det. Det finns alltid n\u00e5gon i s\u00e4llskapet som halar fram sin iPhone, eller vad det heter, Googlar och s\u00e4ger:\u201d Det finns ingen s\u00e5dan unders\u00e4kning enligt Google.\u201d Och vem kan s\u00e4ga emot Google. Men det \u00e4r bara att forts\u00e4tta att fumla p\u00e5, f\u00f6r en s\u00e5dan telefon som jag vill ha finns inte att k\u00f6pa l\u00e4ngre.<\/p>\n<p>Saludos amigas\/os<br \/>\nM\u00e5 v\u00e4l och ta hand om er.<\/p>\n","protected":false},"excerpt":{"rendered":"<p>Inte jag heller, f\u00f6rr\u00e4n jag var i London h\u00e4rom veckan. I tunnelbanevagnen d\u00e4r jag satt, en vagn som rymmer s\u00e5 d\u00e4r en 70 personer, r\u00e4knade jag till minst 40, ivrigt knappande \u201dmobilister\u201d. 40 m\u00e4nniskor som var helt utest\u00e4ngda fr\u00e5n omv\u00e4rlden och helt f\u00f6rh\u00e4xade av sina mobil-telefoner. Av Hans G e-post: hansgmijas@gmail.com Av de andra 30 [&hellip;]<\/p>\n","protected":false},"author":8,"featured_media":5187,"comment_status":"open","ping_status":"open","sticky":false,"template":"","format":"standard","meta":{"_et_pb_use_builder":"","_et_pb_old_content":"","_et_gb_content_width":"","footnotes":""},"categories":[396,4],"tags":[],"class_list":["post-5186","post","type-post","status-publish","format-standard","has-post-thumbnail","hentry","category-arkiv-artiklar","category-artiklar"],"yoast_head":"<!-- This site is optimized with the Yoast SEO Premium plugin v26.2 (Yoast SEO v27.4) - https:\/\/yoast.com\/product\/yoast-seo-premium-wordpress\/ -->\n<title>Hans G: Vet ni vad en mobilist \u00e4r? - Svenska Magasinet<\/title>\n<meta name=\"robots\" content=\"noindex, follow, max-snippet:-1, max-image-preview:large, max-video-preview:-1\" \/>\n<meta property=\"og:locale\" content=\"sv_SE\" \/>\n<meta property=\"og:type\" content=\"article\" \/>\n<meta property=\"og:title\" content=\"Hans G: Vet ni vad en mobilist \u00e4r?\" \/>\n<meta property=\"og:description\" content=\"Inte jag heller, f\u00f6rr\u00e4n jag var i London h\u00e4rom veckan. I tunnelbanevagnen d\u00e4r jag satt, en vagn som rymmer s\u00e5 d\u00e4r en 70 personer, r\u00e4knade jag till minst 40, ivrigt knappande \u201dmobilister\u201d. 40 m\u00e4nniskor som var helt utest\u00e4ngda fr\u00e5n omv\u00e4rlden och helt f\u00f6rh\u00e4xade av sina mobil-telefoner. Av Hans G e-post: hansgmijas@gmail.com Av de andra 30 [&hellip;]\" \/>\n<meta property=\"og:url\" content=\"https:\/\/lightweb.dev\/l\/svm-temp\/artiklar\/hans-g-vet-ni-vad-en-mobilist-ar\/\" \/>\n<meta property=\"og:site_name\" content=\"Svenska Magasinet\" \/>\n<meta property=\"article:publisher\" content=\"https:\/\/www.facebook.com\/svenskamagasinet\" \/>\n<meta property=\"article:published_time\" content=\"2015-03-10T23:00:00+00:00\" \/>\n<meta property=\"og:image\" content=\"https:\/\/lightweb.dev\/l\/svm-temp\/wp-content\/uploads\/2022\/04\/hans-g-vet-ni-vad-en-mobilist-r.png\" \/>\n\t<meta property=\"og:image:width\" content=\"280\" \/>\n\t<meta property=\"og:image:height\" content=\"498\" \/>\n\t<meta property=\"og:image:type\" content=\"image\/png\" \/>\n<meta name=\"author\" content=\"Redaktionen SvM\" \/>\n<meta name=\"twitter:card\" content=\"summary_large_image\" \/>\n<meta name=\"twitter:creator\" content=\"@SvenskaMagasine\" \/>\n<meta name=\"twitter:site\" content=\"@SvenskaMagasine\" \/>\n<script type=\"application\/ld+json\" class=\"yoast-schema-graph\">{\"@context\":\"https:\\\/\\\/schema.org\",\"@graph\":[{\"@type\":\"Article\",\"@id\":\"https:\\\/\\\/lightweb.dev\\\/l\\\/svm-temp\\\/artiklar\\\/hans-g-vet-ni-vad-en-mobilist-ar\\\/#article\",\"isPartOf\":{\"@id\":\"https:\\\/\\\/lightweb.dev\\\/l\\\/svm-temp\\\/artiklar\\\/hans-g-vet-ni-vad-en-mobilist-ar\\\/\"},\"author\":{\"name\":\"Redaktionen SvM\",\"@id\":\"https:\\\/\\\/lightweb.dev\\\/l\\\/svm-temp\\\/#\\\/schema\\\/person\\\/206a3bda5b607b0c25e1749191e4d837\"},\"headline\":\"Hans G: Vet ni vad en mobilist \u00e4r?\",\"datePublished\":\"2015-03-10T23:00:00+00:00\",\"mainEntityOfPage\":{\"@id\":\"https:\\\/\\\/lightweb.dev\\\/l\\\/svm-temp\\\/artiklar\\\/hans-g-vet-ni-vad-en-mobilist-ar\\\/\"},\"wordCount\":765,\"commentCount\":0,\"publisher\":{\"@id\":\"https:\\\/\\\/lightweb.dev\\\/l\\\/svm-temp\\\/#organization\"},\"image\":{\"@id\":\"https:\\\/\\\/lightweb.dev\\\/l\\\/svm-temp\\\/artiklar\\\/hans-g-vet-ni-vad-en-mobilist-ar\\\/#primaryimage\"},\"thumbnailUrl\":\"https:\\\/\\\/lightweb.dev\\\/l\\\/svm-temp\\\/wp-content\\\/uploads\\\/2022\\\/04\\\/hans-g-vet-ni-vad-en-mobilist-r.png\",\"articleSection\":[\"Arkiv\",\"Artiklar\"],\"inLanguage\":\"sv-SE\"},{\"@type\":\"WebPage\",\"@id\":\"https:\\\/\\\/lightweb.dev\\\/l\\\/svm-temp\\\/artiklar\\\/hans-g-vet-ni-vad-en-mobilist-ar\\\/\",\"url\":\"https:\\\/\\\/lightweb.dev\\\/l\\\/svm-temp\\\/artiklar\\\/hans-g-vet-ni-vad-en-mobilist-ar\\\/\",\"name\":\"Hans G: Vet ni vad en mobilist \u00e4r? - Svenska Magasinet\",\"isPartOf\":{\"@id\":\"https:\\\/\\\/lightweb.dev\\\/l\\\/svm-temp\\\/#website\"},\"primaryImageOfPage\":{\"@id\":\"https:\\\/\\\/lightweb.dev\\\/l\\\/svm-temp\\\/artiklar\\\/hans-g-vet-ni-vad-en-mobilist-ar\\\/#primaryimage\"},\"image\":{\"@id\":\"https:\\\/\\\/lightweb.dev\\\/l\\\/svm-temp\\\/artiklar\\\/hans-g-vet-ni-vad-en-mobilist-ar\\\/#primaryimage\"},\"thumbnailUrl\":\"https:\\\/\\\/lightweb.dev\\\/l\\\/svm-temp\\\/wp-content\\\/uploads\\\/2022\\\/04\\\/hans-g-vet-ni-vad-en-mobilist-r.png\",\"datePublished\":\"2015-03-10T23:00:00+00:00\",\"breadcrumb\":{\"@id\":\"https:\\\/\\\/lightweb.dev\\\/l\\\/svm-temp\\\/artiklar\\\/hans-g-vet-ni-vad-en-mobilist-ar\\\/#breadcrumb\"},\"inLanguage\":\"sv-SE\",\"potentialAction\":[{\"@type\":\"ReadAction\",\"target\":[\"https:\\\/\\\/lightweb.dev\\\/l\\\/svm-temp\\\/artiklar\\\/hans-g-vet-ni-vad-en-mobilist-ar\\\/\"]}]},{\"@type\":\"ImageObject\",\"inLanguage\":\"sv-SE\",\"@id\":\"https:\\\/\\\/lightweb.dev\\\/l\\\/svm-temp\\\/artiklar\\\/hans-g-vet-ni-vad-en-mobilist-ar\\\/#primaryimage\",\"url\":\"https:\\\/\\\/lightweb.dev\\\/l\\\/svm-temp\\\/wp-content\\\/uploads\\\/2022\\\/04\\\/hans-g-vet-ni-vad-en-mobilist-r.png\",\"contentUrl\":\"https:\\\/\\\/lightweb.dev\\\/l\\\/svm-temp\\\/wp-content\\\/uploads\\\/2022\\\/04\\\/hans-g-vet-ni-vad-en-mobilist-r.png\",\"width\":280,\"height\":498},{\"@type\":\"BreadcrumbList\",\"@id\":\"https:\\\/\\\/lightweb.dev\\\/l\\\/svm-temp\\\/artiklar\\\/hans-g-vet-ni-vad-en-mobilist-ar\\\/#breadcrumb\",\"itemListElement\":[{\"@type\":\"ListItem\",\"position\":1,\"name\":\"Hem\",\"item\":\"https:\\\/\\\/lightweb.dev\\\/l\\\/svm-temp\\\/\"},{\"@type\":\"ListItem\",\"position\":2,\"name\":\"Hans G: Vet ni vad en mobilist \u00e4r?\"}]},{\"@type\":\"WebSite\",\"@id\":\"https:\\\/\\\/lightweb.dev\\\/l\\\/svm-temp\\\/#website\",\"url\":\"https:\\\/\\\/lightweb.dev\\\/l\\\/svm-temp\\\/\",\"name\":\"Svenska Magasinet\",\"description\":\"Dina Spanska nyheter p&aring; Svenska\",\"publisher\":{\"@id\":\"https:\\\/\\\/lightweb.dev\\\/l\\\/svm-temp\\\/#organization\"},\"potentialAction\":[{\"@type\":\"SearchAction\",\"target\":{\"@type\":\"EntryPoint\",\"urlTemplate\":\"https:\\\/\\\/lightweb.dev\\\/l\\\/svm-temp\\\/?s={search_term_string}\"},\"query-input\":{\"@type\":\"PropertyValueSpecification\",\"valueRequired\":true,\"valueName\":\"search_term_string\"}}],\"inLanguage\":\"sv-SE\"},{\"@type\":\"Organization\",\"@id\":\"https:\\\/\\\/lightweb.dev\\\/l\\\/svm-temp\\\/#organization\",\"name\":\"Melkerson y Nott SL\",\"alternateName\":\"Svenska Magasinet\",\"url\":\"https:\\\/\\\/lightweb.dev\\\/l\\\/svm-temp\\\/\",\"logo\":{\"@type\":\"ImageObject\",\"inLanguage\":\"sv-SE\",\"@id\":\"https:\\\/\\\/lightweb.dev\\\/l\\\/svm-temp\\\/#\\\/schema\\\/logo\\\/image\\\/\",\"url\":\"https:\\\/\\\/lightweb.dev\\\/l\\\/svm-temp\\\/wp-content\\\/uploads\\\/2025\\\/02\\\/SvM-logo-Xtra-Centrerad-SVART.png\",\"contentUrl\":\"https:\\\/\\\/lightweb.dev\\\/l\\\/svm-temp\\\/wp-content\\\/uploads\\\/2025\\\/02\\\/SvM-logo-Xtra-Centrerad-SVART.png\",\"width\":300,\"height\":99,\"caption\":\"Melkerson y Nott SL\"},\"image\":{\"@id\":\"https:\\\/\\\/lightweb.dev\\\/l\\\/svm-temp\\\/#\\\/schema\\\/logo\\\/image\\\/\"},\"sameAs\":[\"https:\\\/\\\/www.facebook.com\\\/svenskamagasinet\",\"https:\\\/\\\/x.com\\\/SvenskaMagasine\"]},{\"@type\":\"Person\",\"@id\":\"https:\\\/\\\/lightweb.dev\\\/l\\\/svm-temp\\\/#\\\/schema\\\/person\\\/206a3bda5b607b0c25e1749191e4d837\",\"name\":\"Redaktionen SvM\",\"description\":\"Redaktionen\",\"sameAs\":[\"https:\\\/\\\/lightweb.dev\\\/l\\\/svm-temp\"],\"url\":\"https:\\\/\\\/lightweb.dev\\\/l\\\/svm-temp\\\/reporter\\\/redaktionen\\\/\"}]}<\/script>\n<!-- \/ Yoast SEO Premium plugin. -->","yoast_head_json":{"title":"Hans G: Vet ni vad en mobilist \u00e4r? - Svenska Magasinet","robots":{"index":"noindex","follow":"follow","max-snippet":"max-snippet:-1","max-image-preview":"max-image-preview:large","max-video-preview":"max-video-preview:-1"},"og_locale":"sv_SE","og_type":"article","og_title":"Hans G: Vet ni vad en mobilist \u00e4r?","og_description":"Inte jag heller, f\u00f6rr\u00e4n jag var i London h\u00e4rom veckan. I tunnelbanevagnen d\u00e4r jag satt, en vagn som rymmer s\u00e5 d\u00e4r en 70 personer, r\u00e4knade jag till minst 40, ivrigt knappande \u201dmobilister\u201d. 40 m\u00e4nniskor som var helt utest\u00e4ngda fr\u00e5n omv\u00e4rlden och helt f\u00f6rh\u00e4xade av sina mobil-telefoner. Av Hans G e-post: hansgmijas@gmail.com Av de andra 30 [&hellip;]","og_url":"https:\/\/lightweb.dev\/l\/svm-temp\/artiklar\/hans-g-vet-ni-vad-en-mobilist-ar\/","og_site_name":"Svenska Magasinet","article_publisher":"https:\/\/www.facebook.com\/svenskamagasinet","article_published_time":"2015-03-10T23:00:00+00:00","og_image":[{"width":280,"height":498,"url":"https:\/\/lightweb.dev\/l\/svm-temp\/wp-content\/uploads\/2022\/04\/hans-g-vet-ni-vad-en-mobilist-r.png","type":"image\/png"}],"author":"Redaktionen SvM","twitter_card":"summary_large_image","twitter_creator":"@SvenskaMagasine","twitter_site":"@SvenskaMagasine","schema":{"@context":"https:\/\/schema.org","@graph":[{"@type":"Article","@id":"https:\/\/lightweb.dev\/l\/svm-temp\/artiklar\/hans-g-vet-ni-vad-en-mobilist-ar\/#article","isPartOf":{"@id":"https:\/\/lightweb.dev\/l\/svm-temp\/artiklar\/hans-g-vet-ni-vad-en-mobilist-ar\/"},"author":{"name":"Redaktionen SvM","@id":"https:\/\/lightweb.dev\/l\/svm-temp\/#\/schema\/person\/206a3bda5b607b0c25e1749191e4d837"},"headline":"Hans G: Vet ni vad en mobilist \u00e4r?","datePublished":"2015-03-10T23:00:00+00:00","mainEntityOfPage":{"@id":"https:\/\/lightweb.dev\/l\/svm-temp\/artiklar\/hans-g-vet-ni-vad-en-mobilist-ar\/"},"wordCount":765,"commentCount":0,"publisher":{"@id":"https:\/\/lightweb.dev\/l\/svm-temp\/#organization"},"image":{"@id":"https:\/\/lightweb.dev\/l\/svm-temp\/artiklar\/hans-g-vet-ni-vad-en-mobilist-ar\/#primaryimage"},"thumbnailUrl":"https:\/\/lightweb.dev\/l\/svm-temp\/wp-content\/uploads\/2022\/04\/hans-g-vet-ni-vad-en-mobilist-r.png","articleSection":["Arkiv","Artiklar"],"inLanguage":"sv-SE"},{"@type":"WebPage","@id":"https:\/\/lightweb.dev\/l\/svm-temp\/artiklar\/hans-g-vet-ni-vad-en-mobilist-ar\/","url":"https:\/\/lightweb.dev\/l\/svm-temp\/artiklar\/hans-g-vet-ni-vad-en-mobilist-ar\/","name":"Hans G: Vet ni vad en mobilist \u00e4r? - Svenska Magasinet","isPartOf":{"@id":"https:\/\/lightweb.dev\/l\/svm-temp\/#website"},"primaryImageOfPage":{"@id":"https:\/\/lightweb.dev\/l\/svm-temp\/artiklar\/hans-g-vet-ni-vad-en-mobilist-ar\/#primaryimage"},"image":{"@id":"https:\/\/lightweb.dev\/l\/svm-temp\/artiklar\/hans-g-vet-ni-vad-en-mobilist-ar\/#primaryimage"},"thumbnailUrl":"https:\/\/lightweb.dev\/l\/svm-temp\/wp-content\/uploads\/2022\/04\/hans-g-vet-ni-vad-en-mobilist-r.png","datePublished":"2015-03-10T23:00:00+00:00","breadcrumb":{"@id":"https:\/\/lightweb.dev\/l\/svm-temp\/artiklar\/hans-g-vet-ni-vad-en-mobilist-ar\/#breadcrumb"},"inLanguage":"sv-SE","potentialAction":[{"@type":"ReadAction","target":["https:\/\/lightweb.dev\/l\/svm-temp\/artiklar\/hans-g-vet-ni-vad-en-mobilist-ar\/"]}]},{"@type":"ImageObject","inLanguage":"sv-SE","@id":"https:\/\/lightweb.dev\/l\/svm-temp\/artiklar\/hans-g-vet-ni-vad-en-mobilist-ar\/#primaryimage","url":"https:\/\/lightweb.dev\/l\/svm-temp\/wp-content\/uploads\/2022\/04\/hans-g-vet-ni-vad-en-mobilist-r.png","contentUrl":"https:\/\/lightweb.dev\/l\/svm-temp\/wp-content\/uploads\/2022\/04\/hans-g-vet-ni-vad-en-mobilist-r.png","width":280,"height":498},{"@type":"BreadcrumbList","@id":"https:\/\/lightweb.dev\/l\/svm-temp\/artiklar\/hans-g-vet-ni-vad-en-mobilist-ar\/#breadcrumb","itemListElement":[{"@type":"ListItem","position":1,"name":"Hem","item":"https:\/\/lightweb.dev\/l\/svm-temp\/"},{"@type":"ListItem","position":2,"name":"Hans G: Vet ni vad en mobilist \u00e4r?"}]},{"@type":"WebSite","@id":"https:\/\/lightweb.dev\/l\/svm-temp\/#website","url":"https:\/\/lightweb.dev\/l\/svm-temp\/","name":"Svenska Magasinet","description":"Dina Spanska nyheter p&aring; Svenska","publisher":{"@id":"https:\/\/lightweb.dev\/l\/svm-temp\/#organization"},"potentialAction":[{"@type":"SearchAction","target":{"@type":"EntryPoint","urlTemplate":"https:\/\/lightweb.dev\/l\/svm-temp\/?s={search_term_string}"},"query-input":{"@type":"PropertyValueSpecification","valueRequired":true,"valueName":"search_term_string"}}],"inLanguage":"sv-SE"},{"@type":"Organization","@id":"https:\/\/lightweb.dev\/l\/svm-temp\/#organization","name":"Melkerson y Nott SL","alternateName":"Svenska Magasinet","url":"https:\/\/lightweb.dev\/l\/svm-temp\/","logo":{"@type":"ImageObject","inLanguage":"sv-SE","@id":"https:\/\/lightweb.dev\/l\/svm-temp\/#\/schema\/logo\/image\/","url":"https:\/\/lightweb.dev\/l\/svm-temp\/wp-content\/uploads\/2025\/02\/SvM-logo-Xtra-Centrerad-SVART.png","contentUrl":"https:\/\/lightweb.dev\/l\/svm-temp\/wp-content\/uploads\/2025\/02\/SvM-logo-Xtra-Centrerad-SVART.png","width":300,"height":99,"caption":"Melkerson y Nott SL"},"image":{"@id":"https:\/\/lightweb.dev\/l\/svm-temp\/#\/schema\/logo\/image\/"},"sameAs":["https:\/\/www.facebook.com\/svenskamagasinet","https:\/\/x.com\/SvenskaMagasine"]},{"@type":"Person","@id":"https:\/\/lightweb.dev\/l\/svm-temp\/#\/schema\/person\/206a3bda5b607b0c25e1749191e4d837","name":"Redaktionen SvM","description":"Redaktionen","sameAs":["https:\/\/lightweb.dev\/l\/svm-temp"],"url":"https:\/\/lightweb.dev\/l\/svm-temp\/reporter\/redaktionen\/"}]}},"_links":{"self":[{"href":"https:\/\/lightweb.dev\/l\/svm-temp\/wp-json\/wp\/v2\/posts\/5186","targetHints":{"allow":["GET"]}}],"collection":[{"href":"https:\/\/lightweb.dev\/l\/svm-temp\/wp-json\/wp\/v2\/posts"}],"about":[{"href":"https:\/\/lightweb.dev\/l\/svm-temp\/wp-json\/wp\/v2\/types\/post"}],"author":[{"embeddable":true,"href":"https:\/\/lightweb.dev\/l\/svm-temp\/wp-json\/wp\/v2\/users\/8"}],"replies":[{"embeddable":true,"href":"https:\/\/lightweb.dev\/l\/svm-temp\/wp-json\/wp\/v2\/comments?post=5186"}],"version-history":[{"count":0,"href":"https:\/\/lightweb.dev\/l\/svm-temp\/wp-json\/wp\/v2\/posts\/5186\/revisions"}],"wp:featuredmedia":[{"embeddable":true,"href":"https:\/\/lightweb.dev\/l\/svm-temp\/wp-json\/wp\/v2\/media\/5187"}],"wp:attachment":[{"href":"https:\/\/lightweb.dev\/l\/svm-temp\/wp-json\/wp\/v2\/media?parent=5186"}],"wp:term":[{"taxonomy":"category","embeddable":true,"href":"https:\/\/lightweb.dev\/l\/svm-temp\/wp-json\/wp\/v2\/categories?post=5186"},{"taxonomy":"post_tag","embeddable":true,"href":"https:\/\/lightweb.dev\/l\/svm-temp\/wp-json\/wp\/v2\/tags?post=5186"}],"curies":[{"name":"wp","href":"https:\/\/api.w.org\/{rel}","templated":true}]}}