{"id":5191,"date":"2015-03-11T00:00:00","date_gmt":"2015-03-10T23:00:00","guid":{"rendered":"https:\/\/lightweb.dev\/l\/svm-temp\/ravsvansar-pafagelogon-och-kamelfotter\/"},"modified":"2015-03-11T00:00:00","modified_gmt":"2015-03-10T23:00:00","slug":"ravsvansar-pafagelogon-och-kamelfotter","status":"publish","type":"post","link":"https:\/\/lightweb.dev\/l\/svm-temp\/artiklar\/ravsvansar-pafagelogon-och-kamelfotter\/","title":{"rendered":"R\u00e4vsvansar, p\u00e5f\u00e5gel\u00f6gon och kamelf\u00f6tter"},"content":{"rendered":"<p> K\u00e4nner du landet d\u00e4r citronerna blommar \u2026 skrev Goethe. Han talade om Cisilien. Det fanns en tid n\u00e4r det inte fanns n\u00e5gra citrontr\u00e4d alls i Europa. Det var f\u00f6re 700-talet n\u00e4r morerna tog hit dem. Innan dess hade Alexander den store p\u00e5 300-talet f\u00f6rt med sig \u00e4pplen fr\u00e5n Medien i Persien. Det var Citrus medica, den stora cedtraten, ursprunget till den citron vi k\u00e4nner som antas vara en hybrid mellan cedrat och lime. Text\/Foto: Lennart Ekman<br \/>\ne-post: lennartekman@hotmail.com<\/p>\n<p>Citron (Citrus limon)<br \/>\nUnder medeltiden tog korsfararna med sig frukten som perserna kallade limum till Europa. Columbus tog med sig citroner p\u00e5 sina Amerikaresor, klokt nog. N\u00e4r Henrik VIII gifte sig med Anne Boleyn fick de en citron i br\u00f6llopsg\u00e5va som en symbol f\u00f6r evig k\u00e4rlek! P\u00e5 1500-talet fanns citroner i Gustav Vasas kryddf\u00f6rr\u00e5d.<br \/>\nJag h\u00f6rde p\u00e5 50-talet att mallorkinerna var sura p\u00e5 amerikanska turister som ville ha citronskivor sina drinkar och de betalade f\u00f6r citronerna. Vilken bef\u00e4ngd id\u00e9.<\/p>\n<p>Drakagave (Agave attenuata)<br \/>\nMin dotter Annika tog den h\u00e4r bilden av en blommande drakagave, agave del drag\u00f3n. Fox tail, s\u00e4ger engelsm\u00e4nnen och det \u00e4r ingen dum liknelse. V\u00e4xten kommer fr\u00e5n Mexico. Den blommar nerifr\u00e5n mot spetsen och man kan f\u00f6lja hur insekterna sv\u00e4rmar l\u00e4ngs med blomningen.<\/p>\n<p>  P\u00e5f\u00e5gelblomster (Gazania)<br \/>\nSnart kan vi njuta av olika arter av Gazania i planteringarna. Det \u00e4r en blomma fr\u00e5n Sydafrika som t\u00e5l det h\u00e4r klimatet. Det d\u00e4r med p\u00e5f\u00e5gel kommer sig av att man tycker sig se en ring av p\u00e5f\u00e5gels\u00f6gon l\u00e4ngst ner p\u00e5 kronbladen.<br \/>\nLinn\u00e9, som var noga med att hedra framst\u00e5ende forskare, gav greken Theodoros Gazes evig \u00e4ra genom blommans sl\u00e4ktnamn. Gazes verkade i Rom p\u00e5 1400-talet.<\/p>\n<p>Orkid\u00e9tr\u00e4d (Bauhinia variegata)<br \/>\nDe underbara orkid\u00e9tr\u00e4den blommar tidigt. De kommer fr\u00e5n Sydostasien och \u00e4r heliga f\u00f6r buddister. P\u00e5 grund av bladens form kallas de ocks\u00e5 f\u00f6r kamelfotstr\u00e4d.<br \/>\nH\u00e4r har Linn\u00e9 hedrat Caspar Bauhin som i Schweitz 1596 utkom med verket Phytopinax. Det som gjorde Linn\u00e9 intresserad var att boken var den f\u00f6rsta, om \u00e4n inte konsekventa, indelningen av v\u00e4xtriket med bin\u00e4r nomenklatur, allts\u00e5 d\u00e4r varje v\u00e4xt tilldelas ett sl\u00e4ktnamn f\u00f6ljt av<br \/>\nett artepitet. Linn\u00e9s epokg\u00f6rande och f\u00f6r m\u00e5nga uppr\u00f6rande verk Species Plantarum kom 1753 och byggde p\u00e5 v\u00e4xternas sexualsystem med st\u00e5ndare och pistiller.<\/p>\n","protected":false},"excerpt":{"rendered":"<p>K\u00e4nner du landet d\u00e4r citronerna blommar \u2026 skrev Goethe. Han talade om Cisilien. Det fanns en tid n\u00e4r det inte fanns n\u00e5gra citrontr\u00e4d alls i Europa. Det var f\u00f6re 700-talet n\u00e4r morerna tog hit dem. Innan dess hade Alexander den store p\u00e5 300-talet f\u00f6rt med sig \u00e4pplen fr\u00e5n Medien i Persien. Det var Citrus medica, [&hellip;]<\/p>\n","protected":false},"author":8,"featured_media":5192,"comment_status":"open","ping_status":"open","sticky":false,"template":"","format":"standard","meta":{"_et_pb_use_builder":"","_et_pb_old_content":"","_et_gb_content_width":"","footnotes":""},"categories":[4,37],"tags":[],"class_list":["post-5191","post","type-post","status-publish","format-standard","has-post-thumbnail","hentry","category-artiklar","category-hem-bostad"],"yoast_head":"<!-- This site is optimized with the Yoast SEO Premium plugin v26.2 (Yoast SEO v27.4) - https:\/\/yoast.com\/product\/yoast-seo-premium-wordpress\/ -->\n<title>R\u00e4vsvansar, p\u00e5f\u00e5gel\u00f6gon och kamelf\u00f6tter - Svenska Magasinet<\/title>\n<meta name=\"robots\" content=\"noindex, follow, max-snippet:-1, max-image-preview:large, max-video-preview:-1\" \/>\n<meta property=\"og:locale\" content=\"sv_SE\" \/>\n<meta property=\"og:type\" content=\"article\" \/>\n<meta property=\"og:title\" content=\"R\u00e4vsvansar, p\u00e5f\u00e5gel\u00f6gon och kamelf\u00f6tter\" \/>\n<meta property=\"og:description\" content=\"K\u00e4nner du landet d\u00e4r citronerna blommar \u2026 skrev Goethe. Han talade om Cisilien. Det fanns en tid n\u00e4r det inte fanns n\u00e5gra citrontr\u00e4d alls i Europa. Det var f\u00f6re 700-talet n\u00e4r morerna tog hit dem. Innan dess hade Alexander den store p\u00e5 300-talet f\u00f6rt med sig \u00e4pplen fr\u00e5n Medien i Persien. Det var Citrus medica, [&hellip;]\" \/>\n<meta property=\"og:url\" content=\"https:\/\/lightweb.dev\/l\/svm-temp\/artiklar\/ravsvansar-pafagelogon-och-kamelfotter\/\" \/>\n<meta property=\"og:site_name\" content=\"Svenska Magasinet\" \/>\n<meta property=\"article:publisher\" content=\"https:\/\/www.facebook.com\/svenskamagasinet\" \/>\n<meta property=\"article:published_time\" content=\"2015-03-10T23:00:00+00:00\" \/>\n<meta property=\"og:image\" content=\"https:\/\/lightweb.dev\/l\/svm-temp\/wp-content\/uploads\/2022\/04\/rvsvansar-pfgelgon-och-kamelftter.png\" \/>\n\t<meta property=\"og:image:width\" content=\"280\" \/>\n\t<meta property=\"og:image:height\" content=\"210\" \/>\n\t<meta property=\"og:image:type\" content=\"image\/png\" \/>\n<meta name=\"author\" content=\"Redaktionen SvM\" \/>\n<meta name=\"twitter:card\" content=\"summary_large_image\" \/>\n<meta name=\"twitter:creator\" content=\"@SvenskaMagasine\" \/>\n<meta name=\"twitter:site\" content=\"@SvenskaMagasine\" \/>\n<script type=\"application\/ld+json\" class=\"yoast-schema-graph\">{\"@context\":\"https:\\\/\\\/schema.org\",\"@graph\":[{\"@type\":\"Article\",\"@id\":\"https:\\\/\\\/lightweb.dev\\\/l\\\/svm-temp\\\/artiklar\\\/ravsvansar-pafagelogon-och-kamelfotter\\\/#article\",\"isPartOf\":{\"@id\":\"https:\\\/\\\/lightweb.dev\\\/l\\\/svm-temp\\\/artiklar\\\/ravsvansar-pafagelogon-och-kamelfotter\\\/\"},\"author\":{\"name\":\"Redaktionen SvM\",\"@id\":\"https:\\\/\\\/lightweb.dev\\\/l\\\/svm-temp\\\/#\\\/schema\\\/person\\\/206a3bda5b607b0c25e1749191e4d837\"},\"headline\":\"R\u00e4vsvansar, p\u00e5f\u00e5gel\u00f6gon och kamelf\u00f6tter\",\"datePublished\":\"2015-03-10T23:00:00+00:00\",\"mainEntityOfPage\":{\"@id\":\"https:\\\/\\\/lightweb.dev\\\/l\\\/svm-temp\\\/artiklar\\\/ravsvansar-pafagelogon-och-kamelfotter\\\/\"},\"wordCount\":440,\"commentCount\":0,\"publisher\":{\"@id\":\"https:\\\/\\\/lightweb.dev\\\/l\\\/svm-temp\\\/#organization\"},\"image\":{\"@id\":\"https:\\\/\\\/lightweb.dev\\\/l\\\/svm-temp\\\/artiklar\\\/ravsvansar-pafagelogon-och-kamelfotter\\\/#primaryimage\"},\"thumbnailUrl\":\"https:\\\/\\\/lightweb.dev\\\/l\\\/svm-temp\\\/wp-content\\\/uploads\\\/2022\\\/04\\\/rvsvansar-pfgelgon-och-kamelftter.png\",\"articleSection\":[\"Artiklar\",\"Hem &amp; bostad\"],\"inLanguage\":\"sv-SE\"},{\"@type\":\"WebPage\",\"@id\":\"https:\\\/\\\/lightweb.dev\\\/l\\\/svm-temp\\\/artiklar\\\/ravsvansar-pafagelogon-och-kamelfotter\\\/\",\"url\":\"https:\\\/\\\/lightweb.dev\\\/l\\\/svm-temp\\\/artiklar\\\/ravsvansar-pafagelogon-och-kamelfotter\\\/\",\"name\":\"R\u00e4vsvansar, p\u00e5f\u00e5gel\u00f6gon och kamelf\u00f6tter - Svenska Magasinet\",\"isPartOf\":{\"@id\":\"https:\\\/\\\/lightweb.dev\\\/l\\\/svm-temp\\\/#website\"},\"primaryImageOfPage\":{\"@id\":\"https:\\\/\\\/lightweb.dev\\\/l\\\/svm-temp\\\/artiklar\\\/ravsvansar-pafagelogon-och-kamelfotter\\\/#primaryimage\"},\"image\":{\"@id\":\"https:\\\/\\\/lightweb.dev\\\/l\\\/svm-temp\\\/artiklar\\\/ravsvansar-pafagelogon-och-kamelfotter\\\/#primaryimage\"},\"thumbnailUrl\":\"https:\\\/\\\/lightweb.dev\\\/l\\\/svm-temp\\\/wp-content\\\/uploads\\\/2022\\\/04\\\/rvsvansar-pfgelgon-och-kamelftter.png\",\"datePublished\":\"2015-03-10T23:00:00+00:00\",\"breadcrumb\":{\"@id\":\"https:\\\/\\\/lightweb.dev\\\/l\\\/svm-temp\\\/artiklar\\\/ravsvansar-pafagelogon-och-kamelfotter\\\/#breadcrumb\"},\"inLanguage\":\"sv-SE\",\"potentialAction\":[{\"@type\":\"ReadAction\",\"target\":[\"https:\\\/\\\/lightweb.dev\\\/l\\\/svm-temp\\\/artiklar\\\/ravsvansar-pafagelogon-och-kamelfotter\\\/\"]}]},{\"@type\":\"ImageObject\",\"inLanguage\":\"sv-SE\",\"@id\":\"https:\\\/\\\/lightweb.dev\\\/l\\\/svm-temp\\\/artiklar\\\/ravsvansar-pafagelogon-och-kamelfotter\\\/#primaryimage\",\"url\":\"https:\\\/\\\/lightweb.dev\\\/l\\\/svm-temp\\\/wp-content\\\/uploads\\\/2022\\\/04\\\/rvsvansar-pfgelgon-och-kamelftter.png\",\"contentUrl\":\"https:\\\/\\\/lightweb.dev\\\/l\\\/svm-temp\\\/wp-content\\\/uploads\\\/2022\\\/04\\\/rvsvansar-pfgelgon-och-kamelftter.png\",\"width\":280,\"height\":210},{\"@type\":\"BreadcrumbList\",\"@id\":\"https:\\\/\\\/lightweb.dev\\\/l\\\/svm-temp\\\/artiklar\\\/ravsvansar-pafagelogon-och-kamelfotter\\\/#breadcrumb\",\"itemListElement\":[{\"@type\":\"ListItem\",\"position\":1,\"name\":\"Hem\",\"item\":\"https:\\\/\\\/lightweb.dev\\\/l\\\/svm-temp\\\/\"},{\"@type\":\"ListItem\",\"position\":2,\"name\":\"R\u00e4vsvansar, p\u00e5f\u00e5gel\u00f6gon och kamelf\u00f6tter\"}]},{\"@type\":\"WebSite\",\"@id\":\"https:\\\/\\\/lightweb.dev\\\/l\\\/svm-temp\\\/#website\",\"url\":\"https:\\\/\\\/lightweb.dev\\\/l\\\/svm-temp\\\/\",\"name\":\"Svenska Magasinet\",\"description\":\"Dina Spanska nyheter p&aring; Svenska\",\"publisher\":{\"@id\":\"https:\\\/\\\/lightweb.dev\\\/l\\\/svm-temp\\\/#organization\"},\"potentialAction\":[{\"@type\":\"SearchAction\",\"target\":{\"@type\":\"EntryPoint\",\"urlTemplate\":\"https:\\\/\\\/lightweb.dev\\\/l\\\/svm-temp\\\/?s={search_term_string}\"},\"query-input\":{\"@type\":\"PropertyValueSpecification\",\"valueRequired\":true,\"valueName\":\"search_term_string\"}}],\"inLanguage\":\"sv-SE\"},{\"@type\":\"Organization\",\"@id\":\"https:\\\/\\\/lightweb.dev\\\/l\\\/svm-temp\\\/#organization\",\"name\":\"Melkerson y Nott SL\",\"alternateName\":\"Svenska Magasinet\",\"url\":\"https:\\\/\\\/lightweb.dev\\\/l\\\/svm-temp\\\/\",\"logo\":{\"@type\":\"ImageObject\",\"inLanguage\":\"sv-SE\",\"@id\":\"https:\\\/\\\/lightweb.dev\\\/l\\\/svm-temp\\\/#\\\/schema\\\/logo\\\/image\\\/\",\"url\":\"https:\\\/\\\/lightweb.dev\\\/l\\\/svm-temp\\\/wp-content\\\/uploads\\\/2025\\\/02\\\/SvM-logo-Xtra-Centrerad-SVART.png\",\"contentUrl\":\"https:\\\/\\\/lightweb.dev\\\/l\\\/svm-temp\\\/wp-content\\\/uploads\\\/2025\\\/02\\\/SvM-logo-Xtra-Centrerad-SVART.png\",\"width\":300,\"height\":99,\"caption\":\"Melkerson y Nott SL\"},\"image\":{\"@id\":\"https:\\\/\\\/lightweb.dev\\\/l\\\/svm-temp\\\/#\\\/schema\\\/logo\\\/image\\\/\"},\"sameAs\":[\"https:\\\/\\\/www.facebook.com\\\/svenskamagasinet\",\"https:\\\/\\\/x.com\\\/SvenskaMagasine\"]},{\"@type\":\"Person\",\"@id\":\"https:\\\/\\\/lightweb.dev\\\/l\\\/svm-temp\\\/#\\\/schema\\\/person\\\/206a3bda5b607b0c25e1749191e4d837\",\"name\":\"Redaktionen SvM\",\"description\":\"Redaktionen\",\"sameAs\":[\"https:\\\/\\\/lightweb.dev\\\/l\\\/svm-temp\"],\"url\":\"https:\\\/\\\/lightweb.dev\\\/l\\\/svm-temp\\\/reporter\\\/redaktionen\\\/\"}]}<\/script>\n<!-- \/ Yoast SEO Premium plugin. -->","yoast_head_json":{"title":"R\u00e4vsvansar, p\u00e5f\u00e5gel\u00f6gon och kamelf\u00f6tter - Svenska Magasinet","robots":{"index":"noindex","follow":"follow","max-snippet":"max-snippet:-1","max-image-preview":"max-image-preview:large","max-video-preview":"max-video-preview:-1"},"og_locale":"sv_SE","og_type":"article","og_title":"R\u00e4vsvansar, p\u00e5f\u00e5gel\u00f6gon och kamelf\u00f6tter","og_description":"K\u00e4nner du landet d\u00e4r citronerna blommar \u2026 skrev Goethe. Han talade om Cisilien. Det fanns en tid n\u00e4r det inte fanns n\u00e5gra citrontr\u00e4d alls i Europa. Det var f\u00f6re 700-talet n\u00e4r morerna tog hit dem. Innan dess hade Alexander den store p\u00e5 300-talet f\u00f6rt med sig \u00e4pplen fr\u00e5n Medien i Persien. Det var Citrus medica, [&hellip;]","og_url":"https:\/\/lightweb.dev\/l\/svm-temp\/artiklar\/ravsvansar-pafagelogon-och-kamelfotter\/","og_site_name":"Svenska Magasinet","article_publisher":"https:\/\/www.facebook.com\/svenskamagasinet","article_published_time":"2015-03-10T23:00:00+00:00","og_image":[{"width":280,"height":210,"url":"https:\/\/lightweb.dev\/l\/svm-temp\/wp-content\/uploads\/2022\/04\/rvsvansar-pfgelgon-och-kamelftter.png","type":"image\/png"}],"author":"Redaktionen SvM","twitter_card":"summary_large_image","twitter_creator":"@SvenskaMagasine","twitter_site":"@SvenskaMagasine","schema":{"@context":"https:\/\/schema.org","@graph":[{"@type":"Article","@id":"https:\/\/lightweb.dev\/l\/svm-temp\/artiklar\/ravsvansar-pafagelogon-och-kamelfotter\/#article","isPartOf":{"@id":"https:\/\/lightweb.dev\/l\/svm-temp\/artiklar\/ravsvansar-pafagelogon-och-kamelfotter\/"},"author":{"name":"Redaktionen SvM","@id":"https:\/\/lightweb.dev\/l\/svm-temp\/#\/schema\/person\/206a3bda5b607b0c25e1749191e4d837"},"headline":"R\u00e4vsvansar, p\u00e5f\u00e5gel\u00f6gon och kamelf\u00f6tter","datePublished":"2015-03-10T23:00:00+00:00","mainEntityOfPage":{"@id":"https:\/\/lightweb.dev\/l\/svm-temp\/artiklar\/ravsvansar-pafagelogon-och-kamelfotter\/"},"wordCount":440,"commentCount":0,"publisher":{"@id":"https:\/\/lightweb.dev\/l\/svm-temp\/#organization"},"image":{"@id":"https:\/\/lightweb.dev\/l\/svm-temp\/artiklar\/ravsvansar-pafagelogon-och-kamelfotter\/#primaryimage"},"thumbnailUrl":"https:\/\/lightweb.dev\/l\/svm-temp\/wp-content\/uploads\/2022\/04\/rvsvansar-pfgelgon-och-kamelftter.png","articleSection":["Artiklar","Hem &amp; bostad"],"inLanguage":"sv-SE"},{"@type":"WebPage","@id":"https:\/\/lightweb.dev\/l\/svm-temp\/artiklar\/ravsvansar-pafagelogon-och-kamelfotter\/","url":"https:\/\/lightweb.dev\/l\/svm-temp\/artiklar\/ravsvansar-pafagelogon-och-kamelfotter\/","name":"R\u00e4vsvansar, p\u00e5f\u00e5gel\u00f6gon och kamelf\u00f6tter - Svenska Magasinet","isPartOf":{"@id":"https:\/\/lightweb.dev\/l\/svm-temp\/#website"},"primaryImageOfPage":{"@id":"https:\/\/lightweb.dev\/l\/svm-temp\/artiklar\/ravsvansar-pafagelogon-och-kamelfotter\/#primaryimage"},"image":{"@id":"https:\/\/lightweb.dev\/l\/svm-temp\/artiklar\/ravsvansar-pafagelogon-och-kamelfotter\/#primaryimage"},"thumbnailUrl":"https:\/\/lightweb.dev\/l\/svm-temp\/wp-content\/uploads\/2022\/04\/rvsvansar-pfgelgon-och-kamelftter.png","datePublished":"2015-03-10T23:00:00+00:00","breadcrumb":{"@id":"https:\/\/lightweb.dev\/l\/svm-temp\/artiklar\/ravsvansar-pafagelogon-och-kamelfotter\/#breadcrumb"},"inLanguage":"sv-SE","potentialAction":[{"@type":"ReadAction","target":["https:\/\/lightweb.dev\/l\/svm-temp\/artiklar\/ravsvansar-pafagelogon-och-kamelfotter\/"]}]},{"@type":"ImageObject","inLanguage":"sv-SE","@id":"https:\/\/lightweb.dev\/l\/svm-temp\/artiklar\/ravsvansar-pafagelogon-och-kamelfotter\/#primaryimage","url":"https:\/\/lightweb.dev\/l\/svm-temp\/wp-content\/uploads\/2022\/04\/rvsvansar-pfgelgon-och-kamelftter.png","contentUrl":"https:\/\/lightweb.dev\/l\/svm-temp\/wp-content\/uploads\/2022\/04\/rvsvansar-pfgelgon-och-kamelftter.png","width":280,"height":210},{"@type":"BreadcrumbList","@id":"https:\/\/lightweb.dev\/l\/svm-temp\/artiklar\/ravsvansar-pafagelogon-och-kamelfotter\/#breadcrumb","itemListElement":[{"@type":"ListItem","position":1,"name":"Hem","item":"https:\/\/lightweb.dev\/l\/svm-temp\/"},{"@type":"ListItem","position":2,"name":"R\u00e4vsvansar, p\u00e5f\u00e5gel\u00f6gon och kamelf\u00f6tter"}]},{"@type":"WebSite","@id":"https:\/\/lightweb.dev\/l\/svm-temp\/#website","url":"https:\/\/lightweb.dev\/l\/svm-temp\/","name":"Svenska Magasinet","description":"Dina Spanska nyheter p&aring; Svenska","publisher":{"@id":"https:\/\/lightweb.dev\/l\/svm-temp\/#organization"},"potentialAction":[{"@type":"SearchAction","target":{"@type":"EntryPoint","urlTemplate":"https:\/\/lightweb.dev\/l\/svm-temp\/?s={search_term_string}"},"query-input":{"@type":"PropertyValueSpecification","valueRequired":true,"valueName":"search_term_string"}}],"inLanguage":"sv-SE"},{"@type":"Organization","@id":"https:\/\/lightweb.dev\/l\/svm-temp\/#organization","name":"Melkerson y Nott SL","alternateName":"Svenska Magasinet","url":"https:\/\/lightweb.dev\/l\/svm-temp\/","logo":{"@type":"ImageObject","inLanguage":"sv-SE","@id":"https:\/\/lightweb.dev\/l\/svm-temp\/#\/schema\/logo\/image\/","url":"https:\/\/lightweb.dev\/l\/svm-temp\/wp-content\/uploads\/2025\/02\/SvM-logo-Xtra-Centrerad-SVART.png","contentUrl":"https:\/\/lightweb.dev\/l\/svm-temp\/wp-content\/uploads\/2025\/02\/SvM-logo-Xtra-Centrerad-SVART.png","width":300,"height":99,"caption":"Melkerson y Nott SL"},"image":{"@id":"https:\/\/lightweb.dev\/l\/svm-temp\/#\/schema\/logo\/image\/"},"sameAs":["https:\/\/www.facebook.com\/svenskamagasinet","https:\/\/x.com\/SvenskaMagasine"]},{"@type":"Person","@id":"https:\/\/lightweb.dev\/l\/svm-temp\/#\/schema\/person\/206a3bda5b607b0c25e1749191e4d837","name":"Redaktionen SvM","description":"Redaktionen","sameAs":["https:\/\/lightweb.dev\/l\/svm-temp"],"url":"https:\/\/lightweb.dev\/l\/svm-temp\/reporter\/redaktionen\/"}]}},"_links":{"self":[{"href":"https:\/\/lightweb.dev\/l\/svm-temp\/wp-json\/wp\/v2\/posts\/5191","targetHints":{"allow":["GET"]}}],"collection":[{"href":"https:\/\/lightweb.dev\/l\/svm-temp\/wp-json\/wp\/v2\/posts"}],"about":[{"href":"https:\/\/lightweb.dev\/l\/svm-temp\/wp-json\/wp\/v2\/types\/post"}],"author":[{"embeddable":true,"href":"https:\/\/lightweb.dev\/l\/svm-temp\/wp-json\/wp\/v2\/users\/8"}],"replies":[{"embeddable":true,"href":"https:\/\/lightweb.dev\/l\/svm-temp\/wp-json\/wp\/v2\/comments?post=5191"}],"version-history":[{"count":0,"href":"https:\/\/lightweb.dev\/l\/svm-temp\/wp-json\/wp\/v2\/posts\/5191\/revisions"}],"wp:featuredmedia":[{"embeddable":true,"href":"https:\/\/lightweb.dev\/l\/svm-temp\/wp-json\/wp\/v2\/media\/5192"}],"wp:attachment":[{"href":"https:\/\/lightweb.dev\/l\/svm-temp\/wp-json\/wp\/v2\/media?parent=5191"}],"wp:term":[{"taxonomy":"category","embeddable":true,"href":"https:\/\/lightweb.dev\/l\/svm-temp\/wp-json\/wp\/v2\/categories?post=5191"},{"taxonomy":"post_tag","embeddable":true,"href":"https:\/\/lightweb.dev\/l\/svm-temp\/wp-json\/wp\/v2\/tags?post=5191"}],"curies":[{"name":"wp","href":"https:\/\/api.w.org\/{rel}","templated":true}]}}