{"id":5193,"date":"2015-03-11T00:00:00","date_gmt":"2015-03-10T23:00:00","guid":{"rendered":"https:\/\/lightweb.dev\/l\/svm-temp\/malaga-arets-stora-bubblare-bland-landets-framsta-kulturstader\/"},"modified":"2015-03-11T00:00:00","modified_gmt":"2015-03-10T23:00:00","slug":"malaga-arets-stora-bubblare-bland-landets-framsta-kulturstader","status":"publish","type":"post","link":"https:\/\/lightweb.dev\/l\/svm-temp\/artiklar\/malaga-arets-stora-bubblare-bland-landets-framsta-kulturstader\/","title":{"rendered":"\u201dM\u00e1laga \u00e5rets stora bubblare\u201d \u2013 bland landets fr\u00e4msta kulturst\u00e4der"},"content":{"rendered":"<p> Topprestauranger, tapasbarer, kultur, historia, tjurf\u00e4ktning och konstutst\u00e4llningar. L\u00e4gg till fotboll och basket i den spanska tabelltoppen. Och ett dopp i Medelhavet mitt i storstan. Inte konstigt att svenska charteroperat\u00f6rer reser till M\u00e1laga i sommar. F\u00e5 st\u00e4der i Europa kan under v\u00e5ren 2015 t\u00e4vla med M\u00e1laga d\u00e5 b\u00e5de Pompidou och ryska statens museum \u00f6ppnar upp i den sydspanska hamnstaden. Av Ola Josefsson<\/p>\n<p>Tre invigningar av nya museum p\u00e5 bara en vecka. Den 25 mars \u00f6ppnar Colecci\u00f3n Museo Ruso i den gamla tobaksfabriken Tabacalera. Dessf\u00f6rinnan, den 24 mars, invigs Museo de Arte de la Diputaci\u00f3n (MAD) i Antequera. L\u00f6rdagen den 28 mars v\u00e4ntar invigning av Centro Pompidou i M\u00e1laga hamn. Samma dag \u00f6ppnar ocks\u00e5 vandringsleden Caminito del Rey som du kan l\u00e4sa om p\u00e5 annan plats i denna tidning.<\/p>\n<p>F\u00f6rutom att nya museum sl\u00e5r upp portarna v\u00e4ntar nya tempor\u00e4ra utst\u00e4llningar. Vid CAC (Centro de Arte Contempor\u00e1neo) \u00f6ppnar den tempor\u00e4ra utst\u00e4llningen med fransk-algeriern Adel Abdessemed torsdagen den 26 mars medan Kina-utst\u00e4llningen med Yan Pei Ming \u00f6ppnar veckan innan.<br \/>\nVi ska inte heller gl\u00f6mma bort Museo Carmen Thyssen som den 27 mars inviger den tempor\u00e4ra utst\u00e4llningen \u201dD\u00edas de verano\u201d, Sommardagar, som h\u00e5ller p\u00e5 till den 6 september. Till\u00e4ggas kan att Esteponas nya teater Teatro Felipe VI troligtvis invigs den 23 mars.<br \/>\nS\u00e5 nog st\u00e5r invigningarna p\u00e5 rad i slutet p\u00e5 mars innan Semana santa, Heliga veckan och p\u00e5sken drar ig\u00e5ng med m\u00e4ngder av bes\u00f6kare som ska f\u00f6lja de allvarstyngda processionerna i centrum.<\/p>\n<p>Fr\u00e4msta kulturst\u00e4der<br \/>\nMuseum-t\u00e4ta M\u00e1laga seglar upp bland Spaniens fr\u00e4msta kulturst\u00e4der. Provinshuvudstaden p\u00e5 Solkusten har inte \u201dbara\u201d CAC, Picasso-museet och Thyssen-museet. I de centrala delarna av stan kan du se n\u00e5gra av de f\u00f6rn\u00e4msta konstf\u00f6rest\u00e4llningarna i v\u00e4rlden.<br \/>\nHit riktas ocks\u00e5 intresset fr\u00e5n flera konstakt\u00f6rer. N\u00e4r antalet kryssningsturister har vuxit stabilt finns en stor marknad. M\u00e1laga \u00e4r ocks\u00e5 den stad i Spanien d\u00e4r antalet resen\u00e4rer och hotell\u00f6vernattningar \u00f6kar mest n\u00e4r det g\u00e4ller stadsturism. Under de senaste tio \u00e5ren har antalet turister i M\u00e1laga \u00f6kat med 127 procent. Under fjol\u00e5ret 2014 registrerades 1.037.567 hotellturister vilket kan j\u00e4mf\u00f6ras med 456.493 tio \u00e5r tidigare.<br \/>\nIfjol bidrog det till en hotellbel\u00e4ggning p\u00e5 70 procent. Vi kan j\u00e4mf\u00f6ra hotellbel\u00e4ggningen i M\u00e1laga med andra spanska st\u00e4der som Barcelona, 59 procent, Madrid, 41,37, eller Sevilla med en hotellbel\u00e4ggning p\u00e5 22,4 procent f\u00f6r \u00e5ret 2014.<br \/>\nSvenska charteroperat\u00f6rer som Solresor och Airtours satsar p\u00e5 Costa del Sol i sommar varav Airtours \u00e4ven satsar p\u00e5 M\u00e1laga stad. Rikt kulturliv och bad mitt i stan lockar.<br \/>\n\u201dM\u00e1laga \u00e4r \u00e5rets stora bubblare hos oss\u201d, s\u00e4ger Karin Starkman Ahlstedt, pr- och kommunikationsansvarig p\u00e5 Ticket.<\/p>\n<p>M\u00e1laga lockar och drar samtidigt som spanjorerna sj\u00e4lva bes\u00f6ker staden. Av hotellg\u00e4ster under fjol\u00e5ret var 471.207 fr\u00e5n Spanien vilket var en \u00f6kning med 7,74 procent j\u00e4mf\u00f6rt med \u00e5ret innan. F\u00f6r fj\u00e4rde \u00e5ret i rad \u00f6vertr\u00e4ffades siffran \u00f6ver spanska turister med hotellg\u00e4ster fr\u00e5n utlandet som var 566.360.<br \/>\nF\u00f6r turistbranschen \u00e4r detta mycket positiva siffror. Och M\u00e1laga har potential att v\u00e4xa ytterligare. M\u00e1laga \u00e4r v\u00e4nligt, en v\u00e4lkomnande stad, n\u00e5got som turister v\u00e4rdes\u00e4tter.<br \/>\nM\u00e1laga rankas p\u00e5 40:e plats av den brittiska tidningen The Guardian p\u00e5 st\u00e4der i v\u00e4rlden som m\u00e5ste bes\u00f6kas 2015. Kollegan The Telegraph har M\u00e1laga p\u00e5 top-tio n\u00e4r det g\u00e4ller spanska st\u00e4der. Och i unders\u00f6kningen fr\u00e5n The European City Brand Barometer hamnar M\u00e1laga p\u00e5 plats 21 av Europas samtliga st\u00e4der.<\/p>\n<p>H\u00f6g klass<br \/>\nM\u00e1laga \u00e4r ocks\u00e5 den femte st\u00f6rre staden i Spanien med flest turistf\u00f6retag som har blivit certifierade med kvalitetsm\u00e4rkning, totalt 128 stycken. Det visar att M\u00e1laga inte bara har ett omfattande utbud, det h\u00e5ller \u00e4ven h\u00f6g klass.<br \/>\nPresidenten f\u00f6r konstcentret i Paris bes\u00f6kte M\u00e1laga i februari och kunde d\u00e5 konstatera:<br \/>\n\u201dDet existerar inte n\u00e5gra liknande konstsalar ens i Paris som \u00f6ppnar upp och presenterar den stora konstsamlingen p\u00e5 ett s\u00e5dant s\u00e4tt s\u00e5 att vi kan sl\u00e4ppa loss fantasin, som Pompidou i M\u00e1laga g\u00f6r\u201d.<br \/>\nAlain Seban kom till M\u00e1laga tillsammans med direkt\u00f6ren Bernard Blistene. Och de talade sig varma f\u00f6r l\u00e4get i hamnen.<br \/>\nSeban var i M\u00e1laga f\u00f6r att inspektera det nya museet. Och han var mycket n\u00f6jd.<br \/>\n\u201dDet \u00e4r sagolikt. Jag \u00e4r mycket n\u00f6jd med det s\u00e4tt varp\u00e5 arkitekterna har arbetat f\u00f6r att bidra och uppr\u00e4tth\u00e5lla den stil som b\u00e4r Pompidou sigill\u201d.<\/p>\n<p>Bakom museet Pompidou ligger arkitekten Javier P\u00e9rez de la Fuente som har lyckats f\u00e5 hela h\u00e4rligheten att sm\u00e4lta in i milj\u00f6n i h\u00f6rnet av piren Muelle Uno. Ljuset fr\u00e5n havet blir en naturlig del och f\u00f6rst\u00e4rks genom olika byggmaterial. P\u00e5 de vita v\u00e4ggarna h\u00e4nger konstskatter fr\u00e5n Paris.<br \/>\nUtsidan liknar ett fartyg som ligger f\u00f6rt\u00f6jd i hamn. F\u00f6r bes\u00f6karna v\u00e4ntar uppt\u00e4ckter d\u00e4r inomhusmilj\u00f6n p\u00e5minner om en katedral som en ikonisk kub med genomskinliga kupoler och takf\u00f6nster. Alla detaljer, sm\u00e5 eller stora \u00e4r v\u00e4l genomt\u00e4nkta.<\/p>\n<p>I den permanenta avdelningen p\u00e5 tv\u00e5 tusen kvadratmeter finns en 30 meter l\u00e5ng och \u00e5tta meter h\u00f6g v\u00e4gg. H\u00e4r kommer de stora konstverken att h\u00e4nga som Bacon, Julio Gonz\u00e1lez eller Picasso. Den n\u00e4stan 250 kvadratmeter stora vit v\u00e4ggen kommer utan tvekan att bli en av de stora attraktionerna.<br \/>\nAvtalet mellan Pompidou och M\u00e1laga stad l\u00f6per i f\u00f6rsta hand p\u00e5 fem \u00e5r som sedan kan f\u00f6rl\u00e4ngas. Satsningen med Pompidou i M\u00e1laga \u00e4r ett prov inf\u00f6r en global expansion av utst\u00e4llningar som f\u00f6rhoppningsvis ska bes\u00f6ka olika st\u00e4der.<\/p>\n<p>  Tobaksfabriken<br \/>\nOch s\u00e5 har vi d\u00e5 ryska statens museum i Sankt Petersburg som under v\u00e5ren \u00f6ppnar upp en filial, \u201dColecci\u00f3n Museo Ruso\u201d, i den gamla anrika tobaksfabriken som redan har ett bilmuseum. Museet i Sankt Petersburg har funnits i 119 \u00e5r och f\u00f6r f\u00f6rsta g\u00e5ngen \u00f6ppnas en filial i Europa med en \u00e5rlig utst\u00e4llning plus tv\u00e5 tempor\u00e4ra utst\u00e4llningar varje \u00e5r.<br \/>\n\u00c5rets tema \u201dRysk konst mellan 1500 till 2000-talet\u201d visar en bred \u00f6versikt av rysk konst fr\u00e5n 1500-talet till Sovjet-realism. N\u00e5gra av konstn\u00e4rerna \u00e4r Venetsianov, Brulov, Ivanov, Levitan, Vereschagin, Kandinski, Tatlin, Rosanova och Deineka bland annat.<br \/>\nDen f\u00f6rsta tempor\u00e4ra utst\u00e4llningen blir med Diaghilev som skapade den ryska baletten och var god v\u00e4n till Picasso. Sergei Diaghilev var en f\u00f6retagsam innovat\u00f6r p\u00e5 v\u00e4rldsscenen och verksam i slutet p\u00e5 1800-talet och i b\u00f6rjan p\u00e5 1900-talet. Diaghilev bes\u00f6kte M\u00e1laga 1917 tillsammans med Olga Koklova som skulle bli M\u00e1lagakonstn\u00e4rens f\u00f6rsta hustru.<\/p>\n<p>Diaghilev var \u00e4ven en skapare p\u00e5 v\u00e4rldens scener av klassisk dans. Han utarbetade \u00e4ven kostymer, kulisser eller mer komplex scenografi. Han samarbetade med konstn\u00e4rer som Picasso, Matisse och Andr\u00e9 Derain, med musiker och tons\u00e4ttare som Stravinsky, Ravel och Debussy. Andra lyckade samarbeten var med koreografer som Fokine och Massine.<br \/>\nUtst\u00e4llningen \u201drysk konst under epoken Diaghilev\u201d varar fram till september. Den tempor\u00e4ra utst\u00e4llningen best\u00e5r av 69 konstverk och inneh\u00e5ller \u00e4ven m\u00e5lningar och skulpturer av Bakst LS, Vrubel, Golovin, Goncharova, Levitan och Larionov.<br \/>\nDen andra tempor\u00e4ra utst\u00e4llningen blir en excentrisk avantgardekonstn\u00e4r som uppskattas av hans samtida, n\u00e4mligen P\u00e1vel Filonov. 2016 v\u00e4ntar utst\u00e4llningar med verk av Marc Chagal, Vassily Kandinksky och Kazimir Malevich.<\/p>\n<p>\u201dKulturell bro\u201d<br \/>\nAtt Sankt Petersburgs stats-museum med 400.000 konstf\u00f6rem\u00e5l (!) satsar p\u00e5 en filial i M\u00e1laga beskrivs som en \u201dkulturell bro\u201d mellan Ryssland och EU. Museet i Sankt Petersburg arrangerar ett tiotal tempor\u00e4ra utst\u00e4llningar utomlands per \u00e5r. En utst\u00e4llning i Brasilien hade nyligen 385.000 bes\u00f6kare p\u00e5 en och en halv m\u00e5nad. Museet har tidigare arrangerat utst\u00e4llningar i Milano, Stockholm och Wien.<br \/>\n\u201dVi k\u00e4nner till att m\u00e5nga m\u00e4nniskor utanf\u00f6r Rysslands gr\u00e4nser har d\u00e5lig kunskap om v\u00e5rt museum\u201d sa chefen f\u00f6r det ryska museet, Vladimir Gusev, n\u00e4r han tidigare i \u00e5r bes\u00f6kte M\u00e1laga.<\/p>\n<p>Avtalet med M\u00e1laga l\u00f6per p\u00e5 tio \u00e5r och kan f\u00f6rnyas ytterligare tio \u00e5r.<br \/>\n\u201dVi t\u00e4nker inte \u00f6ppna filialer p\u00e5 olika platser i v\u00e4rlden. N\u00e4r vi fick en f\u00f6rfr\u00e5gan fr\u00e5n den ryska ambassad\u00f6ren i Spanien och fr\u00e5n borgm\u00e4staren s\u00e5 s\u00e5g vi en m\u00f6jlighet att satsa p\u00e5 det h\u00e4r projektet\u201d s\u00e4ger Gusev.<br \/>\nBakom utformningen av det ryska museet ligger M\u00e1laga-arkitekten Antonio Herr\u00e1iz som har f\u00f6rs\u00f6kt synkronisera konsten fr\u00e5n Sankt Petersburg med tobaksfabriken Tabacalera.<\/p>\n<p>Fri entr\u00e9 fr\u00e5n klockan 16 p\u00e5 s\u00f6ndagar<br \/>\nF\u00f6r att se den permanenta och den tempor\u00e4ra utst\u00e4llningen vid \u201dColecci\u00f3n Museo Ruso\u201d i den gamla tobaksfabriken Tabacalera kostar det \u00e5tta euro. Intr\u00e4det vid Centro Pompidou i M\u00e1laga hamn blir nio euro.<br \/>\nDen stora nyheten \u00e4r att det blir fritt intr\u00e4de i b\u00e5da museerna fr\u00e5n klockan 16 p\u00e5 s\u00f6ndagar.<br \/>\nPension\u00e4rer \u00f6ver 65 \u00e5r, ungdomar upp till 26 \u00e5r, stora familjer och de som \u00e4r verksamma vid universitetet i M\u00e1laga f\u00e5r rabatter \u00f6vrig tid. Det blir gratis entr\u00e9 f\u00f6r arbetsl\u00f6sa och f\u00f6r dem under 18 \u00e5r.<\/p>\n<p>V\u00e4ntar kulturchock f\u00f6r M\u00e1laga?<br \/>\nM\u00e1lagas j\u00e4ttesatsningar p\u00e5 det ena museet efter det andra imponerar. Men kritiska r\u00f6ster menar att det \u00e4r skattebetalarna som betalar till viss del. \u00c5tta museum f\u00e5r kommunala bidrag. Enbart Centro Pompidou f\u00e5r 4,2 miljoner euro per \u00e5r \u00e5tminstone de kommande fem \u00e5ren.<br \/>\nTidigare satsningar p\u00e5 museum har inte alltid lyckats. Art Natura kostade 25,6 miljoner euro och slutade med en r\u00e4ttstvist mellan entrepren\u00f6ren och kommunen. Sedan la kommunen 20 miljoner euro p\u00e5 bordet f\u00f6r att k\u00f6pa den gamla biografen Astoria. Ocks\u00e5 ett kulturprojekt men \u00e4nnu st\u00e5r byggnaden fallf\u00e4rdig.<br \/>\nDet \u00e4r superval\u00e5r. Regionalval, lokalval och allm\u00e4nna val. Kritikerna menar att tidpunkten med invigningar i slutet p\u00e5 mars luktar valfl\u00e4sk.<\/p>\n","protected":false},"excerpt":{"rendered":"<p>Topprestauranger, tapasbarer, kultur, historia, tjurf\u00e4ktning och konstutst\u00e4llningar. L\u00e4gg till fotboll och basket i den spanska tabelltoppen. Och ett dopp i Medelhavet mitt i storstan. Inte konstigt att svenska charteroperat\u00f6rer reser till M\u00e1laga i sommar. F\u00e5 st\u00e4der i Europa kan under v\u00e5ren 2015 t\u00e4vla med M\u00e1laga d\u00e5 b\u00e5de Pompidou och ryska statens museum \u00f6ppnar upp i [&hellip;]<\/p>\n","protected":false},"author":8,"featured_media":5194,"comment_status":"open","ping_status":"open","sticky":false,"template":"","format":"standard","meta":{"_et_pb_use_builder":"","_et_pb_old_content":"","_et_gb_content_width":"","footnotes":""},"categories":[4,45],"tags":[],"class_list":["post-5193","post","type-post","status-publish","format-standard","has-post-thumbnail","hentry","category-artiklar","category-kultur"],"yoast_head":"<!-- This site is optimized with the Yoast SEO Premium plugin v26.2 (Yoast SEO v27.4) - https:\/\/yoast.com\/product\/yoast-seo-premium-wordpress\/ -->\n<title>\u201dM\u00e1laga \u00e5rets stora bubblare\u201d \u2013 bland landets fr\u00e4msta kulturst\u00e4der - Svenska Magasinet<\/title>\n<meta name=\"robots\" content=\"noindex, follow, max-snippet:-1, max-image-preview:large, max-video-preview:-1\" \/>\n<meta property=\"og:locale\" content=\"sv_SE\" \/>\n<meta property=\"og:type\" content=\"article\" \/>\n<meta property=\"og:title\" content=\"\u201dM\u00e1laga \u00e5rets stora bubblare\u201d \u2013 bland landets fr\u00e4msta kulturst\u00e4der\" \/>\n<meta property=\"og:description\" content=\"Topprestauranger, tapasbarer, kultur, historia, tjurf\u00e4ktning och konstutst\u00e4llningar. L\u00e4gg till fotboll och basket i den spanska tabelltoppen. Och ett dopp i Medelhavet mitt i storstan. Inte konstigt att svenska charteroperat\u00f6rer reser till M\u00e1laga i sommar. F\u00e5 st\u00e4der i Europa kan under v\u00e5ren 2015 t\u00e4vla med M\u00e1laga d\u00e5 b\u00e5de Pompidou och ryska statens museum \u00f6ppnar upp i [&hellip;]\" \/>\n<meta property=\"og:url\" content=\"https:\/\/lightweb.dev\/l\/svm-temp\/artiklar\/malaga-arets-stora-bubblare-bland-landets-framsta-kulturstader\/\" \/>\n<meta property=\"og:site_name\" content=\"Svenska Magasinet\" \/>\n<meta property=\"article:publisher\" content=\"https:\/\/www.facebook.com\/svenskamagasinet\" \/>\n<meta property=\"article:published_time\" content=\"2015-03-10T23:00:00+00:00\" \/>\n<meta property=\"og:image\" content=\"https:\/\/lightweb.dev\/l\/svm-temp\/wp-content\/uploads\/2022\/04\/mlaga-rets-stora-bubblare-bland-landets-frmsta-kulturstder.png\" \/>\n\t<meta property=\"og:image:width\" content=\"299\" \/>\n\t<meta property=\"og:image:height\" content=\"200\" \/>\n\t<meta property=\"og:image:type\" content=\"image\/png\" \/>\n<meta name=\"author\" content=\"Redaktionen SvM\" \/>\n<meta name=\"twitter:card\" content=\"summary_large_image\" \/>\n<meta name=\"twitter:creator\" content=\"@SvenskaMagasine\" \/>\n<meta name=\"twitter:site\" content=\"@SvenskaMagasine\" \/>\n<script type=\"application\/ld+json\" class=\"yoast-schema-graph\">{\"@context\":\"https:\\\/\\\/schema.org\",\"@graph\":[{\"@type\":\"Article\",\"@id\":\"https:\\\/\\\/lightweb.dev\\\/l\\\/svm-temp\\\/artiklar\\\/malaga-arets-stora-bubblare-bland-landets-framsta-kulturstader\\\/#article\",\"isPartOf\":{\"@id\":\"https:\\\/\\\/lightweb.dev\\\/l\\\/svm-temp\\\/artiklar\\\/malaga-arets-stora-bubblare-bland-landets-framsta-kulturstader\\\/\"},\"author\":{\"name\":\"Redaktionen SvM\",\"@id\":\"https:\\\/\\\/lightweb.dev\\\/l\\\/svm-temp\\\/#\\\/schema\\\/person\\\/206a3bda5b607b0c25e1749191e4d837\"},\"headline\":\"\u201dM\u00e1laga \u00e5rets stora bubblare\u201d \u2013 bland landets fr\u00e4msta kulturst\u00e4der\",\"datePublished\":\"2015-03-10T23:00:00+00:00\",\"mainEntityOfPage\":{\"@id\":\"https:\\\/\\\/lightweb.dev\\\/l\\\/svm-temp\\\/artiklar\\\/malaga-arets-stora-bubblare-bland-landets-framsta-kulturstader\\\/\"},\"wordCount\":1737,\"commentCount\":0,\"publisher\":{\"@id\":\"https:\\\/\\\/lightweb.dev\\\/l\\\/svm-temp\\\/#organization\"},\"image\":{\"@id\":\"https:\\\/\\\/lightweb.dev\\\/l\\\/svm-temp\\\/artiklar\\\/malaga-arets-stora-bubblare-bland-landets-framsta-kulturstader\\\/#primaryimage\"},\"thumbnailUrl\":\"https:\\\/\\\/lightweb.dev\\\/l\\\/svm-temp\\\/wp-content\\\/uploads\\\/2022\\\/04\\\/mlaga-rets-stora-bubblare-bland-landets-frmsta-kulturstder.png\",\"articleSection\":[\"Artiklar\",\"Kultur &amp; historia\"],\"inLanguage\":\"sv-SE\"},{\"@type\":\"WebPage\",\"@id\":\"https:\\\/\\\/lightweb.dev\\\/l\\\/svm-temp\\\/artiklar\\\/malaga-arets-stora-bubblare-bland-landets-framsta-kulturstader\\\/\",\"url\":\"https:\\\/\\\/lightweb.dev\\\/l\\\/svm-temp\\\/artiklar\\\/malaga-arets-stora-bubblare-bland-landets-framsta-kulturstader\\\/\",\"name\":\"\u201dM\u00e1laga \u00e5rets stora bubblare\u201d \u2013 bland landets fr\u00e4msta kulturst\u00e4der - Svenska Magasinet\",\"isPartOf\":{\"@id\":\"https:\\\/\\\/lightweb.dev\\\/l\\\/svm-temp\\\/#website\"},\"primaryImageOfPage\":{\"@id\":\"https:\\\/\\\/lightweb.dev\\\/l\\\/svm-temp\\\/artiklar\\\/malaga-arets-stora-bubblare-bland-landets-framsta-kulturstader\\\/#primaryimage\"},\"image\":{\"@id\":\"https:\\\/\\\/lightweb.dev\\\/l\\\/svm-temp\\\/artiklar\\\/malaga-arets-stora-bubblare-bland-landets-framsta-kulturstader\\\/#primaryimage\"},\"thumbnailUrl\":\"https:\\\/\\\/lightweb.dev\\\/l\\\/svm-temp\\\/wp-content\\\/uploads\\\/2022\\\/04\\\/mlaga-rets-stora-bubblare-bland-landets-frmsta-kulturstder.png\",\"datePublished\":\"2015-03-10T23:00:00+00:00\",\"breadcrumb\":{\"@id\":\"https:\\\/\\\/lightweb.dev\\\/l\\\/svm-temp\\\/artiklar\\\/malaga-arets-stora-bubblare-bland-landets-framsta-kulturstader\\\/#breadcrumb\"},\"inLanguage\":\"sv-SE\",\"potentialAction\":[{\"@type\":\"ReadAction\",\"target\":[\"https:\\\/\\\/lightweb.dev\\\/l\\\/svm-temp\\\/artiklar\\\/malaga-arets-stora-bubblare-bland-landets-framsta-kulturstader\\\/\"]}]},{\"@type\":\"ImageObject\",\"inLanguage\":\"sv-SE\",\"@id\":\"https:\\\/\\\/lightweb.dev\\\/l\\\/svm-temp\\\/artiklar\\\/malaga-arets-stora-bubblare-bland-landets-framsta-kulturstader\\\/#primaryimage\",\"url\":\"https:\\\/\\\/lightweb.dev\\\/l\\\/svm-temp\\\/wp-content\\\/uploads\\\/2022\\\/04\\\/mlaga-rets-stora-bubblare-bland-landets-frmsta-kulturstder.png\",\"contentUrl\":\"https:\\\/\\\/lightweb.dev\\\/l\\\/svm-temp\\\/wp-content\\\/uploads\\\/2022\\\/04\\\/mlaga-rets-stora-bubblare-bland-landets-frmsta-kulturstder.png\",\"width\":299,\"height\":200},{\"@type\":\"BreadcrumbList\",\"@id\":\"https:\\\/\\\/lightweb.dev\\\/l\\\/svm-temp\\\/artiklar\\\/malaga-arets-stora-bubblare-bland-landets-framsta-kulturstader\\\/#breadcrumb\",\"itemListElement\":[{\"@type\":\"ListItem\",\"position\":1,\"name\":\"Hem\",\"item\":\"https:\\\/\\\/lightweb.dev\\\/l\\\/svm-temp\\\/\"},{\"@type\":\"ListItem\",\"position\":2,\"name\":\"\u201dM\u00e1laga \u00e5rets stora bubblare\u201d \u2013 bland landets fr\u00e4msta kulturst\u00e4der\"}]},{\"@type\":\"WebSite\",\"@id\":\"https:\\\/\\\/lightweb.dev\\\/l\\\/svm-temp\\\/#website\",\"url\":\"https:\\\/\\\/lightweb.dev\\\/l\\\/svm-temp\\\/\",\"name\":\"Svenska Magasinet\",\"description\":\"Dina Spanska nyheter p&aring; Svenska\",\"publisher\":{\"@id\":\"https:\\\/\\\/lightweb.dev\\\/l\\\/svm-temp\\\/#organization\"},\"potentialAction\":[{\"@type\":\"SearchAction\",\"target\":{\"@type\":\"EntryPoint\",\"urlTemplate\":\"https:\\\/\\\/lightweb.dev\\\/l\\\/svm-temp\\\/?s={search_term_string}\"},\"query-input\":{\"@type\":\"PropertyValueSpecification\",\"valueRequired\":true,\"valueName\":\"search_term_string\"}}],\"inLanguage\":\"sv-SE\"},{\"@type\":\"Organization\",\"@id\":\"https:\\\/\\\/lightweb.dev\\\/l\\\/svm-temp\\\/#organization\",\"name\":\"Melkerson y Nott SL\",\"alternateName\":\"Svenska Magasinet\",\"url\":\"https:\\\/\\\/lightweb.dev\\\/l\\\/svm-temp\\\/\",\"logo\":{\"@type\":\"ImageObject\",\"inLanguage\":\"sv-SE\",\"@id\":\"https:\\\/\\\/lightweb.dev\\\/l\\\/svm-temp\\\/#\\\/schema\\\/logo\\\/image\\\/\",\"url\":\"https:\\\/\\\/lightweb.dev\\\/l\\\/svm-temp\\\/wp-content\\\/uploads\\\/2025\\\/02\\\/SvM-logo-Xtra-Centrerad-SVART.png\",\"contentUrl\":\"https:\\\/\\\/lightweb.dev\\\/l\\\/svm-temp\\\/wp-content\\\/uploads\\\/2025\\\/02\\\/SvM-logo-Xtra-Centrerad-SVART.png\",\"width\":300,\"height\":99,\"caption\":\"Melkerson y Nott SL\"},\"image\":{\"@id\":\"https:\\\/\\\/lightweb.dev\\\/l\\\/svm-temp\\\/#\\\/schema\\\/logo\\\/image\\\/\"},\"sameAs\":[\"https:\\\/\\\/www.facebook.com\\\/svenskamagasinet\",\"https:\\\/\\\/x.com\\\/SvenskaMagasine\"]},{\"@type\":\"Person\",\"@id\":\"https:\\\/\\\/lightweb.dev\\\/l\\\/svm-temp\\\/#\\\/schema\\\/person\\\/206a3bda5b607b0c25e1749191e4d837\",\"name\":\"Redaktionen SvM\",\"description\":\"Redaktionen\",\"sameAs\":[\"https:\\\/\\\/lightweb.dev\\\/l\\\/svm-temp\"],\"url\":\"https:\\\/\\\/lightweb.dev\\\/l\\\/svm-temp\\\/reporter\\\/redaktionen\\\/\"}]}<\/script>\n<!-- \/ Yoast SEO Premium plugin. -->","yoast_head_json":{"title":"\u201dM\u00e1laga \u00e5rets stora bubblare\u201d \u2013 bland landets fr\u00e4msta kulturst\u00e4der - Svenska Magasinet","robots":{"index":"noindex","follow":"follow","max-snippet":"max-snippet:-1","max-image-preview":"max-image-preview:large","max-video-preview":"max-video-preview:-1"},"og_locale":"sv_SE","og_type":"article","og_title":"\u201dM\u00e1laga \u00e5rets stora bubblare\u201d \u2013 bland landets fr\u00e4msta kulturst\u00e4der","og_description":"Topprestauranger, tapasbarer, kultur, historia, tjurf\u00e4ktning och konstutst\u00e4llningar. L\u00e4gg till fotboll och basket i den spanska tabelltoppen. Och ett dopp i Medelhavet mitt i storstan. Inte konstigt att svenska charteroperat\u00f6rer reser till M\u00e1laga i sommar. F\u00e5 st\u00e4der i Europa kan under v\u00e5ren 2015 t\u00e4vla med M\u00e1laga d\u00e5 b\u00e5de Pompidou och ryska statens museum \u00f6ppnar upp i [&hellip;]","og_url":"https:\/\/lightweb.dev\/l\/svm-temp\/artiklar\/malaga-arets-stora-bubblare-bland-landets-framsta-kulturstader\/","og_site_name":"Svenska Magasinet","article_publisher":"https:\/\/www.facebook.com\/svenskamagasinet","article_published_time":"2015-03-10T23:00:00+00:00","og_image":[{"width":299,"height":200,"url":"https:\/\/lightweb.dev\/l\/svm-temp\/wp-content\/uploads\/2022\/04\/mlaga-rets-stora-bubblare-bland-landets-frmsta-kulturstder.png","type":"image\/png"}],"author":"Redaktionen SvM","twitter_card":"summary_large_image","twitter_creator":"@SvenskaMagasine","twitter_site":"@SvenskaMagasine","schema":{"@context":"https:\/\/schema.org","@graph":[{"@type":"Article","@id":"https:\/\/lightweb.dev\/l\/svm-temp\/artiklar\/malaga-arets-stora-bubblare-bland-landets-framsta-kulturstader\/#article","isPartOf":{"@id":"https:\/\/lightweb.dev\/l\/svm-temp\/artiklar\/malaga-arets-stora-bubblare-bland-landets-framsta-kulturstader\/"},"author":{"name":"Redaktionen SvM","@id":"https:\/\/lightweb.dev\/l\/svm-temp\/#\/schema\/person\/206a3bda5b607b0c25e1749191e4d837"},"headline":"\u201dM\u00e1laga \u00e5rets stora bubblare\u201d \u2013 bland landets fr\u00e4msta kulturst\u00e4der","datePublished":"2015-03-10T23:00:00+00:00","mainEntityOfPage":{"@id":"https:\/\/lightweb.dev\/l\/svm-temp\/artiklar\/malaga-arets-stora-bubblare-bland-landets-framsta-kulturstader\/"},"wordCount":1737,"commentCount":0,"publisher":{"@id":"https:\/\/lightweb.dev\/l\/svm-temp\/#organization"},"image":{"@id":"https:\/\/lightweb.dev\/l\/svm-temp\/artiklar\/malaga-arets-stora-bubblare-bland-landets-framsta-kulturstader\/#primaryimage"},"thumbnailUrl":"https:\/\/lightweb.dev\/l\/svm-temp\/wp-content\/uploads\/2022\/04\/mlaga-rets-stora-bubblare-bland-landets-frmsta-kulturstder.png","articleSection":["Artiklar","Kultur &amp; historia"],"inLanguage":"sv-SE"},{"@type":"WebPage","@id":"https:\/\/lightweb.dev\/l\/svm-temp\/artiklar\/malaga-arets-stora-bubblare-bland-landets-framsta-kulturstader\/","url":"https:\/\/lightweb.dev\/l\/svm-temp\/artiklar\/malaga-arets-stora-bubblare-bland-landets-framsta-kulturstader\/","name":"\u201dM\u00e1laga \u00e5rets stora bubblare\u201d \u2013 bland landets fr\u00e4msta kulturst\u00e4der - Svenska Magasinet","isPartOf":{"@id":"https:\/\/lightweb.dev\/l\/svm-temp\/#website"},"primaryImageOfPage":{"@id":"https:\/\/lightweb.dev\/l\/svm-temp\/artiklar\/malaga-arets-stora-bubblare-bland-landets-framsta-kulturstader\/#primaryimage"},"image":{"@id":"https:\/\/lightweb.dev\/l\/svm-temp\/artiklar\/malaga-arets-stora-bubblare-bland-landets-framsta-kulturstader\/#primaryimage"},"thumbnailUrl":"https:\/\/lightweb.dev\/l\/svm-temp\/wp-content\/uploads\/2022\/04\/mlaga-rets-stora-bubblare-bland-landets-frmsta-kulturstder.png","datePublished":"2015-03-10T23:00:00+00:00","breadcrumb":{"@id":"https:\/\/lightweb.dev\/l\/svm-temp\/artiklar\/malaga-arets-stora-bubblare-bland-landets-framsta-kulturstader\/#breadcrumb"},"inLanguage":"sv-SE","potentialAction":[{"@type":"ReadAction","target":["https:\/\/lightweb.dev\/l\/svm-temp\/artiklar\/malaga-arets-stora-bubblare-bland-landets-framsta-kulturstader\/"]}]},{"@type":"ImageObject","inLanguage":"sv-SE","@id":"https:\/\/lightweb.dev\/l\/svm-temp\/artiklar\/malaga-arets-stora-bubblare-bland-landets-framsta-kulturstader\/#primaryimage","url":"https:\/\/lightweb.dev\/l\/svm-temp\/wp-content\/uploads\/2022\/04\/mlaga-rets-stora-bubblare-bland-landets-frmsta-kulturstder.png","contentUrl":"https:\/\/lightweb.dev\/l\/svm-temp\/wp-content\/uploads\/2022\/04\/mlaga-rets-stora-bubblare-bland-landets-frmsta-kulturstder.png","width":299,"height":200},{"@type":"BreadcrumbList","@id":"https:\/\/lightweb.dev\/l\/svm-temp\/artiklar\/malaga-arets-stora-bubblare-bland-landets-framsta-kulturstader\/#breadcrumb","itemListElement":[{"@type":"ListItem","position":1,"name":"Hem","item":"https:\/\/lightweb.dev\/l\/svm-temp\/"},{"@type":"ListItem","position":2,"name":"\u201dM\u00e1laga \u00e5rets stora bubblare\u201d \u2013 bland landets fr\u00e4msta kulturst\u00e4der"}]},{"@type":"WebSite","@id":"https:\/\/lightweb.dev\/l\/svm-temp\/#website","url":"https:\/\/lightweb.dev\/l\/svm-temp\/","name":"Svenska Magasinet","description":"Dina Spanska nyheter p&aring; Svenska","publisher":{"@id":"https:\/\/lightweb.dev\/l\/svm-temp\/#organization"},"potentialAction":[{"@type":"SearchAction","target":{"@type":"EntryPoint","urlTemplate":"https:\/\/lightweb.dev\/l\/svm-temp\/?s={search_term_string}"},"query-input":{"@type":"PropertyValueSpecification","valueRequired":true,"valueName":"search_term_string"}}],"inLanguage":"sv-SE"},{"@type":"Organization","@id":"https:\/\/lightweb.dev\/l\/svm-temp\/#organization","name":"Melkerson y Nott SL","alternateName":"Svenska Magasinet","url":"https:\/\/lightweb.dev\/l\/svm-temp\/","logo":{"@type":"ImageObject","inLanguage":"sv-SE","@id":"https:\/\/lightweb.dev\/l\/svm-temp\/#\/schema\/logo\/image\/","url":"https:\/\/lightweb.dev\/l\/svm-temp\/wp-content\/uploads\/2025\/02\/SvM-logo-Xtra-Centrerad-SVART.png","contentUrl":"https:\/\/lightweb.dev\/l\/svm-temp\/wp-content\/uploads\/2025\/02\/SvM-logo-Xtra-Centrerad-SVART.png","width":300,"height":99,"caption":"Melkerson y Nott SL"},"image":{"@id":"https:\/\/lightweb.dev\/l\/svm-temp\/#\/schema\/logo\/image\/"},"sameAs":["https:\/\/www.facebook.com\/svenskamagasinet","https:\/\/x.com\/SvenskaMagasine"]},{"@type":"Person","@id":"https:\/\/lightweb.dev\/l\/svm-temp\/#\/schema\/person\/206a3bda5b607b0c25e1749191e4d837","name":"Redaktionen SvM","description":"Redaktionen","sameAs":["https:\/\/lightweb.dev\/l\/svm-temp"],"url":"https:\/\/lightweb.dev\/l\/svm-temp\/reporter\/redaktionen\/"}]}},"_links":{"self":[{"href":"https:\/\/lightweb.dev\/l\/svm-temp\/wp-json\/wp\/v2\/posts\/5193","targetHints":{"allow":["GET"]}}],"collection":[{"href":"https:\/\/lightweb.dev\/l\/svm-temp\/wp-json\/wp\/v2\/posts"}],"about":[{"href":"https:\/\/lightweb.dev\/l\/svm-temp\/wp-json\/wp\/v2\/types\/post"}],"author":[{"embeddable":true,"href":"https:\/\/lightweb.dev\/l\/svm-temp\/wp-json\/wp\/v2\/users\/8"}],"replies":[{"embeddable":true,"href":"https:\/\/lightweb.dev\/l\/svm-temp\/wp-json\/wp\/v2\/comments?post=5193"}],"version-history":[{"count":0,"href":"https:\/\/lightweb.dev\/l\/svm-temp\/wp-json\/wp\/v2\/posts\/5193\/revisions"}],"wp:featuredmedia":[{"embeddable":true,"href":"https:\/\/lightweb.dev\/l\/svm-temp\/wp-json\/wp\/v2\/media\/5194"}],"wp:attachment":[{"href":"https:\/\/lightweb.dev\/l\/svm-temp\/wp-json\/wp\/v2\/media?parent=5193"}],"wp:term":[{"taxonomy":"category","embeddable":true,"href":"https:\/\/lightweb.dev\/l\/svm-temp\/wp-json\/wp\/v2\/categories?post=5193"},{"taxonomy":"post_tag","embeddable":true,"href":"https:\/\/lightweb.dev\/l\/svm-temp\/wp-json\/wp\/v2\/tags?post=5193"}],"curies":[{"name":"wp","href":"https:\/\/api.w.org\/{rel}","templated":true}]}}