{"id":5195,"date":"2015-03-11T00:00:00","date_gmt":"2015-03-10T23:00:00","guid":{"rendered":"https:\/\/lightweb.dev\/l\/svm-temp\/caminito-del-rey-ett-svindlande-aventyr\/"},"modified":"2015-03-11T00:00:00","modified_gmt":"2015-03-10T23:00:00","slug":"caminito-del-rey-ett-svindlande-aventyr","status":"publish","type":"post","link":"https:\/\/lightweb.dev\/l\/svm-temp\/artiklar\/caminito-del-rey-ett-svindlande-aventyr\/","title":{"rendered":"Caminito del Rey: Ett svindlande \u00e4ventyr"},"content":{"rendered":"<p> I 15 \u00e5r har vandringsleden eller den \u201dKungliga stigen\u201d, Caminito del Rey, varit st\u00e4ngd. Den 28 mars \u00f6ppnar den renoverade leden vid Solkustens natursk\u00f6na s\u00f6tvattenparadis i triangeln \u00c1lora, Ardales och Antequera norr om M\u00e1laga. Av Lonely Planet har platsen utsetts till en av de b\u00e4sta att bes\u00f6ka under 2015. Av Ola Josefsson<br \/>\nFoto: Diputaci\u00f3n de M\u00e1laga<\/p>\n<p>Bilderna som har publicerats av provinsstyrelsen Diputaci\u00f3n de M\u00e1laga under byggets g\u00e5ng har gett upphov till en svindlande h\u00e4rlig k\u00e4nsla. Sj\u00e4lv har jag skrivit flera texter om Caminito del Rey de senaste 15 \u00e5ren om hur vandrare och kl\u00e4ttrare har ramlat ned och avlidit.<br \/>\n\u201dKungastigen\u201d g\u00e5r genom ett mycket vackert och unikt landskap. N\u00e4r jag har g\u00e4ster p\u00e5 bes\u00f6k \u00e4r detta ett omr\u00e5de som prioriteras och jag \u00e4r den f\u00f6rste att lyfta p\u00e5 hatten och gratulera myndigheterna till en tr\u00e4ffs\u00e4ker turistsatsning. Det h\u00e4r kommer att bli \u00e5rets utflykt. F\u00f6rsta dagen kraschade webbplatsen d\u00e4r allm\u00e4nheten kunde f\u00f6rhandsboka.<\/p>\n<p>N\u00e4r provinsstyrelsen gick ut med information den 23 februari om hur f\u00f6rhandsbokning skulle g\u00f6ras s\u00e5 var trycket s\u00e5 stort att webbplatsen kraschade n\u00e4r den \u00f6ppnade klockan 12 den 24 februari.<br \/>\nRenoveringen av \u201dKungastigen\u201d har p\u00e5g\u00e5tt i \u00f6ver ett \u00e5r. Och satsningen som kostat \u00f6ver fem miljoner euro har inte varit enkel. Byggnadsarbetarna har utbildats i kl\u00e4ttring, f\u00e5tt st\u00f6d fr\u00e5n luften av helikoptrar som har flugit in materialet. Ett imponerande glasgolv har monterats. Du g\u00e5r p\u00e5 glasgolvet och 100 meter under har du den m\u00e4ktiga ravinen Los Gaitanes. Knappast en upplevelse f\u00f6r de som l\u00e4tt f\u00e5r svindel.<\/p>\n<p>En hissnande naturupplevelse utlovas till bes\u00f6kare som utmed den tre kilometer l\u00e5nga leden kan ta sig l\u00e4ngs floden r\u00edo Guadalhorce och mellan byarna \u00c1lora och Ardales. Den invigs 27 mars och \u00f6ppnar f\u00f6r allm\u00e4nheten dagen efter. Fem miljoner euro har investerats i projektet, 2,24 miljoner till att f\u00f6rb\u00e4ttra v\u00e4gar och infrastruktur i omr\u00e5det.<\/p>\n<p>Projektet var i skrivande stund klart till 98 procent. Det kommer att bli gratis under de sex f\u00f6rsta m\u00e5naderna att vandra utmed Caminito del Rey. Det kr\u00e4vs f\u00f6rhandsbokning p\u00e5 webbplatsen www.caminitodelrey.info f\u00f6r att kunna bes\u00f6ka den natursk\u00f6na platsen. Du som f\u00f6rhandsbokar kan registrera h\u00f6gst fem personer och tv\u00e5 m\u00e5nader i f\u00f6rv\u00e4g. Ingen f\u00e5r vara under \u00e5tta \u00e5r. Bokningen g\u00f6rs via webbplatsen som hanteras av provinsstyrelsen Diputaci\u00f3n de M\u00e1laga. Webbplatsen har \u00e4ven en sektion f\u00f6r gruppbokningar p\u00e5 50 till resebyr\u00e5er.<\/p>\n<p>  Leden kommer att vara \u00f6ppen dagtid tisdag till s\u00f6ndag mellan klockan 10 till 14 (\u00f6ppet till klockan 17 under sommaren). Var 30:e minut sl\u00e4pps 50 personer ut p\u00e5 vandringsleden. H\u00f6gst 600 p\u00e5 en dag. Det blir obligatoriskt att anv\u00e4nda hj\u00e4lm som finns att f\u00e5 utan extra kostnad.<br \/>\nPresidenten vid provinsstyrelsen, El\u00edas Bendodo, f\u00f6rklarar varf\u00f6r:<br \/>\n\u201dDet \u00e4r f\u00f6r att undvika incidenter med jordskred eller stenar som faller ned orsakade av vilda djur som finns p\u00e5 platsen\u201d.<br \/>\nTuren \u00e4r p\u00e5 tre kilometer och tar uppskattningsvis tre timmar. S\u00e4kerheten \u00e4r viktig och det \u00e4r sunt f\u00f6rnuft som g\u00e4ller. N\u00e4r det bl\u00e5ser mer \u00e4n 35 km\/h kommer vandringsleden att h\u00e5lla st\u00e4ngt.<\/p>\n<p>Fakta\/Caminito del Rey<br \/>\nDen karakt\u00e4ristiska vandringsleden kom till n\u00e4r vattenkraftverket Sociedad Hidroel\u00e9ctrica del Chorrode uppf\u00f6rdes. En tre kilometer l\u00e5ng vandringsled byggdes genom ravinen mellan 1900 och 1905 f\u00f6r f\u00e4ngelsef\u00e5ngar som arbetade vid vattenkraftverket. Det var f\u00f6rst 1921 n\u00e4r kung Alfonso XIII skulle inviga vattenreservoaren Conde del Guadalhorce som vandringsleden fick namnet \u201dCaminito del Rey\u201d, Kungastigen.<\/p>\n","protected":false},"excerpt":{"rendered":"<p>I 15 \u00e5r har vandringsleden eller den \u201dKungliga stigen\u201d, Caminito del Rey, varit st\u00e4ngd. Den 28 mars \u00f6ppnar den renoverade leden vid Solkustens natursk\u00f6na s\u00f6tvattenparadis i triangeln \u00c1lora, Ardales och Antequera norr om M\u00e1laga. Av Lonely Planet har platsen utsetts till en av de b\u00e4sta att bes\u00f6ka under 2015. Av Ola Josefsson Foto: Diputaci\u00f3n de [&hellip;]<\/p>\n","protected":false},"author":8,"featured_media":5196,"comment_status":"open","ping_status":"open","sticky":false,"template":"","format":"standard","meta":{"_et_pb_use_builder":"","_et_pb_old_content":"","_et_gb_content_width":"","footnotes":""},"categories":[396,4],"tags":[],"class_list":["post-5195","post","type-post","status-publish","format-standard","has-post-thumbnail","hentry","category-arkiv-artiklar","category-artiklar"],"yoast_head":"<!-- This site is optimized with the Yoast SEO Premium plugin v26.2 (Yoast SEO v27.4) - https:\/\/yoast.com\/product\/yoast-seo-premium-wordpress\/ -->\n<title>Caminito del Rey: Ett svindlande \u00e4ventyr - Svenska Magasinet<\/title>\n<meta name=\"robots\" content=\"noindex, follow, max-snippet:-1, max-image-preview:large, max-video-preview:-1\" \/>\n<meta property=\"og:locale\" content=\"sv_SE\" \/>\n<meta property=\"og:type\" content=\"article\" \/>\n<meta property=\"og:title\" content=\"Caminito del Rey: Ett svindlande \u00e4ventyr\" \/>\n<meta property=\"og:description\" content=\"I 15 \u00e5r har vandringsleden eller den \u201dKungliga stigen\u201d, Caminito del Rey, varit st\u00e4ngd. Den 28 mars \u00f6ppnar den renoverade leden vid Solkustens natursk\u00f6na s\u00f6tvattenparadis i triangeln \u00c1lora, Ardales och Antequera norr om M\u00e1laga. Av Lonely Planet har platsen utsetts till en av de b\u00e4sta att bes\u00f6ka under 2015. Av Ola Josefsson Foto: Diputaci\u00f3n de [&hellip;]\" \/>\n<meta property=\"og:url\" content=\"https:\/\/lightweb.dev\/l\/svm-temp\/artiklar\/caminito-del-rey-ett-svindlande-aventyr\/\" \/>\n<meta property=\"og:site_name\" content=\"Svenska Magasinet\" \/>\n<meta property=\"article:publisher\" content=\"https:\/\/www.facebook.com\/svenskamagasinet\" \/>\n<meta property=\"article:published_time\" content=\"2015-03-10T23:00:00+00:00\" \/>\n<meta property=\"og:image\" content=\"https:\/\/lightweb.dev\/l\/svm-temp\/wp-content\/uploads\/2022\/04\/caminito-del-rey-ett-svindlande-ventyr.png\" \/>\n\t<meta property=\"og:image:width\" content=\"280\" \/>\n\t<meta property=\"og:image:height\" content=\"210\" \/>\n\t<meta property=\"og:image:type\" content=\"image\/png\" \/>\n<meta name=\"author\" content=\"Redaktionen SvM\" \/>\n<meta name=\"twitter:card\" content=\"summary_large_image\" \/>\n<meta name=\"twitter:creator\" content=\"@SvenskaMagasine\" \/>\n<meta name=\"twitter:site\" content=\"@SvenskaMagasine\" \/>\n<script type=\"application\/ld+json\" class=\"yoast-schema-graph\">{\"@context\":\"https:\\\/\\\/schema.org\",\"@graph\":[{\"@type\":\"Article\",\"@id\":\"https:\\\/\\\/lightweb.dev\\\/l\\\/svm-temp\\\/artiklar\\\/caminito-del-rey-ett-svindlande-aventyr\\\/#article\",\"isPartOf\":{\"@id\":\"https:\\\/\\\/lightweb.dev\\\/l\\\/svm-temp\\\/artiklar\\\/caminito-del-rey-ett-svindlande-aventyr\\\/\"},\"author\":{\"name\":\"Redaktionen SvM\",\"@id\":\"https:\\\/\\\/lightweb.dev\\\/l\\\/svm-temp\\\/#\\\/schema\\\/person\\\/206a3bda5b607b0c25e1749191e4d837\"},\"headline\":\"Caminito del Rey: Ett svindlande \u00e4ventyr\",\"datePublished\":\"2015-03-10T23:00:00+00:00\",\"mainEntityOfPage\":{\"@id\":\"https:\\\/\\\/lightweb.dev\\\/l\\\/svm-temp\\\/artiklar\\\/caminito-del-rey-ett-svindlande-aventyr\\\/\"},\"wordCount\":628,\"commentCount\":0,\"publisher\":{\"@id\":\"https:\\\/\\\/lightweb.dev\\\/l\\\/svm-temp\\\/#organization\"},\"image\":{\"@id\":\"https:\\\/\\\/lightweb.dev\\\/l\\\/svm-temp\\\/artiklar\\\/caminito-del-rey-ett-svindlande-aventyr\\\/#primaryimage\"},\"thumbnailUrl\":\"https:\\\/\\\/lightweb.dev\\\/l\\\/svm-temp\\\/wp-content\\\/uploads\\\/2022\\\/04\\\/caminito-del-rey-ett-svindlande-ventyr.png\",\"articleSection\":[\"Arkiv\",\"Artiklar\"],\"inLanguage\":\"sv-SE\"},{\"@type\":\"WebPage\",\"@id\":\"https:\\\/\\\/lightweb.dev\\\/l\\\/svm-temp\\\/artiklar\\\/caminito-del-rey-ett-svindlande-aventyr\\\/\",\"url\":\"https:\\\/\\\/lightweb.dev\\\/l\\\/svm-temp\\\/artiklar\\\/caminito-del-rey-ett-svindlande-aventyr\\\/\",\"name\":\"Caminito del Rey: Ett svindlande \u00e4ventyr - Svenska Magasinet\",\"isPartOf\":{\"@id\":\"https:\\\/\\\/lightweb.dev\\\/l\\\/svm-temp\\\/#website\"},\"primaryImageOfPage\":{\"@id\":\"https:\\\/\\\/lightweb.dev\\\/l\\\/svm-temp\\\/artiklar\\\/caminito-del-rey-ett-svindlande-aventyr\\\/#primaryimage\"},\"image\":{\"@id\":\"https:\\\/\\\/lightweb.dev\\\/l\\\/svm-temp\\\/artiklar\\\/caminito-del-rey-ett-svindlande-aventyr\\\/#primaryimage\"},\"thumbnailUrl\":\"https:\\\/\\\/lightweb.dev\\\/l\\\/svm-temp\\\/wp-content\\\/uploads\\\/2022\\\/04\\\/caminito-del-rey-ett-svindlande-ventyr.png\",\"datePublished\":\"2015-03-10T23:00:00+00:00\",\"breadcrumb\":{\"@id\":\"https:\\\/\\\/lightweb.dev\\\/l\\\/svm-temp\\\/artiklar\\\/caminito-del-rey-ett-svindlande-aventyr\\\/#breadcrumb\"},\"inLanguage\":\"sv-SE\",\"potentialAction\":[{\"@type\":\"ReadAction\",\"target\":[\"https:\\\/\\\/lightweb.dev\\\/l\\\/svm-temp\\\/artiklar\\\/caminito-del-rey-ett-svindlande-aventyr\\\/\"]}]},{\"@type\":\"ImageObject\",\"inLanguage\":\"sv-SE\",\"@id\":\"https:\\\/\\\/lightweb.dev\\\/l\\\/svm-temp\\\/artiklar\\\/caminito-del-rey-ett-svindlande-aventyr\\\/#primaryimage\",\"url\":\"https:\\\/\\\/lightweb.dev\\\/l\\\/svm-temp\\\/wp-content\\\/uploads\\\/2022\\\/04\\\/caminito-del-rey-ett-svindlande-ventyr.png\",\"contentUrl\":\"https:\\\/\\\/lightweb.dev\\\/l\\\/svm-temp\\\/wp-content\\\/uploads\\\/2022\\\/04\\\/caminito-del-rey-ett-svindlande-ventyr.png\",\"width\":280,\"height\":210},{\"@type\":\"BreadcrumbList\",\"@id\":\"https:\\\/\\\/lightweb.dev\\\/l\\\/svm-temp\\\/artiklar\\\/caminito-del-rey-ett-svindlande-aventyr\\\/#breadcrumb\",\"itemListElement\":[{\"@type\":\"ListItem\",\"position\":1,\"name\":\"Hem\",\"item\":\"https:\\\/\\\/lightweb.dev\\\/l\\\/svm-temp\\\/\"},{\"@type\":\"ListItem\",\"position\":2,\"name\":\"Caminito del Rey: Ett svindlande \u00e4ventyr\"}]},{\"@type\":\"WebSite\",\"@id\":\"https:\\\/\\\/lightweb.dev\\\/l\\\/svm-temp\\\/#website\",\"url\":\"https:\\\/\\\/lightweb.dev\\\/l\\\/svm-temp\\\/\",\"name\":\"Svenska Magasinet\",\"description\":\"Dina Spanska nyheter p&aring; Svenska\",\"publisher\":{\"@id\":\"https:\\\/\\\/lightweb.dev\\\/l\\\/svm-temp\\\/#organization\"},\"potentialAction\":[{\"@type\":\"SearchAction\",\"target\":{\"@type\":\"EntryPoint\",\"urlTemplate\":\"https:\\\/\\\/lightweb.dev\\\/l\\\/svm-temp\\\/?s={search_term_string}\"},\"query-input\":{\"@type\":\"PropertyValueSpecification\",\"valueRequired\":true,\"valueName\":\"search_term_string\"}}],\"inLanguage\":\"sv-SE\"},{\"@type\":\"Organization\",\"@id\":\"https:\\\/\\\/lightweb.dev\\\/l\\\/svm-temp\\\/#organization\",\"name\":\"Melkerson y Nott SL\",\"alternateName\":\"Svenska Magasinet\",\"url\":\"https:\\\/\\\/lightweb.dev\\\/l\\\/svm-temp\\\/\",\"logo\":{\"@type\":\"ImageObject\",\"inLanguage\":\"sv-SE\",\"@id\":\"https:\\\/\\\/lightweb.dev\\\/l\\\/svm-temp\\\/#\\\/schema\\\/logo\\\/image\\\/\",\"url\":\"https:\\\/\\\/lightweb.dev\\\/l\\\/svm-temp\\\/wp-content\\\/uploads\\\/2025\\\/02\\\/SvM-logo-Xtra-Centrerad-SVART.png\",\"contentUrl\":\"https:\\\/\\\/lightweb.dev\\\/l\\\/svm-temp\\\/wp-content\\\/uploads\\\/2025\\\/02\\\/SvM-logo-Xtra-Centrerad-SVART.png\",\"width\":300,\"height\":99,\"caption\":\"Melkerson y Nott SL\"},\"image\":{\"@id\":\"https:\\\/\\\/lightweb.dev\\\/l\\\/svm-temp\\\/#\\\/schema\\\/logo\\\/image\\\/\"},\"sameAs\":[\"https:\\\/\\\/www.facebook.com\\\/svenskamagasinet\",\"https:\\\/\\\/x.com\\\/SvenskaMagasine\"]},{\"@type\":\"Person\",\"@id\":\"https:\\\/\\\/lightweb.dev\\\/l\\\/svm-temp\\\/#\\\/schema\\\/person\\\/206a3bda5b607b0c25e1749191e4d837\",\"name\":\"Redaktionen SvM\",\"description\":\"Redaktionen\",\"sameAs\":[\"https:\\\/\\\/lightweb.dev\\\/l\\\/svm-temp\"],\"url\":\"https:\\\/\\\/lightweb.dev\\\/l\\\/svm-temp\\\/reporter\\\/redaktionen\\\/\"}]}<\/script>\n<!-- \/ Yoast SEO Premium plugin. -->","yoast_head_json":{"title":"Caminito del Rey: Ett svindlande \u00e4ventyr - Svenska Magasinet","robots":{"index":"noindex","follow":"follow","max-snippet":"max-snippet:-1","max-image-preview":"max-image-preview:large","max-video-preview":"max-video-preview:-1"},"og_locale":"sv_SE","og_type":"article","og_title":"Caminito del Rey: Ett svindlande \u00e4ventyr","og_description":"I 15 \u00e5r har vandringsleden eller den \u201dKungliga stigen\u201d, Caminito del Rey, varit st\u00e4ngd. Den 28 mars \u00f6ppnar den renoverade leden vid Solkustens natursk\u00f6na s\u00f6tvattenparadis i triangeln \u00c1lora, Ardales och Antequera norr om M\u00e1laga. Av Lonely Planet har platsen utsetts till en av de b\u00e4sta att bes\u00f6ka under 2015. Av Ola Josefsson Foto: Diputaci\u00f3n de [&hellip;]","og_url":"https:\/\/lightweb.dev\/l\/svm-temp\/artiklar\/caminito-del-rey-ett-svindlande-aventyr\/","og_site_name":"Svenska Magasinet","article_publisher":"https:\/\/www.facebook.com\/svenskamagasinet","article_published_time":"2015-03-10T23:00:00+00:00","og_image":[{"width":280,"height":210,"url":"https:\/\/lightweb.dev\/l\/svm-temp\/wp-content\/uploads\/2022\/04\/caminito-del-rey-ett-svindlande-ventyr.png","type":"image\/png"}],"author":"Redaktionen SvM","twitter_card":"summary_large_image","twitter_creator":"@SvenskaMagasine","twitter_site":"@SvenskaMagasine","schema":{"@context":"https:\/\/schema.org","@graph":[{"@type":"Article","@id":"https:\/\/lightweb.dev\/l\/svm-temp\/artiklar\/caminito-del-rey-ett-svindlande-aventyr\/#article","isPartOf":{"@id":"https:\/\/lightweb.dev\/l\/svm-temp\/artiklar\/caminito-del-rey-ett-svindlande-aventyr\/"},"author":{"name":"Redaktionen SvM","@id":"https:\/\/lightweb.dev\/l\/svm-temp\/#\/schema\/person\/206a3bda5b607b0c25e1749191e4d837"},"headline":"Caminito del Rey: Ett svindlande \u00e4ventyr","datePublished":"2015-03-10T23:00:00+00:00","mainEntityOfPage":{"@id":"https:\/\/lightweb.dev\/l\/svm-temp\/artiklar\/caminito-del-rey-ett-svindlande-aventyr\/"},"wordCount":628,"commentCount":0,"publisher":{"@id":"https:\/\/lightweb.dev\/l\/svm-temp\/#organization"},"image":{"@id":"https:\/\/lightweb.dev\/l\/svm-temp\/artiklar\/caminito-del-rey-ett-svindlande-aventyr\/#primaryimage"},"thumbnailUrl":"https:\/\/lightweb.dev\/l\/svm-temp\/wp-content\/uploads\/2022\/04\/caminito-del-rey-ett-svindlande-ventyr.png","articleSection":["Arkiv","Artiklar"],"inLanguage":"sv-SE"},{"@type":"WebPage","@id":"https:\/\/lightweb.dev\/l\/svm-temp\/artiklar\/caminito-del-rey-ett-svindlande-aventyr\/","url":"https:\/\/lightweb.dev\/l\/svm-temp\/artiklar\/caminito-del-rey-ett-svindlande-aventyr\/","name":"Caminito del Rey: Ett svindlande \u00e4ventyr - Svenska Magasinet","isPartOf":{"@id":"https:\/\/lightweb.dev\/l\/svm-temp\/#website"},"primaryImageOfPage":{"@id":"https:\/\/lightweb.dev\/l\/svm-temp\/artiklar\/caminito-del-rey-ett-svindlande-aventyr\/#primaryimage"},"image":{"@id":"https:\/\/lightweb.dev\/l\/svm-temp\/artiklar\/caminito-del-rey-ett-svindlande-aventyr\/#primaryimage"},"thumbnailUrl":"https:\/\/lightweb.dev\/l\/svm-temp\/wp-content\/uploads\/2022\/04\/caminito-del-rey-ett-svindlande-ventyr.png","datePublished":"2015-03-10T23:00:00+00:00","breadcrumb":{"@id":"https:\/\/lightweb.dev\/l\/svm-temp\/artiklar\/caminito-del-rey-ett-svindlande-aventyr\/#breadcrumb"},"inLanguage":"sv-SE","potentialAction":[{"@type":"ReadAction","target":["https:\/\/lightweb.dev\/l\/svm-temp\/artiklar\/caminito-del-rey-ett-svindlande-aventyr\/"]}]},{"@type":"ImageObject","inLanguage":"sv-SE","@id":"https:\/\/lightweb.dev\/l\/svm-temp\/artiklar\/caminito-del-rey-ett-svindlande-aventyr\/#primaryimage","url":"https:\/\/lightweb.dev\/l\/svm-temp\/wp-content\/uploads\/2022\/04\/caminito-del-rey-ett-svindlande-ventyr.png","contentUrl":"https:\/\/lightweb.dev\/l\/svm-temp\/wp-content\/uploads\/2022\/04\/caminito-del-rey-ett-svindlande-ventyr.png","width":280,"height":210},{"@type":"BreadcrumbList","@id":"https:\/\/lightweb.dev\/l\/svm-temp\/artiklar\/caminito-del-rey-ett-svindlande-aventyr\/#breadcrumb","itemListElement":[{"@type":"ListItem","position":1,"name":"Hem","item":"https:\/\/lightweb.dev\/l\/svm-temp\/"},{"@type":"ListItem","position":2,"name":"Caminito del Rey: Ett svindlande \u00e4ventyr"}]},{"@type":"WebSite","@id":"https:\/\/lightweb.dev\/l\/svm-temp\/#website","url":"https:\/\/lightweb.dev\/l\/svm-temp\/","name":"Svenska Magasinet","description":"Dina Spanska nyheter p&aring; Svenska","publisher":{"@id":"https:\/\/lightweb.dev\/l\/svm-temp\/#organization"},"potentialAction":[{"@type":"SearchAction","target":{"@type":"EntryPoint","urlTemplate":"https:\/\/lightweb.dev\/l\/svm-temp\/?s={search_term_string}"},"query-input":{"@type":"PropertyValueSpecification","valueRequired":true,"valueName":"search_term_string"}}],"inLanguage":"sv-SE"},{"@type":"Organization","@id":"https:\/\/lightweb.dev\/l\/svm-temp\/#organization","name":"Melkerson y Nott SL","alternateName":"Svenska Magasinet","url":"https:\/\/lightweb.dev\/l\/svm-temp\/","logo":{"@type":"ImageObject","inLanguage":"sv-SE","@id":"https:\/\/lightweb.dev\/l\/svm-temp\/#\/schema\/logo\/image\/","url":"https:\/\/lightweb.dev\/l\/svm-temp\/wp-content\/uploads\/2025\/02\/SvM-logo-Xtra-Centrerad-SVART.png","contentUrl":"https:\/\/lightweb.dev\/l\/svm-temp\/wp-content\/uploads\/2025\/02\/SvM-logo-Xtra-Centrerad-SVART.png","width":300,"height":99,"caption":"Melkerson y Nott SL"},"image":{"@id":"https:\/\/lightweb.dev\/l\/svm-temp\/#\/schema\/logo\/image\/"},"sameAs":["https:\/\/www.facebook.com\/svenskamagasinet","https:\/\/x.com\/SvenskaMagasine"]},{"@type":"Person","@id":"https:\/\/lightweb.dev\/l\/svm-temp\/#\/schema\/person\/206a3bda5b607b0c25e1749191e4d837","name":"Redaktionen SvM","description":"Redaktionen","sameAs":["https:\/\/lightweb.dev\/l\/svm-temp"],"url":"https:\/\/lightweb.dev\/l\/svm-temp\/reporter\/redaktionen\/"}]}},"_links":{"self":[{"href":"https:\/\/lightweb.dev\/l\/svm-temp\/wp-json\/wp\/v2\/posts\/5195","targetHints":{"allow":["GET"]}}],"collection":[{"href":"https:\/\/lightweb.dev\/l\/svm-temp\/wp-json\/wp\/v2\/posts"}],"about":[{"href":"https:\/\/lightweb.dev\/l\/svm-temp\/wp-json\/wp\/v2\/types\/post"}],"author":[{"embeddable":true,"href":"https:\/\/lightweb.dev\/l\/svm-temp\/wp-json\/wp\/v2\/users\/8"}],"replies":[{"embeddable":true,"href":"https:\/\/lightweb.dev\/l\/svm-temp\/wp-json\/wp\/v2\/comments?post=5195"}],"version-history":[{"count":0,"href":"https:\/\/lightweb.dev\/l\/svm-temp\/wp-json\/wp\/v2\/posts\/5195\/revisions"}],"wp:featuredmedia":[{"embeddable":true,"href":"https:\/\/lightweb.dev\/l\/svm-temp\/wp-json\/wp\/v2\/media\/5196"}],"wp:attachment":[{"href":"https:\/\/lightweb.dev\/l\/svm-temp\/wp-json\/wp\/v2\/media?parent=5195"}],"wp:term":[{"taxonomy":"category","embeddable":true,"href":"https:\/\/lightweb.dev\/l\/svm-temp\/wp-json\/wp\/v2\/categories?post=5195"},{"taxonomy":"post_tag","embeddable":true,"href":"https:\/\/lightweb.dev\/l\/svm-temp\/wp-json\/wp\/v2\/tags?post=5195"}],"curies":[{"name":"wp","href":"https:\/\/api.w.org\/{rel}","templated":true}]}}