{"id":5197,"date":"2015-03-11T00:00:00","date_gmt":"2015-03-10T23:00:00","guid":{"rendered":"https:\/\/lightweb.dev\/l\/svm-temp\/spanien-just-nu-patryckningar-och-hot\/"},"modified":"2015-03-11T00:00:00","modified_gmt":"2015-03-10T23:00:00","slug":"spanien-just-nu-patryckningar-och-hot","status":"publish","type":"post","link":"https:\/\/lightweb.dev\/l\/svm-temp\/artiklar\/spanien-just-nu-patryckningar-och-hot\/","title":{"rendered":"Spanien just nu \u2013 p\u00e5tryckningar och hot"},"content":{"rendered":"<p> Det \u00e4r superval\u00e5r i Spanien och det arbetas p\u00e5 bred front. \u00c4ven i Sydamerika d\u00e4r en \u201dbananrepublik\u201d med p\u00e5tryckningar och hot f\u00f6rs\u00f6ker styra spansk media. I februari inbj\u00f6d den venezuelanska Maduro-regeringen spanska storf\u00f6retag att komma till ett underligt m\u00f6te i presidentpalatset, Palacio de Miraflores. Av Ola Josefsson<\/p>\n<p>Tre ministrar i den venezuelanska regeringen uppmanade de spanska f\u00f6retagen att p\u00e5verka hur spansk media rapporterar om Venezuela och spansk inrikespolitik. Spansk media \u00e4r f\u00f6r kritisk, attackerar och \u00e4r negativ kring \u201dkampanjer\u201d d\u00e4r Venezuela st\u00f6ttar det spanska populistpartiet Podemos.<br \/>\nOm inte de spanska storf\u00f6retagen Telef\u00f3nica, Repsol, BBVA, Mapfre, Iberia, Air Europa och Meli\u00e1 g\u00f6r sitt, hotas de med expropriering och f\u00f6rstatligande av sin verksamhet i Venezuela. Det g\u00e4ller speciellt Repsol d\u00e5 Venezuela har starka intressen i oljebranschen.<\/p>\n<p>De spanska f\u00f6retagen i Venezuela uppmanades allts\u00e5 att p\u00e5verka bilden av Venezuela i spanska medier. Och inte bara det. De skulle \u00e4ven f\u00f6rs\u00f6ka p\u00e5verka mediebilden av v\u00e4nsterpopulistiska Podemos som har n\u00e4ra kopplingar till regeringen i Venezuela. Spaniens utrikesminister Jos\u00e9 Manuel Garc\u00eda-Margallo har varit glasklar under Venezuelas p\u00e5tryckningar mot de spanska f\u00f6retagen. \u201dSpanien \u00e4r en demokrati och vi har yttrandefrihet och pressfrihet\u201d.<\/p>\n<p>Det finns likheter mellan Pablo Iglesias protestparti Podemos och Venezuelas Nicol\u00e1s Maduro. B\u00e5da har samma ideologiska inriktning. Svenska Magasinet \u00e4r en av f\u00e5 svenska tidningar som p\u00e5 nyhetsplats har ber\u00e4ttat om de bidrag som g\u00e5tt fr\u00e5n Venezuelas regering till de som nu representanter Podemos.<br \/>\nPodemos partiledare Iglesias och flera andra partitoppar som Errej\u00f3n, Monedero, Bescansa och Alegre har genom stiftelsen CEPS (Centro de Estudios Pol\u00edticos y Sociales) varit n\u00e5gra av Venezuelas b\u00e4st betalade konsulter under presidenterna Hugo Ch\u00e1vez och Nicol\u00e1s Maduro mellan 2002 till 2014. Iglesias har vid flera tillf\u00e4llen offentligt ber\u00e4ttat hur mycket han beundrade Hugo Ch\u00e1vez.<\/p>\n<p>Rapporter talar ocks\u00e5 om att Putins n\u00e4rmaste v\u00e4nner finns bland extremister hos Front National i Frankrike (som har f\u00e5tt bidrag fr\u00e5n Ryssland), Jobbik i Ungern och Syriza i Grekland. \u00c4ven spanska Podemos vill g\u00e4rna blockera saker i EU som Ryssland anser vara skadligt. \u00c5 andra sidan finns det andra som gullas av Podemos, sv\u00e4ljer konceptet helt och beskriver populisterna som det mest sp\u00e4nnande som har h\u00e4nt Spanien. Venezuelas regering gl\u00e4ds s\u00e4kert \u00e5t svensk medias hittills okritiska bevakning av Podemos.<\/p>\n<p>Nyligen placerade det prestigefyllda brittiska veckomagasinet The Economist partiet Podemos i \u201dKremls ficka\u201d. I en artikel beskrevs banden dels mellan Rysslands Vladimir Putin och populistiska h\u00f6gerpartier men \u00e4ven med den europeiska v\u00e4nstern bland dem Podemos. The Economist \u00e4r oroad av \u201dogenomskinlig\u201d finansiering som Kreml kan ge dessa partier f\u00f6r att driva pro-rysk front i Europaparlamentet.<\/p>\n<p>I veckomagasinet syns Putin dra i tr\u00e5darna som en marionett. En av tr\u00e5darna g\u00e5r till \u201dpro-ryska\u201d Podemos vars partiledaren Pablo Iglesias s\u00e5 sent som i september ifjol anklagat v\u00e4stl\u00e4nderna f\u00f6r dubbelmoral i hanteringen Ryssland d\u00e4r han sa att de europeiska ledarnas dikterar Nato och inte behandlar Ryssland och Israel lika.<br \/>\nPodemos liknas av den spanska regeringschefen Rajoy som en rysk roulett. Liksom grekiska Syriza g\u00e5r Podemos budskap ut p\u00e5 att avsluta sv\u00e5ngremspolitiken. Rajoy svarar med att vi inte kan sl\u00e4nga alla uppoffringar som gjorts \u00f6verbord. Vi kan inte spela bort v\u00e5ra barns framtid p\u00e5 l\u00e4ttsinnets, inkompetensens och populismens ryska roulett. No Podemos! Vi kan inte! sa Rajoy nyligen.<\/p>\n<p>Podemos kommer att n\u00e5 stora valframg\u00e5ngar eftersom de tar r\u00f6ster och utmanar en borttynande spansk socialdemokrati. Men det \u00e4r en sak att leda en h\u00f6gljudd opposition och en helt annan sak att ta ansvar. \u201dPodemos \u00e4r v\u00e4l ett ganska populistiskt parti\u201d sa Sveriges statsminister Stefan L\u00f6fven n\u00e4r han i februari bes\u00f6kte Madrid och tr\u00e4ffade socialistledaren Pedro Sanchez.<br \/>\nL\u00f6fven ser inte den nya v\u00e4nsterr\u00f6relsen som ett alternativ till sitt spanska systerparti, trots den h\u00f6ga arbetsl\u00f6sheten, skuldkris och korruptionsskandaler bland de etablerade partierna. \u201dH\u00e4r finns ett socialdemokratiskt parti som \u00e4r vant att regera och ocks\u00e5 kan fatta sv\u00e5ra beslut. Det kommer ingen regering undan, att fatta tuffa beslut\u201d sa L\u00f6fven.<\/p>\n<p>M\u00e5nga drar likhetstecken mellan Syrizas Grekland med Podemos Spanien. B\u00e5da partierna v\u00e4grar EU:s krav p\u00e5 budgetdisciplin och att ha koll p\u00e5 balansen mellan utgifter och int\u00e4kter. Financial Times rapporterade att skatteuppb\u00f6rden strax f\u00f6re det grekiska valet sj\u00f6nk med 40 procent. Grekerna slutade att betala skatt d\u00e5 unders\u00f6kningar visade att Syrizas skulle vinna. Komedi? Nej, verklighet. I Grekland.<\/p>\n<p>N\u00e4r det g\u00e4ller Grekland och Spanien finns inte s\u00e5 m\u00e5nga likheter \u00e4ven om b\u00e5da l\u00e4nderna ingick i krisl\u00e4nderna PIIGS. Grekland \u00e4r med tio miljoner inv\u00e5nare n\u00e5got st\u00f6rre \u00e4n Sverige. Spanien har omkring 46 miljoner inv\u00e5nare. N\u00e4r Greklands BNP rasade med \u00f6ver 25 procentenheter minskade Spaniens med sju procent.<br \/>\nN\u00e4r Grekland fick skriva p\u00e5 krisl\u00e5n p\u00e5 otroliga 240 miljarder euro fick EU:s femte st\u00f6rsta ekonomi Spanien omkring 41 miljarder euro som de redan har betalat tillbaka.<\/p>\n<p>Grekiska Syrizas och Podemos g\u00e5r hand i hand. Om inte Syrizas lyckas med att infria sina vall\u00f6ften i krislandet Grekland kan det ge svallv\u00e5gor i Spanien och drabba Podemos. Hur det d\u00e5 blir med de spanska f\u00f6retagen i Venezuela \u00e5terst\u00e5r att se&#8230;<\/p>\n","protected":false},"excerpt":{"rendered":"<p>Det \u00e4r superval\u00e5r i Spanien och det arbetas p\u00e5 bred front. \u00c4ven i Sydamerika d\u00e4r en \u201dbananrepublik\u201d med p\u00e5tryckningar och hot f\u00f6rs\u00f6ker styra spansk media. I februari inbj\u00f6d den venezuelanska Maduro-regeringen spanska storf\u00f6retag att komma till ett underligt m\u00f6te i presidentpalatset, Palacio de Miraflores. Av Ola Josefsson Tre ministrar i den venezuelanska regeringen uppmanade de [&hellip;]<\/p>\n","protected":false},"author":8,"featured_media":5198,"comment_status":"open","ping_status":"open","sticky":false,"template":"","format":"standard","meta":{"_et_pb_use_builder":"","_et_pb_old_content":"","_et_gb_content_width":"","footnotes":""},"categories":[4,36],"tags":[],"class_list":["post-5197","post","type-post","status-publish","format-standard","has-post-thumbnail","hentry","category-artiklar","category-spanien-just-nu"],"yoast_head":"<!-- This site is optimized with the Yoast SEO Premium plugin v26.2 (Yoast SEO v27.4) - https:\/\/yoast.com\/product\/yoast-seo-premium-wordpress\/ -->\n<title>Spanien just nu \u2013 p\u00e5tryckningar och hot - Svenska Magasinet<\/title>\n<meta name=\"robots\" content=\"noindex, follow, max-snippet:-1, max-image-preview:large, max-video-preview:-1\" \/>\n<meta property=\"og:locale\" content=\"sv_SE\" \/>\n<meta property=\"og:type\" content=\"article\" \/>\n<meta property=\"og:title\" content=\"Spanien just nu \u2013 p\u00e5tryckningar och hot\" \/>\n<meta property=\"og:description\" content=\"Det \u00e4r superval\u00e5r i Spanien och det arbetas p\u00e5 bred front. \u00c4ven i Sydamerika d\u00e4r en \u201dbananrepublik\u201d med p\u00e5tryckningar och hot f\u00f6rs\u00f6ker styra spansk media. I februari inbj\u00f6d den venezuelanska Maduro-regeringen spanska storf\u00f6retag att komma till ett underligt m\u00f6te i presidentpalatset, Palacio de Miraflores. Av Ola Josefsson Tre ministrar i den venezuelanska regeringen uppmanade de [&hellip;]\" \/>\n<meta property=\"og:url\" content=\"https:\/\/lightweb.dev\/l\/svm-temp\/artiklar\/spanien-just-nu-patryckningar-och-hot\/\" \/>\n<meta property=\"og:site_name\" content=\"Svenska Magasinet\" \/>\n<meta property=\"article:publisher\" content=\"https:\/\/www.facebook.com\/svenskamagasinet\" \/>\n<meta property=\"article:published_time\" content=\"2015-03-10T23:00:00+00:00\" \/>\n<meta property=\"og:image\" content=\"https:\/\/lightweb.dev\/l\/svm-temp\/wp-content\/uploads\/2022\/04\/spanien-just-nu-ptryckningar-och-hot.png\" \/>\n\t<meta property=\"og:image:width\" content=\"280\" \/>\n\t<meta property=\"og:image:height\" content=\"419\" \/>\n\t<meta property=\"og:image:type\" content=\"image\/png\" \/>\n<meta name=\"author\" content=\"Redaktionen SvM\" \/>\n<meta name=\"twitter:card\" content=\"summary_large_image\" \/>\n<meta name=\"twitter:creator\" content=\"@SvenskaMagasine\" \/>\n<meta name=\"twitter:site\" content=\"@SvenskaMagasine\" \/>\n<script type=\"application\/ld+json\" class=\"yoast-schema-graph\">{\"@context\":\"https:\\\/\\\/schema.org\",\"@graph\":[{\"@type\":\"Article\",\"@id\":\"https:\\\/\\\/lightweb.dev\\\/l\\\/svm-temp\\\/artiklar\\\/spanien-just-nu-patryckningar-och-hot\\\/#article\",\"isPartOf\":{\"@id\":\"https:\\\/\\\/lightweb.dev\\\/l\\\/svm-temp\\\/artiklar\\\/spanien-just-nu-patryckningar-och-hot\\\/\"},\"author\":{\"name\":\"Redaktionen SvM\",\"@id\":\"https:\\\/\\\/lightweb.dev\\\/l\\\/svm-temp\\\/#\\\/schema\\\/person\\\/206a3bda5b607b0c25e1749191e4d837\"},\"headline\":\"Spanien just nu \u2013 p\u00e5tryckningar och hot\",\"datePublished\":\"2015-03-10T23:00:00+00:00\",\"mainEntityOfPage\":{\"@id\":\"https:\\\/\\\/lightweb.dev\\\/l\\\/svm-temp\\\/artiklar\\\/spanien-just-nu-patryckningar-och-hot\\\/\"},\"wordCount\":918,\"commentCount\":0,\"publisher\":{\"@id\":\"https:\\\/\\\/lightweb.dev\\\/l\\\/svm-temp\\\/#organization\"},\"image\":{\"@id\":\"https:\\\/\\\/lightweb.dev\\\/l\\\/svm-temp\\\/artiklar\\\/spanien-just-nu-patryckningar-och-hot\\\/#primaryimage\"},\"thumbnailUrl\":\"https:\\\/\\\/lightweb.dev\\\/l\\\/svm-temp\\\/wp-content\\\/uploads\\\/2022\\\/04\\\/spanien-just-nu-ptryckningar-och-hot.png\",\"articleSection\":[\"Artiklar\",\"Spanien just nu\"],\"inLanguage\":\"sv-SE\"},{\"@type\":\"WebPage\",\"@id\":\"https:\\\/\\\/lightweb.dev\\\/l\\\/svm-temp\\\/artiklar\\\/spanien-just-nu-patryckningar-och-hot\\\/\",\"url\":\"https:\\\/\\\/lightweb.dev\\\/l\\\/svm-temp\\\/artiklar\\\/spanien-just-nu-patryckningar-och-hot\\\/\",\"name\":\"Spanien just nu \u2013 p\u00e5tryckningar och hot - Svenska Magasinet\",\"isPartOf\":{\"@id\":\"https:\\\/\\\/lightweb.dev\\\/l\\\/svm-temp\\\/#website\"},\"primaryImageOfPage\":{\"@id\":\"https:\\\/\\\/lightweb.dev\\\/l\\\/svm-temp\\\/artiklar\\\/spanien-just-nu-patryckningar-och-hot\\\/#primaryimage\"},\"image\":{\"@id\":\"https:\\\/\\\/lightweb.dev\\\/l\\\/svm-temp\\\/artiklar\\\/spanien-just-nu-patryckningar-och-hot\\\/#primaryimage\"},\"thumbnailUrl\":\"https:\\\/\\\/lightweb.dev\\\/l\\\/svm-temp\\\/wp-content\\\/uploads\\\/2022\\\/04\\\/spanien-just-nu-ptryckningar-och-hot.png\",\"datePublished\":\"2015-03-10T23:00:00+00:00\",\"breadcrumb\":{\"@id\":\"https:\\\/\\\/lightweb.dev\\\/l\\\/svm-temp\\\/artiklar\\\/spanien-just-nu-patryckningar-och-hot\\\/#breadcrumb\"},\"inLanguage\":\"sv-SE\",\"potentialAction\":[{\"@type\":\"ReadAction\",\"target\":[\"https:\\\/\\\/lightweb.dev\\\/l\\\/svm-temp\\\/artiklar\\\/spanien-just-nu-patryckningar-och-hot\\\/\"]}]},{\"@type\":\"ImageObject\",\"inLanguage\":\"sv-SE\",\"@id\":\"https:\\\/\\\/lightweb.dev\\\/l\\\/svm-temp\\\/artiklar\\\/spanien-just-nu-patryckningar-och-hot\\\/#primaryimage\",\"url\":\"https:\\\/\\\/lightweb.dev\\\/l\\\/svm-temp\\\/wp-content\\\/uploads\\\/2022\\\/04\\\/spanien-just-nu-ptryckningar-och-hot.png\",\"contentUrl\":\"https:\\\/\\\/lightweb.dev\\\/l\\\/svm-temp\\\/wp-content\\\/uploads\\\/2022\\\/04\\\/spanien-just-nu-ptryckningar-och-hot.png\",\"width\":280,\"height\":419},{\"@type\":\"BreadcrumbList\",\"@id\":\"https:\\\/\\\/lightweb.dev\\\/l\\\/svm-temp\\\/artiklar\\\/spanien-just-nu-patryckningar-och-hot\\\/#breadcrumb\",\"itemListElement\":[{\"@type\":\"ListItem\",\"position\":1,\"name\":\"Hem\",\"item\":\"https:\\\/\\\/lightweb.dev\\\/l\\\/svm-temp\\\/\"},{\"@type\":\"ListItem\",\"position\":2,\"name\":\"Spanien just nu \u2013 p\u00e5tryckningar och hot\"}]},{\"@type\":\"WebSite\",\"@id\":\"https:\\\/\\\/lightweb.dev\\\/l\\\/svm-temp\\\/#website\",\"url\":\"https:\\\/\\\/lightweb.dev\\\/l\\\/svm-temp\\\/\",\"name\":\"Svenska Magasinet\",\"description\":\"Dina Spanska nyheter p&aring; Svenska\",\"publisher\":{\"@id\":\"https:\\\/\\\/lightweb.dev\\\/l\\\/svm-temp\\\/#organization\"},\"potentialAction\":[{\"@type\":\"SearchAction\",\"target\":{\"@type\":\"EntryPoint\",\"urlTemplate\":\"https:\\\/\\\/lightweb.dev\\\/l\\\/svm-temp\\\/?s={search_term_string}\"},\"query-input\":{\"@type\":\"PropertyValueSpecification\",\"valueRequired\":true,\"valueName\":\"search_term_string\"}}],\"inLanguage\":\"sv-SE\"},{\"@type\":\"Organization\",\"@id\":\"https:\\\/\\\/lightweb.dev\\\/l\\\/svm-temp\\\/#organization\",\"name\":\"Melkerson y Nott SL\",\"alternateName\":\"Svenska Magasinet\",\"url\":\"https:\\\/\\\/lightweb.dev\\\/l\\\/svm-temp\\\/\",\"logo\":{\"@type\":\"ImageObject\",\"inLanguage\":\"sv-SE\",\"@id\":\"https:\\\/\\\/lightweb.dev\\\/l\\\/svm-temp\\\/#\\\/schema\\\/logo\\\/image\\\/\",\"url\":\"https:\\\/\\\/lightweb.dev\\\/l\\\/svm-temp\\\/wp-content\\\/uploads\\\/2025\\\/02\\\/SvM-logo-Xtra-Centrerad-SVART.png\",\"contentUrl\":\"https:\\\/\\\/lightweb.dev\\\/l\\\/svm-temp\\\/wp-content\\\/uploads\\\/2025\\\/02\\\/SvM-logo-Xtra-Centrerad-SVART.png\",\"width\":300,\"height\":99,\"caption\":\"Melkerson y Nott SL\"},\"image\":{\"@id\":\"https:\\\/\\\/lightweb.dev\\\/l\\\/svm-temp\\\/#\\\/schema\\\/logo\\\/image\\\/\"},\"sameAs\":[\"https:\\\/\\\/www.facebook.com\\\/svenskamagasinet\",\"https:\\\/\\\/x.com\\\/SvenskaMagasine\"]},{\"@type\":\"Person\",\"@id\":\"https:\\\/\\\/lightweb.dev\\\/l\\\/svm-temp\\\/#\\\/schema\\\/person\\\/206a3bda5b607b0c25e1749191e4d837\",\"name\":\"Redaktionen SvM\",\"description\":\"Redaktionen\",\"sameAs\":[\"https:\\\/\\\/lightweb.dev\\\/l\\\/svm-temp\"],\"url\":\"https:\\\/\\\/lightweb.dev\\\/l\\\/svm-temp\\\/reporter\\\/redaktionen\\\/\"}]}<\/script>\n<!-- \/ Yoast SEO Premium plugin. -->","yoast_head_json":{"title":"Spanien just nu \u2013 p\u00e5tryckningar och hot - Svenska Magasinet","robots":{"index":"noindex","follow":"follow","max-snippet":"max-snippet:-1","max-image-preview":"max-image-preview:large","max-video-preview":"max-video-preview:-1"},"og_locale":"sv_SE","og_type":"article","og_title":"Spanien just nu \u2013 p\u00e5tryckningar och hot","og_description":"Det \u00e4r superval\u00e5r i Spanien och det arbetas p\u00e5 bred front. \u00c4ven i Sydamerika d\u00e4r en \u201dbananrepublik\u201d med p\u00e5tryckningar och hot f\u00f6rs\u00f6ker styra spansk media. I februari inbj\u00f6d den venezuelanska Maduro-regeringen spanska storf\u00f6retag att komma till ett underligt m\u00f6te i presidentpalatset, Palacio de Miraflores. Av Ola Josefsson Tre ministrar i den venezuelanska regeringen uppmanade de [&hellip;]","og_url":"https:\/\/lightweb.dev\/l\/svm-temp\/artiklar\/spanien-just-nu-patryckningar-och-hot\/","og_site_name":"Svenska Magasinet","article_publisher":"https:\/\/www.facebook.com\/svenskamagasinet","article_published_time":"2015-03-10T23:00:00+00:00","og_image":[{"width":280,"height":419,"url":"https:\/\/lightweb.dev\/l\/svm-temp\/wp-content\/uploads\/2022\/04\/spanien-just-nu-ptryckningar-och-hot.png","type":"image\/png"}],"author":"Redaktionen SvM","twitter_card":"summary_large_image","twitter_creator":"@SvenskaMagasine","twitter_site":"@SvenskaMagasine","schema":{"@context":"https:\/\/schema.org","@graph":[{"@type":"Article","@id":"https:\/\/lightweb.dev\/l\/svm-temp\/artiklar\/spanien-just-nu-patryckningar-och-hot\/#article","isPartOf":{"@id":"https:\/\/lightweb.dev\/l\/svm-temp\/artiklar\/spanien-just-nu-patryckningar-och-hot\/"},"author":{"name":"Redaktionen SvM","@id":"https:\/\/lightweb.dev\/l\/svm-temp\/#\/schema\/person\/206a3bda5b607b0c25e1749191e4d837"},"headline":"Spanien just nu \u2013 p\u00e5tryckningar och hot","datePublished":"2015-03-10T23:00:00+00:00","mainEntityOfPage":{"@id":"https:\/\/lightweb.dev\/l\/svm-temp\/artiklar\/spanien-just-nu-patryckningar-och-hot\/"},"wordCount":918,"commentCount":0,"publisher":{"@id":"https:\/\/lightweb.dev\/l\/svm-temp\/#organization"},"image":{"@id":"https:\/\/lightweb.dev\/l\/svm-temp\/artiklar\/spanien-just-nu-patryckningar-och-hot\/#primaryimage"},"thumbnailUrl":"https:\/\/lightweb.dev\/l\/svm-temp\/wp-content\/uploads\/2022\/04\/spanien-just-nu-ptryckningar-och-hot.png","articleSection":["Artiklar","Spanien just nu"],"inLanguage":"sv-SE"},{"@type":"WebPage","@id":"https:\/\/lightweb.dev\/l\/svm-temp\/artiklar\/spanien-just-nu-patryckningar-och-hot\/","url":"https:\/\/lightweb.dev\/l\/svm-temp\/artiklar\/spanien-just-nu-patryckningar-och-hot\/","name":"Spanien just nu \u2013 p\u00e5tryckningar och hot - Svenska Magasinet","isPartOf":{"@id":"https:\/\/lightweb.dev\/l\/svm-temp\/#website"},"primaryImageOfPage":{"@id":"https:\/\/lightweb.dev\/l\/svm-temp\/artiklar\/spanien-just-nu-patryckningar-och-hot\/#primaryimage"},"image":{"@id":"https:\/\/lightweb.dev\/l\/svm-temp\/artiklar\/spanien-just-nu-patryckningar-och-hot\/#primaryimage"},"thumbnailUrl":"https:\/\/lightweb.dev\/l\/svm-temp\/wp-content\/uploads\/2022\/04\/spanien-just-nu-ptryckningar-och-hot.png","datePublished":"2015-03-10T23:00:00+00:00","breadcrumb":{"@id":"https:\/\/lightweb.dev\/l\/svm-temp\/artiklar\/spanien-just-nu-patryckningar-och-hot\/#breadcrumb"},"inLanguage":"sv-SE","potentialAction":[{"@type":"ReadAction","target":["https:\/\/lightweb.dev\/l\/svm-temp\/artiklar\/spanien-just-nu-patryckningar-och-hot\/"]}]},{"@type":"ImageObject","inLanguage":"sv-SE","@id":"https:\/\/lightweb.dev\/l\/svm-temp\/artiklar\/spanien-just-nu-patryckningar-och-hot\/#primaryimage","url":"https:\/\/lightweb.dev\/l\/svm-temp\/wp-content\/uploads\/2022\/04\/spanien-just-nu-ptryckningar-och-hot.png","contentUrl":"https:\/\/lightweb.dev\/l\/svm-temp\/wp-content\/uploads\/2022\/04\/spanien-just-nu-ptryckningar-och-hot.png","width":280,"height":419},{"@type":"BreadcrumbList","@id":"https:\/\/lightweb.dev\/l\/svm-temp\/artiklar\/spanien-just-nu-patryckningar-och-hot\/#breadcrumb","itemListElement":[{"@type":"ListItem","position":1,"name":"Hem","item":"https:\/\/lightweb.dev\/l\/svm-temp\/"},{"@type":"ListItem","position":2,"name":"Spanien just nu \u2013 p\u00e5tryckningar och hot"}]},{"@type":"WebSite","@id":"https:\/\/lightweb.dev\/l\/svm-temp\/#website","url":"https:\/\/lightweb.dev\/l\/svm-temp\/","name":"Svenska Magasinet","description":"Dina Spanska nyheter p&aring; Svenska","publisher":{"@id":"https:\/\/lightweb.dev\/l\/svm-temp\/#organization"},"potentialAction":[{"@type":"SearchAction","target":{"@type":"EntryPoint","urlTemplate":"https:\/\/lightweb.dev\/l\/svm-temp\/?s={search_term_string}"},"query-input":{"@type":"PropertyValueSpecification","valueRequired":true,"valueName":"search_term_string"}}],"inLanguage":"sv-SE"},{"@type":"Organization","@id":"https:\/\/lightweb.dev\/l\/svm-temp\/#organization","name":"Melkerson y Nott SL","alternateName":"Svenska Magasinet","url":"https:\/\/lightweb.dev\/l\/svm-temp\/","logo":{"@type":"ImageObject","inLanguage":"sv-SE","@id":"https:\/\/lightweb.dev\/l\/svm-temp\/#\/schema\/logo\/image\/","url":"https:\/\/lightweb.dev\/l\/svm-temp\/wp-content\/uploads\/2025\/02\/SvM-logo-Xtra-Centrerad-SVART.png","contentUrl":"https:\/\/lightweb.dev\/l\/svm-temp\/wp-content\/uploads\/2025\/02\/SvM-logo-Xtra-Centrerad-SVART.png","width":300,"height":99,"caption":"Melkerson y Nott SL"},"image":{"@id":"https:\/\/lightweb.dev\/l\/svm-temp\/#\/schema\/logo\/image\/"},"sameAs":["https:\/\/www.facebook.com\/svenskamagasinet","https:\/\/x.com\/SvenskaMagasine"]},{"@type":"Person","@id":"https:\/\/lightweb.dev\/l\/svm-temp\/#\/schema\/person\/206a3bda5b607b0c25e1749191e4d837","name":"Redaktionen SvM","description":"Redaktionen","sameAs":["https:\/\/lightweb.dev\/l\/svm-temp"],"url":"https:\/\/lightweb.dev\/l\/svm-temp\/reporter\/redaktionen\/"}]}},"_links":{"self":[{"href":"https:\/\/lightweb.dev\/l\/svm-temp\/wp-json\/wp\/v2\/posts\/5197","targetHints":{"allow":["GET"]}}],"collection":[{"href":"https:\/\/lightweb.dev\/l\/svm-temp\/wp-json\/wp\/v2\/posts"}],"about":[{"href":"https:\/\/lightweb.dev\/l\/svm-temp\/wp-json\/wp\/v2\/types\/post"}],"author":[{"embeddable":true,"href":"https:\/\/lightweb.dev\/l\/svm-temp\/wp-json\/wp\/v2\/users\/8"}],"replies":[{"embeddable":true,"href":"https:\/\/lightweb.dev\/l\/svm-temp\/wp-json\/wp\/v2\/comments?post=5197"}],"version-history":[{"count":0,"href":"https:\/\/lightweb.dev\/l\/svm-temp\/wp-json\/wp\/v2\/posts\/5197\/revisions"}],"wp:featuredmedia":[{"embeddable":true,"href":"https:\/\/lightweb.dev\/l\/svm-temp\/wp-json\/wp\/v2\/media\/5198"}],"wp:attachment":[{"href":"https:\/\/lightweb.dev\/l\/svm-temp\/wp-json\/wp\/v2\/media?parent=5197"}],"wp:term":[{"taxonomy":"category","embeddable":true,"href":"https:\/\/lightweb.dev\/l\/svm-temp\/wp-json\/wp\/v2\/categories?post=5197"},{"taxonomy":"post_tag","embeddable":true,"href":"https:\/\/lightweb.dev\/l\/svm-temp\/wp-json\/wp\/v2\/tags?post=5197"}],"curies":[{"name":"wp","href":"https:\/\/api.w.org\/{rel}","templated":true}]}}