{"id":5199,"date":"2015-03-11T00:00:00","date_gmt":"2015-03-10T23:00:00","guid":{"rendered":"https:\/\/lightweb.dev\/l\/svm-temp\/inflationen-inte-det-storsta-hotet\/"},"modified":"2015-03-11T00:00:00","modified_gmt":"2015-03-10T23:00:00","slug":"inflationen-inte-det-storsta-hotet","status":"publish","type":"post","link":"https:\/\/lightweb.dev\/l\/svm-temp\/artiklar\/inflationen-inte-det-storsta-hotet\/","title":{"rendered":"Inflationen inte det st\u00f6rsta hotet"},"content":{"rendered":"<p> Enligt klassisk ekonomisk teori leder billigt och \u00f6verfl\u00f6digt kapital i slut\u00e4ndan till inflation, eftersom det skapar en situation d\u00e4r efterfr\u00e5gan p\u00e5 varor och tj\u00e4nster \u00e4r h\u00f6gre \u00e4n utbudet, vilket driver upp priserna. Under de senaste sju \u00e5ren med fallande r\u00e4ntor och kvantitativa l\u00e4ttnader har emellertid inflationen varit i det n\u00e4rmaste obefintlig. Den har rentav f\u00f6rlorat sitt epitet som det st\u00f6rsta hotet mot ett lands ekonomi till sitt alter ego, deflationen. Av Jesper Hertz, Chief Representative Nordea Bank S.A.<\/p>\n<p>Sedan 2008 har centralbankerna successivt s\u00e4nkt sina r\u00e4ntor i ett f\u00f6rs\u00f6k att s\u00e4tta fart p\u00e5 ekonomin. Idag \u00e4r r\u00e4nteniv\u00e5erna i v\u00e4rlden extremt l\u00e5ga, n\u00e5got som alla sparare dystert har noterat. I vissa fall \u00e4r r\u00e4ntorna till och med negativa. Men den expansiva penningpolitiken via l\u00e4gre r\u00e4ntor har bara f\u00e5tt genomslag i ekonomin n\u00e4r den har kombinerats med mer radikala \u00e5tg\u00e4rder, s\u00e5som kvantitativa l\u00e4ttnader. I USA och Storbritannien till exempel, d\u00e4r tillv\u00e4xten tagit fart igen, har centralbankerna \u00e5terg\u00e5tt till att bed\u00f6ma n\u00e4r och med hur mycket styrr\u00e4ntan b\u00f6r justeras f\u00f6r att undvika problem med inflationen. Men i takt med att inflationsf\u00f6rv\u00e4ntningarna har avtagit, har de f\u00f6rv\u00e4ntade r\u00e4nteh\u00f6jningarna skjutits allt l\u00e4ngre p\u00e5 framtiden. Om inte inflationstrycket (t ex fr\u00e5n l\u00f6ne\u00f6kningar) blir till ett reellt hot, kan f\u00f6rv\u00e4ntningarna forts\u00e4tta att avta.<\/p>\n<p>Centralbanker tenderar att betrakta en lagom inflationsniv\u00e5 som \u00f6nskv\u00e4rd f\u00f6r en v\u00e4lm\u00e5ende ekonomi. Situationen idag aktualiserar emellertid fr\u00e5gan om man \u00f6ver huvud taget ska ha ett inflationsm\u00e5l, framf\u00f6r allt ett som vanligen uppn\u00e5s via r\u00e4ntejusteringar. Trots negativ inflation finns det \u00e4nd\u00e5 beslutsfattare som fortfarande anser det n\u00f6dv\u00e4ndigt att &#8221;normalisera&#8221; r\u00e4ntorna p\u00e5 artificiell v\u00e4g. Men samtidigt som h\u00f6gre r\u00e4ntor var normen under tiden f\u00f6re finanskrisen 2008, var ocks\u00e5 inflationen h\u00f6gre. S\u00e5 varf\u00f6r normalisera r\u00e4ntorna nu, n\u00e4r inflationen \u00e4r allt annat \u00e4n normal?<\/p>\n<p>Den som st\u00e5r i skuld \u00e4r inte fri<br \/>\nEnligt en teori \u00e4r det hur som helst inte h\u00e5llbart med h\u00f6gre r\u00e4ntor i dagens l\u00e4ge. Anh\u00e4ngare till denna teori h\u00e4vdar att sporadiska f\u00f6rs\u00f6k i utvecklade l\u00e4nder att efter 2008 h\u00f6ja r\u00e4ntorna (Norge, Sverige, Australien och till och med euroomr\u00e5det) har varit kortlivade, eftersom skuldniv\u00e5erna och bankernas skulds\u00e4ttningsgrad helt enkelt \u00e4r f\u00f6r h\u00f6ga f\u00f6r att klara av h\u00f6gre r\u00e4ntor n\u00e5gon l\u00e4ngre tid.<\/p>\n<p>Erfarenheterna fr\u00e5n efterkrigstiden har l\u00e4rt oss att frukta inflationen, och det verkar vettigt att vara vaksam mot den. Men i dagens allt mer deflationspr\u00e4glade v\u00e4rld borde kanske centralbankerna sluta stirra sig blinda p\u00e5 inflationen och ist\u00e4llet fokusera p\u00e5 att skapa tillv\u00e4xt i syfte att f\u00e5 ner skulderna. Kommande generationer kommer att tacka dem om de g\u00f6r det, f\u00f6r det avgjort st\u00f6rsta hotet mot ett l\u00e5ngsiktigt ekonomiskt v\u00e4lst\u00e5nd utg\u00f6rs inte av vare sig inflationen och deflationen, utan av den oh\u00e5llbara globala skulds\u00e4ttningen.<\/p>\n","protected":false},"excerpt":{"rendered":"<p>Enligt klassisk ekonomisk teori leder billigt och \u00f6verfl\u00f6digt kapital i slut\u00e4ndan till inflation, eftersom det skapar en situation d\u00e4r efterfr\u00e5gan p\u00e5 varor och tj\u00e4nster \u00e4r h\u00f6gre \u00e4n utbudet, vilket driver upp priserna. Under de senaste sju \u00e5ren med fallande r\u00e4ntor och kvantitativa l\u00e4ttnader har emellertid inflationen varit i det n\u00e4rmaste obefintlig. Den har rentav f\u00f6rlorat [&hellip;]<\/p>\n","protected":false},"author":8,"featured_media":5200,"comment_status":"open","ping_status":"open","sticky":false,"template":"","format":"standard","meta":{"_et_pb_use_builder":"","_et_pb_old_content":"","_et_gb_content_width":"","footnotes":""},"categories":[4,398],"tags":[],"class_list":["post-5199","post","type-post","status-publish","format-standard","has-post-thumbnail","hentry","category-artiklar","category-naringsliv"],"yoast_head":"<!-- This site is optimized with the Yoast SEO Premium plugin v26.2 (Yoast SEO v27.4) - https:\/\/yoast.com\/product\/yoast-seo-premium-wordpress\/ -->\n<title>Inflationen inte det st\u00f6rsta hotet - Svenska Magasinet<\/title>\n<meta name=\"robots\" content=\"noindex, follow, max-snippet:-1, max-image-preview:large, max-video-preview:-1\" \/>\n<meta property=\"og:locale\" content=\"sv_SE\" \/>\n<meta property=\"og:type\" content=\"article\" \/>\n<meta property=\"og:title\" content=\"Inflationen inte det st\u00f6rsta hotet\" \/>\n<meta property=\"og:description\" content=\"Enligt klassisk ekonomisk teori leder billigt och \u00f6verfl\u00f6digt kapital i slut\u00e4ndan till inflation, eftersom det skapar en situation d\u00e4r efterfr\u00e5gan p\u00e5 varor och tj\u00e4nster \u00e4r h\u00f6gre \u00e4n utbudet, vilket driver upp priserna. Under de senaste sju \u00e5ren med fallande r\u00e4ntor och kvantitativa l\u00e4ttnader har emellertid inflationen varit i det n\u00e4rmaste obefintlig. Den har rentav f\u00f6rlorat [&hellip;]\" \/>\n<meta property=\"og:url\" content=\"https:\/\/lightweb.dev\/l\/svm-temp\/artiklar\/inflationen-inte-det-storsta-hotet\/\" \/>\n<meta property=\"og:site_name\" content=\"Svenska Magasinet\" \/>\n<meta property=\"article:publisher\" content=\"https:\/\/www.facebook.com\/svenskamagasinet\" \/>\n<meta property=\"article:published_time\" content=\"2015-03-10T23:00:00+00:00\" \/>\n<meta property=\"og:image\" content=\"https:\/\/lightweb.dev\/l\/svm-temp\/wp-content\/uploads\/2022\/04\/inflationen-inte-det-strsta-hotet.png\" \/>\n\t<meta property=\"og:image:width\" content=\"280\" \/>\n\t<meta property=\"og:image:height\" content=\"351\" \/>\n\t<meta property=\"og:image:type\" content=\"image\/png\" \/>\n<meta name=\"author\" content=\"Redaktionen SvM\" \/>\n<meta name=\"twitter:card\" content=\"summary_large_image\" \/>\n<meta name=\"twitter:creator\" content=\"@SvenskaMagasine\" \/>\n<meta name=\"twitter:site\" content=\"@SvenskaMagasine\" \/>\n<script type=\"application\/ld+json\" class=\"yoast-schema-graph\">{\"@context\":\"https:\\\/\\\/schema.org\",\"@graph\":[{\"@type\":\"Article\",\"@id\":\"https:\\\/\\\/lightweb.dev\\\/l\\\/svm-temp\\\/artiklar\\\/inflationen-inte-det-storsta-hotet\\\/#article\",\"isPartOf\":{\"@id\":\"https:\\\/\\\/lightweb.dev\\\/l\\\/svm-temp\\\/artiklar\\\/inflationen-inte-det-storsta-hotet\\\/\"},\"author\":{\"name\":\"Redaktionen SvM\",\"@id\":\"https:\\\/\\\/lightweb.dev\\\/l\\\/svm-temp\\\/#\\\/schema\\\/person\\\/206a3bda5b607b0c25e1749191e4d837\"},\"headline\":\"Inflationen inte det st\u00f6rsta hotet\",\"datePublished\":\"2015-03-10T23:00:00+00:00\",\"mainEntityOfPage\":{\"@id\":\"https:\\\/\\\/lightweb.dev\\\/l\\\/svm-temp\\\/artiklar\\\/inflationen-inte-det-storsta-hotet\\\/\"},\"wordCount\":549,\"commentCount\":0,\"publisher\":{\"@id\":\"https:\\\/\\\/lightweb.dev\\\/l\\\/svm-temp\\\/#organization\"},\"image\":{\"@id\":\"https:\\\/\\\/lightweb.dev\\\/l\\\/svm-temp\\\/artiklar\\\/inflationen-inte-det-storsta-hotet\\\/#primaryimage\"},\"thumbnailUrl\":\"https:\\\/\\\/lightweb.dev\\\/l\\\/svm-temp\\\/wp-content\\\/uploads\\\/2022\\\/04\\\/inflationen-inte-det-strsta-hotet.png\",\"articleSection\":[\"Artiklar\",\"N\u00e4ringsliv\"],\"inLanguage\":\"sv-SE\"},{\"@type\":\"WebPage\",\"@id\":\"https:\\\/\\\/lightweb.dev\\\/l\\\/svm-temp\\\/artiklar\\\/inflationen-inte-det-storsta-hotet\\\/\",\"url\":\"https:\\\/\\\/lightweb.dev\\\/l\\\/svm-temp\\\/artiklar\\\/inflationen-inte-det-storsta-hotet\\\/\",\"name\":\"Inflationen inte det st\u00f6rsta hotet - Svenska Magasinet\",\"isPartOf\":{\"@id\":\"https:\\\/\\\/lightweb.dev\\\/l\\\/svm-temp\\\/#website\"},\"primaryImageOfPage\":{\"@id\":\"https:\\\/\\\/lightweb.dev\\\/l\\\/svm-temp\\\/artiklar\\\/inflationen-inte-det-storsta-hotet\\\/#primaryimage\"},\"image\":{\"@id\":\"https:\\\/\\\/lightweb.dev\\\/l\\\/svm-temp\\\/artiklar\\\/inflationen-inte-det-storsta-hotet\\\/#primaryimage\"},\"thumbnailUrl\":\"https:\\\/\\\/lightweb.dev\\\/l\\\/svm-temp\\\/wp-content\\\/uploads\\\/2022\\\/04\\\/inflationen-inte-det-strsta-hotet.png\",\"datePublished\":\"2015-03-10T23:00:00+00:00\",\"breadcrumb\":{\"@id\":\"https:\\\/\\\/lightweb.dev\\\/l\\\/svm-temp\\\/artiklar\\\/inflationen-inte-det-storsta-hotet\\\/#breadcrumb\"},\"inLanguage\":\"sv-SE\",\"potentialAction\":[{\"@type\":\"ReadAction\",\"target\":[\"https:\\\/\\\/lightweb.dev\\\/l\\\/svm-temp\\\/artiklar\\\/inflationen-inte-det-storsta-hotet\\\/\"]}]},{\"@type\":\"ImageObject\",\"inLanguage\":\"sv-SE\",\"@id\":\"https:\\\/\\\/lightweb.dev\\\/l\\\/svm-temp\\\/artiklar\\\/inflationen-inte-det-storsta-hotet\\\/#primaryimage\",\"url\":\"https:\\\/\\\/lightweb.dev\\\/l\\\/svm-temp\\\/wp-content\\\/uploads\\\/2022\\\/04\\\/inflationen-inte-det-strsta-hotet.png\",\"contentUrl\":\"https:\\\/\\\/lightweb.dev\\\/l\\\/svm-temp\\\/wp-content\\\/uploads\\\/2022\\\/04\\\/inflationen-inte-det-strsta-hotet.png\",\"width\":280,\"height\":351},{\"@type\":\"BreadcrumbList\",\"@id\":\"https:\\\/\\\/lightweb.dev\\\/l\\\/svm-temp\\\/artiklar\\\/inflationen-inte-det-storsta-hotet\\\/#breadcrumb\",\"itemListElement\":[{\"@type\":\"ListItem\",\"position\":1,\"name\":\"Hem\",\"item\":\"https:\\\/\\\/lightweb.dev\\\/l\\\/svm-temp\\\/\"},{\"@type\":\"ListItem\",\"position\":2,\"name\":\"Inflationen inte det st\u00f6rsta hotet\"}]},{\"@type\":\"WebSite\",\"@id\":\"https:\\\/\\\/lightweb.dev\\\/l\\\/svm-temp\\\/#website\",\"url\":\"https:\\\/\\\/lightweb.dev\\\/l\\\/svm-temp\\\/\",\"name\":\"Svenska Magasinet\",\"description\":\"Dina Spanska nyheter p&aring; Svenska\",\"publisher\":{\"@id\":\"https:\\\/\\\/lightweb.dev\\\/l\\\/svm-temp\\\/#organization\"},\"potentialAction\":[{\"@type\":\"SearchAction\",\"target\":{\"@type\":\"EntryPoint\",\"urlTemplate\":\"https:\\\/\\\/lightweb.dev\\\/l\\\/svm-temp\\\/?s={search_term_string}\"},\"query-input\":{\"@type\":\"PropertyValueSpecification\",\"valueRequired\":true,\"valueName\":\"search_term_string\"}}],\"inLanguage\":\"sv-SE\"},{\"@type\":\"Organization\",\"@id\":\"https:\\\/\\\/lightweb.dev\\\/l\\\/svm-temp\\\/#organization\",\"name\":\"Melkerson y Nott SL\",\"alternateName\":\"Svenska Magasinet\",\"url\":\"https:\\\/\\\/lightweb.dev\\\/l\\\/svm-temp\\\/\",\"logo\":{\"@type\":\"ImageObject\",\"inLanguage\":\"sv-SE\",\"@id\":\"https:\\\/\\\/lightweb.dev\\\/l\\\/svm-temp\\\/#\\\/schema\\\/logo\\\/image\\\/\",\"url\":\"https:\\\/\\\/lightweb.dev\\\/l\\\/svm-temp\\\/wp-content\\\/uploads\\\/2025\\\/02\\\/SvM-logo-Xtra-Centrerad-SVART.png\",\"contentUrl\":\"https:\\\/\\\/lightweb.dev\\\/l\\\/svm-temp\\\/wp-content\\\/uploads\\\/2025\\\/02\\\/SvM-logo-Xtra-Centrerad-SVART.png\",\"width\":300,\"height\":99,\"caption\":\"Melkerson y Nott SL\"},\"image\":{\"@id\":\"https:\\\/\\\/lightweb.dev\\\/l\\\/svm-temp\\\/#\\\/schema\\\/logo\\\/image\\\/\"},\"sameAs\":[\"https:\\\/\\\/www.facebook.com\\\/svenskamagasinet\",\"https:\\\/\\\/x.com\\\/SvenskaMagasine\"]},{\"@type\":\"Person\",\"@id\":\"https:\\\/\\\/lightweb.dev\\\/l\\\/svm-temp\\\/#\\\/schema\\\/person\\\/206a3bda5b607b0c25e1749191e4d837\",\"name\":\"Redaktionen SvM\",\"description\":\"Redaktionen\",\"sameAs\":[\"https:\\\/\\\/lightweb.dev\\\/l\\\/svm-temp\"],\"url\":\"https:\\\/\\\/lightweb.dev\\\/l\\\/svm-temp\\\/reporter\\\/redaktionen\\\/\"}]}<\/script>\n<!-- \/ Yoast SEO Premium plugin. -->","yoast_head_json":{"title":"Inflationen inte det st\u00f6rsta hotet - Svenska Magasinet","robots":{"index":"noindex","follow":"follow","max-snippet":"max-snippet:-1","max-image-preview":"max-image-preview:large","max-video-preview":"max-video-preview:-1"},"og_locale":"sv_SE","og_type":"article","og_title":"Inflationen inte det st\u00f6rsta hotet","og_description":"Enligt klassisk ekonomisk teori leder billigt och \u00f6verfl\u00f6digt kapital i slut\u00e4ndan till inflation, eftersom det skapar en situation d\u00e4r efterfr\u00e5gan p\u00e5 varor och tj\u00e4nster \u00e4r h\u00f6gre \u00e4n utbudet, vilket driver upp priserna. Under de senaste sju \u00e5ren med fallande r\u00e4ntor och kvantitativa l\u00e4ttnader har emellertid inflationen varit i det n\u00e4rmaste obefintlig. Den har rentav f\u00f6rlorat [&hellip;]","og_url":"https:\/\/lightweb.dev\/l\/svm-temp\/artiklar\/inflationen-inte-det-storsta-hotet\/","og_site_name":"Svenska Magasinet","article_publisher":"https:\/\/www.facebook.com\/svenskamagasinet","article_published_time":"2015-03-10T23:00:00+00:00","og_image":[{"width":280,"height":351,"url":"https:\/\/lightweb.dev\/l\/svm-temp\/wp-content\/uploads\/2022\/04\/inflationen-inte-det-strsta-hotet.png","type":"image\/png"}],"author":"Redaktionen SvM","twitter_card":"summary_large_image","twitter_creator":"@SvenskaMagasine","twitter_site":"@SvenskaMagasine","schema":{"@context":"https:\/\/schema.org","@graph":[{"@type":"Article","@id":"https:\/\/lightweb.dev\/l\/svm-temp\/artiklar\/inflationen-inte-det-storsta-hotet\/#article","isPartOf":{"@id":"https:\/\/lightweb.dev\/l\/svm-temp\/artiklar\/inflationen-inte-det-storsta-hotet\/"},"author":{"name":"Redaktionen SvM","@id":"https:\/\/lightweb.dev\/l\/svm-temp\/#\/schema\/person\/206a3bda5b607b0c25e1749191e4d837"},"headline":"Inflationen inte det st\u00f6rsta hotet","datePublished":"2015-03-10T23:00:00+00:00","mainEntityOfPage":{"@id":"https:\/\/lightweb.dev\/l\/svm-temp\/artiklar\/inflationen-inte-det-storsta-hotet\/"},"wordCount":549,"commentCount":0,"publisher":{"@id":"https:\/\/lightweb.dev\/l\/svm-temp\/#organization"},"image":{"@id":"https:\/\/lightweb.dev\/l\/svm-temp\/artiklar\/inflationen-inte-det-storsta-hotet\/#primaryimage"},"thumbnailUrl":"https:\/\/lightweb.dev\/l\/svm-temp\/wp-content\/uploads\/2022\/04\/inflationen-inte-det-strsta-hotet.png","articleSection":["Artiklar","N\u00e4ringsliv"],"inLanguage":"sv-SE"},{"@type":"WebPage","@id":"https:\/\/lightweb.dev\/l\/svm-temp\/artiklar\/inflationen-inte-det-storsta-hotet\/","url":"https:\/\/lightweb.dev\/l\/svm-temp\/artiklar\/inflationen-inte-det-storsta-hotet\/","name":"Inflationen inte det st\u00f6rsta hotet - Svenska Magasinet","isPartOf":{"@id":"https:\/\/lightweb.dev\/l\/svm-temp\/#website"},"primaryImageOfPage":{"@id":"https:\/\/lightweb.dev\/l\/svm-temp\/artiklar\/inflationen-inte-det-storsta-hotet\/#primaryimage"},"image":{"@id":"https:\/\/lightweb.dev\/l\/svm-temp\/artiklar\/inflationen-inte-det-storsta-hotet\/#primaryimage"},"thumbnailUrl":"https:\/\/lightweb.dev\/l\/svm-temp\/wp-content\/uploads\/2022\/04\/inflationen-inte-det-strsta-hotet.png","datePublished":"2015-03-10T23:00:00+00:00","breadcrumb":{"@id":"https:\/\/lightweb.dev\/l\/svm-temp\/artiklar\/inflationen-inte-det-storsta-hotet\/#breadcrumb"},"inLanguage":"sv-SE","potentialAction":[{"@type":"ReadAction","target":["https:\/\/lightweb.dev\/l\/svm-temp\/artiklar\/inflationen-inte-det-storsta-hotet\/"]}]},{"@type":"ImageObject","inLanguage":"sv-SE","@id":"https:\/\/lightweb.dev\/l\/svm-temp\/artiklar\/inflationen-inte-det-storsta-hotet\/#primaryimage","url":"https:\/\/lightweb.dev\/l\/svm-temp\/wp-content\/uploads\/2022\/04\/inflationen-inte-det-strsta-hotet.png","contentUrl":"https:\/\/lightweb.dev\/l\/svm-temp\/wp-content\/uploads\/2022\/04\/inflationen-inte-det-strsta-hotet.png","width":280,"height":351},{"@type":"BreadcrumbList","@id":"https:\/\/lightweb.dev\/l\/svm-temp\/artiklar\/inflationen-inte-det-storsta-hotet\/#breadcrumb","itemListElement":[{"@type":"ListItem","position":1,"name":"Hem","item":"https:\/\/lightweb.dev\/l\/svm-temp\/"},{"@type":"ListItem","position":2,"name":"Inflationen inte det st\u00f6rsta hotet"}]},{"@type":"WebSite","@id":"https:\/\/lightweb.dev\/l\/svm-temp\/#website","url":"https:\/\/lightweb.dev\/l\/svm-temp\/","name":"Svenska Magasinet","description":"Dina Spanska nyheter p&aring; Svenska","publisher":{"@id":"https:\/\/lightweb.dev\/l\/svm-temp\/#organization"},"potentialAction":[{"@type":"SearchAction","target":{"@type":"EntryPoint","urlTemplate":"https:\/\/lightweb.dev\/l\/svm-temp\/?s={search_term_string}"},"query-input":{"@type":"PropertyValueSpecification","valueRequired":true,"valueName":"search_term_string"}}],"inLanguage":"sv-SE"},{"@type":"Organization","@id":"https:\/\/lightweb.dev\/l\/svm-temp\/#organization","name":"Melkerson y Nott SL","alternateName":"Svenska Magasinet","url":"https:\/\/lightweb.dev\/l\/svm-temp\/","logo":{"@type":"ImageObject","inLanguage":"sv-SE","@id":"https:\/\/lightweb.dev\/l\/svm-temp\/#\/schema\/logo\/image\/","url":"https:\/\/lightweb.dev\/l\/svm-temp\/wp-content\/uploads\/2025\/02\/SvM-logo-Xtra-Centrerad-SVART.png","contentUrl":"https:\/\/lightweb.dev\/l\/svm-temp\/wp-content\/uploads\/2025\/02\/SvM-logo-Xtra-Centrerad-SVART.png","width":300,"height":99,"caption":"Melkerson y Nott SL"},"image":{"@id":"https:\/\/lightweb.dev\/l\/svm-temp\/#\/schema\/logo\/image\/"},"sameAs":["https:\/\/www.facebook.com\/svenskamagasinet","https:\/\/x.com\/SvenskaMagasine"]},{"@type":"Person","@id":"https:\/\/lightweb.dev\/l\/svm-temp\/#\/schema\/person\/206a3bda5b607b0c25e1749191e4d837","name":"Redaktionen SvM","description":"Redaktionen","sameAs":["https:\/\/lightweb.dev\/l\/svm-temp"],"url":"https:\/\/lightweb.dev\/l\/svm-temp\/reporter\/redaktionen\/"}]}},"_links":{"self":[{"href":"https:\/\/lightweb.dev\/l\/svm-temp\/wp-json\/wp\/v2\/posts\/5199","targetHints":{"allow":["GET"]}}],"collection":[{"href":"https:\/\/lightweb.dev\/l\/svm-temp\/wp-json\/wp\/v2\/posts"}],"about":[{"href":"https:\/\/lightweb.dev\/l\/svm-temp\/wp-json\/wp\/v2\/types\/post"}],"author":[{"embeddable":true,"href":"https:\/\/lightweb.dev\/l\/svm-temp\/wp-json\/wp\/v2\/users\/8"}],"replies":[{"embeddable":true,"href":"https:\/\/lightweb.dev\/l\/svm-temp\/wp-json\/wp\/v2\/comments?post=5199"}],"version-history":[{"count":0,"href":"https:\/\/lightweb.dev\/l\/svm-temp\/wp-json\/wp\/v2\/posts\/5199\/revisions"}],"wp:featuredmedia":[{"embeddable":true,"href":"https:\/\/lightweb.dev\/l\/svm-temp\/wp-json\/wp\/v2\/media\/5200"}],"wp:attachment":[{"href":"https:\/\/lightweb.dev\/l\/svm-temp\/wp-json\/wp\/v2\/media?parent=5199"}],"wp:term":[{"taxonomy":"category","embeddable":true,"href":"https:\/\/lightweb.dev\/l\/svm-temp\/wp-json\/wp\/v2\/categories?post=5199"},{"taxonomy":"post_tag","embeddable":true,"href":"https:\/\/lightweb.dev\/l\/svm-temp\/wp-json\/wp\/v2\/tags?post=5199"}],"curies":[{"name":"wp","href":"https:\/\/api.w.org\/{rel}","templated":true}]}}