{"id":5208,"date":"2015-02-12T00:00:00","date_gmt":"2015-02-11T23:00:00","guid":{"rendered":"https:\/\/lightweb.dev\/l\/svm-temp\/hall-forkylningar-borta\/"},"modified":"2015-02-12T00:00:00","modified_gmt":"2015-02-11T23:00:00","slug":"hall-forkylningar-borta","status":"publish","type":"post","link":"https:\/\/lightweb.dev\/l\/svm-temp\/artiklar\/hall-forkylningar-borta\/","title":{"rendered":"H\u00e5ll f\u00f6rkylningar borta"},"content":{"rendered":"<p> S\u00e4songen f\u00f6r f\u00f6rkylningar verkar ha anl\u00e4nt till Malaga-omr\u00e5det. De l\u00e5ga<br \/>\ntemperaturerna under den senaste tiden, j\u00e4mf\u00f6rt med de ovanligt h\u00f6ga<br \/>\ndagstemperaturer vi hade i december, p\u00e5verkar h\u00e4lsan hos oss alla h\u00e4r p\u00e5<br \/>\nSolkusten.  Doktor Mar\u00eda Toro Garc\u00eda arbetar f\u00f6rutom p\u00e5 sjukhuset Vithas Xanit Internacional i Benalmadena och Xanit Fuengirola, \u00e4ven som familjel\u00e4kare p\u00e5 Kungsh\u00e4lsan i Huskvarna. Hon s\u00e4ger att luftv\u00e4garna har sv\u00e5rt att anpassa sig till stora temperaturv\u00e4xlingar.<\/p>\n<p>Att f\u00f6rs\u00f6ka undvika dessa stora temperatur skillnader \u00e4r mycket viktigt f\u00f6r v\u00e5r h\u00e4lsa. Anpassa er kl\u00e4dsel till att skydda er mot kyla p\u00e5 mornar och kv\u00e4llar, r\u00f6k inte, \u00e4t h\u00e4lsosamt och en varierad kost samt utf\u00f6r n\u00e5gon form av fysisk tr\u00e4ning, allt detta kan hj\u00e4lpa till att h\u00e5lla f\u00f6rkylningar borta.<\/p>\n<p>Det \u00e4r viktigt att man \u00e4r uppm\u00e4rksam p\u00e5 de larmsignaler som kan betyda att en f\u00f6rkylning \u00e4r p\u00e5 v\u00e4g \u00e5t fel h\u00e5ll. Mar\u00eda f\u00f6rklarar att om man har h\u00f6g feber i mer \u00e4n tre dagar, andningssv\u00e5righeter och rent allm\u00e4nt k\u00e4nner sig s\u00e4mre, s\u00f6k d\u00e5 l\u00e4karhj\u00e4lp f\u00f6r en bed\u00f6mning av sjukdomstillst\u00e5ndet och eventuella komplikationer.<\/p>\n<p>Vithas Salud har i Spanien 12 sjukhus och 13 specialist center, d\u00e4ribland sjukhuset Xanit i Benalmadena d\u00e4r man disponerar 13.000 m2 med bl a 106 individuella rum och en personalstyrka p\u00e5 680 personer. L\u00e4s mer p\u00e5 hemsidan xanit.es eller kontakta den skandinaviska representanten Marita Ekman p\u00e5 tel 696 981 372.<\/p>\n","protected":false},"excerpt":{"rendered":"<p>S\u00e4songen f\u00f6r f\u00f6rkylningar verkar ha anl\u00e4nt till Malaga-omr\u00e5det. De l\u00e5ga temperaturerna under den senaste tiden, j\u00e4mf\u00f6rt med de ovanligt h\u00f6ga dagstemperaturer vi hade i december, p\u00e5verkar h\u00e4lsan hos oss alla h\u00e4r p\u00e5 Solkusten. Doktor Mar\u00eda Toro Garc\u00eda arbetar f\u00f6rutom p\u00e5 sjukhuset Vithas Xanit Internacional i Benalmadena och Xanit Fuengirola, \u00e4ven som familjel\u00e4kare p\u00e5 Kungsh\u00e4lsan i [&hellip;]<\/p>\n","protected":false},"author":8,"featured_media":0,"comment_status":"open","ping_status":"open","sticky":false,"template":"","format":"standard","meta":{"_et_pb_use_builder":"","_et_pb_old_content":"","_et_gb_content_width":"","footnotes":""},"categories":[396,4],"tags":[],"class_list":["post-5208","post","type-post","status-publish","format-standard","hentry","category-arkiv-artiklar","category-artiklar"],"yoast_head":"<!-- This site is optimized with the Yoast SEO Premium plugin v26.2 (Yoast SEO v27.4) - https:\/\/yoast.com\/product\/yoast-seo-premium-wordpress\/ -->\n<title>H\u00e5ll f\u00f6rkylningar borta - Svenska Magasinet<\/title>\n<meta name=\"robots\" content=\"noindex, follow, max-snippet:-1, max-image-preview:large, max-video-preview:-1\" \/>\n<meta property=\"og:locale\" content=\"sv_SE\" \/>\n<meta property=\"og:type\" content=\"article\" \/>\n<meta property=\"og:title\" content=\"H\u00e5ll f\u00f6rkylningar borta\" \/>\n<meta property=\"og:description\" content=\"S\u00e4songen f\u00f6r f\u00f6rkylningar verkar ha anl\u00e4nt till Malaga-omr\u00e5det. De l\u00e5ga temperaturerna under den senaste tiden, j\u00e4mf\u00f6rt med de ovanligt h\u00f6ga dagstemperaturer vi hade i december, p\u00e5verkar h\u00e4lsan hos oss alla h\u00e4r p\u00e5 Solkusten. Doktor Mar\u00eda Toro Garc\u00eda arbetar f\u00f6rutom p\u00e5 sjukhuset Vithas Xanit Internacional i Benalmadena och Xanit Fuengirola, \u00e4ven som familjel\u00e4kare p\u00e5 Kungsh\u00e4lsan i [&hellip;]\" \/>\n<meta property=\"og:url\" content=\"https:\/\/lightweb.dev\/l\/svm-temp\/artiklar\/hall-forkylningar-borta\/\" \/>\n<meta property=\"og:site_name\" content=\"Svenska Magasinet\" \/>\n<meta property=\"article:publisher\" content=\"https:\/\/www.facebook.com\/svenskamagasinet\" \/>\n<meta property=\"article:published_time\" content=\"2015-02-11T23:00:00+00:00\" \/>\n<meta name=\"author\" content=\"Redaktionen SvM\" \/>\n<meta name=\"twitter:card\" content=\"summary_large_image\" \/>\n<meta name=\"twitter:creator\" content=\"@SvenskaMagasine\" \/>\n<meta name=\"twitter:site\" content=\"@SvenskaMagasine\" \/>\n<script type=\"application\/ld+json\" class=\"yoast-schema-graph\">{\"@context\":\"https:\\\/\\\/schema.org\",\"@graph\":[{\"@type\":\"Article\",\"@id\":\"https:\\\/\\\/lightweb.dev\\\/l\\\/svm-temp\\\/artiklar\\\/hall-forkylningar-borta\\\/#article\",\"isPartOf\":{\"@id\":\"https:\\\/\\\/lightweb.dev\\\/l\\\/svm-temp\\\/artiklar\\\/hall-forkylningar-borta\\\/\"},\"author\":{\"name\":\"Redaktionen SvM\",\"@id\":\"https:\\\/\\\/lightweb.dev\\\/l\\\/svm-temp\\\/#\\\/schema\\\/person\\\/206a3bda5b607b0c25e1749191e4d837\"},\"headline\":\"H\u00e5ll f\u00f6rkylningar borta\",\"datePublished\":\"2015-02-11T23:00:00+00:00\",\"mainEntityOfPage\":{\"@id\":\"https:\\\/\\\/lightweb.dev\\\/l\\\/svm-temp\\\/artiklar\\\/hall-forkylningar-borta\\\/\"},\"wordCount\":275,\"commentCount\":0,\"publisher\":{\"@id\":\"https:\\\/\\\/lightweb.dev\\\/l\\\/svm-temp\\\/#organization\"},\"articleSection\":[\"Arkiv\",\"Artiklar\"],\"inLanguage\":\"sv-SE\"},{\"@type\":\"WebPage\",\"@id\":\"https:\\\/\\\/lightweb.dev\\\/l\\\/svm-temp\\\/artiklar\\\/hall-forkylningar-borta\\\/\",\"url\":\"https:\\\/\\\/lightweb.dev\\\/l\\\/svm-temp\\\/artiklar\\\/hall-forkylningar-borta\\\/\",\"name\":\"H\u00e5ll f\u00f6rkylningar borta - Svenska Magasinet\",\"isPartOf\":{\"@id\":\"https:\\\/\\\/lightweb.dev\\\/l\\\/svm-temp\\\/#website\"},\"datePublished\":\"2015-02-11T23:00:00+00:00\",\"breadcrumb\":{\"@id\":\"https:\\\/\\\/lightweb.dev\\\/l\\\/svm-temp\\\/artiklar\\\/hall-forkylningar-borta\\\/#breadcrumb\"},\"inLanguage\":\"sv-SE\",\"potentialAction\":[{\"@type\":\"ReadAction\",\"target\":[\"https:\\\/\\\/lightweb.dev\\\/l\\\/svm-temp\\\/artiklar\\\/hall-forkylningar-borta\\\/\"]}]},{\"@type\":\"BreadcrumbList\",\"@id\":\"https:\\\/\\\/lightweb.dev\\\/l\\\/svm-temp\\\/artiklar\\\/hall-forkylningar-borta\\\/#breadcrumb\",\"itemListElement\":[{\"@type\":\"ListItem\",\"position\":1,\"name\":\"Hem\",\"item\":\"https:\\\/\\\/lightweb.dev\\\/l\\\/svm-temp\\\/\"},{\"@type\":\"ListItem\",\"position\":2,\"name\":\"H\u00e5ll f\u00f6rkylningar borta\"}]},{\"@type\":\"WebSite\",\"@id\":\"https:\\\/\\\/lightweb.dev\\\/l\\\/svm-temp\\\/#website\",\"url\":\"https:\\\/\\\/lightweb.dev\\\/l\\\/svm-temp\\\/\",\"name\":\"Svenska Magasinet\",\"description\":\"Dina Spanska nyheter p&aring; Svenska\",\"publisher\":{\"@id\":\"https:\\\/\\\/lightweb.dev\\\/l\\\/svm-temp\\\/#organization\"},\"potentialAction\":[{\"@type\":\"SearchAction\",\"target\":{\"@type\":\"EntryPoint\",\"urlTemplate\":\"https:\\\/\\\/lightweb.dev\\\/l\\\/svm-temp\\\/?s={search_term_string}\"},\"query-input\":{\"@type\":\"PropertyValueSpecification\",\"valueRequired\":true,\"valueName\":\"search_term_string\"}}],\"inLanguage\":\"sv-SE\"},{\"@type\":\"Organization\",\"@id\":\"https:\\\/\\\/lightweb.dev\\\/l\\\/svm-temp\\\/#organization\",\"name\":\"Melkerson y Nott SL\",\"alternateName\":\"Svenska Magasinet\",\"url\":\"https:\\\/\\\/lightweb.dev\\\/l\\\/svm-temp\\\/\",\"logo\":{\"@type\":\"ImageObject\",\"inLanguage\":\"sv-SE\",\"@id\":\"https:\\\/\\\/lightweb.dev\\\/l\\\/svm-temp\\\/#\\\/schema\\\/logo\\\/image\\\/\",\"url\":\"https:\\\/\\\/lightweb.dev\\\/l\\\/svm-temp\\\/wp-content\\\/uploads\\\/2025\\\/02\\\/SvM-logo-Xtra-Centrerad-SVART.png\",\"contentUrl\":\"https:\\\/\\\/lightweb.dev\\\/l\\\/svm-temp\\\/wp-content\\\/uploads\\\/2025\\\/02\\\/SvM-logo-Xtra-Centrerad-SVART.png\",\"width\":300,\"height\":99,\"caption\":\"Melkerson y Nott SL\"},\"image\":{\"@id\":\"https:\\\/\\\/lightweb.dev\\\/l\\\/svm-temp\\\/#\\\/schema\\\/logo\\\/image\\\/\"},\"sameAs\":[\"https:\\\/\\\/www.facebook.com\\\/svenskamagasinet\",\"https:\\\/\\\/x.com\\\/SvenskaMagasine\"]},{\"@type\":\"Person\",\"@id\":\"https:\\\/\\\/lightweb.dev\\\/l\\\/svm-temp\\\/#\\\/schema\\\/person\\\/206a3bda5b607b0c25e1749191e4d837\",\"name\":\"Redaktionen SvM\",\"description\":\"Redaktionen\",\"sameAs\":[\"https:\\\/\\\/lightweb.dev\\\/l\\\/svm-temp\"],\"url\":\"https:\\\/\\\/lightweb.dev\\\/l\\\/svm-temp\\\/reporter\\\/redaktionen\\\/\"}]}<\/script>\n<!-- \/ Yoast SEO Premium plugin. -->","yoast_head_json":{"title":"H\u00e5ll f\u00f6rkylningar borta - Svenska Magasinet","robots":{"index":"noindex","follow":"follow","max-snippet":"max-snippet:-1","max-image-preview":"max-image-preview:large","max-video-preview":"max-video-preview:-1"},"og_locale":"sv_SE","og_type":"article","og_title":"H\u00e5ll f\u00f6rkylningar borta","og_description":"S\u00e4songen f\u00f6r f\u00f6rkylningar verkar ha anl\u00e4nt till Malaga-omr\u00e5det. De l\u00e5ga temperaturerna under den senaste tiden, j\u00e4mf\u00f6rt med de ovanligt h\u00f6ga dagstemperaturer vi hade i december, p\u00e5verkar h\u00e4lsan hos oss alla h\u00e4r p\u00e5 Solkusten. Doktor Mar\u00eda Toro Garc\u00eda arbetar f\u00f6rutom p\u00e5 sjukhuset Vithas Xanit Internacional i Benalmadena och Xanit Fuengirola, \u00e4ven som familjel\u00e4kare p\u00e5 Kungsh\u00e4lsan i [&hellip;]","og_url":"https:\/\/lightweb.dev\/l\/svm-temp\/artiklar\/hall-forkylningar-borta\/","og_site_name":"Svenska Magasinet","article_publisher":"https:\/\/www.facebook.com\/svenskamagasinet","article_published_time":"2015-02-11T23:00:00+00:00","author":"Redaktionen SvM","twitter_card":"summary_large_image","twitter_creator":"@SvenskaMagasine","twitter_site":"@SvenskaMagasine","schema":{"@context":"https:\/\/schema.org","@graph":[{"@type":"Article","@id":"https:\/\/lightweb.dev\/l\/svm-temp\/artiklar\/hall-forkylningar-borta\/#article","isPartOf":{"@id":"https:\/\/lightweb.dev\/l\/svm-temp\/artiklar\/hall-forkylningar-borta\/"},"author":{"name":"Redaktionen SvM","@id":"https:\/\/lightweb.dev\/l\/svm-temp\/#\/schema\/person\/206a3bda5b607b0c25e1749191e4d837"},"headline":"H\u00e5ll f\u00f6rkylningar borta","datePublished":"2015-02-11T23:00:00+00:00","mainEntityOfPage":{"@id":"https:\/\/lightweb.dev\/l\/svm-temp\/artiklar\/hall-forkylningar-borta\/"},"wordCount":275,"commentCount":0,"publisher":{"@id":"https:\/\/lightweb.dev\/l\/svm-temp\/#organization"},"articleSection":["Arkiv","Artiklar"],"inLanguage":"sv-SE"},{"@type":"WebPage","@id":"https:\/\/lightweb.dev\/l\/svm-temp\/artiklar\/hall-forkylningar-borta\/","url":"https:\/\/lightweb.dev\/l\/svm-temp\/artiklar\/hall-forkylningar-borta\/","name":"H\u00e5ll f\u00f6rkylningar borta - Svenska Magasinet","isPartOf":{"@id":"https:\/\/lightweb.dev\/l\/svm-temp\/#website"},"datePublished":"2015-02-11T23:00:00+00:00","breadcrumb":{"@id":"https:\/\/lightweb.dev\/l\/svm-temp\/artiklar\/hall-forkylningar-borta\/#breadcrumb"},"inLanguage":"sv-SE","potentialAction":[{"@type":"ReadAction","target":["https:\/\/lightweb.dev\/l\/svm-temp\/artiklar\/hall-forkylningar-borta\/"]}]},{"@type":"BreadcrumbList","@id":"https:\/\/lightweb.dev\/l\/svm-temp\/artiklar\/hall-forkylningar-borta\/#breadcrumb","itemListElement":[{"@type":"ListItem","position":1,"name":"Hem","item":"https:\/\/lightweb.dev\/l\/svm-temp\/"},{"@type":"ListItem","position":2,"name":"H\u00e5ll f\u00f6rkylningar borta"}]},{"@type":"WebSite","@id":"https:\/\/lightweb.dev\/l\/svm-temp\/#website","url":"https:\/\/lightweb.dev\/l\/svm-temp\/","name":"Svenska Magasinet","description":"Dina Spanska nyheter p&aring; Svenska","publisher":{"@id":"https:\/\/lightweb.dev\/l\/svm-temp\/#organization"},"potentialAction":[{"@type":"SearchAction","target":{"@type":"EntryPoint","urlTemplate":"https:\/\/lightweb.dev\/l\/svm-temp\/?s={search_term_string}"},"query-input":{"@type":"PropertyValueSpecification","valueRequired":true,"valueName":"search_term_string"}}],"inLanguage":"sv-SE"},{"@type":"Organization","@id":"https:\/\/lightweb.dev\/l\/svm-temp\/#organization","name":"Melkerson y Nott SL","alternateName":"Svenska Magasinet","url":"https:\/\/lightweb.dev\/l\/svm-temp\/","logo":{"@type":"ImageObject","inLanguage":"sv-SE","@id":"https:\/\/lightweb.dev\/l\/svm-temp\/#\/schema\/logo\/image\/","url":"https:\/\/lightweb.dev\/l\/svm-temp\/wp-content\/uploads\/2025\/02\/SvM-logo-Xtra-Centrerad-SVART.png","contentUrl":"https:\/\/lightweb.dev\/l\/svm-temp\/wp-content\/uploads\/2025\/02\/SvM-logo-Xtra-Centrerad-SVART.png","width":300,"height":99,"caption":"Melkerson y Nott SL"},"image":{"@id":"https:\/\/lightweb.dev\/l\/svm-temp\/#\/schema\/logo\/image\/"},"sameAs":["https:\/\/www.facebook.com\/svenskamagasinet","https:\/\/x.com\/SvenskaMagasine"]},{"@type":"Person","@id":"https:\/\/lightweb.dev\/l\/svm-temp\/#\/schema\/person\/206a3bda5b607b0c25e1749191e4d837","name":"Redaktionen SvM","description":"Redaktionen","sameAs":["https:\/\/lightweb.dev\/l\/svm-temp"],"url":"https:\/\/lightweb.dev\/l\/svm-temp\/reporter\/redaktionen\/"}]}},"_links":{"self":[{"href":"https:\/\/lightweb.dev\/l\/svm-temp\/wp-json\/wp\/v2\/posts\/5208","targetHints":{"allow":["GET"]}}],"collection":[{"href":"https:\/\/lightweb.dev\/l\/svm-temp\/wp-json\/wp\/v2\/posts"}],"about":[{"href":"https:\/\/lightweb.dev\/l\/svm-temp\/wp-json\/wp\/v2\/types\/post"}],"author":[{"embeddable":true,"href":"https:\/\/lightweb.dev\/l\/svm-temp\/wp-json\/wp\/v2\/users\/8"}],"replies":[{"embeddable":true,"href":"https:\/\/lightweb.dev\/l\/svm-temp\/wp-json\/wp\/v2\/comments?post=5208"}],"version-history":[{"count":0,"href":"https:\/\/lightweb.dev\/l\/svm-temp\/wp-json\/wp\/v2\/posts\/5208\/revisions"}],"wp:attachment":[{"href":"https:\/\/lightweb.dev\/l\/svm-temp\/wp-json\/wp\/v2\/media?parent=5208"}],"wp:term":[{"taxonomy":"category","embeddable":true,"href":"https:\/\/lightweb.dev\/l\/svm-temp\/wp-json\/wp\/v2\/categories?post=5208"},{"taxonomy":"post_tag","embeddable":true,"href":"https:\/\/lightweb.dev\/l\/svm-temp\/wp-json\/wp\/v2\/tags?post=5208"}],"curies":[{"name":"wp","href":"https:\/\/api.w.org\/{rel}","templated":true}]}}