{"id":5215,"date":"2015-02-12T00:00:00","date_gmt":"2015-02-11T23:00:00","guid":{"rendered":"https:\/\/lightweb.dev\/l\/svm-temp\/fargsprakande-varkollektioner-hos-fia-i-backen\/"},"modified":"2015-02-12T00:00:00","modified_gmt":"2015-02-11T23:00:00","slug":"fargsprakande-varkollektioner-hos-fia-i-backen","status":"publish","type":"post","link":"https:\/\/lightweb.dev\/l\/svm-temp\/artiklar\/fargsprakande-varkollektioner-hos-fia-i-backen\/","title":{"rendered":"F\u00e4rgsprakande v\u00e5rkollektioner hos Fia i backen"},"content":{"rendered":"<p> Nu i februari och mars \u00e4r de nya kollektionerna p\u00e5 ing\u00e5ng i butiken. Denna v\u00e5r \u00e4r den starkt cerisa f\u00e4rgen tillbaks. Baldino har valt att i vissa plagg ha den som effektf\u00e4rg eller som grundf\u00e4rg men med svarta prickar. \u00c4ven turkos har sin givna plats i v\u00e5r Som alltid \u00e4r v\u00e5ren och sommarens f\u00e4rger kompletterade med plagg i vitt och svart eller blandade i r\u00e4nder och prickar. Fr\u00e5n Designwerket v\u00e4ntar vi in kl\u00e4der i f\u00e4rgerna bl\u00e5tt, r\u00f6tt, oliv och turkost och \u00e4ven flera plagg med h\u00e4rliga tryck.<\/p>\n<p>ADA fashion har ocks\u00e5 med f\u00e4rgen cerise men \u00e4ven flera plagg i creamvitt. Deras vackra kjolar kommer att finnas i b\u00e5de cerise, bl\u00e5tt och gr\u00f6nt som grundf\u00e4rg och med ett blomtryck. I v\u00e5r ut\u00f6kar vi utbudet av just kjolar, n\u00e5got som m\u00e5nga kunder efterfr\u00e5gat. \u00c4ven \u00f6nskem\u00e5let om att kjolarna b\u00f6r g\u00e5 ner till kn\u00e4t har uppfyllts. Fler toppar och t-shirts i 100% bomull, b\u00e5de med lite l\u00e4ngre \u00e4rm och holk\u00e4rm samt n\u00e5gon tuff byxa, var \u00f6nskem\u00e5l som jag hade med mig vid modem\u00e4ssan i h\u00f6stas, d\u00e5 kl\u00e4dink\u00f6pen f\u00f6r v\u00e5ren gjordes.<\/p>\n<p>N\u00e4r det g\u00e4ller kl\u00e4nningar s\u00e5 \u00e4r det som alltid viktigt att kvaliteten \u00e4r bra och att modellerna \u00e4r bekv\u00e4ma att b\u00e4ra under den varma \u00e5rstiden. De flesta kl\u00e4nningarna \u00e4r \u00e4rml\u00f6sa men det kommer \u00e4ven med en trekvartsl\u00e5ng \u00e4rm eller en liten holk\u00e4rm. N\u00e4r det g\u00e4ller Baldinos kl\u00e4der s\u00e5 har de flesta plagg \u00e4ven bekv\u00e4ma fickor.<\/p>\n<p>\u00d6ppettider i butiken \u00e4r 11.00-14.00 samt 17.00-20.00 och p\u00e5 l\u00f6rdagar har vi \u00f6ppet 10.00-14.00. Nytt f\u00f6r i \u00e5r \u00e4r att ni som har sv\u00e5rt att komma p\u00e5 ordinarie \u00f6ppettider, kan boka in en tid som passar er b\u00e4ttre. V\u00e4lkomna till butiken med personlig service och svenskdesignade kl\u00e4der!<\/p>\n<p>Vi finns i La Campana, Nueva Andalucia, h\u00e4lsar Fia Ensg\u00e5rd. Tfn: 952 81 65 12<\/p>\n","protected":false},"excerpt":{"rendered":"<p>Nu i februari och mars \u00e4r de nya kollektionerna p\u00e5 ing\u00e5ng i butiken. Denna v\u00e5r \u00e4r den starkt cerisa f\u00e4rgen tillbaks. Baldino har valt att i vissa plagg ha den som effektf\u00e4rg eller som grundf\u00e4rg men med svarta prickar. \u00c4ven turkos har sin givna plats i v\u00e5r Som alltid \u00e4r v\u00e5ren och sommarens f\u00e4rger kompletterade [&hellip;]<\/p>\n","protected":false},"author":8,"featured_media":5216,"comment_status":"open","ping_status":"open","sticky":false,"template":"","format":"standard","meta":{"_et_pb_use_builder":"","_et_pb_old_content":"","_et_gb_content_width":"","footnotes":""},"categories":[396,4],"tags":[],"class_list":["post-5215","post","type-post","status-publish","format-standard","has-post-thumbnail","hentry","category-arkiv-artiklar","category-artiklar"],"yoast_head":"<!-- This site is optimized with the Yoast SEO Premium plugin v26.2 (Yoast SEO v27.4) - https:\/\/yoast.com\/product\/yoast-seo-premium-wordpress\/ -->\n<title>F\u00e4rgsprakande v\u00e5rkollektioner hos Fia i backen - Svenska Magasinet<\/title>\n<meta name=\"robots\" content=\"noindex, follow, max-snippet:-1, max-image-preview:large, max-video-preview:-1\" \/>\n<meta property=\"og:locale\" content=\"sv_SE\" \/>\n<meta property=\"og:type\" content=\"article\" \/>\n<meta property=\"og:title\" content=\"F\u00e4rgsprakande v\u00e5rkollektioner hos Fia i backen\" \/>\n<meta property=\"og:description\" content=\"Nu i februari och mars \u00e4r de nya kollektionerna p\u00e5 ing\u00e5ng i butiken. Denna v\u00e5r \u00e4r den starkt cerisa f\u00e4rgen tillbaks. Baldino har valt att i vissa plagg ha den som effektf\u00e4rg eller som grundf\u00e4rg men med svarta prickar. \u00c4ven turkos har sin givna plats i v\u00e5r Som alltid \u00e4r v\u00e5ren och sommarens f\u00e4rger kompletterade [&hellip;]\" \/>\n<meta property=\"og:url\" content=\"https:\/\/lightweb.dev\/l\/svm-temp\/artiklar\/fargsprakande-varkollektioner-hos-fia-i-backen\/\" \/>\n<meta property=\"og:site_name\" content=\"Svenska Magasinet\" \/>\n<meta property=\"article:publisher\" content=\"https:\/\/www.facebook.com\/svenskamagasinet\" \/>\n<meta property=\"article:published_time\" content=\"2015-02-11T23:00:00+00:00\" \/>\n<meta property=\"og:image\" content=\"https:\/\/lightweb.dev\/l\/svm-temp\/wp-content\/uploads\/2022\/04\/frgsprakande-vrkollektioner-hos-fia-i-backen.png\" \/>\n\t<meta property=\"og:image:width\" content=\"280\" \/>\n\t<meta property=\"og:image:height\" content=\"210\" \/>\n\t<meta property=\"og:image:type\" content=\"image\/png\" \/>\n<meta name=\"author\" content=\"Redaktionen SvM\" \/>\n<meta name=\"twitter:card\" content=\"summary_large_image\" \/>\n<meta name=\"twitter:creator\" content=\"@SvenskaMagasine\" \/>\n<meta name=\"twitter:site\" content=\"@SvenskaMagasine\" \/>\n<script type=\"application\/ld+json\" class=\"yoast-schema-graph\">{\"@context\":\"https:\\\/\\\/schema.org\",\"@graph\":[{\"@type\":\"Article\",\"@id\":\"https:\\\/\\\/lightweb.dev\\\/l\\\/svm-temp\\\/artiklar\\\/fargsprakande-varkollektioner-hos-fia-i-backen\\\/#article\",\"isPartOf\":{\"@id\":\"https:\\\/\\\/lightweb.dev\\\/l\\\/svm-temp\\\/artiklar\\\/fargsprakande-varkollektioner-hos-fia-i-backen\\\/\"},\"author\":{\"name\":\"Redaktionen SvM\",\"@id\":\"https:\\\/\\\/lightweb.dev\\\/l\\\/svm-temp\\\/#\\\/schema\\\/person\\\/206a3bda5b607b0c25e1749191e4d837\"},\"headline\":\"F\u00e4rgsprakande v\u00e5rkollektioner hos Fia i backen\",\"datePublished\":\"2015-02-11T23:00:00+00:00\",\"mainEntityOfPage\":{\"@id\":\"https:\\\/\\\/lightweb.dev\\\/l\\\/svm-temp\\\/artiklar\\\/fargsprakande-varkollektioner-hos-fia-i-backen\\\/\"},\"wordCount\":358,\"commentCount\":0,\"publisher\":{\"@id\":\"https:\\\/\\\/lightweb.dev\\\/l\\\/svm-temp\\\/#organization\"},\"image\":{\"@id\":\"https:\\\/\\\/lightweb.dev\\\/l\\\/svm-temp\\\/artiklar\\\/fargsprakande-varkollektioner-hos-fia-i-backen\\\/#primaryimage\"},\"thumbnailUrl\":\"https:\\\/\\\/lightweb.dev\\\/l\\\/svm-temp\\\/wp-content\\\/uploads\\\/2022\\\/04\\\/frgsprakande-vrkollektioner-hos-fia-i-backen.png\",\"articleSection\":[\"Arkiv\",\"Artiklar\"],\"inLanguage\":\"sv-SE\"},{\"@type\":\"WebPage\",\"@id\":\"https:\\\/\\\/lightweb.dev\\\/l\\\/svm-temp\\\/artiklar\\\/fargsprakande-varkollektioner-hos-fia-i-backen\\\/\",\"url\":\"https:\\\/\\\/lightweb.dev\\\/l\\\/svm-temp\\\/artiklar\\\/fargsprakande-varkollektioner-hos-fia-i-backen\\\/\",\"name\":\"F\u00e4rgsprakande v\u00e5rkollektioner hos Fia i backen - Svenska Magasinet\",\"isPartOf\":{\"@id\":\"https:\\\/\\\/lightweb.dev\\\/l\\\/svm-temp\\\/#website\"},\"primaryImageOfPage\":{\"@id\":\"https:\\\/\\\/lightweb.dev\\\/l\\\/svm-temp\\\/artiklar\\\/fargsprakande-varkollektioner-hos-fia-i-backen\\\/#primaryimage\"},\"image\":{\"@id\":\"https:\\\/\\\/lightweb.dev\\\/l\\\/svm-temp\\\/artiklar\\\/fargsprakande-varkollektioner-hos-fia-i-backen\\\/#primaryimage\"},\"thumbnailUrl\":\"https:\\\/\\\/lightweb.dev\\\/l\\\/svm-temp\\\/wp-content\\\/uploads\\\/2022\\\/04\\\/frgsprakande-vrkollektioner-hos-fia-i-backen.png\",\"datePublished\":\"2015-02-11T23:00:00+00:00\",\"breadcrumb\":{\"@id\":\"https:\\\/\\\/lightweb.dev\\\/l\\\/svm-temp\\\/artiklar\\\/fargsprakande-varkollektioner-hos-fia-i-backen\\\/#breadcrumb\"},\"inLanguage\":\"sv-SE\",\"potentialAction\":[{\"@type\":\"ReadAction\",\"target\":[\"https:\\\/\\\/lightweb.dev\\\/l\\\/svm-temp\\\/artiklar\\\/fargsprakande-varkollektioner-hos-fia-i-backen\\\/\"]}]},{\"@type\":\"ImageObject\",\"inLanguage\":\"sv-SE\",\"@id\":\"https:\\\/\\\/lightweb.dev\\\/l\\\/svm-temp\\\/artiklar\\\/fargsprakande-varkollektioner-hos-fia-i-backen\\\/#primaryimage\",\"url\":\"https:\\\/\\\/lightweb.dev\\\/l\\\/svm-temp\\\/wp-content\\\/uploads\\\/2022\\\/04\\\/frgsprakande-vrkollektioner-hos-fia-i-backen.png\",\"contentUrl\":\"https:\\\/\\\/lightweb.dev\\\/l\\\/svm-temp\\\/wp-content\\\/uploads\\\/2022\\\/04\\\/frgsprakande-vrkollektioner-hos-fia-i-backen.png\",\"width\":280,\"height\":210},{\"@type\":\"BreadcrumbList\",\"@id\":\"https:\\\/\\\/lightweb.dev\\\/l\\\/svm-temp\\\/artiklar\\\/fargsprakande-varkollektioner-hos-fia-i-backen\\\/#breadcrumb\",\"itemListElement\":[{\"@type\":\"ListItem\",\"position\":1,\"name\":\"Hem\",\"item\":\"https:\\\/\\\/lightweb.dev\\\/l\\\/svm-temp\\\/\"},{\"@type\":\"ListItem\",\"position\":2,\"name\":\"F\u00e4rgsprakande v\u00e5rkollektioner hos Fia i backen\"}]},{\"@type\":\"WebSite\",\"@id\":\"https:\\\/\\\/lightweb.dev\\\/l\\\/svm-temp\\\/#website\",\"url\":\"https:\\\/\\\/lightweb.dev\\\/l\\\/svm-temp\\\/\",\"name\":\"Svenska Magasinet\",\"description\":\"Dina Spanska nyheter p&aring; Svenska\",\"publisher\":{\"@id\":\"https:\\\/\\\/lightweb.dev\\\/l\\\/svm-temp\\\/#organization\"},\"potentialAction\":[{\"@type\":\"SearchAction\",\"target\":{\"@type\":\"EntryPoint\",\"urlTemplate\":\"https:\\\/\\\/lightweb.dev\\\/l\\\/svm-temp\\\/?s={search_term_string}\"},\"query-input\":{\"@type\":\"PropertyValueSpecification\",\"valueRequired\":true,\"valueName\":\"search_term_string\"}}],\"inLanguage\":\"sv-SE\"},{\"@type\":\"Organization\",\"@id\":\"https:\\\/\\\/lightweb.dev\\\/l\\\/svm-temp\\\/#organization\",\"name\":\"Melkerson y Nott SL\",\"alternateName\":\"Svenska Magasinet\",\"url\":\"https:\\\/\\\/lightweb.dev\\\/l\\\/svm-temp\\\/\",\"logo\":{\"@type\":\"ImageObject\",\"inLanguage\":\"sv-SE\",\"@id\":\"https:\\\/\\\/lightweb.dev\\\/l\\\/svm-temp\\\/#\\\/schema\\\/logo\\\/image\\\/\",\"url\":\"https:\\\/\\\/lightweb.dev\\\/l\\\/svm-temp\\\/wp-content\\\/uploads\\\/2025\\\/02\\\/SvM-logo-Xtra-Centrerad-SVART.png\",\"contentUrl\":\"https:\\\/\\\/lightweb.dev\\\/l\\\/svm-temp\\\/wp-content\\\/uploads\\\/2025\\\/02\\\/SvM-logo-Xtra-Centrerad-SVART.png\",\"width\":300,\"height\":99,\"caption\":\"Melkerson y Nott SL\"},\"image\":{\"@id\":\"https:\\\/\\\/lightweb.dev\\\/l\\\/svm-temp\\\/#\\\/schema\\\/logo\\\/image\\\/\"},\"sameAs\":[\"https:\\\/\\\/www.facebook.com\\\/svenskamagasinet\",\"https:\\\/\\\/x.com\\\/SvenskaMagasine\"]},{\"@type\":\"Person\",\"@id\":\"https:\\\/\\\/lightweb.dev\\\/l\\\/svm-temp\\\/#\\\/schema\\\/person\\\/206a3bda5b607b0c25e1749191e4d837\",\"name\":\"Redaktionen SvM\",\"description\":\"Redaktionen\",\"sameAs\":[\"https:\\\/\\\/lightweb.dev\\\/l\\\/svm-temp\"],\"url\":\"https:\\\/\\\/lightweb.dev\\\/l\\\/svm-temp\\\/reporter\\\/redaktionen\\\/\"}]}<\/script>\n<!-- \/ Yoast SEO Premium plugin. -->","yoast_head_json":{"title":"F\u00e4rgsprakande v\u00e5rkollektioner hos Fia i backen - Svenska Magasinet","robots":{"index":"noindex","follow":"follow","max-snippet":"max-snippet:-1","max-image-preview":"max-image-preview:large","max-video-preview":"max-video-preview:-1"},"og_locale":"sv_SE","og_type":"article","og_title":"F\u00e4rgsprakande v\u00e5rkollektioner hos Fia i backen","og_description":"Nu i februari och mars \u00e4r de nya kollektionerna p\u00e5 ing\u00e5ng i butiken. Denna v\u00e5r \u00e4r den starkt cerisa f\u00e4rgen tillbaks. Baldino har valt att i vissa plagg ha den som effektf\u00e4rg eller som grundf\u00e4rg men med svarta prickar. \u00c4ven turkos har sin givna plats i v\u00e5r Som alltid \u00e4r v\u00e5ren och sommarens f\u00e4rger kompletterade [&hellip;]","og_url":"https:\/\/lightweb.dev\/l\/svm-temp\/artiklar\/fargsprakande-varkollektioner-hos-fia-i-backen\/","og_site_name":"Svenska Magasinet","article_publisher":"https:\/\/www.facebook.com\/svenskamagasinet","article_published_time":"2015-02-11T23:00:00+00:00","og_image":[{"width":280,"height":210,"url":"https:\/\/lightweb.dev\/l\/svm-temp\/wp-content\/uploads\/2022\/04\/frgsprakande-vrkollektioner-hos-fia-i-backen.png","type":"image\/png"}],"author":"Redaktionen SvM","twitter_card":"summary_large_image","twitter_creator":"@SvenskaMagasine","twitter_site":"@SvenskaMagasine","schema":{"@context":"https:\/\/schema.org","@graph":[{"@type":"Article","@id":"https:\/\/lightweb.dev\/l\/svm-temp\/artiklar\/fargsprakande-varkollektioner-hos-fia-i-backen\/#article","isPartOf":{"@id":"https:\/\/lightweb.dev\/l\/svm-temp\/artiklar\/fargsprakande-varkollektioner-hos-fia-i-backen\/"},"author":{"name":"Redaktionen SvM","@id":"https:\/\/lightweb.dev\/l\/svm-temp\/#\/schema\/person\/206a3bda5b607b0c25e1749191e4d837"},"headline":"F\u00e4rgsprakande v\u00e5rkollektioner hos Fia i backen","datePublished":"2015-02-11T23:00:00+00:00","mainEntityOfPage":{"@id":"https:\/\/lightweb.dev\/l\/svm-temp\/artiklar\/fargsprakande-varkollektioner-hos-fia-i-backen\/"},"wordCount":358,"commentCount":0,"publisher":{"@id":"https:\/\/lightweb.dev\/l\/svm-temp\/#organization"},"image":{"@id":"https:\/\/lightweb.dev\/l\/svm-temp\/artiklar\/fargsprakande-varkollektioner-hos-fia-i-backen\/#primaryimage"},"thumbnailUrl":"https:\/\/lightweb.dev\/l\/svm-temp\/wp-content\/uploads\/2022\/04\/frgsprakande-vrkollektioner-hos-fia-i-backen.png","articleSection":["Arkiv","Artiklar"],"inLanguage":"sv-SE"},{"@type":"WebPage","@id":"https:\/\/lightweb.dev\/l\/svm-temp\/artiklar\/fargsprakande-varkollektioner-hos-fia-i-backen\/","url":"https:\/\/lightweb.dev\/l\/svm-temp\/artiklar\/fargsprakande-varkollektioner-hos-fia-i-backen\/","name":"F\u00e4rgsprakande v\u00e5rkollektioner hos Fia i backen - Svenska Magasinet","isPartOf":{"@id":"https:\/\/lightweb.dev\/l\/svm-temp\/#website"},"primaryImageOfPage":{"@id":"https:\/\/lightweb.dev\/l\/svm-temp\/artiklar\/fargsprakande-varkollektioner-hos-fia-i-backen\/#primaryimage"},"image":{"@id":"https:\/\/lightweb.dev\/l\/svm-temp\/artiklar\/fargsprakande-varkollektioner-hos-fia-i-backen\/#primaryimage"},"thumbnailUrl":"https:\/\/lightweb.dev\/l\/svm-temp\/wp-content\/uploads\/2022\/04\/frgsprakande-vrkollektioner-hos-fia-i-backen.png","datePublished":"2015-02-11T23:00:00+00:00","breadcrumb":{"@id":"https:\/\/lightweb.dev\/l\/svm-temp\/artiklar\/fargsprakande-varkollektioner-hos-fia-i-backen\/#breadcrumb"},"inLanguage":"sv-SE","potentialAction":[{"@type":"ReadAction","target":["https:\/\/lightweb.dev\/l\/svm-temp\/artiklar\/fargsprakande-varkollektioner-hos-fia-i-backen\/"]}]},{"@type":"ImageObject","inLanguage":"sv-SE","@id":"https:\/\/lightweb.dev\/l\/svm-temp\/artiklar\/fargsprakande-varkollektioner-hos-fia-i-backen\/#primaryimage","url":"https:\/\/lightweb.dev\/l\/svm-temp\/wp-content\/uploads\/2022\/04\/frgsprakande-vrkollektioner-hos-fia-i-backen.png","contentUrl":"https:\/\/lightweb.dev\/l\/svm-temp\/wp-content\/uploads\/2022\/04\/frgsprakande-vrkollektioner-hos-fia-i-backen.png","width":280,"height":210},{"@type":"BreadcrumbList","@id":"https:\/\/lightweb.dev\/l\/svm-temp\/artiklar\/fargsprakande-varkollektioner-hos-fia-i-backen\/#breadcrumb","itemListElement":[{"@type":"ListItem","position":1,"name":"Hem","item":"https:\/\/lightweb.dev\/l\/svm-temp\/"},{"@type":"ListItem","position":2,"name":"F\u00e4rgsprakande v\u00e5rkollektioner hos Fia i backen"}]},{"@type":"WebSite","@id":"https:\/\/lightweb.dev\/l\/svm-temp\/#website","url":"https:\/\/lightweb.dev\/l\/svm-temp\/","name":"Svenska Magasinet","description":"Dina Spanska nyheter p&aring; Svenska","publisher":{"@id":"https:\/\/lightweb.dev\/l\/svm-temp\/#organization"},"potentialAction":[{"@type":"SearchAction","target":{"@type":"EntryPoint","urlTemplate":"https:\/\/lightweb.dev\/l\/svm-temp\/?s={search_term_string}"},"query-input":{"@type":"PropertyValueSpecification","valueRequired":true,"valueName":"search_term_string"}}],"inLanguage":"sv-SE"},{"@type":"Organization","@id":"https:\/\/lightweb.dev\/l\/svm-temp\/#organization","name":"Melkerson y Nott SL","alternateName":"Svenska Magasinet","url":"https:\/\/lightweb.dev\/l\/svm-temp\/","logo":{"@type":"ImageObject","inLanguage":"sv-SE","@id":"https:\/\/lightweb.dev\/l\/svm-temp\/#\/schema\/logo\/image\/","url":"https:\/\/lightweb.dev\/l\/svm-temp\/wp-content\/uploads\/2025\/02\/SvM-logo-Xtra-Centrerad-SVART.png","contentUrl":"https:\/\/lightweb.dev\/l\/svm-temp\/wp-content\/uploads\/2025\/02\/SvM-logo-Xtra-Centrerad-SVART.png","width":300,"height":99,"caption":"Melkerson y Nott SL"},"image":{"@id":"https:\/\/lightweb.dev\/l\/svm-temp\/#\/schema\/logo\/image\/"},"sameAs":["https:\/\/www.facebook.com\/svenskamagasinet","https:\/\/x.com\/SvenskaMagasine"]},{"@type":"Person","@id":"https:\/\/lightweb.dev\/l\/svm-temp\/#\/schema\/person\/206a3bda5b607b0c25e1749191e4d837","name":"Redaktionen SvM","description":"Redaktionen","sameAs":["https:\/\/lightweb.dev\/l\/svm-temp"],"url":"https:\/\/lightweb.dev\/l\/svm-temp\/reporter\/redaktionen\/"}]}},"_links":{"self":[{"href":"https:\/\/lightweb.dev\/l\/svm-temp\/wp-json\/wp\/v2\/posts\/5215","targetHints":{"allow":["GET"]}}],"collection":[{"href":"https:\/\/lightweb.dev\/l\/svm-temp\/wp-json\/wp\/v2\/posts"}],"about":[{"href":"https:\/\/lightweb.dev\/l\/svm-temp\/wp-json\/wp\/v2\/types\/post"}],"author":[{"embeddable":true,"href":"https:\/\/lightweb.dev\/l\/svm-temp\/wp-json\/wp\/v2\/users\/8"}],"replies":[{"embeddable":true,"href":"https:\/\/lightweb.dev\/l\/svm-temp\/wp-json\/wp\/v2\/comments?post=5215"}],"version-history":[{"count":0,"href":"https:\/\/lightweb.dev\/l\/svm-temp\/wp-json\/wp\/v2\/posts\/5215\/revisions"}],"wp:featuredmedia":[{"embeddable":true,"href":"https:\/\/lightweb.dev\/l\/svm-temp\/wp-json\/wp\/v2\/media\/5216"}],"wp:attachment":[{"href":"https:\/\/lightweb.dev\/l\/svm-temp\/wp-json\/wp\/v2\/media?parent=5215"}],"wp:term":[{"taxonomy":"category","embeddable":true,"href":"https:\/\/lightweb.dev\/l\/svm-temp\/wp-json\/wp\/v2\/categories?post=5215"},{"taxonomy":"post_tag","embeddable":true,"href":"https:\/\/lightweb.dev\/l\/svm-temp\/wp-json\/wp\/v2\/tags?post=5215"}],"curies":[{"name":"wp","href":"https:\/\/api.w.org\/{rel}","templated":true}]}}