{"id":5219,"date":"2015-02-12T00:00:00","date_gmt":"2015-02-11T23:00:00","guid":{"rendered":"https:\/\/lightweb.dev\/l\/svm-temp\/en-ros-utsprungen-och-en-forkladd-betjant\/"},"modified":"2015-02-12T00:00:00","modified_gmt":"2015-02-11T23:00:00","slug":"en-ros-utsprungen-och-en-forkladd-betjant","status":"publish","type":"post","link":"https:\/\/lightweb.dev\/l\/svm-temp\/artiklar\/en-ros-utsprungen-och-en-forkladd-betjant\/","title":{"rendered":"En ros utsprungen och en f\u00f6rkl\u00e4dd betj\u00e4nt"},"content":{"rendered":"<p> Min dotter Annika fotograferade den h\u00e4r julrosen i januari i Sierra de las Nieves. Det \u00e4r en av de allra tidigaste v\u00e4xterna som g\u00e4rna tittar upp ur sn\u00f6n till och med. Av Lennart Ekman<br \/>\ne-post: lennartekman@hotmail.com<\/p>\n<p>Julros (Helleborus niger)<br \/>\nS\u00e4gnen ber\u00e4ttar att det var en sorgsen flicka som f\u00e4llde t\u00e5rar i sn\u00f6n eftersom hon inte hade n\u00e5gon present till Jesusbarnet. Vips var det  \u201den ros utsprungen\u201d, en flor de navidad, som spanjorerna kallar den.<\/p>\n<p>Judastr\u00e4d (Cercis siliquastrum)<br \/>\nNu blommar snart judastr\u00e4den, k\u00e4rlekstr\u00e4den, arbol de amor, p\u00e5 spanska. Fr\u00f6skidorna fr\u00e5n i fjol h\u00e4nger kvar och det \u00e4r dem som Linn\u00e9 kallade siliquastrum med f\u00f6rnamnet cercis som betyder skyttel. Ni som v\u00e4ver kan nog se likheten.<br \/>\nNi kan avnjuta all\u00e9er i blom i Palomaparken i Benalmadena. Den m\u00e4rkliga blomningen p\u00e5 bilden direkt p\u00e5 stammen kallas cauliflory.<br \/>\nNamnet judastr\u00e4d kan kanske h\u00e4rr\u00f6ra fr\u00e5n franskans arbre de Jud\u00e9e, tr\u00e4det fr\u00e5n Judeen. Annars s\u00e4gs det att tr\u00e4det rodnar av skam f\u00f6r att Judas h\u00e4ngde sig i det.<br \/>\nDet var p\u00e5 1200-talet under korst\u00e5gen som det f\u00f6rdes till Europa.<\/p>\n<p>\u00c4kta Aloe (Aloe vera)<br \/>\nDen \u00e4kta aloen kommer fr\u00e5n tropiska Afrika. Man har hittat den omn\u00e4mnd f\u00f6r 6000 \u00e5r sedan och den har rykte om sig att vara helande, lugnande, f\u00f6ryngrande och bra som solkr\u00e4m. Tyv\u00e4rr finns det inte mycket bevis f\u00f6r n\u00e5gon effekt alls, m\u00f6jligen mot br\u00e4nns\u00e5r. Inte desto mindre kan man ju k\u00f6pa aloe vera p\u00e5 burk \u00f6verallt.<br \/>\nEtt s\u00e4kert tips. Om du \u00e4r nagelbitare kan du v\u00e4nja dig av med det genom att stryka den beska saften av ett aloeblad  p\u00e5 fingrarna. Det g\u00e5r s\u00e4kert bra med vilken aloe som helst. P\u00e5 den f\u00f6rpackning vi har i badrumssk\u00e5pet, betecknad p\u00e5 framsidan med aloe vera, st\u00e5r det aloe barbadensis p\u00e5 inneh\u00e5llsf\u00f6rteckningen!<\/p>\n<p>Bougainvillea (Bougainvillea spectabilis)<br \/>\nMin goda v\u00e4n Sonja Adolfsson skickade den h\u00e4r bilden av vit trillingblomma fr\u00e5n Kerala i Indien. Ni vet v\u00e4l redan att det \u00e4r h\u00f6gbladen som i det h\u00e4r fallet \u00e4r vita och sj\u00e4lva blommorna \u00e4r de tre  oansenliga gula i mitten, d\u00e4rav trillingblomma.<br \/>\nLouis Antoine Bougainville seglade runt jorden p\u00e5 1700-talet och hans botanist Commercon fann den h\u00e4r kl\u00e4ngv\u00e4xten i Brasilien och hedrade sin kapten med namnet. Kanske ville han f\u00e5 sin chef p\u00e5 b\u00e4ttre hum\u00f6r sedan avsl\u00f6jandet att Commercons betj\u00e4nt Jean Barr\u00e9 visat sig vara hans \u00e4lskarinna Jeanne Barr\u00e9. En kvinna ombord p\u00e5 en v\u00e4rldsomsegling var en pr\u00e4ktig skandal.<\/p>\n","protected":false},"excerpt":{"rendered":"<p>Min dotter Annika fotograferade den h\u00e4r julrosen i januari i Sierra de las Nieves. Det \u00e4r en av de allra tidigaste v\u00e4xterna som g\u00e4rna tittar upp ur sn\u00f6n till och med. Av Lennart Ekman e-post: lennartekman@hotmail.com Julros (Helleborus niger) S\u00e4gnen ber\u00e4ttar att det var en sorgsen flicka som f\u00e4llde t\u00e5rar i sn\u00f6n eftersom hon inte [&hellip;]<\/p>\n","protected":false},"author":8,"featured_media":5220,"comment_status":"open","ping_status":"open","sticky":false,"template":"","format":"standard","meta":{"_et_pb_use_builder":"","_et_pb_old_content":"","_et_gb_content_width":"","footnotes":""},"categories":[4,37],"tags":[],"class_list":["post-5219","post","type-post","status-publish","format-standard","has-post-thumbnail","hentry","category-artiklar","category-hem-bostad"],"yoast_head":"<!-- This site is optimized with the Yoast SEO Premium plugin v26.2 (Yoast SEO v27.4) - https:\/\/yoast.com\/product\/yoast-seo-premium-wordpress\/ -->\n<title>En ros utsprungen och en f\u00f6rkl\u00e4dd betj\u00e4nt - Svenska Magasinet<\/title>\n<meta name=\"robots\" content=\"noindex, follow, max-snippet:-1, max-image-preview:large, max-video-preview:-1\" \/>\n<meta property=\"og:locale\" content=\"sv_SE\" \/>\n<meta property=\"og:type\" content=\"article\" \/>\n<meta property=\"og:title\" content=\"En ros utsprungen och en f\u00f6rkl\u00e4dd betj\u00e4nt\" \/>\n<meta property=\"og:description\" content=\"Min dotter Annika fotograferade den h\u00e4r julrosen i januari i Sierra de las Nieves. Det \u00e4r en av de allra tidigaste v\u00e4xterna som g\u00e4rna tittar upp ur sn\u00f6n till och med. Av Lennart Ekman e-post: lennartekman@hotmail.com Julros (Helleborus niger) S\u00e4gnen ber\u00e4ttar att det var en sorgsen flicka som f\u00e4llde t\u00e5rar i sn\u00f6n eftersom hon inte [&hellip;]\" \/>\n<meta property=\"og:url\" content=\"https:\/\/lightweb.dev\/l\/svm-temp\/artiklar\/en-ros-utsprungen-och-en-forkladd-betjant\/\" \/>\n<meta property=\"og:site_name\" content=\"Svenska Magasinet\" \/>\n<meta property=\"article:publisher\" content=\"https:\/\/www.facebook.com\/svenskamagasinet\" \/>\n<meta property=\"article:published_time\" content=\"2015-02-11T23:00:00+00:00\" \/>\n<meta property=\"og:image\" content=\"https:\/\/lightweb.dev\/l\/svm-temp\/wp-content\/uploads\/2022\/04\/en-ros-utsprungen-och-en-frkldd-betjnt.png\" \/>\n\t<meta property=\"og:image:width\" content=\"280\" \/>\n\t<meta property=\"og:image:height\" content=\"234\" \/>\n\t<meta property=\"og:image:type\" content=\"image\/png\" \/>\n<meta name=\"author\" content=\"Redaktionen SvM\" \/>\n<meta name=\"twitter:card\" content=\"summary_large_image\" \/>\n<meta name=\"twitter:creator\" content=\"@SvenskaMagasine\" \/>\n<meta name=\"twitter:site\" content=\"@SvenskaMagasine\" \/>\n<script type=\"application\/ld+json\" class=\"yoast-schema-graph\">{\"@context\":\"https:\\\/\\\/schema.org\",\"@graph\":[{\"@type\":\"Article\",\"@id\":\"https:\\\/\\\/lightweb.dev\\\/l\\\/svm-temp\\\/artiklar\\\/en-ros-utsprungen-och-en-forkladd-betjant\\\/#article\",\"isPartOf\":{\"@id\":\"https:\\\/\\\/lightweb.dev\\\/l\\\/svm-temp\\\/artiklar\\\/en-ros-utsprungen-och-en-forkladd-betjant\\\/\"},\"author\":{\"name\":\"Redaktionen SvM\",\"@id\":\"https:\\\/\\\/lightweb.dev\\\/l\\\/svm-temp\\\/#\\\/schema\\\/person\\\/206a3bda5b607b0c25e1749191e4d837\"},\"headline\":\"En ros utsprungen och en f\u00f6rkl\u00e4dd betj\u00e4nt\",\"datePublished\":\"2015-02-11T23:00:00+00:00\",\"mainEntityOfPage\":{\"@id\":\"https:\\\/\\\/lightweb.dev\\\/l\\\/svm-temp\\\/artiklar\\\/en-ros-utsprungen-och-en-forkladd-betjant\\\/\"},\"wordCount\":472,\"commentCount\":0,\"publisher\":{\"@id\":\"https:\\\/\\\/lightweb.dev\\\/l\\\/svm-temp\\\/#organization\"},\"image\":{\"@id\":\"https:\\\/\\\/lightweb.dev\\\/l\\\/svm-temp\\\/artiklar\\\/en-ros-utsprungen-och-en-forkladd-betjant\\\/#primaryimage\"},\"thumbnailUrl\":\"https:\\\/\\\/lightweb.dev\\\/l\\\/svm-temp\\\/wp-content\\\/uploads\\\/2022\\\/04\\\/en-ros-utsprungen-och-en-frkldd-betjnt.png\",\"articleSection\":[\"Artiklar\",\"Hem &amp; bostad\"],\"inLanguage\":\"sv-SE\"},{\"@type\":\"WebPage\",\"@id\":\"https:\\\/\\\/lightweb.dev\\\/l\\\/svm-temp\\\/artiklar\\\/en-ros-utsprungen-och-en-forkladd-betjant\\\/\",\"url\":\"https:\\\/\\\/lightweb.dev\\\/l\\\/svm-temp\\\/artiklar\\\/en-ros-utsprungen-och-en-forkladd-betjant\\\/\",\"name\":\"En ros utsprungen och en f\u00f6rkl\u00e4dd betj\u00e4nt - Svenska Magasinet\",\"isPartOf\":{\"@id\":\"https:\\\/\\\/lightweb.dev\\\/l\\\/svm-temp\\\/#website\"},\"primaryImageOfPage\":{\"@id\":\"https:\\\/\\\/lightweb.dev\\\/l\\\/svm-temp\\\/artiklar\\\/en-ros-utsprungen-och-en-forkladd-betjant\\\/#primaryimage\"},\"image\":{\"@id\":\"https:\\\/\\\/lightweb.dev\\\/l\\\/svm-temp\\\/artiklar\\\/en-ros-utsprungen-och-en-forkladd-betjant\\\/#primaryimage\"},\"thumbnailUrl\":\"https:\\\/\\\/lightweb.dev\\\/l\\\/svm-temp\\\/wp-content\\\/uploads\\\/2022\\\/04\\\/en-ros-utsprungen-och-en-frkldd-betjnt.png\",\"datePublished\":\"2015-02-11T23:00:00+00:00\",\"breadcrumb\":{\"@id\":\"https:\\\/\\\/lightweb.dev\\\/l\\\/svm-temp\\\/artiklar\\\/en-ros-utsprungen-och-en-forkladd-betjant\\\/#breadcrumb\"},\"inLanguage\":\"sv-SE\",\"potentialAction\":[{\"@type\":\"ReadAction\",\"target\":[\"https:\\\/\\\/lightweb.dev\\\/l\\\/svm-temp\\\/artiklar\\\/en-ros-utsprungen-och-en-forkladd-betjant\\\/\"]}]},{\"@type\":\"ImageObject\",\"inLanguage\":\"sv-SE\",\"@id\":\"https:\\\/\\\/lightweb.dev\\\/l\\\/svm-temp\\\/artiklar\\\/en-ros-utsprungen-och-en-forkladd-betjant\\\/#primaryimage\",\"url\":\"https:\\\/\\\/lightweb.dev\\\/l\\\/svm-temp\\\/wp-content\\\/uploads\\\/2022\\\/04\\\/en-ros-utsprungen-och-en-frkldd-betjnt.png\",\"contentUrl\":\"https:\\\/\\\/lightweb.dev\\\/l\\\/svm-temp\\\/wp-content\\\/uploads\\\/2022\\\/04\\\/en-ros-utsprungen-och-en-frkldd-betjnt.png\",\"width\":280,\"height\":234},{\"@type\":\"BreadcrumbList\",\"@id\":\"https:\\\/\\\/lightweb.dev\\\/l\\\/svm-temp\\\/artiklar\\\/en-ros-utsprungen-och-en-forkladd-betjant\\\/#breadcrumb\",\"itemListElement\":[{\"@type\":\"ListItem\",\"position\":1,\"name\":\"Hem\",\"item\":\"https:\\\/\\\/lightweb.dev\\\/l\\\/svm-temp\\\/\"},{\"@type\":\"ListItem\",\"position\":2,\"name\":\"En ros utsprungen och en f\u00f6rkl\u00e4dd betj\u00e4nt\"}]},{\"@type\":\"WebSite\",\"@id\":\"https:\\\/\\\/lightweb.dev\\\/l\\\/svm-temp\\\/#website\",\"url\":\"https:\\\/\\\/lightweb.dev\\\/l\\\/svm-temp\\\/\",\"name\":\"Svenska Magasinet\",\"description\":\"Dina Spanska nyheter p&aring; Svenska\",\"publisher\":{\"@id\":\"https:\\\/\\\/lightweb.dev\\\/l\\\/svm-temp\\\/#organization\"},\"potentialAction\":[{\"@type\":\"SearchAction\",\"target\":{\"@type\":\"EntryPoint\",\"urlTemplate\":\"https:\\\/\\\/lightweb.dev\\\/l\\\/svm-temp\\\/?s={search_term_string}\"},\"query-input\":{\"@type\":\"PropertyValueSpecification\",\"valueRequired\":true,\"valueName\":\"search_term_string\"}}],\"inLanguage\":\"sv-SE\"},{\"@type\":\"Organization\",\"@id\":\"https:\\\/\\\/lightweb.dev\\\/l\\\/svm-temp\\\/#organization\",\"name\":\"Melkerson y Nott SL\",\"alternateName\":\"Svenska Magasinet\",\"url\":\"https:\\\/\\\/lightweb.dev\\\/l\\\/svm-temp\\\/\",\"logo\":{\"@type\":\"ImageObject\",\"inLanguage\":\"sv-SE\",\"@id\":\"https:\\\/\\\/lightweb.dev\\\/l\\\/svm-temp\\\/#\\\/schema\\\/logo\\\/image\\\/\",\"url\":\"https:\\\/\\\/lightweb.dev\\\/l\\\/svm-temp\\\/wp-content\\\/uploads\\\/2025\\\/02\\\/SvM-logo-Xtra-Centrerad-SVART.png\",\"contentUrl\":\"https:\\\/\\\/lightweb.dev\\\/l\\\/svm-temp\\\/wp-content\\\/uploads\\\/2025\\\/02\\\/SvM-logo-Xtra-Centrerad-SVART.png\",\"width\":300,\"height\":99,\"caption\":\"Melkerson y Nott SL\"},\"image\":{\"@id\":\"https:\\\/\\\/lightweb.dev\\\/l\\\/svm-temp\\\/#\\\/schema\\\/logo\\\/image\\\/\"},\"sameAs\":[\"https:\\\/\\\/www.facebook.com\\\/svenskamagasinet\",\"https:\\\/\\\/x.com\\\/SvenskaMagasine\"]},{\"@type\":\"Person\",\"@id\":\"https:\\\/\\\/lightweb.dev\\\/l\\\/svm-temp\\\/#\\\/schema\\\/person\\\/206a3bda5b607b0c25e1749191e4d837\",\"name\":\"Redaktionen SvM\",\"description\":\"Redaktionen\",\"sameAs\":[\"https:\\\/\\\/lightweb.dev\\\/l\\\/svm-temp\"],\"url\":\"https:\\\/\\\/lightweb.dev\\\/l\\\/svm-temp\\\/reporter\\\/redaktionen\\\/\"}]}<\/script>\n<!-- \/ Yoast SEO Premium plugin. -->","yoast_head_json":{"title":"En ros utsprungen och en f\u00f6rkl\u00e4dd betj\u00e4nt - Svenska Magasinet","robots":{"index":"noindex","follow":"follow","max-snippet":"max-snippet:-1","max-image-preview":"max-image-preview:large","max-video-preview":"max-video-preview:-1"},"og_locale":"sv_SE","og_type":"article","og_title":"En ros utsprungen och en f\u00f6rkl\u00e4dd betj\u00e4nt","og_description":"Min dotter Annika fotograferade den h\u00e4r julrosen i januari i Sierra de las Nieves. Det \u00e4r en av de allra tidigaste v\u00e4xterna som g\u00e4rna tittar upp ur sn\u00f6n till och med. Av Lennart Ekman e-post: lennartekman@hotmail.com Julros (Helleborus niger) S\u00e4gnen ber\u00e4ttar att det var en sorgsen flicka som f\u00e4llde t\u00e5rar i sn\u00f6n eftersom hon inte [&hellip;]","og_url":"https:\/\/lightweb.dev\/l\/svm-temp\/artiklar\/en-ros-utsprungen-och-en-forkladd-betjant\/","og_site_name":"Svenska Magasinet","article_publisher":"https:\/\/www.facebook.com\/svenskamagasinet","article_published_time":"2015-02-11T23:00:00+00:00","og_image":[{"width":280,"height":234,"url":"https:\/\/lightweb.dev\/l\/svm-temp\/wp-content\/uploads\/2022\/04\/en-ros-utsprungen-och-en-frkldd-betjnt.png","type":"image\/png"}],"author":"Redaktionen SvM","twitter_card":"summary_large_image","twitter_creator":"@SvenskaMagasine","twitter_site":"@SvenskaMagasine","schema":{"@context":"https:\/\/schema.org","@graph":[{"@type":"Article","@id":"https:\/\/lightweb.dev\/l\/svm-temp\/artiklar\/en-ros-utsprungen-och-en-forkladd-betjant\/#article","isPartOf":{"@id":"https:\/\/lightweb.dev\/l\/svm-temp\/artiklar\/en-ros-utsprungen-och-en-forkladd-betjant\/"},"author":{"name":"Redaktionen SvM","@id":"https:\/\/lightweb.dev\/l\/svm-temp\/#\/schema\/person\/206a3bda5b607b0c25e1749191e4d837"},"headline":"En ros utsprungen och en f\u00f6rkl\u00e4dd betj\u00e4nt","datePublished":"2015-02-11T23:00:00+00:00","mainEntityOfPage":{"@id":"https:\/\/lightweb.dev\/l\/svm-temp\/artiklar\/en-ros-utsprungen-och-en-forkladd-betjant\/"},"wordCount":472,"commentCount":0,"publisher":{"@id":"https:\/\/lightweb.dev\/l\/svm-temp\/#organization"},"image":{"@id":"https:\/\/lightweb.dev\/l\/svm-temp\/artiklar\/en-ros-utsprungen-och-en-forkladd-betjant\/#primaryimage"},"thumbnailUrl":"https:\/\/lightweb.dev\/l\/svm-temp\/wp-content\/uploads\/2022\/04\/en-ros-utsprungen-och-en-frkldd-betjnt.png","articleSection":["Artiklar","Hem &amp; bostad"],"inLanguage":"sv-SE"},{"@type":"WebPage","@id":"https:\/\/lightweb.dev\/l\/svm-temp\/artiklar\/en-ros-utsprungen-och-en-forkladd-betjant\/","url":"https:\/\/lightweb.dev\/l\/svm-temp\/artiklar\/en-ros-utsprungen-och-en-forkladd-betjant\/","name":"En ros utsprungen och en f\u00f6rkl\u00e4dd betj\u00e4nt - Svenska Magasinet","isPartOf":{"@id":"https:\/\/lightweb.dev\/l\/svm-temp\/#website"},"primaryImageOfPage":{"@id":"https:\/\/lightweb.dev\/l\/svm-temp\/artiklar\/en-ros-utsprungen-och-en-forkladd-betjant\/#primaryimage"},"image":{"@id":"https:\/\/lightweb.dev\/l\/svm-temp\/artiklar\/en-ros-utsprungen-och-en-forkladd-betjant\/#primaryimage"},"thumbnailUrl":"https:\/\/lightweb.dev\/l\/svm-temp\/wp-content\/uploads\/2022\/04\/en-ros-utsprungen-och-en-frkldd-betjnt.png","datePublished":"2015-02-11T23:00:00+00:00","breadcrumb":{"@id":"https:\/\/lightweb.dev\/l\/svm-temp\/artiklar\/en-ros-utsprungen-och-en-forkladd-betjant\/#breadcrumb"},"inLanguage":"sv-SE","potentialAction":[{"@type":"ReadAction","target":["https:\/\/lightweb.dev\/l\/svm-temp\/artiklar\/en-ros-utsprungen-och-en-forkladd-betjant\/"]}]},{"@type":"ImageObject","inLanguage":"sv-SE","@id":"https:\/\/lightweb.dev\/l\/svm-temp\/artiklar\/en-ros-utsprungen-och-en-forkladd-betjant\/#primaryimage","url":"https:\/\/lightweb.dev\/l\/svm-temp\/wp-content\/uploads\/2022\/04\/en-ros-utsprungen-och-en-frkldd-betjnt.png","contentUrl":"https:\/\/lightweb.dev\/l\/svm-temp\/wp-content\/uploads\/2022\/04\/en-ros-utsprungen-och-en-frkldd-betjnt.png","width":280,"height":234},{"@type":"BreadcrumbList","@id":"https:\/\/lightweb.dev\/l\/svm-temp\/artiklar\/en-ros-utsprungen-och-en-forkladd-betjant\/#breadcrumb","itemListElement":[{"@type":"ListItem","position":1,"name":"Hem","item":"https:\/\/lightweb.dev\/l\/svm-temp\/"},{"@type":"ListItem","position":2,"name":"En ros utsprungen och en f\u00f6rkl\u00e4dd betj\u00e4nt"}]},{"@type":"WebSite","@id":"https:\/\/lightweb.dev\/l\/svm-temp\/#website","url":"https:\/\/lightweb.dev\/l\/svm-temp\/","name":"Svenska Magasinet","description":"Dina Spanska nyheter p&aring; Svenska","publisher":{"@id":"https:\/\/lightweb.dev\/l\/svm-temp\/#organization"},"potentialAction":[{"@type":"SearchAction","target":{"@type":"EntryPoint","urlTemplate":"https:\/\/lightweb.dev\/l\/svm-temp\/?s={search_term_string}"},"query-input":{"@type":"PropertyValueSpecification","valueRequired":true,"valueName":"search_term_string"}}],"inLanguage":"sv-SE"},{"@type":"Organization","@id":"https:\/\/lightweb.dev\/l\/svm-temp\/#organization","name":"Melkerson y Nott SL","alternateName":"Svenska Magasinet","url":"https:\/\/lightweb.dev\/l\/svm-temp\/","logo":{"@type":"ImageObject","inLanguage":"sv-SE","@id":"https:\/\/lightweb.dev\/l\/svm-temp\/#\/schema\/logo\/image\/","url":"https:\/\/lightweb.dev\/l\/svm-temp\/wp-content\/uploads\/2025\/02\/SvM-logo-Xtra-Centrerad-SVART.png","contentUrl":"https:\/\/lightweb.dev\/l\/svm-temp\/wp-content\/uploads\/2025\/02\/SvM-logo-Xtra-Centrerad-SVART.png","width":300,"height":99,"caption":"Melkerson y Nott SL"},"image":{"@id":"https:\/\/lightweb.dev\/l\/svm-temp\/#\/schema\/logo\/image\/"},"sameAs":["https:\/\/www.facebook.com\/svenskamagasinet","https:\/\/x.com\/SvenskaMagasine"]},{"@type":"Person","@id":"https:\/\/lightweb.dev\/l\/svm-temp\/#\/schema\/person\/206a3bda5b607b0c25e1749191e4d837","name":"Redaktionen SvM","description":"Redaktionen","sameAs":["https:\/\/lightweb.dev\/l\/svm-temp"],"url":"https:\/\/lightweb.dev\/l\/svm-temp\/reporter\/redaktionen\/"}]}},"_links":{"self":[{"href":"https:\/\/lightweb.dev\/l\/svm-temp\/wp-json\/wp\/v2\/posts\/5219","targetHints":{"allow":["GET"]}}],"collection":[{"href":"https:\/\/lightweb.dev\/l\/svm-temp\/wp-json\/wp\/v2\/posts"}],"about":[{"href":"https:\/\/lightweb.dev\/l\/svm-temp\/wp-json\/wp\/v2\/types\/post"}],"author":[{"embeddable":true,"href":"https:\/\/lightweb.dev\/l\/svm-temp\/wp-json\/wp\/v2\/users\/8"}],"replies":[{"embeddable":true,"href":"https:\/\/lightweb.dev\/l\/svm-temp\/wp-json\/wp\/v2\/comments?post=5219"}],"version-history":[{"count":0,"href":"https:\/\/lightweb.dev\/l\/svm-temp\/wp-json\/wp\/v2\/posts\/5219\/revisions"}],"wp:featuredmedia":[{"embeddable":true,"href":"https:\/\/lightweb.dev\/l\/svm-temp\/wp-json\/wp\/v2\/media\/5220"}],"wp:attachment":[{"href":"https:\/\/lightweb.dev\/l\/svm-temp\/wp-json\/wp\/v2\/media?parent=5219"}],"wp:term":[{"taxonomy":"category","embeddable":true,"href":"https:\/\/lightweb.dev\/l\/svm-temp\/wp-json\/wp\/v2\/categories?post=5219"},{"taxonomy":"post_tag","embeddable":true,"href":"https:\/\/lightweb.dev\/l\/svm-temp\/wp-json\/wp\/v2\/tags?post=5219"}],"curies":[{"name":"wp","href":"https:\/\/api.w.org\/{rel}","templated":true}]}}