{"id":5223,"date":"2015-02-12T00:00:00","date_gmt":"2015-02-11T23:00:00","guid":{"rendered":"https:\/\/lightweb.dev\/l\/svm-temp\/svenskar-lockas-av-tropisk-vinter-i-sydspanien\/"},"modified":"2015-02-12T00:00:00","modified_gmt":"2015-02-11T23:00:00","slug":"svenskar-lockas-av-tropisk-vinter-i-sydspanien","status":"publish","type":"post","link":"https:\/\/lightweb.dev\/l\/svm-temp\/artiklar\/svenskar-lockas-av-tropisk-vinter-i-sydspanien\/","title":{"rendered":"Svenskar lockas av tropisk vinter i Sydspanien"},"content":{"rendered":"<p> Tills f\u00f6r inte s\u00e5 l\u00e4nge sedan var det ganska kn\u00f6ligt att ta sig fr\u00e5n Nerja till Almu\u00f1\u00e9car och Costa Tropical. Gamla kurviga Nacional 340 var visserligen v\u00e4ldigt natursk\u00f6n och charmig men den kallades ocks\u00e5 f\u00f6r d\u00f6dens v\u00e4g. Av Ola Josefsson<\/p>\n<p>Svenskar, nordbor och andra reser numera bekv\u00e4mt och smidigt till den tropiska kusten. Tack vare det utbyggda motorv\u00e4gsn\u00e4tet tar vi oss smidigt till den vackra och dramatiska kustremsan som Costa Tropical utg\u00f6r.<br \/>\nH\u00e4r finns vackra naturstr\u00e4nder, perfekta utflyktsm\u00e5l f\u00f6r sommarens snorkling. Det g\u00e5r faktiskt att hitta en egen strand mellan La Herradura, Almu\u00f1\u00e9car, Motril, Torrenueva och Calahonda.<\/p>\n<p>Almu\u00f1\u00e9car \u00e4r den kommun p\u00e5 Costa Tropical eller Granadakusten som har lockat till sig flest svenskar. N\u00e4r jag bes\u00f6ker kommunhuset vid \u00e5rsskiftet f\u00e5r jag veta att 286 svenskar \u00e4r mantalsskrivna i kommunen. Under vinterhalv\u00e5ret \u00e4r de betydligt fler, d\u00e5 \u201dflyttf\u00e5glar\u201d och \u00f6vervintrare lockas av tropisk vinter i Sydspanien.<\/p>\n<p>Spansk-nordiska s\u00e4llskapet AHN har en lokalf\u00f6rening, Los N\u00f3rdicos, p\u00e5 platsen med cirka 350 medlemmar. Samtidigt har nykomlingen, facebookgruppen Almu\u00f1\u00e9carv\u00e4nner, vuxit s\u00e5 det knakat till n\u00e4stan 500 medlemmar p\u00e5 bara sex m\u00e5nader. Det \u00e4r Frida Hansson och Ulla Fasth som h\u00e5ller i gruppen som samlas varje m\u00e5ndag mellan klockan 11 och 13 p\u00e5 caf\u00e9 Heladeria Isla de Capri p\u00e5 Paseo de Cotobro.<br \/>\nH\u00e4r finns m\u00f6jlighet att f\u00e5 svar p\u00e5 sina fr\u00e5gor om livet i Almu\u00f1\u00e9car. Du kan boka resor, ge besked om du vill dela p\u00e5 en taxi till flyget, organisera utflykter, spansk-undervisning och det g\u00e5r att l\u00e5na b\u00f6cker. Allt \u00e4r gratis.<br \/>\n&#8211; Det \u00e4r s\u00e5 mycket positivt som h\u00e4nder i v\u00e5r lilla genuint spanska stad. M\u00e5nga har l\u00e4st p\u00e5 webbplatsen almunecar.se och som har valt att komma hit under n\u00e5gra vinterm\u00e5nader, ber\u00e4ttar Bosse Ess\u00e9n som ansvarar f\u00f6r den svenska hemsidan som nu har \u00f6ver 7.000 bes\u00f6kare per m\u00e5nad.<br \/>\nBosse g\u00f6r ett fantastiskt arbete med uppdateringar \u00f6ver vad som h\u00e4nder i Almu\u00f1\u00e9car. Jag tror inte det finns n\u00e5gon s\u00e5 lokal uppdaterad webbplats p\u00e5 svenska i Spanien som almunecar.se.<br \/>\n&#8211; Kulturlivet i Almu\u00f1\u00e9car \u00e4r bra och vi m\u00e5r bra tack vare solen, ljuset och v\u00e4rmen. Det g\u00f6r v\u00e4ldigt gott f\u00f6r v\u00e5r kommun.<\/p>\n<p>N\u00e4r Svenska Magasinet m\u00f6ter Bosse Ess\u00e9n p\u00e5 strandpromenaden pekar han mot olika h\u00e5ll d\u00e4r det bor svenskar som \u00e4r \u00f6ver 90 \u00e5r gamla. Jo, h\u00e4r blir man gammal och njuter av \u00e5lderdomen.<br \/>\nBosse hoppas att \u00e4nnu fler kommer till Almu\u00f1\u00e9car s\u00e5 att fler hotell, restauranger och aff\u00e4rer kan ha \u00f6ppet under l\u00e5gs\u00e4song.<br \/>\n&#8211; Vi g\u00f6r b\u00e5de oss sj\u00e4lva en gentj\u00e4nst genom att leva ett friskare liv samtidigt som vi hj\u00e4lper till att minska arbetsl\u00f6sheten. Hj\u00e4lpa folk p\u00e5 plats \u00e4r bra alternativ.<\/p>\n<p>I n\u00e4romr\u00e5det finns trevliga utflyktsm\u00e5l och tack vare det uppfr\u00e4schade och utbyggda v\u00e4gn\u00e4tet \u00e4r det l\u00e4tt att ta sig runt. Ny motorv\u00e4g till Granada har gjort att vintersportorten Sierra Nevada k\u00e4nns n\u00e4rmare. I st\u00f6rsta staden Motril p\u00e5 Granadakusten finns en stor hamn med kryssningsfartyg och fast f\u00f6rbindelse med den spanska enklaven Melilla i Nordafrika. Hela 426.870 personer reste mellan Motril och Melilla samt marockanska Nador och Alhucemas under fjol\u00e5ret 2014.<\/p>\n<p>Norr om Motril ligger V\u00e9lez Benaudalla som har olivoljemuseum (missa inte detta) med vin och en vacker tr\u00e4dg\u00e5rdspark, Jardin Nazari. Precis som andra spanska byar \u00e4r dett en mycket speciell by med 2.876 inv\u00e5nare. Man f\u00f6rundras \u00f6ver hur dessa sm\u00e5 byar i la Alpujarra p\u00e5 sydsluttningen av Sierra Nevada och vid floden r\u00edo Guadalfeo har kommit till. Ta nya v\u00e4gen upp men den gamla som g\u00e5r genom ravinen Garganta del r\u00edo Guadalfeo p\u00e5 hemv\u00e4gen.<br \/>\nDet var f\u00f6r \u00f6vrigt h\u00e4r i V\u00e9lez Benaudalla den i Sverige internationellt efterlyste marockanske medborgaren Saoud Rezgani g\u00f6mde sig under l\u00e5ng tid. Han fritogs vid ett sjukhusbes\u00f6k i Norrt\u00e4lje 2004. N\u00e4r polisen gjorde ett tillslag i bostadsomr\u00e5det Terrazas del Jard\u00edn Nazar\u00ed i maj m\u00e5nad 2012 lyckades mannen fly. Han greps senare i M\u00e1laga.<\/p>\n<p>Vi har tidigare ber\u00e4ttat om den lilla lagunen Charca de Su\u00e1rez dit specialister och f\u00e5gelsk\u00e5dare fr\u00e5n hela v\u00e4rlden flockas f\u00f6r att se den ovanliga kamsoth\u00f6nan (Fulica cristata). Lagunen Charca de Su\u00e1rez hittar du n\u00e4ra stranden playa de Poniente i Motril.<\/p>\n<p>Och \u00e4r du i Motril gl\u00f6m inte bort att \u00e4ta middag p\u00e5 La Dorado p\u00e5 carretera Celulosa 1 n\u00e4ra hamnen. Skyll inte p\u00e5 kocken om maten \u00e4r d\u00e5lig, det \u00e4r du sj\u00e4lv som fixar den. Deras specialitet \u00e4r att du sj\u00e4lv grillar k\u00f6ttet p\u00e5 en sten som h\u00e5ller 350 grader.<br \/>\nStenen placeras p\u00e5 bordet framf\u00f6r dig och sedan \u00e4r det bara att v\u00e4lja marinerad kyckling, n\u00f6tk\u00f6ttsfil\u00e9 eller vad du \u00f6nskar. Bra service i \u00f6vrigt samt prisbild och med ett husets vin fr\u00e5n v\u00e4lk\u00e4nda bodegan Garcia Carri\u00f3n.<\/p>\n<p>Har du med golfklubborna har du n\u00e4ra till Los Moriscos. P\u00e5 v\u00e4gen dit passerar du Villa Astrida, belgiska kungaparets tidigare spanska sommarresidens. H\u00e4r tillbringade den nyligen avlidna \u00e4nkedrottningen Fabiola m\u00e5nga sk\u00f6na somrar. Det var h\u00e4r som kung Baudouin avled i en hj\u00e4rtinfarkt 31 juli 1993, bara 63 \u00e5r gammal. H\u00e4r har kungligheter som Juan Carlos och Sofia kommit och g\u00e5tt under sina bes\u00f6k i Motril.<\/p>\n<p>Golfbanan Los Moriscos, 18 h\u00e5l, par 70, invigd 1974, ligger vid sidan om havet varp\u00e5 vindf\u00f6rh\u00e5llandena blir en del av spelet. Banan \u00e4r ganska platt varf\u00f6r den \u00e4r l\u00e4tt att g\u00e5. Stora greener, tv\u00e5 sj\u00f6ar och fairways kantas av exotiska v\u00e4xter som ger en tropisk k\u00e4nsla; papaya, mango, palmer och sockerr\u00f6r. Som bakgrund reser sig det sn\u00f6kl\u00e4dda Sierra Nevada under vinterhalv\u00e5ret.<\/p>\n<p>Det kan inte bli s\u00e5 mycket vackrare.<\/p>\n","protected":false},"excerpt":{"rendered":"<p>Tills f\u00f6r inte s\u00e5 l\u00e4nge sedan var det ganska kn\u00f6ligt att ta sig fr\u00e5n Nerja till Almu\u00f1\u00e9car och Costa Tropical. Gamla kurviga Nacional 340 var visserligen v\u00e4ldigt natursk\u00f6n och charmig men den kallades ocks\u00e5 f\u00f6r d\u00f6dens v\u00e4g. Av Ola Josefsson Svenskar, nordbor och andra reser numera bekv\u00e4mt och smidigt till den tropiska kusten. Tack vare [&hellip;]<\/p>\n","protected":false},"author":8,"featured_media":5224,"comment_status":"open","ping_status":"open","sticky":false,"template":"","format":"standard","meta":{"_et_pb_use_builder":"","_et_pb_old_content":"","_et_gb_content_width":"","footnotes":""},"categories":[396,4],"tags":[],"class_list":["post-5223","post","type-post","status-publish","format-standard","has-post-thumbnail","hentry","category-arkiv-artiklar","category-artiklar"],"yoast_head":"<!-- This site is optimized with the Yoast SEO Premium plugin v26.2 (Yoast SEO v27.4) - https:\/\/yoast.com\/product\/yoast-seo-premium-wordpress\/ -->\n<title>Svenskar lockas av tropisk vinter i Sydspanien - Svenska Magasinet<\/title>\n<meta name=\"robots\" content=\"noindex, follow, max-snippet:-1, max-image-preview:large, max-video-preview:-1\" \/>\n<meta property=\"og:locale\" content=\"sv_SE\" \/>\n<meta property=\"og:type\" content=\"article\" \/>\n<meta property=\"og:title\" content=\"Svenskar lockas av tropisk vinter i Sydspanien\" \/>\n<meta property=\"og:description\" content=\"Tills f\u00f6r inte s\u00e5 l\u00e4nge sedan var det ganska kn\u00f6ligt att ta sig fr\u00e5n Nerja till Almu\u00f1\u00e9car och Costa Tropical. Gamla kurviga Nacional 340 var visserligen v\u00e4ldigt natursk\u00f6n och charmig men den kallades ocks\u00e5 f\u00f6r d\u00f6dens v\u00e4g. Av Ola Josefsson Svenskar, nordbor och andra reser numera bekv\u00e4mt och smidigt till den tropiska kusten. Tack vare [&hellip;]\" \/>\n<meta property=\"og:url\" content=\"https:\/\/lightweb.dev\/l\/svm-temp\/artiklar\/svenskar-lockas-av-tropisk-vinter-i-sydspanien\/\" \/>\n<meta property=\"og:site_name\" content=\"Svenska Magasinet\" \/>\n<meta property=\"article:publisher\" content=\"https:\/\/www.facebook.com\/svenskamagasinet\" \/>\n<meta property=\"article:published_time\" content=\"2015-02-11T23:00:00+00:00\" \/>\n<meta property=\"og:image\" content=\"https:\/\/lightweb.dev\/l\/svm-temp\/wp-content\/uploads\/2022\/04\/svenskar-lockas-av-tropisk-vinter-i-sydspanien.png\" \/>\n\t<meta property=\"og:image:width\" content=\"800\" \/>\n\t<meta property=\"og:image:height\" content=\"536\" \/>\n\t<meta property=\"og:image:type\" content=\"image\/png\" \/>\n<meta name=\"author\" content=\"Redaktionen SvM\" \/>\n<meta name=\"twitter:card\" content=\"summary_large_image\" \/>\n<meta name=\"twitter:creator\" content=\"@SvenskaMagasine\" \/>\n<meta name=\"twitter:site\" content=\"@SvenskaMagasine\" \/>\n<script type=\"application\/ld+json\" class=\"yoast-schema-graph\">{\"@context\":\"https:\\\/\\\/schema.org\",\"@graph\":[{\"@type\":\"Article\",\"@id\":\"https:\\\/\\\/lightweb.dev\\\/l\\\/svm-temp\\\/artiklar\\\/svenskar-lockas-av-tropisk-vinter-i-sydspanien\\\/#article\",\"isPartOf\":{\"@id\":\"https:\\\/\\\/lightweb.dev\\\/l\\\/svm-temp\\\/artiklar\\\/svenskar-lockas-av-tropisk-vinter-i-sydspanien\\\/\"},\"author\":{\"name\":\"Redaktionen SvM\",\"@id\":\"https:\\\/\\\/lightweb.dev\\\/l\\\/svm-temp\\\/#\\\/schema\\\/person\\\/206a3bda5b607b0c25e1749191e4d837\"},\"headline\":\"Svenskar lockas av tropisk vinter i Sydspanien\",\"datePublished\":\"2015-02-11T23:00:00+00:00\",\"mainEntityOfPage\":{\"@id\":\"https:\\\/\\\/lightweb.dev\\\/l\\\/svm-temp\\\/artiklar\\\/svenskar-lockas-av-tropisk-vinter-i-sydspanien\\\/\"},\"wordCount\":1033,\"commentCount\":0,\"publisher\":{\"@id\":\"https:\\\/\\\/lightweb.dev\\\/l\\\/svm-temp\\\/#organization\"},\"image\":{\"@id\":\"https:\\\/\\\/lightweb.dev\\\/l\\\/svm-temp\\\/artiklar\\\/svenskar-lockas-av-tropisk-vinter-i-sydspanien\\\/#primaryimage\"},\"thumbnailUrl\":\"https:\\\/\\\/lightweb.dev\\\/l\\\/svm-temp\\\/wp-content\\\/uploads\\\/2022\\\/04\\\/svenskar-lockas-av-tropisk-vinter-i-sydspanien.png\",\"articleSection\":[\"Arkiv\",\"Artiklar\"],\"inLanguage\":\"sv-SE\"},{\"@type\":\"WebPage\",\"@id\":\"https:\\\/\\\/lightweb.dev\\\/l\\\/svm-temp\\\/artiklar\\\/svenskar-lockas-av-tropisk-vinter-i-sydspanien\\\/\",\"url\":\"https:\\\/\\\/lightweb.dev\\\/l\\\/svm-temp\\\/artiklar\\\/svenskar-lockas-av-tropisk-vinter-i-sydspanien\\\/\",\"name\":\"Svenskar lockas av tropisk vinter i Sydspanien - Svenska Magasinet\",\"isPartOf\":{\"@id\":\"https:\\\/\\\/lightweb.dev\\\/l\\\/svm-temp\\\/#website\"},\"primaryImageOfPage\":{\"@id\":\"https:\\\/\\\/lightweb.dev\\\/l\\\/svm-temp\\\/artiklar\\\/svenskar-lockas-av-tropisk-vinter-i-sydspanien\\\/#primaryimage\"},\"image\":{\"@id\":\"https:\\\/\\\/lightweb.dev\\\/l\\\/svm-temp\\\/artiklar\\\/svenskar-lockas-av-tropisk-vinter-i-sydspanien\\\/#primaryimage\"},\"thumbnailUrl\":\"https:\\\/\\\/lightweb.dev\\\/l\\\/svm-temp\\\/wp-content\\\/uploads\\\/2022\\\/04\\\/svenskar-lockas-av-tropisk-vinter-i-sydspanien.png\",\"datePublished\":\"2015-02-11T23:00:00+00:00\",\"breadcrumb\":{\"@id\":\"https:\\\/\\\/lightweb.dev\\\/l\\\/svm-temp\\\/artiklar\\\/svenskar-lockas-av-tropisk-vinter-i-sydspanien\\\/#breadcrumb\"},\"inLanguage\":\"sv-SE\",\"potentialAction\":[{\"@type\":\"ReadAction\",\"target\":[\"https:\\\/\\\/lightweb.dev\\\/l\\\/svm-temp\\\/artiklar\\\/svenskar-lockas-av-tropisk-vinter-i-sydspanien\\\/\"]}]},{\"@type\":\"ImageObject\",\"inLanguage\":\"sv-SE\",\"@id\":\"https:\\\/\\\/lightweb.dev\\\/l\\\/svm-temp\\\/artiklar\\\/svenskar-lockas-av-tropisk-vinter-i-sydspanien\\\/#primaryimage\",\"url\":\"https:\\\/\\\/lightweb.dev\\\/l\\\/svm-temp\\\/wp-content\\\/uploads\\\/2022\\\/04\\\/svenskar-lockas-av-tropisk-vinter-i-sydspanien.png\",\"contentUrl\":\"https:\\\/\\\/lightweb.dev\\\/l\\\/svm-temp\\\/wp-content\\\/uploads\\\/2022\\\/04\\\/svenskar-lockas-av-tropisk-vinter-i-sydspanien.png\",\"width\":800,\"height\":536},{\"@type\":\"BreadcrumbList\",\"@id\":\"https:\\\/\\\/lightweb.dev\\\/l\\\/svm-temp\\\/artiklar\\\/svenskar-lockas-av-tropisk-vinter-i-sydspanien\\\/#breadcrumb\",\"itemListElement\":[{\"@type\":\"ListItem\",\"position\":1,\"name\":\"Hem\",\"item\":\"https:\\\/\\\/lightweb.dev\\\/l\\\/svm-temp\\\/\"},{\"@type\":\"ListItem\",\"position\":2,\"name\":\"Svenskar lockas av tropisk vinter i Sydspanien\"}]},{\"@type\":\"WebSite\",\"@id\":\"https:\\\/\\\/lightweb.dev\\\/l\\\/svm-temp\\\/#website\",\"url\":\"https:\\\/\\\/lightweb.dev\\\/l\\\/svm-temp\\\/\",\"name\":\"Svenska Magasinet\",\"description\":\"Dina Spanska nyheter p&aring; Svenska\",\"publisher\":{\"@id\":\"https:\\\/\\\/lightweb.dev\\\/l\\\/svm-temp\\\/#organization\"},\"potentialAction\":[{\"@type\":\"SearchAction\",\"target\":{\"@type\":\"EntryPoint\",\"urlTemplate\":\"https:\\\/\\\/lightweb.dev\\\/l\\\/svm-temp\\\/?s={search_term_string}\"},\"query-input\":{\"@type\":\"PropertyValueSpecification\",\"valueRequired\":true,\"valueName\":\"search_term_string\"}}],\"inLanguage\":\"sv-SE\"},{\"@type\":\"Organization\",\"@id\":\"https:\\\/\\\/lightweb.dev\\\/l\\\/svm-temp\\\/#organization\",\"name\":\"Melkerson y Nott SL\",\"alternateName\":\"Svenska Magasinet\",\"url\":\"https:\\\/\\\/lightweb.dev\\\/l\\\/svm-temp\\\/\",\"logo\":{\"@type\":\"ImageObject\",\"inLanguage\":\"sv-SE\",\"@id\":\"https:\\\/\\\/lightweb.dev\\\/l\\\/svm-temp\\\/#\\\/schema\\\/logo\\\/image\\\/\",\"url\":\"https:\\\/\\\/lightweb.dev\\\/l\\\/svm-temp\\\/wp-content\\\/uploads\\\/2025\\\/02\\\/SvM-logo-Xtra-Centrerad-SVART.png\",\"contentUrl\":\"https:\\\/\\\/lightweb.dev\\\/l\\\/svm-temp\\\/wp-content\\\/uploads\\\/2025\\\/02\\\/SvM-logo-Xtra-Centrerad-SVART.png\",\"width\":300,\"height\":99,\"caption\":\"Melkerson y Nott SL\"},\"image\":{\"@id\":\"https:\\\/\\\/lightweb.dev\\\/l\\\/svm-temp\\\/#\\\/schema\\\/logo\\\/image\\\/\"},\"sameAs\":[\"https:\\\/\\\/www.facebook.com\\\/svenskamagasinet\",\"https:\\\/\\\/x.com\\\/SvenskaMagasine\"]},{\"@type\":\"Person\",\"@id\":\"https:\\\/\\\/lightweb.dev\\\/l\\\/svm-temp\\\/#\\\/schema\\\/person\\\/206a3bda5b607b0c25e1749191e4d837\",\"name\":\"Redaktionen SvM\",\"description\":\"Redaktionen\",\"sameAs\":[\"https:\\\/\\\/lightweb.dev\\\/l\\\/svm-temp\"],\"url\":\"https:\\\/\\\/lightweb.dev\\\/l\\\/svm-temp\\\/reporter\\\/redaktionen\\\/\"}]}<\/script>\n<!-- \/ Yoast SEO Premium plugin. -->","yoast_head_json":{"title":"Svenskar lockas av tropisk vinter i Sydspanien - Svenska Magasinet","robots":{"index":"noindex","follow":"follow","max-snippet":"max-snippet:-1","max-image-preview":"max-image-preview:large","max-video-preview":"max-video-preview:-1"},"og_locale":"sv_SE","og_type":"article","og_title":"Svenskar lockas av tropisk vinter i Sydspanien","og_description":"Tills f\u00f6r inte s\u00e5 l\u00e4nge sedan var det ganska kn\u00f6ligt att ta sig fr\u00e5n Nerja till Almu\u00f1\u00e9car och Costa Tropical. Gamla kurviga Nacional 340 var visserligen v\u00e4ldigt natursk\u00f6n och charmig men den kallades ocks\u00e5 f\u00f6r d\u00f6dens v\u00e4g. Av Ola Josefsson Svenskar, nordbor och andra reser numera bekv\u00e4mt och smidigt till den tropiska kusten. Tack vare [&hellip;]","og_url":"https:\/\/lightweb.dev\/l\/svm-temp\/artiklar\/svenskar-lockas-av-tropisk-vinter-i-sydspanien\/","og_site_name":"Svenska Magasinet","article_publisher":"https:\/\/www.facebook.com\/svenskamagasinet","article_published_time":"2015-02-11T23:00:00+00:00","og_image":[{"width":800,"height":536,"url":"https:\/\/lightweb.dev\/l\/svm-temp\/wp-content\/uploads\/2022\/04\/svenskar-lockas-av-tropisk-vinter-i-sydspanien.png","type":"image\/png"}],"author":"Redaktionen SvM","twitter_card":"summary_large_image","twitter_creator":"@SvenskaMagasine","twitter_site":"@SvenskaMagasine","schema":{"@context":"https:\/\/schema.org","@graph":[{"@type":"Article","@id":"https:\/\/lightweb.dev\/l\/svm-temp\/artiklar\/svenskar-lockas-av-tropisk-vinter-i-sydspanien\/#article","isPartOf":{"@id":"https:\/\/lightweb.dev\/l\/svm-temp\/artiklar\/svenskar-lockas-av-tropisk-vinter-i-sydspanien\/"},"author":{"name":"Redaktionen SvM","@id":"https:\/\/lightweb.dev\/l\/svm-temp\/#\/schema\/person\/206a3bda5b607b0c25e1749191e4d837"},"headline":"Svenskar lockas av tropisk vinter i Sydspanien","datePublished":"2015-02-11T23:00:00+00:00","mainEntityOfPage":{"@id":"https:\/\/lightweb.dev\/l\/svm-temp\/artiklar\/svenskar-lockas-av-tropisk-vinter-i-sydspanien\/"},"wordCount":1033,"commentCount":0,"publisher":{"@id":"https:\/\/lightweb.dev\/l\/svm-temp\/#organization"},"image":{"@id":"https:\/\/lightweb.dev\/l\/svm-temp\/artiklar\/svenskar-lockas-av-tropisk-vinter-i-sydspanien\/#primaryimage"},"thumbnailUrl":"https:\/\/lightweb.dev\/l\/svm-temp\/wp-content\/uploads\/2022\/04\/svenskar-lockas-av-tropisk-vinter-i-sydspanien.png","articleSection":["Arkiv","Artiklar"],"inLanguage":"sv-SE"},{"@type":"WebPage","@id":"https:\/\/lightweb.dev\/l\/svm-temp\/artiklar\/svenskar-lockas-av-tropisk-vinter-i-sydspanien\/","url":"https:\/\/lightweb.dev\/l\/svm-temp\/artiklar\/svenskar-lockas-av-tropisk-vinter-i-sydspanien\/","name":"Svenskar lockas av tropisk vinter i Sydspanien - Svenska Magasinet","isPartOf":{"@id":"https:\/\/lightweb.dev\/l\/svm-temp\/#website"},"primaryImageOfPage":{"@id":"https:\/\/lightweb.dev\/l\/svm-temp\/artiklar\/svenskar-lockas-av-tropisk-vinter-i-sydspanien\/#primaryimage"},"image":{"@id":"https:\/\/lightweb.dev\/l\/svm-temp\/artiklar\/svenskar-lockas-av-tropisk-vinter-i-sydspanien\/#primaryimage"},"thumbnailUrl":"https:\/\/lightweb.dev\/l\/svm-temp\/wp-content\/uploads\/2022\/04\/svenskar-lockas-av-tropisk-vinter-i-sydspanien.png","datePublished":"2015-02-11T23:00:00+00:00","breadcrumb":{"@id":"https:\/\/lightweb.dev\/l\/svm-temp\/artiklar\/svenskar-lockas-av-tropisk-vinter-i-sydspanien\/#breadcrumb"},"inLanguage":"sv-SE","potentialAction":[{"@type":"ReadAction","target":["https:\/\/lightweb.dev\/l\/svm-temp\/artiklar\/svenskar-lockas-av-tropisk-vinter-i-sydspanien\/"]}]},{"@type":"ImageObject","inLanguage":"sv-SE","@id":"https:\/\/lightweb.dev\/l\/svm-temp\/artiklar\/svenskar-lockas-av-tropisk-vinter-i-sydspanien\/#primaryimage","url":"https:\/\/lightweb.dev\/l\/svm-temp\/wp-content\/uploads\/2022\/04\/svenskar-lockas-av-tropisk-vinter-i-sydspanien.png","contentUrl":"https:\/\/lightweb.dev\/l\/svm-temp\/wp-content\/uploads\/2022\/04\/svenskar-lockas-av-tropisk-vinter-i-sydspanien.png","width":800,"height":536},{"@type":"BreadcrumbList","@id":"https:\/\/lightweb.dev\/l\/svm-temp\/artiklar\/svenskar-lockas-av-tropisk-vinter-i-sydspanien\/#breadcrumb","itemListElement":[{"@type":"ListItem","position":1,"name":"Hem","item":"https:\/\/lightweb.dev\/l\/svm-temp\/"},{"@type":"ListItem","position":2,"name":"Svenskar lockas av tropisk vinter i Sydspanien"}]},{"@type":"WebSite","@id":"https:\/\/lightweb.dev\/l\/svm-temp\/#website","url":"https:\/\/lightweb.dev\/l\/svm-temp\/","name":"Svenska Magasinet","description":"Dina Spanska nyheter p&aring; Svenska","publisher":{"@id":"https:\/\/lightweb.dev\/l\/svm-temp\/#organization"},"potentialAction":[{"@type":"SearchAction","target":{"@type":"EntryPoint","urlTemplate":"https:\/\/lightweb.dev\/l\/svm-temp\/?s={search_term_string}"},"query-input":{"@type":"PropertyValueSpecification","valueRequired":true,"valueName":"search_term_string"}}],"inLanguage":"sv-SE"},{"@type":"Organization","@id":"https:\/\/lightweb.dev\/l\/svm-temp\/#organization","name":"Melkerson y Nott SL","alternateName":"Svenska Magasinet","url":"https:\/\/lightweb.dev\/l\/svm-temp\/","logo":{"@type":"ImageObject","inLanguage":"sv-SE","@id":"https:\/\/lightweb.dev\/l\/svm-temp\/#\/schema\/logo\/image\/","url":"https:\/\/lightweb.dev\/l\/svm-temp\/wp-content\/uploads\/2025\/02\/SvM-logo-Xtra-Centrerad-SVART.png","contentUrl":"https:\/\/lightweb.dev\/l\/svm-temp\/wp-content\/uploads\/2025\/02\/SvM-logo-Xtra-Centrerad-SVART.png","width":300,"height":99,"caption":"Melkerson y Nott SL"},"image":{"@id":"https:\/\/lightweb.dev\/l\/svm-temp\/#\/schema\/logo\/image\/"},"sameAs":["https:\/\/www.facebook.com\/svenskamagasinet","https:\/\/x.com\/SvenskaMagasine"]},{"@type":"Person","@id":"https:\/\/lightweb.dev\/l\/svm-temp\/#\/schema\/person\/206a3bda5b607b0c25e1749191e4d837","name":"Redaktionen SvM","description":"Redaktionen","sameAs":["https:\/\/lightweb.dev\/l\/svm-temp"],"url":"https:\/\/lightweb.dev\/l\/svm-temp\/reporter\/redaktionen\/"}]}},"_links":{"self":[{"href":"https:\/\/lightweb.dev\/l\/svm-temp\/wp-json\/wp\/v2\/posts\/5223","targetHints":{"allow":["GET"]}}],"collection":[{"href":"https:\/\/lightweb.dev\/l\/svm-temp\/wp-json\/wp\/v2\/posts"}],"about":[{"href":"https:\/\/lightweb.dev\/l\/svm-temp\/wp-json\/wp\/v2\/types\/post"}],"author":[{"embeddable":true,"href":"https:\/\/lightweb.dev\/l\/svm-temp\/wp-json\/wp\/v2\/users\/8"}],"replies":[{"embeddable":true,"href":"https:\/\/lightweb.dev\/l\/svm-temp\/wp-json\/wp\/v2\/comments?post=5223"}],"version-history":[{"count":0,"href":"https:\/\/lightweb.dev\/l\/svm-temp\/wp-json\/wp\/v2\/posts\/5223\/revisions"}],"wp:featuredmedia":[{"embeddable":true,"href":"https:\/\/lightweb.dev\/l\/svm-temp\/wp-json\/wp\/v2\/media\/5224"}],"wp:attachment":[{"href":"https:\/\/lightweb.dev\/l\/svm-temp\/wp-json\/wp\/v2\/media?parent=5223"}],"wp:term":[{"taxonomy":"category","embeddable":true,"href":"https:\/\/lightweb.dev\/l\/svm-temp\/wp-json\/wp\/v2\/categories?post=5223"},{"taxonomy":"post_tag","embeddable":true,"href":"https:\/\/lightweb.dev\/l\/svm-temp\/wp-json\/wp\/v2\/tags?post=5223"}],"curies":[{"name":"wp","href":"https:\/\/api.w.org\/{rel}","templated":true}]}}