{"id":5225,"date":"2015-02-12T00:00:00","date_gmt":"2015-02-11T23:00:00","guid":{"rendered":"https:\/\/lightweb.dev\/l\/svm-temp\/laga-trosklar-och-med-manniskan-i-centrum\/"},"modified":"2015-02-12T00:00:00","modified_gmt":"2015-02-11T23:00:00","slug":"laga-trosklar-och-med-manniskan-i-centrum","status":"publish","type":"post","link":"https:\/\/lightweb.dev\/l\/svm-temp\/artiklar\/laga-trosklar-och-med-manniskan-i-centrum\/","title":{"rendered":"L\u00e5ga tr\u00f6sklar och med m\u00e4nniskan i centrum"},"content":{"rendered":"<p> En m\u00f6tesplats men ocks\u00e5 en kyrka som en traditionsb\u00e4rande plats med p\u00e5skfirande, julfirande och valborg d\u00e4r bes\u00f6kare ska k\u00e4nna igen sig. Det ska vara l\u00e5ga tr\u00f6sklar och l\u00e4tt att komma in. Allt g\u00f6rs i en \u00f6ppen atmosf\u00e4r med m\u00e4nniskan i centrum. S\u00e5 beskriver det nya pr\u00e4stparet p\u00e5 Costa del Sol och Costa Tropical m\u00e5ls\u00e4ttningen med den svenska kyrkan i utlandet. Av Ola Josefsson<\/p>\n<p>Det nya pr\u00e4stparet Mikael J\u00f6nsson och Lena Ottosson kommer n\u00e4rmast fr\u00e5n svenska kyrkan i Nederl\u00e4nderna d\u00e4r de tj\u00e4nstgjort sedan 2009.<br \/>\n&#8211; Det var en fascinerande plats att vara p\u00e5. Vi tror att Spanien kommer att bli lika sp\u00e4nnande och givande, s\u00e4ger Mikael och Lena som blir fast pr\u00e4stpar p\u00e5 Costa del Sol och Costa Tropical fram till januari 2020.<\/p>\n<p>Fr\u00e5n att f\u00f6rst ha varit en svensk sj\u00f6manskyrka i Rotterdam \u00e4ndrades Mikael och Lenas arbetssituation efter att det blev Svenska kyrkan i Nederl\u00e4nderna.<br \/>\n&#8211; Rotterdam \u00e4r v\u00e4rldens tredje st\u00f6rsta hamn. N\u00e4r vi kom dit 2009 gjorde vi 20 till 30 bes\u00f6k i veckan p\u00e5 fartyg som hade svenska sj\u00f6m\u00e4n. I slutet blev det bara tv\u00e5 eller tre bes\u00f6k i veckan, ber\u00e4ttar Mikael.<\/p>\n<p>Antalet svenska sj\u00f6m\u00e4n minskar p\u00e5 v\u00e4rldens sju hav. De flesta svenskar p\u00e5 sj\u00f6n har numera befattningar som kapten, styrman eller maskinchef.<br \/>\n&#8211; Att antalet svenska sj\u00f6m\u00e4n minskat \u00e4r en orsak till att namnet p\u00e5 f\u00f6rsamlingen \u00e4ndrades till Svenska kyrkan i Nederl\u00e4nderna d\u00e4r v\u00e5r stora uppgift blev att driva en f\u00f6rsamlingskyrka med ett brett utbud av aktiviteter och diakonal-social arbetsinsats. D\u00e4rut\u00f6ver betj\u00e4nade vi \u00e4ven svenskar i samband med br\u00f6llop, begravningar och h\u00f6gtider.<\/p>\n<p>Tidigare var sj\u00f6m\u00e4n \u00e4ventyrare och troende med en filosofisk inriktning. Nutidens sj\u00f6m\u00e4n \u00e4r mer inne i sin karri\u00e4r.<br \/>\n&#8211; Sj\u00f6manskyrkorna kom till genom nykterhetsr\u00f6relserna och EFS en g\u00e5ng i tiden. Det var som en v\u00e4ckelser\u00f6relse f\u00f6r sj\u00f6m\u00e4n med en l\u00e4ngtan till helheten och i den fanns Gud.<\/p>\n<p>Med flytten till s\u00f6dra Spanien \u00e4ndras karakt\u00e4ren p\u00e5 vilka pr\u00e4stparet ska betj\u00e4na.<br \/>\n&#8211; Till Nederl\u00e4nderna flyttade svenskar f\u00f6r att g\u00f6ra karri\u00e4r och arbeta. Hit till s\u00f6dra Spanien flyttar majoriteten efter karri\u00e4ren.<br \/>\nFr\u00e5n 4.000 till 5.000 svenskar i Nederl\u00e4nderna blir det nu i storleksordningen 35.000 svenskar plus studenter, turister och alla andra som tillf\u00e4lligt bes\u00f6ker kusten under l\u00e4ngre eller kortare perioder som Mikael och Lena ska betj\u00e4na.<\/p>\n<p>Samordnande kraft<br \/>\nDet nya pr\u00e4stparets arbetsbeskrivning g\u00e5r ut p\u00e5 att vara en samordnande kraft. Det \u00e4r ocks\u00e5 en f\u00f6rl\u00e4ngd arm mellan Sverige och svenska myndigheter i Spanien som ambassad och honor\u00e4rkonsulat.<br \/>\n&#8211; F\u00f6rutom att vi \u00e4r en m\u00f6tesplats och kyrka samt en traditionsb\u00e4rande plats har vi en viktig uppgift i samband med katastrofer, olyckor eller andra mindre trevliga saker. Som jourpr\u00e4st kommer jag i kontakt med d\u00f6dsfall som f\u00f6r de drabbade upplevs som en fullst\u00e4ndig katastrof. Det \u00e4r individer som beh\u00f6ver en svensk r\u00f6st.<\/p>\n<p>N\u00e4r organisationen Svenska kyrkan i utlandet s\u00f6kte efter personal var m\u00e5let att hitta ett pr\u00e4stpar med erfarenhet fr\u00e5n utlandstj\u00e4nstg\u00f6ring. Mikael och Lena har tj\u00e4nstgjort periodvis under \u00e5ren 2005, 2006 och 2008 vid f\u00f6rsamlingen i Palma de Mallorca. Sedan blev det Rotterdam.<br \/>\n&#8211; Vi k\u00e4nner att vi har den erfarenhet som g\u00f6r oss rustade att ta oss an den h\u00e4r uppgiften. Och under den korta tid vi har varit p\u00e5 kusten har vi f\u00e5tt ett varmt och fint mottagande. Bara positiva kommentarer.<br \/>\n&#8211; J\u00e4mf\u00f6rt med Nederl\u00e4nderna, dit m\u00e5nga flyttar f\u00f6r att arbeta under n\u00e5gra \u00e5r f\u00f6r att sedan resa vidare, \u00e4r Spanien en plats d\u00e4r man \u00f6nskar vara och leva. Det \u00e4r inte samma prestations\u00e5ngest h\u00e4r, en sk\u00f6n avslappnad attityd.<\/p>\n<p>Mikael och Lena \u00e4r medvetna om att allt fler yngre m\u00e4nniskor tar sitt pick och pack och flyttar till kusten. De svenska skolorna i Fuengirola och Marbella har rekord i antal elever, call center-f\u00f6retag v\u00e4xer upp som svampar ur jorden och drar till sig svenska ungdomar med l\u00f6ften om arbete i solen. Och barnfamiljer flyttar till v\u00e4rmen och sk\u00f6ter jobbet via n\u00e4tet.<\/p>\n<p>  Jesus gestalt<br \/>\nTv\u00e5barnsf\u00f6r\u00e4ldrarna Mikael och Lena, som har ett fem\u00e5rskontrakt som l\u00f6per fram till januari 2020, \u00e4r i grunden snickare respektive socionom. Mikael pr\u00e4stvigdes som 35-\u00e5ring och \u00e4r nu inne p\u00e5 sitt trettonde \u00e5r. N\u00e4r Mikael gick vakt i flottan fick han tag p\u00e5 ett exemplar av Bibeln fr\u00e5n Gideoniterna, en ideell organisation med syfte att dela ut Guds Ord.<br \/>\n&#8211; Det som fascinerade mig var Jesus gestalt och s\u00e4ttet att t\u00e4nka. Och att hitta svaret p\u00e5 fr\u00e5gan varf\u00f6r vi \u00e4r m\u00e4nniskor.<br \/>\nI samband med fastighetskrisen i Sverige i b\u00f6rjan p\u00e5 1990-talet sadlade Mikael om fr\u00e5n snickare till pr\u00e4st.<br \/>\n&#8211; Jag vet hur det \u00e4r att st\u00e4mpla in klockan 7 och att bli arbetsl\u00f6s, s\u00e4ger Mikael.<\/p>\n<p>Lena Ottosson \u00e4r assistent i kyrkan med inriktning p\u00e5 diakonala behov som m\u00e4nniskors l\u00e4ngtan och utsatthet.<br \/>\n&#8211; Jag intresserar mig f\u00f6r sociala fr\u00e5gor och att knyta n\u00e4tverk i h\u00e4ndelse av olyckor eller katastrofer. Min uppgift blir att \u00e4ven samordna barngrupper och musikverksamhet.<\/p>\n<p>Den stora nyheten f\u00f6r 2015 blir att f\u00f6rsamlingens lokaler i centrala Fuengirola ska renoveras i sommar.<br \/>\n&#8211; F\u00f6rsamlingen har f\u00e5tt ett antal friska miljoner fr\u00e5n SKUT. Det k\u00e4nns verkligen bra. S\u00e5 till h\u00f6sten 2015 planerar vi nystart och nyinvigning. Hela renoveringsprojektet ligger hos en konsultfirma i M\u00e1laga och allt l\u00f6per som det ska, ber\u00e4ttar Mikael J\u00f6nsson avslutningsvis.<\/p>\n","protected":false},"excerpt":{"rendered":"<p>En m\u00f6tesplats men ocks\u00e5 en kyrka som en traditionsb\u00e4rande plats med p\u00e5skfirande, julfirande och valborg d\u00e4r bes\u00f6kare ska k\u00e4nna igen sig. Det ska vara l\u00e5ga tr\u00f6sklar och l\u00e4tt att komma in. Allt g\u00f6rs i en \u00f6ppen atmosf\u00e4r med m\u00e4nniskan i centrum. S\u00e5 beskriver det nya pr\u00e4stparet p\u00e5 Costa del Sol och Costa Tropical m\u00e5ls\u00e4ttningen med [&hellip;]<\/p>\n","protected":false},"author":8,"featured_media":5226,"comment_status":"open","ping_status":"open","sticky":false,"template":"","format":"standard","meta":{"_et_pb_use_builder":"","_et_pb_old_content":"","_et_gb_content_width":"","footnotes":""},"categories":[396,4],"tags":[],"class_list":["post-5225","post","type-post","status-publish","format-standard","has-post-thumbnail","hentry","category-arkiv-artiklar","category-artiklar"],"yoast_head":"<!-- This site is optimized with the Yoast SEO Premium plugin v26.2 (Yoast SEO v27.4) - https:\/\/yoast.com\/product\/yoast-seo-premium-wordpress\/ -->\n<title>L\u00e5ga tr\u00f6sklar och med m\u00e4nniskan i centrum - Svenska Magasinet<\/title>\n<meta name=\"robots\" content=\"noindex, follow, max-snippet:-1, max-image-preview:large, max-video-preview:-1\" \/>\n<meta property=\"og:locale\" content=\"sv_SE\" \/>\n<meta property=\"og:type\" content=\"article\" \/>\n<meta property=\"og:title\" content=\"L\u00e5ga tr\u00f6sklar och med m\u00e4nniskan i centrum\" \/>\n<meta property=\"og:description\" content=\"En m\u00f6tesplats men ocks\u00e5 en kyrka som en traditionsb\u00e4rande plats med p\u00e5skfirande, julfirande och valborg d\u00e4r bes\u00f6kare ska k\u00e4nna igen sig. Det ska vara l\u00e5ga tr\u00f6sklar och l\u00e4tt att komma in. Allt g\u00f6rs i en \u00f6ppen atmosf\u00e4r med m\u00e4nniskan i centrum. S\u00e5 beskriver det nya pr\u00e4stparet p\u00e5 Costa del Sol och Costa Tropical m\u00e5ls\u00e4ttningen med [&hellip;]\" \/>\n<meta property=\"og:url\" content=\"https:\/\/lightweb.dev\/l\/svm-temp\/artiklar\/laga-trosklar-och-med-manniskan-i-centrum\/\" \/>\n<meta property=\"og:site_name\" content=\"Svenska Magasinet\" \/>\n<meta property=\"article:publisher\" content=\"https:\/\/www.facebook.com\/svenskamagasinet\" \/>\n<meta property=\"article:published_time\" content=\"2015-02-11T23:00:00+00:00\" \/>\n<meta property=\"og:image\" content=\"https:\/\/lightweb.dev\/l\/svm-temp\/wp-content\/uploads\/2022\/04\/lga-trsklar-och-med-mnniskan-i-centrum.png\" \/>\n\t<meta property=\"og:image:width\" content=\"299\" \/>\n\t<meta property=\"og:image:height\" content=\"200\" \/>\n\t<meta property=\"og:image:type\" content=\"image\/png\" \/>\n<meta name=\"author\" content=\"Redaktionen SvM\" \/>\n<meta name=\"twitter:card\" content=\"summary_large_image\" \/>\n<meta name=\"twitter:creator\" content=\"@SvenskaMagasine\" \/>\n<meta name=\"twitter:site\" content=\"@SvenskaMagasine\" \/>\n<script type=\"application\/ld+json\" class=\"yoast-schema-graph\">{\"@context\":\"https:\\\/\\\/schema.org\",\"@graph\":[{\"@type\":\"Article\",\"@id\":\"https:\\\/\\\/lightweb.dev\\\/l\\\/svm-temp\\\/artiklar\\\/laga-trosklar-och-med-manniskan-i-centrum\\\/#article\",\"isPartOf\":{\"@id\":\"https:\\\/\\\/lightweb.dev\\\/l\\\/svm-temp\\\/artiklar\\\/laga-trosklar-och-med-manniskan-i-centrum\\\/\"},\"author\":{\"name\":\"Redaktionen SvM\",\"@id\":\"https:\\\/\\\/lightweb.dev\\\/l\\\/svm-temp\\\/#\\\/schema\\\/person\\\/206a3bda5b607b0c25e1749191e4d837\"},\"headline\":\"L\u00e5ga tr\u00f6sklar och med m\u00e4nniskan i centrum\",\"datePublished\":\"2015-02-11T23:00:00+00:00\",\"mainEntityOfPage\":{\"@id\":\"https:\\\/\\\/lightweb.dev\\\/l\\\/svm-temp\\\/artiklar\\\/laga-trosklar-och-med-manniskan-i-centrum\\\/\"},\"wordCount\":1008,\"commentCount\":0,\"publisher\":{\"@id\":\"https:\\\/\\\/lightweb.dev\\\/l\\\/svm-temp\\\/#organization\"},\"image\":{\"@id\":\"https:\\\/\\\/lightweb.dev\\\/l\\\/svm-temp\\\/artiklar\\\/laga-trosklar-och-med-manniskan-i-centrum\\\/#primaryimage\"},\"thumbnailUrl\":\"https:\\\/\\\/lightweb.dev\\\/l\\\/svm-temp\\\/wp-content\\\/uploads\\\/2022\\\/04\\\/lga-trsklar-och-med-mnniskan-i-centrum.png\",\"articleSection\":[\"Arkiv\",\"Artiklar\"],\"inLanguage\":\"sv-SE\"},{\"@type\":\"WebPage\",\"@id\":\"https:\\\/\\\/lightweb.dev\\\/l\\\/svm-temp\\\/artiklar\\\/laga-trosklar-och-med-manniskan-i-centrum\\\/\",\"url\":\"https:\\\/\\\/lightweb.dev\\\/l\\\/svm-temp\\\/artiklar\\\/laga-trosklar-och-med-manniskan-i-centrum\\\/\",\"name\":\"L\u00e5ga tr\u00f6sklar och med m\u00e4nniskan i centrum - Svenska Magasinet\",\"isPartOf\":{\"@id\":\"https:\\\/\\\/lightweb.dev\\\/l\\\/svm-temp\\\/#website\"},\"primaryImageOfPage\":{\"@id\":\"https:\\\/\\\/lightweb.dev\\\/l\\\/svm-temp\\\/artiklar\\\/laga-trosklar-och-med-manniskan-i-centrum\\\/#primaryimage\"},\"image\":{\"@id\":\"https:\\\/\\\/lightweb.dev\\\/l\\\/svm-temp\\\/artiklar\\\/laga-trosklar-och-med-manniskan-i-centrum\\\/#primaryimage\"},\"thumbnailUrl\":\"https:\\\/\\\/lightweb.dev\\\/l\\\/svm-temp\\\/wp-content\\\/uploads\\\/2022\\\/04\\\/lga-trsklar-och-med-mnniskan-i-centrum.png\",\"datePublished\":\"2015-02-11T23:00:00+00:00\",\"breadcrumb\":{\"@id\":\"https:\\\/\\\/lightweb.dev\\\/l\\\/svm-temp\\\/artiklar\\\/laga-trosklar-och-med-manniskan-i-centrum\\\/#breadcrumb\"},\"inLanguage\":\"sv-SE\",\"potentialAction\":[{\"@type\":\"ReadAction\",\"target\":[\"https:\\\/\\\/lightweb.dev\\\/l\\\/svm-temp\\\/artiklar\\\/laga-trosklar-och-med-manniskan-i-centrum\\\/\"]}]},{\"@type\":\"ImageObject\",\"inLanguage\":\"sv-SE\",\"@id\":\"https:\\\/\\\/lightweb.dev\\\/l\\\/svm-temp\\\/artiklar\\\/laga-trosklar-och-med-manniskan-i-centrum\\\/#primaryimage\",\"url\":\"https:\\\/\\\/lightweb.dev\\\/l\\\/svm-temp\\\/wp-content\\\/uploads\\\/2022\\\/04\\\/lga-trsklar-och-med-mnniskan-i-centrum.png\",\"contentUrl\":\"https:\\\/\\\/lightweb.dev\\\/l\\\/svm-temp\\\/wp-content\\\/uploads\\\/2022\\\/04\\\/lga-trsklar-och-med-mnniskan-i-centrum.png\",\"width\":299,\"height\":200},{\"@type\":\"BreadcrumbList\",\"@id\":\"https:\\\/\\\/lightweb.dev\\\/l\\\/svm-temp\\\/artiklar\\\/laga-trosklar-och-med-manniskan-i-centrum\\\/#breadcrumb\",\"itemListElement\":[{\"@type\":\"ListItem\",\"position\":1,\"name\":\"Hem\",\"item\":\"https:\\\/\\\/lightweb.dev\\\/l\\\/svm-temp\\\/\"},{\"@type\":\"ListItem\",\"position\":2,\"name\":\"L\u00e5ga tr\u00f6sklar och med m\u00e4nniskan i centrum\"}]},{\"@type\":\"WebSite\",\"@id\":\"https:\\\/\\\/lightweb.dev\\\/l\\\/svm-temp\\\/#website\",\"url\":\"https:\\\/\\\/lightweb.dev\\\/l\\\/svm-temp\\\/\",\"name\":\"Svenska Magasinet\",\"description\":\"Dina Spanska nyheter p&aring; Svenska\",\"publisher\":{\"@id\":\"https:\\\/\\\/lightweb.dev\\\/l\\\/svm-temp\\\/#organization\"},\"potentialAction\":[{\"@type\":\"SearchAction\",\"target\":{\"@type\":\"EntryPoint\",\"urlTemplate\":\"https:\\\/\\\/lightweb.dev\\\/l\\\/svm-temp\\\/?s={search_term_string}\"},\"query-input\":{\"@type\":\"PropertyValueSpecification\",\"valueRequired\":true,\"valueName\":\"search_term_string\"}}],\"inLanguage\":\"sv-SE\"},{\"@type\":\"Organization\",\"@id\":\"https:\\\/\\\/lightweb.dev\\\/l\\\/svm-temp\\\/#organization\",\"name\":\"Melkerson y Nott SL\",\"alternateName\":\"Svenska Magasinet\",\"url\":\"https:\\\/\\\/lightweb.dev\\\/l\\\/svm-temp\\\/\",\"logo\":{\"@type\":\"ImageObject\",\"inLanguage\":\"sv-SE\",\"@id\":\"https:\\\/\\\/lightweb.dev\\\/l\\\/svm-temp\\\/#\\\/schema\\\/logo\\\/image\\\/\",\"url\":\"https:\\\/\\\/lightweb.dev\\\/l\\\/svm-temp\\\/wp-content\\\/uploads\\\/2025\\\/02\\\/SvM-logo-Xtra-Centrerad-SVART.png\",\"contentUrl\":\"https:\\\/\\\/lightweb.dev\\\/l\\\/svm-temp\\\/wp-content\\\/uploads\\\/2025\\\/02\\\/SvM-logo-Xtra-Centrerad-SVART.png\",\"width\":300,\"height\":99,\"caption\":\"Melkerson y Nott SL\"},\"image\":{\"@id\":\"https:\\\/\\\/lightweb.dev\\\/l\\\/svm-temp\\\/#\\\/schema\\\/logo\\\/image\\\/\"},\"sameAs\":[\"https:\\\/\\\/www.facebook.com\\\/svenskamagasinet\",\"https:\\\/\\\/x.com\\\/SvenskaMagasine\"]},{\"@type\":\"Person\",\"@id\":\"https:\\\/\\\/lightweb.dev\\\/l\\\/svm-temp\\\/#\\\/schema\\\/person\\\/206a3bda5b607b0c25e1749191e4d837\",\"name\":\"Redaktionen SvM\",\"description\":\"Redaktionen\",\"sameAs\":[\"https:\\\/\\\/lightweb.dev\\\/l\\\/svm-temp\"],\"url\":\"https:\\\/\\\/lightweb.dev\\\/l\\\/svm-temp\\\/reporter\\\/redaktionen\\\/\"}]}<\/script>\n<!-- \/ Yoast SEO Premium plugin. -->","yoast_head_json":{"title":"L\u00e5ga tr\u00f6sklar och med m\u00e4nniskan i centrum - Svenska Magasinet","robots":{"index":"noindex","follow":"follow","max-snippet":"max-snippet:-1","max-image-preview":"max-image-preview:large","max-video-preview":"max-video-preview:-1"},"og_locale":"sv_SE","og_type":"article","og_title":"L\u00e5ga tr\u00f6sklar och med m\u00e4nniskan i centrum","og_description":"En m\u00f6tesplats men ocks\u00e5 en kyrka som en traditionsb\u00e4rande plats med p\u00e5skfirande, julfirande och valborg d\u00e4r bes\u00f6kare ska k\u00e4nna igen sig. Det ska vara l\u00e5ga tr\u00f6sklar och l\u00e4tt att komma in. Allt g\u00f6rs i en \u00f6ppen atmosf\u00e4r med m\u00e4nniskan i centrum. S\u00e5 beskriver det nya pr\u00e4stparet p\u00e5 Costa del Sol och Costa Tropical m\u00e5ls\u00e4ttningen med [&hellip;]","og_url":"https:\/\/lightweb.dev\/l\/svm-temp\/artiklar\/laga-trosklar-och-med-manniskan-i-centrum\/","og_site_name":"Svenska Magasinet","article_publisher":"https:\/\/www.facebook.com\/svenskamagasinet","article_published_time":"2015-02-11T23:00:00+00:00","og_image":[{"width":299,"height":200,"url":"https:\/\/lightweb.dev\/l\/svm-temp\/wp-content\/uploads\/2022\/04\/lga-trsklar-och-med-mnniskan-i-centrum.png","type":"image\/png"}],"author":"Redaktionen SvM","twitter_card":"summary_large_image","twitter_creator":"@SvenskaMagasine","twitter_site":"@SvenskaMagasine","schema":{"@context":"https:\/\/schema.org","@graph":[{"@type":"Article","@id":"https:\/\/lightweb.dev\/l\/svm-temp\/artiklar\/laga-trosklar-och-med-manniskan-i-centrum\/#article","isPartOf":{"@id":"https:\/\/lightweb.dev\/l\/svm-temp\/artiklar\/laga-trosklar-och-med-manniskan-i-centrum\/"},"author":{"name":"Redaktionen SvM","@id":"https:\/\/lightweb.dev\/l\/svm-temp\/#\/schema\/person\/206a3bda5b607b0c25e1749191e4d837"},"headline":"L\u00e5ga tr\u00f6sklar och med m\u00e4nniskan i centrum","datePublished":"2015-02-11T23:00:00+00:00","mainEntityOfPage":{"@id":"https:\/\/lightweb.dev\/l\/svm-temp\/artiklar\/laga-trosklar-och-med-manniskan-i-centrum\/"},"wordCount":1008,"commentCount":0,"publisher":{"@id":"https:\/\/lightweb.dev\/l\/svm-temp\/#organization"},"image":{"@id":"https:\/\/lightweb.dev\/l\/svm-temp\/artiklar\/laga-trosklar-och-med-manniskan-i-centrum\/#primaryimage"},"thumbnailUrl":"https:\/\/lightweb.dev\/l\/svm-temp\/wp-content\/uploads\/2022\/04\/lga-trsklar-och-med-mnniskan-i-centrum.png","articleSection":["Arkiv","Artiklar"],"inLanguage":"sv-SE"},{"@type":"WebPage","@id":"https:\/\/lightweb.dev\/l\/svm-temp\/artiklar\/laga-trosklar-och-med-manniskan-i-centrum\/","url":"https:\/\/lightweb.dev\/l\/svm-temp\/artiklar\/laga-trosklar-och-med-manniskan-i-centrum\/","name":"L\u00e5ga tr\u00f6sklar och med m\u00e4nniskan i centrum - Svenska Magasinet","isPartOf":{"@id":"https:\/\/lightweb.dev\/l\/svm-temp\/#website"},"primaryImageOfPage":{"@id":"https:\/\/lightweb.dev\/l\/svm-temp\/artiklar\/laga-trosklar-och-med-manniskan-i-centrum\/#primaryimage"},"image":{"@id":"https:\/\/lightweb.dev\/l\/svm-temp\/artiklar\/laga-trosklar-och-med-manniskan-i-centrum\/#primaryimage"},"thumbnailUrl":"https:\/\/lightweb.dev\/l\/svm-temp\/wp-content\/uploads\/2022\/04\/lga-trsklar-och-med-mnniskan-i-centrum.png","datePublished":"2015-02-11T23:00:00+00:00","breadcrumb":{"@id":"https:\/\/lightweb.dev\/l\/svm-temp\/artiklar\/laga-trosklar-och-med-manniskan-i-centrum\/#breadcrumb"},"inLanguage":"sv-SE","potentialAction":[{"@type":"ReadAction","target":["https:\/\/lightweb.dev\/l\/svm-temp\/artiklar\/laga-trosklar-och-med-manniskan-i-centrum\/"]}]},{"@type":"ImageObject","inLanguage":"sv-SE","@id":"https:\/\/lightweb.dev\/l\/svm-temp\/artiklar\/laga-trosklar-och-med-manniskan-i-centrum\/#primaryimage","url":"https:\/\/lightweb.dev\/l\/svm-temp\/wp-content\/uploads\/2022\/04\/lga-trsklar-och-med-mnniskan-i-centrum.png","contentUrl":"https:\/\/lightweb.dev\/l\/svm-temp\/wp-content\/uploads\/2022\/04\/lga-trsklar-och-med-mnniskan-i-centrum.png","width":299,"height":200},{"@type":"BreadcrumbList","@id":"https:\/\/lightweb.dev\/l\/svm-temp\/artiklar\/laga-trosklar-och-med-manniskan-i-centrum\/#breadcrumb","itemListElement":[{"@type":"ListItem","position":1,"name":"Hem","item":"https:\/\/lightweb.dev\/l\/svm-temp\/"},{"@type":"ListItem","position":2,"name":"L\u00e5ga tr\u00f6sklar och med m\u00e4nniskan i centrum"}]},{"@type":"WebSite","@id":"https:\/\/lightweb.dev\/l\/svm-temp\/#website","url":"https:\/\/lightweb.dev\/l\/svm-temp\/","name":"Svenska Magasinet","description":"Dina Spanska nyheter p&aring; Svenska","publisher":{"@id":"https:\/\/lightweb.dev\/l\/svm-temp\/#organization"},"potentialAction":[{"@type":"SearchAction","target":{"@type":"EntryPoint","urlTemplate":"https:\/\/lightweb.dev\/l\/svm-temp\/?s={search_term_string}"},"query-input":{"@type":"PropertyValueSpecification","valueRequired":true,"valueName":"search_term_string"}}],"inLanguage":"sv-SE"},{"@type":"Organization","@id":"https:\/\/lightweb.dev\/l\/svm-temp\/#organization","name":"Melkerson y Nott SL","alternateName":"Svenska Magasinet","url":"https:\/\/lightweb.dev\/l\/svm-temp\/","logo":{"@type":"ImageObject","inLanguage":"sv-SE","@id":"https:\/\/lightweb.dev\/l\/svm-temp\/#\/schema\/logo\/image\/","url":"https:\/\/lightweb.dev\/l\/svm-temp\/wp-content\/uploads\/2025\/02\/SvM-logo-Xtra-Centrerad-SVART.png","contentUrl":"https:\/\/lightweb.dev\/l\/svm-temp\/wp-content\/uploads\/2025\/02\/SvM-logo-Xtra-Centrerad-SVART.png","width":300,"height":99,"caption":"Melkerson y Nott SL"},"image":{"@id":"https:\/\/lightweb.dev\/l\/svm-temp\/#\/schema\/logo\/image\/"},"sameAs":["https:\/\/www.facebook.com\/svenskamagasinet","https:\/\/x.com\/SvenskaMagasine"]},{"@type":"Person","@id":"https:\/\/lightweb.dev\/l\/svm-temp\/#\/schema\/person\/206a3bda5b607b0c25e1749191e4d837","name":"Redaktionen SvM","description":"Redaktionen","sameAs":["https:\/\/lightweb.dev\/l\/svm-temp"],"url":"https:\/\/lightweb.dev\/l\/svm-temp\/reporter\/redaktionen\/"}]}},"_links":{"self":[{"href":"https:\/\/lightweb.dev\/l\/svm-temp\/wp-json\/wp\/v2\/posts\/5225","targetHints":{"allow":["GET"]}}],"collection":[{"href":"https:\/\/lightweb.dev\/l\/svm-temp\/wp-json\/wp\/v2\/posts"}],"about":[{"href":"https:\/\/lightweb.dev\/l\/svm-temp\/wp-json\/wp\/v2\/types\/post"}],"author":[{"embeddable":true,"href":"https:\/\/lightweb.dev\/l\/svm-temp\/wp-json\/wp\/v2\/users\/8"}],"replies":[{"embeddable":true,"href":"https:\/\/lightweb.dev\/l\/svm-temp\/wp-json\/wp\/v2\/comments?post=5225"}],"version-history":[{"count":0,"href":"https:\/\/lightweb.dev\/l\/svm-temp\/wp-json\/wp\/v2\/posts\/5225\/revisions"}],"wp:featuredmedia":[{"embeddable":true,"href":"https:\/\/lightweb.dev\/l\/svm-temp\/wp-json\/wp\/v2\/media\/5226"}],"wp:attachment":[{"href":"https:\/\/lightweb.dev\/l\/svm-temp\/wp-json\/wp\/v2\/media?parent=5225"}],"wp:term":[{"taxonomy":"category","embeddable":true,"href":"https:\/\/lightweb.dev\/l\/svm-temp\/wp-json\/wp\/v2\/categories?post=5225"},{"taxonomy":"post_tag","embeddable":true,"href":"https:\/\/lightweb.dev\/l\/svm-temp\/wp-json\/wp\/v2\/tags?post=5225"}],"curies":[{"name":"wp","href":"https:\/\/api.w.org\/{rel}","templated":true}]}}