{"id":5227,"date":"2015-02-12T00:00:00","date_gmt":"2015-02-11T23:00:00","guid":{"rendered":"https:\/\/lightweb.dev\/l\/svm-temp\/spanien-just-nu-sakerhetstank\/"},"modified":"2015-02-12T00:00:00","modified_gmt":"2015-02-11T23:00:00","slug":"spanien-just-nu-sakerhetstank","status":"publish","type":"post","link":"https:\/\/lightweb.dev\/l\/svm-temp\/artiklar\/spanien-just-nu-sakerhetstank\/","title":{"rendered":"Spanien just nu &#8211; s\u00e4kerhetst\u00e4nk"},"content":{"rendered":"<p> Samtidigt som attentatet i Paris mot v\u00e4nstertidningen Charlie Hebdo utf\u00f6rde islamistmilisen Boko Haram flera attentat och det talades om tusentals d\u00f6da. Det var inte sv\u00e5rt att se vilka som fick uppm\u00e4rksamheten. N\u00e5gra minnesstunder, vackra och k\u00e4nslosamma tal efter att tusentals m\u00e4nniskor varav flera barn hade avr\u00e4ttats i Nigeria fick vi inte h\u00f6ra. I st\u00e4llet fick omkomna anarkister uppm\u00e4rksamheten de som bidrar till antisemitiska hatbrott. Av Ola Josefsson<\/p>\n<p>F\u00f6reg\u00e5ngaren till Charlie Hebdo var satirtidningen Hara-Kiri som f\u00f6rbj\u00f6ds i Frankrike. Den 16 november 1970 hade Hara-Kiri raljerat och kommenterat den pensionerade franske presidenten Charles de Gaulles d\u00f6d i Colombey-les-Deux-\u00c9glises som intr\u00e4ffat en vecka efter en stor diskoteksbrand d\u00e4r 146 omkom: \u201dTragisk bal i Colombey: En d\u00f6d\u201d. Den respektl\u00f6sa rubriken satt av ansvarsl\u00f6sa anarkister blev f\u00f6r mycket i Frankrike och regeringen stoppade tidningen.<\/p>\n<p>Redaktionen startade en vecka senare Charlie Hebdo d\u00e4r Charlie skulle vara en h\u00e4nvisning till Charles de Gaulle. Satirtidningen skulle knappast bli k\u00e4nd f\u00f6r att h\u00e5na Frankrikes v\u00e4nsterintellektuella politiska och kulturella etablissemang. Deras h\u00e5n har i st\u00e4llet riktats mot Katolska kyrkan, de har h\u00e5nat och f\u00f6rl\u00f6jligat Muhammed och \u00e4ven den judiska religionen i en tid av v\u00e4xande antisemitism.<\/p>\n<p>Bara tre veckor efter terrorattentatet mot en judisk kosherbutik i Paris h\u00f6lls minnesstunder p\u00e5 70-\u00e5rsdagen av befrielsen av Nazitysklands koncentrationsl\u00e4ger Auschwitz. H\u00e4r talades det om religi\u00f6sa skolor \u2013 utan att precisera vilka &#8211; som f\u00f6respr\u00e5kar antisemitism.<br \/>\nEnligt en rapport (EU-organet FRA) fr\u00e5n 2013 som redovisar statistik \u00f6ver antisemitiska hatbrott och vilka som oftast f\u00e4llde \u201dnegativa yttranden om judar\u201d s\u00e5 var det v\u00e4nsterextremister. N\u00e4r fr\u00e5gan g\u00e4llde fysiskt v\u00e5ld och hot var det d\u00e4remot oftast extrema muslimer som l\u00e5g bakom.<\/p>\n<p>Jag l\u00e4ste nyligen en intressant text av id\u00e9historikern och debatt\u00f6ren i etik och r\u00e4ttsfr\u00e5gor, Lars F Eklund, att offer f\u00f6r terrorattacken i Paris skulle begravas i stadens Pantheon. Det verkar logiskt, skriver Eklund. I Pantheon ligger \u00e4ven kristendomshataren, elitisten och rasisten Voltaire. H\u00e4r ligger ocks\u00e5 Jean-Babtiste Marat som kr\u00e4vde att Ludvig XVI och Marie-Antionette skulle d\u00f6. Marat var arkitekten bakom skr\u00e4ckv\u00e4ldet som d\u00f6dade tusentals och som gett Europa begreppet terror.<br \/>\n\u201dI riktig satir h\u00f6r man dessutom sj\u00e4lv till det sammanhang som kritiseras\u201d skriver Eklund och jag kunde inte ha sagt det b\u00e4ttre. Extrema muslimer och anarkister \u2013 sannerligen en brokig samling som alla s\u00f6ker uppm\u00e4rksamhet.<\/p>\n<p>Spaniens motsvarighet till Charlie Hebdo \u00e4r El Jueves som f\u00f6ddes 27 maj 1977 och som vid flera tillf\u00e4llen h\u00e5nat kungahuset. Kanske n\u00e5gon minns 2007 d\u00e5 tidningen publicerade sexkarikatyrer p\u00e5 nuvarande kungaparet Felipe VI och Letizia och tidningen f\u00e4lldes i domstol f\u00f6r kr\u00e4nkning.<br \/>\nIfjol planerade satirtidningen h\u00e5na don Juan Carlos som \u00f6verl\u00e4mnar en stinkande och skitig kungakrona till Felipe. \u00c4garna valde i st\u00e4llet att publicera en teckning p\u00e5 v\u00e4nsterpopulisten Pablo Iglesias med rubriken \u201den stj\u00e4rna \u00e4r f\u00f6dd\u201d&#8230;<\/p>\n<p>Spanien \u00e4r ett land som har drabbats av terror sedan slutet av 1960-talet d\u00e5 v\u00e4nstergerillan ETA och GRAPO inledde sin v\u00e4pnade kamp med \u00f6ver 850 offer. Spanien har god kunskap i terrorismens verklighet p\u00e5 ett helt annat s\u00e4tt \u00e4n exempelvis Sverige. S\u00e4kerhetst\u00e4nket \u00e4r p\u00e5fallande.<br \/>\nDen som noggrant f\u00f6ljer nyhetsfl\u00f6det i Spanien ser ganska snart hur ofta s\u00e4kerhet n\u00e4mns. Det \u00e4r ocks\u00e5 n\u00e5got som det pratas om bland Spaniensvenskar. Nio av tio jag talar med uppger att det k\u00e4nns tryggare och s\u00e4krare att g\u00e5 hem fr\u00e5n krogen sent en kv\u00e4ll i Spanien \u00e4n i Sverige.<\/p>\n<p>S\u00e4kerhetst\u00e4nket kommer i konflikt d\u00e5 \u00f6ppenhet diskuteras och Spanien f\u00e5r ibland motst\u00e5 kritik. L\u00e4nder som g\u00e4rna pekar finger p\u00e5 Spanien \u00e4r Sverige. Det g\u00e4ller i synnerhet situationen i de spanska enklaverna i Nordafrika och lagen om allm\u00e4n s\u00e4kerhet som i svensk media har d\u00f6pts om till munkavlelagen. Kritikerna menar att lagen inskr\u00e4nker p\u00e5 demonstrationsr\u00e4tten och r\u00e4tten att yttra sin \u00e5sikt offentligt.<\/p>\n<p>Tr\u00e5ngboddheten i Ceuta och Melilla verkar en del vara helt ovetande om. Att s\u00e4tta sig in i situationen tycks vara komplicerat f\u00f6r vissa d\u00e5 Spanien \u00e4r det enda land i Europa som har enklaver i Nordafrika. Enorma flyktingstr\u00f6mmar, droghandel, fundamentalism, terrorhot och m\u00e4nniskosmuggling tillh\u00f6r vardagen. Situationen beskrivs som oh\u00e5llbar och Spanien f\u00e5r st\u00e4ndigt f\u00f6rsvara sin politik att de f\u00f6ljer lagen om de m\u00e4nskliga r\u00e4ttigheterna.<\/p>\n<p>Cecilia Malmstr\u00f6m, tidigare EU-kommission\u00e4ren f\u00f6r inrikesfr\u00e5gor, \u00e4r en av de som riktat h\u00e5rdast kritik mot hur Spanien hanterar flyktingsituationen i Ceuta och Melilla. N\u00e4r Spanien inbj\u00f6d do\u00f1a Malmstr\u00f6m att bes\u00f6ka enklaverna s\u00e5 tackade hon nej och angav tidsbrist. S\u00e5 intresserad var hon av att skaffa sig en egen bild av verkligheten. Till slut tvingades hon resa till Madrid f\u00f6r att tr\u00e4ffa den spanske inrikesministern.<br \/>\nSpanien k\u00e4nner s\u00e4kert stor trygghet i att Greklands Dimitris Avramopoulos sedan november 2014 \u00e4r EU-kommission\u00e4r med ansvar f\u00f6r inrikesfr\u00e5gor. Grekland \u00e4r lika utsatt f\u00f6r flyktingstr\u00f6mmar som Spanien och Avramopoulos v\u00e4ntas ha bilden klar f\u00f6r sig.<\/p>\n<p>Vi talar om tv\u00e5 spanska enklaver i Nordafrika som ocks\u00e5 \u00e4r EU:s s\u00f6dra gr\u00e4ns mot muslimska l\u00e4nder. De flesta som tillh\u00f6r samh\u00e4llsordningen islam \u00e4r inte terrorister. Men det g\u00e5r inte att komma ifr\u00e5n att de flesta terrorister tillh\u00f6r islam med jihadism som dess v\u00e4pnade uttryck. Det finns m\u00e5nga varianter men alla f\u00f6renas av id\u00e9n att religion och politik \u00e4r ett.<\/p>\n","protected":false},"excerpt":{"rendered":"<p>Samtidigt som attentatet i Paris mot v\u00e4nstertidningen Charlie Hebdo utf\u00f6rde islamistmilisen Boko Haram flera attentat och det talades om tusentals d\u00f6da. Det var inte sv\u00e5rt att se vilka som fick uppm\u00e4rksamheten. N\u00e5gra minnesstunder, vackra och k\u00e4nslosamma tal efter att tusentals m\u00e4nniskor varav flera barn hade avr\u00e4ttats i Nigeria fick vi inte h\u00f6ra. I st\u00e4llet fick [&hellip;]<\/p>\n","protected":false},"author":8,"featured_media":5228,"comment_status":"open","ping_status":"open","sticky":false,"template":"","format":"standard","meta":{"_et_pb_use_builder":"","_et_pb_old_content":"","_et_gb_content_width":"","footnotes":""},"categories":[4,36],"tags":[],"class_list":["post-5227","post","type-post","status-publish","format-standard","has-post-thumbnail","hentry","category-artiklar","category-spanien-just-nu"],"yoast_head":"<!-- This site is optimized with the Yoast SEO Premium plugin v26.2 (Yoast SEO v27.4) - https:\/\/yoast.com\/product\/yoast-seo-premium-wordpress\/ -->\n<title>Spanien just nu - s\u00e4kerhetst\u00e4nk - Svenska Magasinet<\/title>\n<meta name=\"robots\" content=\"noindex, follow, max-snippet:-1, max-image-preview:large, max-video-preview:-1\" \/>\n<meta property=\"og:locale\" content=\"sv_SE\" \/>\n<meta property=\"og:type\" content=\"article\" \/>\n<meta property=\"og:title\" content=\"Spanien just nu - s\u00e4kerhetst\u00e4nk\" \/>\n<meta property=\"og:description\" content=\"Samtidigt som attentatet i Paris mot v\u00e4nstertidningen Charlie Hebdo utf\u00f6rde islamistmilisen Boko Haram flera attentat och det talades om tusentals d\u00f6da. Det var inte sv\u00e5rt att se vilka som fick uppm\u00e4rksamheten. N\u00e5gra minnesstunder, vackra och k\u00e4nslosamma tal efter att tusentals m\u00e4nniskor varav flera barn hade avr\u00e4ttats i Nigeria fick vi inte h\u00f6ra. I st\u00e4llet fick [&hellip;]\" \/>\n<meta property=\"og:url\" content=\"https:\/\/lightweb.dev\/l\/svm-temp\/artiklar\/spanien-just-nu-sakerhetstank\/\" \/>\n<meta property=\"og:site_name\" content=\"Svenska Magasinet\" \/>\n<meta property=\"article:publisher\" content=\"https:\/\/www.facebook.com\/svenskamagasinet\" \/>\n<meta property=\"article:published_time\" content=\"2015-02-11T23:00:00+00:00\" \/>\n<meta property=\"og:image\" content=\"https:\/\/lightweb.dev\/l\/svm-temp\/wp-content\/uploads\/2022\/04\/spanien-just-nu-skerhetstnk.png\" \/>\n\t<meta property=\"og:image:width\" content=\"280\" \/>\n\t<meta property=\"og:image:height\" content=\"419\" \/>\n\t<meta property=\"og:image:type\" content=\"image\/png\" \/>\n<meta name=\"author\" content=\"Redaktionen SvM\" \/>\n<meta name=\"twitter:card\" content=\"summary_large_image\" \/>\n<meta name=\"twitter:creator\" content=\"@SvenskaMagasine\" \/>\n<meta name=\"twitter:site\" content=\"@SvenskaMagasine\" \/>\n<script type=\"application\/ld+json\" class=\"yoast-schema-graph\">{\"@context\":\"https:\\\/\\\/schema.org\",\"@graph\":[{\"@type\":\"Article\",\"@id\":\"https:\\\/\\\/lightweb.dev\\\/l\\\/svm-temp\\\/artiklar\\\/spanien-just-nu-sakerhetstank\\\/#article\",\"isPartOf\":{\"@id\":\"https:\\\/\\\/lightweb.dev\\\/l\\\/svm-temp\\\/artiklar\\\/spanien-just-nu-sakerhetstank\\\/\"},\"author\":{\"name\":\"Redaktionen SvM\",\"@id\":\"https:\\\/\\\/lightweb.dev\\\/l\\\/svm-temp\\\/#\\\/schema\\\/person\\\/206a3bda5b607b0c25e1749191e4d837\"},\"headline\":\"Spanien just nu &#8211; s\u00e4kerhetst\u00e4nk\",\"datePublished\":\"2015-02-11T23:00:00+00:00\",\"mainEntityOfPage\":{\"@id\":\"https:\\\/\\\/lightweb.dev\\\/l\\\/svm-temp\\\/artiklar\\\/spanien-just-nu-sakerhetstank\\\/\"},\"wordCount\":975,\"commentCount\":0,\"publisher\":{\"@id\":\"https:\\\/\\\/lightweb.dev\\\/l\\\/svm-temp\\\/#organization\"},\"image\":{\"@id\":\"https:\\\/\\\/lightweb.dev\\\/l\\\/svm-temp\\\/artiklar\\\/spanien-just-nu-sakerhetstank\\\/#primaryimage\"},\"thumbnailUrl\":\"https:\\\/\\\/lightweb.dev\\\/l\\\/svm-temp\\\/wp-content\\\/uploads\\\/2022\\\/04\\\/spanien-just-nu-skerhetstnk.png\",\"articleSection\":[\"Artiklar\",\"Spanien just nu\"],\"inLanguage\":\"sv-SE\"},{\"@type\":\"WebPage\",\"@id\":\"https:\\\/\\\/lightweb.dev\\\/l\\\/svm-temp\\\/artiklar\\\/spanien-just-nu-sakerhetstank\\\/\",\"url\":\"https:\\\/\\\/lightweb.dev\\\/l\\\/svm-temp\\\/artiklar\\\/spanien-just-nu-sakerhetstank\\\/\",\"name\":\"Spanien just nu - s\u00e4kerhetst\u00e4nk - Svenska Magasinet\",\"isPartOf\":{\"@id\":\"https:\\\/\\\/lightweb.dev\\\/l\\\/svm-temp\\\/#website\"},\"primaryImageOfPage\":{\"@id\":\"https:\\\/\\\/lightweb.dev\\\/l\\\/svm-temp\\\/artiklar\\\/spanien-just-nu-sakerhetstank\\\/#primaryimage\"},\"image\":{\"@id\":\"https:\\\/\\\/lightweb.dev\\\/l\\\/svm-temp\\\/artiklar\\\/spanien-just-nu-sakerhetstank\\\/#primaryimage\"},\"thumbnailUrl\":\"https:\\\/\\\/lightweb.dev\\\/l\\\/svm-temp\\\/wp-content\\\/uploads\\\/2022\\\/04\\\/spanien-just-nu-skerhetstnk.png\",\"datePublished\":\"2015-02-11T23:00:00+00:00\",\"breadcrumb\":{\"@id\":\"https:\\\/\\\/lightweb.dev\\\/l\\\/svm-temp\\\/artiklar\\\/spanien-just-nu-sakerhetstank\\\/#breadcrumb\"},\"inLanguage\":\"sv-SE\",\"potentialAction\":[{\"@type\":\"ReadAction\",\"target\":[\"https:\\\/\\\/lightweb.dev\\\/l\\\/svm-temp\\\/artiklar\\\/spanien-just-nu-sakerhetstank\\\/\"]}]},{\"@type\":\"ImageObject\",\"inLanguage\":\"sv-SE\",\"@id\":\"https:\\\/\\\/lightweb.dev\\\/l\\\/svm-temp\\\/artiklar\\\/spanien-just-nu-sakerhetstank\\\/#primaryimage\",\"url\":\"https:\\\/\\\/lightweb.dev\\\/l\\\/svm-temp\\\/wp-content\\\/uploads\\\/2022\\\/04\\\/spanien-just-nu-skerhetstnk.png\",\"contentUrl\":\"https:\\\/\\\/lightweb.dev\\\/l\\\/svm-temp\\\/wp-content\\\/uploads\\\/2022\\\/04\\\/spanien-just-nu-skerhetstnk.png\",\"width\":280,\"height\":419},{\"@type\":\"BreadcrumbList\",\"@id\":\"https:\\\/\\\/lightweb.dev\\\/l\\\/svm-temp\\\/artiklar\\\/spanien-just-nu-sakerhetstank\\\/#breadcrumb\",\"itemListElement\":[{\"@type\":\"ListItem\",\"position\":1,\"name\":\"Hem\",\"item\":\"https:\\\/\\\/lightweb.dev\\\/l\\\/svm-temp\\\/\"},{\"@type\":\"ListItem\",\"position\":2,\"name\":\"Spanien just nu &#8211; s\u00e4kerhetst\u00e4nk\"}]},{\"@type\":\"WebSite\",\"@id\":\"https:\\\/\\\/lightweb.dev\\\/l\\\/svm-temp\\\/#website\",\"url\":\"https:\\\/\\\/lightweb.dev\\\/l\\\/svm-temp\\\/\",\"name\":\"Svenska Magasinet\",\"description\":\"Dina Spanska nyheter p&aring; Svenska\",\"publisher\":{\"@id\":\"https:\\\/\\\/lightweb.dev\\\/l\\\/svm-temp\\\/#organization\"},\"potentialAction\":[{\"@type\":\"SearchAction\",\"target\":{\"@type\":\"EntryPoint\",\"urlTemplate\":\"https:\\\/\\\/lightweb.dev\\\/l\\\/svm-temp\\\/?s={search_term_string}\"},\"query-input\":{\"@type\":\"PropertyValueSpecification\",\"valueRequired\":true,\"valueName\":\"search_term_string\"}}],\"inLanguage\":\"sv-SE\"},{\"@type\":\"Organization\",\"@id\":\"https:\\\/\\\/lightweb.dev\\\/l\\\/svm-temp\\\/#organization\",\"name\":\"Melkerson y Nott SL\",\"alternateName\":\"Svenska Magasinet\",\"url\":\"https:\\\/\\\/lightweb.dev\\\/l\\\/svm-temp\\\/\",\"logo\":{\"@type\":\"ImageObject\",\"inLanguage\":\"sv-SE\",\"@id\":\"https:\\\/\\\/lightweb.dev\\\/l\\\/svm-temp\\\/#\\\/schema\\\/logo\\\/image\\\/\",\"url\":\"https:\\\/\\\/lightweb.dev\\\/l\\\/svm-temp\\\/wp-content\\\/uploads\\\/2025\\\/02\\\/SvM-logo-Xtra-Centrerad-SVART.png\",\"contentUrl\":\"https:\\\/\\\/lightweb.dev\\\/l\\\/svm-temp\\\/wp-content\\\/uploads\\\/2025\\\/02\\\/SvM-logo-Xtra-Centrerad-SVART.png\",\"width\":300,\"height\":99,\"caption\":\"Melkerson y Nott SL\"},\"image\":{\"@id\":\"https:\\\/\\\/lightweb.dev\\\/l\\\/svm-temp\\\/#\\\/schema\\\/logo\\\/image\\\/\"},\"sameAs\":[\"https:\\\/\\\/www.facebook.com\\\/svenskamagasinet\",\"https:\\\/\\\/x.com\\\/SvenskaMagasine\"]},{\"@type\":\"Person\",\"@id\":\"https:\\\/\\\/lightweb.dev\\\/l\\\/svm-temp\\\/#\\\/schema\\\/person\\\/206a3bda5b607b0c25e1749191e4d837\",\"name\":\"Redaktionen SvM\",\"description\":\"Redaktionen\",\"sameAs\":[\"https:\\\/\\\/lightweb.dev\\\/l\\\/svm-temp\"],\"url\":\"https:\\\/\\\/lightweb.dev\\\/l\\\/svm-temp\\\/reporter\\\/redaktionen\\\/\"}]}<\/script>\n<!-- \/ Yoast SEO Premium plugin. -->","yoast_head_json":{"title":"Spanien just nu - s\u00e4kerhetst\u00e4nk - Svenska Magasinet","robots":{"index":"noindex","follow":"follow","max-snippet":"max-snippet:-1","max-image-preview":"max-image-preview:large","max-video-preview":"max-video-preview:-1"},"og_locale":"sv_SE","og_type":"article","og_title":"Spanien just nu - s\u00e4kerhetst\u00e4nk","og_description":"Samtidigt som attentatet i Paris mot v\u00e4nstertidningen Charlie Hebdo utf\u00f6rde islamistmilisen Boko Haram flera attentat och det talades om tusentals d\u00f6da. Det var inte sv\u00e5rt att se vilka som fick uppm\u00e4rksamheten. N\u00e5gra minnesstunder, vackra och k\u00e4nslosamma tal efter att tusentals m\u00e4nniskor varav flera barn hade avr\u00e4ttats i Nigeria fick vi inte h\u00f6ra. I st\u00e4llet fick [&hellip;]","og_url":"https:\/\/lightweb.dev\/l\/svm-temp\/artiklar\/spanien-just-nu-sakerhetstank\/","og_site_name":"Svenska Magasinet","article_publisher":"https:\/\/www.facebook.com\/svenskamagasinet","article_published_time":"2015-02-11T23:00:00+00:00","og_image":[{"width":280,"height":419,"url":"https:\/\/lightweb.dev\/l\/svm-temp\/wp-content\/uploads\/2022\/04\/spanien-just-nu-skerhetstnk.png","type":"image\/png"}],"author":"Redaktionen SvM","twitter_card":"summary_large_image","twitter_creator":"@SvenskaMagasine","twitter_site":"@SvenskaMagasine","schema":{"@context":"https:\/\/schema.org","@graph":[{"@type":"Article","@id":"https:\/\/lightweb.dev\/l\/svm-temp\/artiklar\/spanien-just-nu-sakerhetstank\/#article","isPartOf":{"@id":"https:\/\/lightweb.dev\/l\/svm-temp\/artiklar\/spanien-just-nu-sakerhetstank\/"},"author":{"name":"Redaktionen SvM","@id":"https:\/\/lightweb.dev\/l\/svm-temp\/#\/schema\/person\/206a3bda5b607b0c25e1749191e4d837"},"headline":"Spanien just nu &#8211; s\u00e4kerhetst\u00e4nk","datePublished":"2015-02-11T23:00:00+00:00","mainEntityOfPage":{"@id":"https:\/\/lightweb.dev\/l\/svm-temp\/artiklar\/spanien-just-nu-sakerhetstank\/"},"wordCount":975,"commentCount":0,"publisher":{"@id":"https:\/\/lightweb.dev\/l\/svm-temp\/#organization"},"image":{"@id":"https:\/\/lightweb.dev\/l\/svm-temp\/artiklar\/spanien-just-nu-sakerhetstank\/#primaryimage"},"thumbnailUrl":"https:\/\/lightweb.dev\/l\/svm-temp\/wp-content\/uploads\/2022\/04\/spanien-just-nu-skerhetstnk.png","articleSection":["Artiklar","Spanien just nu"],"inLanguage":"sv-SE"},{"@type":"WebPage","@id":"https:\/\/lightweb.dev\/l\/svm-temp\/artiklar\/spanien-just-nu-sakerhetstank\/","url":"https:\/\/lightweb.dev\/l\/svm-temp\/artiklar\/spanien-just-nu-sakerhetstank\/","name":"Spanien just nu - s\u00e4kerhetst\u00e4nk - Svenska Magasinet","isPartOf":{"@id":"https:\/\/lightweb.dev\/l\/svm-temp\/#website"},"primaryImageOfPage":{"@id":"https:\/\/lightweb.dev\/l\/svm-temp\/artiklar\/spanien-just-nu-sakerhetstank\/#primaryimage"},"image":{"@id":"https:\/\/lightweb.dev\/l\/svm-temp\/artiklar\/spanien-just-nu-sakerhetstank\/#primaryimage"},"thumbnailUrl":"https:\/\/lightweb.dev\/l\/svm-temp\/wp-content\/uploads\/2022\/04\/spanien-just-nu-skerhetstnk.png","datePublished":"2015-02-11T23:00:00+00:00","breadcrumb":{"@id":"https:\/\/lightweb.dev\/l\/svm-temp\/artiklar\/spanien-just-nu-sakerhetstank\/#breadcrumb"},"inLanguage":"sv-SE","potentialAction":[{"@type":"ReadAction","target":["https:\/\/lightweb.dev\/l\/svm-temp\/artiklar\/spanien-just-nu-sakerhetstank\/"]}]},{"@type":"ImageObject","inLanguage":"sv-SE","@id":"https:\/\/lightweb.dev\/l\/svm-temp\/artiklar\/spanien-just-nu-sakerhetstank\/#primaryimage","url":"https:\/\/lightweb.dev\/l\/svm-temp\/wp-content\/uploads\/2022\/04\/spanien-just-nu-skerhetstnk.png","contentUrl":"https:\/\/lightweb.dev\/l\/svm-temp\/wp-content\/uploads\/2022\/04\/spanien-just-nu-skerhetstnk.png","width":280,"height":419},{"@type":"BreadcrumbList","@id":"https:\/\/lightweb.dev\/l\/svm-temp\/artiklar\/spanien-just-nu-sakerhetstank\/#breadcrumb","itemListElement":[{"@type":"ListItem","position":1,"name":"Hem","item":"https:\/\/lightweb.dev\/l\/svm-temp\/"},{"@type":"ListItem","position":2,"name":"Spanien just nu &#8211; s\u00e4kerhetst\u00e4nk"}]},{"@type":"WebSite","@id":"https:\/\/lightweb.dev\/l\/svm-temp\/#website","url":"https:\/\/lightweb.dev\/l\/svm-temp\/","name":"Svenska Magasinet","description":"Dina Spanska nyheter p&aring; Svenska","publisher":{"@id":"https:\/\/lightweb.dev\/l\/svm-temp\/#organization"},"potentialAction":[{"@type":"SearchAction","target":{"@type":"EntryPoint","urlTemplate":"https:\/\/lightweb.dev\/l\/svm-temp\/?s={search_term_string}"},"query-input":{"@type":"PropertyValueSpecification","valueRequired":true,"valueName":"search_term_string"}}],"inLanguage":"sv-SE"},{"@type":"Organization","@id":"https:\/\/lightweb.dev\/l\/svm-temp\/#organization","name":"Melkerson y Nott SL","alternateName":"Svenska Magasinet","url":"https:\/\/lightweb.dev\/l\/svm-temp\/","logo":{"@type":"ImageObject","inLanguage":"sv-SE","@id":"https:\/\/lightweb.dev\/l\/svm-temp\/#\/schema\/logo\/image\/","url":"https:\/\/lightweb.dev\/l\/svm-temp\/wp-content\/uploads\/2025\/02\/SvM-logo-Xtra-Centrerad-SVART.png","contentUrl":"https:\/\/lightweb.dev\/l\/svm-temp\/wp-content\/uploads\/2025\/02\/SvM-logo-Xtra-Centrerad-SVART.png","width":300,"height":99,"caption":"Melkerson y Nott SL"},"image":{"@id":"https:\/\/lightweb.dev\/l\/svm-temp\/#\/schema\/logo\/image\/"},"sameAs":["https:\/\/www.facebook.com\/svenskamagasinet","https:\/\/x.com\/SvenskaMagasine"]},{"@type":"Person","@id":"https:\/\/lightweb.dev\/l\/svm-temp\/#\/schema\/person\/206a3bda5b607b0c25e1749191e4d837","name":"Redaktionen SvM","description":"Redaktionen","sameAs":["https:\/\/lightweb.dev\/l\/svm-temp"],"url":"https:\/\/lightweb.dev\/l\/svm-temp\/reporter\/redaktionen\/"}]}},"_links":{"self":[{"href":"https:\/\/lightweb.dev\/l\/svm-temp\/wp-json\/wp\/v2\/posts\/5227","targetHints":{"allow":["GET"]}}],"collection":[{"href":"https:\/\/lightweb.dev\/l\/svm-temp\/wp-json\/wp\/v2\/posts"}],"about":[{"href":"https:\/\/lightweb.dev\/l\/svm-temp\/wp-json\/wp\/v2\/types\/post"}],"author":[{"embeddable":true,"href":"https:\/\/lightweb.dev\/l\/svm-temp\/wp-json\/wp\/v2\/users\/8"}],"replies":[{"embeddable":true,"href":"https:\/\/lightweb.dev\/l\/svm-temp\/wp-json\/wp\/v2\/comments?post=5227"}],"version-history":[{"count":0,"href":"https:\/\/lightweb.dev\/l\/svm-temp\/wp-json\/wp\/v2\/posts\/5227\/revisions"}],"wp:featuredmedia":[{"embeddable":true,"href":"https:\/\/lightweb.dev\/l\/svm-temp\/wp-json\/wp\/v2\/media\/5228"}],"wp:attachment":[{"href":"https:\/\/lightweb.dev\/l\/svm-temp\/wp-json\/wp\/v2\/media?parent=5227"}],"wp:term":[{"taxonomy":"category","embeddable":true,"href":"https:\/\/lightweb.dev\/l\/svm-temp\/wp-json\/wp\/v2\/categories?post=5227"},{"taxonomy":"post_tag","embeddable":true,"href":"https:\/\/lightweb.dev\/l\/svm-temp\/wp-json\/wp\/v2\/tags?post=5227"}],"curies":[{"name":"wp","href":"https:\/\/api.w.org\/{rel}","templated":true}]}}