{"id":5229,"date":"2015-02-11T00:00:00","date_gmt":"2015-02-10T23:00:00","guid":{"rendered":"https:\/\/lightweb.dev\/l\/svm-temp\/hans-g-idrott-och-politik-hor-inte-ihop\/"},"modified":"2015-02-11T00:00:00","modified_gmt":"2015-02-10T23:00:00","slug":"hans-g-idrott-och-politik-hor-inte-ihop","status":"publish","type":"post","link":"https:\/\/lightweb.dev\/l\/svm-temp\/artiklar\/hans-g-idrott-och-politik-hor-inte-ihop\/","title":{"rendered":"Hans G: Idrott och politik h\u00f6r inte ihop"},"content":{"rendered":"<p> Som de flesta lite idrottsintresserade svenskar slog jag mig ner i f\u00e5t\u00f6ljen f\u00f6r att besk\u00e5da VM i handboll. Det var drygt 15 \u00e5r sedan jag hade tillg\u00e5ng till svensk TV s\u00e5 det h\u00e4r s\u00e5g jag fram emot. Jag visste ju givetvis att det inte var \u201dBengan Boys\u201d vi pratade om men man borde kunna hoppas p\u00e5 en kvartsfinal och med lite tur i sv\u00e4ngarna kanske till och med en semi. Eller som \u201dBengan\u201d Johansson sa vid ett tillf\u00e4lle n\u00e4r Sverige l\u00e5g under med 6 m\u00e5l i halvtid mot Polen: \u201d Det finns ingen anledning att kasta yxan i sj\u00f6n, snarare tv\u00e4rtom\u201d. Hur det skulle g\u00e5 till att kasta sj\u00f6n i yxan vet jag inte, det visste nog inte \u201dBengan\u201d heller, men roligt var det. N\u00e5v\u00e4l, i \u00e5r gick VM ju i Doha i Qatar, vad dom nu har med handboll att g\u00f6ra. F\u00f6r tv\u00e5 \u00e5r sedan n\u00e4r VM gick i Spanien hamnade dom p\u00e5 20:e plats. Bland annat fick dom torsk mot Danmark med 38-18. Av Hans G<br \/>\ne-post: hansgmijas@gmail.com<\/p>\n<p>I vilket fall som helst s\u00e5 var det invigningsmatch, v\u00e4rdlandet mot Brasilien. Laguppst\u00e4llningarna kom upp p\u00e5 tavlan. I Brasilien var det som vanligt en massa Santos, Felix och Junior. S\u00e5 d\u00f6k namnen p\u00e5 det Qatarska laget upp. Markovic, Mimosevic, Mallash, Saric, Vidal och s\u00e5 vidare. Inte en Hassan eller Al-Bin s\u00e5 l\u00e5ngt \u00f6gat kunde se. Man blir lite orolig. Kan det vara s\u00e5 att man f\u00e5tt in fel match, fel kanal. Att det h\u00e4r \u00e4r Serbien eller Kroatien. Men nej d\u00e5, det \u00e4r r\u00e4tt match, det \u00e4r bara fel gubbar. Dom som \u00e4r nere p\u00e5 plan \u00e4r inte mer qatarer \u00e4n min kusin i Skurup. Men dom har idrottspass. Qatariska. Det \u00e4r enkel matematik.<\/p>\n<p>N\u00e4r Emiren av Qatar lyckats k\u00f6pa VM i handboll ins\u00e5g han att det inte skulle bli n\u00e5gon fantastisk PR f\u00f6r landet om dom hade hamnat p\u00e5 20 plats igen. S\u00e5 han k\u00f6pte helt enkelt p\u00e5 sig ett lag. Elva hyfsat bra gubbar, inga direkta v\u00e4rldsstj\u00e4rnor med undantag av m\u00e5lvakten Saric som i vardagslag st\u00e5r i Barcelona. Och s\u00e5 d\u00e5 f\u00f6rst\u00e5s Spaniens tr\u00e4nare Valero Rivera. I vilket fall som helst, fr\u00e4mlingslegionen Qatar tog sig, med hj\u00e4lp av ett ok\u00e4nt antal miljoner, till final. Spelarna \u00e4r givetvis bara tillf\u00e4lliga medborgare men hade dom vunnit pratas det om att dom skulle bli hedersmedborgare. D\u00e5 hade dom sluppit att betala skatt ovanp\u00e5 allt, f\u00f6r i Qatar betalas ingen skatt.<\/p>\n<p>MEN INGENTING F\u00d6RV\u00c5NAR L\u00c4NGRE. Dom har ju, med god hj\u00e4lp av Sepp \u201dBladder\u201d k\u00f6pt VM i fotboll ocks\u00e5. Det skall bli kul att se hur Emiren l\u00f6ser den grejen. N\u00e4r VM normalt spelas \u00e4r det 50 grader varmt d\u00e4r nere i \u00f6knen. S\u00e5 det blir till att lira i str\u00e5hatt. Men det blir sv\u00e5rare f\u00f6r Emiren att k\u00f6pa ihop ett fotbollslag i v\u00e4rldsklass eftersom fotbollen har andra regler \u00e4n handbollen. Men vem vet, blir \u201dBladder\u201d omvald som FIFA:s orf\u00f6rande kanske han ser till att \u00e4ndra p\u00e5 reglerna. Mot lite ers\u00e4ttning f\u00f6rst\u00e5s.<\/p>\n<p>K\u00c4RT BARN HAR M\u00c5NGA NAMN. Qatars env\u00e5ldsh\u00e4rskare heter egentligen Emir Sheikh Tamim bin Hamad al Thani. Man kan ju inte g\u00e4rna bara heta Knut n\u00e4r man \u00e4r en s\u00e5n storfr\u00e4sare och b\u00e4sta kompis med Tony Blair. Qatars folkm\u00e4ngd har \u00f6kat kraftigt p\u00e5 senare tid. Nu \u00e4r man uppe i 2,1 miljoner men det \u00e4r bara 278.000 som \u00e4r qatarer, resten \u00e4r inhyrd arbetskraft, mestadels indier. D\u00e4r snackas det inte om m\u00e4nskliga r\u00e4ttigheter inte. Det \u00e4r ett riktigt litet putte-nuttland Emiren styr och st\u00e4ller \u00f6ver. Efter Saudi Arabien \u00e4r det det mest konservativa arablandet. Men det s\u00e4gs att den nuvarande emiren \u00e4r mycket sn\u00e4llare \u00e4n vad hans farsa var. Nu har till och med kvinnor r\u00f6str\u00e4tt. Men det \u00e4r Sharia-lagar som g\u00e4ller. Om en kvinna vittnar i ett r\u00e4ttsfall \u00e4r hennes vittnesm\u00e5l bara v\u00e4rt h\u00e4lften av en mans. Stening och piskning \u00e4r glada tidsf\u00f6rdriv. Blir du till exempel ertappad med att k\u00f6ra bil och \u00e4r p\u00e5 snusen s\u00e5 \u00e4r det 100 piskrapp som g\u00e4ller. R\u00e5kar man vara homosexuell \u00e4r det \u00e4nnu v\u00e4rre. D\u00e5 g\u00e4ller d\u00f6dsstraff. Och det h\u00e4r g\u00e4ller alla som befinner sig i Qatar. Men det finns ju v\u00e4rre grejer s\u00e5 det \u00e4r ingen som snackar skit om emiren. Dessutom har han ju gas och olja en masse.<\/p>\n<p>Men idrott och politik h\u00f6r inte ihop s\u00e5 det \u00e4r bara att lira p\u00e5 och skratta hela v\u00e4gen till banken.<\/p>\n<p>Saludos amigas\/os<br \/>\nM\u00e5 v\u00e4l och ta hand om er.<\/p>\n","protected":false},"excerpt":{"rendered":"<p>Som de flesta lite idrottsintresserade svenskar slog jag mig ner i f\u00e5t\u00f6ljen f\u00f6r att besk\u00e5da VM i handboll. Det var drygt 15 \u00e5r sedan jag hade tillg\u00e5ng till svensk TV s\u00e5 det h\u00e4r s\u00e5g jag fram emot. Jag visste ju givetvis att det inte var \u201dBengan Boys\u201d vi pratade om men man borde kunna hoppas [&hellip;]<\/p>\n","protected":false},"author":8,"featured_media":5230,"comment_status":"open","ping_status":"open","sticky":false,"template":"","format":"standard","meta":{"_et_pb_use_builder":"","_et_pb_old_content":"","_et_gb_content_width":"","footnotes":""},"categories":[396,4],"tags":[],"class_list":["post-5229","post","type-post","status-publish","format-standard","has-post-thumbnail","hentry","category-arkiv-artiklar","category-artiklar"],"yoast_head":"<!-- This site is optimized with the Yoast SEO Premium plugin v26.2 (Yoast SEO v27.4) - https:\/\/yoast.com\/product\/yoast-seo-premium-wordpress\/ -->\n<title>Hans G: Idrott och politik h\u00f6r inte ihop - Svenska Magasinet<\/title>\n<meta name=\"robots\" content=\"noindex, follow, max-snippet:-1, max-image-preview:large, max-video-preview:-1\" \/>\n<meta property=\"og:locale\" content=\"sv_SE\" \/>\n<meta property=\"og:type\" content=\"article\" \/>\n<meta property=\"og:title\" content=\"Hans G: Idrott och politik h\u00f6r inte ihop\" \/>\n<meta property=\"og:description\" content=\"Som de flesta lite idrottsintresserade svenskar slog jag mig ner i f\u00e5t\u00f6ljen f\u00f6r att besk\u00e5da VM i handboll. Det var drygt 15 \u00e5r sedan jag hade tillg\u00e5ng till svensk TV s\u00e5 det h\u00e4r s\u00e5g jag fram emot. Jag visste ju givetvis att det inte var \u201dBengan Boys\u201d vi pratade om men man borde kunna hoppas [&hellip;]\" \/>\n<meta property=\"og:url\" content=\"https:\/\/lightweb.dev\/l\/svm-temp\/artiklar\/hans-g-idrott-och-politik-hor-inte-ihop\/\" \/>\n<meta property=\"og:site_name\" content=\"Svenska Magasinet\" \/>\n<meta property=\"article:publisher\" content=\"https:\/\/www.facebook.com\/svenskamagasinet\" \/>\n<meta property=\"article:published_time\" content=\"2015-02-10T23:00:00+00:00\" \/>\n<meta property=\"og:image\" content=\"https:\/\/lightweb.dev\/l\/svm-temp\/wp-content\/uploads\/2022\/04\/hans-g-idrott-och-politik-hr-inte-ihop.png\" \/>\n\t<meta property=\"og:image:width\" content=\"280\" \/>\n\t<meta property=\"og:image:height\" content=\"498\" \/>\n\t<meta property=\"og:image:type\" content=\"image\/png\" \/>\n<meta name=\"author\" content=\"Redaktionen SvM\" \/>\n<meta name=\"twitter:card\" content=\"summary_large_image\" \/>\n<meta name=\"twitter:creator\" content=\"@SvenskaMagasine\" \/>\n<meta name=\"twitter:site\" content=\"@SvenskaMagasine\" \/>\n<script type=\"application\/ld+json\" class=\"yoast-schema-graph\">{\"@context\":\"https:\\\/\\\/schema.org\",\"@graph\":[{\"@type\":\"Article\",\"@id\":\"https:\\\/\\\/lightweb.dev\\\/l\\\/svm-temp\\\/artiklar\\\/hans-g-idrott-och-politik-hor-inte-ihop\\\/#article\",\"isPartOf\":{\"@id\":\"https:\\\/\\\/lightweb.dev\\\/l\\\/svm-temp\\\/artiklar\\\/hans-g-idrott-och-politik-hor-inte-ihop\\\/\"},\"author\":{\"name\":\"Redaktionen SvM\",\"@id\":\"https:\\\/\\\/lightweb.dev\\\/l\\\/svm-temp\\\/#\\\/schema\\\/person\\\/206a3bda5b607b0c25e1749191e4d837\"},\"headline\":\"Hans G: Idrott och politik h\u00f6r inte ihop\",\"datePublished\":\"2015-02-10T23:00:00+00:00\",\"mainEntityOfPage\":{\"@id\":\"https:\\\/\\\/lightweb.dev\\\/l\\\/svm-temp\\\/artiklar\\\/hans-g-idrott-och-politik-hor-inte-ihop\\\/\"},\"wordCount\":830,\"commentCount\":0,\"publisher\":{\"@id\":\"https:\\\/\\\/lightweb.dev\\\/l\\\/svm-temp\\\/#organization\"},\"image\":{\"@id\":\"https:\\\/\\\/lightweb.dev\\\/l\\\/svm-temp\\\/artiklar\\\/hans-g-idrott-och-politik-hor-inte-ihop\\\/#primaryimage\"},\"thumbnailUrl\":\"https:\\\/\\\/lightweb.dev\\\/l\\\/svm-temp\\\/wp-content\\\/uploads\\\/2022\\\/04\\\/hans-g-idrott-och-politik-hr-inte-ihop.png\",\"articleSection\":[\"Arkiv\",\"Artiklar\"],\"inLanguage\":\"sv-SE\"},{\"@type\":\"WebPage\",\"@id\":\"https:\\\/\\\/lightweb.dev\\\/l\\\/svm-temp\\\/artiklar\\\/hans-g-idrott-och-politik-hor-inte-ihop\\\/\",\"url\":\"https:\\\/\\\/lightweb.dev\\\/l\\\/svm-temp\\\/artiklar\\\/hans-g-idrott-och-politik-hor-inte-ihop\\\/\",\"name\":\"Hans G: Idrott och politik h\u00f6r inte ihop - Svenska Magasinet\",\"isPartOf\":{\"@id\":\"https:\\\/\\\/lightweb.dev\\\/l\\\/svm-temp\\\/#website\"},\"primaryImageOfPage\":{\"@id\":\"https:\\\/\\\/lightweb.dev\\\/l\\\/svm-temp\\\/artiklar\\\/hans-g-idrott-och-politik-hor-inte-ihop\\\/#primaryimage\"},\"image\":{\"@id\":\"https:\\\/\\\/lightweb.dev\\\/l\\\/svm-temp\\\/artiklar\\\/hans-g-idrott-och-politik-hor-inte-ihop\\\/#primaryimage\"},\"thumbnailUrl\":\"https:\\\/\\\/lightweb.dev\\\/l\\\/svm-temp\\\/wp-content\\\/uploads\\\/2022\\\/04\\\/hans-g-idrott-och-politik-hr-inte-ihop.png\",\"datePublished\":\"2015-02-10T23:00:00+00:00\",\"breadcrumb\":{\"@id\":\"https:\\\/\\\/lightweb.dev\\\/l\\\/svm-temp\\\/artiklar\\\/hans-g-idrott-och-politik-hor-inte-ihop\\\/#breadcrumb\"},\"inLanguage\":\"sv-SE\",\"potentialAction\":[{\"@type\":\"ReadAction\",\"target\":[\"https:\\\/\\\/lightweb.dev\\\/l\\\/svm-temp\\\/artiklar\\\/hans-g-idrott-och-politik-hor-inte-ihop\\\/\"]}]},{\"@type\":\"ImageObject\",\"inLanguage\":\"sv-SE\",\"@id\":\"https:\\\/\\\/lightweb.dev\\\/l\\\/svm-temp\\\/artiklar\\\/hans-g-idrott-och-politik-hor-inte-ihop\\\/#primaryimage\",\"url\":\"https:\\\/\\\/lightweb.dev\\\/l\\\/svm-temp\\\/wp-content\\\/uploads\\\/2022\\\/04\\\/hans-g-idrott-och-politik-hr-inte-ihop.png\",\"contentUrl\":\"https:\\\/\\\/lightweb.dev\\\/l\\\/svm-temp\\\/wp-content\\\/uploads\\\/2022\\\/04\\\/hans-g-idrott-och-politik-hr-inte-ihop.png\",\"width\":280,\"height\":498},{\"@type\":\"BreadcrumbList\",\"@id\":\"https:\\\/\\\/lightweb.dev\\\/l\\\/svm-temp\\\/artiklar\\\/hans-g-idrott-och-politik-hor-inte-ihop\\\/#breadcrumb\",\"itemListElement\":[{\"@type\":\"ListItem\",\"position\":1,\"name\":\"Hem\",\"item\":\"https:\\\/\\\/lightweb.dev\\\/l\\\/svm-temp\\\/\"},{\"@type\":\"ListItem\",\"position\":2,\"name\":\"Hans G: Idrott och politik h\u00f6r inte ihop\"}]},{\"@type\":\"WebSite\",\"@id\":\"https:\\\/\\\/lightweb.dev\\\/l\\\/svm-temp\\\/#website\",\"url\":\"https:\\\/\\\/lightweb.dev\\\/l\\\/svm-temp\\\/\",\"name\":\"Svenska Magasinet\",\"description\":\"Dina Spanska nyheter p&aring; Svenska\",\"publisher\":{\"@id\":\"https:\\\/\\\/lightweb.dev\\\/l\\\/svm-temp\\\/#organization\"},\"potentialAction\":[{\"@type\":\"SearchAction\",\"target\":{\"@type\":\"EntryPoint\",\"urlTemplate\":\"https:\\\/\\\/lightweb.dev\\\/l\\\/svm-temp\\\/?s={search_term_string}\"},\"query-input\":{\"@type\":\"PropertyValueSpecification\",\"valueRequired\":true,\"valueName\":\"search_term_string\"}}],\"inLanguage\":\"sv-SE\"},{\"@type\":\"Organization\",\"@id\":\"https:\\\/\\\/lightweb.dev\\\/l\\\/svm-temp\\\/#organization\",\"name\":\"Melkerson y Nott SL\",\"alternateName\":\"Svenska Magasinet\",\"url\":\"https:\\\/\\\/lightweb.dev\\\/l\\\/svm-temp\\\/\",\"logo\":{\"@type\":\"ImageObject\",\"inLanguage\":\"sv-SE\",\"@id\":\"https:\\\/\\\/lightweb.dev\\\/l\\\/svm-temp\\\/#\\\/schema\\\/logo\\\/image\\\/\",\"url\":\"https:\\\/\\\/lightweb.dev\\\/l\\\/svm-temp\\\/wp-content\\\/uploads\\\/2025\\\/02\\\/SvM-logo-Xtra-Centrerad-SVART.png\",\"contentUrl\":\"https:\\\/\\\/lightweb.dev\\\/l\\\/svm-temp\\\/wp-content\\\/uploads\\\/2025\\\/02\\\/SvM-logo-Xtra-Centrerad-SVART.png\",\"width\":300,\"height\":99,\"caption\":\"Melkerson y Nott SL\"},\"image\":{\"@id\":\"https:\\\/\\\/lightweb.dev\\\/l\\\/svm-temp\\\/#\\\/schema\\\/logo\\\/image\\\/\"},\"sameAs\":[\"https:\\\/\\\/www.facebook.com\\\/svenskamagasinet\",\"https:\\\/\\\/x.com\\\/SvenskaMagasine\"]},{\"@type\":\"Person\",\"@id\":\"https:\\\/\\\/lightweb.dev\\\/l\\\/svm-temp\\\/#\\\/schema\\\/person\\\/206a3bda5b607b0c25e1749191e4d837\",\"name\":\"Redaktionen SvM\",\"description\":\"Redaktionen\",\"sameAs\":[\"https:\\\/\\\/lightweb.dev\\\/l\\\/svm-temp\"],\"url\":\"https:\\\/\\\/lightweb.dev\\\/l\\\/svm-temp\\\/reporter\\\/redaktionen\\\/\"}]}<\/script>\n<!-- \/ Yoast SEO Premium plugin. -->","yoast_head_json":{"title":"Hans G: Idrott och politik h\u00f6r inte ihop - Svenska Magasinet","robots":{"index":"noindex","follow":"follow","max-snippet":"max-snippet:-1","max-image-preview":"max-image-preview:large","max-video-preview":"max-video-preview:-1"},"og_locale":"sv_SE","og_type":"article","og_title":"Hans G: Idrott och politik h\u00f6r inte ihop","og_description":"Som de flesta lite idrottsintresserade svenskar slog jag mig ner i f\u00e5t\u00f6ljen f\u00f6r att besk\u00e5da VM i handboll. Det var drygt 15 \u00e5r sedan jag hade tillg\u00e5ng till svensk TV s\u00e5 det h\u00e4r s\u00e5g jag fram emot. Jag visste ju givetvis att det inte var \u201dBengan Boys\u201d vi pratade om men man borde kunna hoppas [&hellip;]","og_url":"https:\/\/lightweb.dev\/l\/svm-temp\/artiklar\/hans-g-idrott-och-politik-hor-inte-ihop\/","og_site_name":"Svenska Magasinet","article_publisher":"https:\/\/www.facebook.com\/svenskamagasinet","article_published_time":"2015-02-10T23:00:00+00:00","og_image":[{"width":280,"height":498,"url":"https:\/\/lightweb.dev\/l\/svm-temp\/wp-content\/uploads\/2022\/04\/hans-g-idrott-och-politik-hr-inte-ihop.png","type":"image\/png"}],"author":"Redaktionen SvM","twitter_card":"summary_large_image","twitter_creator":"@SvenskaMagasine","twitter_site":"@SvenskaMagasine","schema":{"@context":"https:\/\/schema.org","@graph":[{"@type":"Article","@id":"https:\/\/lightweb.dev\/l\/svm-temp\/artiklar\/hans-g-idrott-och-politik-hor-inte-ihop\/#article","isPartOf":{"@id":"https:\/\/lightweb.dev\/l\/svm-temp\/artiklar\/hans-g-idrott-och-politik-hor-inte-ihop\/"},"author":{"name":"Redaktionen SvM","@id":"https:\/\/lightweb.dev\/l\/svm-temp\/#\/schema\/person\/206a3bda5b607b0c25e1749191e4d837"},"headline":"Hans G: Idrott och politik h\u00f6r inte ihop","datePublished":"2015-02-10T23:00:00+00:00","mainEntityOfPage":{"@id":"https:\/\/lightweb.dev\/l\/svm-temp\/artiklar\/hans-g-idrott-och-politik-hor-inte-ihop\/"},"wordCount":830,"commentCount":0,"publisher":{"@id":"https:\/\/lightweb.dev\/l\/svm-temp\/#organization"},"image":{"@id":"https:\/\/lightweb.dev\/l\/svm-temp\/artiklar\/hans-g-idrott-och-politik-hor-inte-ihop\/#primaryimage"},"thumbnailUrl":"https:\/\/lightweb.dev\/l\/svm-temp\/wp-content\/uploads\/2022\/04\/hans-g-idrott-och-politik-hr-inte-ihop.png","articleSection":["Arkiv","Artiklar"],"inLanguage":"sv-SE"},{"@type":"WebPage","@id":"https:\/\/lightweb.dev\/l\/svm-temp\/artiklar\/hans-g-idrott-och-politik-hor-inte-ihop\/","url":"https:\/\/lightweb.dev\/l\/svm-temp\/artiklar\/hans-g-idrott-och-politik-hor-inte-ihop\/","name":"Hans G: Idrott och politik h\u00f6r inte ihop - Svenska Magasinet","isPartOf":{"@id":"https:\/\/lightweb.dev\/l\/svm-temp\/#website"},"primaryImageOfPage":{"@id":"https:\/\/lightweb.dev\/l\/svm-temp\/artiklar\/hans-g-idrott-och-politik-hor-inte-ihop\/#primaryimage"},"image":{"@id":"https:\/\/lightweb.dev\/l\/svm-temp\/artiklar\/hans-g-idrott-och-politik-hor-inte-ihop\/#primaryimage"},"thumbnailUrl":"https:\/\/lightweb.dev\/l\/svm-temp\/wp-content\/uploads\/2022\/04\/hans-g-idrott-och-politik-hr-inte-ihop.png","datePublished":"2015-02-10T23:00:00+00:00","breadcrumb":{"@id":"https:\/\/lightweb.dev\/l\/svm-temp\/artiklar\/hans-g-idrott-och-politik-hor-inte-ihop\/#breadcrumb"},"inLanguage":"sv-SE","potentialAction":[{"@type":"ReadAction","target":["https:\/\/lightweb.dev\/l\/svm-temp\/artiklar\/hans-g-idrott-och-politik-hor-inte-ihop\/"]}]},{"@type":"ImageObject","inLanguage":"sv-SE","@id":"https:\/\/lightweb.dev\/l\/svm-temp\/artiklar\/hans-g-idrott-och-politik-hor-inte-ihop\/#primaryimage","url":"https:\/\/lightweb.dev\/l\/svm-temp\/wp-content\/uploads\/2022\/04\/hans-g-idrott-och-politik-hr-inte-ihop.png","contentUrl":"https:\/\/lightweb.dev\/l\/svm-temp\/wp-content\/uploads\/2022\/04\/hans-g-idrott-och-politik-hr-inte-ihop.png","width":280,"height":498},{"@type":"BreadcrumbList","@id":"https:\/\/lightweb.dev\/l\/svm-temp\/artiklar\/hans-g-idrott-och-politik-hor-inte-ihop\/#breadcrumb","itemListElement":[{"@type":"ListItem","position":1,"name":"Hem","item":"https:\/\/lightweb.dev\/l\/svm-temp\/"},{"@type":"ListItem","position":2,"name":"Hans G: Idrott och politik h\u00f6r inte ihop"}]},{"@type":"WebSite","@id":"https:\/\/lightweb.dev\/l\/svm-temp\/#website","url":"https:\/\/lightweb.dev\/l\/svm-temp\/","name":"Svenska Magasinet","description":"Dina Spanska nyheter p&aring; Svenska","publisher":{"@id":"https:\/\/lightweb.dev\/l\/svm-temp\/#organization"},"potentialAction":[{"@type":"SearchAction","target":{"@type":"EntryPoint","urlTemplate":"https:\/\/lightweb.dev\/l\/svm-temp\/?s={search_term_string}"},"query-input":{"@type":"PropertyValueSpecification","valueRequired":true,"valueName":"search_term_string"}}],"inLanguage":"sv-SE"},{"@type":"Organization","@id":"https:\/\/lightweb.dev\/l\/svm-temp\/#organization","name":"Melkerson y Nott SL","alternateName":"Svenska Magasinet","url":"https:\/\/lightweb.dev\/l\/svm-temp\/","logo":{"@type":"ImageObject","inLanguage":"sv-SE","@id":"https:\/\/lightweb.dev\/l\/svm-temp\/#\/schema\/logo\/image\/","url":"https:\/\/lightweb.dev\/l\/svm-temp\/wp-content\/uploads\/2025\/02\/SvM-logo-Xtra-Centrerad-SVART.png","contentUrl":"https:\/\/lightweb.dev\/l\/svm-temp\/wp-content\/uploads\/2025\/02\/SvM-logo-Xtra-Centrerad-SVART.png","width":300,"height":99,"caption":"Melkerson y Nott SL"},"image":{"@id":"https:\/\/lightweb.dev\/l\/svm-temp\/#\/schema\/logo\/image\/"},"sameAs":["https:\/\/www.facebook.com\/svenskamagasinet","https:\/\/x.com\/SvenskaMagasine"]},{"@type":"Person","@id":"https:\/\/lightweb.dev\/l\/svm-temp\/#\/schema\/person\/206a3bda5b607b0c25e1749191e4d837","name":"Redaktionen SvM","description":"Redaktionen","sameAs":["https:\/\/lightweb.dev\/l\/svm-temp"],"url":"https:\/\/lightweb.dev\/l\/svm-temp\/reporter\/redaktionen\/"}]}},"_links":{"self":[{"href":"https:\/\/lightweb.dev\/l\/svm-temp\/wp-json\/wp\/v2\/posts\/5229","targetHints":{"allow":["GET"]}}],"collection":[{"href":"https:\/\/lightweb.dev\/l\/svm-temp\/wp-json\/wp\/v2\/posts"}],"about":[{"href":"https:\/\/lightweb.dev\/l\/svm-temp\/wp-json\/wp\/v2\/types\/post"}],"author":[{"embeddable":true,"href":"https:\/\/lightweb.dev\/l\/svm-temp\/wp-json\/wp\/v2\/users\/8"}],"replies":[{"embeddable":true,"href":"https:\/\/lightweb.dev\/l\/svm-temp\/wp-json\/wp\/v2\/comments?post=5229"}],"version-history":[{"count":0,"href":"https:\/\/lightweb.dev\/l\/svm-temp\/wp-json\/wp\/v2\/posts\/5229\/revisions"}],"wp:featuredmedia":[{"embeddable":true,"href":"https:\/\/lightweb.dev\/l\/svm-temp\/wp-json\/wp\/v2\/media\/5230"}],"wp:attachment":[{"href":"https:\/\/lightweb.dev\/l\/svm-temp\/wp-json\/wp\/v2\/media?parent=5229"}],"wp:term":[{"taxonomy":"category","embeddable":true,"href":"https:\/\/lightweb.dev\/l\/svm-temp\/wp-json\/wp\/v2\/categories?post=5229"},{"taxonomy":"post_tag","embeddable":true,"href":"https:\/\/lightweb.dev\/l\/svm-temp\/wp-json\/wp\/v2\/tags?post=5229"}],"curies":[{"name":"wp","href":"https:\/\/api.w.org\/{rel}","templated":true}]}}