{"id":5231,"date":"2015-02-11T00:00:00","date_gmt":"2015-02-10T23:00:00","guid":{"rendered":"https:\/\/lightweb.dev\/l\/svm-temp\/fraga-advokaten-javsregler-vad-ar-det-och-vad-innebar-de\/"},"modified":"2015-02-11T00:00:00","modified_gmt":"2015-02-10T23:00:00","slug":"fraga-advokaten-javsregler-vad-ar-det-och-vad-innebar-de","status":"publish","type":"post","link":"https:\/\/lightweb.dev\/l\/svm-temp\/artiklar\/fraga-advokaten-javsregler-vad-ar-det-och-vad-innebar-de\/","title":{"rendered":"Fr\u00e5ga advokaten: J\u00e4vsregler &#8211; vad \u00e4r det och vad inneb\u00e4r de?"},"content":{"rendered":"<p> Hej! Jag var p\u00e5 ett mycket trevligt f\u00f6redrag mer er byr\u00e5 h\u00e4romveckan d\u00e4r ni gav mycket matnyttig information om lagar och regler.  Jag vill minnas att ni ocks\u00e5 sa n\u00e5got om j\u00e4vsregler som ni f\u00f6ljer. Vad \u00e4r det f\u00f6r regler och vad inneb\u00e4r de? Av Jonas Nordgren, Bitr\u00e4dande jurist vid Advokatfirman G\u00f6ran Rise<\/p>\n<p>Svar: Advokatfirman G\u00f6ran Rise st\u00e5r under tillsyn av b\u00e5de Ilustre Colegio de Abogados de M\u00e1laga och Sveriges advokatsamfund.<\/p>\n<p>Det svenska advokatsamfundet har ett i allra h\u00f6gsta grad levande regelverk som advokater \u00e4r skyldiga att f\u00f6lja i sin verksamhet oavsett var den bedrivs, t.ex. i Spanien. F\u00f6ljs inte regelverket vidtar advokatsamfundets disciplinn\u00e4mnd \u00e5tg\u00e4rder s\u00e5som anm\u00e4rkning, straffavgift eller i v\u00e4rsta fall uteslutning.<\/p>\n<p>Ut\u00f6ver s\u00e4rskilda bokf\u00f6ringsregler skall alla advokater som \u00e4r medlemmar av Sveriges advokatsamfund f\u00f6lja vad som kallas \u201dGod advokatsed\u201d.<\/p>\n<p>God advokatsed \u00e4r ett begrepp som styr hur en svensk advokat ut\u00f6var yrket och \u00e4r en samling r\u00e4ttigheter och skyldigheter f\u00f6r advokaten och dennes klient.<\/p>\n<p>Den fr\u00e4msta skyldigheten f\u00f6r advokaten \u00e4r att som en \u201doberoende r\u00e5dgivare f\u00f6retr\u00e4da och tillvarata klientens intressen\u201d. F\u00f6r att klienten skall kunna lita p\u00e5 att advokaten verkligen \u00e4r oberoende och att det endast \u00e4r klientens intressen som tillvaratas finns det bland annat ett f\u00f6rbud mot att l\u00e4mna provision till den som skickar klienter till advokaten och av st\u00f6rst betydelse \u00e4r reglerna om \u201dj\u00e4v\u201d.<\/p>\n<p>J\u00e4v, d.v.s. motstridiga intressen, anses f\u00f6religga i f\u00f6ljande situationer (notera att exemplen inte \u00e4r utt\u00f6mmande).  En svensk advokat anses bland annat vara j\u00e4vig n\u00e4r advokaten bitr\u00e4der motparten i ett \u00e4rende som r\u00f6r samma sak eller i en n\u00e4rliggande sak, n\u00e4r annan advokat p\u00e5 byr\u00e5n bitr\u00e4der annan klient i ett \u00e4rende som r\u00f6r samma sak, n\u00e4r advokaten, eller n\u00e5gon denne n\u00e4rst\u00e5ende, har intressen med anknytning till saken.<\/p>\n<p>Det \u00e4r d\u00e4rmed om\u00f6jligt f\u00f6r oss p\u00e5 advokatbyr\u00e5n, i samband med en fuktskada i en fastighet d\u00e4r ansvaret f\u00f6r skadan ligger hos antingen Comunidaden och\/eller en fastighets\u00e4gare, att representera b\u00e5de Comunidaden och den fastighets\u00e4gare anspr\u00e5k riktas mot.<\/p>\n<p>N\u00e4r j\u00e4v f\u00f6religger \u00e4r en svensk advokat f\u00f6rhindrad att \u00e5ta sig uppdraget. Skulle ett uppdrag antas och det senare visar sig att j\u00e4v f\u00f6religger \u00e4r advokaten skyldig att omedelbart fr\u00e5ntr\u00e4da uppdraget och f\u00e5r endast uppb\u00e4ra betalning f\u00f6r det arbete som strikt sett varit klienten till gagn.<\/p>\n<p>Syftet med reglerna \u00e4r att Du som klient alltid skall veta att advokaten vid utf\u00f6rande av sitt uppdrag endast tar tillvara Dina intressen och att den information som Du l\u00e4mnar om Din situation och person aldrig kommer att anv\u00e4ndas mot Dig.<\/p>\n","protected":false},"excerpt":{"rendered":"<p>Hej! Jag var p\u00e5 ett mycket trevligt f\u00f6redrag mer er byr\u00e5 h\u00e4romveckan d\u00e4r ni gav mycket matnyttig information om lagar och regler. Jag vill minnas att ni ocks\u00e5 sa n\u00e5got om j\u00e4vsregler som ni f\u00f6ljer. Vad \u00e4r det f\u00f6r regler och vad inneb\u00e4r de? Av Jonas Nordgren, Bitr\u00e4dande jurist vid Advokatfirman G\u00f6ran Rise Svar: Advokatfirman [&hellip;]<\/p>\n","protected":false},"author":8,"featured_media":5232,"comment_status":"open","ping_status":"open","sticky":false,"template":"","format":"standard","meta":{"_et_pb_use_builder":"","_et_pb_old_content":"","_et_gb_content_width":"","footnotes":""},"categories":[396,4],"tags":[],"class_list":["post-5231","post","type-post","status-publish","format-standard","has-post-thumbnail","hentry","category-arkiv-artiklar","category-artiklar"],"yoast_head":"<!-- This site is optimized with the Yoast SEO Premium plugin v26.2 (Yoast SEO v27.4) - https:\/\/yoast.com\/product\/yoast-seo-premium-wordpress\/ -->\n<title>Fr\u00e5ga advokaten: J\u00e4vsregler - vad \u00e4r det och vad inneb\u00e4r de? - Svenska Magasinet<\/title>\n<meta name=\"robots\" content=\"noindex, follow, max-snippet:-1, max-image-preview:large, max-video-preview:-1\" \/>\n<meta property=\"og:locale\" content=\"sv_SE\" \/>\n<meta property=\"og:type\" content=\"article\" \/>\n<meta property=\"og:title\" content=\"Fr\u00e5ga advokaten: J\u00e4vsregler - vad \u00e4r det och vad inneb\u00e4r de?\" \/>\n<meta property=\"og:description\" content=\"Hej! Jag var p\u00e5 ett mycket trevligt f\u00f6redrag mer er byr\u00e5 h\u00e4romveckan d\u00e4r ni gav mycket matnyttig information om lagar och regler. Jag vill minnas att ni ocks\u00e5 sa n\u00e5got om j\u00e4vsregler som ni f\u00f6ljer. Vad \u00e4r det f\u00f6r regler och vad inneb\u00e4r de? Av Jonas Nordgren, Bitr\u00e4dande jurist vid Advokatfirman G\u00f6ran Rise Svar: Advokatfirman [&hellip;]\" \/>\n<meta property=\"og:url\" content=\"https:\/\/lightweb.dev\/l\/svm-temp\/artiklar\/fraga-advokaten-javsregler-vad-ar-det-och-vad-innebar-de\/\" \/>\n<meta property=\"og:site_name\" content=\"Svenska Magasinet\" \/>\n<meta property=\"article:publisher\" content=\"https:\/\/www.facebook.com\/svenskamagasinet\" \/>\n<meta property=\"article:published_time\" content=\"2015-02-10T23:00:00+00:00\" \/>\n<meta property=\"og:image\" content=\"https:\/\/lightweb.dev\/l\/svm-temp\/wp-content\/uploads\/2022\/04\/frga-advokaten-jvsregler-vad-r-det-och-vad-innebr-de.png\" \/>\n\t<meta property=\"og:image:width\" content=\"280\" \/>\n\t<meta property=\"og:image:height\" content=\"280\" \/>\n\t<meta property=\"og:image:type\" content=\"image\/png\" \/>\n<meta name=\"author\" content=\"Redaktionen SvM\" \/>\n<meta name=\"twitter:card\" content=\"summary_large_image\" \/>\n<meta name=\"twitter:creator\" content=\"@SvenskaMagasine\" \/>\n<meta name=\"twitter:site\" content=\"@SvenskaMagasine\" \/>\n<script type=\"application\/ld+json\" class=\"yoast-schema-graph\">{\"@context\":\"https:\\\/\\\/schema.org\",\"@graph\":[{\"@type\":\"Article\",\"@id\":\"https:\\\/\\\/lightweb.dev\\\/l\\\/svm-temp\\\/artiklar\\\/fraga-advokaten-javsregler-vad-ar-det-och-vad-innebar-de\\\/#article\",\"isPartOf\":{\"@id\":\"https:\\\/\\\/lightweb.dev\\\/l\\\/svm-temp\\\/artiklar\\\/fraga-advokaten-javsregler-vad-ar-det-och-vad-innebar-de\\\/\"},\"author\":{\"name\":\"Redaktionen SvM\",\"@id\":\"https:\\\/\\\/lightweb.dev\\\/l\\\/svm-temp\\\/#\\\/schema\\\/person\\\/206a3bda5b607b0c25e1749191e4d837\"},\"headline\":\"Fr\u00e5ga advokaten: J\u00e4vsregler &#8211; vad \u00e4r det och vad inneb\u00e4r de?\",\"datePublished\":\"2015-02-10T23:00:00+00:00\",\"mainEntityOfPage\":{\"@id\":\"https:\\\/\\\/lightweb.dev\\\/l\\\/svm-temp\\\/artiklar\\\/fraga-advokaten-javsregler-vad-ar-det-och-vad-innebar-de\\\/\"},\"wordCount\":506,\"commentCount\":0,\"publisher\":{\"@id\":\"https:\\\/\\\/lightweb.dev\\\/l\\\/svm-temp\\\/#organization\"},\"image\":{\"@id\":\"https:\\\/\\\/lightweb.dev\\\/l\\\/svm-temp\\\/artiklar\\\/fraga-advokaten-javsregler-vad-ar-det-och-vad-innebar-de\\\/#primaryimage\"},\"thumbnailUrl\":\"https:\\\/\\\/lightweb.dev\\\/l\\\/svm-temp\\\/wp-content\\\/uploads\\\/2022\\\/04\\\/frga-advokaten-jvsregler-vad-r-det-och-vad-innebr-de.png\",\"articleSection\":[\"Arkiv\",\"Artiklar\"],\"inLanguage\":\"sv-SE\"},{\"@type\":\"WebPage\",\"@id\":\"https:\\\/\\\/lightweb.dev\\\/l\\\/svm-temp\\\/artiklar\\\/fraga-advokaten-javsregler-vad-ar-det-och-vad-innebar-de\\\/\",\"url\":\"https:\\\/\\\/lightweb.dev\\\/l\\\/svm-temp\\\/artiklar\\\/fraga-advokaten-javsregler-vad-ar-det-och-vad-innebar-de\\\/\",\"name\":\"Fr\u00e5ga advokaten: J\u00e4vsregler - vad \u00e4r det och vad inneb\u00e4r de? - Svenska Magasinet\",\"isPartOf\":{\"@id\":\"https:\\\/\\\/lightweb.dev\\\/l\\\/svm-temp\\\/#website\"},\"primaryImageOfPage\":{\"@id\":\"https:\\\/\\\/lightweb.dev\\\/l\\\/svm-temp\\\/artiklar\\\/fraga-advokaten-javsregler-vad-ar-det-och-vad-innebar-de\\\/#primaryimage\"},\"image\":{\"@id\":\"https:\\\/\\\/lightweb.dev\\\/l\\\/svm-temp\\\/artiklar\\\/fraga-advokaten-javsregler-vad-ar-det-och-vad-innebar-de\\\/#primaryimage\"},\"thumbnailUrl\":\"https:\\\/\\\/lightweb.dev\\\/l\\\/svm-temp\\\/wp-content\\\/uploads\\\/2022\\\/04\\\/frga-advokaten-jvsregler-vad-r-det-och-vad-innebr-de.png\",\"datePublished\":\"2015-02-10T23:00:00+00:00\",\"breadcrumb\":{\"@id\":\"https:\\\/\\\/lightweb.dev\\\/l\\\/svm-temp\\\/artiklar\\\/fraga-advokaten-javsregler-vad-ar-det-och-vad-innebar-de\\\/#breadcrumb\"},\"inLanguage\":\"sv-SE\",\"potentialAction\":[{\"@type\":\"ReadAction\",\"target\":[\"https:\\\/\\\/lightweb.dev\\\/l\\\/svm-temp\\\/artiklar\\\/fraga-advokaten-javsregler-vad-ar-det-och-vad-innebar-de\\\/\"]}]},{\"@type\":\"ImageObject\",\"inLanguage\":\"sv-SE\",\"@id\":\"https:\\\/\\\/lightweb.dev\\\/l\\\/svm-temp\\\/artiklar\\\/fraga-advokaten-javsregler-vad-ar-det-och-vad-innebar-de\\\/#primaryimage\",\"url\":\"https:\\\/\\\/lightweb.dev\\\/l\\\/svm-temp\\\/wp-content\\\/uploads\\\/2022\\\/04\\\/frga-advokaten-jvsregler-vad-r-det-och-vad-innebr-de.png\",\"contentUrl\":\"https:\\\/\\\/lightweb.dev\\\/l\\\/svm-temp\\\/wp-content\\\/uploads\\\/2022\\\/04\\\/frga-advokaten-jvsregler-vad-r-det-och-vad-innebr-de.png\",\"width\":280,\"height\":280},{\"@type\":\"BreadcrumbList\",\"@id\":\"https:\\\/\\\/lightweb.dev\\\/l\\\/svm-temp\\\/artiklar\\\/fraga-advokaten-javsregler-vad-ar-det-och-vad-innebar-de\\\/#breadcrumb\",\"itemListElement\":[{\"@type\":\"ListItem\",\"position\":1,\"name\":\"Hem\",\"item\":\"https:\\\/\\\/lightweb.dev\\\/l\\\/svm-temp\\\/\"},{\"@type\":\"ListItem\",\"position\":2,\"name\":\"Fr\u00e5ga advokaten: J\u00e4vsregler &#8211; vad \u00e4r det och vad inneb\u00e4r de?\"}]},{\"@type\":\"WebSite\",\"@id\":\"https:\\\/\\\/lightweb.dev\\\/l\\\/svm-temp\\\/#website\",\"url\":\"https:\\\/\\\/lightweb.dev\\\/l\\\/svm-temp\\\/\",\"name\":\"Svenska Magasinet\",\"description\":\"Dina Spanska nyheter p&aring; Svenska\",\"publisher\":{\"@id\":\"https:\\\/\\\/lightweb.dev\\\/l\\\/svm-temp\\\/#organization\"},\"potentialAction\":[{\"@type\":\"SearchAction\",\"target\":{\"@type\":\"EntryPoint\",\"urlTemplate\":\"https:\\\/\\\/lightweb.dev\\\/l\\\/svm-temp\\\/?s={search_term_string}\"},\"query-input\":{\"@type\":\"PropertyValueSpecification\",\"valueRequired\":true,\"valueName\":\"search_term_string\"}}],\"inLanguage\":\"sv-SE\"},{\"@type\":\"Organization\",\"@id\":\"https:\\\/\\\/lightweb.dev\\\/l\\\/svm-temp\\\/#organization\",\"name\":\"Melkerson y Nott SL\",\"alternateName\":\"Svenska Magasinet\",\"url\":\"https:\\\/\\\/lightweb.dev\\\/l\\\/svm-temp\\\/\",\"logo\":{\"@type\":\"ImageObject\",\"inLanguage\":\"sv-SE\",\"@id\":\"https:\\\/\\\/lightweb.dev\\\/l\\\/svm-temp\\\/#\\\/schema\\\/logo\\\/image\\\/\",\"url\":\"https:\\\/\\\/lightweb.dev\\\/l\\\/svm-temp\\\/wp-content\\\/uploads\\\/2025\\\/02\\\/SvM-logo-Xtra-Centrerad-SVART.png\",\"contentUrl\":\"https:\\\/\\\/lightweb.dev\\\/l\\\/svm-temp\\\/wp-content\\\/uploads\\\/2025\\\/02\\\/SvM-logo-Xtra-Centrerad-SVART.png\",\"width\":300,\"height\":99,\"caption\":\"Melkerson y Nott SL\"},\"image\":{\"@id\":\"https:\\\/\\\/lightweb.dev\\\/l\\\/svm-temp\\\/#\\\/schema\\\/logo\\\/image\\\/\"},\"sameAs\":[\"https:\\\/\\\/www.facebook.com\\\/svenskamagasinet\",\"https:\\\/\\\/x.com\\\/SvenskaMagasine\"]},{\"@type\":\"Person\",\"@id\":\"https:\\\/\\\/lightweb.dev\\\/l\\\/svm-temp\\\/#\\\/schema\\\/person\\\/206a3bda5b607b0c25e1749191e4d837\",\"name\":\"Redaktionen SvM\",\"description\":\"Redaktionen\",\"sameAs\":[\"https:\\\/\\\/lightweb.dev\\\/l\\\/svm-temp\"],\"url\":\"https:\\\/\\\/lightweb.dev\\\/l\\\/svm-temp\\\/reporter\\\/redaktionen\\\/\"}]}<\/script>\n<!-- \/ Yoast SEO Premium plugin. -->","yoast_head_json":{"title":"Fr\u00e5ga advokaten: J\u00e4vsregler - vad \u00e4r det och vad inneb\u00e4r de? - Svenska Magasinet","robots":{"index":"noindex","follow":"follow","max-snippet":"max-snippet:-1","max-image-preview":"max-image-preview:large","max-video-preview":"max-video-preview:-1"},"og_locale":"sv_SE","og_type":"article","og_title":"Fr\u00e5ga advokaten: J\u00e4vsregler - vad \u00e4r det och vad inneb\u00e4r de?","og_description":"Hej! Jag var p\u00e5 ett mycket trevligt f\u00f6redrag mer er byr\u00e5 h\u00e4romveckan d\u00e4r ni gav mycket matnyttig information om lagar och regler. Jag vill minnas att ni ocks\u00e5 sa n\u00e5got om j\u00e4vsregler som ni f\u00f6ljer. Vad \u00e4r det f\u00f6r regler och vad inneb\u00e4r de? Av Jonas Nordgren, Bitr\u00e4dande jurist vid Advokatfirman G\u00f6ran Rise Svar: Advokatfirman [&hellip;]","og_url":"https:\/\/lightweb.dev\/l\/svm-temp\/artiklar\/fraga-advokaten-javsregler-vad-ar-det-och-vad-innebar-de\/","og_site_name":"Svenska Magasinet","article_publisher":"https:\/\/www.facebook.com\/svenskamagasinet","article_published_time":"2015-02-10T23:00:00+00:00","og_image":[{"width":280,"height":280,"url":"https:\/\/lightweb.dev\/l\/svm-temp\/wp-content\/uploads\/2022\/04\/frga-advokaten-jvsregler-vad-r-det-och-vad-innebr-de.png","type":"image\/png"}],"author":"Redaktionen SvM","twitter_card":"summary_large_image","twitter_creator":"@SvenskaMagasine","twitter_site":"@SvenskaMagasine","schema":{"@context":"https:\/\/schema.org","@graph":[{"@type":"Article","@id":"https:\/\/lightweb.dev\/l\/svm-temp\/artiklar\/fraga-advokaten-javsregler-vad-ar-det-och-vad-innebar-de\/#article","isPartOf":{"@id":"https:\/\/lightweb.dev\/l\/svm-temp\/artiklar\/fraga-advokaten-javsregler-vad-ar-det-och-vad-innebar-de\/"},"author":{"name":"Redaktionen SvM","@id":"https:\/\/lightweb.dev\/l\/svm-temp\/#\/schema\/person\/206a3bda5b607b0c25e1749191e4d837"},"headline":"Fr\u00e5ga advokaten: J\u00e4vsregler &#8211; vad \u00e4r det och vad inneb\u00e4r de?","datePublished":"2015-02-10T23:00:00+00:00","mainEntityOfPage":{"@id":"https:\/\/lightweb.dev\/l\/svm-temp\/artiklar\/fraga-advokaten-javsregler-vad-ar-det-och-vad-innebar-de\/"},"wordCount":506,"commentCount":0,"publisher":{"@id":"https:\/\/lightweb.dev\/l\/svm-temp\/#organization"},"image":{"@id":"https:\/\/lightweb.dev\/l\/svm-temp\/artiklar\/fraga-advokaten-javsregler-vad-ar-det-och-vad-innebar-de\/#primaryimage"},"thumbnailUrl":"https:\/\/lightweb.dev\/l\/svm-temp\/wp-content\/uploads\/2022\/04\/frga-advokaten-jvsregler-vad-r-det-och-vad-innebr-de.png","articleSection":["Arkiv","Artiklar"],"inLanguage":"sv-SE"},{"@type":"WebPage","@id":"https:\/\/lightweb.dev\/l\/svm-temp\/artiklar\/fraga-advokaten-javsregler-vad-ar-det-och-vad-innebar-de\/","url":"https:\/\/lightweb.dev\/l\/svm-temp\/artiklar\/fraga-advokaten-javsregler-vad-ar-det-och-vad-innebar-de\/","name":"Fr\u00e5ga advokaten: J\u00e4vsregler - vad \u00e4r det och vad inneb\u00e4r de? - Svenska Magasinet","isPartOf":{"@id":"https:\/\/lightweb.dev\/l\/svm-temp\/#website"},"primaryImageOfPage":{"@id":"https:\/\/lightweb.dev\/l\/svm-temp\/artiklar\/fraga-advokaten-javsregler-vad-ar-det-och-vad-innebar-de\/#primaryimage"},"image":{"@id":"https:\/\/lightweb.dev\/l\/svm-temp\/artiklar\/fraga-advokaten-javsregler-vad-ar-det-och-vad-innebar-de\/#primaryimage"},"thumbnailUrl":"https:\/\/lightweb.dev\/l\/svm-temp\/wp-content\/uploads\/2022\/04\/frga-advokaten-jvsregler-vad-r-det-och-vad-innebr-de.png","datePublished":"2015-02-10T23:00:00+00:00","breadcrumb":{"@id":"https:\/\/lightweb.dev\/l\/svm-temp\/artiklar\/fraga-advokaten-javsregler-vad-ar-det-och-vad-innebar-de\/#breadcrumb"},"inLanguage":"sv-SE","potentialAction":[{"@type":"ReadAction","target":["https:\/\/lightweb.dev\/l\/svm-temp\/artiklar\/fraga-advokaten-javsregler-vad-ar-det-och-vad-innebar-de\/"]}]},{"@type":"ImageObject","inLanguage":"sv-SE","@id":"https:\/\/lightweb.dev\/l\/svm-temp\/artiklar\/fraga-advokaten-javsregler-vad-ar-det-och-vad-innebar-de\/#primaryimage","url":"https:\/\/lightweb.dev\/l\/svm-temp\/wp-content\/uploads\/2022\/04\/frga-advokaten-jvsregler-vad-r-det-och-vad-innebr-de.png","contentUrl":"https:\/\/lightweb.dev\/l\/svm-temp\/wp-content\/uploads\/2022\/04\/frga-advokaten-jvsregler-vad-r-det-och-vad-innebr-de.png","width":280,"height":280},{"@type":"BreadcrumbList","@id":"https:\/\/lightweb.dev\/l\/svm-temp\/artiklar\/fraga-advokaten-javsregler-vad-ar-det-och-vad-innebar-de\/#breadcrumb","itemListElement":[{"@type":"ListItem","position":1,"name":"Hem","item":"https:\/\/lightweb.dev\/l\/svm-temp\/"},{"@type":"ListItem","position":2,"name":"Fr\u00e5ga advokaten: J\u00e4vsregler &#8211; vad \u00e4r det och vad inneb\u00e4r de?"}]},{"@type":"WebSite","@id":"https:\/\/lightweb.dev\/l\/svm-temp\/#website","url":"https:\/\/lightweb.dev\/l\/svm-temp\/","name":"Svenska Magasinet","description":"Dina Spanska nyheter p&aring; Svenska","publisher":{"@id":"https:\/\/lightweb.dev\/l\/svm-temp\/#organization"},"potentialAction":[{"@type":"SearchAction","target":{"@type":"EntryPoint","urlTemplate":"https:\/\/lightweb.dev\/l\/svm-temp\/?s={search_term_string}"},"query-input":{"@type":"PropertyValueSpecification","valueRequired":true,"valueName":"search_term_string"}}],"inLanguage":"sv-SE"},{"@type":"Organization","@id":"https:\/\/lightweb.dev\/l\/svm-temp\/#organization","name":"Melkerson y Nott SL","alternateName":"Svenska Magasinet","url":"https:\/\/lightweb.dev\/l\/svm-temp\/","logo":{"@type":"ImageObject","inLanguage":"sv-SE","@id":"https:\/\/lightweb.dev\/l\/svm-temp\/#\/schema\/logo\/image\/","url":"https:\/\/lightweb.dev\/l\/svm-temp\/wp-content\/uploads\/2025\/02\/SvM-logo-Xtra-Centrerad-SVART.png","contentUrl":"https:\/\/lightweb.dev\/l\/svm-temp\/wp-content\/uploads\/2025\/02\/SvM-logo-Xtra-Centrerad-SVART.png","width":300,"height":99,"caption":"Melkerson y Nott SL"},"image":{"@id":"https:\/\/lightweb.dev\/l\/svm-temp\/#\/schema\/logo\/image\/"},"sameAs":["https:\/\/www.facebook.com\/svenskamagasinet","https:\/\/x.com\/SvenskaMagasine"]},{"@type":"Person","@id":"https:\/\/lightweb.dev\/l\/svm-temp\/#\/schema\/person\/206a3bda5b607b0c25e1749191e4d837","name":"Redaktionen SvM","description":"Redaktionen","sameAs":["https:\/\/lightweb.dev\/l\/svm-temp"],"url":"https:\/\/lightweb.dev\/l\/svm-temp\/reporter\/redaktionen\/"}]}},"_links":{"self":[{"href":"https:\/\/lightweb.dev\/l\/svm-temp\/wp-json\/wp\/v2\/posts\/5231","targetHints":{"allow":["GET"]}}],"collection":[{"href":"https:\/\/lightweb.dev\/l\/svm-temp\/wp-json\/wp\/v2\/posts"}],"about":[{"href":"https:\/\/lightweb.dev\/l\/svm-temp\/wp-json\/wp\/v2\/types\/post"}],"author":[{"embeddable":true,"href":"https:\/\/lightweb.dev\/l\/svm-temp\/wp-json\/wp\/v2\/users\/8"}],"replies":[{"embeddable":true,"href":"https:\/\/lightweb.dev\/l\/svm-temp\/wp-json\/wp\/v2\/comments?post=5231"}],"version-history":[{"count":0,"href":"https:\/\/lightweb.dev\/l\/svm-temp\/wp-json\/wp\/v2\/posts\/5231\/revisions"}],"wp:featuredmedia":[{"embeddable":true,"href":"https:\/\/lightweb.dev\/l\/svm-temp\/wp-json\/wp\/v2\/media\/5232"}],"wp:attachment":[{"href":"https:\/\/lightweb.dev\/l\/svm-temp\/wp-json\/wp\/v2\/media?parent=5231"}],"wp:term":[{"taxonomy":"category","embeddable":true,"href":"https:\/\/lightweb.dev\/l\/svm-temp\/wp-json\/wp\/v2\/categories?post=5231"},{"taxonomy":"post_tag","embeddable":true,"href":"https:\/\/lightweb.dev\/l\/svm-temp\/wp-json\/wp\/v2\/tags?post=5231"}],"curies":[{"name":"wp","href":"https:\/\/api.w.org\/{rel}","templated":true}]}}